{"id":282172,"date":"2022-06-18T05:17:09","date_gmt":"2022-06-18T03:17:09","guid":{"rendered":"https:\/\/www.radiopiu.net\/wordpress\/?p=282172"},"modified":"2022-06-18T05:48:37","modified_gmt":"2022-06-18T03:48:37","slug":"yari-masoch-resta-al-treviso-anche-per-la-prossima-stagione","status":"publish","type":"post","link":"https:\/\/www.radiopiu.net\/wordpress\/yari-masoch-resta-al-treviso-anche-per-la-prossima-stagione\/","title":{"rendered":"YARI MASOCH RESTA AL TREVISO ANCHE PER LA PROSSIMA STAGIONE"},"content":{"rendered":"<p><strong><a class=\"dt-pswp-item\" href=\"https:\/\/www.radiopiu.net\/wordpress\/wp-content\/uploads\/2022\/06\/YARI-MASOCH-TREVISO.png\" data-dt-img-description=\"\" data-large_image_width=\"1334\" data-large_image_height=\"890\"><img loading=\"lazy\" decoding=\"async\" class=\"alignleft wp-image-282176 \" src=\"https:\/\/www.radiopiu.net\/wordpress\/wp-content\/uploads\/2022\/06\/YARI-MASOCH-TREVISO-300x200.png\" alt=\"\" width=\"242\" height=\"161\" srcset=\"https:\/\/www.radiopiu.net\/wordpress\/wp-content\/uploads\/2022\/06\/YARI-MASOCH-TREVISO-300x200.png 300w, https:\/\/www.radiopiu.net\/wordpress\/wp-content\/uploads\/2022\/06\/YARI-MASOCH-TREVISO-1024x683.png 1024w, https:\/\/www.radiopiu.net\/wordpress\/wp-content\/uploads\/2022\/06\/YARI-MASOCH-TREVISO-768x512.png 768w, https:\/\/www.radiopiu.net\/wordpress\/wp-content\/uploads\/2022\/06\/YARI-MASOCH-TREVISO.png 1334w\" sizes=\"auto, (max-width: 242px) 100vw, 242px\" \/><\/a>REDAZIONE<\/strong> Continua l&#8217;avventura di Yari Masoch al Treviso. Il gosaldino sar\u00e0 tra i giocatori biancocelesti anche per la prossima stagione e la firma del contratto \u00e8 arrivata negli ultimi giorni. Masoch era nel mirino di alcune compagini bellunesi ma l&#8217;agordino ha deciso di optare per un&#8217;altra stagione in terra trevigiana. Sar\u00e0 un 2022\/23 con un ritorno al passato perch\u00e8 a raggiungere Masoch al Treviso, come gi\u00e0 detto ieri, ci sar\u00e0 anche Stefano Mosca. I due compagni di avventure calcistiche ritorneranno a condividere i viaggi assieme e gli allenamenti oltre che le partite del campionato Eccellenza.<\/p>\n<p><strong>YARI MASOCH, GIOCATORE DEL TREVISO<\/strong><\/p>\n<audio class=\"wp-audio-shortcode\" id=\"audio-282172-1\" preload=\"none\" style=\"width: 100%;\" controls=\"controls\"><source type=\"audio\/mpeg\" src=\"https:\/\/www.radiopiu.net\/wordpress\/wp-content\/uploads\/2022\/06\/YARI-MASOCH.mp3?_=1\" \/><a href=\"https:\/\/www.radiopiu.net\/wordpress\/wp-content\/uploads\/2022\/06\/YARI-MASOCH.mp3\">https:\/\/www.radiopiu.net\/wordpress\/wp-content\/uploads\/2022\/06\/YARI-MASOCH.mp3<\/a><\/audio>\n<p>&nbsp;<\/p>\n<p>&nbsp;<\/p>\n<p>*****<\/p>\n","protected":false},"excerpt":{"rendered":"<p>REDAZIONE Continua l&#8217;avventura di Yari Masoch al Treviso. Il gosaldino sar\u00e0 tra i giocatori biancocelesti anche per la prossima stagione e la firma del contratto \u00e8 arrivata negli ultimi giorni. Masoch era nel mirino di alcune compagini bellunesi ma l&#8217;agordino ha deciso di optare per un&#8217;altra stagione in terra trevigiana. Sar\u00e0 un 2022\/23 con un&hellip;<\/p>\n","protected":false},"author":4,"featured_media":282176,"comment_status":"closed","ping_status":"closed","sticky":false,"template":"","format":"standard","meta":{"_monsterinsights_skip_tracking":false,"_monsterinsights_sitenote_active":false,"_monsterinsights_sitenote_note":"","_monsterinsights_sitenote_category":0,"footnotes":""},"categories":[104,49],"tags":[],"class_list":["post-282172","post","type-post","status-publish","format-standard","has-post-thumbnail","hentry","category-evidenza_3","category-news-18","category-104","category-49","description-off"],"img_url":"https:\/\/www.radiopiu.net\/wordpress\/wp-content\/uploads\/2022\/06\/YARI-MASOCH-TREVISO.png","_links":{"self":[{"href":"https:\/\/www.radiopiu.net\/wordpress\/wp-json\/wp\/v2\/posts\/282172","targetHints":{"allow":["GET"]}}],"collection":[{"href":"https:\/\/www.radiopiu.net\/wordpress\/wp-json\/wp\/v2\/posts"}],"about":[{"href":"https:\/\/www.radiopiu.net\/wordpress\/wp-json\/wp\/v2\/types\/post"}],"author":[{"embeddable":true,"href":"https:\/\/www.radiopiu.net\/wordpress\/wp-json\/wp\/v2\/users\/4"}],"replies":[{"embeddable":true,"href":"https:\/\/www.radiopiu.net\/wordpress\/wp-json\/wp\/v2\/comments?post=282172"}],"version-history":[{"count":0,"href":"https:\/\/www.radiopiu.net\/wordpress\/wp-json\/wp\/v2\/posts\/282172\/revisions"}],"wp:featuredmedia":[{"embeddable":true,"href":"https:\/\/www.radiopiu.net\/wordpress\/wp-json\/wp\/v2\/media\/282176"}],"wp:attachment":[{"href":"https:\/\/www.radiopiu.net\/wordpress\/wp-json\/wp\/v2\/media?parent=282172"}],"wp:term":[{"taxonomy":"category","embeddable":true,"href":"https:\/\/www.radiopiu.net\/wordpress\/wp-json\/wp\/v2\/categories?post=282172"},{"taxonomy":"post_tag","embeddable":true,"href":"https:\/\/www.radiopiu.net\/wordpress\/wp-json\/wp\/v2\/tags?post=282172"}],"curies":[{"name":"wp","href":"https:\/\/api.w.org\/{rel}","templated":true}]}}