{"id":282189,"date":"2022-06-18T05:16:04","date_gmt":"2022-06-18T03:16:04","guid":{"rendered":"https:\/\/www.radiopiu.net\/wordpress\/?p=282189"},"modified":"2022-06-18T05:49:08","modified_gmt":"2022-06-18T03:49:08","slug":"la-presentazione-del-libro-di-enrico-stalliviere-la-diretta","status":"publish","type":"post","link":"https:\/\/www.radiopiu.net\/wordpress\/la-presentazione-del-libro-di-enrico-stalliviere-la-diretta\/","title":{"rendered":"LA PRESENTAZIONE DEL LIBRO DI ENRICO STALLIVIERE &#8211; LA DIRETTA"},"content":{"rendered":"<p><strong class=\"photoswipe-wrapper\">AGORDO<\/strong>\u00a0 Quelle che Enrico Stalliviere racconter\u00e0 in sala \u201cdon Tamis\u201d in via 27 aprile ad Agordo, saranno storie di caregh\u00e9te, racconti di un tempo lontano che ora possiamo solo leggere sui libri perch\u00e9 sono sempre meno i protagonisti che le hanno vissute. Figlio di un caregh\u00e9ta di Gosaldo, Augusto detto Gusti e lui stesso garzone al seguito del padre, di storie e aneddoti su quel mestiere cos\u00ec particolare ne ha sentite tante, e tante ne ha scritte.<\/p>\n<p><strong>LA DIRETTA RADIO PIU&#8217; <a href=\"https:\/\/www.facebook.com\/marco.baghy.1\/videos\/1009575356594643\">CLICCA QUI<\/a><\/strong><\/p>\n","protected":false},"excerpt":{"rendered":"<p>AGORDO\u00a0 Quelle che Enrico Stalliviere racconter\u00e0 in sala \u201cdon Tamis\u201d in via 27 aprile ad Agordo, saranno storie di caregh\u00e9te, racconti di un tempo lontano che ora possiamo solo leggere sui libri perch\u00e9 sono sempre meno i protagonisti che le hanno vissute. Figlio di un caregh\u00e9ta di Gosaldo, Augusto detto Gusti e lui stesso garzone&hellip;<\/p>\n","protected":false},"author":4,"featured_media":281722,"comment_status":"closed","ping_status":"closed","sticky":false,"template":"","format":"standard","meta":{"_monsterinsights_skip_tracking":false,"_monsterinsights_sitenote_active":false,"_monsterinsights_sitenote_note":"","_monsterinsights_sitenote_category":0,"footnotes":""},"categories":[104,49],"tags":[],"class_list":["post-282189","post","type-post","status-publish","format-standard","has-post-thumbnail","hentry","category-evidenza_3","category-news-18","category-104","category-49","description-off"],"img_url":"https:\/\/www.radiopiu.net\/wordpress\/wp-content\/uploads\/2022\/06\/imbagina.jpg","_links":{"self":[{"href":"https:\/\/www.radiopiu.net\/wordpress\/wp-json\/wp\/v2\/posts\/282189","targetHints":{"allow":["GET"]}}],"collection":[{"href":"https:\/\/www.radiopiu.net\/wordpress\/wp-json\/wp\/v2\/posts"}],"about":[{"href":"https:\/\/www.radiopiu.net\/wordpress\/wp-json\/wp\/v2\/types\/post"}],"author":[{"embeddable":true,"href":"https:\/\/www.radiopiu.net\/wordpress\/wp-json\/wp\/v2\/users\/4"}],"replies":[{"embeddable":true,"href":"https:\/\/www.radiopiu.net\/wordpress\/wp-json\/wp\/v2\/comments?post=282189"}],"version-history":[{"count":0,"href":"https:\/\/www.radiopiu.net\/wordpress\/wp-json\/wp\/v2\/posts\/282189\/revisions"}],"wp:featuredmedia":[{"embeddable":true,"href":"https:\/\/www.radiopiu.net\/wordpress\/wp-json\/wp\/v2\/media\/281722"}],"wp:attachment":[{"href":"https:\/\/www.radiopiu.net\/wordpress\/wp-json\/wp\/v2\/media?parent=282189"}],"wp:term":[{"taxonomy":"category","embeddable":true,"href":"https:\/\/www.radiopiu.net\/wordpress\/wp-json\/wp\/v2\/categories?post=282189"},{"taxonomy":"post_tag","embeddable":true,"href":"https:\/\/www.radiopiu.net\/wordpress\/wp-json\/wp\/v2\/tags?post=282189"}],"curies":[{"name":"wp","href":"https:\/\/api.w.org\/{rel}","templated":true}]}}