{"id":282320,"date":"2022-06-18T13:24:18","date_gmt":"2022-06-18T11:24:18","guid":{"rendered":"https:\/\/www.radiopiu.net\/wordpress\/?p=282320"},"modified":"2022-06-18T13:24:18","modified_gmt":"2022-06-18T11:24:18","slug":"inauguarto-il-nuovo-piazzale-della-stazione-di-ponte-nelle-alpi","status":"publish","type":"post","link":"https:\/\/www.radiopiu.net\/wordpress\/inauguarto-il-nuovo-piazzale-della-stazione-di-ponte-nelle-alpi\/","title":{"rendered":"INAUGUARTO IL NUOVO PIAZZALE DELLA STAZIONE DI PONTE NELLE ALPI"},"content":{"rendered":"<p><strong>PONTE NELLE ALPI <\/strong><span style=\"font-family: 'Helvetica',sans-serif; color: black;\">\u00c8 arrivato il primo &#8220;Trenobus delle Dolomiti&#8221; della stagione estiva. Ma \u00e8 arrivato anche, e soprattutto, il nuovo piazzale della stazione di Ponte nelle Alpi.<span class=\"gmail-apple-converted-space\">\u00a0<\/span><\/span><span style=\"font-family: 'Helvetica',sans-serif; color: black;\">Tra l\u2019adeguamento dei marciapiedi, l\u2019installazione di ascensori e pensiline, il restyling del sottopasso, il miglioramento della viabilit\u00e0 stradale (in accordo con Comune e Provincia) e la riconversione dell\u2019ex area scalo merci, la stazione si presenta ora in una veste rinnovata. E stamattina, alla presenza delle istituzioni (dal Governo con l\u2019onorevole Roger De Menech, alla Regione Veneto con la consigliera Silvia Cestaro, passando per la Provincia con il presidente Roberto Padrin, fino ai Comuni di Ponte, Val di Zoldo, Soverzene e Alpago, senza considerare il saluto del neo sindaco di Belluno, Oscar De Pellegrin), \u00e8 andata in scena la cerimonia d\u2019inaugurazione, scandita dal taglio del nastro.<span class=\"gmail-apple-converted-space\">\u00a0<\/span><\/span><span style=\"font-family: 'Helvetica',sans-serif; color: black;\">\u00ab<em>\u00c8 stato fondamentale il gioco di squadra &#8211; afferma il sindaco Paolo Vendramini &#8211; oltre alla programmazione fra Comuni, Regione, Provincia e RFI. Grazie a questo intervento andiamo verso il futuro, perch\u00e9 ci stiamo concentrando su un principio di mobilit\u00e0 sostenibile<\/em>\u00bb.<span class=\"gmail-apple-converted-space\">\u00a0<\/span><\/span><span style=\"font-family: 'Helvetica',sans-serif; color: black;\">Un traguardo di rilievo in un momento particolare: \u00ab<em>\u00c8 un regalo che facciamo alla stazione ferroviaria per i suoi 110 anni di vita. Una stazione che \u00e8 nel cuore di tutti i pontalpini e ha una storia importante: basti pensare che, nel 1964, \u00e8 stata la location del film \u201cIl colonnello Von Ryan\u201d (Von Ryan&#8217;s Express) con Frank Sinatra e Raffaella Carr\u00e0<\/em>\u00bb.<span class=\"gmail-apple-converted-space\">\u00a0<\/span><\/span><span style=\"font-family: 'Helvetica',sans-serif; color: black;\">L\u2019investimento per realizzare i lavori, eseguiti dalla ditta IM.A.F. Srl, supera i 500mila euro: \u00ab<em>Grazie alle istituzioni &#8211; conclude Vendramini &#8211; ma anche alle associazioni. Come la Fiab (Federazione italiana ambiente e biciclette) che offre sempre preziosi aiuti e gli spunti per cogliere al volo le occasioni. A questo proposito, insieme ai Comuni di Soverzene, di Alpago, Chies e Tambre, stiamo realizzando una nuova possibilit\u00e0 di ciclabile, attraverso un bando di 5 milioni di euro<\/em>\u00bb.<span class=\"gmail-apple-converted-space\">\u00a0<\/span><\/span><\/p>\n\n\t\t\t<style type='text\/css'>\n\t\t\t\t#gallery-1 {\n\t\t\t\t\tmargin: auto;\n\t\t\t\t}\n\t\t\t\t#gallery-1 .gallery-item {\n\t\t\t\t\tfloat: left;\n\t\t\t\t\tmargin-top: 10px;\n\t\t\t\t\ttext-align: center;\n\t\t\t\t\twidth: 50%;\n\t\t\t\t}\n\t\t\t\t#gallery-1 img {\n\t\t\t\t\tborder: 2px solid #cfcfcf;\n\t\t\t\t}\n\t\t\t\t#gallery-1 .gallery-caption {\n\t\t\t\t\tmargin-left: 0;\n\t\t\t\t}\n\t\t\t\t\/* see gallery_shortcode() in wp-includes\/media.php *\/\n\t\t\t<\/style>\n\t\t<div id='gallery-1' class='dt-gallery-container gallery galleryid-282320 gallery-columns-2 gallery-size-medium'><dl class='gallery-item'>\n\t\t\t\t<dt class='gallery-icon landscape'>\n\t\t\t\t\t<a class=\"rollover rollover-zoom dt-pswp-item\" title=\"Taglio_del_nastro\" data-dt-img-description=\"\" data-large_image_width=\"2560\" data-large_image_height=\"1618\"href='https:\/\/www.radiopiu.net\/wordpress\/wp-content\/uploads\/2022\/06\/Taglio_del_nastro-scaled.jpg'><img loading=\"lazy\" decoding=\"async\" width=\"300\" height=\"190\" src=\"https:\/\/www.radiopiu.net\/wordpress\/wp-content\/uploads\/2022\/06\/Taglio_del_nastro-300x190.jpg\" class=\"attachment-medium size-medium\" alt=\"\" srcset=\"https:\/\/www.radiopiu.net\/wordpress\/wp-content\/uploads\/2022\/06\/Taglio_del_nastro-300x190.jpg 300w, https:\/\/www.radiopiu.net\/wordpress\/wp-content\/uploads\/2022\/06\/Taglio_del_nastro-1024x647.jpg 1024w, https:\/\/www.radiopiu.net\/wordpress\/wp-content\/uploads\/2022\/06\/Taglio_del_nastro-768x485.jpg 768w, https:\/\/www.radiopiu.net\/wordpress\/wp-content\/uploads\/2022\/06\/Taglio_del_nastro-1536x971.jpg 1536w, https:\/\/www.radiopiu.net\/wordpress\/wp-content\/uploads\/2022\/06\/Taglio_del_nastro-2048x1294.jpg 2048w\" sizes=\"auto, (max-width: 300px) 100vw, 300px\" \/><\/a>\n\t\t\t\t<\/dt><\/dl><dl class='gallery-item'>\n\t\t\t\t<dt class='gallery-icon landscape'>\n\t\t\t\t\t<a class=\"rollover rollover-zoom dt-pswp-item\" title=\"Piazzale_della_stazione\" data-dt-img-description=\"\" data-large_image_width=\"2560\" data-large_image_height=\"1363\"href='https:\/\/www.radiopiu.net\/wordpress\/wp-content\/uploads\/2022\/06\/Piazzale_della_stazione-scaled.jpg'><img loading=\"lazy\" decoding=\"async\" width=\"300\" height=\"160\" src=\"https:\/\/www.radiopiu.net\/wordpress\/wp-content\/uploads\/2022\/06\/Piazzale_della_stazione-300x160.jpg\" class=\"attachment-medium size-medium\" alt=\"\" srcset=\"https:\/\/www.radiopiu.net\/wordpress\/wp-content\/uploads\/2022\/06\/Piazzale_della_stazione-300x160.jpg 300w, https:\/\/www.radiopiu.net\/wordpress\/wp-content\/uploads\/2022\/06\/Piazzale_della_stazione-1024x545.jpg 1024w, https:\/\/www.radiopiu.net\/wordpress\/wp-content\/uploads\/2022\/06\/Piazzale_della_stazione-768x409.jpg 768w, https:\/\/www.radiopiu.net\/wordpress\/wp-content\/uploads\/2022\/06\/Piazzale_della_stazione-1536x818.jpg 1536w, https:\/\/www.radiopiu.net\/wordpress\/wp-content\/uploads\/2022\/06\/Piazzale_della_stazione-2048x1090.jpg 2048w\" sizes=\"auto, (max-width: 300px) 100vw, 300px\" \/><\/a>\n\t\t\t\t<\/dt><\/dl><br style=\"clear: both\" \/>\n\t\t\t<\/div>\n\n<p>&nbsp;<\/p>\n<p>&nbsp;<\/p>\n<p>*****<\/p>\n","protected":false},"excerpt":{"rendered":"<p>PONTE NELLE ALPI \u00c8 arrivato il primo &#8220;Trenobus delle Dolomiti&#8221; della stagione estiva. Ma \u00e8 arrivato anche, e soprattutto, il nuovo piazzale della stazione di Ponte nelle Alpi.\u00a0Tra l\u2019adeguamento dei marciapiedi, l\u2019installazione di ascensori e pensiline, il restyling del sottopasso, il miglioramento della viabilit\u00e0 stradale (in accordo con Comune e Provincia) e la riconversione dell\u2019ex&hellip;<\/p>\n","protected":false},"author":4,"featured_media":282321,"comment_status":"closed","ping_status":"closed","sticky":false,"template":"","format":"standard","meta":{"_monsterinsights_skip_tracking":false,"_monsterinsights_sitenote_active":false,"_monsterinsights_sitenote_note":"","_monsterinsights_sitenote_category":0,"footnotes":""},"categories":[49],"tags":[],"class_list":["post-282320","post","type-post","status-publish","format-standard","has-post-thumbnail","hentry","category-news-18","category-49","description-off"],"img_url":"https:\/\/www.radiopiu.net\/wordpress\/wp-content\/uploads\/2022\/06\/Taglio_del_nastro-scaled.jpg","_links":{"self":[{"href":"https:\/\/www.radiopiu.net\/wordpress\/wp-json\/wp\/v2\/posts\/282320","targetHints":{"allow":["GET"]}}],"collection":[{"href":"https:\/\/www.radiopiu.net\/wordpress\/wp-json\/wp\/v2\/posts"}],"about":[{"href":"https:\/\/www.radiopiu.net\/wordpress\/wp-json\/wp\/v2\/types\/post"}],"author":[{"embeddable":true,"href":"https:\/\/www.radiopiu.net\/wordpress\/wp-json\/wp\/v2\/users\/4"}],"replies":[{"embeddable":true,"href":"https:\/\/www.radiopiu.net\/wordpress\/wp-json\/wp\/v2\/comments?post=282320"}],"version-history":[{"count":0,"href":"https:\/\/www.radiopiu.net\/wordpress\/wp-json\/wp\/v2\/posts\/282320\/revisions"}],"wp:featuredmedia":[{"embeddable":true,"href":"https:\/\/www.radiopiu.net\/wordpress\/wp-json\/wp\/v2\/media\/282321"}],"wp:attachment":[{"href":"https:\/\/www.radiopiu.net\/wordpress\/wp-json\/wp\/v2\/media?parent=282320"}],"wp:term":[{"taxonomy":"category","embeddable":true,"href":"https:\/\/www.radiopiu.net\/wordpress\/wp-json\/wp\/v2\/categories?post=282320"},{"taxonomy":"post_tag","embeddable":true,"href":"https:\/\/www.radiopiu.net\/wordpress\/wp-json\/wp\/v2\/tags?post=282320"}],"curies":[{"name":"wp","href":"https:\/\/api.w.org\/{rel}","templated":true}]}}