{"id":282384,"date":"2022-06-18T17:19:55","date_gmt":"2022-06-18T15:19:55","guid":{"rendered":"https:\/\/www.radiopiu.net\/wordpress\/?p=282384"},"modified":"2022-06-18T17:19:55","modified_gmt":"2022-06-18T15:19:55","slug":"venerdi-la-presentazione-del-nuovo-libro-di-giorgio-fontanive","status":"publish","type":"post","link":"https:\/\/www.radiopiu.net\/wordpress\/venerdi-la-presentazione-del-nuovo-libro-di-giorgio-fontanive\/","title":{"rendered":"VENERDI&#8217; LA PRESENTAZIONE DEL NUOVO LIBRO DI GIORGIO FONTANIVE"},"content":{"rendered":"<p><strong><a class=\"dt-pswp-item\" href=\"https:\/\/www.radiopiu.net\/wordpress\/wp-content\/uploads\/2022\/06\/locandina-Taibon-24-giugno-22-scaled.jpg\" data-dt-img-description=\"\" data-large_image_width=\"1793\" data-large_image_height=\"2560\"><img loading=\"lazy\" decoding=\"async\" class=\"alignleft wp-image-282389 \" src=\"https:\/\/www.radiopiu.net\/wordpress\/wp-content\/uploads\/2022\/06\/locandina-Taibon-24-giugno-22-210x300.jpg\" alt=\"\" width=\"113\" height=\"161\" srcset=\"https:\/\/www.radiopiu.net\/wordpress\/wp-content\/uploads\/2022\/06\/locandina-Taibon-24-giugno-22-210x300.jpg 210w, https:\/\/www.radiopiu.net\/wordpress\/wp-content\/uploads\/2022\/06\/locandina-Taibon-24-giugno-22-717x1024.jpg 717w, https:\/\/www.radiopiu.net\/wordpress\/wp-content\/uploads\/2022\/06\/locandina-Taibon-24-giugno-22-768x1096.jpg 768w, https:\/\/www.radiopiu.net\/wordpress\/wp-content\/uploads\/2022\/06\/locandina-Taibon-24-giugno-22-1076x1536.jpg 1076w, https:\/\/www.radiopiu.net\/wordpress\/wp-content\/uploads\/2022\/06\/locandina-Taibon-24-giugno-22-1435x2048.jpg 1435w, https:\/\/www.radiopiu.net\/wordpress\/wp-content\/uploads\/2022\/06\/locandina-Taibon-24-giugno-22-scaled.jpg 1793w\" sizes=\"auto, (max-width: 113px) 100vw, 113px\" \/><\/a> <\/strong><\/p>\n<p><strong>\u00a0<\/strong><\/p>\n<p><strong>TAIBON<\/strong> Verr\u00e0 presentato venerd\u00ec prossimo alle 17:30 nella sala del vecchio municipio di Taibon il nuovo libro di Giorgio Fontanive. &#8220;Notizie sulle opere di guerra. Forte di P\u00e8den e mulattiera militare, Z\u00e9i de Forca &#8211; C\u00f2l dai R\u00f3nch&#8221; \u00e8 il titolo dell&#8217;opera. Con la collaborazione del Gruppo Pi\u00f3dech Taibon, la Pro Loco e il Comune di Taibon Agordino.<\/p>\n<p>&nbsp;<\/p>\n<p>&nbsp;<\/p>\n<p>&nbsp;<\/p>\n<p>&nbsp;<\/p>\n<p>*****<\/p>\n<p>&nbsp;<\/p>\n","protected":false},"excerpt":{"rendered":"<p>\u00a0 TAIBON Verr\u00e0 presentato venerd\u00ec prossimo alle 17:30 nella sala del vecchio municipio di Taibon il nuovo libro di Giorgio Fontanive. &#8220;Notizie sulle opere di guerra. Forte di P\u00e8den e mulattiera militare, Z\u00e9i de Forca &#8211; C\u00f2l dai R\u00f3nch&#8221; \u00e8 il titolo dell&#8217;opera. Con la collaborazione del Gruppo Pi\u00f3dech Taibon, la Pro Loco e il&hellip;<\/p>\n","protected":false},"author":4,"featured_media":282390,"comment_status":"closed","ping_status":"closed","sticky":false,"template":"","format":"standard","meta":{"_monsterinsights_skip_tracking":false,"_monsterinsights_sitenote_active":false,"_monsterinsights_sitenote_note":"","_monsterinsights_sitenote_category":0,"footnotes":""},"categories":[49],"tags":[],"class_list":["post-282384","post","type-post","status-publish","format-standard","has-post-thumbnail","hentry","category-news-18","category-49","description-off"],"img_url":"https:\/\/www.radiopiu.net\/wordpress\/wp-content\/uploads\/2022\/06\/Schermata-2022-06-18-alle-17.17.40.png","_links":{"self":[{"href":"https:\/\/www.radiopiu.net\/wordpress\/wp-json\/wp\/v2\/posts\/282384","targetHints":{"allow":["GET"]}}],"collection":[{"href":"https:\/\/www.radiopiu.net\/wordpress\/wp-json\/wp\/v2\/posts"}],"about":[{"href":"https:\/\/www.radiopiu.net\/wordpress\/wp-json\/wp\/v2\/types\/post"}],"author":[{"embeddable":true,"href":"https:\/\/www.radiopiu.net\/wordpress\/wp-json\/wp\/v2\/users\/4"}],"replies":[{"embeddable":true,"href":"https:\/\/www.radiopiu.net\/wordpress\/wp-json\/wp\/v2\/comments?post=282384"}],"version-history":[{"count":0,"href":"https:\/\/www.radiopiu.net\/wordpress\/wp-json\/wp\/v2\/posts\/282384\/revisions"}],"wp:featuredmedia":[{"embeddable":true,"href":"https:\/\/www.radiopiu.net\/wordpress\/wp-json\/wp\/v2\/media\/282390"}],"wp:attachment":[{"href":"https:\/\/www.radiopiu.net\/wordpress\/wp-json\/wp\/v2\/media?parent=282384"}],"wp:term":[{"taxonomy":"category","embeddable":true,"href":"https:\/\/www.radiopiu.net\/wordpress\/wp-json\/wp\/v2\/categories?post=282384"},{"taxonomy":"post_tag","embeddable":true,"href":"https:\/\/www.radiopiu.net\/wordpress\/wp-json\/wp\/v2\/tags?post=282384"}],"curies":[{"name":"wp","href":"https:\/\/api.w.org\/{rel}","templated":true}]}}