{"id":282411,"date":"2022-06-20T05:32:25","date_gmt":"2022-06-20T03:32:25","guid":{"rendered":"https:\/\/www.radiopiu.net\/wordpress\/?p=282411"},"modified":"2022-06-20T05:37:30","modified_gmt":"2022-06-20T03:37:30","slug":"rimborso-dei-centri-estivi-per-i-dipendenti-luxottica-parla-luigi-dellatti-filctem-cgil","status":"publish","type":"post","link":"https:\/\/www.radiopiu.net\/wordpress\/rimborso-dei-centri-estivi-per-i-dipendenti-luxottica-parla-luigi-dellatti-filctem-cgil\/","title":{"rendered":"RIMBORSO DEI CENTRI ESTIVI PER I DIPENDENTI LUXOTTICA. PARLA LUIGI DELL&#8217;ATTI, FILCTEM CGIL"},"content":{"rendered":"<p><strong><a class=\"dt-pswp-item\" href=\"https:\/\/www.radiopiu.net\/wordpress\/wp-content\/uploads\/2022\/06\/LUIGI-DELLATTI-2022-1.jpg\" data-dt-img-description=\"\" data-large_image_width=\"1024\" data-large_image_height=\"768\"><img loading=\"lazy\" decoding=\"async\" class=\"size-thumbnail wp-image-282412 alignleft\" src=\"https:\/\/www.radiopiu.net\/wordpress\/wp-content\/uploads\/2022\/06\/LUIGI-DELLATTI-2022-1-150x150.jpg\" alt=\"\" width=\"150\" height=\"150\" \/><\/a>AGORDO<\/strong> Una vera conquista sindacale. La si pu\u00f2 definire cos\u00ec l&#8217;ultima novit\u00e0 per i dipendenti degli stabilimenti Luxottica italiani. CGIL, CISL e UIL hanno annunciato venerd\u00ec scorso di aver raggiunto l&#8217;accordo con l&#8217;azienda per venire in contro ai dipendenti sulle spese dei centri estivi per i bambini dai 3 agli 8 anni. L\u2019importo per il 2022, in quanto aggiuntivo all\u2019iniziativa del Summer Camp, sara\u0300 di 250 euro a figlio dal 1\u00b0 livello al 4\u00b0S e di 150 euro a figlio per i livelli dal 5\u00b0 al 6\u00b0. Nei prossimi giorni l&#8217;azienda comunicher\u00e0 tramite i suoi canali le modalit\u00e0 di richiesta.<\/p>\n<p><strong>LUIGI DELL&#8217;ATTI, FILCTEM CGIL LUXOTTICA DI AGORDO<\/strong><\/p>\n<audio class=\"wp-audio-shortcode\" id=\"audio-282411-1\" preload=\"none\" style=\"width: 100%;\" controls=\"controls\"><source type=\"audio\/mpeg\" src=\"https:\/\/www.radiopiu.net\/wordpress\/wp-content\/uploads\/2022\/06\/LUIGI-DELLATTI-CENTRI-ESTIVI.mp3?_=1\" \/><a href=\"https:\/\/www.radiopiu.net\/wordpress\/wp-content\/uploads\/2022\/06\/LUIGI-DELLATTI-CENTRI-ESTIVI.mp3\">https:\/\/www.radiopiu.net\/wordpress\/wp-content\/uploads\/2022\/06\/LUIGI-DELLATTI-CENTRI-ESTIVI.mp3<\/a><\/audio>\n<p>&nbsp;<\/p>\n<p>&nbsp;<\/p>\n<p>*****<\/p>\n","protected":false},"excerpt":{"rendered":"<p>AGORDO Una vera conquista sindacale. La si pu\u00f2 definire cos\u00ec l&#8217;ultima novit\u00e0 per i dipendenti degli stabilimenti Luxottica italiani. CGIL, CISL e UIL hanno annunciato venerd\u00ec scorso di aver raggiunto l&#8217;accordo con l&#8217;azienda per venire in contro ai dipendenti sulle spese dei centri estivi per i bambini dai 3 agli 8 anni. L\u2019importo per il&hellip;<\/p>\n","protected":false},"author":4,"featured_media":282412,"comment_status":"closed","ping_status":"closed","sticky":false,"template":"","format":"standard","meta":{"_monsterinsights_skip_tracking":false,"_monsterinsights_sitenote_active":false,"_monsterinsights_sitenote_note":"","_monsterinsights_sitenote_category":0,"footnotes":""},"categories":[51,49],"tags":[],"class_list":["post-282411","post","type-post","status-publish","format-standard","has-post-thumbnail","hentry","category-evidenza-top","category-news-18","category-51","category-49","description-off"],"img_url":"https:\/\/www.radiopiu.net\/wordpress\/wp-content\/uploads\/2022\/06\/LUIGI-DELLATTI-2022-1.jpg","_links":{"self":[{"href":"https:\/\/www.radiopiu.net\/wordpress\/wp-json\/wp\/v2\/posts\/282411","targetHints":{"allow":["GET"]}}],"collection":[{"href":"https:\/\/www.radiopiu.net\/wordpress\/wp-json\/wp\/v2\/posts"}],"about":[{"href":"https:\/\/www.radiopiu.net\/wordpress\/wp-json\/wp\/v2\/types\/post"}],"author":[{"embeddable":true,"href":"https:\/\/www.radiopiu.net\/wordpress\/wp-json\/wp\/v2\/users\/4"}],"replies":[{"embeddable":true,"href":"https:\/\/www.radiopiu.net\/wordpress\/wp-json\/wp\/v2\/comments?post=282411"}],"version-history":[{"count":0,"href":"https:\/\/www.radiopiu.net\/wordpress\/wp-json\/wp\/v2\/posts\/282411\/revisions"}],"wp:featuredmedia":[{"embeddable":true,"href":"https:\/\/www.radiopiu.net\/wordpress\/wp-json\/wp\/v2\/media\/282412"}],"wp:attachment":[{"href":"https:\/\/www.radiopiu.net\/wordpress\/wp-json\/wp\/v2\/media?parent=282411"}],"wp:term":[{"taxonomy":"category","embeddable":true,"href":"https:\/\/www.radiopiu.net\/wordpress\/wp-json\/wp\/v2\/categories?post=282411"},{"taxonomy":"post_tag","embeddable":true,"href":"https:\/\/www.radiopiu.net\/wordpress\/wp-json\/wp\/v2\/tags?post=282411"}],"curies":[{"name":"wp","href":"https:\/\/api.w.org\/{rel}","templated":true}]}}