{"id":282417,"date":"2022-06-20T13:30:31","date_gmt":"2022-06-20T11:30:31","guid":{"rendered":"https:\/\/www.radiopiu.net\/wordpress\/?p=282417"},"modified":"2022-06-19T10:31:04","modified_gmt":"2022-06-19T08:31:04","slug":"i-racconti-di-paolo-soppelsa-puntata-131","status":"publish","type":"post","link":"https:\/\/www.radiopiu.net\/wordpress\/i-racconti-di-paolo-soppelsa-puntata-131\/","title":{"rendered":"I RACCONTI DI PAOLO SOPPELSA &#8211; PUNTATA 131"},"content":{"rendered":"<p><strong>LA CAMPANA DI GHISEL<\/strong><\/p>\n<p><em><strong>AUDIO<\/strong><\/em><\/p>\n<audio class=\"wp-audio-shortcode\" id=\"audio-282417-1\" preload=\"none\" style=\"width: 100%;\" controls=\"controls\"><source type=\"audio\/mpeg\" src=\"https:\/\/www.radiopiu.net\/wordpress\/wp-content\/uploads\/2022\/06\/PAOLO-SOPPELSA-LA-CAMPANA-DI-GHISEL.mp3?_=1\" \/><a href=\"https:\/\/www.radiopiu.net\/wordpress\/wp-content\/uploads\/2022\/06\/PAOLO-SOPPELSA-LA-CAMPANA-DI-GHISEL.mp3\">https:\/\/www.radiopiu.net\/wordpress\/wp-content\/uploads\/2022\/06\/PAOLO-SOPPELSA-LA-CAMPANA-DI-GHISEL.mp3<\/a><\/audio>\n<p>&nbsp;<\/p>\n<p><a class=\"dt-pswp-item\" href=\"https:\/\/www.radiopiu.net\/wordpress\/wp-content\/uploads\/2022\/06\/3915b673-da43-4f80-9009-c421b3b1cddf.jpg\" data-dt-img-description=\"\" data-large_image_width=\"1080\" data-large_image_height=\"609\"><img loading=\"lazy\" decoding=\"async\" class=\"size-thumbnail wp-image-282419 alignleft\" src=\"https:\/\/www.radiopiu.net\/wordpress\/wp-content\/uploads\/2022\/06\/3915b673-da43-4f80-9009-c421b3b1cddf-150x150.jpg\" alt=\"\" width=\"150\" height=\"150\" \/><\/a>C&#8217;era un caldo di quasi estate quel pomeriggio in cui ho percorso la nuova strada forestale che conduce a Ghisel e che termina nei pressi della fontana. Nonostante la siccit\u00e0, l&#8217;acqua della &#8220;brenta&#8221; cantava con voce potente; chiss\u00e0 da quale fonte misteriosa, nascosta nel ventre del Pelsa, sgorgava quell&#8217;acqua cos\u00ec limpida e fresca e perfino intonata, mi chiedevo. Dopo essermi abbondantemente dissetato ho raggiunto le case; non c&#8217;era nessuno all&#8217;Oasi Papa Luciani, cos\u00ec mi \u00e8 sembrato bello infilare la mano nel buco presente nel fianco del piccolo campanile di legno; ho stretto la corda fra le dita e ho iniziato a tirare fin quando la campana ha preso vita. Erano gioiosi i suoi rintocchi, ha un bel timbro la campana di Ghisel; sembrava felice di far sentire la sua voce argentina che in quegli istanti stava riaccendendo la vita in quel borgo silente. Poi l&#8217;ho lasciata andare per inerzia e mi sono recato al margine di quel prato inclinato che un tempo era suddiviso in &#8220;ciamp de tera fina, bona par le patate&#8221;. Mi sono appoggiato ad un frassino che avr\u00e0 la mia et\u00e0; era piccolo quando, da bambino, sbinocolavo dai Mos&#8217;ce per tentare di carpire i segreti di Ghisel. Ora mi trovavo all&#8217;ombra dei suoi rami; siamo cresciuti entrambi nel frattempo, pensavo mentre ammiravo le foglie colorate di un verde brillante. Anche quel pomeriggio avevo portato con me il binocolo, ed \u00e8 stato un osservare al contrario il mio piccolo mondo. In quel momento mi trovavo dentro ad uno dei miei sogni di bambino; quanto avrei desiderato, allora, fare un giro a Ghisel. Visitare le misteriose case e magari arrivare fino a lambire il r\u00f9 omonimo, il mio compagno di tante notti vissute di fronte al Pelsa. Ma a Ghisel nessuno mi ci ha mai portato, &#8220;&#8230;via l\u00e0 no le p\u00ec nia\u2026&#8221;, dicevano; e a me spiaceva che aldil\u00e0 della valle apparentemente non ci fosse alcun vivere. Poi la vita corre, i sogni cambiano e poi un giorno ritornano; a Ghisel, finalmente, ci potevo andare da solo, e diverse volte ci sono andato. L&#8217;ultima \u00e8 stata proprio quel pomeriggio in cui c&#8217;era il caldo dell&#8217;estate ed io ero l\u00ec a cercare un sentiero che poi ho trovato e percorso. Ho seguito un&#8217;esile traccia che mi ha portato a scoprire altre radure nascoste che un tempo erano campi coltivati. E poi muri a secco e, man mano che avanzavo, una natura sempre pi\u00f9 primordiale. Al termine della traccia, nei pressi della &#8220;Val de Confin, ho incontrato il R\u00f9 da Ghisel; \u00e8 stato emozionante ascoltare la sua voce, che poi \u00e8 la voce del Pelsa, da cos\u00ec vicino. E poi rinfrescarsi con la sua fredda acqua che, poco pi\u00f9 in basso, sarebbe precipitata a valle formando la cascata il cui canto ha accompagnato tante mie notti montane. Poco pi\u00f9 tardi ero nuovamente all&#8217;ombra del grande frassino ad osservare ancora una volta l&#8217;aldil\u00e0 della valle. Attraverso le lenti del binocolo che fu di mia nonna, ho rivisto quel mondo, quella vita che scorreva a mezza costa aldil\u00e0 del Cordevole; c&#8217;era tutto, l&#8217;orto, le &#8220;pite&#8221; e il tabi\u00e0, &#8220;ma nono che spachea su legne e ma nona che batea la faoz&#8221;; e c&#8217;ero pure io, che correvo e saltavo dai muri di sassi e che guardavo l&#8217;escavatore che stava costruendo &#8220;la strada de sot&#8221;. Era un vivere semplice e bello, con le parole in dialetto che si mescolavano con il profumo del fieno. Erano giorni che sono diventati ricordi che sempre ritornano quando i tarassaci colorano i prati. Poi ho messo via il binocolo e sono ritornato al campanile di legno; ho ripreso in mano la corda della campana ed ho iniziato a tirare, ma questa volta con meno forza. La campana suonava ad un ritmo pi\u00f9 lento mentre il sole accarezzava la cima di Pape. Poi, mentre i rintocchi sfumavano, ho chiuso gli occhi e ho cantato piano dei versi importanti, scritti esattamente cinquant&#8217;anni fa da Francesco Guccini; &#8220;La casa sul confine dei ricordi, La stessa sempre, come tu la sai, E tu ricerchi l\u00e0 le tue radici, Se vuoi capire l&#8217;anima che hai.&#8221; Magiche Dolomiti!!<\/p>\n<p>&nbsp;<\/p>\n<p>&nbsp;<\/p>\n<p>*****<\/p>\n","protected":false},"excerpt":{"rendered":"<p>LA CAMPANA DI GHISEL AUDIO &nbsp; C&#8217;era un caldo di quasi estate quel pomeriggio in cui ho percorso la nuova strada forestale che conduce a Ghisel e che termina nei pressi della fontana. Nonostante la siccit\u00e0, l&#8217;acqua della &#8220;brenta&#8221; cantava con voce potente; chiss\u00e0 da quale fonte misteriosa, nascosta nel ventre del Pelsa, sgorgava quell&#8217;acqua&hellip;<\/p>\n","protected":false},"author":4,"featured_media":282419,"comment_status":"closed","ping_status":"closed","sticky":false,"template":"","format":"standard","meta":{"_monsterinsights_skip_tracking":false,"_monsterinsights_sitenote_active":false,"_monsterinsights_sitenote_note":"","_monsterinsights_sitenote_category":0,"footnotes":""},"categories":[49,112],"tags":[],"class_list":["post-282417","post","type-post","status-publish","format-standard","has-post-thumbnail","hentry","category-news-18","category-racconti-soppelsa","category-49","category-112","description-off"],"img_url":"https:\/\/www.radiopiu.net\/wordpress\/wp-content\/uploads\/2022\/06\/3915b673-da43-4f80-9009-c421b3b1cddf.jpg","_links":{"self":[{"href":"https:\/\/www.radiopiu.net\/wordpress\/wp-json\/wp\/v2\/posts\/282417","targetHints":{"allow":["GET"]}}],"collection":[{"href":"https:\/\/www.radiopiu.net\/wordpress\/wp-json\/wp\/v2\/posts"}],"about":[{"href":"https:\/\/www.radiopiu.net\/wordpress\/wp-json\/wp\/v2\/types\/post"}],"author":[{"embeddable":true,"href":"https:\/\/www.radiopiu.net\/wordpress\/wp-json\/wp\/v2\/users\/4"}],"replies":[{"embeddable":true,"href":"https:\/\/www.radiopiu.net\/wordpress\/wp-json\/wp\/v2\/comments?post=282417"}],"version-history":[{"count":0,"href":"https:\/\/www.radiopiu.net\/wordpress\/wp-json\/wp\/v2\/posts\/282417\/revisions"}],"wp:featuredmedia":[{"embeddable":true,"href":"https:\/\/www.radiopiu.net\/wordpress\/wp-json\/wp\/v2\/media\/282419"}],"wp:attachment":[{"href":"https:\/\/www.radiopiu.net\/wordpress\/wp-json\/wp\/v2\/media?parent=282417"}],"wp:term":[{"taxonomy":"category","embeddable":true,"href":"https:\/\/www.radiopiu.net\/wordpress\/wp-json\/wp\/v2\/categories?post=282417"},{"taxonomy":"post_tag","embeddable":true,"href":"https:\/\/www.radiopiu.net\/wordpress\/wp-json\/wp\/v2\/tags?post=282417"}],"curies":[{"name":"wp","href":"https:\/\/api.w.org\/{rel}","templated":true}]}}