{"id":282426,"date":"2022-06-19T10:54:30","date_gmt":"2022-06-19T08:54:30","guid":{"rendered":"https:\/\/www.radiopiu.net\/wordpress\/?p=282426"},"modified":"2022-06-19T10:54:30","modified_gmt":"2022-06-19T08:54:30","slug":"collage-operazione-nostalgia-continuera-a-farci-compagnia","status":"publish","type":"post","link":"https:\/\/www.radiopiu.net\/wordpress\/collage-operazione-nostalgia-continuera-a-farci-compagnia\/","title":{"rendered":"COLLAGE OPERAZIONE NOSTALGIA  CONTINUER\u00c0 A FARCI COMPAGNIA"},"content":{"rendered":"<p><strong><a class=\"dt-pswp-item\" href=\"https:\/\/www.radiopiu.net\/wordpress\/wp-content\/uploads\/2022\/06\/ADRIANO-CELENTANO-azzurro-LP-1968-ORIGINAL-CLAN-CELENTANO.jpg\" data-dt-img-description=\"\" data-large_image_width=\"400\" data-large_image_height=\"266\"><img loading=\"lazy\" decoding=\"async\" class=\"size-thumbnail wp-image-282427 alignleft\" src=\"https:\/\/www.radiopiu.net\/wordpress\/wp-content\/uploads\/2022\/06\/ADRIANO-CELENTANO-azzurro-LP-1968-ORIGINAL-CLAN-CELENTANO-150x150.jpg\" alt=\"\" width=\"150\" height=\"150\" \/><\/a>di Loris Scussel<\/strong><\/p>\n<p>Con la puntata n\u00b0630 andata in onda venerd\u00ec scorso \u00e8 terminata anche la terza serie di Collage che ora si fermer\u00e0 per la pausa estiva in attesa di riprendere in autunno la programmazione abituale con la quarta serie con l\u2019obiettivo di raggiungere quota 1.000, nel frattempo il programma manterr\u00e0 i propri spazi con la messa in onda delle repliche. La novit\u00e0 \u00e8 che ogni giorno verranno proposte due diverse puntate che vi invitiamo a riascoltare insieme a noi. In questa prima settimana troveremo tra l\u2019altro una trasmissione dedicata al Juke Box, una ai complessi italiani, una alle date del calendario oltre ad una nutrita selezione di successi internazionali. Collage va in onda dal luned\u00ec al venerd\u00ec alle 16,00 e alle 23,00 naturalmente su Radio Pi\u00f9.<\/p>\n<p>&nbsp;<\/p>\n<p>&nbsp;<\/p>\n<p>&nbsp;<\/p>\n<p>*****<\/p>\n","protected":false},"excerpt":{"rendered":"<p>di Loris Scussel Con la puntata n\u00b0630 andata in onda venerd\u00ec scorso \u00e8 terminata anche la terza serie di Collage che ora si fermer\u00e0 per la pausa estiva in attesa di riprendere in autunno la programmazione abituale con la quarta serie con l\u2019obiettivo di raggiungere quota 1.000, nel frattempo il programma manterr\u00e0 i propri spazi&hellip;<\/p>\n","protected":false},"author":4,"featured_media":282427,"comment_status":"closed","ping_status":"closed","sticky":false,"template":"","format":"standard","meta":{"_monsterinsights_skip_tracking":false,"_monsterinsights_sitenote_active":false,"_monsterinsights_sitenote_note":"","_monsterinsights_sitenote_category":0,"footnotes":""},"categories":[49],"tags":[],"class_list":["post-282426","post","type-post","status-publish","format-standard","has-post-thumbnail","hentry","category-news-18","category-49","description-off"],"img_url":"https:\/\/www.radiopiu.net\/wordpress\/wp-content\/uploads\/2022\/06\/ADRIANO-CELENTANO-azzurro-LP-1968-ORIGINAL-CLAN-CELENTANO.jpg","_links":{"self":[{"href":"https:\/\/www.radiopiu.net\/wordpress\/wp-json\/wp\/v2\/posts\/282426","targetHints":{"allow":["GET"]}}],"collection":[{"href":"https:\/\/www.radiopiu.net\/wordpress\/wp-json\/wp\/v2\/posts"}],"about":[{"href":"https:\/\/www.radiopiu.net\/wordpress\/wp-json\/wp\/v2\/types\/post"}],"author":[{"embeddable":true,"href":"https:\/\/www.radiopiu.net\/wordpress\/wp-json\/wp\/v2\/users\/4"}],"replies":[{"embeddable":true,"href":"https:\/\/www.radiopiu.net\/wordpress\/wp-json\/wp\/v2\/comments?post=282426"}],"version-history":[{"count":0,"href":"https:\/\/www.radiopiu.net\/wordpress\/wp-json\/wp\/v2\/posts\/282426\/revisions"}],"wp:featuredmedia":[{"embeddable":true,"href":"https:\/\/www.radiopiu.net\/wordpress\/wp-json\/wp\/v2\/media\/282427"}],"wp:attachment":[{"href":"https:\/\/www.radiopiu.net\/wordpress\/wp-json\/wp\/v2\/media?parent=282426"}],"wp:term":[{"taxonomy":"category","embeddable":true,"href":"https:\/\/www.radiopiu.net\/wordpress\/wp-json\/wp\/v2\/categories?post=282426"},{"taxonomy":"post_tag","embeddable":true,"href":"https:\/\/www.radiopiu.net\/wordpress\/wp-json\/wp\/v2\/tags?post=282426"}],"curies":[{"name":"wp","href":"https:\/\/api.w.org\/{rel}","templated":true}]}}