{"id":282434,"date":"2022-06-19T11:22:03","date_gmt":"2022-06-19T09:22:03","guid":{"rendered":"https:\/\/www.radiopiu.net\/wordpress\/?p=282434"},"modified":"2022-06-19T11:22:03","modified_gmt":"2022-06-19T09:22:03","slug":"coppia-in-difficolta-mentre-rientra-dallescursione","status":"publish","type":"post","link":"https:\/\/www.radiopiu.net\/wordpress\/coppia-in-difficolta-mentre-rientra-dallescursione\/","title":{"rendered":"COPPIA IN DIFFICOLTA&#8217; MENTRE RIENTRA DALL&#8217;ESCURSIONE"},"content":{"rendered":"<p><strong><a class=\"dt-pswp-item\" href=\"https:\/\/www.radiopiu.net\/wordpress\/wp-content\/uploads\/2021\/08\/salt-3.jpg\" data-dt-img-description=\"\" data-large_image_width=\"1080\" data-large_image_height=\"809\"><img loading=\"lazy\" decoding=\"async\" class=\"size-thumbnail wp-image-228370 alignleft\" src=\"https:\/\/www.radiopiu.net\/wordpress\/wp-content\/uploads\/2021\/08\/salt-3-150x150.jpg\" alt=\"\" width=\"150\" height=\"150\" \/><\/a>CORTINA<\/strong> Sabato sul Cristallo \u00e8 scattato l&#8217;allarme per una coppia che aveva sbagliato la discesa da Forcella Verde verso Ospitale, ritrovandosi bloccata senza potersi pi\u00f9 muovere. Mentre la Centrale operativa risaliva alle coordinate del punto in cui si trovavano i due assieme ad un cagnolino, una squadra del Soccorso alpino della Guardia di finanza partiva per capire se fosse possibile raggiungerli velocemente dal basso. Una volta geolocalizzati, \u00e8 per\u00f2 risultata evidente la complessit\u00e0 di un eventuale recupero a piedi, poich\u00e9 T.M., 50 anni, di San Vito di Cadore (BL) lui, e R.C., 48 anni, di Trieste, lei, si trovavano fermi in un ripido canale di rocce friabili. Dopo aver imbarcato un tecnico del Soccorso alpino di Cortina per guidare il pilota sul luogo, l&#8217;elicottero del Suem di Pieve di Cadore ha calato con il verricello il tecnico di elisoccorso che ha fatto entrare il cagnolino nel proprio zaino per poi provvedere al recupero dell&#8217;uomo prima e della donna poi.<\/p>\n<p>&nbsp;<\/p>\n<p>&nbsp;<\/p>\n<p>*****<\/p>\n","protected":false},"excerpt":{"rendered":"<p>CORTINA Sabato sul Cristallo \u00e8 scattato l&#8217;allarme per una coppia che aveva sbagliato la discesa da Forcella Verde verso Ospitale, ritrovandosi bloccata senza potersi pi\u00f9 muovere. Mentre la Centrale operativa risaliva alle coordinate del punto in cui si trovavano i due assieme ad un cagnolino, una squadra del Soccorso alpino della Guardia di finanza partiva&hellip;<\/p>\n","protected":false},"author":4,"featured_media":228370,"comment_status":"closed","ping_status":"closed","sticky":false,"template":"","format":"standard","meta":{"_monsterinsights_skip_tracking":false,"_monsterinsights_sitenote_active":false,"_monsterinsights_sitenote_note":"","_monsterinsights_sitenote_category":0,"footnotes":""},"categories":[51,49],"tags":[],"class_list":["post-282434","post","type-post","status-publish","format-standard","has-post-thumbnail","hentry","category-evidenza-top","category-news-18","category-51","category-49","description-off"],"img_url":"https:\/\/www.radiopiu.net\/wordpress\/wp-content\/uploads\/2021\/08\/salt-3.jpg","_links":{"self":[{"href":"https:\/\/www.radiopiu.net\/wordpress\/wp-json\/wp\/v2\/posts\/282434","targetHints":{"allow":["GET"]}}],"collection":[{"href":"https:\/\/www.radiopiu.net\/wordpress\/wp-json\/wp\/v2\/posts"}],"about":[{"href":"https:\/\/www.radiopiu.net\/wordpress\/wp-json\/wp\/v2\/types\/post"}],"author":[{"embeddable":true,"href":"https:\/\/www.radiopiu.net\/wordpress\/wp-json\/wp\/v2\/users\/4"}],"replies":[{"embeddable":true,"href":"https:\/\/www.radiopiu.net\/wordpress\/wp-json\/wp\/v2\/comments?post=282434"}],"version-history":[{"count":0,"href":"https:\/\/www.radiopiu.net\/wordpress\/wp-json\/wp\/v2\/posts\/282434\/revisions"}],"wp:featuredmedia":[{"embeddable":true,"href":"https:\/\/www.radiopiu.net\/wordpress\/wp-json\/wp\/v2\/media\/228370"}],"wp:attachment":[{"href":"https:\/\/www.radiopiu.net\/wordpress\/wp-json\/wp\/v2\/media?parent=282434"}],"wp:term":[{"taxonomy":"category","embeddable":true,"href":"https:\/\/www.radiopiu.net\/wordpress\/wp-json\/wp\/v2\/categories?post=282434"},{"taxonomy":"post_tag","embeddable":true,"href":"https:\/\/www.radiopiu.net\/wordpress\/wp-json\/wp\/v2\/tags?post=282434"}],"curies":[{"name":"wp","href":"https:\/\/api.w.org\/{rel}","templated":true}]}}