{"id":282540,"date":"2022-06-21T05:30:42","date_gmt":"2022-06-21T03:30:42","guid":{"rendered":"https:\/\/www.radiopiu.net\/wordpress\/?p=282540"},"modified":"2022-06-21T09:47:22","modified_gmt":"2022-06-21T07:47:22","slug":"giornale-radiopiu-21-giugno-2022-direttore-mirko-mezzacasa","status":"publish","type":"post","link":"https:\/\/www.radiopiu.net\/wordpress\/giornale-radiopiu-21-giugno-2022-direttore-mirko-mezzacasa\/","title":{"rendered":"GIORNALE RADIOPIU 21 GIUGNO 2022 DIRETTORE MIRKO MEZZACASA"},"content":{"rendered":"<h3 class=\"kvgmc6g5 cxmmr5t8 oygrvhab hcukyx3x c1et5uql\"><span style=\"color: #0000ff;\"><strong>RADIO PIU INFORMAZIONE il canale su TELEGRAM informazione di prima\u00a0 <\/strong><\/span><span style=\"color: #0000ff;\"><strong>mano e in tempo reale. iscriviti ed aiutaci a farlo conoscere\u00a0\u00a0<\/strong><\/span><\/h3>\n<p>&nbsp;<\/p>\n<blockquote>\n<h3>ORARI ATTIVITA&#8217; COVID POINT<\/h3>\n<\/blockquote>\n<p>La ripresa epidemica Covid sta determinando un incremento della richiesta di tamponi. A tale proposito si riportano gli orari di attivit\u00e0 dei Covid Point del territorio: <strong>PALUDI<\/strong>: marted\u00ec, gioved\u00ec, sabato, domenica\/festivi &#8211; dalle 8.30 alle 12.30 <strong>FELTRE<\/strong>: luned\u00ec, mercoled\u00ec, venerd\u00ec (festivi esclusi) &#8211; dalle 8.30 alle 12.30 <strong>AGORDO<\/strong>: marted\u00ec, gioved\u00ec (festivi esclusi) &#8211; dalle 8.30 alle 10.00 <strong>TAI DI CADORE<\/strong>: marted\u00ec, gioved\u00ec (festivi esclusi) &#8211; dalle 13.30 alle 15.30,Il tampone viene eseguito su prescrizione del medico curante e a seguito di prenotazione sul sito <a href=\"http:\/\/www.aulss1.veneto.it\/\">www.aulss1.veneto.it<\/a><\/p>\n<p>&nbsp;<\/p>\n<p>&nbsp;<\/p>\n<hr \/>\n<p>&nbsp;<\/p>\n<blockquote>\n<h3>LAVORI IN GALLERIA DEI CASTEI<\/h3>\n<\/blockquote>\n<h3 class=\"kvgmc6g5 cxmmr5t8 oygrvhab hcukyx3x c1et5uql\"><span style=\"color: #0000ff;\"><strong><img loading=\"lazy\" decoding=\"async\" class=\"alignleft\" src=\"https:\/\/www.radiopiu.net\/wordpress\/wp-content\/uploads\/2022\/02\/castei.jpeg\" width=\"126\" height=\"83\" \/><\/strong><\/span><\/h3>\n<p><strong>\u00a0<\/strong><\/p>\n<p><strong>LA VALLE<\/strong> Lavori in galleria dei Castei per le indagini diagnostiche e la manutenzione degli impianti. Veneto Strade ha previsto il senso unico alternato regolato da semaforo oggi, dalle 20 alle 6 del mattino.<\/p>\n<blockquote>\n<h3>PROROGATA LA CHIUSURA DELLA STRADA TRA CROSTOLIN E LE RONCHE<\/h3>\n<\/blockquote>\n<p><strong>LA VALLE AGORDINA<\/strong>\u00a0 Sul Ponte \u201cDel Felice\u201d tra Crostolin e Le Ronche: chiusura della strada\u00a0 fino al 8 luglio per consentire alla ditta incaricata di effettuare le opere,\u00a0 interdizione totale al transito veicolare e pedonale. La Ditta che sta eseguendo i lavori ha comunicato che serve ancora un periodo di chiusura . Al riguardo \u00e8 stata prorogata fino all&#8217;8 luglio l&#8217;ordinanza che dispone la chiusura della strada.<\/p>\n<p><span dir=\"ltr\" role=\"presentation\"><strong>BELLUNO<\/strong> Divieto di circolazione in via Loreto, da oggi<\/span><span dir=\"ltr\" role=\"presentation\"> al 27 giugno per manutenzione reti acquedotto e fognatura. Tra i civici 24-28,\u00a0 dalle 8 alle 18; tra i civici 13C e 24 dalle 21 alle 6.<\/span><\/p>\n<p>&nbsp;<\/p>\n<hr \/>\n<p>&nbsp;<\/p>\n<blockquote>\n<h2>CISMON, OGGI SOSPENSIONE DEL TRAFFICO VEICOLARE, STATALE 47 VALSUGANA<\/h2>\n<\/blockquote>\n<p><strong><a href=\"https:\/\/www.radiopiu.net\/wordpress\/wp-content\/uploads\/2022\/06\/image-1.webp\"><img loading=\"lazy\" decoding=\"async\" class=\"size-thumbnail wp-image-282145 alignleft\" src=\"https:\/\/www.radiopiu.net\/wordpress\/wp-content\/uploads\/2022\/06\/image-1-150x150.webp\" alt=\"\" width=\"150\" height=\"150\" \/><\/a>REDAZIONE<\/strong> Oggi\u00a0 in localit\u00e0 Cismon del Grappa, verranno effettuate le operazioni di despolettamento, trasporto e brillamento di un ordigno residuato bellico. La citata attivit\u00e0 comporter\u00e0 la sospensione del traffico veicolare lungo la Strada Statale 47 \u201cValsugana\u201d. Le operazioni di sgombero dell\u2019area interessata dalla bonifica inizieranno alle\u00a0 7 e avranno la durata di circa 8 ore, salvo imprevisti. E\u2019 prevista la chiusura della SS 47 \u201c della Valsugana\u201d all\u2019innesto con la SS 50 Var. Il provvedimento interesser\u00e0 anche la viabilit\u00e0 della provincia di Belluno. In particolare: S.S.50 bis var, all\u2019uscita della galleria di San Vito il traffico sar\u00e0 consentito sulla SS 47 solo in direzione nord (Trento) ; S.S.47, in direzione sud, al km 71+200, presegnalazione chiusura con deviazione verso Enego\/Primolano per il solo traffico leggero; al km 69+050 chiusura totale con deviazione sulla SS 50 bis var ( galleria San Vito ) in direzione Feltre \u2013Belluno. Nella direzione nord, Bassano\/Trento, il traffico veicolare lungo la SS 47 sar\u00e0 intercettato in corrispondenza degli svincoli per Romano d\u2019Ezzellino (VI) con deviazioni in loco.<\/p>\n<p>&nbsp;<\/p>\n<p>&nbsp;<\/p>\n<hr \/>\n<p>&nbsp;<\/p>\n<blockquote>\n<h3>ACQUA NON POTABILE A SAN TOMASO dal 15 giugno<\/h3>\n<\/blockquote>\n<p><strong><a class=\"dt-pswp-item\" href=\"https:\/\/www.radiopiu.net\/wordpress\/wp-content\/uploads\/2018\/08\/ACQUA.jpeg\" data-dt-img-description=\"\" data-large_image_width=\"1280\" data-large_image_height=\"768\"><img loading=\"lazy\" decoding=\"async\" class=\"alignleft wp-image-57052 \" src=\"https:\/\/www.radiopiu.net\/wordpress\/wp-content\/uploads\/2018\/08\/ACQUA-300x180.jpeg\" alt=\"\" width=\"90\" height=\"54\" srcset=\"https:\/\/www.radiopiu.net\/wordpress\/wp-content\/uploads\/2018\/08\/ACQUA-300x180.jpeg 300w, https:\/\/www.radiopiu.net\/wordpress\/wp-content\/uploads\/2018\/08\/ACQUA-768x461.jpeg 768w, https:\/\/www.radiopiu.net\/wordpress\/wp-content\/uploads\/2018\/08\/ACQUA-1024x614.jpeg 1024w, https:\/\/www.radiopiu.net\/wordpress\/wp-content\/uploads\/2018\/08\/ACQUA.jpeg 1280w\" sizes=\"auto, (max-width: 90px) 100vw, 90px\" \/><\/a>SAN TOMASO<\/strong> Gestione Servizi Pubblici informa che a SAN TOMASO AGORDINO in localit\u00e0 PIANEZZE, CELAT,CHIEA,TOCOL, FONTANELLE E COL ZARESE, l&#8217;acqua erogata dall&#8217;acquedotto non \u00e8 potabile e non pu\u00f2 essere usata per scopi alimentari. Verr\u00e0 effettuato servizio sostitutivo con autobotte presso la Piazza del Municipio.<\/p>\n<p>&nbsp;<\/p>\n<p>&nbsp;<\/p>\n<hr \/>\n<p>&nbsp;<\/p>\n<blockquote>\n<h3>COPPIA SI PERDE SCENDENDO DAL CIVETTA. INTERVENTO IN NOTTURNA DEL SOCCORSO ALPINO<\/h3>\n<\/blockquote>\n<p><strong><a class=\"dt-pswp-item\" href=\"https:\/\/www.radiopiu.net\/wordpress\/wp-content\/uploads\/2021\/08\/salt-1.jpg\" data-dt-img-description=\"\" data-large_image_width=\"768\" data-large_image_height=\"960\"><img loading=\"lazy\" decoding=\"async\" class=\"size-thumbnail wp-image-228372 alignleft\" src=\"https:\/\/www.radiopiu.net\/wordpress\/wp-content\/uploads\/2021\/08\/salt-1-150x150.jpg\" alt=\"\" width=\"150\" height=\"150\" \/><\/a>VAL DI ZOLDO <\/strong>Domenica sera verso le 21.15 il Soccorso alpino della Val di Zoldo \u00e8 stato attivato, per una coppia di escursionisti che aveva perso la traccia del sentiero scendendo dal Civetta. I due, 42 anni lui, 34 lei, di Rovigo, erano saliti in vetta dalla Ferrata degli Alleghesi con l&#8217;intenzione di andare al Rifugio Coldai, salvo poi attardarsi e valutare di proseguire in direzione di Malga Grava dopo aver contattato il gestore. Lungo la discesa dalla normale per\u00f2, gi\u00e0 all&#8217;altezza dei ghiaioni, la coppia aveva superato l&#8217;incrocio con il sentiero, avanzando\u00a0 fino a ritrovarsi bloccata tra i mughi, 100 metri pi\u00f9 sotto. Scattato l&#8217;allarme, mentre una squadra si preparava a partire, un soccorritore \u00e8 salito a Crep e, dopo averne localizzato i segnali luminosi, ha fornito ai due le indicazioni per risalire al sentiero, dove i soccorritori, andati loro incontro, li hanno incrociati. Scesi con loro a Pecol, sono poi stati riaccompagnati a Palafavera dove avevano l&#8217;auto. L&#8217;intervento si \u00e8 concluso passata mezzanotte. La coppia, come capita sovente a molti escursionisti, aveva esclusivamente tratto le informazioni su percorsi e orari dai social, senza portare con s\u00e9 alcuna cartina n\u00e9 approfondire quanto appreso, e si \u00e8 ritrovata poi a dover fare i conti con notizie insufficienti e tempistiche non adeguate ai propri ritmi.\u00a0 L&#8217;invito \u00e8 sempre quello di non limitarsi alle informazioni prese su internet, di non fare totale affidamento sulle tracce Gps scaricate on line, valutare bene le proprie capacit\u00e0, preparazione ed esperienza.<\/p>\n<p>&nbsp;<\/p>\n<hr \/>\n<p>&nbsp;<\/p>\n<blockquote>\n<h3>RECUPERATA COPPIA SUL PATERNO<\/h3>\n<\/blockquote>\n<p><strong><img loading=\"lazy\" decoding=\"async\" class=\"alignleft\" src=\"https:\/\/www.radiopiu.net\/wordpress\/wp-content\/uploads\/2022\/06\/th-10.jpg\" width=\"188\" height=\"141\" \/>AURONZO\u00a0<\/strong> Su segnalazione dei Carabinieri, al cui numero era arrivata la richiesta di aiuto, alle 16 di ieri l&#8217;elicottero del Suem di Pieve di Cadore \u00e8 decollato in direzione del Paterno, per una coppia di escursionisti austriaci &#8211; lei di 28 anni, lui di 25 &#8211; che, perso l&#8217;orientamento, era finita incrodata sopra dei salti di roccia e non era pi\u00f9 in grado di spostarsi. Sbarcata l&#8217;equipe medica al Rifugio Lavaredo, l&#8217;eliambulanza \u00e8 salita in quota e ha individuato i due a 2.550 metri di altitudine. I ragazzi sono stati recuperati dal tecnico di elisoccorso con un verricello di 40 metri e trasportati al Lavaredo. Pronta in piazzola per eventuale supporto una squadra del Soccorso alpino della Guardia di finanza di Auronzo.<\/p>\n<p>&nbsp;<\/p>\n<hr \/>\n<p>&nbsp;<\/p>\n<blockquote>\n<h3>MOTO CONTRO AUTOARTICOLATO, HA LA PEGGIO IL CENTAURO<\/h3>\n<\/blockquote>\n<p><strong><img loading=\"lazy\" decoding=\"async\" class=\"alignleft\" src=\"https:\/\/www.radiopiu.net\/wordpress\/wp-content\/uploads\/2022\/06\/rocca5.webp\" width=\"213\" height=\"120\" \/>ROCCA PIETORE<\/strong>\u00a0 Ieri verso mezzogiorno incidente tra una moto e un autoarticolato al bivio di Sorar\u00f9 tra gli abitati di Rocca Pietore e Saviner di Laste.\u00a0 Le conseguenze in considerazione della dinamica e della modalit\u00e0 dell&#8217;impatto potevano essere anche pi\u00f9 gravi.\u00a0 Lo hanno probabilmente temuto al momento della chiamata anche gli operatori della \u00a0Croce Verde di Alleghe e i pompieri volontari di Caprile con i permanenti di Agordo. L&#8217;uomo alla guida, un austriaco, ha rimediato una probabile frattura alla spalla, illeso il passeggero. Per i rilievi di legge sono intervenuti i Carabinieri della stazione di Caprile.<\/p>\n<p>&nbsp;<\/p>\n<hr \/>\n<p>&nbsp;<\/p>\n<blockquote>\n<h3>MOTOCICLISTA IN OSPEDALE DOPO LO SCHIANTO ALLA ROTONDA<\/h3>\n<\/blockquote>\n<p><strong>FELTRE<\/strong>\u00a0 Ieri sera alle 21.30 alla rotonda di Foen \u00e8\u00a0 rimasto ferito un centauro che viaggiava da solo e che \u00e8 uscito di strada in maniera autonoma, senza coinvolgere altre vetture in transito.\u00a0 Dopo gli accertamenti, le condizioni sono state definite migliori: l&#8217;uomo non \u00e8 in pericolo di vita e ha accusato traumi di media gravit\u00e0.\u00a0 Sul posto anche i vigili del fuoco. Le operazioni di soccorso e messa in sicurezza sono durate oltre un&#8217;ora.<\/p>\n<p>&nbsp;<\/p>\n<hr \/>\n<p>&nbsp;<\/p>\n<blockquote>\n<h3>SOCCORSA TURISTA STATUNITENSE SOTTO LE TRE CIME DI LAVAREDO<\/h3>\n<\/blockquote>\n<p><strong><a class=\"dt-pswp-item\" href=\"https:\/\/www.radiopiu.net\/wordpress\/wp-content\/uploads\/2022\/04\/soccorso-alpino-1024x602-1.jpg\" data-dt-img-description=\"\" data-large_image_width=\"1024\" data-large_image_height=\"602\"><img loading=\"lazy\" decoding=\"async\" class=\" wp-image-270917 alignleft\" src=\"https:\/\/www.radiopiu.net\/wordpress\/wp-content\/uploads\/2022\/04\/soccorso-alpino-1024x602-1-150x150.jpg\" alt=\"\" width=\"115\" height=\"115\" \/><\/a>AURONZO DI CADORE<\/strong> Ieri mattina verso le 8 una squadra del Soccorso alpino della Guardia di Finanza di Auronzo e Cortina \u00e8 intervenuta lungo il Sentiero attrezzato Alberto Bonacossa, che conduce al Rifugio Fonda Savio, per una turista 68enne statunitense che, messo male un piede, aveva riportato un sospetto trauma alla caviglia e non era pi\u00f9 in grado di proseguire. Dopo aver raggiunto la donna, che si trovava a un centinaio di metri di distanza dal Rifugio Auronzo, i soccorritori le hanno immobilizzato il piede e la hanno caricata in barella, per poi trasportarla a ritroso al parcheggio, da dove si \u00e8 allontanata con i propri mezzi.<\/p>\n<p>&nbsp;<\/p>\n<hr \/>\n<p>&nbsp;<\/p>\n<blockquote>\n<h3>TRATTAMENTO SANITARIO OBBLIGATORIO PER L&#8217;UOMO CHE MALTRATTAVA I FAMILIARI<\/h3>\n<\/blockquote>\n<p><strong>BELLUNO<\/strong> In via Mezzaterra ieri sera alle 18 un uomo\u00a0 ha dato dei problemi ai propri familiari che hanno chiamato le forze di polizia. \u00c8 toccato ai sanitari prenderlo in consegna<\/p>\n<p>&nbsp;<\/p>\n<hr \/>\n<p>&nbsp;<\/p>\n<blockquote>\n<h3>TAVOLO IDEAL STANDARD DI BORGO VALBELLUNA. PRESENTATO AL MISE ACCORDO DI CESSIONE A CORDATA VENETA<\/h3>\n<\/blockquote>\n<p><strong><img decoding=\"async\" class=\"alignleft\" src=\"https:\/\/www.radiopiu.net\/wordpress\/wp-content\/uploads\/2018\/01\/IdealStandard_print.gif\" \/>VENEZIA<\/strong> Si \u00e8 tenuta ieri presso il Ministero dello Sviluppo Economico la riunione di presentazione dell&#8217;accordo di cessione del sito Ideal Standard di Borgo Valbelluna\u00a0 e del marchio \u201cCeramica Dolomiti\u201d. La riunione segue l\u2019atto formale di sottoscrizione da parte di Ideal Standard e della cordata industriale, composta da Finint S.p.a, Delfin S.a.r.l., Luigi Rossi Luciani S.a.p.a. e Za-Fin S.r.l., dell\u2019accordo di cessione a quest\u2019ultima del sito produttivo di Borgo Valbelluna e del marchio Ceramica Dolomite con effetto dal primo giugno. L\u2019accordo prevede il trasferimento di tutti i lavoratori nella nuova societ\u00e0 e ha segnato l\u2019inizio della nuova stagione industriale per Ceramica Dolomite e i suoi lavoratori. Il lavoro di reindustrializzazione condotto dal tavolo istituzionale, costituito presso l\u2019Unit\u00e0 di crisi aziendali di Veneto Lavoro, composto oltre dalla Regione, dal MISE, dalle parti sindacali, dalla propriet\u00e0 di Ideal Standard e dall\u2019Advisor Sernet che nell\u2019accordo sottoscritto il 30 maggio ha trovato pieno compimento. <em>\u00a0\u201cSono felice che durante l\u2019incontro sia stato sottolineato il valore della gestione di questa crisi aziendale che abbiamo costruito con tutte le parti coinvolte &#8211; afferma il Presidente della Regione del Veneto \u2013. Tutti hanno convenuto che il sistema messo in atto e gli strumenti adottati (sistema relazionale tra le parti, ammortizzatori sociali, modelli contrattuali, partecipazione del pubblico all\u2019impresa) possono essere considerati utile bagaglio e modello nella gestione delle crisi aziendali\u201d.\u00a0<\/em><\/p>\n<p><em>\u201cQuello messo in atto nel caso Ideal Standard \u00e8 un modello che si basa sulla collaborazione di tutte le parti, per la quale vogliamo ringraziare, in particolare, le parti sindacali \u2013 Filctem CGIL, Femca CISL e Uiltec UIL di Belluno &#8211; la multinazionale e la cordata veneta, per la condivisione di un obiettivo di reindustrializzazione che ha permesso di salvare i posti di lavoro, la produzione e un marchio di valore del territorio bellunese\u201d<\/em> ha concluso l\u2019Assessore regionale al lavoro del Veneto.<\/p>\n<p>&nbsp;<\/p>\n<hr \/>\n<blockquote>\n<h3><\/h3>\n<h3>IL MINISTRO FEDERICO D&#8217;INCA&#8217; &#8220;RISULTATO DEDICATO AL TERRITORIO E AI LAVORATORI&#8221;<\/h3>\n<\/blockquote>\n<p>\u201cIl percorso che ha portato alla risoluzione della vicenda Ideal Standard, con una lunga mediazione e una decisa attenzione da parte della cordata di imprenditori locali ci rende orgogliosi del lavoro svolto: come affermato in occasione dell\u2019accordo sottoscritto lo scorso 30 maggio, finalmente rinasce una realt\u00e0 straordinaria in cui \u00e8 stata premiata anche la passione per il territorio. Il Bellunese, infatti, pu\u00f2 proiettarsi nel futuro sia salvaguardando le proprie realt\u00e0 imprenditoriali con un raccordo tra istituzioni, sindacati e imprenditori, sia facendo leva sulla capacit\u00e0 del capitale umano che, proprio nel caso dell\u2019ex Ideal Standard, si \u00e8 rivelato come una delle carte vincenti per l\u2019intera operazione. \u00c8 proprio ai dipendenti dell\u2019azienda che dobbiamo dedicare questo risultato e chi, negli anni, ha sempre creduto nel valore di \u2018Ceramica Dolomite\u2019. Mi auguro di potere incontrare al pi\u00f9 presto i dipendenti pronti ad affrontare questa nuova avventura per il territorio\u201d.<\/p>\n<blockquote><p>&nbsp;<\/p><\/blockquote>\n<hr \/>\n<p>&nbsp;<\/p>\n<p>&nbsp;<\/p>\n<p><a class=\"dt-pswp-item\" href=\"https:\/\/www.radiopiu.net\/wordpress\/wp-content\/uploads\/2022\/06\/146369a5-11da-4311-9a66-64d8c64a9e2a.jpg\" data-dt-img-description=\"\" data-large_image_width=\"1600\" data-large_image_height=\"1200\"><img loading=\"lazy\" decoding=\"async\" class=\"size-thumbnail wp-image-282702 alignleft\" src=\"https:\/\/www.radiopiu.net\/wordpress\/wp-content\/uploads\/2022\/06\/146369a5-11da-4311-9a66-64d8c64a9e2a-150x150.jpg\" alt=\"\" width=\"150\" height=\"150\" \/><\/a><strong>QUESTA SERA ALLA RADIO, DALLE 21 LO SPECIALE CON VALTER DELOGU<br \/>\n<\/strong>FREQUENZE: BELLUNO 104.400 Mhz, FELTRE 88.300 Mhz in streaming in tutto il mondo su www.radiopiu.net<\/p>\n<p><strong>DI LUISA ALCHINI\u00a0<\/strong><\/p>\n<audio class=\"wp-audio-shortcode\" id=\"audio-282540-1\" preload=\"none\" style=\"width: 100%;\" controls=\"controls\"><source type=\"audio\/mpeg\" src=\"https:\/\/www.radiopiu.net\/wordpress\/wp-content\/uploads\/2022\/06\/diretta-differita-delogu.mp3?_=1\" \/><a href=\"https:\/\/www.radiopiu.net\/wordpress\/wp-content\/uploads\/2022\/06\/diretta-differita-delogu.mp3\">https:\/\/www.radiopiu.net\/wordpress\/wp-content\/uploads\/2022\/06\/diretta-differita-delogu.mp3<\/a><\/audio>\n<p>&nbsp;<\/p>\n<p>&nbsp;<\/p>\n<p>&nbsp;<\/p>\n<hr \/>\n<p>&nbsp;<\/p>\n<blockquote>\n<h3><a class=\"dt-pswp-item\" href=\"https:\/\/www.radiopiu.net\/wordpress\/wp-content\/uploads\/2022\/06\/e97b8d88-fab4-4a23-b1b3-b244dee50348.jpg\" data-dt-img-description=\"\" data-large_image_width=\"2016\" data-large_image_height=\"1320\"><img loading=\"lazy\" decoding=\"async\" class=\" wp-image-282667 alignleft\" src=\"https:\/\/www.radiopiu.net\/wordpress\/wp-content\/uploads\/2022\/06\/e97b8d88-fab4-4a23-b1b3-b244dee50348-150x150.jpg\" alt=\"\" width=\"128\" height=\"128\" \/><\/a>TEMPI RISPETTATI, RISALE IL LIVELLO DELL&#8217;ACQUA NEL LAGO DI ALLEGHE<\/h3>\n<\/blockquote>\n<p><strong>ALLEGHE<\/strong> La ditta, il direttore dei lavori, chi opera nel cantiere ci ha messo la faccia. In coro avevano promesso che al 20 giugno il livello dell&#8217;acqua lago di Alleghe sarebbe rientrato nella norma. Infatti, ieri alle 10 il livello del lago ha iniziato a risalire. I tempi di intervento previsti sono stati rispettati . <em>&#8220;Un plauso &#8211; dice il sindaco Danilo De Toni &#8211;\u00a0 ai soggetti coinvolti : l&#8217;impresa De Pra , la direzione lavori con l&#8217;ingegner Felice\u00a0 Gaiardo, Veneto Acque, Enel produzione. Un esempio questo che i lavori anche complessi, se adeguatamente studiati e organizzati possono essere realizzati anche con tempistiche compresse&#8221;.<\/em><\/p>\n<p>&nbsp;<\/p>\n<p><strong>LA FOTO DI FIORENZO DE BIASIO &#8220;DEDICATA AI PESSIMISTI&#8230;&#8221;<\/strong><br \/>\n<a class=\"dt-pswp-item\" href=\"https:\/\/www.radiopiu.net\/wordpress\/wp-content\/uploads\/2022\/06\/289620330_10224313721582141_8787529780787120619_n.jpg\" data-dt-img-description=\"\" data-large_image_width=\"526\" data-large_image_height=\"701\"><img loading=\"lazy\" decoding=\"async\" class=\"alignnone wp-image-282736 \" src=\"https:\/\/www.radiopiu.net\/wordpress\/wp-content\/uploads\/2022\/06\/289620330_10224313721582141_8787529780787120619_n.jpg\" alt=\"\" width=\"313\" height=\"417\" srcset=\"https:\/\/www.radiopiu.net\/wordpress\/wp-content\/uploads\/2022\/06\/289620330_10224313721582141_8787529780787120619_n.jpg 526w, https:\/\/www.radiopiu.net\/wordpress\/wp-content\/uploads\/2022\/06\/289620330_10224313721582141_8787529780787120619_n-225x300.jpg 225w\" sizes=\"auto, (max-width: 313px) 100vw, 313px\" \/><\/a><\/p>\n<p>&nbsp;<\/p>\n<p><strong>ARCHIVIO RADIO PIU<\/strong><\/p>\n<blockquote class=\"wp-embedded-content\" data-secret=\"Kb0vXVkYG6\"><p><a href=\"https:\/\/www.radiopiu.net\/wordpress\/il-sopralluogo-ai-lavori-di-messa-in-sicurezza-del-lago-di-alleghe-la-diretta\/\">IL SOPRALLUOGO AI LAVORI DI MESSA IN SICUREZZA DEL LAGO DI ALLEGHE &#8211; LA DIRETTA<\/a><\/p><\/blockquote>\n<p><iframe loading=\"lazy\" class=\"wp-embedded-content\" sandbox=\"allow-scripts\" security=\"restricted\" style=\"position: absolute; clip: rect(1px, 1px, 1px, 1px);\" title=\"&#8220;IL SOPRALLUOGO AI LAVORI DI MESSA IN SICUREZZA DEL LAGO DI ALLEGHE &#8211; LA DIRETTA&#8221; &#8212; Radio Pi\u00f9\" src=\"https:\/\/www.radiopiu.net\/wordpress\/il-sopralluogo-ai-lavori-di-messa-in-sicurezza-del-lago-di-alleghe-la-diretta\/embed\/#?secret=IcMOAfl8xn#?secret=Kb0vXVkYG6\" data-secret=\"Kb0vXVkYG6\" width=\"600\" height=\"338\" frameborder=\"0\" marginwidth=\"0\" marginheight=\"0\" scrolling=\"no\"><\/iframe><\/p>\n<p>&nbsp;<\/p>\n<hr \/>\n<p>&nbsp;<\/p>\n<blockquote>\n<h3>C&#8217;ERA UNA VOLTA IL BAR AL CEK CON IDA E ALFREDO<\/h3>\n<\/blockquote>\n<p><strong><img loading=\"lazy\" decoding=\"async\" class=\"alignleft\" src=\"https:\/\/www.radiopiu.net\/wordpress\/wp-content\/uploads\/2022\/06\/ira.jpg\" width=\"136\" height=\"178\" \/>TAIBON<\/strong> Si \u00e8 spenta al polifunzionale di Agordo Ida Schena, vedova Gaz di 102 anni. Per Taibon \u00e8 stato un volto noto, per i paesani, ma anche per i tanti turisti che affollavano il paese, al Cek c&#8217;era il sale, le sigarette, l&#8217;immancabile ombra, per i pi\u00f9 piccoli i gelati. Una pagina importante di storia per un Bar che \u00e8 ancora aperto sulla salita della provinciale che attraversa il centro del paese e porta ad Agordo attraverso via Col di Lana. Della scomparsa ne hanno dato notizia i nipoti, pronipoti, la cognata. I funerali si terranno oggi alle 15.30 a Taibon. Dalla famiglia un ringraziamento particolare ai medici e al personale del polifunzionale Asca di Agordo.<\/p>\n<p>&nbsp;<\/p>\n<p>&nbsp;<\/p>\n<p>&nbsp;<\/p>\n<hr \/>\n<p>&nbsp;<\/p>\n<p>&nbsp;<\/p>\n<blockquote>\n<h3>METEO. OGGI POSSIBILI TEMPORALI SULLE DOLOMITI<\/h3>\n<\/blockquote>\n<p><strong>DICHIARATA FASE DI \u201cATTENZIONE\u201d<\/strong><\/p>\n<p><strong><img loading=\"lazy\" decoding=\"async\" class=\"alignleft\" src=\"https:\/\/www.radiopiu.net\/wordpress\/wp-content\/uploads\/2018\/08\/instabilita.jpg\" width=\"170\" height=\"102\" \/>VENEZIA <\/strong>Un leggero cedimento del promontorio anticiclonica e una perturbazione a nord est dell&#8217;arco alpino potranno marginalmente interessare con fasi di instabilit\u00e0 le zone montane orientali del Veneto. Saranno possibili locali rovesci e temporali nelle ore pomeridiane e serali, in particolare sulle Dolomiti dove non si esclude qualche fenomeno intenso. Visti i fenomeni meteorologici previsti, la criticit\u00e0 idrogeologica attesa \u00e8 riferita allo scenario per temporali forti. Il Centro Funzionale Decentrato della Protezione Civile regionale comunica che, sulla base della situazione meteorologica attesa, \u00e8 stata dichiarata la fase operativa di \u201cAttenzione\u201d (Gialla) per criticit\u00e0 idrogeologica, dalle 14.00 alla mezzanotte.<\/p>\n<p>&nbsp;<\/p>\n<hr \/>\n<p>&nbsp;<\/p>\n<blockquote>\n<h3>SI SPENGONO LE LUCI&#8230; MA LE STRADE NON SON DESERTE<\/h3>\n<\/blockquote>\n<p>DI MORENO GIOLI<\/p>\n<audio class=\"wp-audio-shortcode\" id=\"audio-282540-2\" preload=\"none\" style=\"width: 100%;\" controls=\"controls\"><source type=\"audio\/mpeg\" src=\"https:\/\/www.radiopiu.net\/wordpress\/wp-content\/uploads\/2022\/06\/moreno-spegnimento.mp3?_=2\" \/><a href=\"https:\/\/www.radiopiu.net\/wordpress\/wp-content\/uploads\/2022\/06\/moreno-spegnimento.mp3\">https:\/\/www.radiopiu.net\/wordpress\/wp-content\/uploads\/2022\/06\/moreno-spegnimento.mp3<\/a><\/audio>\n<p>&nbsp;<\/p>\n<p>&nbsp;<\/p>\n<p><strong><a class=\"dt-pswp-item\" href=\"https:\/\/www.radiopiu.net\/wordpress\/wp-content\/uploads\/2022\/06\/th-9.jpg\" data-dt-img-description=\"\" data-large_image_width=\"254\" data-large_image_height=\"190\"><img loading=\"lazy\" decoding=\"async\" class=\"size-thumbnail wp-image-282650 alignleft\" src=\"https:\/\/www.radiopiu.net\/wordpress\/wp-content\/uploads\/2022\/06\/th-9-150x150.jpg\" alt=\"\" width=\"150\" height=\"150\" \/><\/a>BELLUNO<\/strong> Contrariamente alla canzone di Domenico Modugno,\u00a0 non ci sar\u00e0 solo un uomo in frac di qui al 31 luglio,\u00a0 ma probabilmente anche altri cittadini, un po&#8217; nottambuli per la verit\u00e0, poich\u00e9 lo spegnimento dei lampioni (totale) \u00e8 programmato tra le 2 e le 4 del mattino. Il Comune di Belluno rende concreta l&#8217;ordinanza dello scorso 30 maggio con la quale la Giunta ha stabilito\u00a0 <span dir=\"ltr\" role=\"presentation\">di avviare una sperimentazione, perseguendo l&#8217;obiettivo di un risparmio di <\/span><span dir=\"ltr\" role=\"presentation\">circa il 18% sulla spesa per l&#8217;illuminazione pubblica. <\/span><span dir=\"ltr\" role=\"presentation\">La sperimentazione prevede, nel dettaglio,<\/span> <span dir=\"ltr\" role=\"presentation\">lo spegnimento totale degli <\/span><span dir=\"ltr\" role=\"presentation\">impianti<\/span> <span dir=\"ltr\" role=\"presentation\">nella<\/span> <span dir=\"ltr\" role=\"presentation\">fascia<\/span> <span dir=\"ltr\" role=\"presentation\">oraria<\/span> <span dir=\"ltr\" role=\"presentation\">tra<\/span> <span dir=\"ltr\" role=\"presentation\">le<\/span> <span dir=\"ltr\" role=\"presentation\">2<\/span> <span dir=\"ltr\" role=\"presentation\">e<\/span> <span dir=\"ltr\" role=\"presentation\">le<\/span> <span dir=\"ltr\" role=\"presentation\">4<\/span><span dir=\"ltr\" role=\"presentation\">,<\/span> <span dir=\"ltr\" role=\"presentation\">partendo<\/span> <span dir=\"ltr\" role=\"presentation\">dalle<\/span> <span dir=\"ltr\" role=\"presentation\">zone <\/span><span dir=\"ltr\" role=\"presentation\">periferiche, per arrivare alla zona centrale del territorio comunale. <\/span><span dir=\"ltr\" role=\"presentation\">Attualmente, sono stati spenti i lampioni delle seguenti zone: <\/span>\u00a0<span dir=\"ltr\" role=\"presentation\">via Visome, nei tratti di strada e incroci in uscita dal Comune di <\/span><span dir=\"ltr\" role=\"presentation\">Belluno verso Limana; <\/span>\u00a0<span dir=\"ltr\" role=\"presentation\">zona<\/span> <span dir=\"ltr\" role=\"presentation\">Col<\/span> <span dir=\"ltr\" role=\"presentation\">di<\/span> <span dir=\"ltr\" role=\"presentation\">Salce,<\/span> <span dir=\"ltr\" role=\"presentation\">in<\/span> <span dir=\"ltr\" role=\"presentation\">prossimit\u00e0<\/span> <span dir=\"ltr\" role=\"presentation\">del<\/span> <span dir=\"ltr\" role=\"presentation\">Centro<\/span> <span dir=\"ltr\" role=\"presentation\">Commerciale<\/span> <span dir=\"ltr\" role=\"presentation\">e <\/span><span dir=\"ltr\" role=\"presentation\">dell&#8217;abitato di Giamosa; <\/span>\u00a0<span dir=\"ltr\" role=\"presentation\">abitato di Safforze;\u00a0 <\/span>\u00a0<span dir=\"ltr\" role=\"presentation\">zona di via Turriga, a Caleipo; <\/span>\u00a0<span dir=\"ltr\" role=\"presentation\">abitato di Cirvoi; <\/span>\u00a0<span dir=\"ltr\" role=\"presentation\">abitato di San Fermo;<\/span><span dir=\"ltr\" role=\"presentation\">\uf0b7 <\/span><span dir=\"ltr\" role=\"presentation\">abitato di Tisoi; <\/span>\u00a0<span dir=\"ltr\" role=\"presentation\">abitato di Vignole; <\/span>\u00a0<span dir=\"ltr\" role=\"presentation\">Levego lungo la via Meassa. Il <\/span><span dir=\"ltr\" role=\"presentation\">\u00a031 luglio sar\u00e0 valutato\u00a0 <\/span><span dir=\"ltr\" role=\"presentation\">se ripristinare la situazione precedente o proseguire con lo spegnimento <\/span><span dir=\"ltr\" role=\"presentation\">totale nella fascia oraria indicata.\u00a0<\/span><\/p>\n<p>&nbsp;<\/p>\n<hr \/>\n<p>&nbsp;<\/p>\n<blockquote>\n<h3><a class=\"dt-pswp-item\" href=\"https:\/\/www.radiopiu.net\/wordpress\/wp-content\/uploads\/2019\/02\/1543590727530_andrea_zanoni_1-2.jpg\" data-dt-img-description=\"\" data-large_image_width=\"1000\" data-large_image_height=\"667\"><img loading=\"lazy\" decoding=\"async\" class=\"wp-image-75857 alignleft\" src=\"https:\/\/www.radiopiu.net\/wordpress\/wp-content\/uploads\/2019\/02\/1543590727530_andrea_zanoni_1-2-150x150.jpg\" alt=\"\" width=\"88\" height=\"88\" \/><\/a>CALENDARIO VENATORIO. ZANONI &#8220;REGIONE IN RITARDO&#8221;<\/h3>\n<\/blockquote>\n<p><strong>VENEZIA\u00a0<\/strong> <em>\u201cSulla definizione del calendario venatorio del Veneto, la Regione ha oltrepassato la scadenza fissata al 15 giugno. Un ritardo incomprensibile ma che comunque consente di ribadire la necessit\u00e0 che il calendario rispetti le indicazioni della Commissione europea<\/em>\u00a0<em> per la definizione delle date di riproduzione e migrazione\u201d. <\/em>A dirlo il consigliere regionale del PD Veneto, Andrea Zanoni.<\/p>\n<p>&nbsp;<\/p>\n<hr \/>\n<p>&nbsp;<\/p>\n<h3><a class=\"dt-pswp-item\" href=\"https:\/\/www.radiopiu.net\/wordpress\/wp-content\/uploads\/2022\/06\/29001695-a213-4ed4-b414-adf11e34bd29.jpg\" data-dt-img-description=\"\" data-large_image_width=\"1192\" data-large_image_height=\"821\"><img loading=\"lazy\" decoding=\"async\" class=\"size-thumbnail wp-image-282739 alignleft\" src=\"https:\/\/www.radiopiu.net\/wordpress\/wp-content\/uploads\/2022\/06\/29001695-a213-4ed4-b414-adf11e34bd29-150x150.jpg\" alt=\"\" width=\"150\" height=\"150\" \/><\/a>la curiosita&#8217;<br \/>\ndi\u00a0 Claudio Pra<\/h3>\n<p>Oggi alle 11.13 si verifica il solstizio estivo, con il Sole che raggiunge la massima declinazione nord pari a 23\u00b0,27&#8242;. In Agordino la nostra stella sar\u00e0 sopra l&#8217;orizzonte per ben 15 ore e 48 minuti, regalandoci il giorno pi\u00f9 lungo e la notte pi\u00f9 breve. Per confronto, al solstizio invernale, il tempo tra levata e tramonto si riduce a 8 ore e 34 minuti.<\/p>\n<p>&nbsp;<\/p>\n<p>&nbsp;<\/p>\n<hr \/>\n<blockquote>\n<h3><\/h3>\n<h3>LIMITAZIONE AL TRAFFICO DEI PASSI CAMPOLONGO &#8211; FALZAREGO &#8211; VALPAROLA<\/h3>\n<\/blockquote>\n<div><span style=\"font-family: Arial, sans-serif; font-size: medium;\"><strong><img loading=\"lazy\" decoding=\"async\" class=\"alignleft\" src=\"https:\/\/www.radiopiu.net\/wordpress\/wp-content\/uploads\/2022\/06\/AAAA-8.jpg\" width=\"176\" height=\"122\" \/>LIVINALLONGO<\/strong>\u00a0 In occasione dell&#8217;<\/span><span class=\"il\">evento non competitivo per gli amanti della bicicletta<\/span> di sabato <a href=\"http:\/\/www.dolomitesbikeday.it\/\" target=\"_blank\" rel=\"noopener\" data-saferedirecturl=\"https:\/\/www.google.com\/url?q=http:\/\/www.dolomitesbikeday.it\/&amp;source=gmail&amp;ust=1624009745515000&amp;usg=AFQjCNFLxMZisr54Tw_ega6BkxNjLFOZLQ\">www.dolomitesbikeday.it<\/a>\u00a0 l&#8217;<span class=\"il\">orario<\/span> di chiusura delle strade, come da decreto del\u00a0 <span style=\"font-size: medium;\">Prefetto di Belluno\u00a0 <\/span><span lang=\"IT\">\u00e8\u00a0dalle\u00a0 8:30 alle 14. <\/span>Tratte interessate: Passo\u00a0Campolongo\u00a0\u2013\u00a0Arabba\u00a0\u2013<wbr \/>\u00a0Pieve di Livinallongo (SS48)\u00a0\u2013\u00a0Passo Falzarego\u00a0\u2013 (SP 37) Passo Valparola\u00a0\u2013 San Cassiano \u2013 La Villa (SS244) \u2013 Corvara bivio direzione Passo Campolongo &#8211; Arabba.\u00a0 Ai ciclisti si consiglia il senso antiorario, quindi da Passo Campolongo, Arabba, Pieve di Livinallongo in salita verso il Passo Falzarego.<\/div>\n<div><\/div>\n<p>&nbsp;<\/p>\n<hr \/>\n<p>&nbsp;<\/p>\n<blockquote>\n<h3>L&#8217;IMPORTANZA DELLA PREVENZIONE, IL CONVEGNO IN SALA DON TAMIS<\/h3>\n<\/blockquote>\n<p><strong><a class=\"dt-pswp-item\" href=\"https:\/\/www.radiopiu.net\/wordpress\/wp-content\/uploads\/2022\/06\/aaaa-3.jpg\" data-dt-img-description=\"\" data-large_image_width=\"369\" data-large_image_height=\"285\"><img loading=\"lazy\" decoding=\"async\" class=\"wp-image-281787 alignleft\" src=\"https:\/\/www.radiopiu.net\/wordpress\/wp-content\/uploads\/2022\/06\/aaaa-3.jpg\" alt=\"\" width=\"205\" height=\"158\" srcset=\"https:\/\/www.radiopiu.net\/wordpress\/wp-content\/uploads\/2022\/06\/aaaa-3.jpg 369w, https:\/\/www.radiopiu.net\/wordpress\/wp-content\/uploads\/2022\/06\/aaaa-3-300x232.jpg 300w\" sizes=\"auto, (max-width: 205px) 100vw, 205px\" \/><\/a>AGORDO<\/strong> Domani alle 18 nella sala Don Tamis di via 27 aprile, incontro organizzato da Galik (Gruppo Associazioni Lavoro Intorno al cancro*). Il volontariato lavora e discute sul cancro dell&#8217;uomo e della donna. Quale prevenzione? Conduce Luisa Venturin, interverranno Pier Anna Dal Mas presidente Lilt (tumori della pelle); Daniele Xausa Presidente Dolomiti Uomo (tumore alla prostata); Carla Pra Baldi Presidente Ados di Belluno (Ados, 30 anni di prevenzione): Rosalisa Sartorel e Gianelda Ferro del Consultorio Familiare di Belluno (aspetti psico-oncologici in Consultorio.<\/p>\n<blockquote><p>*Il gruppo Galik rappresenta quattro associazioni: Ados (Associazione Donne Operate al Seno); Consultorio Familiare per il sostegno psicolo-oncologico; Dolomiti Uomo per il tumore alla prostata: Lilt (Lega Italiana lotta ai tumori). Il gruppo di volontari si propone di sensibilizzare la popolazione della provincia sull&#8217;importanza della prevenzione.<\/p><\/blockquote>\n<p>&nbsp;<\/p>\n<p>&nbsp;<\/p>\n<hr \/>\n<p>&nbsp;<\/p>\n<blockquote>\n<h3>PELMO D&#8217;ORO 2022, OGGI VERRANNO COMUNICATI I NOMI DEI VINCITORI<\/h3>\n<\/blockquote>\n<p><strong>BELLUNO <\/strong>\u00c8 convocata per oggi alle 11.30 in Sala Piloni la conferenza stampa di presentazione del Pelmo d&#8217;Oro 2022, la 24\u00aa edizione. Nell&#8217;occasione, saranno annunciati i nomi dei vincitori e verr\u00e0 delineato il vasto programma di eventi culturali del Premio, che quest&#8217;anno si terr\u00e0 a Vigo di Cadore.<\/p>\n<p>&nbsp;<\/p>\n<hr \/>\n<p>&nbsp;<\/p>\n<blockquote>\n<h4>RISALE LA CURVA DEI CONTAGI, NESSUN DECESSO NEGLI ULTMI SETTE GIORNI<\/h4>\n<\/blockquote>\n<p>&nbsp;<\/p>\n<p><strong><a class=\"dt-pswp-item\" href=\"https:\/\/www.radiopiu.net\/wordpress\/wp-content\/uploads\/2022\/06\/grafico-1.jpg\" data-dt-img-description=\"\" data-large_image_width=\"591\" data-large_image_height=\"275\"><img loading=\"lazy\" decoding=\"async\" class=\"wp-image-282690 alignleft\" src=\"https:\/\/www.radiopiu.net\/wordpress\/wp-content\/uploads\/2022\/06\/grafico-1.jpg\" alt=\"\" width=\"234\" height=\"109\" srcset=\"https:\/\/www.radiopiu.net\/wordpress\/wp-content\/uploads\/2022\/06\/grafico-1.jpg 591w, https:\/\/www.radiopiu.net\/wordpress\/wp-content\/uploads\/2022\/06\/grafico-1-300x140.jpg 300w\" sizes=\"auto, (max-width: 234px) 100vw, 234px\" \/><\/a>BELLUNO<\/strong> Per la seconda settimana consecutiva la curva dei nuovi casi continua a salire. I nuovi casi rilevati nell\u2019ultima settimana sono 738 (+328 rispetto alla scorsa settimana), con un conseguente tasso di incidenza settimanale di 370 casi su 100 mila abitanti, sovrapponibile all&#8217;incidenza nazionale (371 su 100 mila abitanti). I Comuni che hanno registrato i maggiori numeri di casi nei sette giorni: Lamon, Vallada Agordina, Selva di Cadore. Otto i Comuni dove non sono stati registrati casi di covid, incidenza considerevole a Falcade, Canale d&#8217;Agordo, Agordo, Voltago, Rivamonte, Cesiomaggiore, Pedavena, Sovramonte, Feltre, Alano, Soverzene e Vodo, i nuovi casi si collocano prevalentemente nelle fasce centrali 25-64 anni. Sono attualmente ricoverati 15 pazienti in area non critica, 2 negli ospedali di comunit\u00e0.\u00a0 Nei sette giorni, nessun decesso.<\/p>\n<p><a class=\"dt-pswp-item\" href=\"https:\/\/www.radiopiu.net\/wordpress\/wp-content\/uploads\/2022\/06\/grafico.jpg\" data-dt-img-description=\"\" data-large_image_width=\"621\" data-large_image_height=\"618\"><img loading=\"lazy\" decoding=\"async\" class=\"alignnone wp-image-282689 \" src=\"https:\/\/www.radiopiu.net\/wordpress\/wp-content\/uploads\/2022\/06\/grafico.jpg\" alt=\"\" width=\"277\" height=\"276\" srcset=\"https:\/\/www.radiopiu.net\/wordpress\/wp-content\/uploads\/2022\/06\/grafico.jpg 621w, https:\/\/www.radiopiu.net\/wordpress\/wp-content\/uploads\/2022\/06\/grafico-300x300.jpg 300w, https:\/\/www.radiopiu.net\/wordpress\/wp-content\/uploads\/2022\/06\/grafico-150x150.jpg 150w\" sizes=\"auto, (max-width: 277px) 100vw, 277px\" \/><\/a><\/p>\n<p>&nbsp;<\/p>\n<p>&nbsp;<\/p>\n<hr \/>\n<blockquote>\n<h3><\/h3>\n<h3>Rilascio certificati per accesso al voto di soggetti isolati-quarantenati per COVID<\/h3>\n<p>Le persone interessate al turno di ballottaggio di domenica 26 giugno 2022 per il Comune di Feltre e che si trovano in condizione di isolamento domiciliare o quarantena per COVID, possono chiedere all\u2019Ulss il rilascio del certificato medico attestante tale condizione, al fine di richiedere al Comune di residenza l\u2019ammissione al voto, con modalit\u00e0 speciali. Le richieste di tali certificati vanno inviate via mail entro il 24 giugno 2022 a: certificati.elezioni@aulss1.veneto.it allegando copia di un documento di identit\u00e0.<\/p><\/blockquote>\n<p>&nbsp;<\/p>\n<hr \/>\n<p>&nbsp;<\/p>\n<p>&nbsp;<\/p>\n<p>&nbsp;<\/p>\n<blockquote class=\"wp-embedded-content\" data-secret=\"TvcxsbCfNF\"><p><a href=\"https:\/\/www.radiopiu.net\/wordpress\/aggnazionalegiugno20\/\">CORONAVIRUS: AGGIORNAMENTO NAZIONALE 20 GIUGNO 2022<\/a><\/p><\/blockquote>\n<p><iframe loading=\"lazy\" class=\"wp-embedded-content\" sandbox=\"allow-scripts\" security=\"restricted\" style=\"position: absolute; clip: rect(1px, 1px, 1px, 1px);\" title=\"&#8220;CORONAVIRUS: AGGIORNAMENTO NAZIONALE 20 GIUGNO 2022&#8221; &#8212; Radio Pi\u00f9\" src=\"https:\/\/www.radiopiu.net\/wordpress\/aggnazionalegiugno20\/embed\/#?secret=LkLwfbTzXX#?secret=TvcxsbCfNF\" data-secret=\"TvcxsbCfNF\" width=\"600\" height=\"338\" frameborder=\"0\" marginwidth=\"0\" marginheight=\"0\" scrolling=\"no\"><\/iframe><\/p>\n<p>&nbsp;<\/p>\n<blockquote class=\"wp-embedded-content\" data-secret=\"dbkF6xq0pS\"><p><a href=\"https:\/\/www.radiopiu.net\/wordpress\/aggazzerogiugno20\/\">AUMENTANO I RICOVERI IN VENETO. IN 24 ORE DUE DECESSI E 1174 NUOVI POSITIVI<\/a><\/p><\/blockquote>\n<p><iframe loading=\"lazy\" class=\"wp-embedded-content\" sandbox=\"allow-scripts\" security=\"restricted\" style=\"position: absolute; clip: rect(1px, 1px, 1px, 1px);\" title=\"&#8220;AUMENTANO I RICOVERI IN VENETO. IN 24 ORE DUE DECESSI E 1174 NUOVI POSITIVI&#8221; &#8212; Radio Pi\u00f9\" src=\"https:\/\/www.radiopiu.net\/wordpress\/aggazzerogiugno20\/embed\/#?secret=G61vOjMPyK#?secret=dbkF6xq0pS\" data-secret=\"dbkF6xq0pS\" width=\"600\" height=\"338\" frameborder=\"0\" marginwidth=\"0\" marginheight=\"0\" scrolling=\"no\"><\/iframe><\/p>\n<p>&nbsp;<\/p>\n<p>&nbsp;<\/p>\n<p>&nbsp;<\/p>\n<h2>I GRAFICI DI TIZIANO DE COL<\/h2>\n\n\t\t\t<style type='text\/css'>\n\t\t\t\t#gallery-1 {\n\t\t\t\t\tmargin: auto;\n\t\t\t\t}\n\t\t\t\t#gallery-1 .gallery-item {\n\t\t\t\t\tfloat: left;\n\t\t\t\t\tmargin-top: 10px;\n\t\t\t\t\ttext-align: center;\n\t\t\t\t\twidth: 33%;\n\t\t\t\t}\n\t\t\t\t#gallery-1 img {\n\t\t\t\t\tborder: 2px solid #cfcfcf;\n\t\t\t\t}\n\t\t\t\t#gallery-1 .gallery-caption {\n\t\t\t\t\tmargin-left: 0;\n\t\t\t\t}\n\t\t\t\t\/* see gallery_shortcode() in wp-includes\/media.php *\/\n\t\t\t<\/style>\n\t\t<div id='gallery-1' class='dt-gallery-container gallery galleryid-282540 gallery-columns-3 gallery-size-thumbnail'><dl class='gallery-item'>\n\t\t\t\t<dt class='gallery-icon landscape'>\n\t\t\t\t\t<a class=\"rollover rollover-zoom dt-pswp-item\" title=\"b53ab275-b340-44b5-a39e-83efc7050816\" data-dt-img-description=\"\" data-large_image_width=\"585\" data-large_image_height=\"364\"href='https:\/\/www.radiopiu.net\/wordpress\/wp-content\/uploads\/2022\/06\/b53ab275-b340-44b5-a39e-83efc7050816.jpg'><img loading=\"lazy\" decoding=\"async\" width=\"150\" height=\"150\" src=\"https:\/\/www.radiopiu.net\/wordpress\/wp-content\/uploads\/2022\/06\/b53ab275-b340-44b5-a39e-83efc7050816-150x150.jpg\" class=\"attachment-thumbnail size-thumbnail\" alt=\"\" \/><\/a>\n\t\t\t\t<\/dt><\/dl><dl class='gallery-item'>\n\t\t\t\t<dt class='gallery-icon landscape'>\n\t\t\t\t\t<a class=\"rollover rollover-zoom dt-pswp-item\" title=\"5adaba2e-8a38-4134-9b23-9fda6c4f0872\" data-dt-img-description=\"\" data-large_image_width=\"592\" data-large_image_height=\"357\"href='https:\/\/www.radiopiu.net\/wordpress\/wp-content\/uploads\/2022\/06\/5adaba2e-8a38-4134-9b23-9fda6c4f0872.jpg'><img loading=\"lazy\" decoding=\"async\" width=\"150\" height=\"150\" src=\"https:\/\/www.radiopiu.net\/wordpress\/wp-content\/uploads\/2022\/06\/5adaba2e-8a38-4134-9b23-9fda6c4f0872-150x150.jpg\" class=\"attachment-thumbnail size-thumbnail\" alt=\"\" \/><\/a>\n\t\t\t\t<\/dt><\/dl><dl class='gallery-item'>\n\t\t\t\t<dt class='gallery-icon landscape'>\n\t\t\t\t\t<a class=\"rollover rollover-zoom dt-pswp-item\" title=\"73a004bf-d954-48c4-85f3-665db1cd79bf\" data-dt-img-description=\"\" data-large_image_width=\"604\" data-large_image_height=\"356\"href='https:\/\/www.radiopiu.net\/wordpress\/wp-content\/uploads\/2022\/06\/73a004bf-d954-48c4-85f3-665db1cd79bf.jpg'><img loading=\"lazy\" decoding=\"async\" width=\"150\" height=\"150\" src=\"https:\/\/www.radiopiu.net\/wordpress\/wp-content\/uploads\/2022\/06\/73a004bf-d954-48c4-85f3-665db1cd79bf-150x150.jpg\" class=\"attachment-thumbnail size-thumbnail\" alt=\"\" \/><\/a>\n\t\t\t\t<\/dt><\/dl><br style=\"clear: both\" \/><dl class='gallery-item'>\n\t\t\t\t<dt class='gallery-icon landscape'>\n\t\t\t\t\t<a class=\"rollover rollover-zoom dt-pswp-item\" title=\"be7f9e85-2f78-4d1f-b41d-062f8e13fa2a\" data-dt-img-description=\"\" data-large_image_width=\"602\" data-large_image_height=\"358\"href='https:\/\/www.radiopiu.net\/wordpress\/wp-content\/uploads\/2022\/06\/be7f9e85-2f78-4d1f-b41d-062f8e13fa2a.jpg'><img loading=\"lazy\" decoding=\"async\" width=\"150\" height=\"150\" src=\"https:\/\/www.radiopiu.net\/wordpress\/wp-content\/uploads\/2022\/06\/be7f9e85-2f78-4d1f-b41d-062f8e13fa2a-150x150.jpg\" class=\"attachment-thumbnail size-thumbnail\" alt=\"\" \/><\/a>\n\t\t\t\t<\/dt><\/dl><dl class='gallery-item'>\n\t\t\t\t<dt class='gallery-icon landscape'>\n\t\t\t\t\t<a class=\"rollover rollover-zoom dt-pswp-item\" title=\"baeb5fa3-0265-450a-a2f3-f42313021608\" data-dt-img-description=\"\" data-large_image_width=\"612\" data-large_image_height=\"356\"href='https:\/\/www.radiopiu.net\/wordpress\/wp-content\/uploads\/2022\/06\/baeb5fa3-0265-450a-a2f3-f42313021608.jpg'><img loading=\"lazy\" decoding=\"async\" width=\"150\" height=\"150\" src=\"https:\/\/www.radiopiu.net\/wordpress\/wp-content\/uploads\/2022\/06\/baeb5fa3-0265-450a-a2f3-f42313021608-150x150.jpg\" class=\"attachment-thumbnail size-thumbnail\" alt=\"\" \/><\/a>\n\t\t\t\t<\/dt><\/dl><dl class='gallery-item'>\n\t\t\t\t<dt class='gallery-icon landscape'>\n\t\t\t\t\t<a class=\"rollover rollover-zoom dt-pswp-item\" title=\"2baed0c2-8d2a-4862-868d-0dccff394be6\" data-dt-img-description=\"\" data-large_image_width=\"612\" data-large_image_height=\"359\"href='https:\/\/www.radiopiu.net\/wordpress\/wp-content\/uploads\/2022\/06\/2baed0c2-8d2a-4862-868d-0dccff394be6.jpg'><img loading=\"lazy\" decoding=\"async\" width=\"150\" height=\"150\" src=\"https:\/\/www.radiopiu.net\/wordpress\/wp-content\/uploads\/2022\/06\/2baed0c2-8d2a-4862-868d-0dccff394be6-150x150.jpg\" class=\"attachment-thumbnail size-thumbnail\" alt=\"\" \/><\/a>\n\t\t\t\t<\/dt><\/dl><br style=\"clear: both\" \/>\n\t\t\t<\/div>\n\n<p>&nbsp;<\/p>\n<hr \/>\n<p>&nbsp;<\/p>\n<blockquote>\n<h3>NUOVO MEDICO PER LAMON E FONZASO<\/h3>\n<\/blockquote>\n<p><strong><a class=\"dt-pswp-item\" href=\"https:\/\/www.radiopiu.net\/wordpress\/wp-content\/uploads\/2020\/04\/Lamon-4.jpg\" data-dt-img-description=\"\" data-large_image_width=\"1024\" data-large_image_height=\"768\"><img loading=\"lazy\" decoding=\"async\" class=\"size-thumbnail wp-image-128216 alignleft\" src=\"https:\/\/www.radiopiu.net\/wordpress\/wp-content\/uploads\/2020\/04\/Lamon-4-150x150.jpg\" alt=\"\" width=\"150\" height=\"150\" \/><\/a>BELLUNO\u00a0<\/strong> L\u2019assistenza primaria nei comuni di Lamon e Fonzaso si rafforza con un nuovo medico di medicina generale che, in risposta agli appelli e alla campagna di incentivi con benefit avviata dall\u2019Azienda, ha dato la disponibilit\u00e0 per un incarico. Il professionista si trasferir\u00e0 sull\u2019altopiano dalla Puglia: \u00e8 stato supportato dal Comune di Lamon nella ricerca di un appartamento. L\u2019Ulss ha messo a disposizione gli ambulatori e il professionista potr\u00e0 usufruire degli incentivi per zona disagiata (pari ad \u20ac 6,20\/anno per assistito in carico). Il dottor Domenico Rosario Mancini prender\u00e0 servizio il 1\u00b0 luglio, nell\u2019ambito territoriale dei Comuni di Arsi\u00e8, Fonzaso, Lamon e Sovramonte, con incarico provvisorio di medico di assistenza primaria e con ambulatori a Lamon e Fonzaso. Saranno assegnati d\u2019ufficio al dr Mancini: \u00a0gli ex assistiti della dr.ssa Bratu, gi\u00e0 in carico ai dottori Tucci e Cito, \u00a0gli ex assistiti del dr Tollardo, gi\u00e0 in carico al dr. Caprio.<\/p>\n<p>&nbsp;<\/p>\n<p>&nbsp;<\/p>\n<hr \/>\n<p>&nbsp;<\/p>\n<blockquote>\n<h3>FRANCESCO FONTANIVE E LA SUA AZIENDA AGRICOLA A CANALE D&#8217;AGORDO<\/h3>\n<\/blockquote>\n<p><strong>CANALE D&#8217;AGORDO <\/strong>Come ogni lunedi Gianni Santomaso dalle pagine del Corriere delle Alpi racconta una storia, un personaggio, un pezzo di vita dell\u2019Agordino \u201cVivere l\u2019Agordino\u201d una raccolta spaccato di vita agordina con le immancabili vignette di Erica Andrich<\/p>\n<p><strong>di Gianni Santomaso<\/strong><\/p>\n<audio class=\"wp-audio-shortcode\" id=\"audio-282540-3\" preload=\"none\" style=\"width: 100%;\" controls=\"controls\"><source type=\"audio\/mpeg\" src=\"https:\/\/www.radiopiu.net\/wordpress\/wp-content\/uploads\/2022\/06\/GIANNI-SPECIALE-AGORDINO-FRANCESCO-FONTANIVE.mp3?_=3\" \/><a href=\"https:\/\/www.radiopiu.net\/wordpress\/wp-content\/uploads\/2022\/06\/GIANNI-SPECIALE-AGORDINO-FRANCESCO-FONTANIVE.mp3\">https:\/\/www.radiopiu.net\/wordpress\/wp-content\/uploads\/2022\/06\/GIANNI-SPECIALE-AGORDINO-FRANCESCO-FONTANIVE.mp3<\/a><\/audio>\n<p>&nbsp;<\/p>\n\n\t\t\t<style type='text\/css'>\n\t\t\t\t#gallery-2 {\n\t\t\t\t\tmargin: auto;\n\t\t\t\t}\n\t\t\t\t#gallery-2 .gallery-item {\n\t\t\t\t\tfloat: left;\n\t\t\t\t\tmargin-top: 10px;\n\t\t\t\t\ttext-align: center;\n\t\t\t\t\twidth: 50%;\n\t\t\t\t}\n\t\t\t\t#gallery-2 img {\n\t\t\t\t\tborder: 2px solid #cfcfcf;\n\t\t\t\t}\n\t\t\t\t#gallery-2 .gallery-caption {\n\t\t\t\t\tmargin-left: 0;\n\t\t\t\t}\n\t\t\t\t\/* see gallery_shortcode() in wp-includes\/media.php *\/\n\t\t\t<\/style>\n\t\t<div id='gallery-2' class='dt-gallery-container gallery galleryid-282540 gallery-columns-2 gallery-size-thumbnail'><dl class='gallery-item'>\n\t\t\t\t<dt class='gallery-icon landscape'>\n\t\t\t\t\t<a class=\"rollover rollover-zoom dt-pswp-item\" title=\"638fdb31-17e9-404e-875c-6fbe53817912\" data-dt-img-description=\"\" data-large_image_width=\"1600\" data-large_image_height=\"901\"href='https:\/\/www.radiopiu.net\/wordpress\/wp-content\/uploads\/2022\/06\/638fdb31-17e9-404e-875c-6fbe53817912.jpg'><img loading=\"lazy\" decoding=\"async\" width=\"150\" height=\"150\" src=\"https:\/\/www.radiopiu.net\/wordpress\/wp-content\/uploads\/2022\/06\/638fdb31-17e9-404e-875c-6fbe53817912-150x150.jpg\" class=\"attachment-thumbnail size-thumbnail\" alt=\"\" \/><\/a>\n\t\t\t\t<\/dt><\/dl><dl class='gallery-item'>\n\t\t\t\t<dt class='gallery-icon portrait'>\n\t\t\t\t\t<a class=\"rollover rollover-zoom dt-pswp-item\" title=\"0\" data-dt-img-description=\"\" data-large_image_width=\"1697\" data-large_image_height=\"1812\"href='https:\/\/www.radiopiu.net\/wordpress\/wp-content\/uploads\/2022\/06\/0-2.png'><img loading=\"lazy\" decoding=\"async\" width=\"150\" height=\"150\" src=\"https:\/\/www.radiopiu.net\/wordpress\/wp-content\/uploads\/2022\/06\/0-2-150x150.png\" class=\"attachment-thumbnail size-thumbnail\" alt=\"\" \/><\/a>\n\t\t\t\t<\/dt><\/dl><br style=\"clear: both\" \/>\n\t\t\t<\/div>\n\n<p>&nbsp;<\/p>\n<hr \/>\n<p>&nbsp;<\/p>\n<blockquote>\n<h3>L&#8217;ASSEMBLEA DELL&#8217;ASSOCIAZIONE BELLUNESI NEL MONDO<\/h3>\n<\/blockquote>\n<p><strong><a class=\"dt-pswp-item\" href=\"https:\/\/www.radiopiu.net\/wordpress\/wp-content\/uploads\/2022\/06\/58_assemblea_abm_emigranti.jpg\" data-dt-img-description=\"\" data-large_image_width=\"1600\" data-large_image_height=\"900\"><img loading=\"lazy\" decoding=\"async\" class=\"alignleft wp-image-282592 \" src=\"https:\/\/www.radiopiu.net\/wordpress\/wp-content\/uploads\/2022\/06\/58_assemblea_abm_emigranti-300x169.jpg\" alt=\"\" width=\"186\" height=\"105\" srcset=\"https:\/\/www.radiopiu.net\/wordpress\/wp-content\/uploads\/2022\/06\/58_assemblea_abm_emigranti-300x169.jpg 300w, https:\/\/www.radiopiu.net\/wordpress\/wp-content\/uploads\/2022\/06\/58_assemblea_abm_emigranti-1024x576.jpg 1024w, https:\/\/www.radiopiu.net\/wordpress\/wp-content\/uploads\/2022\/06\/58_assemblea_abm_emigranti-768x432.jpg 768w, https:\/\/www.radiopiu.net\/wordpress\/wp-content\/uploads\/2022\/06\/58_assemblea_abm_emigranti-1536x864.jpg 1536w, https:\/\/www.radiopiu.net\/wordpress\/wp-content\/uploads\/2022\/06\/58_assemblea_abm_emigranti.jpg 1600w\" sizes=\"auto, (max-width: 186px) 100vw, 186px\" \/><\/a>BELLUNO<\/strong> Belluno capitale triveneta dell\u2019emigrazione. Lo spera l\u2019Associazione Bellunesi nel Mondo, che da tempo ha avanzato la proposta (nel 2016 anche con una raccolta firme sottoposta al Ministero della Cultura) di allestire in citt\u00e0 un museo in ricordo di quell\u2019epopea di partenze che lungo tutto il Novecento ha visto protagonista il nordest italiano, Veneto in primis. Lo spera, e ora vede il traguardo un po\u2019 pi\u00f9 vicino, perch\u00e9 alla realizzazione hanno assicurato il proprio impegno il neo sindaco del capoluogo, Oscar De Pellegrin, e il ministro per i rapporti con il Parlamento, Federico D\u2019Inc\u00e0.\u00a0\u00a0 Presenti alla cinquantottesima assemblea dell\u2019Abm, entrambi hanno garantito che si attiveranno, in sinergia anche con il presidente della Provincia Roberto Padrin, affinch\u00e9 l\u2019obiettivo possa essere raggiunto. La sede sarebbe gi\u00e0 stata individuata: sorgerebbe in via Feltre, nell\u2019area del parcheggio Ex M.O.I. (di propriet\u00e0 comunale). Necessarie le risorse, capitolo su cui il numero uno dell\u2019associazione emigranti, Oscar De Bona, ha chiamato in causa il ministro D\u2019Inc\u00e0, chiedendo una sua collaborazione affinch\u00e9 possa bussare alle porte dei ministeri degli esteri e della cultura per un sostegno<em>. \u00abNon posso fare promesse \u2013 la risposta dello stesso D\u2019Inc\u00e0 \u2013 ma garantisco che lavoreremo affinch\u00e9 il polo museale del Triveneto possa nascere all\u2019interno della citt\u00e0 di Belluno\u00bb.<\/em> L\u2019assemblea annuale \u00e8 stata anche l\u2019occasione per richiamare l\u2019attenzione sulla nuova legge del Terzo Settore che sta mettendo in crisi diverse associazioni, molte delle quali si vedranno costrette a chiudere.<\/p>\n<p>&nbsp;<\/p>\n<hr \/>\n<p>&nbsp;<\/p>\n<blockquote>\n<h3><span style=\"font-size: small;\"><b>APPUNTAMENTI FORMATIVI DA NON PERDERE PER CANTAUTORI ED INTERPRETI<\/b><\/span><\/h3>\n<\/blockquote>\n<p><strong>BELLUNO<\/strong> Le proposte dell&#8217;a<span style=\"font-size: small;\">ssociazione Voice Care Music &amp; Art dopo tre anni di fermo.\u00a0 L\u2019estate inizier\u00e0 con la masterclass di Composizione per la Musica Pop con Giuseppe Barbera il 29-30 giugno. <span style=\"color: #1c1e21;\">I<\/span><span style=\"color: #1c1e21;\">l 9 e 10 luglio l\u2019Associazione ospiter\u00e0 Laura Valente, cantante dei Matia Bazar dal 1990 al 1998, attualmente docente presso l\u2019Accademia Bolognese del Cantautore. <\/span><\/span><span style=\"font-size: small;\"><span style=\"color: #1c1e21;\">Il terzo appuntamento \u00e8 affidato alla Vocal Coach. Danila Satragno. Ideatrice del <\/span><span style=\"color: #1c1e21;\">M<\/span><span style=\"color: #1c1e21;\">etodo Vocal Care, esplorer\u00e0 i segreti della voce e le sue potenzialit\u00e0 nell\u2019uso artistico performativo, dal wel<\/span><span style=\"color: #1c1e21;\">l<\/span><span style=\"color: #1c1e21;\">ness delle corde vocali, agli esercizi di riscaldamento e allenamento per arrivare alla performance live e in studio, all\u2019equilibrio psicofisico dell\u2019artista. <\/span><span style=\"color: #1c1e21;\">La master inizier\u00e0 il 9 agosto con un\u2019introduzione sul rapporto tra tecnica ed interpretazione emotiva affidata a Jessica Da Re tutor del metodo. <\/span><\/span><span style=\"font-size: small;\"><span style=\"color: #1c1e21;\">Le masterclass si svolgeranno presso la sede dell&#8217;associazione\u00a0 al Lago<\/span><span style=\"color: #1c1e21;\"> di Santa Croce<\/span><span style=\"color: #1c1e21;\"> in Comune d&#8217;Alpago<\/span><span style=\"color: #1c1e21;\">. <\/span><\/span><span style=\"font-size: small;\"><span style=\"color: #1c1e21;\">A completare l\u2019estate musicale, l\u2019appuntamento annuale con la musica circolare con Albert Hera e Stefano Baroni<\/span><span style=\"color: #1c1e21;\"> dal 28 al 31 luglio e<\/span><\/span><span style=\"color: #1c1e21; font-size: small;\"> la Masterclass di Pianoforte Classico con il Maestro Edoardo Maria Strabbioli\u00a0 dal 22 al 28 agosto. <\/span><span style=\"font-size: small;\"><span style=\"color: #1c1e21;\"><b>Per informazioni ed iscrizioni 3385230255 \u2013 <a href=\"mailto:voicecaremusic@gmail.com\">voicecaremusic@gmail.com<\/a><\/b><\/span><\/span><\/p>\n<p>&nbsp;<\/p>\n<hr \/>\n<p>&nbsp;<\/p>\n<blockquote>\n<h3>PER IL 25ESIMO COMPLEANNO DI GIORGIA, QUATTRO RICHIESTE DI CONTRIBUTO ESAUDITE<\/h3>\n<\/blockquote>\n<p><strong><img loading=\"lazy\" decoding=\"async\" class=\"alignleft\" src=\"https:\/\/www.radiopiu.net\/wordpress\/wp-content\/uploads\/2021\/10\/giorgia-praloran.jpg\" width=\"165\" height=\"149\" \/>BELLUNO<\/strong> Sono quattro le richieste di contributo accolte dall&#8217;associazione la Mongolfiera di Giorgia, tutte di bellunesi,soggetti con certificazione di disabilit\u00e0 grave.\u00a0 A S. 18 anni, 399 euro per l&#8217;acquisto di una sedia per doccia e piscina, completa di tavola di trasferimento; &#8211; a R. 23 anni, 3.216,56 euro per l&#8217;acquisto di una carrozzina superleggera con schienale reclinato; \u00a0a F. 23 anni, 797 euro per la fornitura di un corso di preparazione ai test per la facolt\u00e0 di medicina;<br \/>\n&#8211; a K. 24 anni, 2.080 euro per l&#8217;acquisto di n. 50 ore di musicoterapia. Stanziata la somma totale di 6.492,56 euro,di poco superiore alle previsioni.<em> &#8220;Sono tutti e quattro progetti che ci sono piaciuti subito &#8211; dice la presidente Ivana Turrin &#8211;\u00a0 ma lo ammettiamo, in particolare ha attirato la nostra attenzione il corso di preparazione ai test di ingresso all&#8217;universit\u00e0! speriamo davvero che aiuti il\/la nostro\/a beneficiario\/a ad esaudire il suo sogno di poter studiare medicina. Noi teniamo le dita incrociate. <\/em>Ieri\u00a0 \u00e8 stato emesso il secondo bando straordinario &#8220;CROCEBLu per Giorgia &#8211; 2022&#8221;. La Cooperativa di Belluno anche quest&#8217;anno ci ha fortunatamente scelti mettendo a disposizione due pacchetti da 10 sedute di fisioterapia, assumendosi tutte le spese. Il bando rester\u00e0 aperto fino al 19 di settembre, termine ultimo per la presentazione delle domande. Info sul sito <a href=\"http:\/\/www.lamongolfieradigiorgia.it\" target=\"_blank\" rel=\"noopener\">www.lamongolfieradigiorgia.it<\/a><\/p>\n<p>&nbsp;<\/p>\n<p>&nbsp;<\/p>\n<p>&nbsp;<\/p>\n<hr \/>\n<p>&nbsp;<\/p>\n<blockquote>\n<h3>LA MEGA PANCHINA AL CHERZ IN CONSIGLIO COMUNALE<\/h3>\n<\/blockquote>\n<p><strong><a class=\"dt-pswp-item\" href=\"https:\/\/www.radiopiu.net\/wordpress\/wp-content\/uploads\/2022\/06\/31507186_958994150934772_6729304727298768896_n.jpg\" data-dt-img-description=\"\" data-large_image_width=\"2048\" data-large_image_height=\"1154\"><img loading=\"lazy\" decoding=\"async\" class=\" wp-image-282158 alignleft\" src=\"https:\/\/www.radiopiu.net\/wordpress\/wp-content\/uploads\/2022\/06\/31507186_958994150934772_6729304727298768896_n-150x150.jpg\" alt=\"\" width=\"115\" height=\"115\" \/><\/a>LIVINALLONGO<\/strong> Giovedi alle 18 consiglio comunale, Ordine del giorno: variante al piano degli interventi; mutazione temporanea di destinazione del terreno sulla montagna di Cherz e concessione in uso a titolo gratuito, a favore dell&#8217;associazione Arabba Fodom Turismo, per la collocazione della panchina gigante. Altra mutazione temporanea di destinazione finalizzato alla realizzazione dei lavori di adeguamento normativo alle sorgenti Risa e Sief. In discussione anche le variazioni al bilancio. (foto facebook Adriana Zanoni, Mega panchina a Maroni, s. Maria in stelle)<\/p>\n<p>&nbsp;<\/p>\n<p>&nbsp;<\/p>\n<hr \/>\n<p>&nbsp;<\/p>\n<blockquote>\n<h3>IL BILANCIO DELL&#8217;ASCA ALL&#8217;ANALISI DEI CONSIGLIERI DI CANALE D&#8217;AGORDO<\/h3>\n<\/blockquote>\n<p><strong>CANALE D&#8217;AGORDO<\/strong> Giovedi alle 21 in sala Lina Zand\u00f2 consiglio comunale, all&#8217;ordine del giorno il bilancio dell&#8217;Asca, le variazioni al bilancio e il rendiconto della gestione dell&#8217;esercizio finanziario 2021.<\/p>\n<p>&nbsp;<\/p>\n<p>&nbsp;<\/p>\n<hr \/>\n<p>&nbsp;<\/p>\n<blockquote>\n<h3>UFFICI DI CONFCOMMERCIO A SANTO STEFANO CHIUSI PER IL SANTO PATRONO<\/h3>\n<\/blockquote>\n<p><strong>SANTO STEFANO<\/strong> Il prossimo venerdi\u0300 24 giugno gli uffici Confcommercio di S. Stefano di Cadore rimarranno chiusi per la festivita\u0300 del Santo Patrono. La sede Confcommercio di S. Stefano di Cadore riaprira\u0300 regolarmente al pubblico lunedi\u0300 27 giugno. Eventuali urgenze relative ai Servizi Contabilita\u0300 e Redditi saranno gestite dagli uffici Confcommercio di Pieve di Cadore (tel. 0435 500132, email pieve@ascombelluno.it). Per eventuali urgenze relative invece al solo Servizio Paghe e\u0300 a disposizione l\u2019ufficio di Belluno (tel. 0437 215232, paghe@ascombelluno.it).<\/p>\n<div class=\"page\" title=\"Page 1\">\n<div class=\"section\">\n<div class=\"layoutArea\">\n<div class=\"column\">\n<p>&nbsp;<\/p>\n<p>&nbsp;<\/p>\n<hr \/>\n<p>&nbsp;<\/p>\n<blockquote>\n<h3>LA BUROCRAZIA COSTA AI COMUNI 14,5 MILIARDI ALL\u2019ANNO, PRATICAMENTE 251 EURO A CITTADINO<\/h3>\n<\/blockquote>\n<p><strong><a class=\"dt-pswp-item\" href=\"https:\/\/www.radiopiu.net\/wordpress\/wp-content\/uploads\/2022\/06\/Schermata-2022-06-20-alle-10.42.29.png\" data-dt-img-description=\"\" data-large_image_width=\"1386\" data-large_image_height=\"1088\"><img loading=\"lazy\" decoding=\"async\" class=\"alignleft wp-image-282601 \" src=\"https:\/\/www.radiopiu.net\/wordpress\/wp-content\/uploads\/2022\/06\/Schermata-2022-06-20-alle-10.42.29-300x235.png\" alt=\"\" width=\"237\" height=\"186\" srcset=\"https:\/\/www.radiopiu.net\/wordpress\/wp-content\/uploads\/2022\/06\/Schermata-2022-06-20-alle-10.42.29-300x235.png 300w, https:\/\/www.radiopiu.net\/wordpress\/wp-content\/uploads\/2022\/06\/Schermata-2022-06-20-alle-10.42.29-1024x804.png 1024w, https:\/\/www.radiopiu.net\/wordpress\/wp-content\/uploads\/2022\/06\/Schermata-2022-06-20-alle-10.42.29-768x603.png 768w, https:\/\/www.radiopiu.net\/wordpress\/wp-content\/uploads\/2022\/06\/Schermata-2022-06-20-alle-10.42.29.png 1386w\" sizes=\"auto, (max-width: 237px) 100vw, 237px\" \/><\/a>VENEZIA <\/strong>La burocrazia \u201csoffoca\u201d anche i Comuni, soprattutto quelli di piccolissima dimensione. Tuttavia, a pagare il conto pi\u00f9 salato \u00a0sono i cittadini che devono sostenere un costo aggiuntivo pro capite pari a 251 euro all\u2019anno, che, in termini complessivi, sfiora i 14,5 miliardi di euro. Infatti, per poter ottemperare agli adempimenti richiesti dal legislatore e alle disposizioni\/procedure fissate dai ministeri, \u00e8 necessario utilizzare molto personale e impegnare tanto tempo che, invece,\u00a0 potrebbero essere investiti pi\u00f9 proficuamente per erogare ulteriori servizi, in particolar modo a cittadini e imprese. L\u2019analisi \u00e8 stata realizzata dall\u2019Ufficio studi della CGIA per conto dell\u2019ASMEL<a href=\"#_ftn1\" name=\"_ftnref1\">[1]<\/a>.<\/p>\n<p><strong>L\u2019unit\u00e0 di misura: costo servizi generali su spesa corrente <\/strong><\/p>\n<p>Questo approfondimento ha ricevuto lo spunto dall\u2019osservazione dei dati riferiti alla missione numero 1 dei bilanci comunali che, con buona approssimazione, misurano le spese di funzionamento della macchina amministrativa comunale; rapportando tale aggregato alla spesa corrente totale in capo a ciascun Comune<a href=\"#_ftn2\" name=\"_ftnref2\">[2]<\/a>, il risultato individua la quota di risorse assorbite annualmente dalla burocrazia. Tale aggregato di bilancio comprende servizi come la \u201cgestione economica, finanziaria, programmazione e provveditorato\u201d, l\u2019 \u201cufficio tecnico\u201d, la \u201cgestione delle entrate tributarie e i servizi fiscali\u201d, la \u201cgestione dei beni demaniali e patrimoniali\u201d e le \u201crisorse umane\u201d. E\u2019 bene comunque sottolineare che un elevato valore di questo aggregato non necessariamente corrisponde a una gestione inefficiente delle risorse o, peggio ancora, a sprechi e a sperperi. Queste voci, infatti, \u00a0includono anche servizi di carattere prettamente istituzionale &#8211; come le \u201celezioni e consultazioni popolari\u201d, l\u2019 \u201canagrafe e lo stato civile\u201d e gli \u201corgani istituzionali\u201d &#8211; che hanno costi e dimensioni occupazionali spesso non ulteriormente \u201ccomprimibili\u201d.<\/p>\n<p><strong>I costi della burocrazia <\/strong><\/p>\n<p>Sebbene negli ultimi anni l\u2019incidenza delle spese per i servizi generali, amministrativi e di gestione sulla spesa corrente sia leggermente in calo, nel 2020 (ultimo anno in cui i dati sono disponibili), si \u00e8 attestata al 27 per cento (-1,1 per cento rispetto al 2016).\u00a0 Per i 7.900 Comuni presenti nel Paese, questa incidenza presenta un costo annuo, in termini complessivi, pari a 14,5 miliardi di euro. Come dicevamo pi\u00f9 sopra, a fronte di una media generale pari a 251 euro procapite, le amministrazioni comunali pi\u00f9 piccole (fino a 5 mila abitanti) registrano il costo pi\u00f9 elevato (344 euro procapite): seguono i municipi con oltre 60 mila abitanti (259 euro) e quelli\u00a0 con classi demografiche intermedie (238 euro per i Comuni tra i 5 e i 10 mila abitanti, 212 euro per quelli fra i 10 e i 20 mila abitanti e, infine, 208 euro per le amministrazioni fra i 20 e i 60 mila abitanti) (vedi Graf. 1).<\/p>\n<p><strong><a class=\"dt-pswp-item\" href=\"https:\/\/www.radiopiu.net\/wordpress\/wp-content\/uploads\/2022\/06\/Schermata-2022-06-20-alle-10.44.10.png\" data-dt-img-description=\"\" data-large_image_width=\"912\" data-large_image_height=\"1382\"><img loading=\"lazy\" decoding=\"async\" class=\"alignright wp-image-282602 size-medium\" src=\"https:\/\/www.radiopiu.net\/wordpress\/wp-content\/uploads\/2022\/06\/Schermata-2022-06-20-alle-10.44.10-198x300.png\" alt=\"\" width=\"198\" height=\"300\" srcset=\"https:\/\/www.radiopiu.net\/wordpress\/wp-content\/uploads\/2022\/06\/Schermata-2022-06-20-alle-10.44.10-198x300.png 198w, https:\/\/www.radiopiu.net\/wordpress\/wp-content\/uploads\/2022\/06\/Schermata-2022-06-20-alle-10.44.10-676x1024.png 676w, https:\/\/www.radiopiu.net\/wordpress\/wp-content\/uploads\/2022\/06\/Schermata-2022-06-20-alle-10.44.10-768x1164.png 768w, https:\/\/www.radiopiu.net\/wordpress\/wp-content\/uploads\/2022\/06\/Schermata-2022-06-20-alle-10.44.10.png 912w\" sizes=\"auto, (max-width: 198px) 100vw, 198px\" \/><\/a>A livello territoriale soffre soprattutto il Sud<\/strong><\/p>\n<p>Al netto della situazione presente in Valle d\u2019Aosta (incidenza della spesa servizi generali-amministrativi su spesa corrente totale del 41,8 per cento, per un costo totale pari a 97 milioni), a livello territoriale a soffrire maggiormente il peso dell\u2019oppressione burocratica sono le realt\u00e0 amministrative ubicate nelle regioni del Mezzogiorno. Basilicata con il 34,6 per cento (pari a un costo totale annuo di 152 milioni di euro), Molise con il 34,5 per cento (93 milioni di euro), Sicilia con il 33 per cento (973 milioni di euro) e la Calabria con il 32,8 per cento (513 milioni di euro) registrano le situazioni pi\u00f9 critiche. Le regioni meno investite da queste criticit\u00e0, invece, sono la Puglia con una incidenza del 24,7 per cento (costo annuo di 738 milioni di euro complessivi), la Lombardia con il 24 per cento (2,1 miliardi di euro) e, infine, il Lazio con il 22,6 per cento (1,5 miliardi di euro) (vedi Tab. 1).<\/p>\n<p><a href=\"#_ftnref1\" name=\"_ftn1\">[1]<\/a> Associazione per la Sussidiariet\u00e0 e la Modernizzazione degli Enti Locali che rappresenta oltre 3.800 Comuni presenti in tutt\u2019Italia.<\/p>\n<p><a href=\"#_ftnref2\" name=\"_ftn2\">[2]<\/a> Nel 2020 l\u2019importo totale al netto del servizio rifiuti era di 44 miliardi di euro.<\/p>\n<p>\u201c<em>In altri termini &#8211; rileva Francesco Pinto Segretario generale ASMEL &#8211; sono proprio le amministrazioni pi\u00f9 svantaggiate, le pi\u00f9 piccole e quelle ubicate al Sud, a soffrire di pi\u00f9 per l\u2019incidenza di una burocrazia eccessiva. Ormai nei Comuni il peso di adempimenti, spesso puramente formali o ridondanti, rappresenta sempre pi\u00f9 l\u2019ostacolo maggiore al buon funzionamento degli Enti. Un allarme simile a quello lanciato dalle Pmi e il fatto che ora venga denunciato da strutture pubbliche la dice lunga sui guasti generati dall\u2019eccesso di regolazione, vera zavorra del sistema Italia\u201d.\u00a0\u00a0<\/em><\/p>\n<p>&nbsp;<\/p>\n<hr \/>\n<p>&nbsp;<\/p>\n<p>&nbsp;<\/p>\n<blockquote>\n<h3>UN SECOLO FA L\u2019APERTURA NEL CANALE DEL MIS DELLA STRADA CAMIONABILE DI 11 CHILOMETRI<\/h3>\n<\/blockquote>\n<p><strong>di RENATO BONA<\/strong><\/p>\n<p>\u201cUn secolo in corriera nella provincia di Belluno\u201d (che \u00e8 il titolo dell\u2019ottimo libro realizzato ad iniziativa di Dolomitibus nel luglio 2000 da Renato Fiabane e Lionello Fiori, stampa tipografia Piave e insostituibile collaborazione di Gianni De Vecchi) grazie alle notizie fornite dalla prof. Giovanna Doglioni di Sospirolo, rende attualissima l\u2019apertura del nostro servizio ricordando che \u201cFu con un articolo apparso sulla rivista mensile del Touring Club Italiano \u201cLe Vie d\u2019Italia\u201d, che il generale Antonio Dal Fabbro dava comunicazione dell\u2019apertura, nell\u2019anno 1922, della strada nel Canale del Mis. La prima camionabile che attraversava quella impervia valle, precedentemente percorsa solo da mulattiere tanto che prima della sua costruzione nessun commercio, nessuna relazione poteva stabilirsi fra la conca di Gosaldo e la vallata bellunese\u201d. Si trattava come appare dal libro di Fiabane-Fiori di \u201cun ardito percorso lungo undici chilometri, passando da una sponda all\u2019altra della strettissima valle, attraverso 9 tra ponti e ponticelli e 7 gallerie, che permise l\u2019istituzione nello stesso anno di un servizio giornaliero di trasporti, ad opera della societ\u00e0 \u2018Doglioni e Martini\u2019 di Sospirolo, con un automezzo, con la carrozzeria in legno e i sedili costituiti da panchine trasversali pure in legno, chiamato \u2018corriera automobile\u2019 dal generale Dal Fabbro. Con la strada, nuove opportunit\u00e0 di comunicazione furono offerte agli abitanti del Canale del Mis e di Gosaldo. Davvero un peccato che la \u201cDoglioni e Martini\u201d abbia cessato la propria attivit\u00e0 in Valle del Mis nel 1927-28 quando le subentr\u00f2 nel servizio la ditta Buzzatti di Bribano. E a proposito di anniversari: va ricordato che nel 1962, sessant\u2019anni fa, inizi\u00f2 l\u2019attivit\u00e0 della ditta di autoservizi Monego di Santa Giustina Bellunese di cui era titolare Damiano, con la linea Santa Giustina-Cergnai-Campel, utilizzando un OM Supertaurus acquistato dalla ditta Mognol che era fallita, e un autobus Alfa Romeo 450 a quattro marce dalla ditta Andreella di Ponte nelle Alpi. Del 1964 l\u2019acquisto di una vettura nuova: una Fiat 309\/1 carrozzata Pietroboni che serviva come corriera di linea e da turismo, per il trasporto degli emigranti e per servizi richiesti dai Patronati scolastici. Nel 1972 l\u2019acquisto di un Fiat 306\/3 da noleggio da rimessa, sostituito successivamente con un Fiat 343 nuovo carrozzato Dalla Via. Con l\u2019attivazione dello stabilimento di confezioni \u201cSan Remo\u201d prima a Bribano e successivamente a Mier di Belluno si rese necessario il trasporto per due anni delle maestranze a Caerano San Marco per il periodo di addestramento nel Trevigiano. Per l\u2019attivit\u00e0 alla \u201cSan Remo\u201d dalla Autoservizi Monego furono attivate due linee: la prima, Lamon-Arsi\u00e8-Mier, la seconda Sovramonte-Fonzaso-Arten-Mier. Con l\u2019aumento del lavoro, l\u2019azienda ampli\u00f2 e progressivamente sostitu\u00ec il parco macchine acquistando un Lancia Esatau carrozzato Orlandi, un Fiat 682 Menarini, un Fiat 370 nuovo carrozzato Camedri, un Tigrotto carrozzato Pietroboni, un Fiat 370 Padane nuovo, un Poker Orlandi, un Neoplan 116 usati, un Volvo Bom 10, un altro Volvo nuovo del tipo Italia 99 e due Serra, uno del tipo 209 e l\u2019altro un 215. Dal 1997 la ditta cedette la linea Santa Giustina-Cergnai-Campel, gli autonoleggi e i servizi atipici a Luca Monego, figlio del titolare. Tuttora la ditta Monego possiede due corriere da noleggio, sette scuolabus e un minibus. Mezzo secolo abbondante prima, nel 1910, era nato nel Feltrino il servizio per il trasporto delle persone e della posta nella tratta Cesio-Soranzen-Feltre, ad iniziativa di Giovanni Cecchin detto \u201cTiziot\u201d, cui successivamente subentr\u00f2 il figlio Giorgio fino al 1932-35 quando a sua volta fu rilevato dalla ditta Mognol, che operava con un Taurus. Dopo il 1950 \u2013 notizie fornite agli autori del libro da Erminio De Col di Cesiomaggiore &#8211; il trasporto viaggiatori e postale si estese alla linea Feltre-Soranzen-Cesio-San Gregorio-Santa Giustina-Belluno dato che era stata allargata la strada consentendo il passaggio della corriera. La stessa ditta Mognol avvi\u00f2 nel 1952 la linea Cesiomaggiore-Pez-Villapaiera-Feltre e cinque anni pi\u00f9 tardi venne istituito il servizio urbano Feltre-Villabruna-Vignui-Lasen-Arson e Feltre-Zermen-Vellai, Feltre-Villapaiera-Nemeggio-Pont-Feltre, utilizzando tre autobus piccoli: due Bianchi Visconteo (usati) con motore dell\u2019OM Leoncino e un Monotral (Tigrotto) nuovo, con trazione anteriore, carrozzato dalla ditta Pietroboni, passato poi nel 1959 al servizio urbano di Santa Giustina. Dal 1958-59 la Feltre-Soranzen-Cesio-San Gregorio-Santa Giustina-Belluno veniva effettuata giornalmente. Nel 1961 la Mognol cedette ai Buzzatti la linea Feltre-Cesio-San Gregorio-Belluno assieme al personale e alle autocorriere. L\u2019anno seguente fu ceduto il servizio urbano di Santa Giustina alla Monego Damiano, e quello di Feltre alle ditte Buzzatti e Zasio e a quel punto la Mognol cess\u00f2 definitivamente l\u2019attivit\u00e0.<\/p>\n\n\t\t\t<style type='text\/css'>\n\t\t\t\t#gallery-3 {\n\t\t\t\t\tmargin: auto;\n\t\t\t\t}\n\t\t\t\t#gallery-3 .gallery-item {\n\t\t\t\t\tfloat: left;\n\t\t\t\t\tmargin-top: 10px;\n\t\t\t\t\ttext-align: center;\n\t\t\t\t\twidth: 25%;\n\t\t\t\t}\n\t\t\t\t#gallery-3 img {\n\t\t\t\t\tborder: 2px solid #cfcfcf;\n\t\t\t\t}\n\t\t\t\t#gallery-3 .gallery-caption {\n\t\t\t\t\tmargin-left: 0;\n\t\t\t\t}\n\t\t\t\t\/* see gallery_shortcode() in wp-includes\/media.php *\/\n\t\t\t<\/style>\n\t\t<div id='gallery-3' class='dt-gallery-container gallery galleryid-282540 gallery-columns-4 gallery-size-thumbnail'><dl class='gallery-item'>\n\t\t\t\t<dt class='gallery-icon landscape'>\n\t\t\t\t\t<a class=\"rollover rollover-zoom dt-pswp-item\" title=\"288326707_3157899187804024_8565281815765484153_n\" data-dt-img-description=\"\" data-large_image_width=\"228\" data-large_image_height=\"203\"href='https:\/\/www.radiopiu.net\/wordpress\/wp-content\/uploads\/2022\/06\/288326707_3157899187804024_8565281815765484153_n.jpg'><img loading=\"lazy\" decoding=\"async\" width=\"150\" height=\"150\" src=\"https:\/\/www.radiopiu.net\/wordpress\/wp-content\/uploads\/2022\/06\/288326707_3157899187804024_8565281815765484153_n-150x150.jpg\" class=\"attachment-thumbnail size-thumbnail\" alt=\"\" \/><\/a>\n\t\t\t\t<\/dt><\/dl><dl class='gallery-item'>\n\t\t\t\t<dt class='gallery-icon landscape'>\n\t\t\t\t\t<a class=\"rollover rollover-zoom dt-pswp-item\" title=\"288953769_1039992463388954_4004690789109285843_n\" data-dt-img-description=\"\" data-large_image_width=\"364\" data-large_image_height=\"206\"href='https:\/\/www.radiopiu.net\/wordpress\/wp-content\/uploads\/2022\/06\/288953769_1039992463388954_4004690789109285843_n.jpg'><img loading=\"lazy\" decoding=\"async\" width=\"150\" height=\"150\" src=\"https:\/\/www.radiopiu.net\/wordpress\/wp-content\/uploads\/2022\/06\/288953769_1039992463388954_4004690789109285843_n-150x150.jpg\" class=\"attachment-thumbnail size-thumbnail\" alt=\"\" \/><\/a>\n\t\t\t\t<\/dt><\/dl><dl class='gallery-item'>\n\t\t\t\t<dt class='gallery-icon landscape'>\n\t\t\t\t\t<a class=\"rollover rollover-zoom dt-pswp-item\" title=\"288268141_1431362750668718_4960094216822668579_n\" data-dt-img-description=\"\" data-large_image_width=\"345\" data-large_image_height=\"206\"href='https:\/\/www.radiopiu.net\/wordpress\/wp-content\/uploads\/2022\/06\/288268141_1431362750668718_4960094216822668579_n.jpg'><img loading=\"lazy\" decoding=\"async\" width=\"150\" height=\"150\" src=\"https:\/\/www.radiopiu.net\/wordpress\/wp-content\/uploads\/2022\/06\/288268141_1431362750668718_4960094216822668579_n-150x150.jpg\" class=\"attachment-thumbnail size-thumbnail\" alt=\"\" \/><\/a>\n\t\t\t\t<\/dt><\/dl><dl class='gallery-item'>\n\t\t\t\t<dt class='gallery-icon landscape'>\n\t\t\t\t\t<a class=\"rollover rollover-zoom dt-pswp-item\" title=\"288748285_777377009928172_2626715723842867376_n\" data-dt-img-description=\"\" data-large_image_width=\"320\" data-large_image_height=\"201\"href='https:\/\/www.radiopiu.net\/wordpress\/wp-content\/uploads\/2022\/06\/288748285_777377009928172_2626715723842867376_n.jpg'><img loading=\"lazy\" decoding=\"async\" width=\"150\" height=\"150\" src=\"https:\/\/www.radiopiu.net\/wordpress\/wp-content\/uploads\/2022\/06\/288748285_777377009928172_2626715723842867376_n-150x150.jpg\" class=\"attachment-thumbnail size-thumbnail\" alt=\"\" \/><\/a>\n\t\t\t\t<\/dt><\/dl><br style=\"clear: both\" \/><dl class='gallery-item'>\n\t\t\t\t<dt class='gallery-icon landscape'>\n\t\t\t\t\t<a class=\"rollover rollover-zoom dt-pswp-item\" title=\"288493089_387855166736634_7914109791785679920_n\" data-dt-img-description=\"\" data-large_image_width=\"280\" data-large_image_height=\"201\"href='https:\/\/www.radiopiu.net\/wordpress\/wp-content\/uploads\/2022\/06\/288493089_387855166736634_7914109791785679920_n.jpg'><img loading=\"lazy\" decoding=\"async\" width=\"150\" height=\"150\" src=\"https:\/\/www.radiopiu.net\/wordpress\/wp-content\/uploads\/2022\/06\/288493089_387855166736634_7914109791785679920_n-150x150.jpg\" class=\"attachment-thumbnail size-thumbnail\" alt=\"\" \/><\/a>\n\t\t\t\t<\/dt><\/dl><dl class='gallery-item'>\n\t\t\t\t<dt class='gallery-icon landscape'>\n\t\t\t\t\t<a class=\"rollover rollover-zoom dt-pswp-item\" title=\"288883055_557963672597045_9170838388276308926_n\" data-dt-img-description=\"\" data-large_image_width=\"339\" data-large_image_height=\"206\"href='https:\/\/www.radiopiu.net\/wordpress\/wp-content\/uploads\/2022\/06\/288883055_557963672597045_9170838388276308926_n.jpg'><img loading=\"lazy\" decoding=\"async\" width=\"150\" height=\"150\" src=\"https:\/\/www.radiopiu.net\/wordpress\/wp-content\/uploads\/2022\/06\/288883055_557963672597045_9170838388276308926_n-150x150.jpg\" class=\"attachment-thumbnail size-thumbnail\" alt=\"\" \/><\/a>\n\t\t\t\t<\/dt><\/dl><dl class='gallery-item'>\n\t\t\t\t<dt class='gallery-icon portrait'>\n\t\t\t\t\t<a class=\"rollover rollover-zoom dt-pswp-item\" title=\"288464085_709131800319863_4136563367497500406_n\" data-dt-img-description=\"\" data-large_image_width=\"160\" data-large_image_height=\"222\"href='https:\/\/www.radiopiu.net\/wordpress\/wp-content\/uploads\/2022\/06\/288464085_709131800319863_4136563367497500406_n.jpg'><img loading=\"lazy\" decoding=\"async\" width=\"150\" height=\"150\" src=\"https:\/\/www.radiopiu.net\/wordpress\/wp-content\/uploads\/2022\/06\/288464085_709131800319863_4136563367497500406_n-150x150.jpg\" class=\"attachment-thumbnail size-thumbnail\" alt=\"\" \/><\/a>\n\t\t\t\t<\/dt><\/dl>\n\t\t\t\t<br style='clear: both' \/>\n\t\t\t<\/div>\n\n<p>NELLE FOTO (riproduzioni dal libro \u201cUn secolo in corriera nella provincia di Belluno\u201d): la copertina del libro di Fiabane-Fiori; la corriera di linea Santa Giustina-Sospirolo-Gosaldo, anni \u201820; la famosa Fiat 507 rossa col suo autista Carlo Bissoli: faceva servizio sulla linea che collegava California a Bribano attraverso la Valle del Mis; anni \u201920: festa a Sospirolo, sullo sfondo corriera della ditta Doglioni-Martini che faceva servizio nella Valle del Mis; anno 1948, l\u2019autista della ditta Mognol posa davanti al radiatore della OM Taurus in servizio sulla Feltre-Villapaiera-Pez-Cesio; Fiat 309\/1 del 1964 e OM Tigrotto del 1959, carrozzati Pietroboni, della ditta Monego Damiano; anni \u201860 pullman OM Superorione della ditta Mognol di Cesiomaggiore, a Lourdes in occasione di un pellegrinaggio.<\/p>\n<p>&nbsp;<\/p>\n<p>&nbsp;<\/p>\n<p>&nbsp;<\/p>\n<hr \/>\n<p>&nbsp;<\/p>\n<\/div>\n<\/div>\n<\/div>\n<\/div>\n<blockquote>\n<h3>UN INCONTRO CON IL DOTTOR ALBERTO PELLAI PER PARLARE DI ADOLESCENTI<\/h3>\n<\/blockquote>\n<p><strong>BELLUNO\u00a0 <\/strong>Il Dipartimento Dipendenze dell\u2019Ulss Dolomiti organizza un incontro con Alberto Pellai \u2013 medico, psicoterapeuta dell\u2019et\u00e0 evolutiva e scrittore &#8211; rivolto a genitori e adulti di riferimento degli adolescenti per condividere alcuni spunti e riflessioni su come accompagnare i ragazzi nella crescita nella delicata fase dell\u2019adolescenza, in particolare ponendo l\u2019attenzione sull\u2019intercettare il disagio causato dalla pandemia. L\u2019incontro si terr\u00e0 oggi alle 20.30 a Belluno presso la sala E. Dal Pont Bianchi \u2013 Viale Fantuzzi 11. La partecipazione \u00e8 gratuita e si richiede l\u2019uso della mascherina. I posti disponibili sono limitati e per questo motivo \u00e8 necessaria la prenotazione al seguente link: <a href=\"https:\/\/bit.ly\/3HoYXUx\">https:\/\/bit.ly\/3HoYXUx<\/a><\/p>\n<p>&nbsp;<\/p>\n<p>&nbsp;<\/p>\n<hr \/>\n<p>&nbsp;<\/p>\n<blockquote>\n<h3>GRANDE FESTA AI PIANI DI PEZZE&#8217; PER GLI ALPINI DI ALLEGHE<\/h3>\n<\/blockquote>\n<p><strong><a class=\"dt-pswp-item\" href=\"https:\/\/www.radiopiu.net\/wordpress\/wp-content\/uploads\/2022\/05\/alpini-647542_960_720.jpg\" data-dt-img-description=\"\" data-large_image_width=\"960\" data-large_image_height=\"640\"><img loading=\"lazy\" decoding=\"async\" class=\"size-thumbnail wp-image-275532 alignleft\" src=\"https:\/\/www.radiopiu.net\/wordpress\/wp-content\/uploads\/2022\/05\/alpini-647542_960_720-150x150.jpg\" alt=\"\" width=\"150\" height=\"150\" \/><\/a>ALLEGHE <\/strong>Come accade da anni, la prima domenica di luglio, il gruppo alpini \u201cMonte Civetta\u201d di Alleghe organizza l\u2019annuale incontro alpino ai Piani di Pezz\u00e8. Particolarmente significativo il raduno di quest\u2019anno che coincide con il 45\u00b0 anniversario di costruzione della chiesetta alpina dedicata a S. Antonio da Padova. Per rendere pi\u00f9 solenne tale ricorrenza sar\u00e0 celebrata una S. Messa in memoria di tutti gli alpini ed alpinisti \u201candati avanti\u201d. Per domenica 3 luglio il programma sar\u00e0 il seguente: alle 11.00 ritrovo dei partecipanti ai Piani di Pezz\u00e8; 11.20 alzabandiera; 11.30 S. Messa celebrata dal Parroco Don Franco Decima con la partecipazione del Coro Alpino \u201cMonte Civetta\u201d di Alleghe; 12.15 breve saluto agli intervenuti; 12.30 ristoro alpino sotto il tendone con degustazione piatti tipici. Si ricorda inoltre che i Piani di Pezz\u00e8 possono essere raggiunti facilmente con la cabinovia che parte da Alleghe. Gli alpini di Alleghe vi aspettano numerosi per trascorrere una giornata in allegria e a contatto con la natura.<\/p>\n<p>&nbsp;<\/p>\n<p>&nbsp;<\/p>\n<hr \/>\n<p>&nbsp;<\/p>\n<blockquote>\n<h3>SABATO 2 LUGLIO L&#8217;INAUGURAZIONE DELLA SCHOLA DEI BATTUTI A VALLADA<\/h3>\n<\/blockquote>\n<p><strong><a class=\"dt-pswp-item\" href=\"https:\/\/www.radiopiu.net\/wordpress\/wp-content\/uploads\/2022\/06\/Schola-dei-Battuti-presso-San-Simon-Vallada-Agordina.jpg\" data-dt-img-description=\"\" data-large_image_width=\"1600\" data-large_image_height=\"1200\"><img loading=\"lazy\" decoding=\"async\" class=\"size-thumbnail wp-image-280948 alignleft\" src=\"https:\/\/www.radiopiu.net\/wordpress\/wp-content\/uploads\/2022\/06\/Schola-dei-Battuti-presso-San-Simon-Vallada-Agordina-150x150.jpg\" alt=\"\" width=\"150\" height=\"150\" \/><\/a>VALLADA<\/strong> La Parrocchia di San Simone Apostolo di Vallada, il comune e la Fondazione Papa Luciani di Canale D&#8217;Agordo sono lieti di annunciare che sabato 2 luglio alle 16 a San Simon di Vallada verr\u00e0 inaugurata la Schola Dei Battuti. Saranno presenti il Vescovo di Belluno e Feltre Renato Marangoni, Don Vito De Vido parroco di Vallada, l&#8217;amministratore parrocchiale di Vallada Matteo Colle, il sindaco di Vallada Fabio Lucchetta, Mauro Soppelsa presidente del GAL Alto Bellunese e la Fondazione Cariverona. Interverranno Monsignor Giacomo Mazzorana direttore dell&#8217;ufficio beni culturali della diocesi di Belluno e Feltre, Loris Serafini direttore della Fondazione Papa Luciani, Gloria Manera progettista e direttore dei lavori e l&#8217;autore dell&#8217;opuscolo relativo alla Schola Dei Battuti. Moderer\u00e0 l&#8217;incontro Luca Lucchetta ex sindaco di Vallada. Alle 17 sul piazzale antistante la chiesa di San Simon il concerto della Banda Centrale di Zugliano diretta da Sandro Maculan. In caso di pioggia il concerto si terr\u00e0 al Nof Fil\u00f2 di Cencenighe.<\/p>\n<p><strong>DI GIANNI SANTOMASO<\/strong><\/p>\n<audio class=\"wp-audio-shortcode\" id=\"audio-282540-4\" preload=\"none\" style=\"width: 100%;\" controls=\"controls\"><source type=\"audio\/mpeg\" src=\"https:\/\/www.radiopiu.net\/wordpress\/wp-content\/uploads\/2022\/06\/GIANNI-SCHOLA-DEI-BATTUTI.mp3?_=4\" \/><a href=\"https:\/\/www.radiopiu.net\/wordpress\/wp-content\/uploads\/2022\/06\/GIANNI-SCHOLA-DEI-BATTUTI.mp3\">https:\/\/www.radiopiu.net\/wordpress\/wp-content\/uploads\/2022\/06\/GIANNI-SCHOLA-DEI-BATTUTI.mp3<\/a><\/audio>\n<p>&nbsp;<\/p>\n<hr \/>\n<p>&nbsp;<\/p>\n<p>&nbsp;<\/p>\n<blockquote class=\"wp-embedded-content\" data-secret=\"3msuDk9rmX\"><p><a href=\"https:\/\/www.radiopiu.net\/wordpress\/la-riflessione-allalba-di-una-nuova-invasione-turistica\/\">LA RIFLESSIONE ALL&#8217;ALBA DI UNA NUOVA INVASIONE TURISTICA<\/a><\/p><\/blockquote>\n<p><iframe loading=\"lazy\" class=\"wp-embedded-content\" sandbox=\"allow-scripts\" security=\"restricted\" style=\"position: absolute; clip: rect(1px, 1px, 1px, 1px);\" title=\"&#8220;LA RIFLESSIONE ALL&#8217;ALBA DI UNA NUOVA INVASIONE TURISTICA&#8221; &#8212; Radio Pi\u00f9\" src=\"https:\/\/www.radiopiu.net\/wordpress\/la-riflessione-allalba-di-una-nuova-invasione-turistica\/embed\/#?secret=DX4wL0rs6V#?secret=3msuDk9rmX\" data-secret=\"3msuDk9rmX\" width=\"600\" height=\"338\" frameborder=\"0\" marginwidth=\"0\" marginheight=\"0\" scrolling=\"no\"><\/iframe><\/p>\n<p>&nbsp;<\/p>\n<hr \/>\n<p>&nbsp;<\/p>\n<blockquote>\n<h3>IL FESTIVAL INTERNAZIONALE DELLA FISARMONICA<\/h3>\n<\/blockquote>\n<p><strong><a class=\"dt-pswp-item\" href=\"https:\/\/www.radiopiu.net\/wordpress\/wp-content\/uploads\/2022\/06\/sa.jpg\" data-dt-img-description=\"\" data-large_image_width=\"473\" data-large_image_height=\"151\"><img loading=\"lazy\" decoding=\"async\" class=\"wp-image-280606 alignleft\" src=\"https:\/\/www.radiopiu.net\/wordpress\/wp-content\/uploads\/2022\/06\/sa.jpg\" alt=\"\" width=\"229\" height=\"73\" srcset=\"https:\/\/www.radiopiu.net\/wordpress\/wp-content\/uploads\/2022\/06\/sa.jpg 473w, https:\/\/www.radiopiu.net\/wordpress\/wp-content\/uploads\/2022\/06\/sa-300x96.jpg 300w\" sizes=\"auto, (max-width: 229px) 100vw, 229px\" \/><\/a>REDAZIONE<\/strong> Il Festival internazionale della Fisarmonica, Dolomiti 2022 ritorna in presenza con tre appuntamenti, dall&#8217;Agordino al Cadore. Prima serata venerdi 1 luglio alle 20.45 al Nof Fil\u00f2 di Cencenighe, sabato 2 luglio all&#8217;Auditorium dell&#8217;Istituto Canossiano di Feltre, domenica 3 luglio all&#8217;Auditorium Comunale di San Vito di Cadore. Ospiti della serata i pi\u00f9 noti concertisti del panorama musicale internazionale. E&#8217; un&#8217;iniziativa dell&#8217;Associazione Filarmonica, Fisorchestra G. Rossini di Santa Giustina. La Fisorchestra Rossini, diretta dal maestro Ernesto Bellus e la Fisorchestra Armonia, diretta dal maestro Mirko Satto si esibiranno nel repertorio classico e moderno; il Koa Quintett diretto dal maestro Nicola Bettiol suoner\u00e0 un repertorio oberkrainer. Informazioni negli uffici turistici di Cencenighe e Feltre. Presenta Michela Da Canal.<\/p>\n<p>&nbsp;<\/p>\n<p>&nbsp;<\/p>\n<hr \/>\n<p>&nbsp;<\/p>\n<blockquote>\n<h3>CORSI PER E-BIKE DEDICATI AI BAMBINI<\/h3>\n<\/blockquote>\n<p><strong>ALLEGHE<\/strong> Dal 21 giugno al 26 luglio Agordino Bikes Guide organizza dei corsi rivolti ai bambini per l&#8217;uso corretto delle E-Bike. I corsi si terranno tutti i marted\u00ec ai Piani Di Pezz\u00e8 ed \u00e8 destinato a bambini dagli 8 anni in su. Per informazioni contattare Luca al 338 9869980 o Alan al 328 8768079<\/p>\n<p>&nbsp;<\/p>\n<p>&nbsp;<\/p>\n<hr \/>\n<p>&nbsp;<\/p>\n<blockquote>\n<h3>LA VERTIK AREA DOLOMITI INVITA GLI OPERATORI TURISTICI<\/h3>\n<\/blockquote>\n<p><strong>SAN TOMASO<\/strong> La Vertik Area Dolomiti invita tutte le realt\u00e0 turistiche dell&#8217;Unione Montana Agordina nella nuova struttura per far conoscere ai diretti interessati le proposte indor e outdor. In palestra ci saranno le guide alpine di Travelsport Mountain Guide che si faranno conoscere per poi muovere i primi passi con gli ospiti della vallata. Appuntamento per oggi alle 17:30 presso gli impianti sportivi di San Tomaso<\/p>\n<p>&nbsp;<\/p>\n<p>&nbsp;<\/p>\n<hr \/>\n<p><span style=\"color: #ff0000;\">\u00a0<span style=\"color: #000000;\">\u00a0<\/span><\/span><\/p>\n<blockquote>\n<h3>VENERDI&#8217; LA PRESENTAZIONE DEL NUOVO LIBRO DI GIORGIO FONTANIVE<\/h3>\n<\/blockquote>\n<p><strong>TAIBON<\/strong> Verr\u00e0 presentato venerd\u00ec prossimo alle 17:30 nella sala del vecchio municipio di Taibon il nuovo libro di Giorgio Fontanive. &#8220;Notizie sulle opere di guerra. Forte di P\u00e8den e mulattiera militare, Z\u00e9i de Forca &#8211; C\u00f2l dai R\u00f3nch&#8221; \u00e8 il titolo dell&#8217;opera. Con la collaborazione del Gruppo Pi\u00f3dech Taibon, la Pro Loco e il Comune di Taibon Agordino.<\/p>\n<p>&nbsp;<\/p>\n<p>&nbsp;<\/p>\n<hr \/>\n<p>&nbsp;<\/p>\n<h2><span style=\"color: #ff0000;\">IERI ALLA RADIO\u00a0<\/span><\/h2>\n<h2><strong><a class=\"dt-pswp-item\" href=\"https:\/\/www.radiopiu.net\/wordpress\/wp-content\/uploads\/2018\/12\/funivia_Marmolada.jpg\" data-dt-img-description=\"\" data-large_image_width=\"3888\" data-large_image_height=\"2592\"><img loading=\"lazy\" decoding=\"async\" class=\"size-thumbnail wp-image-70180 alignleft\" src=\"https:\/\/www.radiopiu.net\/wordpress\/wp-content\/uploads\/2018\/12\/funivia_Marmolada-150x150.jpg\" alt=\"\" width=\"150\" height=\"150\" \/><\/a><\/strong><span style=\"color: #33cccc;\">APERTA PER LA STAGIONE ESTIVA LA FUNIVIA MARMOLADA<\/span><\/h2>\n<p><strong>di Claudio Fontanive<\/strong><\/p>\n<p>OSPITE: Romina Darman<\/p>\n<audio class=\"wp-audio-shortcode\" id=\"audio-282540-5\" preload=\"none\" style=\"width: 100%;\" controls=\"controls\"><source type=\"audio\/mpeg\" src=\"https:\/\/www.radiopiu.net\/wordpress\/wp-content\/uploads\/2022\/06\/romina-darman-marmolada-20-giugno.mp3?_=5\" \/><a href=\"https:\/\/www.radiopiu.net\/wordpress\/wp-content\/uploads\/2022\/06\/romina-darman-marmolada-20-giugno.mp3\">https:\/\/www.radiopiu.net\/wordpress\/wp-content\/uploads\/2022\/06\/romina-darman-marmolada-20-giugno.mp3<\/a><\/audio>\n<p>&nbsp;<\/p>\n<hr \/>\n<p>&nbsp;<\/p>\n<blockquote>\n<h2>SAN GIOVANNI, TRE GIORNI DI FESTA A CANALE D&#8217;AGORDO<\/h2>\n<\/blockquote>\n<p><strong>CANALE D&#8217;AGORDO<\/strong> Il ritorno della sagra di San Giovanni, riecco il corposo programma a pi\u00f9 firme: Comune, Polisportiva, Proloco, Ana e Abvs. Tre giorni di festa, il primo appuntamento venerdi 24, giorno di San Giovanni, con la festa per i 100 anni del distaccamento dei vigili del fuoco volontari del paese, presenza importante e fondamentale, da sempre. Sar\u00e0 anche il giorno dei coscritti del 2002, della musica di Oscar all&#8217;ora di pranzo\u00a0 e dei pregiati piatti con frittura di pesce e gli gnocchi ai porcini e puina sfumegada, oltre all&#8217;immancabile piatto del malgher e le trippe alla parmigiana. Gli aperitivi\u00a0 del sabato una garanzia con Ciccio di Oh per Bacco e la colonna musicale del duo jazz e bossanova Crestani-Burigo. Le notti da ballare: venerdi 24 con Cristian Group, sabato 25 con gli Hedera e il dj set, domenica 26 con Mely &amp; the moodies. PROGRAMMA RELIGIOSO: venerdi 24 alle 10.30 la messa nella chiesa di San Giovanni Battista.<\/p>\n\n\t\t\t<style type='text\/css'>\n\t\t\t\t#gallery-4 {\n\t\t\t\t\tmargin: auto;\n\t\t\t\t}\n\t\t\t\t#gallery-4 .gallery-item {\n\t\t\t\t\tfloat: left;\n\t\t\t\t\tmargin-top: 10px;\n\t\t\t\t\ttext-align: center;\n\t\t\t\t\twidth: 33%;\n\t\t\t\t}\n\t\t\t\t#gallery-4 img {\n\t\t\t\t\tborder: 2px solid #cfcfcf;\n\t\t\t\t}\n\t\t\t\t#gallery-4 .gallery-caption {\n\t\t\t\t\tmargin-left: 0;\n\t\t\t\t}\n\t\t\t\t\/* see gallery_shortcode() in wp-includes\/media.php *\/\n\t\t\t<\/style>\n\t\t<div id='gallery-4' class='dt-gallery-container gallery galleryid-282540 gallery-columns-3 gallery-size-medium'><dl class='gallery-item'>\n\t\t\t\t<dt class='gallery-icon portrait'>\n\t\t\t\t\t<a class=\"rollover rollover-zoom dt-pswp-item\" title=\"0a6150e4-bc70-4210-ad75-f53803953eb0\" data-dt-img-description=\"\" data-large_image_width=\"1131\" data-large_image_height=\"1600\"href='https:\/\/www.radiopiu.net\/wordpress\/wp-content\/uploads\/2022\/06\/0a6150e4-bc70-4210-ad75-f53803953eb0.jpg'><img loading=\"lazy\" decoding=\"async\" width=\"212\" height=\"300\" src=\"https:\/\/www.radiopiu.net\/wordpress\/wp-content\/uploads\/2022\/06\/0a6150e4-bc70-4210-ad75-f53803953eb0-212x300.jpg\" class=\"attachment-medium size-medium\" alt=\"\" srcset=\"https:\/\/www.radiopiu.net\/wordpress\/wp-content\/uploads\/2022\/06\/0a6150e4-bc70-4210-ad75-f53803953eb0-212x300.jpg 212w, https:\/\/www.radiopiu.net\/wordpress\/wp-content\/uploads\/2022\/06\/0a6150e4-bc70-4210-ad75-f53803953eb0-724x1024.jpg 724w, https:\/\/www.radiopiu.net\/wordpress\/wp-content\/uploads\/2022\/06\/0a6150e4-bc70-4210-ad75-f53803953eb0-768x1086.jpg 768w, https:\/\/www.radiopiu.net\/wordpress\/wp-content\/uploads\/2022\/06\/0a6150e4-bc70-4210-ad75-f53803953eb0-1086x1536.jpg 1086w, https:\/\/www.radiopiu.net\/wordpress\/wp-content\/uploads\/2022\/06\/0a6150e4-bc70-4210-ad75-f53803953eb0.jpg 1131w\" sizes=\"auto, (max-width: 212px) 100vw, 212px\" \/><\/a>\n\t\t\t\t<\/dt><\/dl><dl class='gallery-item'>\n\t\t\t\t<dt class='gallery-icon landscape'>\n\t\t\t\t\t<a class=\"rollover rollover-zoom dt-pswp-item\" title=\"117083109_183542043157133_75668120410207434_n\" data-dt-img-description=\"\" data-large_image_width=\"960\" data-large_image_height=\"503\"href='https:\/\/www.radiopiu.net\/wordpress\/wp-content\/uploads\/2022\/06\/117083109_183542043157133_75668120410207434_n.jpg'><img loading=\"lazy\" decoding=\"async\" width=\"300\" height=\"157\" src=\"https:\/\/www.radiopiu.net\/wordpress\/wp-content\/uploads\/2022\/06\/117083109_183542043157133_75668120410207434_n-300x157.jpg\" class=\"attachment-medium size-medium\" alt=\"\" srcset=\"https:\/\/www.radiopiu.net\/wordpress\/wp-content\/uploads\/2022\/06\/117083109_183542043157133_75668120410207434_n-300x157.jpg 300w, https:\/\/www.radiopiu.net\/wordpress\/wp-content\/uploads\/2022\/06\/117083109_183542043157133_75668120410207434_n-768x402.jpg 768w, https:\/\/www.radiopiu.net\/wordpress\/wp-content\/uploads\/2022\/06\/117083109_183542043157133_75668120410207434_n.jpg 960w\" sizes=\"auto, (max-width: 300px) 100vw, 300px\" \/><\/a>\n\t\t\t\t<\/dt><\/dl><dl class='gallery-item'>\n\t\t\t\t<dt class='gallery-icon landscape'>\n\t\t\t\t\t<a class=\"rollover rollover-zoom dt-pswp-item\" title=\"CANALE D&#039;AGORDO (3)\" data-dt-img-description=\"\" data-large_image_width=\"960\" data-large_image_height=\"720\"href='https:\/\/www.radiopiu.net\/wordpress\/wp-content\/uploads\/2020\/06\/CANALE-DAGORDO-3.jpg'><img loading=\"lazy\" decoding=\"async\" width=\"300\" height=\"225\" src=\"https:\/\/www.radiopiu.net\/wordpress\/wp-content\/uploads\/2020\/06\/CANALE-DAGORDO-3-300x225.jpg\" class=\"attachment-medium size-medium\" alt=\"\" srcset=\"https:\/\/www.radiopiu.net\/wordpress\/wp-content\/uploads\/2020\/06\/CANALE-DAGORDO-3-300x225.jpg 300w, https:\/\/www.radiopiu.net\/wordpress\/wp-content\/uploads\/2020\/06\/CANALE-DAGORDO-3-768x576.jpg 768w, https:\/\/www.radiopiu.net\/wordpress\/wp-content\/uploads\/2020\/06\/CANALE-DAGORDO-3.jpg 960w\" sizes=\"auto, (max-width: 300px) 100vw, 300px\" \/><\/a>\n\t\t\t\t<\/dt><\/dl><br style=\"clear: both\" \/>\n\t\t\t<\/div>\n\n<p>&nbsp;<\/p>\n<p>&nbsp;<\/p>\n<hr \/>\n<p>&nbsp;<\/p>\n<p>&nbsp;<\/p>\n<blockquote class=\"wp-embedded-content\" data-secret=\"DSNfvMS8A5\"><p><a href=\"https:\/\/www.radiopiu.net\/wordpress\/da-ieri-alla-radio-in-palinsesto-loris-e-maurizio-con-la-grande-musica\/\">IL BLUES ALLA RADIO &#8230; COME NON L&#8217;AVETE MAI SENTITO PRIMA<\/a><\/p><\/blockquote>\n<p><iframe loading=\"lazy\" class=\"wp-embedded-content\" sandbox=\"allow-scripts\" security=\"restricted\" style=\"position: absolute; clip: rect(1px, 1px, 1px, 1px);\" title=\"&#8220;IL BLUES ALLA RADIO &#8230; COME NON L&#8217;AVETE MAI SENTITO PRIMA&#8221; &#8212; Radio Pi\u00f9\" src=\"https:\/\/www.radiopiu.net\/wordpress\/da-ieri-alla-radio-in-palinsesto-loris-e-maurizio-con-la-grande-musica\/embed\/#?secret=KSvdAT5eCC#?secret=DSNfvMS8A5\" data-secret=\"DSNfvMS8A5\" width=\"600\" height=\"338\" frameborder=\"0\" marginwidth=\"0\" marginheight=\"0\" scrolling=\"no\"><\/iframe><\/p>\n<p>&nbsp;<\/p>\n<hr \/>\n<p>&nbsp;<\/p>\n<h2><span style=\"color: #008080;\">SALUTE &amp; SOCIETA&#8217;\u00a0<\/span><\/h2>\n<p><strong><a class=\"dt-pswp-item\" href=\"https:\/\/www.radiopiu.net\/wordpress\/wp-content\/uploads\/2022\/06\/WhatsApp-Image-2022-06-20-at-09.45.13.jpeg\" data-dt-img-description=\"\" data-large_image_width=\"800\" data-large_image_height=\"445\"><img loading=\"lazy\" decoding=\"async\" class=\"size-thumbnail wp-image-282588 alignleft\" src=\"https:\/\/www.radiopiu.net\/wordpress\/wp-content\/uploads\/2022\/06\/WhatsApp-Image-2022-06-20-at-09.45.13-150x150.jpeg\" alt=\"\" width=\"150\" height=\"150\" \/><\/a>ULTIMA PUNTATA DELLA STAGIONE &#8211; 20 GIUGNO 2022<\/strong><\/p>\n<p>Speciale congresso EHA, Societ\u00e0 europea di ematologia: Beta talassemia, terapia di editing genico riattiva l&#8217;emoglobina fetale; Leucemia mieloide acuta, FDA approva la combinazione di ivosidenib e azacitidina<\/p>\n<audio class=\"wp-audio-shortcode\" id=\"audio-282540-6\" preload=\"none\" style=\"width: 100%;\" controls=\"controls\"><source type=\"audio\/mpeg\" src=\"https:\/\/www.radiopiu.net\/wordpress\/wp-content\/uploads\/2022\/06\/SALUTE-2.mp3?_=6\" \/><a href=\"https:\/\/www.radiopiu.net\/wordpress\/wp-content\/uploads\/2022\/06\/SALUTE-2.mp3\">https:\/\/www.radiopiu.net\/wordpress\/wp-content\/uploads\/2022\/06\/SALUTE-2.mp3<\/a><\/audio>\n<p>&nbsp;<\/p>\n<p><strong>LA RACCOLTA<\/strong><\/p>\n<blockquote class=\"wp-embedded-content\" data-secret=\"vz2okT9COP\"><p><a href=\"https:\/\/www.radiopiu.net\/wordpress\/saluteesocieta\/\">Salute e Societ\u00e0<\/a><\/p><\/blockquote>\n<p><iframe loading=\"lazy\" class=\"wp-embedded-content\" sandbox=\"allow-scripts\" security=\"restricted\" style=\"position: absolute; clip: rect(1px, 1px, 1px, 1px);\" title=\"&#8220;Salute e Societ\u00e0&#8221; &#8212; Radio Pi\u00f9\" src=\"https:\/\/www.radiopiu.net\/wordpress\/saluteesocieta\/embed\/#?secret=03VqPyq4Mj#?secret=vz2okT9COP\" data-secret=\"vz2okT9COP\" width=\"600\" height=\"338\" frameborder=\"0\" marginwidth=\"0\" marginheight=\"0\" scrolling=\"no\"><\/iframe><\/p>\n<p>&nbsp;<\/p>\n<hr \/>\n<p>&nbsp;<\/p>\n<p>&nbsp;<\/p>\n<blockquote class=\"wp-embedded-content\" data-secret=\"gc86QVdBy5\"><p><a href=\"https:\/\/www.radiopiu.net\/wordpress\/39annigiug16\/\">39 ANNI DI RADIO&#8230;IL PREMIO ALLA DISCREZIONE, CHE NON C&#8217;E&#8217; PIU&#8217;<\/a><\/p><\/blockquote>\n<p><iframe loading=\"lazy\" class=\"wp-embedded-content\" sandbox=\"allow-scripts\" security=\"restricted\" style=\"position: absolute; clip: rect(1px, 1px, 1px, 1px);\" title=\"&#8220;39 ANNI DI RADIO&#8230;IL PREMIO ALLA DISCREZIONE, CHE NON C&#8217;E&#8217; PIU&#8217;&#8221; &#8212; Radio Pi\u00f9\" src=\"https:\/\/www.radiopiu.net\/wordpress\/39annigiug16\/embed\/#?secret=V43qYeeugB#?secret=gc86QVdBy5\" data-secret=\"gc86QVdBy5\" width=\"600\" height=\"338\" frameborder=\"0\" marginwidth=\"0\" marginheight=\"0\" scrolling=\"no\"><\/iframe><\/p>\n<p>&nbsp;<\/p>\n<p>&nbsp;<\/p>\n<hr \/>\n<h3 class=\"kvgmc6g5 cxmmr5t8 oygrvhab hcukyx3x c1et5uql\"><span style=\"color: #0000ff;\"><strong>\u00a0<\/strong><\/span><\/h3>\n<h3 class=\"kvgmc6g5 cxmmr5t8 oygrvhab hcukyx3x c1et5uql\"><span style=\"color: #0000ff;\"><strong>INFORMAZIONE il canale su TELEGRAM informazione di prima mano e in tempo reale. iscriviti ed aiutaci a farlo conoscere\u00a0 \u00a0<\/strong><\/span><\/h3>\n<p>&nbsp;<\/p>\n<hr \/>\n<p>&nbsp;<\/p>\n<blockquote>\n<h2><span style=\"color: #800080;\">STORIE A QUATTROCCHI<br \/>\nOGGI ALLE 9 E ALLE 18 LA NUOVA PUNTATA CON ELENA E STEFANIA<\/span><\/h2>\n<\/blockquote>\n<p><strong>PUNTATA DEL 15 GIUGNO 2022 CON ELENA E STEFANIA<\/strong><\/p>\n<audio class=\"wp-audio-shortcode\" id=\"audio-282540-7\" preload=\"none\" style=\"width: 100%;\" controls=\"controls\"><source type=\"audio\/mpeg\" src=\"https:\/\/www.radiopiu.net\/wordpress\/wp-content\/uploads\/2022\/06\/QOCCHI9.mp3?_=7\" \/><a href=\"https:\/\/www.radiopiu.net\/wordpress\/wp-content\/uploads\/2022\/06\/QOCCHI9.mp3\">https:\/\/www.radiopiu.net\/wordpress\/wp-content\/uploads\/2022\/06\/QOCCHI9.mp3<\/a><\/audio>\n<p><strong>\u00a0<\/strong><\/p>\n<p><strong>LA RACCOLTA COMPLETA\u00a0<\/strong><\/p>\n<blockquote class=\"wp-embedded-content\" data-secret=\"8ftFhPErbo\"><p><a href=\"https:\/\/www.radiopiu.net\/wordpress\/storie-a-quattrocchi\/\">Storie a quattrocchi<\/a><\/p><\/blockquote>\n<p><iframe loading=\"lazy\" class=\"wp-embedded-content\" sandbox=\"allow-scripts\" security=\"restricted\" style=\"position: absolute; clip: rect(1px, 1px, 1px, 1px);\" title=\"&#8220;Storie a quattrocchi&#8221; &#8212; Radio Pi\u00f9\" src=\"https:\/\/www.radiopiu.net\/wordpress\/storie-a-quattrocchi\/embed\/#?secret=9XEqgCOvx2#?secret=8ftFhPErbo\" data-secret=\"8ftFhPErbo\" width=\"600\" height=\"338\" frameborder=\"0\" marginwidth=\"0\" marginheight=\"0\" scrolling=\"no\"><\/iframe><\/p>\n<p>&nbsp;<\/p>\n<hr \/>\n<p>&nbsp;<\/p>\n<h2><\/h2>\n<h2><span style=\"color: #008080;\">&#8220;DINTORN E FORA VIA&#8221; A CURA DEL MUSLA, IL NUOVO PROGRAMMA\u00a0 \u00a0<\/span><\/h2>\n<p><strong>\u00a0PUNTATA DEL 14 GIUGNO 2022- CON\u00a0 \u00a0ERIK MARCON<\/strong><\/p>\n<audio class=\"wp-audio-shortcode\" id=\"audio-282540-8\" preload=\"none\" style=\"width: 100%;\" controls=\"controls\"><source type=\"audio\/mpeg\" src=\"https:\/\/www.radiopiu.net\/wordpress\/wp-content\/uploads\/2022\/06\/MUSLA-1.mp3?_=8\" \/><a href=\"https:\/\/www.radiopiu.net\/wordpress\/wp-content\/uploads\/2022\/06\/MUSLA-1.mp3\">https:\/\/www.radiopiu.net\/wordpress\/wp-content\/uploads\/2022\/06\/MUSLA-1.mp3<\/a><\/audio>\n<p>&nbsp;<\/p>\n<p><strong>LA RACCOLTA COMPLETA<\/strong><\/p>\n<blockquote class=\"wp-embedded-content\" data-secret=\"RVb6kunQjV\"><p><a href=\"https:\/\/www.radiopiu.net\/wordpress\/musla\/\">MUSLA<\/a><\/p><\/blockquote>\n<p><iframe loading=\"lazy\" class=\"wp-embedded-content\" sandbox=\"allow-scripts\" security=\"restricted\" style=\"position: absolute; clip: rect(1px, 1px, 1px, 1px);\" title=\"&#8220;MUSLA&#8221; &#8212; Radio Pi\u00f9\" src=\"https:\/\/www.radiopiu.net\/wordpress\/musla\/embed\/#?secret=wWLHRKMwTm#?secret=RVb6kunQjV\" data-secret=\"RVb6kunQjV\" width=\"600\" height=\"338\" frameborder=\"0\" marginwidth=\"0\" marginheight=\"0\" scrolling=\"no\"><\/iframe><\/p>\n<p>&nbsp;<\/p>\n<hr \/>\n<p>&nbsp;<\/p>\n<p>&nbsp;<\/p>\n<p>&nbsp;<\/p>\n<p>&nbsp;<\/p>\n<hr \/>\n<p>&nbsp;<\/p>\n<div>\n<div class=\"b654a4as d2edcug0\">\n<div class=\"rq0escxv hkbzh7o3 jwdofwj8 n8tt0mok r8blr3vg hyh9befq\">\n<p><a class=\"dt-pswp-item\" href=\"https:\/\/www.radiopiu.net\/wordpress\/wp-content\/uploads\/2020\/10\/pp.jpg\" data-dt-img-description=\"\" data-large_image_width=\"640\" data-large_image_height=\"640\"><img loading=\"lazy\" decoding=\"async\" class=\"wp-image-163678 alignleft\" src=\"https:\/\/www.radiopiu.net\/wordpress\/wp-content\/uploads\/2020\/10\/pp-300x300.jpg\" alt=\"\" width=\"106\" height=\"106\" srcset=\"https:\/\/www.radiopiu.net\/wordpress\/wp-content\/uploads\/2020\/10\/pp-300x300.jpg 300w, https:\/\/www.radiopiu.net\/wordpress\/wp-content\/uploads\/2020\/10\/pp-150x150.jpg 150w, https:\/\/www.radiopiu.net\/wordpress\/wp-content\/uploads\/2020\/10\/pp-125x125.jpg 125w, https:\/\/www.radiopiu.net\/wordpress\/wp-content\/uploads\/2020\/10\/pp-200x200.jpg 200w, https:\/\/www.radiopiu.net\/wordpress\/wp-content\/uploads\/2020\/10\/pp-80x80.jpg 80w, https:\/\/www.radiopiu.net\/wordpress\/wp-content\/uploads\/2020\/10\/pp-480x480.jpg 480w, https:\/\/www.radiopiu.net\/wordpress\/wp-content\/uploads\/2020\/10\/pp.jpg 640w\" sizes=\"auto, (max-width: 106px) 100vw, 106px\" \/><\/a><\/p>\n<\/div>\n<\/div>\n<\/div>\n<div>\n<div class=\"page-title-head hgroup\">\n<div class=\"page-title-head hgroup\">\n<div class=\"b654a4as d2edcug0\">\n<div class=\"j83agx80 btwxx1t3 lhclo0ds hop8lmos nkwizq5d scwd0bx6 roh60bw9\">\n<div class=\"rq0escxv hkbzh7o3 jwdofwj8 n8tt0mok r8blr3vg hyh9befq\">\n<div class=\"do00u71z l9j0dhe7 k4urcfbm\">\n<h2><span style=\"color: #000080;\">DON CESARE, IL PENSIERO DEL GIORNO. ALLA RADIO ALLE 7 DEL MATTINO E ALLE 19.30 DELLA SERA.\u00a0<\/span><\/h2>\n<\/div>\n<audio class=\"wp-audio-shortcode\" id=\"audio-282540-9\" preload=\"none\" style=\"width: 100%;\" controls=\"controls\"><source type=\"audio\/mpeg\" src=\"https:\/\/www.radiopiu.net\/wordpress\/wp-content\/uploads\/2022\/06\/CESARE-17.mp3?_=9\" \/><a href=\"https:\/\/www.radiopiu.net\/wordpress\/wp-content\/uploads\/2022\/06\/CESARE-17.mp3\">https:\/\/www.radiopiu.net\/wordpress\/wp-content\/uploads\/2022\/06\/CESARE-17.mp3<\/a><\/audio>\n<\/div>\n<\/div>\n<\/div>\n<\/div>\n<\/div>\n<\/div>\n<p>&nbsp;<\/p>\n<hr \/>\n<p>&nbsp;<\/p>\n<div class=\"do00u71z l9j0dhe7 k4urcfbm\">\n<div class=\"page-title-head hgroup\">\n<div class=\"page-title-head hgroup\">\n<div class=\"b654a4as d2edcug0\">\n<div class=\"j83agx80 btwxx1t3 lhclo0ds hop8lmos nkwizq5d scwd0bx6 roh60bw9\">\n<div class=\"rq0escxv hkbzh7o3 jwdofwj8 n8tt0mok r8blr3vg hyh9befq\">\n<div class=\"do00u71z l9j0dhe7 k4urcfbm\">\n<div class=\"page-title-head hgroup\">\n<div class=\"page-title-head hgroup\">\n<div class=\"b654a4as d2edcug0\">\n<div class=\"j83agx80 btwxx1t3 lhclo0ds hop8lmos nkwizq5d scwd0bx6 roh60bw9\">\n<div class=\"rq0escxv hkbzh7o3 jwdofwj8 n8tt0mok r8blr3vg hyh9befq\">\n<div class=\"do00u71z l9j0dhe7 k4urcfbm\">\n<div class=\"ecm0bbzt e5nlhep0 a8c37x1j\">\n<div class=\"kvgmc6g5 cxmmr5t8 oygrvhab hcukyx3x c1et5uql\">\n<div class=\"gmail-kvgmc6g5 gmail-cxmmr5t8 gmail-oygrvhab gmail-hcukyx3x gmail-c1et5uql gmail-ii04i59q\">\n<div class=\"page-title-head hgroup\">\n<div class=\"page-title-head hgroup\">\n<div class=\"b654a4as d2edcug0\">\n<div class=\"j83agx80 btwxx1t3 lhclo0ds hop8lmos nkwizq5d scwd0bx6 roh60bw9\">\n<div class=\"rq0escxv hkbzh7o3 jwdofwj8 n8tt0mok r8blr3vg hyh9befq\">\n<div class=\"do00u71z l9j0dhe7 k4urcfbm\">\n<div class=\"page-title-head hgroup\">\n<div class=\"page-title-head hgroup\">\n<div class=\"b654a4as d2edcug0\">\n<div class=\"j83agx80 btwxx1t3 lhclo0ds hop8lmos nkwizq5d scwd0bx6 roh60bw9\">\n<div class=\"rq0escxv hkbzh7o3 jwdofwj8 n8tt0mok r8blr3vg hyh9befq\">\n<div class=\"do00u71z l9j0dhe7 k4urcfbm\">\n<div class=\"page-title-head hgroup\">\n<div class=\"page-title-head hgroup\">\n<div class=\"b654a4as d2edcug0\">\n<div class=\"j83agx80 btwxx1t3 lhclo0ds hop8lmos nkwizq5d scwd0bx6 roh60bw9\">\n<div class=\"rq0escxv hkbzh7o3 jwdofwj8 n8tt0mok r8blr3vg hyh9befq\">\n<div class=\"do00u71z l9j0dhe7 k4urcfbm\">\n<div class=\"ecm0bbzt e5nlhep0 a8c37x1j\">\n<div class=\"kvgmc6g5 cxmmr5t8 oygrvhab hcukyx3x c1et5uql\">\n<div class=\"gmail-kvgmc6g5 gmail-cxmmr5t8 gmail-oygrvhab gmail-hcukyx3x gmail-c1et5uql gmail-ii04i59q\">\n<div class=\"page-title-head hgroup\">\n<div class=\"page-title-head hgroup\">\n<div class=\"b654a4as d2edcug0\">\n<div class=\"j83agx80 btwxx1t3 lhclo0ds hop8lmos nkwizq5d scwd0bx6 roh60bw9\">\n<div class=\"rq0escxv hkbzh7o3 jwdofwj8 n8tt0mok r8blr3vg hyh9befq\">\n<div class=\"do00u71z l9j0dhe7 k4urcfbm\">\n<blockquote>\n<h3><span style=\"color: #ff0000;\">IN VIVO VERSO,\u00a0 RIASCOLTIAMOLE DAL LUNEDI AL VENERDI ALLE 7.10, 10.10, 18 50<\/span><\/h3>\n<h3>RIASCOLTIAMOLE, STAGIONE 2019_2020 ILARIA COLANGELI &#8220;ACQUA ALTA&#8221;<\/h3>\n<\/blockquote>\n<p>AUDIO<\/p>\n<audio class=\"wp-audio-shortcode\" id=\"audio-282540-10\" preload=\"none\" style=\"width: 100%;\" controls=\"controls\"><source type=\"audio\/mpeg\" src=\"https:\/\/www.radiopiu.net\/wordpress\/wp-content\/uploads\/2022\/06\/01-LUNEDI-ILARIA-COLANGELI-ACQUA-ALTA.mp3?_=10\" \/><a href=\"https:\/\/www.radiopiu.net\/wordpress\/wp-content\/uploads\/2022\/06\/01-LUNEDI-ILARIA-COLANGELI-ACQUA-ALTA.mp3\">https:\/\/www.radiopiu.net\/wordpress\/wp-content\/uploads\/2022\/06\/01-LUNEDI-ILARIA-COLANGELI-ACQUA-ALTA.mp3<\/a><\/audio>\n<p><img loading=\"lazy\" decoding=\"async\" class=\"\" src=\"https:\/\/www.radiopiu.net\/wordpress\/wp-content\/uploads\/2021\/11\/ilaria-colangeli-foto.jpg\" width=\"122\" height=\"124\" \/><\/p>\n<p>&nbsp;<\/p>\n<h3><strong style=\"font-size: 14px;\">LA RACCOLTA COMPLETA<\/strong><\/h3>\n<blockquote class=\"wp-embedded-content\" data-secret=\"9rYEyQUrsZ\"><p><a href=\"https:\/\/www.radiopiu.net\/wordpress\/in-vivo-verso\/\">In Vivo Verso<\/a><\/p><\/blockquote>\n<p><iframe loading=\"lazy\" class=\"wp-embedded-content\" sandbox=\"allow-scripts\" security=\"restricted\" style=\"position: absolute; clip: rect(1px, 1px, 1px, 1px);\" title=\"&#8220;In Vivo Verso&#8221; &#8212; Radio Pi\u00f9\" src=\"https:\/\/www.radiopiu.net\/wordpress\/in-vivo-verso\/embed\/#?secret=IOignuTGVg#?secret=9rYEyQUrsZ\" data-secret=\"9rYEyQUrsZ\" width=\"600\" height=\"338\" frameborder=\"0\" marginwidth=\"0\" marginheight=\"0\" scrolling=\"no\"><\/iframe><\/p>\n<p>&nbsp;<\/p>\n<hr \/>\n<p>&nbsp;<\/p>\n<p><span style=\"color: #0000ff;\">MUSICA PIU&#8217;\u00a0<\/span><\/p>\n<p><a href=\"https:\/\/www.radiopiu.net\/wordpress\/giornale-radiopiu-20-settembre-2021-direttore-mirko-mezzacasa\/pp-79\/\" rel=\"attachment wp-att-232921\"><img loading=\"lazy\" decoding=\"async\" class=\"wp-image-232921 alignleft\" src=\"https:\/\/www.radiopiu.net\/wordpress\/wp-content\/uploads\/2021\/09\/pp-1-300x300.jpg\" alt=\"\" width=\"135\" height=\"135\" srcset=\"https:\/\/www.radiopiu.net\/wordpress\/wp-content\/uploads\/2021\/09\/pp-1-300x300.jpg 300w, https:\/\/www.radiopiu.net\/wordpress\/wp-content\/uploads\/2021\/09\/pp-1-150x150.jpg 150w, https:\/\/www.radiopiu.net\/wordpress\/wp-content\/uploads\/2021\/09\/pp-1.jpg 640w\" sizes=\"auto, (max-width: 135px) 100vw, 135px\" \/><\/a><\/p>\n<div class=\"mkdf-post-text\">\n<div class=\"mkdf-post-text-inner\">\n<div class=\"mkdf-post-text-main\">\n<div class=\"mkdf-post-text\">\n<div class=\"mkdf-post-text-inner\">\n<div class=\"mkdf-post-text-main\">\n<div class=\"mkdf-post-text\">\n<div class=\"mkdf-post-text-inner\">\n<div class=\"mkdf-post-text-main\">\n<div class=\"page-title-head hgroup\">\n<div class=\"page-title-head hgroup\">\n<div class=\"mkdf-post-text\">\n<div class=\"mkdf-post-text-inner\">\n<div class=\"mkdf-post-text-main\">\n<div class=\"mkdf-post-text\">\n<div class=\"mkdf-post-text-inner\">\n<div class=\"mkdf-post-text-main\">\n<div class=\"page-title-head hgroup\">\n<div class=\"page-title-head hgroup\">\n<div class=\"page-title-head hgroup\">\n<div class=\"page-title-head hgroup\">\n<div class=\"b654a4as d2edcug0\">\n<div class=\"page-title-head hgroup\">\n<div class=\"page-title-head hgroup\">\n<div class=\"page-title-head hgroup\">\n<div class=\"page-title-head hgroup\">\n<div class=\"b654a4as d2edcug0\">\n<div class=\"page-title-head hgroup\">\n<div class=\"page-title-head hgroup\">\n<div class=\"page-title-head hgroup\">\n<div class=\"page-title-head hgroup\">\n<div class=\"b654a4as d2edcug0\">\n<div class=\"mkdf-post-text\">\n<div class=\"mkdf-post-text-inner\">\n<div class=\"mkdf-post-text-main\">\n<div class=\"mkdf-post-text\">\n<div class=\"mkdf-post-text-inner\">\n<div class=\"mkdf-post-text-main\">\n<div class=\"mkdf-post-text\">\n<div class=\"mkdf-post-text-inner\">\n<div class=\"mkdf-post-text-main\">\n<div class=\"page-title-head hgroup\">\n<div class=\"page-title-head hgroup\">\n<div class=\"mkdf-post-text\">\n<div class=\"mkdf-post-text-inner\">\n<div class=\"mkdf-post-text-main\">\n<div class=\"mkdf-post-text\">\n<div class=\"mkdf-post-text-inner\">\n<div class=\"mkdf-post-text-main\">\n<div class=\"page-title-head hgroup\">\n<div class=\"page-title-head hgroup\">\n<div class=\"page-title-head hgroup\">\n<div class=\"page-title-head hgroup\">\n<div class=\"b654a4as d2edcug0\">\n<div class=\"page-title-head hgroup\">\n<div class=\"page-title-head hgroup\">\n<div class=\"page-title-head hgroup\">\n<div class=\"page-title-head hgroup\">\n<div class=\"b654a4as d2edcug0\">\n<div class=\"page-title-head hgroup\">\n<div class=\"page-title-head hgroup\">\n<div class=\"page-title-head hgroup\">\n<div class=\"page-title-head hgroup\">\n<div class=\"b654a4as d2edcug0\">\n<div><\/div>\n<div><\/div>\n<div>\n<p><strong>MUSICA ALLA RADIO, IL PROGRAMMA DI LORIS SCUSSEL &#8220;COLLAGE OPERAZIONE NOSTALGIA&#8221; DAL LUNEDI AL VENERDI ALLE 16.00\u00a0 E ALLE 23\u00a0<\/strong><\/p>\n<p>&nbsp;<\/p>\n<p><b>\u00a0REPLICHE, PUNTATE<\/b><\/p>\n<p><b> 351\u00a0<\/b><\/p>\n<audio class=\"wp-audio-shortcode\" id=\"audio-282540-11\" preload=\"none\" style=\"width: 100%;\" controls=\"controls\"><source type=\"audio\/mpeg\" src=\"https:\/\/www.radiopiu.net\/wordpress\/wp-content\/uploads\/2022\/06\/351.mp3?_=11\" \/><a href=\"https:\/\/www.radiopiu.net\/wordpress\/wp-content\/uploads\/2022\/06\/351.mp3\">https:\/\/www.radiopiu.net\/wordpress\/wp-content\/uploads\/2022\/06\/351.mp3<\/a><\/audio>\n<p><b>352<\/b><\/p>\n<audio class=\"wp-audio-shortcode\" id=\"audio-282540-12\" preload=\"none\" style=\"width: 100%;\" controls=\"controls\"><source type=\"audio\/mpeg\" src=\"https:\/\/www.radiopiu.net\/wordpress\/wp-content\/uploads\/2022\/06\/352.mp3?_=12\" \/><a href=\"https:\/\/www.radiopiu.net\/wordpress\/wp-content\/uploads\/2022\/06\/352.mp3\">https:\/\/www.radiopiu.net\/wordpress\/wp-content\/uploads\/2022\/06\/352.mp3<\/a><\/audio>\n<\/div>\n<\/div>\n<p>&nbsp;<\/p>\n<p><strong><a class=\"dt-pswp-item\" href=\"https:\/\/www.radiopiu.net\/wordpress\/wp-content\/uploads\/2022\/06\/ADRIANO-CELENTANO-azzurro-LP-1968-ORIGINAL-CLAN-CELENTANO.jpg\" data-dt-img-description=\"\" data-large_image_width=\"400\" data-large_image_height=\"266\"><img loading=\"lazy\" decoding=\"async\" class=\"size-thumbnail wp-image-282427 alignleft\" src=\"https:\/\/www.radiopiu.net\/wordpress\/wp-content\/uploads\/2022\/06\/ADRIANO-CELENTANO-azzurro-LP-1968-ORIGINAL-CLAN-CELENTANO-150x150.jpg\" alt=\"\" width=\"150\" height=\"150\" \/><\/a>di Loris Scussel<\/strong><\/p>\n<p>Con la puntata n\u00b0630 andata in onda venerd\u00ec scorso \u00e8 terminata anche la terza serie di Collage che ora si fermer\u00e0 per la pausa estiva in attesa di riprendere in autunno la programmazione abituale con la quarta serie con l\u2019obiettivo di raggiungere quota 1.000, nel frattempo il programma manterr\u00e0 i propri spazi con la messa in onda delle repliche. La novit\u00e0 \u00e8 che ogni giorno verranno proposte due diverse puntate che vi invitiamo a riascoltare insieme a noi. In questa prima settimana troveremo tra l\u2019altro una trasmissione dedicata al Juke Box, una ai complessi italiani, una alle date del calendario oltre ad una nutrita selezione di successi internazionali. Collage va in onda dal luned\u00ec al venerd\u00ec alle 16,00 e alle 23,00 naturalmente su Radio Pi\u00f9.<\/p>\n<p>&nbsp;<\/p>\n<p>&nbsp;<\/p>\n<div class=\"b654a4as d2edcug0\">\n<hr \/>\n<\/div>\n<\/div>\n<\/div>\n<\/div>\n<\/div>\n<\/div>\n<\/div>\n<\/div>\n<\/div>\n<\/div>\n<\/div>\n<\/div>\n<\/div>\n<\/div>\n<\/div>\n<\/div>\n<\/div>\n<\/div>\n<\/div>\n<\/div>\n<\/div>\n<\/div>\n<\/div>\n<\/div>\n<\/div>\n<\/div>\n<\/div>\n<\/div>\n<\/div>\n<\/div>\n<\/div>\n<\/div>\n<\/div>\n<\/div>\n<\/div>\n<\/div>\n<\/div>\n<\/div>\n<\/div>\n<\/div>\n<\/div>\n<\/div>\n<\/div>\n<\/div>\n<\/div>\n<\/div>\n<\/div>\n<\/div>\n<\/div>\n<\/div>\n<\/div>\n<\/div>\n<\/div>\n<\/div>\n<\/div>\n<\/div>\n<\/div>\n<\/div>\n<\/div>\n<\/div>\n<\/div>\n<\/div>\n<\/div>\n<\/div>\n<p>&nbsp;<\/p>\n<blockquote>\n<h3><span style=\"color: #0000ff;\">RADIO PIU INFORMAZIONE il canale su TELEGRAM informazione di prima mano e in tempo reale. iscriviti ed aiutaci a farlo conoscere\u00a0\u00a0<\/span><\/h3>\n<\/blockquote>\n<div>\n<div class=\"page-title-head hgroup\">\n<div class=\"page-title-head hgroup\">\n<div class=\"page-title-head hgroup\">\n<div class=\"page-title-head hgroup\">\n<div class=\"b654a4as d2edcug0\">\n<div class=\"page-title-head hgroup\">\n<div class=\"page-title-head hgroup\">\n<div class=\"page-title-head hgroup\">\n<div class=\"page-title-head hgroup\">\n<div class=\"b654a4as d2edcug0\">\n<div class=\"page-title-head hgroup\">\n<div class=\"page-title-head hgroup\">\n<div class=\"page-title-head hgroup\">\n<div class=\"page-title-head hgroup\">\n<div class=\"page-title-head hgroup\">\n<div class=\"page-title-head hgroup\">\n<div class=\"page-title-head hgroup\">\n<div class=\"page-title-head hgroup\">\n<div class=\"page-title-head hgroup\">\n<div class=\"b654a4as d2edcug0\">\n<div class=\"page-title-head hgroup\">\n<div class=\"page-title-head hgroup\">\n<div class=\"page-title-head hgroup\">\n<div class=\"page-title-head hgroup\">\n<div class=\"b654a4as d2edcug0\">\n<div><\/div>\n<div>\n<div class=\"page-title-head hgroup\">\n<div class=\"page-title-head hgroup\">\n<div class=\"page-title-head hgroup\">\n<div class=\"page-title-head hgroup\">\n<div class=\"page-title-head hgroup\">\n<div class=\"mkdf-post-text\">\n<div class=\"mkdf-post-text-inner\">\n<div class=\"mkdf-post-text-main\">\n<div class=\"mkdf-post-text\">\n<div class=\"mkdf-post-text-inner\">\n<div class=\"mkdf-post-text-main\">\n<div class=\"mkdf-post-text\">\n<div class=\"mkdf-post-text-inner\">\n<div class=\"mkdf-post-text-main\">\n<div class=\"page-title-head hgroup\">\n<div class=\"page-title-head hgroup\">\n<div class=\"mkdf-post-text\">\n<div class=\"mkdf-post-text-inner\">\n<div class=\"mkdf-post-text-main\">\n<div class=\"mkdf-post-text\">\n<div class=\"mkdf-post-text-inner\">\n<div class=\"mkdf-post-text-main\">\n<div class=\"page-title-head hgroup\">\n<div class=\"page-title-head hgroup\">\n<div class=\"page-title-head hgroup\">\n<div class=\"page-title-head hgroup\">\n<div class=\"b654a4as d2edcug0\">\n<div class=\"page-title-head hgroup\">\n<div class=\"page-title-head hgroup\">\n<div class=\"page-title-head hgroup\">\n<div class=\"page-title-head hgroup\">\n<div class=\"b654a4as d2edcug0\">\n<div class=\"page-title-head hgroup\">\n<div class=\"page-title-head hgroup\">\n<div class=\"page-title-head hgroup\">\n<p>&nbsp;<\/p>\n<div>\n<div class=\"page-title-head hgroup\">\n<div class=\"page-title-head hgroup\">\n<div class=\"b654a4as d2edcug0\">\n<div class=\"j83agx80 btwxx1t3 lhclo0ds hop8lmos nkwizq5d scwd0bx6 roh60bw9\">\n<div class=\"rq0escxv hkbzh7o3 jwdofwj8 n8tt0mok r8blr3vg hyh9befq\">\n<div class=\"do00u71z l9j0dhe7 k4urcfbm\">\n<div class=\"page-title-head hgroup\">\n<div class=\"page-title-head hgroup\">\n<div class=\"b654a4as d2edcug0\">\n<div class=\"j83agx80 btwxx1t3 lhclo0ds hop8lmos nkwizq5d scwd0bx6 roh60bw9\">\n<div class=\"rq0escxv hkbzh7o3 jwdofwj8 n8tt0mok r8blr3vg hyh9befq\">\n<div class=\"do00u71z l9j0dhe7 k4urcfbm\">\n<div class=\"ecm0bbzt e5nlhep0 a8c37x1j\">\n<div class=\"kvgmc6g5 cxmmr5t8 oygrvhab hcukyx3x c1et5uql\">\n<div class=\"gmail-kvgmc6g5 gmail-cxmmr5t8 gmail-oygrvhab gmail-hcukyx3x gmail-c1et5uql gmail-ii04i59q\">\n<div class=\"page-title-head hgroup\">\n<div class=\"page-title-head hgroup\">\n<div class=\"b654a4as d2edcug0\">\n<div class=\"j83agx80 btwxx1t3 lhclo0ds hop8lmos nkwizq5d scwd0bx6 roh60bw9\">\n<div class=\"rq0escxv hkbzh7o3 jwdofwj8 n8tt0mok r8blr3vg hyh9befq\">\n<div class=\"do00u71z l9j0dhe7 k4urcfbm\">\n<div class=\"page-title-head hgroup\">\n<div class=\"page-title-head hgroup\">\n<div class=\"b654a4as d2edcug0\">\n<div class=\"j83agx80 btwxx1t3 lhclo0ds hop8lmos nkwizq5d scwd0bx6 roh60bw9\">\n<div class=\"rq0escxv hkbzh7o3 jwdofwj8 n8tt0mok r8blr3vg hyh9befq\">\n<div class=\"do00u71z l9j0dhe7 k4urcfbm\">\n<div class=\"page-title-head hgroup\">\n<div class=\"page-title-head hgroup\">\n<div class=\"b654a4as d2edcug0\">\n<div class=\"j83agx80 btwxx1t3 lhclo0ds hop8lmos nkwizq5d scwd0bx6 roh60bw9\">\n<div class=\"rq0escxv hkbzh7o3 jwdofwj8 n8tt0mok r8blr3vg hyh9befq\">\n<div class=\"do00u71z l9j0dhe7 k4urcfbm\">\n<div class=\"ecm0bbzt e5nlhep0 a8c37x1j\">\n<div class=\"kvgmc6g5 cxmmr5t8 oygrvhab hcukyx3x c1et5uql\">\n<div class=\"gmail-kvgmc6g5 gmail-cxmmr5t8 gmail-oygrvhab gmail-hcukyx3x gmail-c1et5uql gmail-ii04i59q\">\n<div class=\"page-title-head hgroup\">\n<div class=\"page-title-head hgroup\">\n<div class=\"b654a4as d2edcug0\">\n<div class=\"j83agx80 btwxx1t3 lhclo0ds hop8lmos nkwizq5d scwd0bx6 roh60bw9\">\n<div class=\"rq0escxv hkbzh7o3 jwdofwj8 n8tt0mok r8blr3vg hyh9befq\">\n<div class=\"do00u71z l9j0dhe7 k4urcfbm\">\n<div class=\"page-title-head hgroup\">\n<div class=\"page-title-head hgroup\">\n<div class=\"page-title-head hgroup\">\n<div class=\"page-title-head hgroup\">\n<div class=\"b654a4as d2edcug0\">\n<div class=\"page-title-head hgroup\">\n<div class=\"page-title-head hgroup\">\n<div class=\"page-title-head hgroup\">\n<div class=\"page-title-head hgroup\">\n<div class=\"b654a4as d2edcug0\">\n<div class=\"page-title-head hgroup\">\n<div class=\"page-title-head hgroup\">\n<div class=\"page-title-head hgroup\">\n<div class=\"page-title-head hgroup\">\n<div class=\"page-title-head hgroup\">\n<div class=\"page-title-head hgroup\">\n<div class=\"page-title-head hgroup\">\n<div class=\"page-title-head hgroup\">\n<div class=\"page-title-head hgroup\">\n<div class=\"b654a4as d2edcug0\">\n<div class=\"page-title-head hgroup\">\n<div class=\"page-title-head hgroup\">\n<div class=\"page-title-head hgroup\">\n<div class=\"page-title-head hgroup\">\n<div class=\"b654a4as d2edcug0\">\n<div class=\"page-title-head hgroup\">\n<div class=\"page-title-head hgroup\">\n<div class=\"page-title-head hgroup\">\n<div class=\"page-title-head hgroup\">\n<div class=\"page-title-head hgroup\">\n<div class=\"mkdf-post-text\">\n<div class=\"mkdf-post-text-inner\">\n<div class=\"mkdf-post-text-main\">\n<div class=\"mkdf-post-text\">\n<div class=\"mkdf-post-text-inner\">\n<div class=\"mkdf-post-text-main\">\n<div class=\"mkdf-post-text\">\n<div class=\"mkdf-post-text-inner\">\n<div class=\"mkdf-post-text-main\">\n<div class=\"page-title-head hgroup\">\n<div class=\"page-title-head hgroup\">\n<div class=\"mkdf-post-text\">\n<div class=\"mkdf-post-text-inner\">\n<div class=\"mkdf-post-text-main\">\n<div class=\"mkdf-post-text\">\n<div class=\"mkdf-post-text-inner\">\n<div class=\"mkdf-post-text-main\">\n<div class=\"page-title-head hgroup\">\n<div class=\"page-title-head hgroup\">\n<div class=\"page-title-head hgroup\">\n<div class=\"page-title-head hgroup\">\n<div class=\"b654a4as d2edcug0\">\n<div class=\"page-title-head hgroup\">\n<div class=\"page-title-head hgroup\">\n<div class=\"page-title-head hgroup\">\n<div class=\"page-title-head hgroup\">\n<div class=\"b654a4as d2edcug0\">\n<div class=\"page-title-head hgroup\">\n<div class=\"page-title-head hgroup\">\n<div class=\"page-title-head hgroup\">\n<div class=\"page-title-head hgroup\">\n<div class=\"b654a4as d2edcug0\">\n<div class=\"ecm0bbzt e5nlhep0 a8c37x1j\">\n<div class=\"kvgmc6g5 cxmmr5t8 oygrvhab hcukyx3x c1et5uql\">\n<div class=\"gmail-kvgmc6g5 gmail-cxmmr5t8 gmail-oygrvhab gmail-hcukyx3x gmail-c1et5uql gmail-ii04i59q\">\n<div class=\"page-title-head hgroup\">\n<div class=\"page-title-head hgroup\">\n<div class=\"b654a4as d2edcug0\">\n<div class=\"j83agx80 btwxx1t3 lhclo0ds hop8lmos nkwizq5d scwd0bx6 roh60bw9\">\n<div class=\"rq0escxv hkbzh7o3 jwdofwj8 n8tt0mok r8blr3vg hyh9befq\">\n<div class=\"do00u71z l9j0dhe7 k4urcfbm\">\n<div class=\"page-title-head hgroup\">\n<div class=\"page-title-head hgroup\">\n<div class=\"page-title-head hgroup\">\n<div class=\"page-title-head hgroup\">\n<div class=\"b654a4as d2edcug0\">\n<div class=\"page-title-head hgroup\">\n<div class=\"page-title-head hgroup\">\n<div class=\"page-title-head hgroup\">\n<div class=\"page-title-head hgroup\">\n<div class=\"b654a4as d2edcug0\">\n<div class=\"page-title-head hgroup\">\n<div class=\"page-title-head hgroup\">\n<div class=\"page-title-head hgroup\">\n<div class=\"page-title-head hgroup\">\n<div class=\"page-title-head hgroup\">\n<div class=\"page-title-head hgroup\">\n<div class=\"page-title-head hgroup\">\n<div class=\"page-title-head hgroup\">\n<div class=\"page-title-head hgroup\">\n<div class=\"b654a4as d2edcug0\">\n<div class=\"page-title-head hgroup\">\n<div class=\"page-title-head hgroup\">\n<div class=\"page-title-head hgroup\">\n<div class=\"page-title-head hgroup\">\n<div class=\"b654a4as d2edcug0\">\n<div class=\"page-title-head hgroup\">\n<div class=\"page-title-head hgroup\">\n<div class=\"page-title-head hgroup\">\n<div class=\"page-title-head hgroup\">\n<div class=\"page-title-head hgroup\">\n<div class=\"mkdf-post-text\">\n<div class=\"mkdf-post-text-inner\">\n<div class=\"mkdf-post-text-main\">\n<div class=\"mkdf-post-text\">\n<div class=\"mkdf-post-text-inner\">\n<div class=\"mkdf-post-text-main\">\n<div class=\"mkdf-post-text\">\n<div class=\"mkdf-post-text-inner\">\n<div class=\"mkdf-post-text-main\">\n<div class=\"page-title-head hgroup\">\n<div class=\"page-title-head hgroup\">\n<div class=\"mkdf-post-text\">\n<div class=\"mkdf-post-text-inner\">\n<div class=\"mkdf-post-text-main\">\n<div class=\"mkdf-post-text\">\n<div class=\"mkdf-post-text-inner\">\n<div class=\"mkdf-post-text-main\">\n<div class=\"page-title-head hgroup\">\n<div class=\"page-title-head hgroup\">\n<div class=\"page-title-head hgroup\">\n<div class=\"page-title-head hgroup\">\n<div class=\"b654a4as d2edcug0\">\n<div class=\"page-title-head hgroup\">\n<div class=\"page-title-head hgroup\">\n<div class=\"page-title-head hgroup\">\n<div class=\"page-title-head hgroup\">\n<div class=\"b654a4as d2edcug0\">\n<div class=\"page-title-head hgroup\">\n<div class=\"page-title-head hgroup\">\n<div class=\"page-title-head hgroup\">\n<div class=\"page-title-head hgroup\">\n<div class=\"b654a4as d2edcug0\">\n<hr \/>\n<p>&nbsp;<\/p>\n<div>\n<p><strong>DUE MINUTI UN LIBRO, TUTTI I GIORNI ALLA RADIO ALLE 9.40 E ALLE 17.50\u00a0\u00a0<\/strong><\/p>\n<div>\n<div>\n<p><strong>LA RACCOLTA COMPLETA\u00a0\u00a0<\/strong><\/p>\n<\/div>\n<\/div>\n<\/div>\n<div class=\"mkdf-post-text\">\n<div class=\"mkdf-post-text-inner\">\n<div class=\"mkdf-post-text-main\">\n<div class=\"mkdf-post-text\">\n<div class=\"mkdf-post-text-inner\">\n<div class=\"mkdf-post-text-main\">\n<div class=\"mkdf-post-text\">\n<div class=\"mkdf-post-text-inner\">\n<div class=\"mkdf-post-text-main\">\n<div class=\"page-title-head hgroup\">\n<div class=\"page-title-head hgroup\">\n<div class=\"mkdf-post-text\">\n<div class=\"mkdf-post-text-inner\">\n<div class=\"mkdf-post-text-main\">\n<div class=\"mkdf-post-text\">\n<div class=\"mkdf-post-text-inner\">\n<div class=\"mkdf-post-text-main\">\n<div class=\"page-title-head hgroup\">\n<div class=\"page-title-head hgroup\">\n<div class=\"page-title-head hgroup\">\n<div class=\"page-title-head hgroup\">\n<div class=\"b654a4as d2edcug0\">\n<div class=\"page-title-head hgroup\">\n<div class=\"page-title-head hgroup\">\n<div class=\"page-title-head hgroup\">\n<div class=\"page-title-head hgroup\">\n<div class=\"b654a4as d2edcug0\">\n<div class=\"page-title-head hgroup\">\n<div class=\"page-title-head hgroup\">\n<div class=\"page-title-head hgroup\">\n<div class=\"page-title-head hgroup\">\n<div class=\"b654a4as d2edcug0\">\n<div>\n<blockquote class=\"wp-embedded-content\" data-secret=\"GcV81uq7r1\"><p><a href=\"https:\/\/www.radiopiu.net\/wordpress\/due-minuti-un-libro\/\">Due minuti un libro<\/a><\/p><\/blockquote>\n<p><iframe loading=\"lazy\" class=\"wp-embedded-content\" sandbox=\"allow-scripts\" security=\"restricted\" style=\"position: absolute; clip: rect(1px, 1px, 1px, 1px);\" title=\"&#8220;Due minuti un libro&#8221; &#8212; Radio Pi\u00f9\" src=\"https:\/\/www.radiopiu.net\/wordpress\/due-minuti-un-libro\/embed\/#?secret=LMVozjgrTf#?secret=GcV81uq7r1\" data-secret=\"GcV81uq7r1\" width=\"600\" height=\"338\" frameborder=\"0\" marginwidth=\"0\" marginheight=\"0\" scrolling=\"no\"><\/iframe><\/p>\n<p>&nbsp;<\/p>\n<\/div>\n<div>\n<hr \/>\n<p>&nbsp;<\/p>\n<\/div>\n<h2><span style=\"color: #808000;\">L&#8217;ALMANACCO LADINO\u00a0<\/span><\/h2>\n<p><strong>LA PUNTATA DEL 20 GIUGNO 2022<br \/>\n<\/strong><\/p>\n<audio class=\"wp-audio-shortcode\" id=\"audio-282540-13\" preload=\"none\" style=\"width: 100%;\" controls=\"controls\"><source type=\"audio\/mpeg\" src=\"https:\/\/www.radiopiu.net\/wordpress\/wp-content\/uploads\/2022\/06\/86\u00b0Almanach-Ladin_fodom.mp3?_=13\" \/><a href=\"https:\/\/www.radiopiu.net\/wordpress\/wp-content\/uploads\/2022\/06\/86\u00b0Almanach-Ladin_fodom.mp3\">https:\/\/www.radiopiu.net\/wordpress\/wp-content\/uploads\/2022\/06\/86\u00b0Almanach-Ladin_fodom.mp3<\/a><\/audio>\n<p><strong>\u00a0<\/strong><\/p>\n<p><strong>\u00a0<\/strong><\/p>\n<p><strong>LA RACCOLTA<\/strong><\/p>\n<blockquote class=\"wp-embedded-content\" data-secret=\"Q6zWiidPnQ\"><p><a href=\"https:\/\/www.radiopiu.net\/wordpress\/almanacco-ladino\/\">Almanacco Ladino<\/a><\/p><\/blockquote>\n<p><iframe loading=\"lazy\" class=\"wp-embedded-content\" sandbox=\"allow-scripts\" security=\"restricted\" style=\"position: absolute; clip: rect(1px, 1px, 1px, 1px);\" title=\"&#8220;Almanacco Ladino&#8221; &#8212; Radio Pi\u00f9\" src=\"https:\/\/www.radiopiu.net\/wordpress\/almanacco-ladino\/embed\/#?secret=UBCoKMbAZf#?secret=Q6zWiidPnQ\" data-secret=\"Q6zWiidPnQ\" width=\"600\" height=\"338\" frameborder=\"0\" marginwidth=\"0\" marginheight=\"0\" scrolling=\"no\"><\/iframe><\/p>\n<p>&nbsp;<\/p>\n<hr \/>\n<p><span style=\"color: #33cccc;\">\u00a0<span style=\"color: #000000;\">\u00a0<\/span><\/span><\/p>\n<h2><span style=\"color: #800000;\">GIROVAGANDO IN E-BIKE 2022<\/span><\/h2>\n<p><strong>LA RACCOLTA<\/strong><\/p>\n<blockquote class=\"wp-embedded-content\" data-secret=\"bbXKwoaokB\"><p><a href=\"https:\/\/www.radiopiu.net\/wordpress\/girovagando-in-e-bike-tra-le-dolomiti\/\">GIROVAGANDO IN E BIKE TRA LE DOLOMITI<\/a><\/p><\/blockquote>\n<p><iframe loading=\"lazy\" class=\"wp-embedded-content\" sandbox=\"allow-scripts\" security=\"restricted\" style=\"position: absolute; clip: rect(1px, 1px, 1px, 1px);\" title=\"&#8220;GIROVAGANDO IN E BIKE TRA LE DOLOMITI&#8221; &#8212; Radio Pi\u00f9\" src=\"https:\/\/www.radiopiu.net\/wordpress\/girovagando-in-e-bike-tra-le-dolomiti\/embed\/#?secret=CLXD28deJo#?secret=bbXKwoaokB\" data-secret=\"bbXKwoaokB\" width=\"600\" height=\"338\" frameborder=\"0\" marginwidth=\"0\" marginheight=\"0\" scrolling=\"no\"><\/iframe><\/p>\n<p>&nbsp;<\/p>\n<hr \/>\n<p>&nbsp;<\/p>\n<h2><span style=\"color: #33cccc;\">LA RASSEGNA STAMPA DA L&#8217;AMICO DEL POPOLO<\/span><\/h2>\n<p><strong><a class=\"dt-pswp-item\" href=\"https:\/\/www.radiopiu.net\/wordpress\/wp-content\/uploads\/2020\/12\/LUISA-MANFROI.jpg\" data-dt-img-description=\"\" data-large_image_width=\"958\" data-large_image_height=\"960\"><img loading=\"lazy\" decoding=\"async\" class=\"size-thumbnail wp-image-181500 alignleft\" src=\"https:\/\/www.radiopiu.net\/wordpress\/wp-content\/uploads\/2020\/12\/LUISA-MANFROI-150x150.jpg\" alt=\"\" width=\"150\" height=\"150\" srcset=\"https:\/\/www.radiopiu.net\/wordpress\/wp-content\/uploads\/2020\/12\/LUISA-MANFROI-150x150.jpg 150w, https:\/\/www.radiopiu.net\/wordpress\/wp-content\/uploads\/2020\/12\/LUISA-MANFROI-300x300.jpg 300w, https:\/\/www.radiopiu.net\/wordpress\/wp-content\/uploads\/2020\/12\/LUISA-MANFROI-768x770.jpg 768w, https:\/\/www.radiopiu.net\/wordpress\/wp-content\/uploads\/2020\/12\/LUISA-MANFROI.jpg 958w\" sizes=\"auto, (max-width: 150px) 100vw, 150px\" \/><\/a>di Gianni Santomaso<\/strong><\/p>\n<p>OSPITE: Luisa Manfroi<\/p>\n<audio class=\"wp-audio-shortcode\" id=\"audio-282540-14\" preload=\"none\" style=\"width: 100%;\" controls=\"controls\"><source type=\"audio\/mpeg\" src=\"https:\/\/www.radiopiu.net\/wordpress\/wp-content\/uploads\/2022\/06\/RASSEGNA-GIANNI-2.mp3?_=14\" \/><a href=\"https:\/\/www.radiopiu.net\/wordpress\/wp-content\/uploads\/2022\/06\/RASSEGNA-GIANNI-2.mp3\">https:\/\/www.radiopiu.net\/wordpress\/wp-content\/uploads\/2022\/06\/RASSEGNA-GIANNI-2.mp3<\/a><\/audio>\n<p>&nbsp;<\/p>\n<p><strong>LA RACCOLTA COMPLETA<\/strong><\/p>\n<blockquote class=\"wp-embedded-content\" data-secret=\"UaPWmEFVEw\"><p><a href=\"https:\/\/www.radiopiu.net\/wordpress\/rassegna-stampa-di-gianni-santomaso\/\">Rassegna stampa da l&#8217;amico del popolo &#8211; di Gianni Santomaso<\/a><\/p><\/blockquote>\n<p><iframe loading=\"lazy\" class=\"wp-embedded-content\" sandbox=\"allow-scripts\" security=\"restricted\" style=\"position: absolute; clip: rect(1px, 1px, 1px, 1px);\" title=\"&#8220;Rassegna stampa da l&#8217;amico del popolo &#8211; di Gianni Santomaso&#8221; &#8212; Radio Pi\u00f9\" src=\"https:\/\/www.radiopiu.net\/wordpress\/rassegna-stampa-di-gianni-santomaso\/embed\/#?secret=dlcOEPwiGy#?secret=UaPWmEFVEw\" data-secret=\"UaPWmEFVEw\" width=\"600\" height=\"338\" frameborder=\"0\" marginwidth=\"0\" marginheight=\"0\" scrolling=\"no\"><\/iframe><\/p>\n<p>&nbsp;<\/p>\n<hr \/>\n<p>&nbsp;<\/p>\n<div>\n<div class=\"page-title-head hgroup\">\n<div class=\"page-title-head hgroup\">\n<div class=\"b654a4as d2edcug0\">\n<div class=\"j83agx80 btwxx1t3 lhclo0ds hop8lmos nkwizq5d scwd0bx6 roh60bw9\">\n<div class=\"rq0escxv hkbzh7o3 jwdofwj8 n8tt0mok r8blr3vg hyh9befq\">\n<div class=\"do00u71z l9j0dhe7 k4urcfbm\">\n<div class=\"ecm0bbzt e5nlhep0 a8c37x1j\">\n<div class=\"kvgmc6g5 cxmmr5t8 oygrvhab hcukyx3x c1et5uql\">\n<div class=\"gmail-kvgmc6g5 gmail-cxmmr5t8 gmail-oygrvhab gmail-hcukyx3x gmail-c1et5uql gmail-ii04i59q\">\n<div class=\"page-title-head hgroup\">\n<div class=\"page-title-head hgroup\">\n<div class=\"b654a4as d2edcug0\">\n<div class=\"j83agx80 btwxx1t3 lhclo0ds hop8lmos nkwizq5d scwd0bx6 roh60bw9\">\n<div class=\"rq0escxv hkbzh7o3 jwdofwj8 n8tt0mok r8blr3vg hyh9befq\">\n<div class=\"do00u71z l9j0dhe7 k4urcfbm\">\n<div class=\"page-title-head hgroup\">\n<div class=\"page-title-head hgroup\">\n<div class=\"page-title-head hgroup\">\n<div class=\"page-title-head hgroup\">\n<div class=\"b654a4as d2edcug0\">\n<div class=\"page-title-head hgroup\">\n<div class=\"page-title-head hgroup\">\n<div class=\"page-title-head hgroup\">\n<div class=\"page-title-head hgroup\">\n<div class=\"b654a4as d2edcug0\">\n<div class=\"page-title-head hgroup\">\n<div class=\"page-title-head hgroup\">\n<div class=\"page-title-head hgroup\">\n<div class=\"page-title-head hgroup\">\n<div class=\"page-title-head hgroup\">\n<div class=\"page-title-head hgroup\">\n<div class=\"page-title-head hgroup\">\n<div class=\"page-title-head hgroup\">\n<div class=\"page-title-head hgroup\">\n<div class=\"b654a4as d2edcug0\">\n<div class=\"page-title-head hgroup\">\n<div class=\"page-title-head hgroup\">\n<div class=\"page-title-head hgroup\">\n<div class=\"page-title-head hgroup\">\n<div class=\"b654a4as d2edcug0\">\n<div class=\"page-title-head hgroup\">\n<div class=\"page-title-head hgroup\">\n<div class=\"page-title-head hgroup\">\n<div class=\"page-title-head hgroup\">\n<div class=\"page-title-head hgroup\">\n<div class=\"mkdf-post-text\">\n<div class=\"mkdf-post-text-inner\">\n<div class=\"mkdf-post-text-main\">\n<div class=\"mkdf-post-text\">\n<div class=\"mkdf-post-text-inner\">\n<div class=\"mkdf-post-text-main\">\n<div class=\"mkdf-post-text\">\n<div class=\"mkdf-post-text-inner\">\n<div class=\"mkdf-post-text-main\">\n<div class=\"page-title-head hgroup\">\n<div class=\"page-title-head hgroup\">\n<div class=\"mkdf-post-text\">\n<div class=\"mkdf-post-text-inner\">\n<div class=\"mkdf-post-text-main\">\n<div class=\"mkdf-post-text\">\n<div class=\"mkdf-post-text-inner\">\n<div class=\"mkdf-post-text-main\">\n<div class=\"page-title-head hgroup\">\n<div class=\"page-title-head hgroup\">\n<div class=\"page-title-head hgroup\">\n<div class=\"page-title-head hgroup\">\n<div class=\"b654a4as d2edcug0\">\n<div class=\"page-title-head hgroup\">\n<div class=\"page-title-head hgroup\">\n<div class=\"page-title-head hgroup\">\n<div class=\"page-title-head hgroup\">\n<div class=\"b654a4as d2edcug0\">\n<div class=\"page-title-head hgroup\">\n<div class=\"page-title-head hgroup\">\n<div class=\"page-title-head hgroup\">\n<div class=\"page-title-head hgroup\">\n<div class=\"b654a4as d2edcug0\">\n<h2><span style=\"color: #800080;\">I RACCONTI DI PAOLO SOPPELSA\u00a0<\/span><\/h2>\n<p><strong>LA CAMPANA DI GHISEL<\/strong><\/p>\n<p><em><strong>AUDIO<\/strong><\/em><\/p>\n<audio class=\"wp-audio-shortcode\" id=\"audio-282540-15\" preload=\"none\" style=\"width: 100%;\" controls=\"controls\"><source type=\"audio\/mpeg\" src=\"https:\/\/www.radiopiu.net\/wordpress\/wp-content\/uploads\/2022\/06\/PAOLO-SOPPELSA-LA-CAMPANA-DI-GHISEL.mp3?_=15\" \/><a href=\"https:\/\/www.radiopiu.net\/wordpress\/wp-content\/uploads\/2022\/06\/PAOLO-SOPPELSA-LA-CAMPANA-DI-GHISEL.mp3\">https:\/\/www.radiopiu.net\/wordpress\/wp-content\/uploads\/2022\/06\/PAOLO-SOPPELSA-LA-CAMPANA-DI-GHISEL.mp3<\/a><\/audio>\n<p>&nbsp;<\/p>\n<p><a class=\"dt-pswp-item\" href=\"https:\/\/www.radiopiu.net\/wordpress\/wp-content\/uploads\/2022\/06\/3915b673-da43-4f80-9009-c421b3b1cddf.jpg\" data-dt-img-description=\"\" data-large_image_width=\"1080\" data-large_image_height=\"609\"><img loading=\"lazy\" decoding=\"async\" class=\"size-thumbnail wp-image-282419 alignleft\" src=\"https:\/\/www.radiopiu.net\/wordpress\/wp-content\/uploads\/2022\/06\/3915b673-da43-4f80-9009-c421b3b1cddf-150x150.jpg\" alt=\"\" width=\"150\" height=\"150\" \/><\/a>C&#8217;era un caldo di quasi estate quel pomeriggio in cui ho percorso la nuova strada forestale che conduce a Ghisel e che termina nei pressi della fontana. Nonostante la siccit\u00e0, l&#8217;acqua della &#8220;brenta&#8221; cantava con voce potente; chiss\u00e0 da quale fonte misteriosa, nascosta nel ventre del Pelsa, sgorgava quell&#8217;acqua cos\u00ec limpida e fresca e perfino intonata, mi chiedevo. Dopo essermi abbondantemente dissetato ho raggiunto le case; non c&#8217;era nessuno all&#8217;Oasi Papa Luciani, cos\u00ec mi \u00e8 sembrato bello infilare la mano nel buco presente nel fianco del piccolo campanile di legno; ho stretto la corda fra le dita e ho iniziato a tirare fin quando la campana ha preso vita. Erano gioiosi i suoi rintocchi, ha un bel timbro la campana di Ghisel; sembrava felice di far sentire la sua voce argentina che in quegli istanti stava riaccendendo la vita in quel borgo silente. Poi l&#8217;ho lasciata andare per inerzia e mi sono recato al margine di quel prato inclinato che un tempo era suddiviso in &#8220;ciamp de tera fina, bona par le patate&#8221;. Mi sono appoggiato ad un frassino che avr\u00e0 la mia et\u00e0; era piccolo quando, da bambino, sbinocolavo dai Mos&#8217;ce per tentare di carpire i segreti di Ghisel. Ora mi trovavo all&#8217;ombra dei suoi rami; siamo cresciuti entrambi nel frattempo, pensavo mentre ammiravo le foglie colorate di un verde brillante. Anche quel pomeriggio avevo portato con me il binocolo, ed \u00e8 stato un osservare al contrario il mio piccolo mondo. In quel momento mi trovavo dentro ad uno dei miei sogni di bambino; quanto avrei desiderato, allora, fare un giro a Ghisel. Visitare le misteriose case e magari arrivare fino a lambire il r\u00f9 omonimo, il mio compagno di tante notti vissute di fronte al Pelsa. Ma a Ghisel nessuno mi ci ha mai portato, &#8220;&#8230;via l\u00e0 no le p\u00ec nia\u2026&#8221;, dicevano; e a me spiaceva che aldil\u00e0 della valle apparentemente non ci fosse alcun vivere. Poi la vita corre, i sogni cambiano e poi un giorno ritornano; a Ghisel, finalmente, ci potevo andare da solo, e diverse volte ci sono andato. L&#8217;ultima \u00e8 stata proprio quel pomeriggio in cui c&#8217;era il caldo dell&#8217;estate ed io ero l\u00ec a cercare un sentiero che poi ho trovato e percorso. Ho seguito un&#8217;esile traccia che mi ha portato a scoprire altre radure nascoste che un tempo erano campi coltivati. E poi muri a secco e, man mano che avanzavo, una natura sempre pi\u00f9 primordiale. Al termine della traccia, nei pressi della &#8220;Val de Confin, ho incontrato il R\u00f9 da Ghisel; \u00e8 stato emozionante ascoltare la sua voce, che poi \u00e8 la voce del Pelsa, da cos\u00ec vicino. E poi rinfrescarsi con la sua fredda acqua che, poco pi\u00f9 in basso, sarebbe precipitata a valle formando la cascata il cui canto ha accompagnato tante mie notti montane. Poco pi\u00f9 tardi ero nuovamente all&#8217;ombra del grande frassino ad osservare ancora una volta l&#8217;aldil\u00e0 della valle. Attraverso le lenti del binocolo che fu di mia nonna, ho rivisto quel mondo, quella vita che scorreva a mezza costa aldil\u00e0 del Cordevole; c&#8217;era tutto, l&#8217;orto, le &#8220;pite&#8221; e il tabi\u00e0, &#8220;ma nono che spachea su legne e ma nona che batea la faoz&#8221;; e c&#8217;ero pure io, che correvo e saltavo dai muri di sassi e che guardavo l&#8217;escavatore che stava costruendo &#8220;la strada de sot&#8221;. Era un vivere semplice e bello, con le parole in dialetto che si mescolavano con il profumo del fieno. Erano giorni che sono diventati ricordi che sempre ritornano quando i tarassaci colorano i prati. Poi ho messo via il binocolo e sono ritornato al campanile di legno; ho ripreso in mano la corda della campana ed ho iniziato a tirare, ma questa volta con meno forza. La campana suonava ad un ritmo pi\u00f9 lento mentre il sole accarezzava la cima di Pape. Poi, mentre i rintocchi sfumavano, ho chiuso gli occhi e ho cantato piano dei versi importanti, scritti esattamente cinquant&#8217;anni fa da Francesco Guccini; &#8220;La casa sul confine dei ricordi, La stessa sempre, come tu la sai, E tu ricerchi l\u00e0 le tue radici, Se vuoi capire l&#8217;anima che hai.&#8221; Magiche Dolomiti!!<\/p>\n<p><strong>LA RACCOLTA COMPLETA<\/strong><\/p>\n<blockquote class=\"wp-embedded-content\" data-secret=\"zycUl3rQIp\"><p><a href=\"https:\/\/www.radiopiu.net\/wordpress\/i-racconti-di-paolo-soppelsa\/\">I racconti di Paolo Soppelsa<\/a><\/p><\/blockquote>\n<p><iframe loading=\"lazy\" class=\"wp-embedded-content\" sandbox=\"allow-scripts\" security=\"restricted\" style=\"position: absolute; clip: rect(1px, 1px, 1px, 1px);\" title=\"&#8220;I racconti di Paolo Soppelsa&#8221; &#8212; Radio Pi\u00f9\" src=\"https:\/\/www.radiopiu.net\/wordpress\/i-racconti-di-paolo-soppelsa\/embed\/#?secret=mjp9Tmy1vO#?secret=zycUl3rQIp\" data-secret=\"zycUl3rQIp\" width=\"600\" height=\"338\" frameborder=\"0\" marginwidth=\"0\" marginheight=\"0\" scrolling=\"no\"><\/iframe><\/p>\n<p>&nbsp;<\/p>\n<hr \/>\n<p>&nbsp;<\/p>\n<\/div>\n<\/div>\n<\/div>\n<\/div>\n<\/div>\n<\/div>\n<\/div>\n<\/div>\n<\/div>\n<\/div>\n<\/div>\n<\/div>\n<\/div>\n<\/div>\n<\/div>\n<\/div>\n<\/div>\n<\/div>\n<\/div>\n<\/div>\n<\/div>\n<\/div>\n<\/div>\n<\/div>\n<\/div>\n<\/div>\n<\/div>\n<\/div>\n<\/div>\n<\/div>\n<\/div>\n<\/div>\n<\/div>\n<\/div>\n<\/div>\n<\/div>\n<\/div>\n<\/div>\n<\/div>\n<\/div>\n<\/div>\n<\/div>\n<\/div>\n<\/div>\n<\/div>\n<\/div>\n<\/div>\n<\/div>\n<\/div>\n<\/div>\n<\/div>\n<\/div>\n<\/div>\n<\/div>\n<\/div>\n<\/div>\n<\/div>\n<\/div>\n<\/div>\n<\/div>\n<\/div>\n<\/div>\n<\/div>\n<\/div>\n<\/div>\n<\/div>\n<\/div>\n<\/div>\n<\/div>\n<\/div>\n<\/div>\n<\/div>\n<\/div>\n<\/div>\n<\/div>\n<\/div>\n<\/div>\n<\/div>\n<\/div>\n<\/div>\n<\/div>\n<\/div>\n<\/div>\n<\/div>\n<\/div>\n<\/div>\n<\/div>\n<\/div>\n<\/div>\n<\/div>\n<\/div>\n<\/div>\n<\/div>\n<\/div>\n<\/div>\n<\/div>\n<\/div>\n<\/div>\n<\/div>\n<\/div>\n<\/div>\n<\/div>\n<\/div>\n<\/div>\n<\/div>\n<\/div>\n<\/div>\n<\/div>\n<\/div>\n<\/div>\n<\/div>\n<div class=\"b654a4as d2edcug0\">\n<div class=\"ecm0bbzt e5nlhep0 a8c37x1j\">\n<div class=\"kvgmc6g5 cxmmr5t8 oygrvhab hcukyx3x c1et5uql\">\n<div class=\"gmail-kvgmc6g5 gmail-cxmmr5t8 gmail-oygrvhab gmail-hcukyx3x gmail-c1et5uql gmail-ii04i59q\">\n<div>\n<div class=\"page-title-head hgroup\">\n<div class=\"page-title-head hgroup\">\n<div class=\"b654a4as d2edcug0\">\n<div class=\"j83agx80 btwxx1t3 lhclo0ds hop8lmos nkwizq5d scwd0bx6 roh60bw9\">\n<div class=\"rq0escxv hkbzh7o3 jwdofwj8 n8tt0mok r8blr3vg hyh9befq\">\n<div class=\"do00u71z l9j0dhe7 k4urcfbm\">\n<div>\n<div class=\"page-title-head hgroup\">\n<div class=\"page-title-head hgroup\">\n<div class=\"page-title-head hgroup\">\n<div class=\"page-title-head hgroup\">\n<div class=\"b654a4as d2edcug0\">\n<div class=\"page-title-head hgroup\">\n<div class=\"page-title-head hgroup\">\n<div class=\"page-title-head hgroup\">\n<div class=\"page-title-head hgroup\">\n<div class=\"b654a4as d2edcug0\">\n<div class=\"page-title-head hgroup\">\n<div class=\"page-title-head hgroup\">\n<div class=\"page-title-head hgroup\">\n<div class=\"page-title-head hgroup\">\n<div class=\"page-title-head hgroup\">\n<div class=\"mkdf-post-text\">\n<div class=\"mkdf-post-text-inner\">\n<div class=\"mkdf-post-text-main\">\n<div class=\"mkdf-post-text\">\n<div class=\"mkdf-post-text-inner\">\n<div class=\"mkdf-post-text-main\">\n<div class=\"mkdf-post-text\">\n<div class=\"mkdf-post-text-inner\">\n<div class=\"mkdf-post-text-main\">\n<div class=\"page-title-head hgroup\">\n<div class=\"page-title-head hgroup\">\n<div class=\"mkdf-post-text\">\n<div class=\"mkdf-post-text-inner\">\n<div class=\"mkdf-post-text-main\">\n<div class=\"mkdf-post-text\">\n<div class=\"mkdf-post-text-inner\">\n<div class=\"mkdf-post-text-main\">\n<div>\n<div class=\"page-title-head hgroup\">\n<div class=\"page-title-head hgroup\">\n<div>\n<div class=\"page-title-head hgroup\">\n<div class=\"page-title-head hgroup\">\n<div class=\"b654a4as d2edcug0\">\n<div>\n<div class=\"page-title-head hgroup\" style=\"text-align: left;\">\n<div class=\"page-title-head hgroup\">\n<div dir=\"auto\">\n<p><a class=\"dt-pswp-item pspw-wrap-ready\" href=\"https:\/\/i0.wp.com\/www.radiopiu.net\/wordpress\/wp-content\/uploads\/2018\/09\/WhatsApp-Image-2018-09-20-at-16.04.06.jpeg?ssl=1\" data-dt-img-description=\"\" data-large_image_width=\"800\" data-large_image_height=\"100\"><img loading=\"lazy\" decoding=\"async\" class=\"aligncenter wp-image-61378 size-full jetpack-lazy-image jetpack-lazy-image--handled\" src=\"https:\/\/i0.wp.com\/www.radiopiu.net\/wordpress\/wp-content\/uploads\/2018\/09\/WhatsApp-Image-2018-09-20-at-16.04.06.jpeg?resize=800%2C100&amp;ssl=1\" sizes=\"auto, (max-width: 800px) 100vw, 800px\" srcset=\"https:\/\/i0.wp.com\/www.radiopiu.net\/wordpress\/wp-content\/uploads\/2018\/09\/WhatsApp-Image-2018-09-20-at-16.04.06.jpeg?w=800&amp;ssl=1 800w, https:\/\/i0.wp.com\/www.radiopiu.net\/wordpress\/wp-content\/uploads\/2018\/09\/WhatsApp-Image-2018-09-20-at-16.04.06.jpeg?resize=300%2C38&amp;ssl=1 300w, https:\/\/i0.wp.com\/www.radiopiu.net\/wordpress\/wp-content\/uploads\/2018\/09\/WhatsApp-Image-2018-09-20-at-16.04.06.jpeg?resize=768%2C96&amp;ssl=1 768w\" alt=\"\" width=\"800\" height=\"100\" data-lazy-loaded=\"1\" \/><\/a><\/p>\n<\/div>\n<\/div>\n<\/div>\n<\/div>\n<\/div>\n<\/div>\n<\/div>\n<\/div>\n<\/div>\n<\/div>\n<\/div>\n<\/div>\n<\/div>\n<\/div>\n<\/div>\n<\/div>\n<\/div>\n<\/div>\n<\/div>\n<\/div>\n<\/div>\n<\/div>\n<\/div>\n<\/div>\n<\/div>\n<\/div>\n<\/div>\n<\/div>\n<\/div>\n<\/div>\n<\/div>\n<\/div>\n<\/div>\n<\/div>\n<\/div>\n<\/div>\n<\/div>\n<\/div>\n<\/div>\n<\/div>\n<\/div>\n<\/div>\n<\/div>\n<\/div>\n<\/div>\n<\/div>\n<\/div>\n<\/div>\n<\/div>\n<\/div>\n<\/div>\n<\/div>\n<\/div>\n<\/div>\n<\/div>\n<\/div>\n<\/div>\n<\/div>\n<\/div>\n<\/div>\n<\/div>\n<\/div>\n<\/div>\n<\/div>\n<\/div>\n<\/div>\n<\/div>\n<\/div>\n<\/div>\n<\/div>\n<\/div>\n<\/div>\n<\/div>\n<\/div>\n<\/div>\n<\/div>\n<\/div>\n<\/div>\n<\/div>\n<\/div>\n<\/div>\n<\/div>\n<\/div>\n<\/div>\n<\/div>\n<\/div>\n<\/div>\n<\/div>\n<\/div>\n<\/div>\n<\/div>\n<\/div>\n<\/div>\n<\/div>\n<\/div>\n<\/div>\n<\/div>\n<\/div>\n<\/div>\n<\/div>\n<\/div>\n<\/div>\n<\/div>\n<\/div>\n<\/div>\n<\/div>\n<\/div>\n<\/div>\n<\/div>\n<\/div>\n<\/div>\n<\/div>\n<\/div>\n<\/div>\n<\/div>\n<\/div>\n<\/div>\n<\/div>\n<\/div>\n<\/div>\n<\/div>\n<\/div>\n<\/div>\n<\/div>\n<\/div>\n<\/div>\n<\/div>\n<\/div>\n<\/div>\n<\/div>\n<\/div>\n<\/div>\n<\/div>\n<\/div>\n<\/div>\n<\/div>\n<\/div>\n<\/div>\n<\/div>\n<\/div>\n<\/div>\n<\/div>\n<\/div>\n<\/div>\n<\/div>\n<\/div>\n<\/div>\n<\/div>\n<\/div>\n<\/div>\n<\/div>\n<\/div>\n<\/div>\n<\/div>\n<\/div>\n<\/div>\n<\/div>\n<\/div>\n<\/div>\n<\/div>\n<\/div>\n<\/div>\n<\/div>\n<\/div>\n<\/div>\n<\/div>\n<\/div>\n<\/div>\n<\/div>\n<\/div>\n<\/div>\n<\/div>\n<\/div>\n<\/div>\n<\/div>\n<\/div>\n<\/div>\n<\/div>\n<\/div>\n<\/div>\n<\/div>\n<\/div>\n<\/div>\n<\/div>\n<\/div>\n<\/div>\n<\/div>\n<\/div>\n<\/div>\n<\/div>\n<\/div>\n<\/div>\n<\/div>\n<\/div>\n<\/div>\n<\/div>\n<\/div>\n<\/div>\n<\/div>\n<\/div>\n<\/div>\n<\/div>\n<\/div>\n<\/div>\n<\/div>\n<\/div>\n<\/div>\n<\/div>\n<\/div>\n<\/div>\n<\/div>\n<\/div>\n<\/div>\n<\/div>\n<\/div>\n<\/div>\n<\/div>\n<\/div>\n<\/div>\n<\/div>\n<\/div>\n<\/div>\n<\/div>\n<\/div>\n<\/div>\n<\/div>\n<\/div>\n<\/div>\n<\/div>\n<\/div>\n<p>&nbsp;<\/p>\n<p><center><b>Martedi 21<\/b><\/center><b>Tempo atteso: <\/b>Giornata ancora prettamente estiva e ancora piuttosto calda per il periodo; al mattino nelle prime ore piuttosto soleggiato e stabile, nel corso della mattinata graduale aumento delle nubi per moderata attivit\u00e0 cumuliforme associata a qualche sporadico fenomeno pomeridiano.<br \/>\n<b>Precipitazioni: <\/b>Al mattino assenti (0%); nel pomeriggio non sono da escludere (5-25%) sporadici temporali di calore, specie sulle Dolomiti.<br \/>\n<b>Temperature: <\/b>Senza variazioni di rilievo e ancora elevate per il periodo; escursione termica giornaliera ancora elevata nelle valli. Su Prealpi a 1500 m min 16\u00b0C, max 22\u00b0C; a 2000 m min 13\u00b0C, max 19\u00b0C. Su Dolomiti a 2000 m min 13\u00b0C, max 21\u00b0C; a 3000 m min 6\u00b0C, max 11\u00b0C.<br \/>\n<b>Venti: <\/b>Nelle valli deboli o moderati a regime di brezza, con qualche rinforzo specie dalle ore centrali; in quota moderati a tratti tesi dai quadranti occidentali, a 15-25 km\/h a 2000 m e a 25-30 km\/h a 3000 m.<\/p>\n<hr \/>\n<p><center><b>Mercoledi 22<\/b><\/center><b>Tempo atteso: <\/b>Giornata con tempo in prevalenza instabile con cielo nelle prime ore ancora in prevalenza poco nuvoloso; tuttavia, gi\u00e0 nel corso della mattinata la nuvolosit\u00e0 sar\u00e0 in graduale aumento per forte attivit\u00e0 cumuliforme, con cielo generalmente nuvoloso o molto nuvoloso dalle ore centrali, quando inizieranno i primi fenomeni; schiarite a fine giornata.<br \/>\n<b>Precipitazioni: <\/b>Al mattino generalmente assenti (0-10%); aumento della probabilit\u00e0, dalle ore centrali e nel corso del pomeriggio\/sera, fino ad alta (75-100%) sulle Dolomiti, medio-alta (50-75%) sulle zone prealpine centro-orientali e medio-bassa (25-50%) o bassa (5-25%) sulle Prealpi occidentali, per precipitazioni diffuse sulle Dolomiti, in prevalenza sparse sulle Prealpi, anche a carattere di rovescio o di temporale.<br \/>\n<b>Temperature: <\/b>Minime in lieve aumento, massime in temporaneo calo anche sensibile nelle valli, con le minime in alta montagna misurate a fine giornata; clima diurno temporaneamente pi\u00f9 fresco rispetto ai giorni precedenti, specie nel pomeriggio. Su Prealpi a 1500 m min 15\u00b0C, max 19\u00b0C; a 2000 m min 12\u00b0C, max 15\u00b0C. Su Dolomiti a 2000 m min 11\u00b0C, max 15\u00b0C; a 3000 m min 4\u00b0C, max 8\u00b0C.<br \/>\n<b>Venti: <\/b>Nelle valli deboli o moderati, con forti rinforzi durante i temporali; in quota ancora dai quadranti occidentali, in rinforzo fino a tesi o forti nel corso della giornata, a 25-30 km\/h a 2000 m e a 30-50 km\/h a 3000 m.<\/p>\n<hr \/>\n<p><center><b>Giovedi 23<\/b><\/center>Tempo in prevalenza soleggiato, specie al mattino, mentre nelle ore pomeridiane, a causa di una moderata attivit\u00e0 cumuliforme, il cielo tender\u00e0 a divenire in prevalenza nuvoloso o parzialmente nuvoloso e non sono del tutto escluse eventuali precipitazioni, perlopi\u00f9 locali, specie sulle Dolomiti, a carattere di piovasco o rovescio o temporale. Temperature minime in calo, massime in aumento, con clima ancora di piena estate. Venti in quota in genere moderati da sud ovest.<\/p>\n<hr \/>\n<p><center><b>Venerdi 24<\/b><\/center>Giornata con tempo in prevalenza variabile, in parte soleggiata al mattino, maggiormente nuvolosa specie dalle ore centrali a causa del riscaldamento diurno, con eventuali precipitazioni perlopi\u00f9 locali e sulle Dolomiti. Temperature minime in aumento, massime senza notevoli variazioni. Venti in quota in genere moderati o tesi da sud-ovest. Previsore: M.Padoan<\/p>\n<div style=\"text-align: left;\">\n<p>&nbsp;<\/p>\n<p>&nbsp;<\/p>\n<\/div>\n<hr \/>\n<p>&nbsp;<\/p>\n<p>&nbsp;<\/p>\n<p><a href=\"https:\/\/www.radiopiu.net\/wordpress\/giornale-radiopiu-26-settembre-2018-direttore-mirko-mezzacasa\/viabilita-2\/\" rel=\"attachment wp-att-61954\"><img loading=\"lazy\" decoding=\"async\" class=\"aligncenter wp-image-61954 size-full\" src=\"https:\/\/www.radiopiu.net\/wordpress\/wp-content\/uploads\/2018\/09\/viabilita.jpeg\" sizes=\"auto, (max-width: 800px) 100vw, 800px\" srcset=\"https:\/\/www.radiopiu.net\/wordpress\/wp-content\/uploads\/2018\/09\/viabilita.jpeg 800w, https:\/\/www.radiopiu.net\/wordpress\/wp-content\/uploads\/2018\/09\/viabilita-300x38.jpeg 300w, https:\/\/www.radiopiu.net\/wordpress\/wp-content\/uploads\/2018\/09\/viabilita-768x96.jpeg 768w\" alt=\"\" width=\"800\" height=\"100\" \/><\/a><\/p>\n<p>&nbsp;<\/p>\n<blockquote class=\"wp-embedded-content\" data-secret=\"MtWQmGMLco\"><p><a href=\"https:\/\/www.radiopiu.net\/wordpress\/viabilita\/\">viabilita<\/a><\/p><\/blockquote>\n<p><iframe loading=\"lazy\" class=\"wp-embedded-content\" sandbox=\"allow-scripts\" security=\"restricted\" style=\"position: absolute; clip: rect(1px, 1px, 1px, 1px);\" title=\"&#8220;viabilita&#8221; &#8212; Radio Pi\u00f9\" src=\"https:\/\/www.radiopiu.net\/wordpress\/viabilita\/embed\/#?secret=RXrZppnVmX#?secret=MtWQmGMLco\" data-secret=\"MtWQmGMLco\" width=\"600\" height=\"338\" frameborder=\"0\" marginwidth=\"0\" marginheight=\"0\" scrolling=\"no\"><\/iframe><\/p>\n<p>&nbsp;<\/p>\n<hr \/>\n<p>&nbsp;<\/p>\n<p>&nbsp;<\/p>\n<p><img loading=\"lazy\" decoding=\"async\" class=\"wp-image-60761 size-full aligncenter\" src=\"https:\/\/www.radiopiu.net\/wordpress\/wp-content\/uploads\/2018\/09\/sport.jpg\" alt=\"\" width=\"800\" height=\"100\" srcset=\"https:\/\/www.radiopiu.net\/wordpress\/wp-content\/uploads\/2018\/09\/sport.jpg 800w, https:\/\/www.radiopiu.net\/wordpress\/wp-content\/uploads\/2018\/09\/sport-300x38.jpg 300w, https:\/\/www.radiopiu.net\/wordpress\/wp-content\/uploads\/2018\/09\/sport-768x96.jpg 768w\" sizes=\"auto, (max-width: 800px) 100vw, 800px\" \/><\/p>\n<p>&nbsp;<\/p>\n<p><span style=\"color: #0000ff;\"><strong>CALCIO<\/strong><\/span><\/p>\n<blockquote>\n<h3>TAIBON E LE VILLE: DUE SORPRESE, UNA IN POSITIVO E UNA IN NEGATIVO<\/h3>\n<\/blockquote>\n<p><strong><a class=\"dt-pswp-item\" href=\"https:\/\/www.radiopiu.net\/wordpress\/wp-content\/uploads\/2021\/11\/CALCIO-2021.jpg\" data-dt-img-description=\"\" data-large_image_width=\"2560\" data-large_image_height=\"1707\"><img loading=\"lazy\" decoding=\"async\" class=\"size-thumbnail wp-image-242798 alignleft\" src=\"https:\/\/www.radiopiu.net\/wordpress\/wp-content\/uploads\/2021\/11\/CALCIO-2021-150x150.jpg\" alt=\"\" width=\"150\" height=\"150\" \/><\/a>REDAZIONE<\/strong> Dopo la seconda giornata del Campionato Agordino spiccano due squadre, una in positivo e una in negativo. Partendo dalle note dolenti non si pu\u00f2 certo fare a meno di citare il Le Ville che non ha iniziato con il piede giusto il Memorial Denis Tonin. La compagine di Agordo esce da due sconfitte, una di misura con i campioni del Voltago e l&#8217;ultima a Taibon dopo una prestazione da dimenticare specialmente nella prima frazione. Il cammino della squadra di Romano Costantini si fa in salita in un girone di ferro dove per accedere ai quarti di finale bisogna macinare punti ad ogni sfida. Tra le squadre che hanno sorpreso in queste prime due giornate sicuramente \u00e8 il Taibon. I giovani di Daniele Cancel sono a punteggio pieno dopo due vittorie consecutive. Una squadra rinnovata e carica di voglia di fare che ha saputo mettere in difficolt\u00e0 gli avversari con ragazzi giovanissimi e affamati di gol.<\/p>\n<p><strong>LE INTERVISTE<\/strong><\/p>\n<p><strong>DANIELE CANCEL (ALLENATORE DEL TAIBON), FRANCESCO CHENET (GIOCATORE DEL TAIBON) E ROMANO COSTANTINI (ALLENATORE DEL LE VILLE)<\/strong><\/p>\n<audio class=\"wp-audio-shortcode\" id=\"audio-282540-16\" preload=\"none\" style=\"width: 100%;\" controls=\"controls\"><source type=\"audio\/mpeg\" src=\"https:\/\/www.radiopiu.net\/wordpress\/wp-content\/uploads\/2022\/06\/INTERVISTE-TAIBON.mp3?_=16\" \/><a href=\"https:\/\/www.radiopiu.net\/wordpress\/wp-content\/uploads\/2022\/06\/INTERVISTE-TAIBON.mp3\">https:\/\/www.radiopiu.net\/wordpress\/wp-content\/uploads\/2022\/06\/INTERVISTE-TAIBON.mp3<\/a><\/audio>\n<p>&nbsp;<\/p>\n<hr \/>\n<p>&nbsp;<\/p>\n<blockquote>\n<h3>UN&#8217;ALTRA CONFERMA AL FIORI BARP: GABRIELE BRINO VESTIRA&#8217; LA MAGLIA NUMERO UNO<\/h3>\n<\/blockquote>\n<p>&nbsp;<\/p>\n<p><strong>SEDICO<\/strong><\/p>\n<p><strong>DI ROBERTO BONA\u00a0<\/strong><\/p>\n<audio class=\"wp-audio-shortcode\" id=\"audio-282540-17\" preload=\"none\" style=\"width: 100%;\" controls=\"controls\"><source type=\"audio\/mpeg\" src=\"https:\/\/www.radiopiu.net\/wordpress\/wp-content\/uploads\/2022\/06\/roberto-fiori-barp.mp3?_=17\" \/><a href=\"https:\/\/www.radiopiu.net\/wordpress\/wp-content\/uploads\/2022\/06\/roberto-fiori-barp.mp3\">https:\/\/www.radiopiu.net\/wordpress\/wp-content\/uploads\/2022\/06\/roberto-fiori-barp.mp3<\/a><\/audio>\n<p>&nbsp;<\/p>\n<p>&nbsp;<\/p>\n<p><img decoding=\"async\" src=\"https:\/\/www.radiopiu.net\/wordpress\/wp-content\/uploads\/2022\/06\/aa84b748-d5b3-442d-9796-1527660902ec.jpg\" \/><\/p>\n<p>&nbsp;<\/p>\n<p>&nbsp;<\/p>\n<hr \/>\n<p>&nbsp;<\/p>\n<h2><span style=\"color: #008000;\">SPECIALE CAMPIONATO AGORDINO<\/span><\/h2>\n<p><strong>RIASCOLTA OTTANTESIMO MINUTO<\/strong><\/p>\n<audio class=\"wp-audio-shortcode\" id=\"audio-282540-18\" preload=\"none\" style=\"width: 100%;\" controls=\"controls\"><source type=\"audio\/mpeg\" src=\"https:\/\/www.radiopiu.net\/wordpress\/wp-content\/uploads\/2022\/06\/80MIN.mp3?_=18\" \/><a href=\"https:\/\/www.radiopiu.net\/wordpress\/wp-content\/uploads\/2022\/06\/80MIN.mp3\">https:\/\/www.radiopiu.net\/wordpress\/wp-content\/uploads\/2022\/06\/80MIN.mp3<\/a><\/audio>\n<p>&nbsp;<\/p>\n<hr \/>\n<p>&nbsp;<\/p>\n<p><span style=\"color: #0000ff;\"><strong>NUOTO<\/strong><\/span><\/p>\n<blockquote>\n<h3>I BELLUNESI DELLA SPORTIVAMENTE ALLA TREVISO SWIM CUP<\/h3>\n<\/blockquote>\n<p><strong>BELLUNO<\/strong> Nella<span id=\"page2R_mcid5\" class=\"markedContent\"><span dir=\"ltr\" role=\"presentation\"> piscina Santa Bona di Treviso gli Esordienti <\/span><span dir=\"ltr\" role=\"presentation\">della <\/span><span dir=\"ltr\" role=\"presentation\">Sportivamente Belluno hanno ottenuto il nono posto tra le 27 societ\u00e0 in gara. <\/span><\/span><span id=\"page2R_mcid6\" class=\"markedContent\"><span dir=\"ltr\" role=\"presentation\">La selezione di 11<\/span> <span dir=\"ltr\" role=\"presentation\">atleti ha dato prova di un ottimo stato di forma, con una serie di miglioramenti <\/span><span dir=\"ltr\" role=\"presentation\">dei primati personali. In pi\u00f9, ha piazzato ben 14<\/span> <span dir=\"ltr\" role=\"presentation\">volte i suoi nuotatori<\/span> <span dir=\"ltr\" role=\"presentation\">nelle prime 12 posizioni in <\/span><span dir=\"ltr\" role=\"presentation\">classifica. <\/span><\/span><span id=\"page2R_mcid7\" class=\"markedContent\"><span dir=\"ltr\" role=\"presentation\">Di rilievo le prestazioni di Alessandro Nerviani, che con due ori<\/span> <span dir=\"ltr\" role=\"presentation\">(200 misti e 100 rana),<\/span> <span dir=\"ltr\" role=\"presentation\">un <\/span><span dir=\"ltr\" role=\"presentation\">argento<\/span> <span dir=\"ltr\" role=\"presentation\">(100 stile libero)<\/span> <span dir=\"ltr\" role=\"presentation\">e un quarto posto<\/span> <span dir=\"ltr\" role=\"presentation\">(200 stile libero) continua a guidare un gruppo in forte <\/span><span dir=\"ltr\" role=\"presentation\">crescita. Eleonora Bortot, invece, si mette al collo un bronzo esemplare nei 50 rana, seguita a <\/span><span dir=\"ltr\" role=\"presentation\">ruota da Beatrice Mezzacasa, quarta a pochi decimi di distanza, e Vincenzo Iuliano, sempre a <\/span><span dir=\"ltr\" role=\"presentation\">punti nella rana. <\/span><\/span><span id=\"page2R_mcid8\" class=\"markedContent\"><span dir=\"ltr\" role=\"presentation\">Nota di merito<\/span> <span dir=\"ltr\" role=\"presentation\">pure per Levi Riccardo Cervo, Alex Brianti, Margherita De Cian, Niccol\u00f2 Longi, <\/span><span dir=\"ltr\" role=\"presentation\">Margherita Mazzoli,<\/span> <span dir=\"ltr\" role=\"presentation\">Samuele Sommacal e Greta Viel,<\/span> <span dir=\"ltr\" role=\"presentation\">che continuano a migliorare i loro <\/span><span dir=\"ltr\" role=\"presentation\">personali<\/span> <span dir=\"ltr\" role=\"presentation\">in vasca lunga e coltivano la speranza di essere convocati ai prossimi campionati <\/span><span dir=\"ltr\" role=\"presentation\">regionali, in programma nel mese di luglio. <\/span><\/span><span id=\"page2R_mcid9\" class=\"markedContent\"><span dir=\"ltr\" role=\"presentation\">Grande soddisfazione per<\/span> <span dir=\"ltr\" role=\"presentation\">il tecnico Piermarini: <em>\u00abAbbiamo<\/em><\/span><em> <span dir=\"ltr\" role=\"presentation\">ricevuto la conferma di un ottimo lavoro <\/span><span dir=\"ltr\" role=\"presentation\">svolto in vasca in questa<\/span> <span dir=\"ltr\" role=\"presentation\">fase dell&#8217;anno e guardiamo al<\/span> <span dir=\"ltr\" role=\"presentation\">futuro<\/span> <span dir=\"ltr\" role=\"presentation\">con<\/span> <span dir=\"ltr\" role=\"presentation\">fiducia\u00bb<\/span><\/em><\/span><\/p>\n<p>&nbsp;<\/p>\n\n\t\t\t<style type='text\/css'>\n\t\t\t\t#gallery-5 {\n\t\t\t\t\tmargin: auto;\n\t\t\t\t}\n\t\t\t\t#gallery-5 .gallery-item {\n\t\t\t\t\tfloat: left;\n\t\t\t\t\tmargin-top: 10px;\n\t\t\t\t\ttext-align: center;\n\t\t\t\t\twidth: 50%;\n\t\t\t\t}\n\t\t\t\t#gallery-5 img {\n\t\t\t\t\tborder: 2px solid #cfcfcf;\n\t\t\t\t}\n\t\t\t\t#gallery-5 .gallery-caption {\n\t\t\t\t\tmargin-left: 0;\n\t\t\t\t}\n\t\t\t\t\/* see gallery_shortcode() in wp-includes\/media.php *\/\n\t\t\t<\/style>\n\t\t<div id='gallery-5' class='dt-gallery-container gallery galleryid-282540 gallery-columns-2 gallery-size-medium'><dl class='gallery-item'>\n\t\t\t\t<dt class='gallery-icon portrait'>\n\t\t\t\t\t<a class=\"rollover rollover-zoom dt-pswp-item\" title=\"Eleonora_Bortot\" data-dt-img-description=\"\" data-large_image_width=\"480\" data-large_image_height=\"640\"href='https:\/\/www.radiopiu.net\/wordpress\/wp-content\/uploads\/2022\/06\/Eleonora_Bortot-rotated.jpg'><img loading=\"lazy\" decoding=\"async\" width=\"225\" height=\"300\" src=\"https:\/\/www.radiopiu.net\/wordpress\/wp-content\/uploads\/2022\/06\/Eleonora_Bortot-225x300.jpg\" class=\"attachment-medium size-medium\" alt=\"\" aria-describedby=\"gallery-5-282630\" srcset=\"https:\/\/www.radiopiu.net\/wordpress\/wp-content\/uploads\/2022\/06\/Eleonora_Bortot-225x300.jpg 225w, https:\/\/www.radiopiu.net\/wordpress\/wp-content\/uploads\/2022\/06\/Eleonora_Bortot-rotated.jpg 480w\" sizes=\"auto, (max-width: 225px) 100vw, 225px\" \/><\/a>\n\t\t\t\t<\/dt>\n\t\t\t\t\t<dd class='wp-caption-text gallery-caption' id='gallery-5-282630'>\n\t\t\t\t\tEleonora_Bortot\n\t\t\t\t\t<\/dd><\/dl><dl class='gallery-item'>\n\t\t\t\t<dt class='gallery-icon portrait'>\n\t\t\t\t\t<a class=\"rollover rollover-zoom dt-pswp-item\" title=\"Alessandro_Nerviani\" data-dt-img-description=\"\" data-large_image_width=\"1302\" data-large_image_height=\"1736\"href='https:\/\/www.radiopiu.net\/wordpress\/wp-content\/uploads\/2022\/06\/Alessandro_Nerviani.jpg'><img loading=\"lazy\" decoding=\"async\" width=\"225\" height=\"300\" src=\"https:\/\/www.radiopiu.net\/wordpress\/wp-content\/uploads\/2022\/06\/Alessandro_Nerviani-225x300.jpg\" class=\"attachment-medium size-medium\" alt=\"\" aria-describedby=\"gallery-5-282629\" srcset=\"https:\/\/www.radiopiu.net\/wordpress\/wp-content\/uploads\/2022\/06\/Alessandro_Nerviani-225x300.jpg 225w, https:\/\/www.radiopiu.net\/wordpress\/wp-content\/uploads\/2022\/06\/Alessandro_Nerviani-768x1024.jpg 768w, https:\/\/www.radiopiu.net\/wordpress\/wp-content\/uploads\/2022\/06\/Alessandro_Nerviani-1152x1536.jpg 1152w, https:\/\/www.radiopiu.net\/wordpress\/wp-content\/uploads\/2022\/06\/Alessandro_Nerviani.jpg 1302w\" sizes=\"auto, (max-width: 225px) 100vw, 225px\" \/><\/a>\n\t\t\t\t<\/dt>\n\t\t\t\t\t<dd class='wp-caption-text gallery-caption' id='gallery-5-282629'>\n\t\t\t\t\tAlessandro_Nerviani\n\t\t\t\t\t<\/dd><\/dl><br style=\"clear: both\" \/>\n\t\t\t<\/div>\n\n<p>&nbsp;<\/p>\n<p>&nbsp;<\/p>\n<\/div>\n<\/div>\n<\/div>\n<\/div>\n<\/div>\n<\/div>\n<\/div>\n<\/div>\n<\/div>\n<\/div>\n<\/div>\n<\/div>\n<\/div>\n<\/div>\n<\/div>\n<\/div>\n<\/div>\n<\/div>\n<\/div>\n<\/div>\n<\/div>\n<\/div>\n<\/div>\n<\/div>\n<\/div>\n<\/div>\n<\/div>\n<\/div>\n<\/div>\n<\/div>\n<\/div>\n<\/div>\n<\/div>\n<\/div>\n<\/div>\n<\/div>\n<\/div>\n<\/div>\n<\/div>\n<\/div>\n<\/div>\n<\/div>\n<\/div>\n<\/div>\n<\/div>\n<\/div>\n<\/div>\n<\/div>\n<\/div>\n<\/div>\n<\/div>\n<\/div>\n<\/div>\n<\/div>\n<\/div>\n<\/div>\n<\/div>\n<\/div>\n<\/div>\n<\/div>\n<\/div>\n<\/div>\n<\/div>\n<\/div>\n<\/div>\n<\/div>\n<\/div>\n<\/div>\n<\/div>\n<\/div>\n<\/div>\n<\/div>\n<\/div>\n<\/div>\n<\/div>\n<\/div>\n<\/div>\n<\/div>\n<\/div>\n<\/div>\n<\/div>\n<\/div>\n<\/div>\n<\/div>\n<\/div>\n<\/div>\n<\/div>\n<\/div>\n<\/div>\n<\/div>\n<\/div>\n<\/div>\n<\/div>\n<\/div>\n<\/div>\n<\/div>\n<\/div>\n<\/div>\n<\/div>\n<\/div>\n<\/div>\n<\/div>\n<\/div>\n<\/div>\n<\/div>\n","protected":false},"excerpt":{"rendered":"<p>RADIO PIU INFORMAZIONE il canale su TELEGRAM informazione di prima\u00a0 mano e in tempo reale. iscriviti ed aiutaci a farlo conoscere\u00a0\u00a0 &nbsp; ORARI ATTIVITA&#8217; COVID POINT La ripresa epidemica Covid sta determinando un incremento della richiesta di tamponi. A tale proposito si riportano gli orari di attivit\u00e0 dei Covid Point del territorio: PALUDI: marted\u00ec, gioved\u00ec,&hellip;<\/p>\n","protected":false},"author":4,"featured_media":282667,"comment_status":"closed","ping_status":"closed","sticky":false,"template":"","format":"standard","meta":{"_monsterinsights_skip_tracking":false,"_monsterinsights_sitenote_active":false,"_monsterinsights_sitenote_note":"","_monsterinsights_sitenote_category":0,"footnotes":""},"categories":[51,86,49],"tags":[],"class_list":["post-282540","post","type-post","status-publish","format-standard","has-post-thumbnail","hentry","category-evidenza-top","category-gr","category-news-18","category-51","category-86","category-49","description-off"],"img_url":"https:\/\/www.radiopiu.net\/wordpress\/wp-content\/uploads\/2022\/06\/e97b8d88-fab4-4a23-b1b3-b244dee50348.jpg","_links":{"self":[{"href":"https:\/\/www.radiopiu.net\/wordpress\/wp-json\/wp\/v2\/posts\/282540","targetHints":{"allow":["GET"]}}],"collection":[{"href":"https:\/\/www.radiopiu.net\/wordpress\/wp-json\/wp\/v2\/posts"}],"about":[{"href":"https:\/\/www.radiopiu.net\/wordpress\/wp-json\/wp\/v2\/types\/post"}],"author":[{"embeddable":true,"href":"https:\/\/www.radiopiu.net\/wordpress\/wp-json\/wp\/v2\/users\/4"}],"replies":[{"embeddable":true,"href":"https:\/\/www.radiopiu.net\/wordpress\/wp-json\/wp\/v2\/comments?post=282540"}],"version-history":[{"count":0,"href":"https:\/\/www.radiopiu.net\/wordpress\/wp-json\/wp\/v2\/posts\/282540\/revisions"}],"wp:featuredmedia":[{"embeddable":true,"href":"https:\/\/www.radiopiu.net\/wordpress\/wp-json\/wp\/v2\/media\/282667"}],"wp:attachment":[{"href":"https:\/\/www.radiopiu.net\/wordpress\/wp-json\/wp\/v2\/media?parent=282540"}],"wp:term":[{"taxonomy":"category","embeddable":true,"href":"https:\/\/www.radiopiu.net\/wordpress\/wp-json\/wp\/v2\/categories?post=282540"},{"taxonomy":"post_tag","embeddable":true,"href":"https:\/\/www.radiopiu.net\/wordpress\/wp-json\/wp\/v2\/tags?post=282540"}],"curies":[{"name":"wp","href":"https:\/\/api.w.org\/{rel}","templated":true}]}}