{"id":282606,"date":"2022-06-21T05:26:56","date_gmt":"2022-06-21T03:26:56","guid":{"rendered":"https:\/\/www.radiopiu.net\/wordpress\/?p=282606"},"modified":"2022-06-21T06:01:59","modified_gmt":"2022-06-21T04:01:59","slug":"coppia-si-perde-scendendo-dal-civetta-intervento-in-notturna-del-soccorso-alpino","status":"publish","type":"post","link":"https:\/\/www.radiopiu.net\/wordpress\/coppia-si-perde-scendendo-dal-civetta-intervento-in-notturna-del-soccorso-alpino\/","title":{"rendered":"COPPIA SI PERDE SCENDENDO DAL CIVETTA. INTERVENTO IN NOTTURNA DEL SOCCORSO ALPINO"},"content":{"rendered":"<p><strong><a class=\"dt-pswp-item\" href=\"https:\/\/www.radiopiu.net\/wordpress\/wp-content\/uploads\/2021\/08\/salt-1.jpg\" data-dt-img-description=\"\" data-large_image_width=\"768\" data-large_image_height=\"960\"><img loading=\"lazy\" decoding=\"async\" class=\"size-thumbnail wp-image-228372 alignleft\" src=\"https:\/\/www.radiopiu.net\/wordpress\/wp-content\/uploads\/2021\/08\/salt-1-150x150.jpg\" alt=\"\" width=\"150\" height=\"150\" \/><\/a>VAL DI ZOLDO <\/strong>Ieri sera verso le 21.15 il Soccorso alpino della Val di Zoldo \u00e8 stato attivato, per una coppia di escursionisti che aveva perso la traccia del sentiero scendendo dal Civetta. I due, 42 anni lui, 34 lei, di Rovigo, erano saliti in vetta dalla Ferrata degli Alleghesi con l&#8217;intenzione di andare al Rifugio Coldai, salvo poi attardarsi e valutare di proseguire in direzione di Malga Grava dopo aver contattato il gestore. Lungo la discesa dalla normale per\u00f2, gi\u00e0 all&#8217;altezza dei ghiaioni, la coppia aveva superato l&#8217;incrocio con il sentiero, avanzando\u00a0 fino a ritrovarsi bloccata tra i mughi, 100 metri pi\u00f9 sotto. Scattato l&#8217;allarme, mentre una squadra si preparava a partire, un soccorritore \u00e8 salito a Crep e, dopo averne localizzato i segnali luminosi, ha fornito ai due le indicazioni per risalire al sentiero, dove i soccorritori, andati loro incontro, li hanno incrociati. Scesi con loro a Pecol, sono poi stati riaccompagnati a Palafavera dove avevano l&#8217;auto. L&#8217;intervento si \u00e8 concluso passata mezzanotte. La coppia, come capita sovente a molti escursionisti, aveva esclusivamente tratto le informazioni su percorsi e orari dai social, senza portare con s\u00e9 alcuna cartina n\u00e9 approfondire quanto appreso, e si \u00e8 ritrovata poi a dover fare i conti con notizie insufficienti e tempistiche non adeguate ai propri ritmi.\u00a0 L&#8217;invito \u00e8 sempre quello di non limitarsi alle informazioni prese su internet, di non fare totale affidamento sulle tracce Gps scaricate on line, valutare bene le proprie capacit\u00e0, preparazione ed esperienza.<\/p>\n<p>&nbsp;<\/p>\n<p>&nbsp;<\/p>\n<p>*****<\/p>\n","protected":false},"excerpt":{"rendered":"<p>VAL DI ZOLDO Ieri sera verso le 21.15 il Soccorso alpino della Val di Zoldo \u00e8 stato attivato, per una coppia di escursionisti che aveva perso la traccia del sentiero scendendo dal Civetta. I due, 42 anni lui, 34 lei, di Rovigo, erano saliti in vetta dalla Ferrata degli Alleghesi con l&#8217;intenzione di andare al&hellip;<\/p>\n","protected":false},"author":4,"featured_media":228372,"comment_status":"closed","ping_status":"closed","sticky":false,"template":"","format":"standard","meta":{"_monsterinsights_skip_tracking":false,"_monsterinsights_sitenote_active":false,"_monsterinsights_sitenote_note":"","_monsterinsights_sitenote_category":0,"footnotes":""},"categories":[51,49],"tags":[],"class_list":["post-282606","post","type-post","status-publish","format-standard","has-post-thumbnail","hentry","category-evidenza-top","category-news-18","category-51","category-49","description-off"],"img_url":"https:\/\/www.radiopiu.net\/wordpress\/wp-content\/uploads\/2021\/08\/salt-1.jpg","_links":{"self":[{"href":"https:\/\/www.radiopiu.net\/wordpress\/wp-json\/wp\/v2\/posts\/282606","targetHints":{"allow":["GET"]}}],"collection":[{"href":"https:\/\/www.radiopiu.net\/wordpress\/wp-json\/wp\/v2\/posts"}],"about":[{"href":"https:\/\/www.radiopiu.net\/wordpress\/wp-json\/wp\/v2\/types\/post"}],"author":[{"embeddable":true,"href":"https:\/\/www.radiopiu.net\/wordpress\/wp-json\/wp\/v2\/users\/4"}],"replies":[{"embeddable":true,"href":"https:\/\/www.radiopiu.net\/wordpress\/wp-json\/wp\/v2\/comments?post=282606"}],"version-history":[{"count":0,"href":"https:\/\/www.radiopiu.net\/wordpress\/wp-json\/wp\/v2\/posts\/282606\/revisions"}],"wp:featuredmedia":[{"embeddable":true,"href":"https:\/\/www.radiopiu.net\/wordpress\/wp-json\/wp\/v2\/media\/228372"}],"wp:attachment":[{"href":"https:\/\/www.radiopiu.net\/wordpress\/wp-json\/wp\/v2\/media?parent=282606"}],"wp:term":[{"taxonomy":"category","embeddable":true,"href":"https:\/\/www.radiopiu.net\/wordpress\/wp-json\/wp\/v2\/categories?post=282606"},{"taxonomy":"post_tag","embeddable":true,"href":"https:\/\/www.radiopiu.net\/wordpress\/wp-json\/wp\/v2\/tags?post=282606"}],"curies":[{"name":"wp","href":"https:\/\/api.w.org\/{rel}","templated":true}]}}