{"id":282646,"date":"2022-06-21T14:19:17","date_gmt":"2022-06-21T12:19:17","guid":{"rendered":"https:\/\/www.radiopiu.net\/wordpress\/?p=282646"},"modified":"2022-06-21T15:51:34","modified_gmt":"2022-06-21T13:51:34","slug":"meteosina","status":"publish","type":"post","link":"https:\/\/www.radiopiu.net\/wordpress\/meteosina\/","title":{"rendered":"METEO. CONTINUA FASE D\u2019INSTABILITA\u2019 CON TEMPORALI ATTESI NELLE AREE MONTANE"},"content":{"rendered":"<p><strong>DICHIARATA FASE DI \u201cATTENZIONE\u201d<\/strong><\/p>\n<p><strong><img loading=\"lazy\" decoding=\"async\" class=\"alignleft\" src=\"https:\/\/www.radiopiu.net\/wordpress\/wp-content\/uploads\/2018\/08\/instabilita.jpg\" width=\"170\" height=\"102\" \/>VENEZIA <\/strong><span lang=\"IT\" style=\"font-size: 13.0pt; line-height: 115%; color: #222222;\">Il Centro Funzionale Decentrato della Protezione Civile regionale ha emesso un avviso di criticit\u00e0 che aggiorna alla mezzanotte di domani 22 giugno la dichiarazione dello stato di attenzione per criticit\u00e0 idrogeologica nel bacino idrografico dell\u2019Alto Piave bellunese e del Piave Pedemontano, nelle province di Treviso e Belluno. <\/span><span lang=\"IT\" style=\"font-size: 13.0pt; line-height: 115%; color: #222222;\">Le previsioni meteo indicano, infatti, tra il pomeriggio di oggi e le prime ore di mercoled\u00ec 22 fase di instabilit\u00e0, con probabili rovesci e temporali sulle zone montane e pedemontane, specie quelle orientali (BL e TV) dove saranno possibili locali fenomeni intensi (forti rovesci, forti raffiche di vento, grandinate). In serata non si esclude qualche fenomeno intenso anche sulla pianura nord orientale. Nel pomeriggio\/sera di domani mercoled\u00ec 22 ripresa dell&#8217;instabilit\u00e0 sulle zone montane pedemontane, in particolare sulle Dolomiti dove non \u00e8 escluso qualche locale temporale intenso. <\/span><span lang=\"IT\" style=\"font-size: 13.0pt; line-height: 115%; color: #222222;\">Visti i fenomeni meteorologici previsti la criticit\u00e0 idrogeologica attesa \u00e8 riferita allo scenario per temporali forti.<\/span><\/p>\n<p>&nbsp;<\/p>\n<p>&nbsp;<\/p>\n<hr \/>\n<p>&nbsp;<\/p>\n","protected":false},"excerpt":{"rendered":"<p>DICHIARATA FASE DI \u201cATTENZIONE\u201d VENEZIA Il Centro Funzionale Decentrato della Protezione Civile regionale ha emesso un avviso di criticit\u00e0 che aggiorna alla mezzanotte di domani 22 giugno la dichiarazione dello stato di attenzione per criticit\u00e0 idrogeologica nel bacino idrografico dell\u2019Alto Piave bellunese e del Piave Pedemontano, nelle province di Treviso e Belluno. Le previsioni meteo&hellip;<\/p>\n","protected":false},"author":4,"featured_media":57488,"comment_status":"closed","ping_status":"closed","sticky":false,"template":"","format":"standard","meta":{"_monsterinsights_skip_tracking":false,"_monsterinsights_sitenote_active":false,"_monsterinsights_sitenote_note":"","_monsterinsights_sitenote_category":0,"footnotes":""},"categories":[51,49],"tags":[],"class_list":["post-282646","post","type-post","status-publish","format-standard","has-post-thumbnail","hentry","category-evidenza-top","category-news-18","category-51","category-49","description-off"],"img_url":"https:\/\/www.radiopiu.net\/wordpress\/wp-content\/uploads\/2018\/08\/instabilita.jpg","_links":{"self":[{"href":"https:\/\/www.radiopiu.net\/wordpress\/wp-json\/wp\/v2\/posts\/282646","targetHints":{"allow":["GET"]}}],"collection":[{"href":"https:\/\/www.radiopiu.net\/wordpress\/wp-json\/wp\/v2\/posts"}],"about":[{"href":"https:\/\/www.radiopiu.net\/wordpress\/wp-json\/wp\/v2\/types\/post"}],"author":[{"embeddable":true,"href":"https:\/\/www.radiopiu.net\/wordpress\/wp-json\/wp\/v2\/users\/4"}],"replies":[{"embeddable":true,"href":"https:\/\/www.radiopiu.net\/wordpress\/wp-json\/wp\/v2\/comments?post=282646"}],"version-history":[{"count":0,"href":"https:\/\/www.radiopiu.net\/wordpress\/wp-json\/wp\/v2\/posts\/282646\/revisions"}],"wp:featuredmedia":[{"embeddable":true,"href":"https:\/\/www.radiopiu.net\/wordpress\/wp-json\/wp\/v2\/media\/57488"}],"wp:attachment":[{"href":"https:\/\/www.radiopiu.net\/wordpress\/wp-json\/wp\/v2\/media?parent=282646"}],"wp:term":[{"taxonomy":"category","embeddable":true,"href":"https:\/\/www.radiopiu.net\/wordpress\/wp-json\/wp\/v2\/categories?post=282646"},{"taxonomy":"post_tag","embeddable":true,"href":"https:\/\/www.radiopiu.net\/wordpress\/wp-json\/wp\/v2\/tags?post=282646"}],"curies":[{"name":"wp","href":"https:\/\/api.w.org\/{rel}","templated":true}]}}