{"id":282649,"date":"2022-06-21T05:24:26","date_gmt":"2022-06-21T03:24:26","guid":{"rendered":"https:\/\/www.radiopiu.net\/wordpress\/?p=282649"},"modified":"2022-06-21T06:03:01","modified_gmt":"2022-06-21T04:03:01","slug":"lucibel","status":"publish","type":"post","link":"https:\/\/www.radiopiu.net\/wordpress\/lucibel\/","title":{"rendered":"SI SPENGONO LE LUCI&#8230; MA LE STRADE NON SON DESERTE"},"content":{"rendered":"<p><strong><a class=\"dt-pswp-item\" href=\"https:\/\/www.radiopiu.net\/wordpress\/wp-content\/uploads\/2022\/06\/th-9.jpg\" data-dt-img-description=\"\" data-large_image_width=\"254\" data-large_image_height=\"190\"><img loading=\"lazy\" decoding=\"async\" class=\"size-thumbnail wp-image-282650 alignleft\" src=\"https:\/\/www.radiopiu.net\/wordpress\/wp-content\/uploads\/2022\/06\/th-9-150x150.jpg\" alt=\"\" width=\"150\" height=\"150\" \/><\/a>BELLUNO<\/strong> Contrariamente alla canzone di Domenico Modugno,\u00a0 non ci sar\u00e0 solo un uomo in frac di qui al 31 luglio,\u00a0 ma probabilmente anche altri cittadini, un po&#8217; nottambuli per la verit\u00e0, poich\u00e9 lo spegnimento dei lampioni (totale) \u00e8 programmato tra le 2 e le 4 del mattino. Il Comune di Belluno rende concreta l&#8217;ordinanza dello scorso 30 maggio con la quale la Giunta ha stabilito\u00a0 <span dir=\"ltr\" role=\"presentation\">di avviare una sperimentazione, perseguendo l&#8217;obiettivo di un risparmio di <\/span><span dir=\"ltr\" role=\"presentation\">circa il 18% sulla spesa per l&#8217;illuminazione pubblica. <\/span><span dir=\"ltr\" role=\"presentation\">La sperimentazione prevede, nel dettaglio,<\/span> <span dir=\"ltr\" role=\"presentation\">lo spegnimento totale degli <\/span><span dir=\"ltr\" role=\"presentation\">impianti<\/span> <span dir=\"ltr\" role=\"presentation\">nella<\/span> <span dir=\"ltr\" role=\"presentation\">fascia<\/span> <span dir=\"ltr\" role=\"presentation\">oraria<\/span> <span dir=\"ltr\" role=\"presentation\">tra<\/span> <span dir=\"ltr\" role=\"presentation\">le<\/span> <span dir=\"ltr\" role=\"presentation\">2<\/span> <span dir=\"ltr\" role=\"presentation\">e<\/span> <span dir=\"ltr\" role=\"presentation\">le<\/span> <span dir=\"ltr\" role=\"presentation\">4<\/span><span dir=\"ltr\" role=\"presentation\">,<\/span> <span dir=\"ltr\" role=\"presentation\">partendo<\/span> <span dir=\"ltr\" role=\"presentation\">dalle<\/span> <span dir=\"ltr\" role=\"presentation\">zone <\/span><span dir=\"ltr\" role=\"presentation\">periferiche, per arrivare alla zona centrale del territorio comunale. <\/span><span dir=\"ltr\" role=\"presentation\">Attualmente, sono stati spenti i lampioni delle seguenti zone: <\/span>\u00a0<span dir=\"ltr\" role=\"presentation\">via Visome, nei tratti di strada e incroci in uscita dal Comune di <\/span><span dir=\"ltr\" role=\"presentation\">Belluno verso Limana; <\/span>\u00a0<span dir=\"ltr\" role=\"presentation\">zona<\/span> <span dir=\"ltr\" role=\"presentation\">Col<\/span> <span dir=\"ltr\" role=\"presentation\">di<\/span> <span dir=\"ltr\" role=\"presentation\">Salce,<\/span> <span dir=\"ltr\" role=\"presentation\">in<\/span> <span dir=\"ltr\" role=\"presentation\">prossimit\u00e0<\/span> <span dir=\"ltr\" role=\"presentation\">del<\/span> <span dir=\"ltr\" role=\"presentation\">Centro<\/span> <span dir=\"ltr\" role=\"presentation\">Commerciale<\/span> <span dir=\"ltr\" role=\"presentation\">e <\/span><span dir=\"ltr\" role=\"presentation\">dell&#8217;abitato di Giamosa; <\/span>\u00a0<span dir=\"ltr\" role=\"presentation\">abitato di Safforze;\u00a0 <\/span>\u00a0<span dir=\"ltr\" role=\"presentation\">zona di via Turriga, a Caleipo; <\/span>\u00a0<span dir=\"ltr\" role=\"presentation\">abitato di Cirvoi; <\/span>\u00a0<span dir=\"ltr\" role=\"presentation\">abitato di San Fermo;<\/span><span dir=\"ltr\" role=\"presentation\">\uf0b7 <\/span><span dir=\"ltr\" role=\"presentation\">abitato di Tisoi; <\/span>\u00a0<span dir=\"ltr\" role=\"presentation\">abitato di Vignole; <\/span>\u00a0<span dir=\"ltr\" role=\"presentation\">Levego lungo la via Meassa. Il <\/span><span dir=\"ltr\" role=\"presentation\">\u00a031 luglio sar\u00e0 valutato\u00a0 <\/span><span dir=\"ltr\" role=\"presentation\">se ripristinare la situazione precedente o proseguire con lo spegnimento <\/span><span dir=\"ltr\" role=\"presentation\">totale nella fascia oraria indicata.<\/span><\/p>\n<hr \/>\n<p>&nbsp;<\/p>\n","protected":false},"excerpt":{"rendered":"<p>BELLUNO Contrariamente alla canzone di Domenico Modugno,\u00a0 non ci sar\u00e0 solo un uomo in frac di qui al 31 luglio,\u00a0 ma probabilmente anche altri cittadini, un po&#8217; nottambuli per la verit\u00e0, poich\u00e9 lo spegnimento dei lampioni (totale) \u00e8 programmato tra le 2 e le 4 del mattino. Il Comune di Belluno rende concreta l&#8217;ordinanza dello&hellip;<\/p>\n","protected":false},"author":4,"featured_media":282650,"comment_status":"closed","ping_status":"closed","sticky":false,"template":"","format":"standard","meta":{"_monsterinsights_skip_tracking":false,"_monsterinsights_sitenote_active":false,"_monsterinsights_sitenote_note":"","_monsterinsights_sitenote_category":0,"footnotes":""},"categories":[51,49],"tags":[],"class_list":["post-282649","post","type-post","status-publish","format-standard","has-post-thumbnail","hentry","category-evidenza-top","category-news-18","category-51","category-49","description-off"],"img_url":"https:\/\/www.radiopiu.net\/wordpress\/wp-content\/uploads\/2022\/06\/th-9.jpg","_links":{"self":[{"href":"https:\/\/www.radiopiu.net\/wordpress\/wp-json\/wp\/v2\/posts\/282649","targetHints":{"allow":["GET"]}}],"collection":[{"href":"https:\/\/www.radiopiu.net\/wordpress\/wp-json\/wp\/v2\/posts"}],"about":[{"href":"https:\/\/www.radiopiu.net\/wordpress\/wp-json\/wp\/v2\/types\/post"}],"author":[{"embeddable":true,"href":"https:\/\/www.radiopiu.net\/wordpress\/wp-json\/wp\/v2\/users\/4"}],"replies":[{"embeddable":true,"href":"https:\/\/www.radiopiu.net\/wordpress\/wp-json\/wp\/v2\/comments?post=282649"}],"version-history":[{"count":0,"href":"https:\/\/www.radiopiu.net\/wordpress\/wp-json\/wp\/v2\/posts\/282649\/revisions"}],"wp:featuredmedia":[{"embeddable":true,"href":"https:\/\/www.radiopiu.net\/wordpress\/wp-json\/wp\/v2\/media\/282650"}],"wp:attachment":[{"href":"https:\/\/www.radiopiu.net\/wordpress\/wp-json\/wp\/v2\/media?parent=282649"}],"wp:term":[{"taxonomy":"category","embeddable":true,"href":"https:\/\/www.radiopiu.net\/wordpress\/wp-json\/wp\/v2\/categories?post=282649"},{"taxonomy":"post_tag","embeddable":true,"href":"https:\/\/www.radiopiu.net\/wordpress\/wp-json\/wp\/v2\/tags?post=282649"}],"curies":[{"name":"wp","href":"https:\/\/api.w.org\/{rel}","templated":true}]}}