{"id":282730,"date":"2022-06-22T05:47:25","date_gmt":"2022-06-22T03:47:25","guid":{"rendered":"https:\/\/www.radiopiu.net\/wordpress\/?p=282730"},"modified":"2022-06-22T12:48:49","modified_gmt":"2022-06-22T10:48:49","slug":"giornale-radiopiu-22-giugno-2022-direttore-mirko-mezzacasa","status":"publish","type":"post","link":"https:\/\/www.radiopiu.net\/wordpress\/giornale-radiopiu-22-giugno-2022-direttore-mirko-mezzacasa\/","title":{"rendered":"GIORNALE RADIOPIU 22 GIUGNO 2022 DIRETTORE MIRKO MEZZACASA"},"content":{"rendered":"<h3 class=\"kvgmc6g5 cxmmr5t8 oygrvhab hcukyx3x c1et5uql\"><span style=\"color: #0000ff;\"><strong>RADIO PIU INFORMAZIONE il canale su TELEGRAM informazione di prima\u00a0 <\/strong><\/span><span style=\"color: #0000ff;\"><strong>mano e in tempo reale. iscriviti ed aiutaci a farlo conoscere\u00a0\u00a0<\/strong><\/span><\/h3>\n<p>&nbsp;<\/p>\n<p>&nbsp;<\/p>\n<blockquote>\n<h3>ORARI ATTIVITA&#8217; COVID POINT<\/h3>\n<\/blockquote>\n<p>La ripresa epidemica Covid sta determinando un incremento della richiesta di tamponi. A tale proposito si riportano gli orari di attivit\u00e0 dei Covid Point del territorio: <strong>PALUDI<\/strong>: marted\u00ec, gioved\u00ec, sabato, domenica\/festivi &#8211; dalle 8.30 alle 12.30 <strong>FELTRE<\/strong>: luned\u00ec, mercoled\u00ec, venerd\u00ec (festivi esclusi) &#8211; dalle 8.30 alle 12.30 <strong>AGORDO<\/strong>: marted\u00ec, gioved\u00ec (festivi esclusi) &#8211; dalle 8.30 alle 10.00 <strong>TAI DI CADORE<\/strong>: marted\u00ec, gioved\u00ec (festivi esclusi) &#8211; dalle 13.30 alle 15.30,Il tampone viene eseguito su prescrizione del medico curante e a seguito di prenotazione sul sito <a href=\"http:\/\/www.aulss1.veneto.it\/\">www.aulss1.veneto.it<\/a><\/p>\n<p>&nbsp;<\/p>\n<p>&nbsp;<\/p>\n<hr \/>\n<p>&nbsp;<\/p>\n<blockquote>\n<h3>PROROGATA LA CHIUSURA DELLA STRADA TRA CROSTOLIN E LE RONCHE<\/h3>\n<\/blockquote>\n<p><strong>LA VALLE AGORDINA<\/strong>\u00a0 Sul Ponte \u201cDel Felice\u201d tra Crostolin e Le Ronche: chiusura della strada\u00a0 fino al 8 luglio per consentire alla ditta incaricata di effettuare le opere,\u00a0 interdizione totale al transito veicolare e pedonale. La Ditta che sta eseguendo i lavori ha comunicato che serve ancora un periodo di chiusura . Al riguardo \u00e8 stata prorogata fino all&#8217;8 luglio l&#8217;ordinanza che dispone la chiusura della strada.<\/p>\n<p><span dir=\"ltr\" role=\"presentation\"><strong>BELLUNO<\/strong> Divieto di circolazione in via Loreto, fino<\/span><span dir=\"ltr\" role=\"presentation\"> al 27 giugno per manutenzione reti acquedotto e fognatura. Tra i civici 24-28,\u00a0 dalle 8 alle 18; tra i civici 13C e 24 dalle 21 alle 6.<\/span><\/p>\n<p>&nbsp;<\/p>\n<hr \/>\n<p>&nbsp;<\/p>\n<blockquote>\n<h3>ACQUA NON POTABILE A SAN TOMASO dal 15 giugno<\/h3>\n<\/blockquote>\n<p><strong><a class=\"dt-pswp-item\" href=\"https:\/\/www.radiopiu.net\/wordpress\/wp-content\/uploads\/2018\/08\/ACQUA.jpeg\" data-dt-img-description=\"\" data-large_image_width=\"1280\" data-large_image_height=\"768\"><img loading=\"lazy\" decoding=\"async\" class=\"alignleft wp-image-57052 \" src=\"https:\/\/www.radiopiu.net\/wordpress\/wp-content\/uploads\/2018\/08\/ACQUA-300x180.jpeg\" alt=\"\" width=\"90\" height=\"54\" srcset=\"https:\/\/www.radiopiu.net\/wordpress\/wp-content\/uploads\/2018\/08\/ACQUA-300x180.jpeg 300w, https:\/\/www.radiopiu.net\/wordpress\/wp-content\/uploads\/2018\/08\/ACQUA-768x461.jpeg 768w, https:\/\/www.radiopiu.net\/wordpress\/wp-content\/uploads\/2018\/08\/ACQUA-1024x614.jpeg 1024w, https:\/\/www.radiopiu.net\/wordpress\/wp-content\/uploads\/2018\/08\/ACQUA.jpeg 1280w\" sizes=\"auto, (max-width: 90px) 100vw, 90px\" \/><\/a>SAN TOMASO<\/strong> Gestione Servizi Pubblici informa che a SAN TOMASO AGORDINO in localit\u00e0 PIANEZZE, CELAT,CHIEA,TOCOL, FONTANELLE E COL ZARESE, l&#8217;acqua erogata dall&#8217;acquedotto non \u00e8 potabile e non pu\u00f2 essere usata per scopi alimentari. Verr\u00e0 effettuato servizio sostitutivo con autobotte presso la Piazza del Municipio.<\/p>\n<p>&nbsp;<\/p>\n<hr \/>\n<p>&nbsp;<\/p>\n<blockquote>\n<h3>MALORE IN RIVA AL LAGO, &#8220;BOTTO&#8221; AL MAS DI SEDICO<\/h3>\n<\/blockquote>\n<p><strong>ALLEGHE<\/strong> Malore in riva al lago ieri alle 12 per una turista in vacanza, nell&#8217;immediatezza soccorsa da Giuseppe Rudatis richiamato dalle grida della donna mentre sistemava la spiaggetta in localit\u00e0 Zunaia. Poco dopo l&#8217;intervento della vicina Croce Verde di Alleghe e del personale sanitario del Pronto Soccorso di Agordo salito ad Alleghe con l&#8217;automedica.<\/p>\n<p><a class=\"dt-pswp-item\" href=\"https:\/\/www.radiopiu.net\/wordpress\/wp-content\/uploads\/2022\/06\/289075661_2054096541460118_8838380355399121318_n.jpg\" data-dt-img-description=\"\" data-large_image_width=\"1199\" data-large_image_height=\"540\"><img loading=\"lazy\" decoding=\"async\" class=\"alignnone wp-image-282823 size-medium\" src=\"https:\/\/www.radiopiu.net\/wordpress\/wp-content\/uploads\/2022\/06\/289075661_2054096541460118_8838380355399121318_n-300x135.jpg\" alt=\"\" width=\"300\" height=\"135\" srcset=\"https:\/\/www.radiopiu.net\/wordpress\/wp-content\/uploads\/2022\/06\/289075661_2054096541460118_8838380355399121318_n-300x135.jpg 300w, https:\/\/www.radiopiu.net\/wordpress\/wp-content\/uploads\/2022\/06\/289075661_2054096541460118_8838380355399121318_n-1024x461.jpg 1024w, https:\/\/www.radiopiu.net\/wordpress\/wp-content\/uploads\/2022\/06\/289075661_2054096541460118_8838380355399121318_n-768x346.jpg 768w, https:\/\/www.radiopiu.net\/wordpress\/wp-content\/uploads\/2022\/06\/289075661_2054096541460118_8838380355399121318_n.jpg 1199w\" sizes=\"auto, (max-width: 300px) 100vw, 300px\" \/><\/a><\/p>\n<p>&nbsp;<\/p>\n<p><strong>SEDICO<\/strong> Incidente in mattinata senza feriti al Mas di Sedico lungo la regionale 203 agordina.\u00a0 Foto Annalisa Dal Mas<\/p>\n<p><a class=\"dt-pswp-item\" href=\"https:\/\/www.radiopiu.net\/wordpress\/wp-content\/uploads\/2022\/06\/95ff18b9-effe-4120-a2f3-02e497368086-1.jpg\" data-dt-img-description=\"\" data-large_image_width=\"1024\" data-large_image_height=\"809\"><img loading=\"lazy\" decoding=\"async\" class=\"alignnone wp-image-282825 size-medium\" src=\"https:\/\/www.radiopiu.net\/wordpress\/wp-content\/uploads\/2022\/06\/95ff18b9-effe-4120-a2f3-02e497368086-1-300x237.jpg\" alt=\"\" width=\"300\" height=\"237\" srcset=\"https:\/\/www.radiopiu.net\/wordpress\/wp-content\/uploads\/2022\/06\/95ff18b9-effe-4120-a2f3-02e497368086-1-300x237.jpg 300w, https:\/\/www.radiopiu.net\/wordpress\/wp-content\/uploads\/2022\/06\/95ff18b9-effe-4120-a2f3-02e497368086-1-768x607.jpg 768w, https:\/\/www.radiopiu.net\/wordpress\/wp-content\/uploads\/2022\/06\/95ff18b9-effe-4120-a2f3-02e497368086-1.jpg 1024w\" sizes=\"auto, (max-width: 300px) 100vw, 300px\" \/><\/a><\/p>\n<p>&nbsp;<\/p>\n<hr \/>\n<p>&nbsp;<\/p>\n<blockquote>\n<h3>FOLATE DI VENETO IN VALLE DEL BIOIS, DANNEGGIATA LA CHIESA DI CELAT<\/h3>\n<\/blockquote>\n<p><strong>VALLADA<\/strong> Primo giorno d&#8217;estate ma tutt&#8217;altro che da bella stagione in Valle del Biois. Il vento nel pomeriggio ha soffiato forte, soprattutto in zona Vallada, nelle fotografie i danni arrecati alla chiesa di Celat<\/p>\n\n\t\t\t<style type='text\/css'>\n\t\t\t\t#gallery-1 {\n\t\t\t\t\tmargin: auto;\n\t\t\t\t}\n\t\t\t\t#gallery-1 .gallery-item {\n\t\t\t\t\tfloat: left;\n\t\t\t\t\tmargin-top: 10px;\n\t\t\t\t\ttext-align: center;\n\t\t\t\t\twidth: 25%;\n\t\t\t\t}\n\t\t\t\t#gallery-1 img {\n\t\t\t\t\tborder: 2px solid #cfcfcf;\n\t\t\t\t}\n\t\t\t\t#gallery-1 .gallery-caption {\n\t\t\t\t\tmargin-left: 0;\n\t\t\t\t}\n\t\t\t\t\/* see gallery_shortcode() in wp-includes\/media.php *\/\n\t\t\t<\/style>\n\t\t<div id='gallery-1' class='dt-gallery-container gallery galleryid-282730 gallery-columns-4 gallery-size-thumbnail'><dl class='gallery-item'>\n\t\t\t\t<dt class='gallery-icon landscape'>\n\t\t\t\t\t<a class=\"rollover rollover-zoom dt-pswp-item\" title=\"5fd8faf4-9550-443d-aca8-81568ca23c22\" data-dt-img-description=\"\" data-large_image_width=\"2000\" data-large_image_height=\"1500\"href='https:\/\/www.radiopiu.net\/wordpress\/wp-content\/uploads\/2022\/06\/5fd8faf4-9550-443d-aca8-81568ca23c22.jpg'><img loading=\"lazy\" decoding=\"async\" width=\"150\" height=\"150\" src=\"https:\/\/www.radiopiu.net\/wordpress\/wp-content\/uploads\/2022\/06\/5fd8faf4-9550-443d-aca8-81568ca23c22-150x150.jpg\" class=\"attachment-thumbnail size-thumbnail\" alt=\"\" \/><\/a>\n\t\t\t\t<\/dt><\/dl><dl class='gallery-item'>\n\t\t\t\t<dt class='gallery-icon landscape'>\n\t\t\t\t\t<a class=\"rollover rollover-zoom dt-pswp-item\" title=\"c6dc2eac-073d-4f70-a54f-45db61677da5\" data-dt-img-description=\"\" data-large_image_width=\"2000\" data-large_image_height=\"1500\"href='https:\/\/www.radiopiu.net\/wordpress\/wp-content\/uploads\/2022\/06\/c6dc2eac-073d-4f70-a54f-45db61677da5.jpg'><img loading=\"lazy\" decoding=\"async\" width=\"150\" height=\"150\" src=\"https:\/\/www.radiopiu.net\/wordpress\/wp-content\/uploads\/2022\/06\/c6dc2eac-073d-4f70-a54f-45db61677da5-150x150.jpg\" class=\"attachment-thumbnail size-thumbnail\" alt=\"\" \/><\/a>\n\t\t\t\t<\/dt><\/dl><dl class='gallery-item'>\n\t\t\t\t<dt class='gallery-icon portrait'>\n\t\t\t\t\t<a class=\"rollover rollover-zoom dt-pswp-item\" title=\"4719b677-87fd-4865-a0c2-12236b5a51eb\" data-dt-img-description=\"\" data-large_image_width=\"1536\" data-large_image_height=\"2048\"href='https:\/\/www.radiopiu.net\/wordpress\/wp-content\/uploads\/2022\/06\/4719b677-87fd-4865-a0c2-12236b5a51eb.jpg'><img loading=\"lazy\" decoding=\"async\" width=\"150\" height=\"150\" src=\"https:\/\/www.radiopiu.net\/wordpress\/wp-content\/uploads\/2022\/06\/4719b677-87fd-4865-a0c2-12236b5a51eb-150x150.jpg\" class=\"attachment-thumbnail size-thumbnail\" alt=\"\" \/><\/a>\n\t\t\t\t<\/dt><\/dl><dl class='gallery-item'>\n\t\t\t\t<dt class='gallery-icon portrait'>\n\t\t\t\t\t<a class=\"rollover rollover-zoom dt-pswp-item\" title=\"150c01c6-bcb3-49f7-802c-5da8be343485\" data-dt-img-description=\"\" data-large_image_width=\"1536\" data-large_image_height=\"2048\"href='https:\/\/www.radiopiu.net\/wordpress\/wp-content\/uploads\/2022\/06\/150c01c6-bcb3-49f7-802c-5da8be343485.jpg'><img loading=\"lazy\" decoding=\"async\" width=\"150\" height=\"150\" src=\"https:\/\/www.radiopiu.net\/wordpress\/wp-content\/uploads\/2022\/06\/150c01c6-bcb3-49f7-802c-5da8be343485-150x150.jpg\" class=\"attachment-thumbnail size-thumbnail\" alt=\"\" \/><\/a>\n\t\t\t\t<\/dt><\/dl><br style=\"clear: both\" \/>\n\t\t\t<\/div>\n\n<p>&nbsp;<\/p>\n<p><strong>IERI SERA VERSO IL MONTE PERON, IMBOCCO VAL CORDEVOLE, DI ANNALISA DAL MAS<\/strong><\/p>\n\n\t\t\t<style type='text\/css'>\n\t\t\t\t#gallery-2 {\n\t\t\t\t\tmargin: auto;\n\t\t\t\t}\n\t\t\t\t#gallery-2 .gallery-item {\n\t\t\t\t\tfloat: left;\n\t\t\t\t\tmargin-top: 10px;\n\t\t\t\t\ttext-align: center;\n\t\t\t\t\twidth: 50%;\n\t\t\t\t}\n\t\t\t\t#gallery-2 img {\n\t\t\t\t\tborder: 2px solid #cfcfcf;\n\t\t\t\t}\n\t\t\t\t#gallery-2 .gallery-caption {\n\t\t\t\t\tmargin-left: 0;\n\t\t\t\t}\n\t\t\t\t\/* see gallery_shortcode() in wp-includes\/media.php *\/\n\t\t\t<\/style>\n\t\t<div id='gallery-2' class='dt-gallery-container gallery galleryid-282730 gallery-columns-2 gallery-size-medium'><dl class='gallery-item'>\n\t\t\t\t<dt class='gallery-icon landscape'>\n\t\t\t\t\t<a class=\"rollover rollover-zoom dt-pswp-item\" title=\"287557356_5339901292732602_3335606186853661890_n\" data-dt-img-description=\"\" data-large_image_width=\"585\" data-large_image_height=\"403\"href='https:\/\/www.radiopiu.net\/wordpress\/wp-content\/uploads\/2022\/06\/287557356_5339901292732602_3335606186853661890_n.jpg'><img loading=\"lazy\" decoding=\"async\" width=\"300\" height=\"207\" src=\"https:\/\/www.radiopiu.net\/wordpress\/wp-content\/uploads\/2022\/06\/287557356_5339901292732602_3335606186853661890_n-300x207.jpg\" class=\"attachment-medium size-medium\" alt=\"\" srcset=\"https:\/\/www.radiopiu.net\/wordpress\/wp-content\/uploads\/2022\/06\/287557356_5339901292732602_3335606186853661890_n-300x207.jpg 300w, https:\/\/www.radiopiu.net\/wordpress\/wp-content\/uploads\/2022\/06\/287557356_5339901292732602_3335606186853661890_n.jpg 585w\" sizes=\"auto, (max-width: 300px) 100vw, 300px\" \/><\/a>\n\t\t\t\t<\/dt><\/dl><dl class='gallery-item'>\n\t\t\t\t<dt class='gallery-icon portrait'>\n\t\t\t\t\t<a class=\"rollover rollover-zoom dt-pswp-item\" title=\"287783936_5339901276065937_7019344981663782790_n\" data-dt-img-description=\"\" data-large_image_width=\"597\" data-large_image_height=\"600\"href='https:\/\/www.radiopiu.net\/wordpress\/wp-content\/uploads\/2022\/06\/287783936_5339901276065937_7019344981663782790_n.jpg'><img loading=\"lazy\" decoding=\"async\" width=\"300\" height=\"300\" src=\"https:\/\/www.radiopiu.net\/wordpress\/wp-content\/uploads\/2022\/06\/287783936_5339901276065937_7019344981663782790_n-300x300.jpg\" class=\"attachment-medium size-medium\" alt=\"\" srcset=\"https:\/\/www.radiopiu.net\/wordpress\/wp-content\/uploads\/2022\/06\/287783936_5339901276065937_7019344981663782790_n-300x300.jpg 300w, https:\/\/www.radiopiu.net\/wordpress\/wp-content\/uploads\/2022\/06\/287783936_5339901276065937_7019344981663782790_n-150x150.jpg 150w\" sizes=\"auto, (max-width: 300px) 100vw, 300px\" \/><\/a>\n\t\t\t\t<\/dt><\/dl><br style=\"clear: both\" \/>\n\t\t\t<\/div>\n\n<p>&nbsp;<\/p>\n<hr \/>\n<p>&nbsp;<\/p>\n<blockquote>\n<h3>IL GRAZIE PER L&#8217;AFFETTO DIMOSTRATO VERSO LUCIANO<\/h3>\n<\/blockquote>\n<p><strong>SAN TOMASO<\/strong> Ad esequie avvenute la compagna Ester, il figlio Fabiano, la sorella Antonietta con Romeo, Sabrina, Matteo e Camilla, hanno dato notizia della cremazione avvenuta delle spoglie di Luciano Ongaro, 68 anni,\u00a0 vittima di un incidente domestico lo scorso martedi 14 giugno. Da Colar\u00f9 di San Tomaso, la famiglia ringrazia quanti hanno dimostrato vicinanza e affetto. Un particolare ringraziamento ai volontari della Croce Verde di Alleghe, Soccorso Alpino Val Biois e 118.<\/p>\n<p><a class=\"dt-pswp-item\" href=\"https:\/\/www.radiopiu.net\/wordpress\/wp-content\/uploads\/2022\/06\/aaaaa-1.jpg\" data-dt-img-description=\"\" data-large_image_width=\"249\" data-large_image_height=\"215\"><img loading=\"lazy\" decoding=\"async\" class=\"alignnone wp-image-282865 size-full\" src=\"https:\/\/www.radiopiu.net\/wordpress\/wp-content\/uploads\/2022\/06\/aaaaa-1.jpg\" alt=\"\" width=\"249\" height=\"215\" \/><\/a><\/p>\n<p>&nbsp;<\/p>\n<hr \/>\n<p>&nbsp;<\/p>\n<blockquote>\n<h3>ADDIO A SAMANTHA VITTIMA DELLA SCLEROSI PRIMARIA<\/h3>\n<\/blockquote>\n<p><strong><a class=\"dt-pswp-item\" href=\"https:\/\/www.radiopiu.net\/wordpress\/wp-content\/uploads\/2022\/06\/aaa-11.jpg\" data-dt-img-description=\"\" data-large_image_width=\"190\" data-large_image_height=\"155\"><img loading=\"lazy\" decoding=\"async\" class=\"size-thumbnail wp-image-282913 alignleft\" src=\"https:\/\/www.radiopiu.net\/wordpress\/wp-content\/uploads\/2022\/06\/aaa-11-150x150.jpg\" alt=\"\" width=\"150\" height=\"150\" \/><\/a>FELTRE<\/strong> Lacrime nel feltrino per la scomparsa di\u00a0 Samantha Calzavara, 49 anni affetta da sclerosi primaria progressiva, per la quale nel 2016 si era animata una straordinaria gara di solidariet\u00e0. Samantha ha lottato con tutte le sue forze. A poco o nulla \u00e8 servito l&#8217;intervento sperimentale cui si era sottoposta a Belgrado fra il 2017 e il 2018. Ma mai Samantha si \u00e8 persa d&#8217;animo o ha gettato la spugna, nonostante l&#8217;aggravarsi della malattia, i dolori lancinanti e in ultimo anche il Covid che ha definitivamente compromesso la funzionalit\u00e0 respiratoria. Da un mese era ricoverata all&#8217;Hospice Le Vette. <em>\u00abQuello che hanno fatto i feltrini e tante altre persone per dare una possibilit\u00e0 in pi\u00f9 a Samantha, anche in assenza di evidenze cliniche nei centri esteri, per incoraggiarla e sorreggerla \u00e8 stata una cosa straordinaria. Non finir\u00f2 mai pi\u00f9 di ringraziarli<\/em>\u00bb. Lo ha detto la sorella Marika. Per volont\u00e0 della famiglia, non ci saranno funerali.<\/p>\n<p>&nbsp;<\/p>\n<p>&nbsp;<\/p>\n<hr \/>\n<p>&nbsp;<\/p>\n<blockquote>\n<h3>E&#8217; MANCATA LA MAESTRA E\u00a0 &#8220;FORZISTA&#8221; DOMENICA PIOL<\/h3>\n<\/blockquote>\n<p><strong><a class=\"dt-pswp-item\" href=\"https:\/\/www.radiopiu.net\/wordpress\/wp-content\/uploads\/2022\/06\/DOMENCA.jpg\" data-dt-img-description=\"\" data-large_image_width=\"242\" data-large_image_height=\"304\"><img loading=\"lazy\" decoding=\"async\" class=\"size-thumbnail wp-image-282904 alignleft\" src=\"https:\/\/www.radiopiu.net\/wordpress\/wp-content\/uploads\/2022\/06\/DOMENCA-150x150.jpg\" alt=\"\" width=\"150\" height=\"150\" \/><\/a>BELLUNO<\/strong>\u00a0 Si \u00e8 spenta\u00a0 all&#8217;ospedale di Belluno Domenica Piol, 81 anni,\u00a0 candidata in quest&#8217;ultima tornata elettorale nella lista Belluno al centro a sostegno del candidato a sindaco Oscar De Pellegrin. Maestra in pensione, vedova da diversi anni, viveva a Visome dove era molto conosciuta e stimata. Si era candidata nelle file di Forza Italia nel 2006 con l&#8217;allora candidato a sindaco Celeste Bortoluzzi, esperienza in consiglio era durata un anno per la prematura scomparsa di Bortoluzzi.\u00a0 Si era ricandidata nuovamente nel 2007 appoggiando il candidato a sindaco di allora Antonio Prade. Nel 2012 si era\u00a0 ricandidata appoggiando Paolo Gamba che correva contro Jacopo Massaro<\/p>\n<p>&nbsp;<\/p>\n<hr \/>\n<p>&nbsp;<\/p>\n<blockquote>\n<h3>LAZZARONI E ASSISTENZIALISTI! LA INTERNICOLA RISCHIA 10 MESI DI CARCERE<\/h3>\n<\/blockquote>\n<p><strong>OGGI SUL CORRIERE DELLE ALPI<\/strong><\/p>\n<p><strong>DI GIGI SOSSO<\/strong><\/p>\n<p><strong><a class=\"dt-pswp-item\" href=\"https:\/\/www.radiopiu.net\/wordpress\/wp-content\/uploads\/2022\/06\/TRIBUNALE-2.jpg\" data-dt-img-description=\"\" data-large_image_width=\"960\" data-large_image_height=\"720\"><img loading=\"lazy\" decoding=\"async\" class=\"size-thumbnail wp-image-282908 alignleft\" src=\"https:\/\/www.radiopiu.net\/wordpress\/wp-content\/uploads\/2022\/06\/TRIBUNALE-2-150x150.jpg\" alt=\"\" width=\"150\" height=\"150\" \/><\/a>BELLUNO<\/strong> \u00abLazzaroni e assistenzialisti\u00bb ai paesani di Rocca Pietore. \u00abFalso, ipocrita e pure cerebroleso\u00bb al sindaco di Livinallongo, Leandro Grones. La turista bresciana Laura Internicola rischia 10 mesi di reclusione senza attenuanti generiche per diffamazione aggravata e il pagamento di 20 mila euro a Grones (Pubblico Ministero Sandra Rossi). Il Comune di Rocca e il primo cittadino hanno avviato una causa civile da un milione. Eppure, secondo lei, avrebbe espresso un libero parere, esercitando il proprio legittimo diritto di critica dopo aver visitato i Serrai di Sottoguda devastati dalla tempesta. Non un dubbio di aver offeso e ferito due comunit\u00e0. Ha dato del pregiudicato a Grones e, sempre a suo dire, a processo ci sarebbe dovuta andare la donna, che ha rilanciato il post incriminato, dopo che era stato cancellato, condividendolo con il governatore Zaia e l&#8217;assessore Bottacin.\u00a0 L&#8217;avvocato di Grones, Montino, ha tra l&#8217;altro sottolineato che i post sono a nome Internicola e non c&#8217;\u00e8 stato furto d&#8217;identit\u00e0. Il difensore Giatti ha chiesto l&#8217;assoluzione, contestando le indagini, dopo che la sua assistita non era stata tenera neanche con lui. Sentenza il 4 ottobre.<\/p>\n<p>&nbsp;<\/p>\n<hr \/>\n<p>&nbsp;<\/p>\n<blockquote>\n<h3>A LUGLIO 700 EURO IN PIU&#8217; PER OLTRE 230 MILA PENSIONATI VENETI<\/h3>\n<\/blockquote>\n<p><strong><img loading=\"lazy\" decoding=\"async\" class=\"alignleft\" src=\"https:\/\/www.radiopiu.net\/wordpress\/wp-content\/uploads\/2020\/03\/Sersa-tablet-anziani-scaled.jpg\" width=\"197\" height=\"148\" \/>VENEZIA<\/strong> Fra un paio di settimane circa 230 mila anziani ultra64enni residenti in Veneto riceveranno in media 700 euro in pi\u00f9, oltre all\u2019assegno previdenziale. Una vera e propria boccata d\u2019ossigeno riservata ai pensionati pi\u00f9 poveri, quelli che guadagnano meno di mille euro lordi al mese (circa 800 euro netti). La quattordicesima mensilit\u00e0 viene accreditata automaticamente dall\u2019Inps agli ultra64enni che hanno pensioni inferiori a due volte la \u201cminima\u201d, che nel 2022 \u00e8 di 524,34 euro. Il pagamento \u00e8 rinviato a dicembre per chi compia 64 anni da agosto in poi e per chi \u00e8 andato in pensione nel corso dell\u2019anno. Il bonus da 200 euro, spetta ai pensionati con entrate inferiori ai 35 mila euro annui, andando a coinvolgere pi\u00f9 di nove anziani veneti su dieci. Peccato, per\u00f2, che i 200 euro risultino del tutto insufficienti a contrastare l\u2019inflazione record dell\u2019anno in corso. <em>\u00ab Ma non \u00e8 sufficiente,\u00a0Massimo Cestaro, della segreteria dello Spi Cgil del Veneto \u2013\u00a0 chiediamo da tempo di innalzare l\u2019importo della quattordicesima e\u00a0 allargare la platea dei beneficiari. Riteniamo insufficiente pure il bonus da 200 euro, non bastano provvedimenti una tantum, sono necessari interventi strutturali\u00bb.\u00a0<\/em><\/p>\n<p>&nbsp;<\/p>\n<hr \/>\n<p>&nbsp;<\/p>\n<blockquote>\n<h3>LUNEDI IL GIURAMENTO DEL SINDACO MAURO SALVATERRA<\/h3>\n<\/blockquote>\n<p><strong><a class=\"dt-pswp-item\" href=\"https:\/\/www.radiopiu.net\/wordpress\/wp-content\/uploads\/2022\/05\/MAURO-SALVATERRA.jpg\" data-dt-img-description=\"MAURO SALVATERRA\" data-large_image_width=\"1066\" data-large_image_height=\"1600\"><img loading=\"lazy\" decoding=\"async\" class=\"alignleft wp-image-275747 size-thumbnail\" src=\"https:\/\/www.radiopiu.net\/wordpress\/wp-content\/uploads\/2022\/05\/MAURO-SALVATERRA-150x150.jpg\" alt=\"\" width=\"150\" height=\"150\" \/><\/a>FALCADE<\/strong> Mauro Salvaterra \u00e8 pronto per indossare la fascia tricolore e pronunciare il giuramento del primo cittadino. Accadr\u00e0 lunedi alle 20 nel corso del consiglio comunale per la convalida degli eletti. Il sindaco render\u00e0 noti i nomi degli assessore, Alvise Luchetta (il pi\u00f9 votato) e Flavio Murer. Non mancher\u00e0 la lista degli incarichi ai consiglieri comunali. Individuati i capigruppo consiliari il consiglio sar\u00e0 chiamato alla nomina della commissione elettorale, dei rappresentanti per l&#8217;Unione Montana, per la Proloco di Caviola e per il consiglio d&#8217;amministrazione dello Ski College e della Impianti Falcade-Col Margherita.<\/p>\n<p>&nbsp;<\/p>\n<p>&nbsp;<\/p>\n<p>&nbsp;<\/p>\n<hr \/>\n<p>&nbsp;<\/p>\n<blockquote>\n<h3>PREMIO PELMO D&#8217;ORO, A FINE LUGLIO A VIGO DI CADORE<\/h3>\n<\/blockquote>\n<p><strong>VIGO DI CADORE<\/strong>\u00a0 L\u2019appuntamento, con l\u2019attesa cerimonia, \u00e8 per sabato 30 luglio 2022 alle 10,15 nell&#8217;Arena di Laggio di Cadore. La cerimonia del Premio si aprir\u00e0 con il simbolico passaggio di consegne tra il Comune di Cesiomaggiore, che ne ospit\u00f2 la precedente edizione, e il Comune di Vigo di Cadore. <strong>I premiati Pelmo d\u2019Oro 2022 sono<\/strong>: il cadorino Francesco Vascellari e il limanese Loris De Barba per l\u2019alpinismo in attivit\u00e0, il cadorino Mauro Valmassoi per la carriera alpinistica, il bellunese Pietro Sommavilla per la cultura alpina. Quest\u2019anno il Premio Speciale Dolomiti UNESCO sar\u00e0 assegnato a Anselmo Cagnati e il Premio Speciale della Provincia di Belluno andr\u00e0 a Stefania Constantini e Ren\u00e8 De Silvestro, campioni ai recenti giochi olimpici e paralimpici di Pechino,\u00a0 non viene assegnato il Premio Speciale \u201cGiuliano De Marchi\u201d. Oltre alla consueta scultura del Monte Pelmo, opera del maestro Gianni Pezzei, vi saranno due opere realizzate dallo scultore Roberto De Martin di Lozzo di Cadore<\/p>\n\n\t\t\t<style type='text\/css'>\n\t\t\t\t#gallery-3 {\n\t\t\t\t\tmargin: auto;\n\t\t\t\t}\n\t\t\t\t#gallery-3 .gallery-item {\n\t\t\t\t\tfloat: left;\n\t\t\t\t\tmargin-top: 10px;\n\t\t\t\t\ttext-align: center;\n\t\t\t\t\twidth: 25%;\n\t\t\t\t}\n\t\t\t\t#gallery-3 img {\n\t\t\t\t\tborder: 2px solid #cfcfcf;\n\t\t\t\t}\n\t\t\t\t#gallery-3 .gallery-caption {\n\t\t\t\t\tmargin-left: 0;\n\t\t\t\t}\n\t\t\t\t\/* see gallery_shortcode() in wp-includes\/media.php *\/\n\t\t\t<\/style>\n\t\t<div id='gallery-3' class='dt-gallery-container gallery galleryid-282730 gallery-columns-4 gallery-size-thumbnail'><dl class='gallery-item'>\n\t\t\t\t<dt class='gallery-icon portrait'>\n\t\t\t\t\t<a class=\"rollover rollover-zoom dt-pswp-item\" title=\"Vascellari De Barba cima ovest del Cridola\" data-dt-img-description=\"\" data-large_image_width=\"953\" data-large_image_height=\"1000\"href='https:\/\/www.radiopiu.net\/wordpress\/wp-content\/uploads\/2022\/06\/Vascellari-De-Barba-cima-ovest-del-Cridola.jpg'><img loading=\"lazy\" decoding=\"async\" width=\"150\" height=\"150\" src=\"https:\/\/www.radiopiu.net\/wordpress\/wp-content\/uploads\/2022\/06\/Vascellari-De-Barba-cima-ovest-del-Cridola-150x150.jpg\" class=\"attachment-thumbnail size-thumbnail\" alt=\"\" aria-describedby=\"gallery-3-282799\" \/><\/a>\n\t\t\t\t<\/dt>\n\t\t\t\t\t<dd class='wp-caption-text gallery-caption' id='gallery-3-282799'>\n\t\t\t\t\tVascellari De Barba\n\t\t\t\t\t<\/dd><\/dl><dl class='gallery-item'>\n\t\t\t\t<dt class='gallery-icon portrait'>\n\t\t\t\t\t<a class=\"rollover rollover-zoom dt-pswp-item\" title=\"De Barba\" data-dt-img-description=\"\" data-large_image_width=\"1928\" data-large_image_height=\"2560\"href='https:\/\/www.radiopiu.net\/wordpress\/wp-content\/uploads\/2022\/06\/De-Barba-scaled.jpg'><img loading=\"lazy\" decoding=\"async\" width=\"150\" height=\"150\" src=\"https:\/\/www.radiopiu.net\/wordpress\/wp-content\/uploads\/2022\/06\/De-Barba-150x150.jpg\" class=\"attachment-thumbnail size-thumbnail\" alt=\"\" aria-describedby=\"gallery-3-282789\" \/><\/a>\n\t\t\t\t<\/dt>\n\t\t\t\t\t<dd class='wp-caption-text gallery-caption' id='gallery-3-282789'>\n\t\t\t\t\tDE BARBA\n\t\t\t\t\t<\/dd><\/dl><dl class='gallery-item'>\n\t\t\t\t<dt class='gallery-icon landscape'>\n\t\t\t\t\t<a class=\"rollover rollover-zoom dt-pswp-item\" title=\"Elaborazione digitale Mario Spinazz\u00e8\" data-dt-img-description=\"\" data-large_image_width=\"2560\" data-large_image_height=\"1707\"href='https:\/\/www.radiopiu.net\/wordpress\/wp-content\/uploads\/2022\/06\/Valmassoi-2-scaled.jpg'><img loading=\"lazy\" decoding=\"async\" width=\"150\" height=\"150\" src=\"https:\/\/www.radiopiu.net\/wordpress\/wp-content\/uploads\/2022\/06\/Valmassoi-2-150x150.jpg\" class=\"attachment-thumbnail size-thumbnail\" alt=\"\" aria-describedby=\"gallery-3-282797\" \/><\/a>\n\t\t\t\t<\/dt>\n\t\t\t\t\t<dd class='wp-caption-text gallery-caption' id='gallery-3-282797'>\n\t\t\t\t\tVALMASSOI\n\n\t\t\t\t\t<\/dd><\/dl><dl class='gallery-item'>\n\t\t\t\t<dt class='gallery-icon landscape'>\n\t\t\t\t\t<a class=\"rollover rollover-zoom dt-pswp-item\" title=\"Primo Piano\" data-dt-img-description=\"\" data-large_image_width=\"1600\" data-large_image_height=\"1200\"href='https:\/\/www.radiopiu.net\/wordpress\/wp-content\/uploads\/2022\/06\/Primo-Piano.jpeg'><img loading=\"lazy\" decoding=\"async\" width=\"150\" height=\"150\" src=\"https:\/\/www.radiopiu.net\/wordpress\/wp-content\/uploads\/2022\/06\/Primo-Piano-150x150.jpeg\" class=\"attachment-thumbnail size-thumbnail\" alt=\"\" aria-describedby=\"gallery-3-282982\" \/><\/a>\n\t\t\t\t<\/dt>\n\t\t\t\t\t<dd class='wp-caption-text gallery-caption' id='gallery-3-282982'>\n\t\t\t\t\tPiero Sommavilla\n\t\t\t\t\t<\/dd><\/dl><br style=\"clear: both\" \/><dl class='gallery-item'>\n\t\t\t\t<dt class='gallery-icon landscape'>\n\t\t\t\t\t<a class=\"rollover rollover-zoom dt-pswp-item\" title=\"Cagnati Sleddog_1\" data-dt-img-description=\"\" data-large_image_width=\"960\" data-large_image_height=\"752\"href='https:\/\/www.radiopiu.net\/wordpress\/wp-content\/uploads\/2022\/06\/Cagnati-Sleddog_1.jpg'><img loading=\"lazy\" decoding=\"async\" width=\"150\" height=\"150\" src=\"https:\/\/www.radiopiu.net\/wordpress\/wp-content\/uploads\/2022\/06\/Cagnati-Sleddog_1-150x150.jpg\" class=\"attachment-thumbnail size-thumbnail\" alt=\"\" aria-describedby=\"gallery-3-282785\" \/><\/a>\n\t\t\t\t<\/dt>\n\t\t\t\t\t<dd class='wp-caption-text gallery-caption' id='gallery-3-282785'>\n\t\t\t\t\tANSELMO CAGNATI\n\t\t\t\t\t<\/dd><\/dl><dl class='gallery-item'>\n\t\t\t\t<dt class='gallery-icon landscape'>\n\t\t\t\t\t<a class=\"rollover rollover-zoom dt-pswp-item\" title=\"Constantini\" data-dt-img-description=\"\" data-large_image_width=\"1200\" data-large_image_height=\"675\"href='https:\/\/www.radiopiu.net\/wordpress\/wp-content\/uploads\/2022\/06\/Constantini.jpg'><img loading=\"lazy\" decoding=\"async\" width=\"150\" height=\"150\" src=\"https:\/\/www.radiopiu.net\/wordpress\/wp-content\/uploads\/2022\/06\/Constantini-150x150.jpg\" class=\"attachment-thumbnail size-thumbnail\" alt=\"\" aria-describedby=\"gallery-3-282786\" \/><\/a>\n\t\t\t\t<\/dt>\n\t\t\t\t\t<dd class='wp-caption-text gallery-caption' id='gallery-3-282786'>\n\t\t\t\t\tSTEFANIA CONSTANTIN\n\t\t\t\t\t<\/dd><\/dl><dl class='gallery-item'>\n\t\t\t\t<dt class='gallery-icon landscape'>\n\t\t\t\t\t<a class=\"rollover rollover-zoom dt-pswp-item\" title=\"De Silvestro\" data-dt-img-description=\"\" data-large_image_width=\"2048\" data-large_image_height=\"1365\"href='https:\/\/www.radiopiu.net\/wordpress\/wp-content\/uploads\/2022\/06\/De-Silvestro.jpg'><img loading=\"lazy\" decoding=\"async\" width=\"150\" height=\"150\" src=\"https:\/\/www.radiopiu.net\/wordpress\/wp-content\/uploads\/2022\/06\/De-Silvestro-150x150.jpg\" class=\"attachment-thumbnail size-thumbnail\" alt=\"\" aria-describedby=\"gallery-3-282791\" \/><\/a>\n\t\t\t\t<\/dt>\n\t\t\t\t\t<dd class='wp-caption-text gallery-caption' id='gallery-3-282791'>\n\t\t\t\t\tDE SILVESTRO\n\t\t\t\t\t<\/dd><\/dl>\n\t\t\t\t<br style='clear: both' \/>\n\t\t\t<\/div>\n\n<hr \/>\n<p>&nbsp;<\/p>\n<p>&nbsp;<\/p>\n<blockquote>\n<h3>MATURITA&#8217;, &#8220;IN BOCCA AL LUPO&#8221; DALLA PROVINCIA<\/h3>\n<\/blockquote>\n<p><strong>BELLUNO<\/strong> Da oggi anche gli studenti bellunesi (poco meno di 1600) sono alle prese con l\u2019esame di Stato, di nuovo con i due scritti e l&#8217;oral.\u00a0 <em>\u00abIl voto finale non sempre racchiude il bagaglio di competenze e le aspirazioni dei ragazzi. Ma l\u2019esame di maturit\u00e0 \u00e8 una di quelle esperienze che si ricordano per la vita. Quindi, buon esame e in bocca al lupo a tutti i ragazzi bellunesi che domani affronteranno la prima prova\u00bb.<\/em> \u00c8 quanto afferma la consigliera provinciale Serenella Bogana, delegata all\u2019istruzione<\/p>\n<p>&nbsp;<\/p>\n<hr \/>\n<p>&nbsp;<\/p>\n<blockquote>\n<h3>L&#8217;INCIDENZA DEL MELANOMA NEL BELLUNESE, AUMENTO DEL 3% IN VENETO, ANCORA PIU&#8217; ALTO NELLA ULSS1<\/h3>\n<\/blockquote>\n<p>&nbsp;<\/p>\n<p><strong>BELLUNO<\/strong><\/p>\n<p><strong>di\u00a0 MORENO GIOLI\u00a0<\/strong><\/p>\n<audio class=\"wp-audio-shortcode\" id=\"audio-282730-1\" preload=\"none\" style=\"width: 100%;\" controls=\"controls\"><source type=\"audio\/mpeg\" src=\"https:\/\/www.radiopiu.net\/wordpress\/wp-content\/uploads\/2022\/06\/moreno-servisio.mp3?_=1\" \/><a href=\"https:\/\/www.radiopiu.net\/wordpress\/wp-content\/uploads\/2022\/06\/moreno-servisio.mp3\">https:\/\/www.radiopiu.net\/wordpress\/wp-content\/uploads\/2022\/06\/moreno-servisio.mp3<\/a><\/audio>\n<p><strong>Alessandra buja, ordinaria di igiene universit\u00e0 di Padova: Presenta i dati dell&#8217;incidenza del tumore purtroppo in deciso aumento. Di qui l&#8217;invito alla prevenzione.\u00a0<\/strong><\/p>\n<p>&nbsp;<\/p>\n<div style=\"width: 352px;\" class=\"wp-video\"><video class=\"wp-video-shortcode\" id=\"video-282730-1\" width=\"352\" height=\"640\" preload=\"metadata\" controls=\"controls\"><source type=\"video\/mp4\" src=\"https:\/\/www.radiopiu.net\/wordpress\/wp-content\/uploads\/2022\/06\/Alessandra-buja-ordinaria-di-igiene-universita-di-Padova.-Su-melanoma.mp4?_=1\" \/><a href=\"https:\/\/www.radiopiu.net\/wordpress\/wp-content\/uploads\/2022\/06\/Alessandra-buja-ordinaria-di-igiene-universita-di-Padova.-Su-melanoma.mp4\">https:\/\/www.radiopiu.net\/wordpress\/wp-content\/uploads\/2022\/06\/Alessandra-buja-ordinaria-di-igiene-universita-di-Padova.-Su-melanoma.mp4<\/a><\/video><\/div>\n<p>&nbsp;<\/p>\n<p>&nbsp;<\/p>\n<p>&nbsp;<\/p>\n<hr \/>\n<p>&nbsp;<\/p>\n<blockquote>\n<h3><strong>IMPRENDITORIA E SOSTENIBILIT\u00c0: 30 GIOVANI UNDER 30 A MEZZANO<\/strong><\/h3>\n<\/blockquote>\n<p><a class=\"dt-pswp-item\" href=\"https:\/\/www.radiopiu.net\/wordpress\/wp-content\/uploads\/2022\/06\/foto-gruppo-scaled.jpg\" data-dt-img-description=\"\" data-large_image_width=\"2560\" data-large_image_height=\"1920\"><img loading=\"lazy\" decoding=\"async\" class=\"size-thumbnail wp-image-282807 alignleft\" src=\"https:\/\/www.radiopiu.net\/wordpress\/wp-content\/uploads\/2022\/06\/foto-gruppo-150x150.jpg\" alt=\"\" width=\"150\" height=\"150\" \/><\/a><strong>BELLUNO<\/strong>\u00a0 Il progetto di scambio europeo \u201cEco-community Innovation\u201d si \u00e8 tenuto a Mezzano dal 9 al 16 giugno. Beneficiari delle attivit\u00e0 ben 30 giovani under 30 provenienti non solo dal Bellunese ma anche da Polonia, Argentina e Brasile. Essi hanno avuto l\u2019opportunit\u00e0 di visitare alcune realt\u00e0 del territorio. Soddisfatte Laura De Riz, coordinatrice di progetto, ed Ariela Shatku, facilitatrice delle giornate di scambio <em>\u00abCi attendono altre due sfide, entrambe a settembre: uno Youth exchange in Polonia, per il quale siamo ancora alla ricerca di partecipanti, e una conferenza finale, sempre in Polonia&#8221;<\/em> concludono le referenti. Per ulteriori informazioni, sia sul progetto che sulle prossime mobilit\u00e0, \u00e8 possibile scrivere a europa@csvbelluno.it<\/p>\n<p>&nbsp;<\/p>\n<hr \/>\n<p>&nbsp;<\/p>\n<blockquote>\n<h3>L&#8217;IMPORTANZA DELLA PREVENZIONE, IL CONVEGNO IN SALA DON TAMIS<\/h3>\n<\/blockquote>\n<p><strong><a class=\"dt-pswp-item\" href=\"https:\/\/www.radiopiu.net\/wordpress\/wp-content\/uploads\/2022\/06\/aaaa-3.jpg\" data-dt-img-description=\"\" data-large_image_width=\"369\" data-large_image_height=\"285\"><img loading=\"lazy\" decoding=\"async\" class=\"wp-image-281787 alignleft\" src=\"https:\/\/www.radiopiu.net\/wordpress\/wp-content\/uploads\/2022\/06\/aaaa-3.jpg\" alt=\"\" width=\"205\" height=\"158\" srcset=\"https:\/\/www.radiopiu.net\/wordpress\/wp-content\/uploads\/2022\/06\/aaaa-3.jpg 369w, https:\/\/www.radiopiu.net\/wordpress\/wp-content\/uploads\/2022\/06\/aaaa-3-300x232.jpg 300w\" sizes=\"auto, (max-width: 205px) 100vw, 205px\" \/><\/a>AGORDO<\/strong> Oggi alle 18 nella sala Don Tamis di via 27 aprile, incontro organizzato da Galik (Gruppo Associazioni Lavoro Intorno al cancro*). Il volontariato lavora e discute sul cancro dell&#8217;uomo e della donna. Quale prevenzione? Conduce Luisa Venturin, interverranno Pier Anna Dal Mas presidente Lilt (tumori della pelle); Daniele Xausa Presidente Dolomiti Uomo (tumore alla prostata); Carla Pra Baldi Presidente Ados di Belluno (Ados, 30 anni di prevenzione): Rosalisa Sartorel e Gianelda Ferro del Consultorio Familiare di Belluno (aspetti psico-oncologici in Consultorio.<\/p>\n<blockquote><p>*Il gruppo Galik rappresenta quattro associazioni: Ados (Associazione Donne Operate al Seno); Consultorio Familiare per il sostegno psicolo-oncologico; Dolomiti Uomo per il tumore alla prostata: Lilt (Lega Italiana lotta ai tumori). Il gruppo di volontari si propone di sensibilizzare la popolazione della provincia sull&#8217;importanza della prevenzione.<\/p><\/blockquote>\n<p>&nbsp;<\/p>\n<p>&nbsp;<\/p>\n<hr \/>\n<p>&nbsp;<\/p>\n<p>&nbsp;<\/p>\n<blockquote>\n<h3>LA VALORIZZAZIONE DEI PAESI, DUE APPUNTAMENTI A COLLE E LIVINALLONGO<\/h3>\n<\/blockquote>\n<p><img loading=\"lazy\" decoding=\"async\" class=\"alignleft\" src=\"https:\/\/www.radiopiu.net\/wordpress\/wp-content\/uploads\/2022\/06\/a8d16027-38fa-428c-a432-9a766b1c38e9.jpg\" width=\"137\" height=\"77\" \/>Due gli eventi organizzati dall&#8217;Istitut Cultural Ladin &#8220;Cesa de Jan&#8221; per il fine settimana.<\/p>\n<p>&nbsp;<\/p>\n<p><strong>Presentazione libro \u201cBallando Bella Bimba\u201d venerd\u00ec\u2019 24.06 alle 18:00 in piazza a Colle Santa Lucia<\/strong><\/p>\n<p><span style=\"color: #ff0000;\">AUDIO<\/span><\/p>\n<audio class=\"wp-audio-shortcode\" id=\"audio-282730-2\" preload=\"none\" style=\"width: 100%;\" controls=\"controls\"><source type=\"audio\/mpeg\" src=\"https:\/\/www.radiopiu.net\/wordpress\/wp-content\/uploads\/2022\/06\/Ballando-Bella-Bimba.mp3?_=2\" \/><a href=\"https:\/\/www.radiopiu.net\/wordpress\/wp-content\/uploads\/2022\/06\/Ballando-Bella-Bimba.mp3\">https:\/\/www.radiopiu.net\/wordpress\/wp-content\/uploads\/2022\/06\/Ballando-Bella-Bimba.mp3<\/a><\/audio>\n<p>&nbsp;<\/p>\n<p><strong>Presentazione progetto \u201cVijin\u00e1nze \u2013 Alla scoperta delle vicinie di Livinallongo \u201d sabato 25.06 alle 18:00 nella Sala del Taulac a Pieve di Livinallongo<\/strong><\/p>\n<p><span style=\"color: #ff0000;\">AUDIO<\/span><\/p>\n<audio class=\"wp-audio-shortcode\" id=\"audio-282730-3\" preload=\"none\" style=\"width: 100%;\" controls=\"controls\"><source type=\"audio\/mpeg\" src=\"https:\/\/www.radiopiu.net\/wordpress\/wp-content\/uploads\/2022\/06\/VIJINANZE.mp3?_=3\" \/><a href=\"https:\/\/www.radiopiu.net\/wordpress\/wp-content\/uploads\/2022\/06\/VIJINANZE.mp3\">https:\/\/www.radiopiu.net\/wordpress\/wp-content\/uploads\/2022\/06\/VIJINANZE.mp3<\/a><\/audio>\n<p>&nbsp;<\/p>\n<hr \/>\n<p>&nbsp;<\/p>\n<div class=\"page-title-head hgroup\">\n<blockquote>\n<h3 class=\"entry-title\">IL GRIDO DI ALLARME DELLE ASSOCIAZIONI, MANCANO VOLONTARI<\/h3>\n<\/blockquote>\n<\/div>\n<div class=\"page-title-breadcrumbs\"><\/div>\n<p><strong>AGORDO<\/strong> Ancora ad inizio maggio Radio Pi\u00f9 e il Corriere delle Alpi con Gianni Santomaso avevano lanciato l&#8217;allarme &#8220;volontari&#8221;. Il periodo di pandemia non ha aiutato a far crescere la voglia di &#8220;ripresa&#8221;, piuttosto ha allontanato i giovani dagli eventi.<br \/>\nEcco cosa scrivevamo un mese fa in occasione della sagra di Feder.<\/p>\n<p>&nbsp;<\/p>\n<p><strong>CANALE D&#8217;AGORDO<\/strong><\/p>\n<p>di Gianni Santomaso<\/p>\n<audio class=\"wp-audio-shortcode\" id=\"audio-282730-4\" preload=\"none\" style=\"width: 100%;\" controls=\"controls\"><source type=\"audio\/mpeg\" src=\"https:\/\/www.radiopiu.net\/wordpress\/wp-content\/uploads\/2022\/06\/GIANNI-SAGRA-FEDER.mp3?_=4\" \/><a href=\"https:\/\/www.radiopiu.net\/wordpress\/wp-content\/uploads\/2022\/06\/GIANNI-SAGRA-FEDER.mp3\">https:\/\/www.radiopiu.net\/wordpress\/wp-content\/uploads\/2022\/06\/GIANNI-SAGRA-FEDER.mp3<\/a><\/audio>\n<p>&nbsp;<\/p>\n\n\t\t\t<style type='text\/css'>\n\t\t\t\t#gallery-4 {\n\t\t\t\t\tmargin: auto;\n\t\t\t\t}\n\t\t\t\t#gallery-4 .gallery-item {\n\t\t\t\t\tfloat: left;\n\t\t\t\t\tmargin-top: 10px;\n\t\t\t\t\ttext-align: center;\n\t\t\t\t\twidth: 50%;\n\t\t\t\t}\n\t\t\t\t#gallery-4 img {\n\t\t\t\t\tborder: 2px solid #cfcfcf;\n\t\t\t\t}\n\t\t\t\t#gallery-4 .gallery-caption {\n\t\t\t\t\tmargin-left: 0;\n\t\t\t\t}\n\t\t\t\t\/* see gallery_shortcode() in wp-includes\/media.php *\/\n\t\t\t<\/style>\n\t\t<div id='gallery-4' class='dt-gallery-container gallery galleryid-282730 gallery-columns-2 gallery-size-thumbnail'><dl class='gallery-item'>\n\t\t\t\t<dt class='gallery-icon landscape'>\n\t\t\t\t\t<a class=\"rollover rollover-zoom dt-pswp-item\" title=\"Schermata 2022-06-02 alle 16.02.54\" data-dt-img-description=\"\" data-large_image_width=\"1406\" data-large_image_height=\"936\"href='https:\/\/www.radiopiu.net\/wordpress\/wp-content\/uploads\/2022\/06\/Schermata-2022-06-02-alle-16.02.54-e1654178975816.png'><img loading=\"lazy\" decoding=\"async\" width=\"150\" height=\"150\" src=\"https:\/\/www.radiopiu.net\/wordpress\/wp-content\/uploads\/2022\/06\/Schermata-2022-06-02-alle-16.02.54-e1654178975816-150x150.png\" class=\"attachment-thumbnail size-thumbnail\" alt=\"\" \/><\/a>\n\t\t\t\t<\/dt><\/dl><dl class='gallery-item'>\n\t\t\t\t<dt class='gallery-icon landscape'>\n\t\t\t\t\t<a class=\"rollover rollover-zoom dt-pswp-item\" title=\"Schermata 2022-06-02 alle 16.03.31\" data-dt-img-description=\"\" data-large_image_width=\"1340\" data-large_image_height=\"1098\"href='https:\/\/www.radiopiu.net\/wordpress\/wp-content\/uploads\/2022\/06\/Schermata-2022-06-02-alle-16.03.31-e1654179001213.png'><img loading=\"lazy\" decoding=\"async\" width=\"150\" height=\"150\" src=\"https:\/\/www.radiopiu.net\/wordpress\/wp-content\/uploads\/2022\/06\/Schermata-2022-06-02-alle-16.03.31-e1654179001213-150x150.png\" class=\"attachment-thumbnail size-thumbnail\" alt=\"\" \/><\/a>\n\t\t\t\t<\/dt><\/dl><br style=\"clear: both\" \/>\n\t\t\t<\/div>\n\n<p>&nbsp;<\/p>\n<p>&nbsp;<\/p>\n<p>&nbsp;<\/p>\n<hr \/>\n<p>&nbsp;<\/p>\n<blockquote class=\"wp-embedded-content\" data-secret=\"wFBgY3uLnf\"><p><a href=\"https:\/\/www.radiopiu.net\/wordpress\/aggazzerogiugno21\/\">PICCO DI NUOVE POSITIVITA&#8217; IN VENETO, 6452 IN 24 ORE. NOVE DECESSI E RICOVERI IN AUMENTO<\/a><\/p><\/blockquote>\n<p><iframe loading=\"lazy\" class=\"wp-embedded-content\" sandbox=\"allow-scripts\" security=\"restricted\" style=\"position: absolute; clip: rect(1px, 1px, 1px, 1px);\" title=\"&#8220;PICCO DI NUOVE POSITIVITA&#8217; IN VENETO, 6452 IN 24 ORE. NOVE DECESSI E RICOVERI IN AUMENTO&#8221; &#8212; Radio Pi\u00f9\" src=\"https:\/\/www.radiopiu.net\/wordpress\/aggazzerogiugno21\/embed\/#?secret=EfGv8RlgX2#?secret=wFBgY3uLnf\" data-secret=\"wFBgY3uLnf\" width=\"600\" height=\"338\" frameborder=\"0\" marginwidth=\"0\" marginheight=\"0\" scrolling=\"no\"><\/iframe><\/p>\n<p>&nbsp;<\/p>\n<h2>I GRAFICI DI TIZIANO DE COL<\/h2>\n\n\t\t\t<style type='text\/css'>\n\t\t\t\t#gallery-5 {\n\t\t\t\t\tmargin: auto;\n\t\t\t\t}\n\t\t\t\t#gallery-5 .gallery-item {\n\t\t\t\t\tfloat: left;\n\t\t\t\t\tmargin-top: 10px;\n\t\t\t\t\ttext-align: center;\n\t\t\t\t\twidth: 33%;\n\t\t\t\t}\n\t\t\t\t#gallery-5 img {\n\t\t\t\t\tborder: 2px solid #cfcfcf;\n\t\t\t\t}\n\t\t\t\t#gallery-5 .gallery-caption {\n\t\t\t\t\tmargin-left: 0;\n\t\t\t\t}\n\t\t\t\t\/* see gallery_shortcode() in wp-includes\/media.php *\/\n\t\t\t<\/style>\n\t\t<div id='gallery-5' class='dt-gallery-container gallery galleryid-282730 gallery-columns-3 gallery-size-thumbnail'><dl class='gallery-item'>\n\t\t\t\t<dt class='gallery-icon landscape'>\n\t\t\t\t\t<a class=\"rollover rollover-zoom dt-pswp-item\" title=\"ca2d849d-2122-4c8b-92c1-77793fc813a2\" data-dt-img-description=\"\" data-large_image_width=\"596\" data-large_image_height=\"366\"href='https:\/\/www.radiopiu.net\/wordpress\/wp-content\/uploads\/2022\/06\/ca2d849d-2122-4c8b-92c1-77793fc813a2.jpg'><img loading=\"lazy\" decoding=\"async\" width=\"150\" height=\"150\" src=\"https:\/\/www.radiopiu.net\/wordpress\/wp-content\/uploads\/2022\/06\/ca2d849d-2122-4c8b-92c1-77793fc813a2-150x150.jpg\" class=\"attachment-thumbnail size-thumbnail\" alt=\"\" \/><\/a>\n\t\t\t\t<\/dt><\/dl><dl class='gallery-item'>\n\t\t\t\t<dt class='gallery-icon landscape'>\n\t\t\t\t\t<a class=\"rollover rollover-zoom dt-pswp-item\" title=\"11a210e4-87a1-4795-a9e4-445302679b10\" data-dt-img-description=\"\" data-large_image_width=\"588\" data-large_image_height=\"363\"href='https:\/\/www.radiopiu.net\/wordpress\/wp-content\/uploads\/2022\/06\/11a210e4-87a1-4795-a9e4-445302679b10.jpg'><img loading=\"lazy\" decoding=\"async\" width=\"150\" height=\"150\" src=\"https:\/\/www.radiopiu.net\/wordpress\/wp-content\/uploads\/2022\/06\/11a210e4-87a1-4795-a9e4-445302679b10-150x150.jpg\" class=\"attachment-thumbnail size-thumbnail\" alt=\"\" \/><\/a>\n\t\t\t\t<\/dt><\/dl><dl class='gallery-item'>\n\t\t\t\t<dt class='gallery-icon landscape'>\n\t\t\t\t\t<a class=\"rollover rollover-zoom dt-pswp-item\" title=\"732af7e8-68ac-4fbd-8714-545a89b094a4\" data-dt-img-description=\"\" data-large_image_width=\"604\" data-large_image_height=\"368\"href='https:\/\/www.radiopiu.net\/wordpress\/wp-content\/uploads\/2022\/06\/732af7e8-68ac-4fbd-8714-545a89b094a4.jpg'><img loading=\"lazy\" decoding=\"async\" width=\"150\" height=\"150\" src=\"https:\/\/www.radiopiu.net\/wordpress\/wp-content\/uploads\/2022\/06\/732af7e8-68ac-4fbd-8714-545a89b094a4-150x150.jpg\" class=\"attachment-thumbnail size-thumbnail\" alt=\"\" \/><\/a>\n\t\t\t\t<\/dt><\/dl><br style=\"clear: both\" \/><dl class='gallery-item'>\n\t\t\t\t<dt class='gallery-icon landscape'>\n\t\t\t\t\t<a class=\"rollover rollover-zoom dt-pswp-item\" title=\"7940d9a7-6933-484d-80ad-5147735a5346\" data-dt-img-description=\"\" data-large_image_width=\"608\" data-large_image_height=\"360\"href='https:\/\/www.radiopiu.net\/wordpress\/wp-content\/uploads\/2022\/06\/7940d9a7-6933-484d-80ad-5147735a5346.jpg'><img loading=\"lazy\" decoding=\"async\" width=\"150\" height=\"150\" src=\"https:\/\/www.radiopiu.net\/wordpress\/wp-content\/uploads\/2022\/06\/7940d9a7-6933-484d-80ad-5147735a5346-150x150.jpg\" class=\"attachment-thumbnail size-thumbnail\" alt=\"\" \/><\/a>\n\t\t\t\t<\/dt><\/dl><dl class='gallery-item'>\n\t\t\t\t<dt class='gallery-icon landscape'>\n\t\t\t\t\t<a class=\"rollover rollover-zoom dt-pswp-item\" title=\"d922e61f-d087-4545-b1b2-c8b0ae81045a\" data-dt-img-description=\"\" data-large_image_width=\"608\" data-large_image_height=\"352\"href='https:\/\/www.radiopiu.net\/wordpress\/wp-content\/uploads\/2022\/06\/d922e61f-d087-4545-b1b2-c8b0ae81045a.jpg'><img loading=\"lazy\" decoding=\"async\" width=\"150\" height=\"150\" src=\"https:\/\/www.radiopiu.net\/wordpress\/wp-content\/uploads\/2022\/06\/d922e61f-d087-4545-b1b2-c8b0ae81045a-150x150.jpg\" class=\"attachment-thumbnail size-thumbnail\" alt=\"\" \/><\/a>\n\t\t\t\t<\/dt><\/dl><dl class='gallery-item'>\n\t\t\t\t<dt class='gallery-icon landscape'>\n\t\t\t\t\t<a class=\"rollover rollover-zoom dt-pswp-item\" title=\"180f4c9d-fcee-408c-85a6-086578ea66bc\" data-dt-img-description=\"\" data-large_image_width=\"612\" data-large_image_height=\"354\"href='https:\/\/www.radiopiu.net\/wordpress\/wp-content\/uploads\/2022\/06\/180f4c9d-fcee-408c-85a6-086578ea66bc.jpg'><img loading=\"lazy\" decoding=\"async\" width=\"150\" height=\"150\" src=\"https:\/\/www.radiopiu.net\/wordpress\/wp-content\/uploads\/2022\/06\/180f4c9d-fcee-408c-85a6-086578ea66bc-150x150.jpg\" class=\"attachment-thumbnail size-thumbnail\" alt=\"\" \/><\/a>\n\t\t\t\t<\/dt><\/dl><br style=\"clear: both\" \/>\n\t\t\t<\/div>\n\n<p>&nbsp;<\/p>\n<hr \/>\n<p>&nbsp;<\/p>\n<blockquote>\n<h3>BANDO ROTTAMAZIONE STUFE, 4 MILIONI PER MIGLIORARE LA QUALITA&#8217; DELL&#8217;ARIA<\/h3>\n<\/blockquote>\n<p><strong><a class=\"dt-pswp-item\" href=\"https:\/\/www.radiopiu.net\/wordpress\/wp-content\/uploads\/2022\/06\/th-11.jpg\" data-dt-img-description=\"\" data-large_image_width=\"266\" data-large_image_height=\"174\"><img loading=\"lazy\" decoding=\"async\" class=\"size-thumbnail wp-image-282832 alignleft\" src=\"https:\/\/www.radiopiu.net\/wordpress\/wp-content\/uploads\/2022\/06\/th-11-150x150.jpg\" alt=\"\" width=\"150\" height=\"150\" \/><\/a>VENEZIA\u00a0<\/strong> Su proposta dell&#8217;assessore all&#8217;Ambiente Gianpaolo Bottacin, la Giunta regionale ha approvato i criteri del bando finalizzato a incentivare la sostituzione dei generatori di calore domestici alimentati a biomassa (legna, pellet o cippato) con potenza a focolare inferiore o uguale a 35 kW. L\u2019iniziativa \u00e8 rivolta ai privati residenti nel territorio regionale con una situazione economica familiare non superiore a 50mila euro (ISEE ordinario 2022). Il contributo regionale \u00e8 aggiuntivo rispetto all\u2019incentivo assegnato dal GSE quantificato in rapporto alla situazione economica familiare (fattore principale), nonch\u00e9 sulla base delle emissioni di particolato primario generate dal nuovo impianto. La disponibilit\u00e0 finanziaria messa in campo dalla regione sar\u00e0 di 3.880.000 euro (di cui 1,6 milioni sul <a class=\"dt-pswp-item\" href=\"https:\/\/www.radiopiu.net\/wordpress\/wp-content\/uploads\/2021\/03\/BOTTACIN.png\" data-dt-img-description=\"\" data-large_image_width=\"1542\" data-large_image_height=\"1044\"><img loading=\"lazy\" decoding=\"async\" class=\"size-thumbnail wp-image-196477 alignright\" src=\"https:\/\/www.radiopiu.net\/wordpress\/wp-content\/uploads\/2021\/03\/BOTTACIN-150x150.png\" alt=\"\" width=\"150\" height=\"150\" \/><\/a>bilancio 2022 e la differenza nel 2023). Nella determinazione della graduatoria si terr\u00e0 altres\u00ec conto del Comune in cui \u00e8 realizzato l\u2019intervento, con un ulteriore coefficiente premiale per quei Comuni che abbiano adottato dal 2019 ordinanze per il miglioramento della qualit\u00e0 dell\u2019aria<\/p>\n<p>&nbsp;<\/p>\n<p>&nbsp;<\/p>\n<p><strong>L&#8217;ASSESSORE VENETO GIANPAOLO BOTTACIN<\/strong><\/p>\n<audio class=\"wp-audio-shortcode\" id=\"audio-282730-5\" preload=\"none\" style=\"width: 100%;\" controls=\"controls\"><source type=\"audio\/mpeg\" src=\"https:\/\/www.radiopiu.net\/wordpress\/wp-content\/uploads\/2022\/06\/BOTTACIN.mp3?_=5\" \/><a href=\"https:\/\/www.radiopiu.net\/wordpress\/wp-content\/uploads\/2022\/06\/BOTTACIN.mp3\">https:\/\/www.radiopiu.net\/wordpress\/wp-content\/uploads\/2022\/06\/BOTTACIN.mp3<\/a><\/audio>\n<p>&nbsp;<\/p>\n<p>&nbsp;<\/p>\n<hr \/>\n<p>&nbsp;<\/p>\n<blockquote>\n<h3>OLIMPIADI 2026, ZOTTIS (PD) &#8220;ZAIA PASSA ALL&#8217;AIUTO DI STATO PER EVITARE IL TRACOLLO&#8221;<\/h3>\n<\/blockquote>\n<p><strong><a class=\"dt-pswp-item\" href=\"https:\/\/www.radiopiu.net\/wordpress\/wp-content\/uploads\/2021\/09\/ZOTTIS-1-scaled.jpg\" data-dt-img-description=\"\" data-large_image_width=\"2560\" data-large_image_height=\"1707\"><img loading=\"lazy\" decoding=\"async\" class=\"size-thumbnail wp-image-233263 alignleft\" src=\"https:\/\/www.radiopiu.net\/wordpress\/wp-content\/uploads\/2021\/09\/ZOTTIS-1-150x150.jpg\" alt=\"\" width=\"150\" height=\"150\" \/><\/a>VENEZIA<\/strong> <em>&#8220;Le indiscrezioni di stampa, riguardanti una lettera allarmata degli organizzatori delle Olimpiadi di Milano-Cortina rivolta al Premier Draghi sono da brivido. Perch\u00e9 danno la dimensione di una grave crisi di governance della Fondazione e di una altrettanto allarmante paralisi economica. Uno stallo tale da richiedere un intervento dall&#8217;alto dopo che per anni il presidente Zaia aveva assicurato budget low cost&#8221;. <\/em>La presa di posizione, in merito ad un articolo di stampa pubblicato oggi da Il Fatto Quotidiano, \u00e8 della consigliera regionale del PD, Francesca Zottis. <em>&#8220;Nel luglio 2018 Zaia rilanciava la candidatura di Cortina puntando sulla sua economicit\u00e0 rispetto a Torino: 380 milioni contro 678 di spesa pubblica. A settembre dello stesso anno, con Torino esclusa, Zaia e il presidente della Lombardia, Fontana, giuravano che sarebbero stati i &#8216;Giochi dell&#8217;autonomia&#8217;: niente spesa pubblica, tutto &#8216;in house&#8217;. In realt\u00e0 le cose sono andate diversamente, visti i finanziamenti erogati dallo Stato in questi anni. Ed ora, come se non bastasse, i campioni dell&#8217;autonomia di facciata, sono di nuovo a chiedere soldi e salvataggi con risorse pubbliche. Morale della favola: in pochi anni Zaia \u00e8 passato dai proclami sulle &#8216;Olimpiadi dell&#8217;autonomia&#8217;, all&#8217;aiuto di Stato per evitare il tracollo. Peggio di cos\u00ec &#8211; conclude Zottis &#8211; \u00e8 impossibile fare&#8221;.<\/em><\/p>\n<p>&nbsp;<\/p>\n<hr \/>\n<p>&nbsp;<\/p>\n<p>&nbsp;<\/p>\n<blockquote class=\"wp-embedded-content\" data-secret=\"W3wFNY7CJc\"><p><a href=\"https:\/\/www.radiopiu.net\/wordpress\/guardia-di-finanza-248-anni-impegno-a-tutto-campo-contro-la-criminalita\/\">GUARDIA DI FINANZA, 248 ANNI: IMPEGNO \u201cA TUTTO CAMPO\u201d CONTRO LA CRIMINALITA\u2019<\/a><\/p><\/blockquote>\n<p><iframe loading=\"lazy\" class=\"wp-embedded-content\" sandbox=\"allow-scripts\" security=\"restricted\" style=\"position: absolute; clip: rect(1px, 1px, 1px, 1px);\" title=\"&#8220;GUARDIA DI FINANZA, 248 ANNI: IMPEGNO \u201cA TUTTO CAMPO\u201d CONTRO LA CRIMINALITA\u2019&#8221; &#8212; Radio Pi\u00f9\" src=\"https:\/\/www.radiopiu.net\/wordpress\/guardia-di-finanza-248-anni-impegno-a-tutto-campo-contro-la-criminalita\/embed\/#?secret=RyAxbDXweo#?secret=W3wFNY7CJc\" data-secret=\"W3wFNY7CJc\" width=\"600\" height=\"338\" frameborder=\"0\" marginwidth=\"0\" marginheight=\"0\" scrolling=\"no\"><\/iframe><\/p>\n<p>&nbsp;<\/p>\n<p>&nbsp;<\/p>\n<hr \/>\n<p>&nbsp;<\/p>\n<p>&nbsp;<\/p>\n<blockquote>\n<h3>IL NUOVO SITO UNAIE &#8220;VOCE DEGLI ASSOCIATI E DELLE COMUNITA&#8217; DI ITALIANI ALL&#8217;ESTERO<\/h3>\n<\/blockquote>\n<p><strong><a class=\"dt-pswp-item\" href=\"https:\/\/www.radiopiu.net\/wordpress\/wp-content\/uploads\/2022\/06\/unaie_sito.jpg\" data-dt-img-description=\"\" data-large_image_width=\"1400\" data-large_image_height=\"724\"><img loading=\"lazy\" decoding=\"async\" class=\" wp-image-282854 alignleft\" src=\"https:\/\/www.radiopiu.net\/wordpress\/wp-content\/uploads\/2022\/06\/unaie_sito-150x150.jpg\" alt=\"\" width=\"115\" height=\"115\" \/><\/a>BELLUNO<\/strong> Nuovo look per il sito di Unaie &#8211; Unione Nazionale Associazioni Immigrati ed Emigranti. <em>&#8220;Unaie.it \u00e8 la voce dei nostri Associati e di tutte le comunit\u00e0 di italiani all&#8217;estero &#8211; le parole del presidente Unaie, Oscar De Bona &#8211; \u00e8 infatti importante essere presenti on line anche perch\u00e9 \u00e8 necessario fare rete e gioco di squadra. Tutte i nostri Associati infatti potranno pubblicare le proprie attivit\u00e0 e i propri programmi annuali. Da Nord a Sud copriremo tutta l&#8217;Italia e a anche quell&#8217;Italia presente in tutto il mondo rappresentata dai nostri discendenti e dalle nuove generazioni di emigranti, gli expats\u00bb.<\/em><\/p>\n<p>&nbsp;<\/p>\n<p>&nbsp;<\/p>\n<hr \/>\n<p>&nbsp;<\/p>\n<h2><span style=\"color: #ff0000;\">\u00a0<\/span><\/h2>\n<h2><strong><a class=\"dt-pswp-item\" href=\"https:\/\/www.radiopiu.net\/wordpress\/wp-content\/uploads\/2022\/06\/AAAA-8.jpg\" data-dt-img-description=\"\" data-large_image_width=\"667\" data-large_image_height=\"464\"><img loading=\"lazy\" decoding=\"async\" class=\"size-thumbnail wp-image-282710 alignleft\" src=\"https:\/\/www.radiopiu.net\/wordpress\/wp-content\/uploads\/2022\/06\/AAAA-8-150x150.jpg\" alt=\"\" width=\"150\" height=\"150\" \/><\/a><\/strong><span style=\"color: #ff6600;\">SABATO TUTTI SUI PASSI CON IL DOLOMITES BIKE DAY<\/span><\/h2>\n<p><strong>di Claudio Fontanive<\/strong><\/p>\n<p>OSPITE: Francesco Martini, Vicesindaco del comune di Livinallongo<\/p>\n<audio class=\"wp-audio-shortcode\" id=\"audio-282730-6\" preload=\"none\" style=\"width: 100%;\" controls=\"controls\"><source type=\"audio\/mpeg\" src=\"https:\/\/www.radiopiu.net\/wordpress\/wp-content\/uploads\/2022\/06\/francesco-martini-dolomites-bike-day-21-giugno.mp3?_=6\" \/><a href=\"https:\/\/www.radiopiu.net\/wordpress\/wp-content\/uploads\/2022\/06\/francesco-martini-dolomites-bike-day-21-giugno.mp3\">https:\/\/www.radiopiu.net\/wordpress\/wp-content\/uploads\/2022\/06\/francesco-martini-dolomites-bike-day-21-giugno.mp3<\/a><\/audio>\n<p>&nbsp;<\/p>\n<p>&nbsp;<\/p>\n<hr \/>\n<p>&nbsp;<\/p>\n<blockquote>\n<h3>DOLOMITES BIKE DAY, VARIAZIONI AL SERVIZIO DI TRASPORTO PUBBLICO<\/h3>\n<\/blockquote>\n<p><strong><img loading=\"lazy\" decoding=\"async\" class=\"alignleft\" src=\"https:\/\/www.radiopiu.net\/wordpress\/wp-content\/uploads\/2020\/06\/9ecd9b94-d553-435b-93a2-c268918bc743.jpg\" width=\"186\" height=\"140\" \/>LIVINALLONGO<\/strong>\u00a0 Sabato dalle 8.30 alle 14 chiudono i passi Campolongo, Falzarego e Valparola per la manifestazione ciclistica dolomites bike day, di conseguenza il servizio di trasporto pubblico subir\u00e0 delle modifiche. <strong>Corsa 6.55<\/strong> Belluno-Pieve di Livinallongo si attesta a Caprile alle 8.15, soppressa la tratta Caprile-Pieve di Livinallongo <strong>Corsa 9.20<\/strong> Belluno-Caprile-Arabba si attesa a Caprile alle 10.40 soppressa la tratta Caprile-Arabba <strong>Corsa 12.10<\/strong> Belluno-Caprile-Arabba, da Caprile parte alle 14 anzich\u00e9 alle 13.30 e arriva a Pieve alle 14.27 <strong>Corsa 8.37<\/strong> Pieve di Livinallongo-Andraz soppressa <strong>Corsa 11.53<\/strong> Arabba Caprile Belluno, parte da Caprile 13.45, soppressa la tratta di Arabba-Caprile. <strong>Corsa 8.04<\/strong> Masare&#8217; Caprile Cortina, si attesta a Caprile alle 8.15 e prosegue via Passo Giau Passo Falzarego-Cortina-Tre Croci soppressa la tratta Cortina-Passo Falzarego<\/p>\n<p>&nbsp;<\/p>\n<p>&nbsp;<\/p>\n<hr \/>\n<p>&nbsp;<\/p>\n<blockquote>\n<h3>FINE SETTIMANA CON LA SPARTAN RACE<\/h3>\n<\/blockquote>\n<div class=\"sezioneArticolo\"><strong>ALLEGHE<\/strong> \u00a0La Spartan Race si svolger\u00e0 ai Piani di Pezz\u00e8 nei giorni 25 e 26 giugno,\u00a0 per i pi\u00f9 giovani\u00a0 sar\u00e0 organizzata la Kids Race che si terr\u00e0 nello stesso giorno della gara principale. Inoltre quest&#8217;anno vi sar\u00e0 anche una prova di durata che impegner\u00e0 i concorrenti su una competizione di ben 12 ore consecutive.<\/div>\n<div><\/div>\n<p>&nbsp;<\/p>\n<hr \/>\n<p>&nbsp;<\/p>\n<p>&nbsp;<\/p>\n<a href=\"https:\/\/www.radiopiu.net\/wordpress\/wp-content\/uploads\/2022\/06\/Invito-Evento-Raso-Somadida-15.07.2022-Reparto-CC-Biodiversita-V.V..pdf\" class=\"pdfemb-viewer\" style=\"\" data-width=\"max\" data-height=\"max\" data-toolbar=\"top\" data-toolbar-fixed=\"on\">Invito Evento Raso Somadida 15.07.2022 Reparto CC Biodiversit\u00e0 V.V.<\/a>\n<a href=\"https:\/\/www.radiopiu.net\/wordpress\/wp-content\/uploads\/2022\/06\/Locandina-Evento-Raso-Somadida-15.07.2022-Reparto-CC-Biodiversita-V.V..pdf\" class=\"pdfemb-viewer\" style=\"\" data-width=\"max\" data-height=\"max\" data-toolbar=\"top\" data-toolbar-fixed=\"on\">Locandina Evento Raso Somadida 15.07.2022 Reparto CC Biodiversit\u00e0 V.V.<\/a>\n<p>&nbsp;<\/p>\n<hr \/>\n<p>&nbsp;<\/p>\n<blockquote>\n<h3>L&#8217;ASSEMBLEA DI CONFEDILIZIA A BELLUNO<\/h3>\n<\/blockquote>\n<p><strong><a class=\"dt-pswp-item\" href=\"https:\/\/www.radiopiu.net\/wordpress\/wp-content\/uploads\/2022\/06\/Foto-comunicato-stampa.jpg\" data-dt-img-description=\"\" data-large_image_width=\"576\" data-large_image_height=\"768\"><img loading=\"lazy\" decoding=\"async\" class=\" wp-image-282751 alignleft\" src=\"https:\/\/www.radiopiu.net\/wordpress\/wp-content\/uploads\/2022\/06\/Foto-comunicato-stampa-150x150.jpg\" alt=\"\" width=\"116\" height=\"116\" \/><\/a>BELLUNO<\/strong> Si e\u0300 tenuta l\u2019Assemblea dei Delegati dell\u2019Associazione Proprieta\u0300 Edilizia di Belluno, chiamata ad approvare il bilancio consuntivo 2021 e il bilancio preventivo 2022, nonche\u0301 la quota associativa annuale. Preoccupazione e\u0300 stata esposta per il continuo appesantimento degli oneri fiscali sui proprietari di case che di fatto stanno cedendo buona parte del reddito conseguito. Era presente anche il segretario generale della Confedilizia Veneta il rag. Luca Segalin.<\/p>\n<p>&nbsp;<\/p>\n<p>&nbsp;<\/p>\n<hr \/>\n<p>&nbsp;<\/p>\n<blockquote>\n<h3><span style=\"font-size: small;\">APPUNTAMENTI FORMATIVI DA NON PERDERE PER CANTAUTORI ED INTERPRETI<\/span><\/h3>\n<\/blockquote>\n<p><strong>BELLUNO<\/strong> Le proposte dell&#8217;a<span style=\"font-size: small;\">ssociazione Voice Care Music &amp; Art dopo tre anni di fermo.\u00a0 L\u2019estate inizier\u00e0 con la masterclass di Composizione per la Musica Pop con Giuseppe Barbera il 29-30 giugno. <span style=\"color: #1c1e21;\">I<\/span><span style=\"color: #1c1e21;\">l 9 e 10 luglio l\u2019Associazione ospiter\u00e0 Laura Valente, cantante dei Matia Bazar dal 1990 al 1998, attualmente docente presso l\u2019Accademia Bolognese del Cantautore. <\/span><\/span><span style=\"font-size: small;\"><span style=\"color: #1c1e21;\">Il terzo appuntamento \u00e8 affidato alla Vocal Coach. Danila Satragno. Ideatrice del <\/span><span style=\"color: #1c1e21;\">M<\/span><span style=\"color: #1c1e21;\">etodo Vocal Care, esplorer\u00e0 i segreti della voce e le sue potenzialit\u00e0 nell\u2019uso artistico performativo, dal wel<\/span><span style=\"color: #1c1e21;\">l<\/span><span style=\"color: #1c1e21;\">ness delle corde vocali, agli esercizi di riscaldamento e allenamento per arrivare alla performance live e in studio, all\u2019equilibrio psicofisico dell\u2019artista. <\/span><span style=\"color: #1c1e21;\">La master inizier\u00e0 il 9 agosto con un\u2019introduzione sul rapporto tra tecnica ed interpretazione emotiva affidata a Jessica Da Re tutor del metodo. <\/span><\/span><span style=\"font-size: small;\"><span style=\"color: #1c1e21;\">Le masterclass si svolgeranno presso la sede dell&#8217;associazione\u00a0 al Lago<\/span><span style=\"color: #1c1e21;\"> di Santa Croce<\/span><span style=\"color: #1c1e21;\"> in Comune d&#8217;Alpago<\/span><span style=\"color: #1c1e21;\">. <\/span><\/span><span style=\"font-size: small;\"><span style=\"color: #1c1e21;\">A completare l\u2019estate musicale, l\u2019appuntamento annuale con la musica circolare con Albert Hera e Stefano Baroni<\/span><span style=\"color: #1c1e21;\"> dal 28 al 31 luglio e<\/span><\/span><span style=\"color: #1c1e21; font-size: small;\"> la Masterclass di Pianoforte Classico con il Maestro Edoardo Maria Strabbioli\u00a0 dal 22 al 28 agosto. <\/span><span style=\"font-size: small;\"><span style=\"color: #1c1e21;\"><b>Per informazioni ed iscrizioni 3385230255 \u2013 <a href=\"mailto:voicecaremusic@gmail.com\">voicecaremusic@gmail.com<\/a><\/b><\/span><\/span><\/p>\n<p>&nbsp;<\/p>\n<p>&nbsp;<\/p>\n<hr \/>\n<p>&nbsp;<\/p>\n<blockquote>\n<h3>LA MEGA PANCHINA AL CHERZ IN CONSIGLIO COMUNALE<\/h3>\n<\/blockquote>\n<p><strong><a class=\"dt-pswp-item\" href=\"https:\/\/www.radiopiu.net\/wordpress\/wp-content\/uploads\/2022\/06\/31507186_958994150934772_6729304727298768896_n.jpg\" data-dt-img-description=\"\" data-large_image_width=\"2048\" data-large_image_height=\"1154\"><img loading=\"lazy\" decoding=\"async\" class=\" wp-image-282158 alignleft\" src=\"https:\/\/www.radiopiu.net\/wordpress\/wp-content\/uploads\/2022\/06\/31507186_958994150934772_6729304727298768896_n-150x150.jpg\" alt=\"\" width=\"115\" height=\"115\" \/><\/a>LIVINALLONGO<\/strong> Domani alle 18 consiglio comunale, Ordine del giorno: variante al piano degli interventi; mutazione temporanea di destinazione del terreno sulla montagna di Cherz e concessione in uso a titolo gratuito, a favore dell&#8217;associazione Arabba Fodom Turismo, per la collocazione della panchina gigante. Altra mutazione temporanea di destinazione finalizzato alla realizzazione dei lavori di adeguamento normativo alle sorgenti Risa e Sief. In discussione anche le variazioni al bilancio. (foto facebook Adriana Zanoni, Mega panchina a Maroni, s. Maria in stelle)<\/p>\n<p>&nbsp;<\/p>\n<p>&nbsp;<\/p>\n<hr \/>\n<p>&nbsp;<\/p>\n<blockquote>\n<h3>IL BILANCIO DELL&#8217;ASCA ALL&#8217;ANALISI DEI CONSIGLIERI DI CANALE D&#8217;AGORDO<\/h3>\n<\/blockquote>\n<p><strong>CANALE D&#8217;AGORDO<\/strong> Domani alle 21 in sala Lina Zand\u00f2 consiglio comunale, all&#8217;ordine del giorno il bilancio dell&#8217;Asca, le variazioni al bilancio e il rendiconto della gestione dell&#8217;esercizio finanziario 2021.<\/p>\n<p>&nbsp;<\/p>\n<p>&nbsp;<\/p>\n<hr \/>\n<p>&nbsp;<\/p>\n<blockquote>\n<h3>UFFICI DI CONFCOMMERCIO A SANTO STEFANO CHIUSI PER IL SANTO PATRONO<\/h3>\n<\/blockquote>\n<p><strong>SANTO STEFANO<\/strong> Il prossimo venerdi\u0300 24 giugno gli uffici Confcommercio di S. Stefano di Cadore rimarranno chiusi per la festivita\u0300 del Santo Patrono. La sede Confcommercio di S. Stefano di Cadore riaprira\u0300 regolarmente al pubblico lunedi\u0300 27 giugno. Eventuali urgenze relative ai Servizi Contabilita\u0300 e Redditi saranno gestite dagli uffici Confcommercio di Pieve di Cadore (tel. 0435 500132, email pieve@ascombelluno.it). Per eventuali urgenze relative invece al solo Servizio Paghe e\u0300 a disposizione l\u2019ufficio di Belluno (tel. 0437 215232, paghe@ascombelluno.it).<\/p>\n<p>&nbsp;<\/p>\n<p>&nbsp;<\/p>\n<hr \/>\n<p>&nbsp;<\/p>\n<blockquote>\n<h3>GRANDE FESTA AI PIANI DI PEZZE&#8217; PER GLI ALPINI DI ALLEGHE<\/h3>\n<\/blockquote>\n<p><strong><a class=\"dt-pswp-item\" href=\"https:\/\/www.radiopiu.net\/wordpress\/wp-content\/uploads\/2022\/05\/alpini-647542_960_720.jpg\" data-dt-img-description=\"\" data-large_image_width=\"960\" data-large_image_height=\"640\"><img loading=\"lazy\" decoding=\"async\" class=\"size-thumbnail wp-image-275532 alignleft\" src=\"https:\/\/www.radiopiu.net\/wordpress\/wp-content\/uploads\/2022\/05\/alpini-647542_960_720-150x150.jpg\" alt=\"\" width=\"150\" height=\"150\" \/><\/a>ALLEGHE <\/strong>Come accade da anni, la prima domenica di luglio, il gruppo alpini \u201cMonte Civetta\u201d di Alleghe organizza l\u2019annuale incontro alpino ai Piani di Pezz\u00e8. Particolarmente significativo il raduno di quest\u2019anno che coincide con il 45\u00b0 anniversario di costruzione della chiesetta alpina dedicata a S. Antonio da Padova. Per rendere pi\u00f9 solenne tale ricorrenza sar\u00e0 celebrata una S. Messa in memoria di tutti gli alpini ed alpinisti \u201candati avanti\u201d. Per domenica 3 luglio il programma sar\u00e0 il seguente: alle 11.00 ritrovo dei partecipanti ai Piani di Pezz\u00e8; 11.20 alzabandiera; 11.30 S. Messa celebrata dal Parroco Don Franco Decima con la partecipazione del Coro Alpino \u201cMonte Civetta\u201d di Alleghe; 12.15 breve saluto agli intervenuti; 12.30 ristoro alpino sotto il tendone con degustazione piatti tipici. Si ricorda inoltre che i Piani di Pezz\u00e8 possono essere raggiunti facilmente con la cabinovia che parte da Alleghe. Gli alpini di Alleghe vi aspettano numerosi per trascorrere una giornata in allegria e a contatto con la natura.<\/p>\n<p>&nbsp;<\/p>\n<hr \/>\n<p>&nbsp;<\/p>\n<blockquote>\n<h3 style=\"text-align: left;\"><a class=\"dt-pswp-item\" href=\"https:\/\/www.radiopiu.net\/wordpress\/wp-content\/uploads\/2022\/06\/117083109_183542043157133_75668120410207434_n-1.jpg\" data-dt-img-description=\"\" data-large_image_width=\"960\" data-large_image_height=\"503\"><img loading=\"lazy\" decoding=\"async\" class=\"size-thumbnail wp-image-282892 alignleft\" src=\"https:\/\/www.radiopiu.net\/wordpress\/wp-content\/uploads\/2022\/06\/117083109_183542043157133_75668120410207434_n-1-150x150.jpg\" alt=\"\" width=\"150\" height=\"150\" \/><\/a>CENT&#8217;ANNI CON I VIGILI DEL FUOCO DI CANALE D&#8217;AGORDO<\/h3>\n<\/blockquote>\n<p>&nbsp;<\/p>\n<p><strong>CANALE D&#8217;AGORDO<\/strong> Venerdi 24 giugno il paese festeggia il patrono, San Giovanni Battista. Al corposo programma di eventi ne va aggiunto uno, importante, che sar\u00e0 ricordato a futura memoria. Sugli scudi ci sono i vigili del fuoco volontari del locale distaccamento nel centenario della loro fondazione. Una grande emozione per tutti presso la caserma che aprir\u00e0 le porte. A tutti loro ovunque siano il plauso ed il grazie di noi cittadini che sotto la loro attenta protezione ci sentiamo sicuri in ogni frangente emergenziale A loro l&#8217;orgoglio e l&#8217;onore per avere portato a compimento questo centenario<\/p>\n<p><strong>DI JOHN FRANCIS DELLA PIETRA<\/strong><\/p>\n<p>AUDIO<\/p>\n<audio class=\"wp-audio-shortcode\" id=\"audio-282730-7\" preload=\"none\" style=\"width: 100%;\" controls=\"controls\"><source type=\"audio\/mpeg\" src=\"https:\/\/www.radiopiu.net\/wordpress\/wp-content\/uploads\/2022\/06\/JOHN.mp3?_=7\" \/><a href=\"https:\/\/www.radiopiu.net\/wordpress\/wp-content\/uploads\/2022\/06\/JOHN.mp3\">https:\/\/www.radiopiu.net\/wordpress\/wp-content\/uploads\/2022\/06\/JOHN.mp3<\/a><\/audio>\n<p>&nbsp;<\/p>\n<p>Cent&#8217;anni<\/p>\n<p>Un secolo che gran emozione<br \/>\nRipensar a quei tempi della fondazione<br \/>\nAvi previdenti ed illuminati<br \/>\nSin ai nostri giorni c&#8217;hanno aiutati<br \/>\nSotto l egida di S.Barbara e S.Floriano<br \/>\nGenerazioni di volenterosi alla comunit\u00e0 han dato una mano<br \/>\nC&#8217;han messo fatiche e sudore<br \/>\nE tanto altruistico cuore<br \/>\nNei decenni si son fatti onore<br \/>\nNonni padri mariti figli<br \/>\nSon sempre stati pronti ad accorrer fra i perigli<br \/>\nIn soccorso di chi ebbe bisogno<br \/>\nLor son usciti svelti e fieri come da un sogno<br \/>\nN\u00e9 fuochi n\u00e9 acque n\u00e9 venti<br \/>\nHan fermato i loro puntuali interventi<br \/>\nPer un secolo han saputo ben operare<br \/>\n\u00c8 giunta l&#8217;ora di doverli giustamente ringraziare<br \/>\nLa sirena che alta nei cieli udi<br \/>\n\u00c8 oggi per tutti loro che son sugl&#8217;alti scudi<br \/>\n\u00c8 un momento trionfale<br \/>\nAmatissimi centenari vigili del fuoco di Canale<\/p>\n\n\t\t\t<style type='text\/css'>\n\t\t\t\t#gallery-6 {\n\t\t\t\t\tmargin: auto;\n\t\t\t\t}\n\t\t\t\t#gallery-6 .gallery-item {\n\t\t\t\t\tfloat: left;\n\t\t\t\t\tmargin-top: 10px;\n\t\t\t\t\ttext-align: center;\n\t\t\t\t\twidth: 33%;\n\t\t\t\t}\n\t\t\t\t#gallery-6 img {\n\t\t\t\t\tborder: 2px solid #cfcfcf;\n\t\t\t\t}\n\t\t\t\t#gallery-6 .gallery-caption {\n\t\t\t\t\tmargin-left: 0;\n\t\t\t\t}\n\t\t\t\t\/* see gallery_shortcode() in wp-includes\/media.php *\/\n\t\t\t<\/style>\n\t\t<div id='gallery-6' class='dt-gallery-container gallery galleryid-282730 gallery-columns-3 gallery-size-thumbnail'><dl class='gallery-item'>\n\t\t\t\t<dt class='gallery-icon portrait'>\n\t\t\t\t\t<a class=\"rollover\" href='https:\/\/www.radiopiu.net\/wordpress\/centanni-con-i-vigili-del-fuoco-di-canale-dagordo\/d260c0b5-0689-4072-9605-27e39197715c\/'><img loading=\"lazy\" decoding=\"async\" width=\"150\" height=\"150\" src=\"https:\/\/www.radiopiu.net\/wordpress\/wp-content\/uploads\/2022\/06\/d260c0b5-0689-4072-9605-27e39197715c-150x150.jpg\" class=\"attachment-thumbnail size-thumbnail\" alt=\"\" \/><\/a>\n\t\t\t\t<\/dt><\/dl><dl class='gallery-item'>\n\t\t\t\t<dt class='gallery-icon portrait'>\n\t\t\t\t\t<a class=\"rollover\" href='https:\/\/www.radiopiu.net\/wordpress\/centanni-con-i-vigili-del-fuoco-di-canale-dagordo\/42ddef5d-3ad1-40a8-9f6b-02993856a031\/'><img loading=\"lazy\" decoding=\"async\" width=\"150\" height=\"150\" src=\"https:\/\/www.radiopiu.net\/wordpress\/wp-content\/uploads\/2022\/06\/42ddef5d-3ad1-40a8-9f6b-02993856a031-150x150.jpg\" class=\"attachment-thumbnail size-thumbnail\" alt=\"\" aria-describedby=\"gallery-6-282890\" \/><\/a>\n\t\t\t\t<\/dt>\n\t\t\t\t\t<dd class='wp-caption-text gallery-caption' id='gallery-6-282890'>\n\t\t\t\t\tIl graffito sulla caserma  \u00e8 s Floriano opera del Santino Ganz\n\t\t\t\t\t<\/dd><\/dl><dl class='gallery-item'>\n\t\t\t\t<dt class='gallery-icon landscape'>\n\t\t\t\t\t<a class=\"rollover\" href='https:\/\/www.radiopiu.net\/wordpress\/centanni-con-i-vigili-del-fuoco-di-canale-dagordo\/2d39c5b6-a99b-45d6-a259-2291c1a3d63a\/'><img loading=\"lazy\" decoding=\"async\" width=\"150\" height=\"150\" src=\"https:\/\/www.radiopiu.net\/wordpress\/wp-content\/uploads\/2022\/06\/2d39c5b6-a99b-45d6-a259-2291c1a3d63a-150x150.jpg\" class=\"attachment-thumbnail size-thumbnail\" alt=\"\" srcset=\"https:\/\/www.radiopiu.net\/wordpress\/wp-content\/uploads\/2022\/06\/2d39c5b6-a99b-45d6-a259-2291c1a3d63a-150x150.jpg 150w, https:\/\/www.radiopiu.net\/wordpress\/wp-content\/uploads\/2022\/06\/2d39c5b6-a99b-45d6-a259-2291c1a3d63a-300x300.jpg 300w, https:\/\/www.radiopiu.net\/wordpress\/wp-content\/uploads\/2022\/06\/2d39c5b6-a99b-45d6-a259-2291c1a3d63a.jpg 720w\" sizes=\"auto, (max-width: 150px) 100vw, 150px\" \/><\/a>\n\t\t\t\t<\/dt><\/dl><br style=\"clear: both\" \/>\n\t\t\t<\/div>\n\n<p>&nbsp;<\/p>\n<p>&nbsp;<\/p>\n<p>&nbsp;<\/p>\n<hr \/>\n<p>&nbsp;<\/p>\n<blockquote>\n<h3>SABATO 2 LUGLIO L&#8217;INAUGURAZIONE DELLA SCHOLA DEI BATTUTI A VALLADA<\/h3>\n<\/blockquote>\n<p><strong><a class=\"dt-pswp-item\" href=\"https:\/\/www.radiopiu.net\/wordpress\/wp-content\/uploads\/2022\/06\/Schola-dei-Battuti-presso-San-Simon-Vallada-Agordina.jpg\" data-dt-img-description=\"\" data-large_image_width=\"1600\" data-large_image_height=\"1200\"><img loading=\"lazy\" decoding=\"async\" class=\"size-thumbnail wp-image-280948 alignleft\" src=\"https:\/\/www.radiopiu.net\/wordpress\/wp-content\/uploads\/2022\/06\/Schola-dei-Battuti-presso-San-Simon-Vallada-Agordina-150x150.jpg\" alt=\"\" width=\"150\" height=\"150\" \/><\/a>VALLADA<\/strong> La Parrocchia di San Simone Apostolo di Vallada, il comune e la Fondazione Papa Luciani di Canale D&#8217;Agordo sono lieti di annunciare che sabato 2 luglio alle 16 a San Simon di Vallada verr\u00e0 inaugurata la Schola Dei Battuti. Saranno presenti il Vescovo di Belluno e Feltre Renato Marangoni, Don Vito De Vido parroco di Vallada, l&#8217;amministratore parrocchiale di Vallada Matteo Colle, il sindaco di Vallada Fabio Lucchetta, Mauro Soppelsa presidente del GAL Alto Bellunese e la Fondazione Cariverona. Interverranno Monsignor Giacomo Mazzorana direttore dell&#8217;ufficio beni culturali della diocesi di Belluno e Feltre, Loris Serafini direttore della Fondazione Papa Luciani, Gloria Manera progettista e direttore dei lavori e l&#8217;autore dell&#8217;opuscolo relativo alla Schola Dei Battuti. Moderer\u00e0 l&#8217;incontro Luca Lucchetta ex sindaco di Vallada. Alle 17 sul piazzale antistante la chiesa di San Simon il concerto della Banda Centrale di Zugliano diretta da Sandro Maculan. In caso di pioggia il concerto si terr\u00e0 al Nof Fil\u00f2 di Cencenighe.<\/p>\n<p><strong>DI GIANNI SANTOMASO<\/strong><\/p>\n<audio class=\"wp-audio-shortcode\" id=\"audio-282730-8\" preload=\"none\" style=\"width: 100%;\" controls=\"controls\"><source type=\"audio\/mpeg\" src=\"https:\/\/www.radiopiu.net\/wordpress\/wp-content\/uploads\/2022\/06\/GIANNI-SCHOLA-DEI-BATTUTI.mp3?_=8\" \/><a href=\"https:\/\/www.radiopiu.net\/wordpress\/wp-content\/uploads\/2022\/06\/GIANNI-SCHOLA-DEI-BATTUTI.mp3\">https:\/\/www.radiopiu.net\/wordpress\/wp-content\/uploads\/2022\/06\/GIANNI-SCHOLA-DEI-BATTUTI.mp3<\/a><\/audio>\n<p>&nbsp;<\/p>\n<p>&nbsp;<\/p>\n<p>&nbsp;<\/p>\n<hr \/>\n<p>&nbsp;<\/p>\n<blockquote>\n<h3>IL FESTIVAL INTERNAZIONALE DELLA FISARMONICA<\/h3>\n<\/blockquote>\n<p><strong><a class=\"dt-pswp-item\" href=\"https:\/\/www.radiopiu.net\/wordpress\/wp-content\/uploads\/2022\/06\/sa.jpg\" data-dt-img-description=\"\" data-large_image_width=\"473\" data-large_image_height=\"151\"><img loading=\"lazy\" decoding=\"async\" class=\"wp-image-280606 alignleft\" src=\"https:\/\/www.radiopiu.net\/wordpress\/wp-content\/uploads\/2022\/06\/sa.jpg\" alt=\"\" width=\"229\" height=\"73\" srcset=\"https:\/\/www.radiopiu.net\/wordpress\/wp-content\/uploads\/2022\/06\/sa.jpg 473w, https:\/\/www.radiopiu.net\/wordpress\/wp-content\/uploads\/2022\/06\/sa-300x96.jpg 300w\" sizes=\"auto, (max-width: 229px) 100vw, 229px\" \/><\/a>REDAZIONE<\/strong> Il Festival internazionale della Fisarmonica, Dolomiti 2022 ritorna in presenza con tre appuntamenti, dall&#8217;Agordino al Cadore. Prima serata venerdi 1 luglio alle 20.45 al Nof Fil\u00f2 di Cencenighe, sabato 2 luglio all&#8217;Auditorium dell&#8217;Istituto Canossiano di Feltre, domenica 3 luglio all&#8217;Auditorium Comunale di San Vito di Cadore. Ospiti della serata i pi\u00f9 noti concertisti del panorama musicale internazionale. E&#8217; un&#8217;iniziativa dell&#8217;Associazione Filarmonica, Fisorchestra G. Rossini di Santa Giustina. La Fisorchestra Rossini, diretta dal maestro Ernesto Bellus e la Fisorchestra Armonia, diretta dal maestro Mirko Satto si esibiranno nel repertorio classico e moderno; il Koa Quintett diretto dal maestro Nicola Bettiol suoner\u00e0 un repertorio oberkrainer. Informazioni negli uffici turistici di Cencenighe e Feltre. Presenta Michela Da Canal.<\/p>\n<p>&nbsp;<\/p>\n<p>&nbsp;<\/p>\n<hr \/>\n<blockquote>\n<h3><\/h3>\n<h3>CORSI PER E-BIKE DEDICATI AI BAMBINI<\/h3>\n<\/blockquote>\n<p><strong>ALLEGHE<\/strong> Dal 21 giugno al 26 luglio Agordino Bikes Guide organizza dei corsi rivolti ai bambini per l&#8217;uso corretto delle E-Bike. I corsi si terranno tutti i marted\u00ec ai Piani Di Pezz\u00e8 ed \u00e8 destinato a bambini dagli 8 anni in su. Per informazioni contattare Luca al 338 9869980 o Alan al 328 8768079<\/p>\n<p>&nbsp;<\/p>\n<p>&nbsp;<\/p>\n<hr \/>\n<p>&nbsp;<\/p>\n<blockquote>\n<h3>VENERDI&#8217; LA PRESENTAZIONE DEL NUOVO LIBRO DI GIORGIO FONTANIVE<\/h3>\n<\/blockquote>\n<p><strong>TAIBON<\/strong> Verr\u00e0 presentato venerd\u00ec alle 17:30 nella sala del vecchio municipio di Taibon il nuovo libro di Giorgio Fontanive. &#8220;Notizie sulle opere di guerra. Forte di P\u00e8den e mulattiera militare, Z\u00e9i de Forca &#8211; C\u00f2l dai R\u00f3nch&#8221; \u00e8 il titolo dell&#8217;opera. Con la collaborazione del Gruppo Pi\u00f3dech Taibon, la Pro Loco e il Comune di Taibon Agordino.<\/p>\n<p>&nbsp;<\/p>\n<p>&nbsp;<\/p>\n<hr \/>\n<p>&nbsp;<\/p>\n<blockquote>\n<h2>SAN GIOVANNI, TRE GIORNI DI FESTA A CANALE D&#8217;AGORDO<\/h2>\n<\/blockquote>\n<p><strong>CANALE D&#8217;AGORDO<\/strong> Il ritorno della sagra di San Giovanni, riecco il corposo programma a pi\u00f9 firme: Comune, Polisportiva, Proloco, Ana e Abvs. Tre giorni di festa, il primo appuntamento venerdi 24, giorno di San Giovanni, con la festa per i 100 anni del distaccamento dei vigili del fuoco volontari del paese, presenza importante e fondamentale, da sempre. Sar\u00e0 anche il giorno dei coscritti del 2002, della musica di Oscar all&#8217;ora di pranzo\u00a0 e dei pregiati piatti con frittura di pesce e gli gnocchi ai porcini e puina sfumegada, oltre all&#8217;immancabile piatto del malgher e le trippe alla parmigiana. Gli aperitivi\u00a0 del sabato una garanzia con Ciccio di Oh per Bacco e la colonna musicale del duo jazz e bossanova Crestani-Burigo. Le notti da ballare: venerdi 24 con Cristian Group, sabato 25 con gli Hedera e il dj set, domenica 26 con Mely &amp; the moodies. PROGRAMMA RELIGIOSO: venerdi 24 alle 10.30 la messa nella chiesa di San Giovanni Battista.<\/p>\n\n\t\t\t<style type='text\/css'>\n\t\t\t\t#gallery-7 {\n\t\t\t\t\tmargin: auto;\n\t\t\t\t}\n\t\t\t\t#gallery-7 .gallery-item {\n\t\t\t\t\tfloat: left;\n\t\t\t\t\tmargin-top: 10px;\n\t\t\t\t\ttext-align: center;\n\t\t\t\t\twidth: 33%;\n\t\t\t\t}\n\t\t\t\t#gallery-7 img {\n\t\t\t\t\tborder: 2px solid #cfcfcf;\n\t\t\t\t}\n\t\t\t\t#gallery-7 .gallery-caption {\n\t\t\t\t\tmargin-left: 0;\n\t\t\t\t}\n\t\t\t\t\/* see gallery_shortcode() in wp-includes\/media.php *\/\n\t\t\t<\/style>\n\t\t<div id='gallery-7' class='dt-gallery-container gallery galleryid-282730 gallery-columns-3 gallery-size-medium'><dl class='gallery-item'>\n\t\t\t\t<dt class='gallery-icon portrait'>\n\t\t\t\t\t<a class=\"rollover rollover-zoom dt-pswp-item\" title=\"0a6150e4-bc70-4210-ad75-f53803953eb0\" data-dt-img-description=\"\" data-large_image_width=\"1131\" data-large_image_height=\"1600\"href='https:\/\/www.radiopiu.net\/wordpress\/wp-content\/uploads\/2022\/06\/0a6150e4-bc70-4210-ad75-f53803953eb0.jpg'><img loading=\"lazy\" decoding=\"async\" width=\"212\" height=\"300\" src=\"https:\/\/www.radiopiu.net\/wordpress\/wp-content\/uploads\/2022\/06\/0a6150e4-bc70-4210-ad75-f53803953eb0-212x300.jpg\" class=\"attachment-medium size-medium\" alt=\"\" srcset=\"https:\/\/www.radiopiu.net\/wordpress\/wp-content\/uploads\/2022\/06\/0a6150e4-bc70-4210-ad75-f53803953eb0-212x300.jpg 212w, https:\/\/www.radiopiu.net\/wordpress\/wp-content\/uploads\/2022\/06\/0a6150e4-bc70-4210-ad75-f53803953eb0-724x1024.jpg 724w, https:\/\/www.radiopiu.net\/wordpress\/wp-content\/uploads\/2022\/06\/0a6150e4-bc70-4210-ad75-f53803953eb0-768x1086.jpg 768w, https:\/\/www.radiopiu.net\/wordpress\/wp-content\/uploads\/2022\/06\/0a6150e4-bc70-4210-ad75-f53803953eb0-1086x1536.jpg 1086w, https:\/\/www.radiopiu.net\/wordpress\/wp-content\/uploads\/2022\/06\/0a6150e4-bc70-4210-ad75-f53803953eb0.jpg 1131w\" sizes=\"auto, (max-width: 212px) 100vw, 212px\" \/><\/a>\n\t\t\t\t<\/dt><\/dl><dl class='gallery-item'>\n\t\t\t\t<dt class='gallery-icon landscape'>\n\t\t\t\t\t<a class=\"rollover rollover-zoom dt-pswp-item\" title=\"117083109_183542043157133_75668120410207434_n\" data-dt-img-description=\"\" data-large_image_width=\"960\" data-large_image_height=\"503\"href='https:\/\/www.radiopiu.net\/wordpress\/wp-content\/uploads\/2022\/06\/117083109_183542043157133_75668120410207434_n.jpg'><img loading=\"lazy\" decoding=\"async\" width=\"300\" height=\"157\" src=\"https:\/\/www.radiopiu.net\/wordpress\/wp-content\/uploads\/2022\/06\/117083109_183542043157133_75668120410207434_n-300x157.jpg\" class=\"attachment-medium size-medium\" alt=\"\" srcset=\"https:\/\/www.radiopiu.net\/wordpress\/wp-content\/uploads\/2022\/06\/117083109_183542043157133_75668120410207434_n-300x157.jpg 300w, https:\/\/www.radiopiu.net\/wordpress\/wp-content\/uploads\/2022\/06\/117083109_183542043157133_75668120410207434_n-768x402.jpg 768w, https:\/\/www.radiopiu.net\/wordpress\/wp-content\/uploads\/2022\/06\/117083109_183542043157133_75668120410207434_n.jpg 960w\" sizes=\"auto, (max-width: 300px) 100vw, 300px\" \/><\/a>\n\t\t\t\t<\/dt><\/dl><dl class='gallery-item'>\n\t\t\t\t<dt class='gallery-icon landscape'>\n\t\t\t\t\t<a class=\"rollover rollover-zoom dt-pswp-item\" title=\"CANALE D&#039;AGORDO (3)\" data-dt-img-description=\"\" data-large_image_width=\"960\" data-large_image_height=\"720\"href='https:\/\/www.radiopiu.net\/wordpress\/wp-content\/uploads\/2020\/06\/CANALE-DAGORDO-3.jpg'><img loading=\"lazy\" decoding=\"async\" width=\"300\" height=\"225\" src=\"https:\/\/www.radiopiu.net\/wordpress\/wp-content\/uploads\/2020\/06\/CANALE-DAGORDO-3-300x225.jpg\" class=\"attachment-medium size-medium\" alt=\"\" srcset=\"https:\/\/www.radiopiu.net\/wordpress\/wp-content\/uploads\/2020\/06\/CANALE-DAGORDO-3-300x225.jpg 300w, https:\/\/www.radiopiu.net\/wordpress\/wp-content\/uploads\/2020\/06\/CANALE-DAGORDO-3-768x576.jpg 768w, https:\/\/www.radiopiu.net\/wordpress\/wp-content\/uploads\/2020\/06\/CANALE-DAGORDO-3.jpg 960w\" sizes=\"auto, (max-width: 300px) 100vw, 300px\" \/><\/a>\n\t\t\t\t<\/dt><\/dl><br style=\"clear: both\" \/>\n\t\t\t<\/div>\n\n<p>&nbsp;<\/p>\n<p>&nbsp;<\/p>\n<hr \/>\n<p>&nbsp;<\/p>\n<p>&nbsp;<\/p>\n<p>&nbsp;<\/p>\n<hr \/>\n<p>&nbsp;<\/p>\n<h2><span style=\"color: #008080;\">SALUTE &amp; SOCIETA&#8217;\u00a0<\/span><\/h2>\n<p><strong>LA RACCOLTA<\/strong><\/p>\n<blockquote class=\"wp-embedded-content\" data-secret=\"ion7imyYrY\"><p><a href=\"https:\/\/www.radiopiu.net\/wordpress\/saluteesocieta\/\">Salute e Societ\u00e0<\/a><\/p><\/blockquote>\n<p><iframe loading=\"lazy\" class=\"wp-embedded-content\" sandbox=\"allow-scripts\" security=\"restricted\" style=\"position: absolute; clip: rect(1px, 1px, 1px, 1px);\" title=\"&#8220;Salute e Societ\u00e0&#8221; &#8212; Radio Pi\u00f9\" src=\"https:\/\/www.radiopiu.net\/wordpress\/saluteesocieta\/embed\/#?secret=gIT1RxKGPF#?secret=ion7imyYrY\" data-secret=\"ion7imyYrY\" width=\"600\" height=\"338\" frameborder=\"0\" marginwidth=\"0\" marginheight=\"0\" scrolling=\"no\"><\/iframe><\/p>\n<p>&nbsp;<\/p>\n<hr \/>\n<p>&nbsp;<\/p>\n<p>&nbsp;<\/p>\n<blockquote class=\"wp-embedded-content\" data-secret=\"EJ8jx0D80S\"><p><a href=\"https:\/\/www.radiopiu.net\/wordpress\/39annigiug16\/\">39 ANNI DI RADIO&#8230;IL PREMIO ALLA DISCREZIONE, CHE NON C&#8217;E&#8217; PIU&#8217;<\/a><\/p><\/blockquote>\n<p><iframe loading=\"lazy\" class=\"wp-embedded-content\" sandbox=\"allow-scripts\" security=\"restricted\" style=\"position: absolute; clip: rect(1px, 1px, 1px, 1px);\" title=\"&#8220;39 ANNI DI RADIO&#8230;IL PREMIO ALLA DISCREZIONE, CHE NON C&#8217;E&#8217; PIU&#8217;&#8221; &#8212; Radio Pi\u00f9\" src=\"https:\/\/www.radiopiu.net\/wordpress\/39annigiug16\/embed\/#?secret=dBvWv4Zebh#?secret=EJ8jx0D80S\" data-secret=\"EJ8jx0D80S\" width=\"600\" height=\"338\" frameborder=\"0\" marginwidth=\"0\" marginheight=\"0\" scrolling=\"no\"><\/iframe><\/p>\n<p>&nbsp;<\/p>\n<p>&nbsp;<\/p>\n<hr \/>\n<h3 class=\"kvgmc6g5 cxmmr5t8 oygrvhab hcukyx3x c1et5uql\"><span style=\"color: #0000ff;\"><strong>\u00a0<\/strong><\/span><\/h3>\n<h3 class=\"kvgmc6g5 cxmmr5t8 oygrvhab hcukyx3x c1et5uql\"><span style=\"color: #0000ff;\"><strong>INFORMAZIONE il canale su TELEGRAM informazione di prima mano e in tempo reale. iscriviti ed aiutaci a farlo conoscere\u00a0 \u00a0<\/strong><\/span><\/h3>\n<p>&nbsp;<\/p>\n<hr \/>\n<p>&nbsp;<\/p>\n<blockquote>\n<h2><span style=\"color: #800080;\">STORIE A QUATTROCCHI<br \/>\nOGGI ALLE 9 E ALLE 18 LA NUOVA PUNTATA CON ELENA E STEFANIA<\/span><\/h2>\n<\/blockquote>\n<p><strong>PUNTATA DEL 15 GIUGNO 2022 CON ELENA E STEFANIA<\/strong><\/p>\n<audio class=\"wp-audio-shortcode\" id=\"audio-282730-9\" preload=\"none\" style=\"width: 100%;\" controls=\"controls\"><source type=\"audio\/mpeg\" src=\"https:\/\/www.radiopiu.net\/wordpress\/wp-content\/uploads\/2022\/06\/QOCCHI9.mp3?_=9\" \/><a href=\"https:\/\/www.radiopiu.net\/wordpress\/wp-content\/uploads\/2022\/06\/QOCCHI9.mp3\">https:\/\/www.radiopiu.net\/wordpress\/wp-content\/uploads\/2022\/06\/QOCCHI9.mp3<\/a><\/audio>\n<p><strong>\u00a0<\/strong><\/p>\n<p><strong>LA RACCOLTA COMPLETA\u00a0<\/strong><\/p>\n<blockquote class=\"wp-embedded-content\" data-secret=\"2MzRYD0dxv\"><p><a href=\"https:\/\/www.radiopiu.net\/wordpress\/storie-a-quattrocchi\/\">Storie a quattrocchi<\/a><\/p><\/blockquote>\n<p><iframe loading=\"lazy\" class=\"wp-embedded-content\" sandbox=\"allow-scripts\" security=\"restricted\" style=\"position: absolute; clip: rect(1px, 1px, 1px, 1px);\" title=\"&#8220;Storie a quattrocchi&#8221; &#8212; Radio Pi\u00f9\" src=\"https:\/\/www.radiopiu.net\/wordpress\/storie-a-quattrocchi\/embed\/#?secret=fPPGruUrma#?secret=2MzRYD0dxv\" data-secret=\"2MzRYD0dxv\" width=\"600\" height=\"338\" frameborder=\"0\" marginwidth=\"0\" marginheight=\"0\" scrolling=\"no\"><\/iframe><\/p>\n<p>&nbsp;<\/p>\n<hr \/>\n<p>&nbsp;<\/p>\n<h2><\/h2>\n<h2><span style=\"color: #008080;\">&#8220;DINTORN E FORA VIA&#8221; A CURA DEL MUSLA, IL NUOVO PROGRAMMA\u00a0 \u00a0<\/span><\/h2>\n<p>&nbsp;<\/p>\n<p><strong><a class=\"dt-pswp-item\" href=\"https:\/\/www.radiopiu.net\/wordpress\/wp-content\/uploads\/2022\/06\/musla.jpg\" data-dt-img-description=\"\" data-large_image_width=\"257\" data-large_image_height=\"171\"><img loading=\"lazy\" decoding=\"async\" class=\"wp-image-282627 alignleft\" src=\"https:\/\/www.radiopiu.net\/wordpress\/wp-content\/uploads\/2022\/06\/musla-150x150.jpg\" alt=\"\" width=\"87\" height=\"87\" \/><\/a><\/strong><\/p>\n<p>&nbsp;<\/p>\n<p><strong>PUNTATA DEL 21 GIUGNO 2022- CON EMILY BONIFACIO<\/strong><\/p>\n<audio class=\"wp-audio-shortcode\" id=\"audio-282730-10\" preload=\"none\" style=\"width: 100%;\" controls=\"controls\"><source type=\"audio\/mpeg\" src=\"https:\/\/www.radiopiu.net\/wordpress\/wp-content\/uploads\/2022\/06\/MUSLA-2.mp3?_=10\" \/><a href=\"https:\/\/www.radiopiu.net\/wordpress\/wp-content\/uploads\/2022\/06\/MUSLA-2.mp3\">https:\/\/www.radiopiu.net\/wordpress\/wp-content\/uploads\/2022\/06\/MUSLA-2.mp3<\/a><\/audio>\n<p>&nbsp;<\/p>\n<hr \/>\n<p>&nbsp;<\/p>\n<p><strong>LA RACCOLTA COMPLETA<\/strong><\/p>\n<blockquote class=\"wp-embedded-content\" data-secret=\"ekWpvI1EsO\"><p><a href=\"https:\/\/www.radiopiu.net\/wordpress\/musla\/\">MUSLA<\/a><\/p><\/blockquote>\n<p><iframe loading=\"lazy\" class=\"wp-embedded-content\" sandbox=\"allow-scripts\" security=\"restricted\" style=\"position: absolute; clip: rect(1px, 1px, 1px, 1px);\" title=\"&#8220;MUSLA&#8221; &#8212; Radio Pi\u00f9\" src=\"https:\/\/www.radiopiu.net\/wordpress\/musla\/embed\/#?secret=lceEwkUDXS#?secret=ekWpvI1EsO\" data-secret=\"ekWpvI1EsO\" width=\"600\" height=\"338\" frameborder=\"0\" marginwidth=\"0\" marginheight=\"0\" scrolling=\"no\"><\/iframe><\/p>\n<p>&nbsp;<\/p>\n<hr \/>\n<p>&nbsp;<\/p>\n<blockquote>\n<h3>IL LAVORO NELLE VALLI DEL PIAVE E VAJONT PRIMA DELLA CATASTROFE DEL 9 OTTOBRE1963<\/h3>\n<\/blockquote>\n<p><strong>DI RENATO BONA<\/strong><\/p>\n<p>Come era il lavoro nelle Valli del Piave e del Vajont prima del 9 ottobre 1963, vale a dire prima di quella catastrofe che provoc\u00f2 rovine immani e duemila vittime? La risposta si \u00e8 impegnata a fornirla con la nota passione Elda Deon Cardin (tra l\u2019altro una cara amica, gi\u00e0 mia compagna di scuola alla bellunese \u201cCatullo\u201d), longaronese di nascita ma da lustri trapiantata a Belluno, senza tuttavia perdere i forti legami col paese nat\u00eco). Ed ha sintetizzato il suo apprezzato impegno nel titolo: \u201cIl lavoro\u201d che ha voluto per il libro, impreziosito da poesie di Eliana Olivotto, realizzato nel novembre 2008, quarantacinquesimo anniversario della sciagura, con il patrocinio del Comune di Longarone; in copertina l\u2019officina di lavorazione meccanica e del legno dei Fratelli Polla a Fa\u00e8 di Longarone, 1925, collezione CMP (che sta per Carlo Marco Polla); impaginazione e stampa a cura di Grafiche Longaronesi, presentazione del prof. Gioachino Bratti e contributo di Giovanni Larese con: \u201cUn po\u2019 di luce sul tessuto economico longaronese prima del Vajont\u201d. Bratti, ha sottolineato che in questa occasione l\u2019autrice ha accompagnato alle cartoline (delle quali \u00e8 assidua ricercatrice da sempre), e ad altri documenti, brevi saggi di superstiti o di studiosi, primi fra tutti Giuseppe De Vecchi ed Agostino Sacchet, che fanno diventare la pubblicazione un prezioso documento di storia dato che \u201cTrattare le vicende del lavoro di Longarone e dei paesi vicini nelle sue varie forme \u00e8 senz\u2019altro entrare nell\u2019essenziale della realt\u00e0 della nostra terra, che proprio nel lavoro espresse tutta la sua anima e la sua vivacit\u00e0, ponendosi cos\u00ec spesso al primo posto in Provincia\u201d. Lavoro che si manifest\u00f2 nei famosi opifici che ressero a lungo la sorte dell\u2019economia bellunese, nel commercio multiforme e inventivo, che affondava le sue radici nelle grandi famiglie che a partire dal XVII secolo crearono la nuova Longarone, nei trasporti e nell\u2019ospitalit\u00e0 dei rinomati alberghi, che facevano del nostro paese tappa obbligata per chi dalla pianura saliva al Cadore, a Cortina o al Tirolo, come ci raccontano i diari dei viaggiatori di allora. In questo contesto, le cartoline delle quali nell\u2019introduzione Simone Osta propone \u201cun\u2019avventurosa ed avvincente storia\u201d, e i documenti che le accompagnano diventano anche in questo volume testimonianza di luoghi, opere e persone che non vanno dimenticati, espressione di valori che costituirono per decenni caratteristica e orgoglio della collettivit\u00e0. E sono stati raccolti, esaminati, ordinati e presentati dall\u2019autrice \u201ccon quell\u2019insieme di passione e di nostalgia che da sempre ne caratterizzano l\u2019anima e il lavoro, cui fanno da felice accompagnamento le altrettanto espressive poesie di Eliana Olivotto\u201d. In chiusura, rinnovava ad Elda \u201cplauso e gratitudine per aver fatto emergere con sensibilit\u00e0 ed efficacia una parte importante del nostro passato\u201d. Notevole anche il saggio proposto da Giovanni Larese il quale evidenzia fra l\u2019altro come \u201cil volume offre ampi squarci e parecchie notizie inedite su una realt\u00e0 imprenditoriale per molti versi sorprendente: si pensi al poliedrico imprenditore edile Antonio Tallachini che costru\u00ec la strada di Alemagna e fece della petraia di Villanova una tenuta agricola moderna, o al suddito di sua maest\u00e0 britannica sir Alessandro Malcolm, facoltoso ed illuminato imprenditore del legno oppure al pi\u00f9 modesto compaesano Giovanni Maria Fagarazzi, orticultore capace che si sforz\u00f2 di propagare le sue conoscenze ma oggi \u00e8 quasi dimenticato. Cos\u00ec come \u00e8 doveroso almeno citare una delle dinasty pi\u00f9 significative dell\u2019imprenditoria provinciale, quella della famiglia Protti che si distinse per patriottismo e filantropia verso i paesani e realizz\u00f2 prima, con Gustavo, un modernissimo cartonificio (1900) poi, nel 1935, con Osvaldo, lo stabilimento della Faesite per produrre, primo in Italia, pannelli in fibra di legno e cadorite. Non mancarono anche altri stabilimenti industriali che fecero epoca come la Fabbrica di birra in localit\u00e0 Roggia (1895) e il Cementificio di Castellavazzo (1912). Concludendo precisava come le varie iniziative economiche, da quelle note e studiate alle pi\u00f9 umili fiorirono in un territorio povero inevitabilmente votato per decenni all\u2019emigrazione, ma che nel contesto provinciale poteva dirsi per certi versi all\u2019avanguardia, tanto che gi\u00e0 prima del 1866 poteva vantare un pubblico teatro e nel 1896 si dot\u00f2 per primo tra i Comuni bellunesi dell\u2019illuminazione elettrica\u201d. Dunque in questa terra \u201cnacquero attivit\u00e0 d\u2019impresa non di rado pionieristiche in una provincia troppo a lungo votata all\u2019agricoltura\u201d. A nostra volta concludiamo questo primo servizio dedicato a \u201cIl lavoro\u201d di Elda Deon Cardin elencando i capitoli nei quali si articola e sui quali torneremo: \u201cGli albori della cartolina illustrata\u201d di Simone Osta; le cinque liriche dialettali di Eliana Olivotto; \u201cLe attivit\u00e0 industriali\u201d; \u201cLe attivit\u00e0 commerciali\u201d; \u201cI trasporti\u201d; \u201cLe attivit\u00e0 artigianali\u201d per finire con \u201cRingraziamenti\u201d e la \u201cDecodificazione delle sigle\u201d (usate per le i collezionisti delle immagini).<\/p>\n\n\t\t\t<style type='text\/css'>\n\t\t\t\t#gallery-8 {\n\t\t\t\t\tmargin: auto;\n\t\t\t\t}\n\t\t\t\t#gallery-8 .gallery-item {\n\t\t\t\t\tfloat: left;\n\t\t\t\t\tmargin-top: 10px;\n\t\t\t\t\ttext-align: center;\n\t\t\t\t\twidth: 12%;\n\t\t\t\t}\n\t\t\t\t#gallery-8 img {\n\t\t\t\t\tborder: 2px solid #cfcfcf;\n\t\t\t\t}\n\t\t\t\t#gallery-8 .gallery-caption {\n\t\t\t\t\tmargin-left: 0;\n\t\t\t\t}\n\t\t\t\t\/* see gallery_shortcode() in wp-includes\/media.php *\/\n\t\t\t<\/style>\n\t\t<div id='gallery-8' class='dt-gallery-container gallery galleryid-282730 gallery-columns-8 gallery-size-thumbnail'><dl class='gallery-item'>\n\t\t\t\t<dt class='gallery-icon portrait'>\n\t\t\t\t\t<a class=\"rollover\" href='https:\/\/www.radiopiu.net\/wordpress\/giornale-radiopiu-22-giugno-2022-direttore-mirko-mezzacasa\/287692686_350892377180274_5173082847618882846_n\/'><img loading=\"lazy\" decoding=\"async\" width=\"150\" height=\"150\" src=\"https:\/\/www.radiopiu.net\/wordpress\/wp-content\/uploads\/2022\/06\/287692686_350892377180274_5173082847618882846_n-150x150.jpg\" class=\"attachment-thumbnail size-thumbnail\" alt=\"\" \/><\/a>\n\t\t\t\t<\/dt><\/dl><dl class='gallery-item'>\n\t\t\t\t<dt class='gallery-icon portrait'>\n\t\t\t\t\t<a class=\"rollover\" href='https:\/\/www.radiopiu.net\/wordpress\/giornale-radiopiu-22-giugno-2022-direttore-mirko-mezzacasa\/287333250_585671416512482_3024504201900737489_n\/'><img loading=\"lazy\" decoding=\"async\" width=\"150\" height=\"150\" src=\"https:\/\/www.radiopiu.net\/wordpress\/wp-content\/uploads\/2022\/06\/287333250_585671416512482_3024504201900737489_n-150x150.jpg\" class=\"attachment-thumbnail size-thumbnail\" alt=\"\" \/><\/a>\n\t\t\t\t<\/dt><\/dl><dl class='gallery-item'>\n\t\t\t\t<dt class='gallery-icon portrait'>\n\t\t\t\t\t<a class=\"rollover\" href='https:\/\/www.radiopiu.net\/wordpress\/giornale-radiopiu-22-giugno-2022-direttore-mirko-mezzacasa\/288834519_377762060902261_7386127379790188913_n\/'><img loading=\"lazy\" decoding=\"async\" width=\"150\" height=\"150\" src=\"https:\/\/www.radiopiu.net\/wordpress\/wp-content\/uploads\/2022\/06\/288834519_377762060902261_7386127379790188913_n-150x150.jpg\" class=\"attachment-thumbnail size-thumbnail\" alt=\"\" \/><\/a>\n\t\t\t\t<\/dt><\/dl><dl class='gallery-item'>\n\t\t\t\t<dt class='gallery-icon landscape'>\n\t\t\t\t\t<a class=\"rollover\" href='https:\/\/www.radiopiu.net\/wordpress\/giornale-radiopiu-22-giugno-2022-direttore-mirko-mezzacasa\/288106146_2395415817326940_2284678670935489866_n\/'><img loading=\"lazy\" decoding=\"async\" width=\"150\" height=\"150\" src=\"https:\/\/www.radiopiu.net\/wordpress\/wp-content\/uploads\/2022\/06\/288106146_2395415817326940_2284678670935489866_n-150x150.jpg\" class=\"attachment-thumbnail size-thumbnail\" alt=\"\" \/><\/a>\n\t\t\t\t<\/dt><\/dl><dl class='gallery-item'>\n\t\t\t\t<dt class='gallery-icon landscape'>\n\t\t\t\t\t<a class=\"rollover\" href='https:\/\/www.radiopiu.net\/wordpress\/giornale-radiopiu-22-giugno-2022-direttore-mirko-mezzacasa\/288662908_833134027665088_7938491861637306349_n\/'><img loading=\"lazy\" decoding=\"async\" width=\"150\" height=\"150\" src=\"https:\/\/www.radiopiu.net\/wordpress\/wp-content\/uploads\/2022\/06\/288662908_833134027665088_7938491861637306349_n-150x150.jpg\" class=\"attachment-thumbnail size-thumbnail\" alt=\"\" \/><\/a>\n\t\t\t\t<\/dt><\/dl><dl class='gallery-item'>\n\t\t\t\t<dt class='gallery-icon landscape'>\n\t\t\t\t\t<a class=\"rollover\" href='https:\/\/www.radiopiu.net\/wordpress\/giornale-radiopiu-22-giugno-2022-direttore-mirko-mezzacasa\/287369209_2606897916109186_5480035151262381678_n\/'><img loading=\"lazy\" decoding=\"async\" width=\"150\" height=\"150\" src=\"https:\/\/www.radiopiu.net\/wordpress\/wp-content\/uploads\/2022\/06\/287369209_2606897916109186_5480035151262381678_n-150x150.jpg\" class=\"attachment-thumbnail size-thumbnail\" alt=\"\" \/><\/a>\n\t\t\t\t<\/dt><\/dl><dl class='gallery-item'>\n\t\t\t\t<dt class='gallery-icon landscape'>\n\t\t\t\t\t<a class=\"rollover\" href='https:\/\/www.radiopiu.net\/wordpress\/giornale-radiopiu-22-giugno-2022-direttore-mirko-mezzacasa\/287307828_299342688998833_4093087522362637361_n\/'><img loading=\"lazy\" decoding=\"async\" width=\"150\" height=\"150\" src=\"https:\/\/www.radiopiu.net\/wordpress\/wp-content\/uploads\/2022\/06\/287307828_299342688998833_4093087522362637361_n-150x150.jpg\" class=\"attachment-thumbnail size-thumbnail\" alt=\"\" \/><\/a>\n\t\t\t\t<\/dt><\/dl><dl class='gallery-item'>\n\t\t\t\t<dt class='gallery-icon portrait'>\n\t\t\t\t\t<a class=\"rollover\" href='https:\/\/www.radiopiu.net\/wordpress\/giornale-radiopiu-22-giugno-2022-direttore-mirko-mezzacasa\/286471011_593865945379191_2173856157647850991_n\/'><img loading=\"lazy\" decoding=\"async\" width=\"150\" height=\"150\" src=\"https:\/\/www.radiopiu.net\/wordpress\/wp-content\/uploads\/2022\/06\/286471011_593865945379191_2173856157647850991_n-150x150.jpg\" class=\"attachment-thumbnail size-thumbnail\" alt=\"\" \/><\/a>\n\t\t\t\t<\/dt><\/dl><br style=\"clear: both\" \/><dl class='gallery-item'>\n\t\t\t\t<dt class='gallery-icon landscape'>\n\t\t\t\t\t<a class=\"rollover\" href='https:\/\/www.radiopiu.net\/wordpress\/giornale-radiopiu-22-giugno-2022-direttore-mirko-mezzacasa\/287890045_423466532982592_9175503108549149543_n\/'><img loading=\"lazy\" decoding=\"async\" width=\"150\" height=\"150\" src=\"https:\/\/www.radiopiu.net\/wordpress\/wp-content\/uploads\/2022\/06\/287890045_423466532982592_9175503108549149543_n-150x150.jpg\" class=\"attachment-thumbnail size-thumbnail\" alt=\"\" \/><\/a>\n\t\t\t\t<\/dt><\/dl><dl class='gallery-item'>\n\t\t\t\t<dt class='gallery-icon landscape'>\n\t\t\t\t\t<a class=\"rollover\" href='https:\/\/www.radiopiu.net\/wordpress\/giornale-radiopiu-22-giugno-2022-direttore-mirko-mezzacasa\/288756084_580332406966354_7323670748648634356_n\/'><img loading=\"lazy\" decoding=\"async\" width=\"150\" height=\"150\" src=\"https:\/\/www.radiopiu.net\/wordpress\/wp-content\/uploads\/2022\/06\/288756084_580332406966354_7323670748648634356_n-150x150.jpg\" class=\"attachment-thumbnail size-thumbnail\" alt=\"\" \/><\/a>\n\t\t\t\t<\/dt><\/dl><dl class='gallery-item'>\n\t\t\t\t<dt class='gallery-icon landscape'>\n\t\t\t\t\t<a class=\"rollover\" href='https:\/\/www.radiopiu.net\/wordpress\/giornale-radiopiu-22-giugno-2022-direttore-mirko-mezzacasa\/289009060_1126183544626748_4014680231256120536_n\/'><img loading=\"lazy\" decoding=\"async\" width=\"150\" height=\"150\" src=\"https:\/\/www.radiopiu.net\/wordpress\/wp-content\/uploads\/2022\/06\/289009060_1126183544626748_4014680231256120536_n-150x150.jpg\" class=\"attachment-thumbnail size-thumbnail\" alt=\"\" \/><\/a>\n\t\t\t\t<\/dt><\/dl><dl class='gallery-item'>\n\t\t\t\t<dt class='gallery-icon landscape'>\n\t\t\t\t\t<a class=\"rollover\" href='https:\/\/www.radiopiu.net\/wordpress\/giornale-radiopiu-22-giugno-2022-direttore-mirko-mezzacasa\/288070487_1341569579701066_7612903202972577349_n\/'><img loading=\"lazy\" decoding=\"async\" width=\"150\" height=\"150\" src=\"https:\/\/www.radiopiu.net\/wordpress\/wp-content\/uploads\/2022\/06\/288070487_1341569579701066_7612903202972577349_n-150x150.jpg\" class=\"attachment-thumbnail size-thumbnail\" alt=\"\" \/><\/a>\n\t\t\t\t<\/dt><\/dl><dl class='gallery-item'>\n\t\t\t\t<dt class='gallery-icon landscape'>\n\t\t\t\t\t<a class=\"rollover\" href='https:\/\/www.radiopiu.net\/wordpress\/giornale-radiopiu-22-giugno-2022-direttore-mirko-mezzacasa\/288540488_567528468260732_1479518395670710464_n\/'><img loading=\"lazy\" decoding=\"async\" width=\"150\" height=\"150\" src=\"https:\/\/www.radiopiu.net\/wordpress\/wp-content\/uploads\/2022\/06\/288540488_567528468260732_1479518395670710464_n-150x150.jpg\" class=\"attachment-thumbnail size-thumbnail\" alt=\"\" \/><\/a>\n\t\t\t\t<\/dt><\/dl><dl class='gallery-item'>\n\t\t\t\t<dt class='gallery-icon landscape'>\n\t\t\t\t\t<a class=\"rollover\" href='https:\/\/www.radiopiu.net\/wordpress\/giornale-radiopiu-22-giugno-2022-direttore-mirko-mezzacasa\/288198871_747579199610162_2892666886487385391_n\/'><img loading=\"lazy\" decoding=\"async\" width=\"150\" height=\"150\" src=\"https:\/\/www.radiopiu.net\/wordpress\/wp-content\/uploads\/2022\/06\/288198871_747579199610162_2892666886487385391_n-150x150.jpg\" class=\"attachment-thumbnail size-thumbnail\" alt=\"\" \/><\/a>\n\t\t\t\t<\/dt><\/dl><dl class='gallery-item'>\n\t\t\t\t<dt class='gallery-icon landscape'>\n\t\t\t\t\t<a class=\"rollover\" href='https:\/\/www.radiopiu.net\/wordpress\/giornale-radiopiu-22-giugno-2022-direttore-mirko-mezzacasa\/288540488_567528468260732_1479518395670710464_n-2\/'><img loading=\"lazy\" decoding=\"async\" width=\"150\" height=\"150\" src=\"https:\/\/www.radiopiu.net\/wordpress\/wp-content\/uploads\/2022\/06\/288540488_567528468260732_1479518395670710464_n-1-150x150.jpg\" class=\"attachment-thumbnail size-thumbnail\" alt=\"\" \/><\/a>\n\t\t\t\t<\/dt><\/dl><dl class='gallery-item'>\n\t\t\t\t<dt class='gallery-icon landscape'>\n\t\t\t\t\t<a class=\"rollover\" href='https:\/\/www.radiopiu.net\/wordpress\/giornale-radiopiu-22-giugno-2022-direttore-mirko-mezzacasa\/288662908_1795747347445231_800308390038520807_n\/'><img loading=\"lazy\" decoding=\"async\" width=\"150\" height=\"150\" src=\"https:\/\/www.radiopiu.net\/wordpress\/wp-content\/uploads\/2022\/06\/288662908_1795747347445231_800308390038520807_n-150x150.jpg\" class=\"attachment-thumbnail size-thumbnail\" alt=\"\" \/><\/a>\n\t\t\t\t<\/dt><\/dl><br style=\"clear: both\" \/>\n\t\t\t<\/div>\n\n<p>NELLE FOTO (riproduzioni dal libro \u201cIl Lavoro nelle Valli del Piave e del Vajont prima del 9 ottobre 1963\u201d): la copertina del prezioso volume; l\u2019autrice, Elda Deon Cardin; una ricevuta staccata dall\u2019impresa elettrica A. Cappellari-Bonato; carta intestata della Fabbrica Birra di Longarone; Longarone visto da Roggia in una cartolina del novembre 1917 spedita a Vienna da un soldato (foto Breveglieri, collezione Edc: Elda Deon Cardin); la fabbrica birra di Vittorio Pra Baldi e figlio, 1924-25; primo piano, in basso, delle \u201croste\u201d delle segherie (foto Burloni, collezione Ldb: Luigi De Bona Bic); villa Malcohn (cos\u00ec \u00e8 scritto nella cartolina \u2013 ndr.), nel giugno 1901 (foto Breveglieri, collezione Cdl: Cesare De Liberali); sulla destra l\u2019imbocco del ponte sul Piave per Codissago (foto Breveglieri, collezione Edc); fluitazione di tronchi verso le segherie (collezione Cfbr: Circolo fotografico Bruto Recalchi); anni \u201850: particolare delle Segherie Malcolm (collezione Cfbr); 10 gennaio 1953: cena sociale delle maestranze Malcolm Mariotti srl (collezione Ldb); \u201croste\u201d sul Piave a Fa\u00e8 (foto Breveglieri, collezione Cdl); Cartonificio G. Protti all\u2019inizio del \u2018800; particolare della \u201csala degli sfibratori\u201d; cartolina commemorativa dei primi 50 anni del Cartonificio (collezione So: Simone Osta).<\/p>\n<p>&nbsp;<\/p>\n<p>&nbsp;<\/p>\n<hr \/>\n<p>&nbsp;<\/p>\n<div>\n<div class=\"b654a4as d2edcug0\">\n<div class=\"rq0escxv hkbzh7o3 jwdofwj8 n8tt0mok r8blr3vg hyh9befq\">\n<p><a class=\"dt-pswp-item\" href=\"https:\/\/www.radiopiu.net\/wordpress\/wp-content\/uploads\/2020\/10\/pp.jpg\" data-dt-img-description=\"\" data-large_image_width=\"640\" data-large_image_height=\"640\"><img loading=\"lazy\" decoding=\"async\" class=\"wp-image-163678 alignleft\" src=\"https:\/\/www.radiopiu.net\/wordpress\/wp-content\/uploads\/2020\/10\/pp-300x300.jpg\" alt=\"\" width=\"106\" height=\"106\" srcset=\"https:\/\/www.radiopiu.net\/wordpress\/wp-content\/uploads\/2020\/10\/pp-300x300.jpg 300w, https:\/\/www.radiopiu.net\/wordpress\/wp-content\/uploads\/2020\/10\/pp-150x150.jpg 150w, https:\/\/www.radiopiu.net\/wordpress\/wp-content\/uploads\/2020\/10\/pp-125x125.jpg 125w, https:\/\/www.radiopiu.net\/wordpress\/wp-content\/uploads\/2020\/10\/pp-200x200.jpg 200w, https:\/\/www.radiopiu.net\/wordpress\/wp-content\/uploads\/2020\/10\/pp-80x80.jpg 80w, https:\/\/www.radiopiu.net\/wordpress\/wp-content\/uploads\/2020\/10\/pp-480x480.jpg 480w, https:\/\/www.radiopiu.net\/wordpress\/wp-content\/uploads\/2020\/10\/pp.jpg 640w\" sizes=\"auto, (max-width: 106px) 100vw, 106px\" \/><\/a><\/p>\n<\/div>\n<\/div>\n<\/div>\n<div>\n<div class=\"page-title-head hgroup\">\n<div class=\"page-title-head hgroup\">\n<div class=\"b654a4as d2edcug0\">\n<div class=\"j83agx80 btwxx1t3 lhclo0ds hop8lmos nkwizq5d scwd0bx6 roh60bw9\">\n<div class=\"rq0escxv hkbzh7o3 jwdofwj8 n8tt0mok r8blr3vg hyh9befq\">\n<div class=\"do00u71z l9j0dhe7 k4urcfbm\">\n<h2><span style=\"color: #000080;\">DON CESARE, IL PENSIERO DEL GIORNO. ALLA RADIO ALLE 7 DEL MATTINO E ALLE 19.30 DELLA SERA.\u00a0<\/span><\/h2>\n<p>&nbsp;<\/p>\n<\/div>\n<\/div>\n<\/div>\n<\/div>\n<\/div>\n<\/div>\n<\/div>\n<audio class=\"wp-audio-shortcode\" id=\"audio-282730-11\" preload=\"none\" style=\"width: 100%;\" controls=\"controls\"><source type=\"audio\/mpeg\" src=\"https:\/\/www.radiopiu.net\/wordpress\/wp-content\/uploads\/2022\/06\/CESARE-18.mp3?_=11\" \/><a href=\"https:\/\/www.radiopiu.net\/wordpress\/wp-content\/uploads\/2022\/06\/CESARE-18.mp3\">https:\/\/www.radiopiu.net\/wordpress\/wp-content\/uploads\/2022\/06\/CESARE-18.mp3<\/a><\/audio>\n<p>&nbsp;<\/p>\n<p>&nbsp;<\/p>\n<hr \/>\n<p>&nbsp;<\/p>\n<div class=\"do00u71z l9j0dhe7 k4urcfbm\">\n<div class=\"page-title-head hgroup\">\n<div class=\"page-title-head hgroup\">\n<div class=\"b654a4as d2edcug0\">\n<div class=\"j83agx80 btwxx1t3 lhclo0ds hop8lmos nkwizq5d scwd0bx6 roh60bw9\">\n<div class=\"rq0escxv hkbzh7o3 jwdofwj8 n8tt0mok r8blr3vg hyh9befq\">\n<div class=\"do00u71z l9j0dhe7 k4urcfbm\">\n<div class=\"page-title-head hgroup\">\n<div class=\"page-title-head hgroup\">\n<div class=\"b654a4as d2edcug0\">\n<div class=\"j83agx80 btwxx1t3 lhclo0ds hop8lmos nkwizq5d scwd0bx6 roh60bw9\">\n<div class=\"rq0escxv hkbzh7o3 jwdofwj8 n8tt0mok r8blr3vg hyh9befq\">\n<div class=\"do00u71z l9j0dhe7 k4urcfbm\">\n<div class=\"ecm0bbzt e5nlhep0 a8c37x1j\">\n<div class=\"kvgmc6g5 cxmmr5t8 oygrvhab hcukyx3x c1et5uql\">\n<div class=\"gmail-kvgmc6g5 gmail-cxmmr5t8 gmail-oygrvhab gmail-hcukyx3x gmail-c1et5uql gmail-ii04i59q\">\n<div class=\"page-title-head hgroup\">\n<div class=\"page-title-head hgroup\">\n<div class=\"b654a4as d2edcug0\">\n<div class=\"j83agx80 btwxx1t3 lhclo0ds hop8lmos nkwizq5d scwd0bx6 roh60bw9\">\n<div class=\"rq0escxv hkbzh7o3 jwdofwj8 n8tt0mok r8blr3vg hyh9befq\">\n<div class=\"do00u71z l9j0dhe7 k4urcfbm\">\n<div class=\"page-title-head hgroup\">\n<div class=\"page-title-head hgroup\">\n<div class=\"b654a4as d2edcug0\">\n<div class=\"j83agx80 btwxx1t3 lhclo0ds hop8lmos nkwizq5d scwd0bx6 roh60bw9\">\n<div class=\"rq0escxv hkbzh7o3 jwdofwj8 n8tt0mok r8blr3vg hyh9befq\">\n<div class=\"do00u71z l9j0dhe7 k4urcfbm\">\n<div class=\"page-title-head hgroup\">\n<div class=\"page-title-head hgroup\">\n<div class=\"b654a4as d2edcug0\">\n<div class=\"j83agx80 btwxx1t3 lhclo0ds hop8lmos nkwizq5d scwd0bx6 roh60bw9\">\n<div class=\"rq0escxv hkbzh7o3 jwdofwj8 n8tt0mok r8blr3vg hyh9befq\">\n<div class=\"do00u71z l9j0dhe7 k4urcfbm\">\n<div class=\"ecm0bbzt e5nlhep0 a8c37x1j\">\n<div class=\"kvgmc6g5 cxmmr5t8 oygrvhab hcukyx3x c1et5uql\">\n<div class=\"gmail-kvgmc6g5 gmail-cxmmr5t8 gmail-oygrvhab gmail-hcukyx3x gmail-c1et5uql gmail-ii04i59q\">\n<div class=\"page-title-head hgroup\">\n<div class=\"page-title-head hgroup\">\n<div class=\"b654a4as d2edcug0\">\n<div class=\"j83agx80 btwxx1t3 lhclo0ds hop8lmos nkwizq5d scwd0bx6 roh60bw9\">\n<div class=\"rq0escxv hkbzh7o3 jwdofwj8 n8tt0mok r8blr3vg hyh9befq\">\n<div class=\"do00u71z l9j0dhe7 k4urcfbm\">\n<blockquote>\n<h3><span style=\"color: #ff0000;\">IN VIVO VERSO,\u00a0 RIASCOLTIAMOLE DAL LUNEDI AL VENERDI ALLE 7.10, 10.10, 18 50<\/span><\/h3>\n<h3>RIASCOLTIAMOLE, STAGIONE 2019_2020 MICHELA EPIFANI &#8220;ACCOMODATI IN ME&#8221;<\/h3>\n<\/blockquote>\n<p><strong>AUDIO<\/strong><\/p>\n<audio class=\"wp-audio-shortcode\" id=\"audio-282730-12\" preload=\"none\" style=\"width: 100%;\" controls=\"controls\"><source type=\"audio\/mpeg\" src=\"https:\/\/www.radiopiu.net\/wordpress\/wp-content\/uploads\/2022\/06\/02-MARTEDI-MICHELA-EPIFANI-ACCOMADATI-IN-ME.mp3?_=12\" \/><a href=\"https:\/\/www.radiopiu.net\/wordpress\/wp-content\/uploads\/2022\/06\/02-MARTEDI-MICHELA-EPIFANI-ACCOMADATI-IN-ME.mp3\">https:\/\/www.radiopiu.net\/wordpress\/wp-content\/uploads\/2022\/06\/02-MARTEDI-MICHELA-EPIFANI-ACCOMADATI-IN-ME.mp3<\/a><\/audio>\n<p>&nbsp;<\/p>\n<p><img loading=\"lazy\" decoding=\"async\" class=\"\" src=\"https:\/\/www.radiopiu.net\/wordpress\/wp-content\/uploads\/2021\/11\/foto-michela-epifani-n-5-della-settimana-5-300x300.jpg\" width=\"144\" height=\"144\" \/><\/p>\n<p>&nbsp;<\/p>\n<h3><strong style=\"font-size: 14px;\">LA RACCOLTA COMPLETA<\/strong><\/h3>\n<blockquote class=\"wp-embedded-content\" data-secret=\"VRcy8FqbxT\"><p><a href=\"https:\/\/www.radiopiu.net\/wordpress\/in-vivo-verso\/\">In Vivo Verso<\/a><\/p><\/blockquote>\n<p><iframe loading=\"lazy\" class=\"wp-embedded-content\" sandbox=\"allow-scripts\" security=\"restricted\" style=\"position: absolute; clip: rect(1px, 1px, 1px, 1px);\" title=\"&#8220;In Vivo Verso&#8221; &#8212; Radio Pi\u00f9\" src=\"https:\/\/www.radiopiu.net\/wordpress\/in-vivo-verso\/embed\/#?secret=UCaAYlCnTO#?secret=VRcy8FqbxT\" data-secret=\"VRcy8FqbxT\" width=\"600\" height=\"338\" frameborder=\"0\" marginwidth=\"0\" marginheight=\"0\" scrolling=\"no\"><\/iframe><\/p>\n<p>&nbsp;<\/p>\n<hr \/>\n<p>&nbsp;<\/p>\n<p><span style=\"color: #0000ff;\">MUSICA PIU&#8217;\u00a0<\/span><\/p>\n<p><a href=\"https:\/\/www.radiopiu.net\/wordpress\/giornale-radiopiu-20-settembre-2021-direttore-mirko-mezzacasa\/pp-79\/\" rel=\"attachment wp-att-232921\"><img loading=\"lazy\" decoding=\"async\" class=\"wp-image-232921 alignleft\" src=\"https:\/\/www.radiopiu.net\/wordpress\/wp-content\/uploads\/2021\/09\/pp-1-300x300.jpg\" alt=\"\" width=\"135\" height=\"135\" srcset=\"https:\/\/www.radiopiu.net\/wordpress\/wp-content\/uploads\/2021\/09\/pp-1-300x300.jpg 300w, https:\/\/www.radiopiu.net\/wordpress\/wp-content\/uploads\/2021\/09\/pp-1-150x150.jpg 150w, https:\/\/www.radiopiu.net\/wordpress\/wp-content\/uploads\/2021\/09\/pp-1.jpg 640w\" sizes=\"auto, (max-width: 135px) 100vw, 135px\" \/><\/a><\/p>\n<div class=\"mkdf-post-text\">\n<div class=\"mkdf-post-text-inner\">\n<div class=\"mkdf-post-text-main\">\n<div class=\"mkdf-post-text\">\n<div class=\"mkdf-post-text-inner\">\n<div class=\"mkdf-post-text-main\">\n<div class=\"mkdf-post-text\">\n<div class=\"mkdf-post-text-inner\">\n<div class=\"mkdf-post-text-main\">\n<div class=\"page-title-head hgroup\">\n<div class=\"page-title-head hgroup\">\n<div class=\"mkdf-post-text\">\n<div class=\"mkdf-post-text-inner\">\n<div class=\"mkdf-post-text-main\">\n<div class=\"mkdf-post-text\">\n<div class=\"mkdf-post-text-inner\">\n<div class=\"mkdf-post-text-main\">\n<div class=\"page-title-head hgroup\">\n<div class=\"page-title-head hgroup\">\n<div class=\"page-title-head hgroup\">\n<div class=\"page-title-head hgroup\">\n<div class=\"b654a4as d2edcug0\">\n<div class=\"page-title-head hgroup\">\n<div class=\"page-title-head hgroup\">\n<div class=\"page-title-head hgroup\">\n<div class=\"page-title-head hgroup\">\n<div class=\"b654a4as d2edcug0\">\n<div class=\"page-title-head hgroup\">\n<div class=\"page-title-head hgroup\">\n<div class=\"page-title-head hgroup\">\n<div class=\"page-title-head hgroup\">\n<div class=\"b654a4as d2edcug0\">\n<div class=\"mkdf-post-text\">\n<div class=\"mkdf-post-text-inner\">\n<div class=\"mkdf-post-text-main\">\n<div class=\"mkdf-post-text\">\n<div class=\"mkdf-post-text-inner\">\n<div class=\"mkdf-post-text-main\">\n<div class=\"mkdf-post-text\">\n<div class=\"mkdf-post-text-inner\">\n<div class=\"mkdf-post-text-main\">\n<div class=\"page-title-head hgroup\">\n<div class=\"page-title-head hgroup\">\n<div class=\"mkdf-post-text\">\n<div class=\"mkdf-post-text-inner\">\n<div class=\"mkdf-post-text-main\">\n<div class=\"mkdf-post-text\">\n<div class=\"mkdf-post-text-inner\">\n<div class=\"mkdf-post-text-main\">\n<div class=\"page-title-head hgroup\">\n<div class=\"page-title-head hgroup\">\n<div class=\"page-title-head hgroup\">\n<div class=\"page-title-head hgroup\">\n<div class=\"b654a4as d2edcug0\">\n<div class=\"page-title-head hgroup\">\n<div class=\"page-title-head hgroup\">\n<div class=\"page-title-head hgroup\">\n<div class=\"page-title-head hgroup\">\n<div class=\"b654a4as d2edcug0\">\n<div class=\"page-title-head hgroup\">\n<div class=\"page-title-head hgroup\">\n<div class=\"page-title-head hgroup\">\n<div class=\"page-title-head hgroup\">\n<div class=\"b654a4as d2edcug0\">\n<div><\/div>\n<div><\/div>\n<div>\n<p><strong>MUSICA ALLA RADIO, IL PROGRAMMA DI LORIS SCUSSEL &#8220;COLLAGE OPERAZIONE NOSTALGIA&#8221; DAL LUNEDI AL VENERDI ALLE 16.00\u00a0 E ALLE 23\u00a0<\/strong><\/p>\n<p>&nbsp;<\/p>\n<p><b>\u00a0REPLICHE, PUNTATE<\/b><\/p>\n<p><b> 353<\/b><\/p>\n<audio class=\"wp-audio-shortcode\" id=\"audio-282730-13\" preload=\"none\" style=\"width: 100%;\" controls=\"controls\"><source type=\"audio\/mpeg\" src=\"https:\/\/www.radiopiu.net\/wordpress\/wp-content\/uploads\/2022\/06\/353.mp3?_=13\" \/><a href=\"https:\/\/www.radiopiu.net\/wordpress\/wp-content\/uploads\/2022\/06\/353.mp3\">https:\/\/www.radiopiu.net\/wordpress\/wp-content\/uploads\/2022\/06\/353.mp3<\/a><\/audio>\n<p>&nbsp;<\/p>\n<p><b>354<\/b><\/p>\n<\/div>\n<\/div>\n<audio class=\"wp-audio-shortcode\" id=\"audio-282730-14\" preload=\"none\" style=\"width: 100%;\" controls=\"controls\"><source type=\"audio\/mpeg\" src=\"https:\/\/www.radiopiu.net\/wordpress\/wp-content\/uploads\/2022\/06\/354.mp3?_=14\" \/><a href=\"https:\/\/www.radiopiu.net\/wordpress\/wp-content\/uploads\/2022\/06\/354.mp3\">https:\/\/www.radiopiu.net\/wordpress\/wp-content\/uploads\/2022\/06\/354.mp3<\/a><\/audio>\n<p>&nbsp;<\/p>\n<p><strong><a class=\"dt-pswp-item\" href=\"https:\/\/www.radiopiu.net\/wordpress\/wp-content\/uploads\/2022\/06\/ADRIANO-CELENTANO-azzurro-LP-1968-ORIGINAL-CLAN-CELENTANO.jpg\" data-dt-img-description=\"\" data-large_image_width=\"400\" data-large_image_height=\"266\"><img loading=\"lazy\" decoding=\"async\" class=\"size-thumbnail wp-image-282427 alignleft\" src=\"https:\/\/www.radiopiu.net\/wordpress\/wp-content\/uploads\/2022\/06\/ADRIANO-CELENTANO-azzurro-LP-1968-ORIGINAL-CLAN-CELENTANO-150x150.jpg\" alt=\"\" width=\"150\" height=\"150\" \/><\/a>di Loris Scussel<\/strong><\/p>\n<p>Con la puntata n\u00b0630 andata in onda venerd\u00ec scorso \u00e8 terminata anche la terza serie di Collage che ora si fermer\u00e0 per la pausa estiva in attesa di riprendere in autunno la programmazione abituale con la quarta serie con l\u2019obiettivo di raggiungere quota 1.000, nel frattempo il programma manterr\u00e0 i propri spazi con la messa in onda delle repliche. La novit\u00e0 \u00e8 che ogni giorno verranno proposte due diverse puntate che vi invitiamo a riascoltare insieme a noi. In questa prima settimana troveremo tra l\u2019altro una trasmissione dedicata al Juke Box, una ai complessi italiani, una alle date del calendario oltre ad una nutrita selezione di successi internazionali. Collage va in onda dal luned\u00ec al venerd\u00ec alle 16,00 e alle 23,00 naturalmente su Radio Pi\u00f9.<\/p>\n<p>&nbsp;<\/p>\n<p>&nbsp;<\/p>\n<div class=\"b654a4as d2edcug0\">\n<hr \/>\n<\/div>\n<\/div>\n<\/div>\n<\/div>\n<\/div>\n<\/div>\n<\/div>\n<\/div>\n<\/div>\n<\/div>\n<\/div>\n<\/div>\n<\/div>\n<\/div>\n<\/div>\n<\/div>\n<\/div>\n<\/div>\n<\/div>\n<\/div>\n<\/div>\n<\/div>\n<\/div>\n<\/div>\n<\/div>\n<\/div>\n<\/div>\n<\/div>\n<\/div>\n<\/div>\n<\/div>\n<\/div>\n<\/div>\n<\/div>\n<\/div>\n<\/div>\n<\/div>\n<\/div>\n<\/div>\n<\/div>\n<\/div>\n<\/div>\n<\/div>\n<\/div>\n<\/div>\n<\/div>\n<\/div>\n<\/div>\n<\/div>\n<\/div>\n<\/div>\n<\/div>\n<\/div>\n<\/div>\n<\/div>\n<\/div>\n<\/div>\n<\/div>\n<\/div>\n<\/div>\n<\/div>\n<\/div>\n<\/div>\n<\/div>\n<p>&nbsp;<\/p>\n<blockquote>\n<h3><span style=\"color: #0000ff;\">RADIO PIU INFORMAZIONE il canale su TELEGRAM informazione di prima mano e in tempo reale. iscriviti ed aiutaci a farlo conoscere\u00a0\u00a0<\/span><\/h3>\n<\/blockquote>\n<div>\n<div class=\"page-title-head hgroup\">\n<div class=\"page-title-head hgroup\">\n<div class=\"page-title-head hgroup\">\n<div class=\"page-title-head hgroup\">\n<div class=\"b654a4as d2edcug0\">\n<div class=\"page-title-head hgroup\">\n<div class=\"page-title-head hgroup\">\n<div class=\"page-title-head hgroup\">\n<div class=\"page-title-head hgroup\">\n<div class=\"b654a4as d2edcug0\">\n<div class=\"page-title-head hgroup\">\n<div class=\"page-title-head hgroup\">\n<div class=\"page-title-head hgroup\">\n<div class=\"page-title-head hgroup\">\n<div class=\"page-title-head hgroup\">\n<div class=\"page-title-head hgroup\">\n<div class=\"page-title-head hgroup\">\n<div class=\"page-title-head hgroup\">\n<div class=\"page-title-head hgroup\">\n<div class=\"b654a4as d2edcug0\">\n<div class=\"page-title-head hgroup\">\n<div class=\"page-title-head hgroup\">\n<div class=\"page-title-head hgroup\">\n<div class=\"page-title-head hgroup\">\n<div class=\"b654a4as d2edcug0\">\n<div><\/div>\n<div>\n<div class=\"page-title-head hgroup\">\n<div class=\"page-title-head hgroup\">\n<div class=\"page-title-head hgroup\">\n<div class=\"page-title-head hgroup\">\n<div class=\"page-title-head hgroup\">\n<div class=\"mkdf-post-text\">\n<div class=\"mkdf-post-text-inner\">\n<div class=\"mkdf-post-text-main\">\n<div class=\"mkdf-post-text\">\n<div class=\"mkdf-post-text-inner\">\n<div class=\"mkdf-post-text-main\">\n<div class=\"mkdf-post-text\">\n<div class=\"mkdf-post-text-inner\">\n<div class=\"mkdf-post-text-main\">\n<div class=\"page-title-head hgroup\">\n<div class=\"page-title-head hgroup\">\n<div class=\"mkdf-post-text\">\n<div class=\"mkdf-post-text-inner\">\n<div class=\"mkdf-post-text-main\">\n<div class=\"mkdf-post-text\">\n<div class=\"mkdf-post-text-inner\">\n<div class=\"mkdf-post-text-main\">\n<div class=\"page-title-head hgroup\">\n<div class=\"page-title-head hgroup\">\n<div class=\"page-title-head hgroup\">\n<div class=\"page-title-head hgroup\">\n<div class=\"b654a4as d2edcug0\">\n<div class=\"page-title-head hgroup\">\n<div class=\"page-title-head hgroup\">\n<div class=\"page-title-head hgroup\">\n<div class=\"page-title-head hgroup\">\n<div class=\"b654a4as d2edcug0\">\n<div class=\"page-title-head hgroup\">\n<div class=\"page-title-head hgroup\">\n<div class=\"page-title-head hgroup\">\n<p>&nbsp;<\/p>\n<div>\n<div class=\"page-title-head hgroup\">\n<div class=\"page-title-head hgroup\">\n<div class=\"b654a4as d2edcug0\">\n<div class=\"j83agx80 btwxx1t3 lhclo0ds hop8lmos nkwizq5d scwd0bx6 roh60bw9\">\n<div class=\"rq0escxv hkbzh7o3 jwdofwj8 n8tt0mok r8blr3vg hyh9befq\">\n<div class=\"do00u71z l9j0dhe7 k4urcfbm\">\n<div class=\"page-title-head hgroup\">\n<div class=\"page-title-head hgroup\">\n<div class=\"b654a4as d2edcug0\">\n<div class=\"j83agx80 btwxx1t3 lhclo0ds hop8lmos nkwizq5d scwd0bx6 roh60bw9\">\n<div class=\"rq0escxv hkbzh7o3 jwdofwj8 n8tt0mok r8blr3vg hyh9befq\">\n<div class=\"do00u71z l9j0dhe7 k4urcfbm\">\n<div class=\"ecm0bbzt e5nlhep0 a8c37x1j\">\n<div class=\"kvgmc6g5 cxmmr5t8 oygrvhab hcukyx3x c1et5uql\">\n<div class=\"gmail-kvgmc6g5 gmail-cxmmr5t8 gmail-oygrvhab gmail-hcukyx3x gmail-c1et5uql gmail-ii04i59q\">\n<div class=\"page-title-head hgroup\">\n<div class=\"page-title-head hgroup\">\n<div class=\"b654a4as d2edcug0\">\n<div class=\"j83agx80 btwxx1t3 lhclo0ds hop8lmos nkwizq5d scwd0bx6 roh60bw9\">\n<div class=\"rq0escxv hkbzh7o3 jwdofwj8 n8tt0mok r8blr3vg hyh9befq\">\n<div class=\"do00u71z l9j0dhe7 k4urcfbm\">\n<div class=\"page-title-head hgroup\">\n<div class=\"page-title-head hgroup\">\n<div class=\"b654a4as d2edcug0\">\n<div class=\"j83agx80 btwxx1t3 lhclo0ds hop8lmos nkwizq5d scwd0bx6 roh60bw9\">\n<div class=\"rq0escxv hkbzh7o3 jwdofwj8 n8tt0mok r8blr3vg hyh9befq\">\n<div class=\"do00u71z l9j0dhe7 k4urcfbm\">\n<div class=\"page-title-head hgroup\">\n<div class=\"page-title-head hgroup\">\n<div class=\"b654a4as d2edcug0\">\n<div class=\"j83agx80 btwxx1t3 lhclo0ds hop8lmos nkwizq5d scwd0bx6 roh60bw9\">\n<div class=\"rq0escxv hkbzh7o3 jwdofwj8 n8tt0mok r8blr3vg hyh9befq\">\n<div class=\"do00u71z l9j0dhe7 k4urcfbm\">\n<div class=\"ecm0bbzt e5nlhep0 a8c37x1j\">\n<div class=\"kvgmc6g5 cxmmr5t8 oygrvhab hcukyx3x c1et5uql\">\n<div class=\"gmail-kvgmc6g5 gmail-cxmmr5t8 gmail-oygrvhab gmail-hcukyx3x gmail-c1et5uql gmail-ii04i59q\">\n<div class=\"page-title-head hgroup\">\n<div class=\"page-title-head hgroup\">\n<div class=\"b654a4as d2edcug0\">\n<div class=\"j83agx80 btwxx1t3 lhclo0ds hop8lmos nkwizq5d scwd0bx6 roh60bw9\">\n<div class=\"rq0escxv hkbzh7o3 jwdofwj8 n8tt0mok r8blr3vg hyh9befq\">\n<div class=\"do00u71z l9j0dhe7 k4urcfbm\">\n<div class=\"page-title-head hgroup\">\n<div class=\"page-title-head hgroup\">\n<div class=\"page-title-head hgroup\">\n<div class=\"page-title-head hgroup\">\n<div class=\"b654a4as d2edcug0\">\n<div class=\"page-title-head hgroup\">\n<div class=\"page-title-head hgroup\">\n<div class=\"page-title-head hgroup\">\n<div class=\"page-title-head hgroup\">\n<div class=\"b654a4as d2edcug0\">\n<div class=\"page-title-head hgroup\">\n<div class=\"page-title-head hgroup\">\n<div class=\"page-title-head hgroup\">\n<div class=\"page-title-head hgroup\">\n<div class=\"page-title-head hgroup\">\n<div class=\"page-title-head hgroup\">\n<div class=\"page-title-head hgroup\">\n<div class=\"page-title-head hgroup\">\n<div class=\"page-title-head hgroup\">\n<div class=\"b654a4as d2edcug0\">\n<div class=\"page-title-head hgroup\">\n<div class=\"page-title-head hgroup\">\n<div class=\"page-title-head hgroup\">\n<div class=\"page-title-head hgroup\">\n<div class=\"b654a4as d2edcug0\">\n<div class=\"page-title-head hgroup\">\n<div class=\"page-title-head hgroup\">\n<div class=\"page-title-head hgroup\">\n<div class=\"page-title-head hgroup\">\n<div class=\"page-title-head hgroup\">\n<div class=\"mkdf-post-text\">\n<div class=\"mkdf-post-text-inner\">\n<div class=\"mkdf-post-text-main\">\n<div class=\"mkdf-post-text\">\n<div class=\"mkdf-post-text-inner\">\n<div class=\"mkdf-post-text-main\">\n<div class=\"mkdf-post-text\">\n<div class=\"mkdf-post-text-inner\">\n<div class=\"mkdf-post-text-main\">\n<div class=\"page-title-head hgroup\">\n<div class=\"page-title-head hgroup\">\n<div class=\"mkdf-post-text\">\n<div class=\"mkdf-post-text-inner\">\n<div class=\"mkdf-post-text-main\">\n<div class=\"mkdf-post-text\">\n<div class=\"mkdf-post-text-inner\">\n<div class=\"mkdf-post-text-main\">\n<div class=\"page-title-head hgroup\">\n<div class=\"page-title-head hgroup\">\n<div class=\"page-title-head hgroup\">\n<div class=\"page-title-head hgroup\">\n<div class=\"b654a4as d2edcug0\">\n<div class=\"page-title-head hgroup\">\n<div class=\"page-title-head hgroup\">\n<div class=\"page-title-head hgroup\">\n<div class=\"page-title-head hgroup\">\n<div class=\"b654a4as d2edcug0\">\n<div class=\"page-title-head hgroup\">\n<div class=\"page-title-head hgroup\">\n<div class=\"page-title-head hgroup\">\n<div class=\"page-title-head hgroup\">\n<div class=\"b654a4as d2edcug0\">\n<div class=\"ecm0bbzt e5nlhep0 a8c37x1j\">\n<div class=\"kvgmc6g5 cxmmr5t8 oygrvhab hcukyx3x c1et5uql\">\n<div class=\"gmail-kvgmc6g5 gmail-cxmmr5t8 gmail-oygrvhab gmail-hcukyx3x gmail-c1et5uql gmail-ii04i59q\">\n<div class=\"page-title-head hgroup\">\n<div class=\"page-title-head hgroup\">\n<div class=\"b654a4as d2edcug0\">\n<div class=\"j83agx80 btwxx1t3 lhclo0ds hop8lmos nkwizq5d scwd0bx6 roh60bw9\">\n<div class=\"rq0escxv hkbzh7o3 jwdofwj8 n8tt0mok r8blr3vg hyh9befq\">\n<div class=\"do00u71z l9j0dhe7 k4urcfbm\">\n<div class=\"page-title-head hgroup\">\n<div class=\"page-title-head hgroup\">\n<div class=\"page-title-head hgroup\">\n<div class=\"page-title-head hgroup\">\n<div class=\"b654a4as d2edcug0\">\n<div class=\"page-title-head hgroup\">\n<div class=\"page-title-head hgroup\">\n<div class=\"page-title-head hgroup\">\n<div class=\"page-title-head hgroup\">\n<div class=\"b654a4as d2edcug0\">\n<div class=\"page-title-head hgroup\">\n<div class=\"page-title-head hgroup\">\n<div class=\"page-title-head hgroup\">\n<div class=\"page-title-head hgroup\">\n<div class=\"page-title-head hgroup\">\n<div class=\"page-title-head hgroup\">\n<div class=\"page-title-head hgroup\">\n<div class=\"page-title-head hgroup\">\n<div class=\"page-title-head hgroup\">\n<div class=\"b654a4as d2edcug0\">\n<div class=\"page-title-head hgroup\">\n<div class=\"page-title-head hgroup\">\n<div class=\"page-title-head hgroup\">\n<div class=\"page-title-head hgroup\">\n<div class=\"b654a4as d2edcug0\">\n<div class=\"page-title-head hgroup\">\n<div class=\"page-title-head hgroup\">\n<div class=\"page-title-head hgroup\">\n<div class=\"page-title-head hgroup\">\n<div class=\"page-title-head hgroup\">\n<div class=\"mkdf-post-text\">\n<div class=\"mkdf-post-text-inner\">\n<div class=\"mkdf-post-text-main\">\n<div class=\"mkdf-post-text\">\n<div class=\"mkdf-post-text-inner\">\n<div class=\"mkdf-post-text-main\">\n<div class=\"mkdf-post-text\">\n<div class=\"mkdf-post-text-inner\">\n<div class=\"mkdf-post-text-main\">\n<div class=\"page-title-head hgroup\">\n<div class=\"page-title-head hgroup\">\n<div class=\"mkdf-post-text\">\n<div class=\"mkdf-post-text-inner\">\n<div class=\"mkdf-post-text-main\">\n<div class=\"mkdf-post-text\">\n<div class=\"mkdf-post-text-inner\">\n<div class=\"mkdf-post-text-main\">\n<div class=\"page-title-head hgroup\">\n<div class=\"page-title-head hgroup\">\n<div class=\"page-title-head hgroup\">\n<div class=\"page-title-head hgroup\">\n<div class=\"b654a4as d2edcug0\">\n<div class=\"page-title-head hgroup\">\n<div class=\"page-title-head hgroup\">\n<div class=\"page-title-head hgroup\">\n<div class=\"page-title-head hgroup\">\n<div class=\"b654a4as d2edcug0\">\n<div class=\"page-title-head hgroup\">\n<div class=\"page-title-head hgroup\">\n<div class=\"page-title-head hgroup\">\n<div class=\"page-title-head hgroup\">\n<div class=\"b654a4as d2edcug0\">\n<hr \/>\n<p>&nbsp;<\/p>\n<div>\n<p><strong>DUE MINUTI UN LIBRO, TUTTI I GIORNI ALLA RADIO ALLE 9.40 E ALLE 17.50\u00a0\u00a0<\/strong><\/p>\n<div>\n<div>\n<p><strong>LA RACCOLTA COMPLETA\u00a0\u00a0<\/strong><\/p>\n<\/div>\n<\/div>\n<\/div>\n<div class=\"mkdf-post-text\">\n<div class=\"mkdf-post-text-inner\">\n<div class=\"mkdf-post-text-main\">\n<div class=\"mkdf-post-text\">\n<div class=\"mkdf-post-text-inner\">\n<div class=\"mkdf-post-text-main\">\n<div class=\"mkdf-post-text\">\n<div class=\"mkdf-post-text-inner\">\n<div class=\"mkdf-post-text-main\">\n<div class=\"page-title-head hgroup\">\n<div class=\"page-title-head hgroup\">\n<div class=\"mkdf-post-text\">\n<div class=\"mkdf-post-text-inner\">\n<div class=\"mkdf-post-text-main\">\n<div class=\"mkdf-post-text\">\n<div class=\"mkdf-post-text-inner\">\n<div class=\"mkdf-post-text-main\">\n<div class=\"page-title-head hgroup\">\n<div class=\"page-title-head hgroup\">\n<div class=\"page-title-head hgroup\">\n<div class=\"page-title-head hgroup\">\n<div class=\"b654a4as d2edcug0\">\n<div class=\"page-title-head hgroup\">\n<div class=\"page-title-head hgroup\">\n<div class=\"page-title-head hgroup\">\n<div class=\"page-title-head hgroup\">\n<div class=\"b654a4as d2edcug0\">\n<div class=\"page-title-head hgroup\">\n<div class=\"page-title-head hgroup\">\n<div class=\"page-title-head hgroup\">\n<div class=\"page-title-head hgroup\">\n<div class=\"b654a4as d2edcug0\">\n<div>\n<blockquote class=\"wp-embedded-content\" data-secret=\"A0qvtTMOuD\"><p><a href=\"https:\/\/www.radiopiu.net\/wordpress\/due-minuti-un-libro\/\">Due minuti un libro<\/a><\/p><\/blockquote>\n<p><iframe loading=\"lazy\" class=\"wp-embedded-content\" sandbox=\"allow-scripts\" security=\"restricted\" style=\"position: absolute; clip: rect(1px, 1px, 1px, 1px);\" title=\"&#8220;Due minuti un libro&#8221; &#8212; Radio Pi\u00f9\" src=\"https:\/\/www.radiopiu.net\/wordpress\/due-minuti-un-libro\/embed\/#?secret=odTDHQ7rDK#?secret=A0qvtTMOuD\" data-secret=\"A0qvtTMOuD\" width=\"600\" height=\"338\" frameborder=\"0\" marginwidth=\"0\" marginheight=\"0\" scrolling=\"no\"><\/iframe><\/p>\n<p>&nbsp;<\/p>\n<\/div>\n<div>\n<hr \/>\n<p>&nbsp;<\/p>\n<\/div>\n<h2><span style=\"color: #808000;\">L&#8217;ALMANACCO LADINO\u00a0<\/span><\/h2>\n<p><strong>LA PUNTATA DEL 20 GIUGNO 2022<br \/>\n<\/strong><\/p>\n<audio class=\"wp-audio-shortcode\" id=\"audio-282730-15\" preload=\"none\" style=\"width: 100%;\" controls=\"controls\"><source type=\"audio\/mpeg\" src=\"https:\/\/www.radiopiu.net\/wordpress\/wp-content\/uploads\/2022\/06\/86\u00b0Almanach-Ladin_fodom.mp3?_=15\" \/><a href=\"https:\/\/www.radiopiu.net\/wordpress\/wp-content\/uploads\/2022\/06\/86\u00b0Almanach-Ladin_fodom.mp3\">https:\/\/www.radiopiu.net\/wordpress\/wp-content\/uploads\/2022\/06\/86\u00b0Almanach-Ladin_fodom.mp3<\/a><\/audio>\n<p><strong>\u00a0<\/strong><\/p>\n<p><strong>\u00a0<\/strong><\/p>\n<p><strong>LA RACCOLTA<\/strong><\/p>\n<blockquote class=\"wp-embedded-content\" data-secret=\"3UenDilEY5\"><p><a href=\"https:\/\/www.radiopiu.net\/wordpress\/almanacco-ladino\/\">Almanacco Ladino<\/a><\/p><\/blockquote>\n<p><iframe loading=\"lazy\" class=\"wp-embedded-content\" sandbox=\"allow-scripts\" security=\"restricted\" style=\"position: absolute; clip: rect(1px, 1px, 1px, 1px);\" title=\"&#8220;Almanacco Ladino&#8221; &#8212; Radio Pi\u00f9\" src=\"https:\/\/www.radiopiu.net\/wordpress\/almanacco-ladino\/embed\/#?secret=eI41uUI55s#?secret=3UenDilEY5\" data-secret=\"3UenDilEY5\" width=\"600\" height=\"338\" frameborder=\"0\" marginwidth=\"0\" marginheight=\"0\" scrolling=\"no\"><\/iframe><\/p>\n<p>&nbsp;<\/p>\n<hr \/>\n<p><span style=\"color: #33cccc;\">\u00a0<span style=\"color: #000000;\">\u00a0<\/span><\/span><\/p>\n<h2><span style=\"color: #800000;\">GIROVAGANDO IN E-BIKE 2022<\/span><\/h2>\n<p><strong>LA RACCOLTA<\/strong><\/p>\n<blockquote class=\"wp-embedded-content\" data-secret=\"giVI3qRqjU\"><p><a href=\"https:\/\/www.radiopiu.net\/wordpress\/girovagando-in-e-bike-tra-le-dolomiti\/\">GIROVAGANDO IN E BIKE TRA LE DOLOMITI<\/a><\/p><\/blockquote>\n<p><iframe loading=\"lazy\" class=\"wp-embedded-content\" sandbox=\"allow-scripts\" security=\"restricted\" style=\"position: absolute; clip: rect(1px, 1px, 1px, 1px);\" title=\"&#8220;GIROVAGANDO IN E BIKE TRA LE DOLOMITI&#8221; &#8212; Radio Pi\u00f9\" src=\"https:\/\/www.radiopiu.net\/wordpress\/girovagando-in-e-bike-tra-le-dolomiti\/embed\/#?secret=uOz7GTsLw4#?secret=giVI3qRqjU\" data-secret=\"giVI3qRqjU\" width=\"600\" height=\"338\" frameborder=\"0\" marginwidth=\"0\" marginheight=\"0\" scrolling=\"no\"><\/iframe><\/p>\n<p>&nbsp;<\/p>\n<hr \/>\n<p>&nbsp;<\/p>\n<h2><span style=\"color: #33cccc;\">LA RASSEGNA STAMPA DA L&#8217;AMICO DEL POPOLO<\/span><\/h2>\n<p><strong><a class=\"dt-pswp-item\" href=\"https:\/\/www.radiopiu.net\/wordpress\/wp-content\/uploads\/2020\/12\/LUISA-MANFROI.jpg\" data-dt-img-description=\"\" data-large_image_width=\"958\" data-large_image_height=\"960\"><img loading=\"lazy\" decoding=\"async\" class=\"size-thumbnail wp-image-181500 alignleft\" src=\"https:\/\/www.radiopiu.net\/wordpress\/wp-content\/uploads\/2020\/12\/LUISA-MANFROI-150x150.jpg\" alt=\"\" width=\"150\" height=\"150\" srcset=\"https:\/\/www.radiopiu.net\/wordpress\/wp-content\/uploads\/2020\/12\/LUISA-MANFROI-150x150.jpg 150w, https:\/\/www.radiopiu.net\/wordpress\/wp-content\/uploads\/2020\/12\/LUISA-MANFROI-300x300.jpg 300w, https:\/\/www.radiopiu.net\/wordpress\/wp-content\/uploads\/2020\/12\/LUISA-MANFROI-768x770.jpg 768w, https:\/\/www.radiopiu.net\/wordpress\/wp-content\/uploads\/2020\/12\/LUISA-MANFROI.jpg 958w\" sizes=\"auto, (max-width: 150px) 100vw, 150px\" \/><\/a>di Gianni Santomaso<\/strong><\/p>\n<p>OSPITE: Luisa Manfroi<\/p>\n<audio class=\"wp-audio-shortcode\" id=\"audio-282730-16\" preload=\"none\" style=\"width: 100%;\" controls=\"controls\"><source type=\"audio\/mpeg\" src=\"https:\/\/www.radiopiu.net\/wordpress\/wp-content\/uploads\/2022\/06\/RASSEGNA-GIANNI-2.mp3?_=16\" \/><a href=\"https:\/\/www.radiopiu.net\/wordpress\/wp-content\/uploads\/2022\/06\/RASSEGNA-GIANNI-2.mp3\">https:\/\/www.radiopiu.net\/wordpress\/wp-content\/uploads\/2022\/06\/RASSEGNA-GIANNI-2.mp3<\/a><\/audio>\n<p>&nbsp;<\/p>\n<p><strong>LA RACCOLTA COMPLETA<\/strong><\/p>\n<blockquote class=\"wp-embedded-content\" data-secret=\"8WbHBIQi3X\"><p><a href=\"https:\/\/www.radiopiu.net\/wordpress\/rassegna-stampa-di-gianni-santomaso\/\">Rassegna stampa da l&#8217;amico del popolo &#8211; di Gianni Santomaso<\/a><\/p><\/blockquote>\n<p><iframe loading=\"lazy\" class=\"wp-embedded-content\" sandbox=\"allow-scripts\" security=\"restricted\" style=\"position: absolute; clip: rect(1px, 1px, 1px, 1px);\" title=\"&#8220;Rassegna stampa da l&#8217;amico del popolo &#8211; di Gianni Santomaso&#8221; &#8212; Radio Pi\u00f9\" src=\"https:\/\/www.radiopiu.net\/wordpress\/rassegna-stampa-di-gianni-santomaso\/embed\/#?secret=zjJnNPhjjP#?secret=8WbHBIQi3X\" data-secret=\"8WbHBIQi3X\" width=\"600\" height=\"338\" frameborder=\"0\" marginwidth=\"0\" marginheight=\"0\" scrolling=\"no\"><\/iframe><\/p>\n<p>&nbsp;<\/p>\n<hr \/>\n<p>&nbsp;<\/p>\n<div>\n<div class=\"page-title-head hgroup\">\n<div class=\"page-title-head hgroup\">\n<div class=\"b654a4as d2edcug0\">\n<div class=\"j83agx80 btwxx1t3 lhclo0ds hop8lmos nkwizq5d scwd0bx6 roh60bw9\">\n<div class=\"rq0escxv hkbzh7o3 jwdofwj8 n8tt0mok r8blr3vg hyh9befq\">\n<div class=\"do00u71z l9j0dhe7 k4urcfbm\">\n<div class=\"ecm0bbzt e5nlhep0 a8c37x1j\">\n<div class=\"kvgmc6g5 cxmmr5t8 oygrvhab hcukyx3x c1et5uql\">\n<div class=\"gmail-kvgmc6g5 gmail-cxmmr5t8 gmail-oygrvhab gmail-hcukyx3x gmail-c1et5uql gmail-ii04i59q\">\n<div class=\"page-title-head hgroup\">\n<div class=\"page-title-head hgroup\">\n<div class=\"b654a4as d2edcug0\">\n<div class=\"j83agx80 btwxx1t3 lhclo0ds hop8lmos nkwizq5d scwd0bx6 roh60bw9\">\n<div class=\"rq0escxv hkbzh7o3 jwdofwj8 n8tt0mok r8blr3vg hyh9befq\">\n<div class=\"do00u71z l9j0dhe7 k4urcfbm\">\n<div class=\"page-title-head hgroup\">\n<div class=\"page-title-head hgroup\">\n<div class=\"page-title-head hgroup\">\n<div class=\"page-title-head hgroup\">\n<div class=\"b654a4as d2edcug0\">\n<div class=\"page-title-head hgroup\">\n<div class=\"page-title-head hgroup\">\n<div class=\"page-title-head hgroup\">\n<div class=\"page-title-head hgroup\">\n<div class=\"b654a4as d2edcug0\">\n<div class=\"page-title-head hgroup\">\n<div class=\"page-title-head hgroup\">\n<div class=\"page-title-head hgroup\">\n<div class=\"page-title-head hgroup\">\n<div class=\"page-title-head hgroup\">\n<div class=\"page-title-head hgroup\">\n<div class=\"page-title-head hgroup\">\n<div class=\"page-title-head hgroup\">\n<div class=\"page-title-head hgroup\">\n<div class=\"b654a4as d2edcug0\">\n<div class=\"page-title-head hgroup\">\n<div class=\"page-title-head hgroup\">\n<div class=\"page-title-head hgroup\">\n<div class=\"page-title-head hgroup\">\n<div class=\"b654a4as d2edcug0\">\n<div class=\"page-title-head hgroup\">\n<div class=\"page-title-head hgroup\">\n<div class=\"page-title-head hgroup\">\n<div class=\"page-title-head hgroup\">\n<div class=\"page-title-head hgroup\">\n<div class=\"mkdf-post-text\">\n<div class=\"mkdf-post-text-inner\">\n<div class=\"mkdf-post-text-main\">\n<div class=\"mkdf-post-text\">\n<div class=\"mkdf-post-text-inner\">\n<div class=\"mkdf-post-text-main\">\n<div class=\"mkdf-post-text\">\n<div class=\"mkdf-post-text-inner\">\n<div class=\"mkdf-post-text-main\">\n<div class=\"page-title-head hgroup\">\n<div class=\"page-title-head hgroup\">\n<div class=\"mkdf-post-text\">\n<div class=\"mkdf-post-text-inner\">\n<div class=\"mkdf-post-text-main\">\n<div class=\"mkdf-post-text\">\n<div class=\"mkdf-post-text-inner\">\n<div class=\"mkdf-post-text-main\">\n<div class=\"page-title-head hgroup\">\n<div class=\"page-title-head hgroup\">\n<div class=\"page-title-head hgroup\">\n<div class=\"page-title-head hgroup\">\n<div class=\"b654a4as d2edcug0\">\n<div class=\"page-title-head hgroup\">\n<div class=\"page-title-head hgroup\">\n<div class=\"page-title-head hgroup\">\n<div class=\"page-title-head hgroup\">\n<div class=\"b654a4as d2edcug0\">\n<div class=\"page-title-head hgroup\">\n<div class=\"page-title-head hgroup\">\n<div class=\"page-title-head hgroup\">\n<div class=\"page-title-head hgroup\">\n<div class=\"b654a4as d2edcug0\">\n<h2><span style=\"color: #800080;\">I RACCONTI DI PAOLO SOPPELSA\u00a0<\/span><\/h2>\n<p><strong>LA RACCOLTA COMPLETA<\/strong><\/p>\n<blockquote class=\"wp-embedded-content\" data-secret=\"2I6aKDRkkF\"><p><a href=\"https:\/\/www.radiopiu.net\/wordpress\/i-racconti-di-paolo-soppelsa\/\">I racconti di Paolo Soppelsa<\/a><\/p><\/blockquote>\n<p><iframe loading=\"lazy\" class=\"wp-embedded-content\" sandbox=\"allow-scripts\" security=\"restricted\" style=\"position: absolute; clip: rect(1px, 1px, 1px, 1px);\" title=\"&#8220;I racconti di Paolo Soppelsa&#8221; &#8212; Radio Pi\u00f9\" src=\"https:\/\/www.radiopiu.net\/wordpress\/i-racconti-di-paolo-soppelsa\/embed\/#?secret=WF0asjKekZ#?secret=2I6aKDRkkF\" data-secret=\"2I6aKDRkkF\" width=\"600\" height=\"338\" frameborder=\"0\" marginwidth=\"0\" marginheight=\"0\" scrolling=\"no\"><\/iframe><\/p>\n<p>&nbsp;<\/p>\n<hr \/>\n<p>&nbsp;<\/p>\n<\/div>\n<\/div>\n<\/div>\n<\/div>\n<\/div>\n<\/div>\n<\/div>\n<\/div>\n<\/div>\n<\/div>\n<\/div>\n<\/div>\n<\/div>\n<\/div>\n<\/div>\n<\/div>\n<\/div>\n<\/div>\n<\/div>\n<\/div>\n<\/div>\n<\/div>\n<\/div>\n<\/div>\n<\/div>\n<\/div>\n<\/div>\n<\/div>\n<\/div>\n<\/div>\n<\/div>\n<\/div>\n<\/div>\n<\/div>\n<\/div>\n<\/div>\n<\/div>\n<\/div>\n<\/div>\n<\/div>\n<\/div>\n<\/div>\n<\/div>\n<\/div>\n<\/div>\n<\/div>\n<\/div>\n<\/div>\n<\/div>\n<\/div>\n<\/div>\n<\/div>\n<\/div>\n<\/div>\n<\/div>\n<\/div>\n<\/div>\n<\/div>\n<\/div>\n<\/div>\n<\/div>\n<\/div>\n<\/div>\n<\/div>\n<\/div>\n<\/div>\n<\/div>\n<\/div>\n<\/div>\n<\/div>\n<\/div>\n<\/div>\n<\/div>\n<\/div>\n<\/div>\n<\/div>\n<\/div>\n<\/div>\n<\/div>\n<\/div>\n<\/div>\n<\/div>\n<\/div>\n<\/div>\n<\/div>\n<\/div>\n<\/div>\n<\/div>\n<\/div>\n<\/div>\n<\/div>\n<\/div>\n<\/div>\n<\/div>\n<\/div>\n<\/div>\n<\/div>\n<\/div>\n<\/div>\n<\/div>\n<\/div>\n<\/div>\n<\/div>\n<\/div>\n<\/div>\n<\/div>\n<\/div>\n<\/div>\n<\/div>\n<\/div>\n<\/div>\n<div class=\"b654a4as d2edcug0\">\n<div class=\"ecm0bbzt e5nlhep0 a8c37x1j\">\n<div class=\"kvgmc6g5 cxmmr5t8 oygrvhab hcukyx3x c1et5uql\">\n<div class=\"gmail-kvgmc6g5 gmail-cxmmr5t8 gmail-oygrvhab gmail-hcukyx3x gmail-c1et5uql gmail-ii04i59q\">\n<div>\n<div class=\"page-title-head hgroup\">\n<div class=\"page-title-head hgroup\">\n<div class=\"b654a4as d2edcug0\">\n<div class=\"j83agx80 btwxx1t3 lhclo0ds hop8lmos nkwizq5d scwd0bx6 roh60bw9\">\n<div class=\"rq0escxv hkbzh7o3 jwdofwj8 n8tt0mok r8blr3vg hyh9befq\">\n<div class=\"do00u71z l9j0dhe7 k4urcfbm\">\n<div>\n<div class=\"page-title-head hgroup\">\n<div class=\"page-title-head hgroup\">\n<div class=\"page-title-head hgroup\">\n<div class=\"page-title-head hgroup\">\n<div class=\"b654a4as d2edcug0\">\n<div class=\"page-title-head hgroup\">\n<div class=\"page-title-head hgroup\">\n<div class=\"page-title-head hgroup\">\n<div class=\"page-title-head hgroup\">\n<div class=\"b654a4as d2edcug0\">\n<div class=\"page-title-head hgroup\">\n<div class=\"page-title-head hgroup\">\n<div class=\"page-title-head hgroup\">\n<div class=\"page-title-head hgroup\">\n<div class=\"page-title-head hgroup\">\n<div class=\"mkdf-post-text\">\n<div class=\"mkdf-post-text-inner\">\n<div class=\"mkdf-post-text-main\">\n<div class=\"mkdf-post-text\">\n<div class=\"mkdf-post-text-inner\">\n<div class=\"mkdf-post-text-main\">\n<div class=\"mkdf-post-text\">\n<div class=\"mkdf-post-text-inner\">\n<div class=\"mkdf-post-text-main\">\n<div class=\"page-title-head hgroup\">\n<div class=\"page-title-head hgroup\">\n<div class=\"mkdf-post-text\">\n<div class=\"mkdf-post-text-inner\">\n<div class=\"mkdf-post-text-main\">\n<div class=\"mkdf-post-text\">\n<div class=\"mkdf-post-text-inner\">\n<div class=\"mkdf-post-text-main\">\n<div>\n<div class=\"page-title-head hgroup\">\n<div class=\"page-title-head hgroup\">\n<div>\n<div class=\"page-title-head hgroup\">\n<div class=\"page-title-head hgroup\">\n<div class=\"b654a4as d2edcug0\">\n<div>\n<div class=\"page-title-head hgroup\" style=\"text-align: left;\">\n<div class=\"page-title-head hgroup\">\n<div dir=\"auto\">\n<p><a class=\"dt-pswp-item pspw-wrap-ready\" href=\"https:\/\/i0.wp.com\/www.radiopiu.net\/wordpress\/wp-content\/uploads\/2018\/09\/WhatsApp-Image-2018-09-20-at-16.04.06.jpeg?ssl=1\" data-dt-img-description=\"\" data-large_image_width=\"800\" data-large_image_height=\"100\"><img loading=\"lazy\" decoding=\"async\" class=\"aligncenter wp-image-61378 size-full jetpack-lazy-image jetpack-lazy-image--handled\" src=\"https:\/\/i0.wp.com\/www.radiopiu.net\/wordpress\/wp-content\/uploads\/2018\/09\/WhatsApp-Image-2018-09-20-at-16.04.06.jpeg?resize=800%2C100&amp;ssl=1\" sizes=\"auto, (max-width: 800px) 100vw, 800px\" srcset=\"https:\/\/i0.wp.com\/www.radiopiu.net\/wordpress\/wp-content\/uploads\/2018\/09\/WhatsApp-Image-2018-09-20-at-16.04.06.jpeg?w=800&amp;ssl=1 800w, https:\/\/i0.wp.com\/www.radiopiu.net\/wordpress\/wp-content\/uploads\/2018\/09\/WhatsApp-Image-2018-09-20-at-16.04.06.jpeg?resize=300%2C38&amp;ssl=1 300w, https:\/\/i0.wp.com\/www.radiopiu.net\/wordpress\/wp-content\/uploads\/2018\/09\/WhatsApp-Image-2018-09-20-at-16.04.06.jpeg?resize=768%2C96&amp;ssl=1 768w\" alt=\"\" width=\"800\" height=\"100\" data-lazy-loaded=\"1\" \/><\/a><\/p>\n<\/div>\n<\/div>\n<\/div>\n<\/div>\n<\/div>\n<\/div>\n<\/div>\n<\/div>\n<\/div>\n<\/div>\n<\/div>\n<\/div>\n<\/div>\n<\/div>\n<\/div>\n<\/div>\n<\/div>\n<\/div>\n<\/div>\n<\/div>\n<\/div>\n<\/div>\n<\/div>\n<\/div>\n<\/div>\n<\/div>\n<\/div>\n<\/div>\n<\/div>\n<\/div>\n<\/div>\n<\/div>\n<\/div>\n<\/div>\n<\/div>\n<\/div>\n<\/div>\n<\/div>\n<\/div>\n<\/div>\n<\/div>\n<\/div>\n<\/div>\n<\/div>\n<\/div>\n<\/div>\n<\/div>\n<\/div>\n<\/div>\n<\/div>\n<\/div>\n<\/div>\n<\/div>\n<\/div>\n<\/div>\n<\/div>\n<\/div>\n<\/div>\n<\/div>\n<\/div>\n<\/div>\n<\/div>\n<\/div>\n<\/div>\n<\/div>\n<\/div>\n<\/div>\n<\/div>\n<\/div>\n<\/div>\n<\/div>\n<\/div>\n<\/div>\n<\/div>\n<\/div>\n<\/div>\n<\/div>\n<\/div>\n<\/div>\n<\/div>\n<\/div>\n<\/div>\n<\/div>\n<\/div>\n<\/div>\n<\/div>\n<\/div>\n<\/div>\n<\/div>\n<\/div>\n<\/div>\n<\/div>\n<\/div>\n<\/div>\n<\/div>\n<\/div>\n<\/div>\n<\/div>\n<\/div>\n<\/div>\n<\/div>\n<\/div>\n<\/div>\n<\/div>\n<\/div>\n<\/div>\n<\/div>\n<\/div>\n<\/div>\n<\/div>\n<\/div>\n<\/div>\n<\/div>\n<\/div>\n<\/div>\n<\/div>\n<\/div>\n<\/div>\n<\/div>\n<\/div>\n<\/div>\n<\/div>\n<\/div>\n<\/div>\n<\/div>\n<\/div>\n<\/div>\n<\/div>\n<\/div>\n<\/div>\n<\/div>\n<\/div>\n<\/div>\n<\/div>\n<\/div>\n<\/div>\n<\/div>\n<\/div>\n<\/div>\n<\/div>\n<\/div>\n<\/div>\n<\/div>\n<\/div>\n<\/div>\n<\/div>\n<\/div>\n<\/div>\n<\/div>\n<\/div>\n<\/div>\n<\/div>\n<\/div>\n<\/div>\n<\/div>\n<\/div>\n<\/div>\n<\/div>\n<\/div>\n<\/div>\n<\/div>\n<\/div>\n<\/div>\n<\/div>\n<\/div>\n<\/div>\n<\/div>\n<\/div>\n<\/div>\n<\/div>\n<\/div>\n<\/div>\n<\/div>\n<\/div>\n<\/div>\n<\/div>\n<\/div>\n<\/div>\n<\/div>\n<\/div>\n<\/div>\n<\/div>\n<\/div>\n<\/div>\n<\/div>\n<\/div>\n<\/div>\n<\/div>\n<\/div>\n<\/div>\n<\/div>\n<\/div>\n<\/div>\n<\/div>\n<\/div>\n<\/div>\n<\/div>\n<\/div>\n<\/div>\n<\/div>\n<\/div>\n<\/div>\n<\/div>\n<\/div>\n<\/div>\n<\/div>\n<\/div>\n<\/div>\n<\/div>\n<\/div>\n<\/div>\n<\/div>\n<\/div>\n<\/div>\n<\/div>\n<\/div>\n<\/div>\n<\/div>\n<\/div>\n<\/div>\n<\/div>\n<\/div>\n<\/div>\n<\/div>\n<\/div>\n<\/div>\n<\/div>\n<\/div>\n<\/div>\n<\/div>\n<p><b>Mercoledi 22<\/b> <b>Tempo atteso: <\/b>Giornata con tempo in prevalenza instabile con cielo nelle prime ore poco nuvoloso o parzialmente nuvoloso con locali e temporanee nubi basse in alcune valli nelle ore pi\u00f9 fredde; gi\u00e0 nel corso della mattinata la nuvolosit\u00e0 sar\u00e0 in graduale aumento per forte attivit\u00e0 cumuliforme, con cielo generalmente nuvoloso o molto nuvoloso nelle ore centrali, quando inizieranno i primi fenomeni; schiarite a fine giornata.<br \/>\n<b>Precipitazioni: <\/b>Al mattino generalmente assenti (0-10%); aumento della probabilit\u00e0, dalle ore centrali e nel corso del pomeriggio\/sera, fino ad alta (75-100%) sulle Dolomiti, medio-alta (50-75%) sulle zone prealpine centro-orientali e medio-bassa (25-50%) o bassa (5-25%) sulle Prealpi occidentali, per precipitazioni diffuse sulle Dolomiti, in prevalenza sparse sulle Prealpi, anche a carattere di rovescio o di temporale, con cessazione ovunque dei fenomeni verso fine giornata.<br \/>\n<b>Temperature: <\/b>Minime in lieve aumento, massime in temporaneo calo anche sensibile nelle valli, con le minime in alta montagna misurate a fine giornata; clima diurno ancora un po&#8217; pi\u00f9 caldo della norma, ma temporaneamente pi\u00f9 fresco rispetto ai giorni precedenti, specie nel pomeriggio con escursione termica giornaliera moderatamente pi\u00f9 contenuta. Su Prealpi a 1500 m min 15\u00b0C, max 18\u00b0C; a 2000 m min 12\u00b0C, max 15\u00b0C. Su Dolomiti a 2000 m min 11\u00b0C, max 15\u00b0C; a 3000 m min 5\u00b0C, max 7\u00b0C.<br \/>\n<b>Venti: <\/b>Nelle valli deboli o moderati, con possibili forti rinforzi durante i temporali; in quota in prevalenza da sud-ovest, in rinforzo fino a tesi o forti nel corso della giornata, a 25-35 km\/h a 2000 m e a 30-50 km\/h a 3000 m.<\/p>\n<hr \/>\n<p><b>Giovedi 23<\/b> <b>Tempo atteso: <\/b>Tempo in prevalenza soleggiato, specie al mattino, mentre nelle ore pomeridiane, a causa di una moderata attivit\u00e0 cumuliforme, il cielo tender\u00e0 a divenire in prevalenza nuvoloso anche a tratti molto nuvoloso con probabili fenomeni pomeridiani.<br \/>\n<b>Precipitazioni: <\/b>Al mattino generalmente assenti(0%); nel pomeriggio probabilit\u00e0 medio-alta (50-75%) sulle Dolomiti di precipitazioni sparse o diffuse e medio-bassa (25-50%) sulle zone prealpine di precipitazioni sparse, anche a carattere di piovasco o rovescio o di temporale.<br \/>\n<b>Temperature: <\/b>Minime in lieve calo, massime in aumento, con clima ancora di piena estate. Su Prealpi a 1500 m min 15\u00b0C, max 19\u00b0C; a 2000 m min 12\u00b0C, max 17\u00b0C. Su Dolomiti a 2000 m min 11\u00b0C, max 18\u00b0C; a 3000 m min 5\u00b0C, max 8\u00b0C.<br \/>\n<b>Venti: <\/b>Nelle valli al mattino deboli, dalle ore centrali moderati per brezze con qualche raffica; in quota in genere moderati occidentali, a 10-20 km\/h a 2000 m e a 15-25 km\/h a 3000 m.<\/p>\n<hr \/>\n<p><b>Venerdi 24<\/b>Giornata con tempo in prevalenza variabile, in parte soleggiata al mattino, maggiormente nuvolosa specie dalle ore centrali a causa di una modesta attivit\u00e0 cumuliforme, con qualche possibile locale e breve precipitazione anche a carattere di rovescio o temporale, specie sulle Dolomiti. Temperature minime in aumento, massime senza notevoli variazioni o in lieve calo. Venti in quota in genere da moderati a tesi da sud-ovest.<\/p>\n<hr \/>\n<p><b>Sabato 25<\/b>Giornata ancora con tempo in prevalenza variabile, in parte soleggiata al mattino, pi\u00f9 nuvolosa soprattutto dalle ore centrali a causa del riscaldamento diurno, con precipitazioni perlopi\u00f9 locali e brevi, specie sulle Dolomiti. Temperature minime in lieve calo, specie in alta montagna, massime senza notevoli variazioni. Venti in quota in genere moderati ancora da sud-ovest. Previsore: M.Padoan<\/p>\n<p>&nbsp;<\/p>\n<div style=\"text-align: left;\">\n<p>&nbsp;<\/p>\n<p>&nbsp;<\/p>\n<\/div>\n<hr \/>\n<p>&nbsp;<\/p>\n<p>&nbsp;<\/p>\n<p><a href=\"https:\/\/www.radiopiu.net\/wordpress\/giornale-radiopiu-26-settembre-2018-direttore-mirko-mezzacasa\/viabilita-2\/\" rel=\"attachment wp-att-61954\"><img loading=\"lazy\" decoding=\"async\" class=\"aligncenter wp-image-61954 size-full\" src=\"https:\/\/www.radiopiu.net\/wordpress\/wp-content\/uploads\/2018\/09\/viabilita.jpeg\" sizes=\"auto, (max-width: 800px) 100vw, 800px\" srcset=\"https:\/\/www.radiopiu.net\/wordpress\/wp-content\/uploads\/2018\/09\/viabilita.jpeg 800w, https:\/\/www.radiopiu.net\/wordpress\/wp-content\/uploads\/2018\/09\/viabilita-300x38.jpeg 300w, https:\/\/www.radiopiu.net\/wordpress\/wp-content\/uploads\/2018\/09\/viabilita-768x96.jpeg 768w\" alt=\"\" width=\"800\" height=\"100\" \/><\/a><\/p>\n<p>&nbsp;<\/p>\n<blockquote class=\"wp-embedded-content\" data-secret=\"n3Ji7Kp8VE\"><p><a href=\"https:\/\/www.radiopiu.net\/wordpress\/viabilita\/\">viabilita<\/a><\/p><\/blockquote>\n<p><iframe loading=\"lazy\" class=\"wp-embedded-content\" sandbox=\"allow-scripts\" security=\"restricted\" style=\"position: absolute; clip: rect(1px, 1px, 1px, 1px);\" title=\"&#8220;viabilita&#8221; &#8212; Radio Pi\u00f9\" src=\"https:\/\/www.radiopiu.net\/wordpress\/viabilita\/embed\/#?secret=c5kgR0auFT#?secret=n3Ji7Kp8VE\" data-secret=\"n3Ji7Kp8VE\" width=\"600\" height=\"338\" frameborder=\"0\" marginwidth=\"0\" marginheight=\"0\" scrolling=\"no\"><\/iframe><\/p>\n<p>&nbsp;<\/p>\n<hr \/>\n<p>&nbsp;<\/p>\n<p>&nbsp;<\/p>\n<p><img loading=\"lazy\" decoding=\"async\" class=\"wp-image-60761 size-full aligncenter\" src=\"https:\/\/www.radiopiu.net\/wordpress\/wp-content\/uploads\/2018\/09\/sport.jpg\" alt=\"\" width=\"800\" height=\"100\" srcset=\"https:\/\/www.radiopiu.net\/wordpress\/wp-content\/uploads\/2018\/09\/sport.jpg 800w, https:\/\/www.radiopiu.net\/wordpress\/wp-content\/uploads\/2018\/09\/sport-300x38.jpg 300w, https:\/\/www.radiopiu.net\/wordpress\/wp-content\/uploads\/2018\/09\/sport-768x96.jpg 768w\" sizes=\"auto, (max-width: 800px) 100vw, 800px\" \/><\/p>\n<p>&nbsp;<\/p>\n<p><span style=\"color: #0000ff;\"><strong>CALCIO<\/strong><\/span><\/p>\n<blockquote>\n<h3>IL GOSALDO E&#8217; IL MIGLIOR ATTACCO DEL CAMPIONATO AGORDINO<\/h3>\n<\/blockquote>\n<p><strong><a class=\"dt-pswp-item\" href=\"https:\/\/www.radiopiu.net\/wordpress\/wp-content\/uploads\/2022\/05\/GOSALDO.png\" data-dt-img-description=\"\" data-large_image_width=\"200\" data-large_image_height=\"200\"><img loading=\"lazy\" decoding=\"async\" class=\"size-thumbnail wp-image-273744 alignleft\" src=\"https:\/\/www.radiopiu.net\/wordpress\/wp-content\/uploads\/2022\/05\/GOSALDO-150x150.png\" alt=\"\" width=\"150\" height=\"150\" srcset=\"https:\/\/www.radiopiu.net\/wordpress\/wp-content\/uploads\/2022\/05\/GOSALDO-150x150.png 150w, https:\/\/www.radiopiu.net\/wordpress\/wp-content\/uploads\/2022\/05\/GOSALDO.png 200w\" sizes=\"auto, (max-width: 150px) 100vw, 150px\" \/><\/a>REDAZIONE<\/strong> I pluriscudettati del Gosaldo hanno gi\u00e0 messo le mani avanti ed hanno fatto capire dopo le prime due giornate che non sar\u00e0 una passeggiata giocare contro di loro. Sono 13 i gol siglati dalla compagine di coach Elvio Chiea nelle prime due uscite, una media di 6,5 reti a partita, un ruolino impressionante in un girone di ferro come il gruppo A. Come sempre a brillare \u00e8 Joseph Masoch che in questo momento comanda la classifica cannonieri con 4 marcature. Il Gosaldo si \u00e8 dimostrato un gruppo coeso e assetato di vittorie. Un motivo in pi\u00f9 per fare bene nel Memorial Denis Tonin con la scusa di avere la finale in casa dove un intero paese pu\u00f2 tifare la sua squadra.<\/p>\n<p><strong>RUBEN DAL DON, PRESIDENTE E GIOCATORE DEL GOSALDO<\/strong><\/p>\n<audio class=\"wp-audio-shortcode\" id=\"audio-282730-17\" preload=\"none\" style=\"width: 100%;\" controls=\"controls\"><source type=\"audio\/mpeg\" src=\"https:\/\/www.radiopiu.net\/wordpress\/wp-content\/uploads\/2022\/06\/RUBEN-DAL-DON.mp3?_=17\" \/><a href=\"https:\/\/www.radiopiu.net\/wordpress\/wp-content\/uploads\/2022\/06\/RUBEN-DAL-DON.mp3\">https:\/\/www.radiopiu.net\/wordpress\/wp-content\/uploads\/2022\/06\/RUBEN-DAL-DON.mp3<\/a><\/audio>\n<p>&nbsp;<\/p>\n<hr \/>\n<p>&nbsp;<\/p>\n<h2><span style=\"color: #008000;\"><a class=\"dt-pswp-item\" href=\"https:\/\/www.radiopiu.net\/wordpress\/wp-content\/uploads\/2019\/01\/CALCIO-FALLO.jpeg\" data-dt-img-description=\"\" data-large_image_width=\"1600\" data-large_image_height=\"848\"><img loading=\"lazy\" decoding=\"async\" class=\" wp-image-71538 alignleft\" src=\"https:\/\/www.radiopiu.net\/wordpress\/wp-content\/uploads\/2019\/01\/CALCIO-FALLO-150x150.jpeg\" alt=\"\" width=\"74\" height=\"74\" \/><\/a>SPECIALE CAMPIONATO AGORDINO<\/span><\/h2>\n<p><strong>\u00a0<\/strong><\/p>\n<p><strong>\u00a0<\/strong><\/p>\n<p><strong>RIASCOLTA OTTANTESIMO MINUTO &#8211; SECONDA PUNTATA<\/strong><\/p>\n<audio class=\"wp-audio-shortcode\" id=\"audio-282730-18\" preload=\"none\" style=\"width: 100%;\" controls=\"controls\"><source type=\"audio\/mpeg\" src=\"https:\/\/www.radiopiu.net\/wordpress\/wp-content\/uploads\/2022\/06\/80MIN.mp3?_=18\" \/><a href=\"https:\/\/www.radiopiu.net\/wordpress\/wp-content\/uploads\/2022\/06\/80MIN.mp3\">https:\/\/www.radiopiu.net\/wordpress\/wp-content\/uploads\/2022\/06\/80MIN.mp3<\/a><\/audio>\n<p>&nbsp;<\/p>\n<p><strong>RIASCOLTA CAMPIONATO AGORDINO SHOW &#8211; SECONDA PUNTATA (LA SINTESI)<\/strong><\/p>\n<audio class=\"wp-audio-shortcode\" id=\"audio-282730-19\" preload=\"none\" style=\"width: 100%;\" controls=\"controls\"><source type=\"audio\/mpeg\" src=\"https:\/\/www.radiopiu.net\/wordpress\/wp-content\/uploads\/2022\/06\/AGOS.mp3?_=19\" \/><a href=\"https:\/\/www.radiopiu.net\/wordpress\/wp-content\/uploads\/2022\/06\/AGOS.mp3\">https:\/\/www.radiopiu.net\/wordpress\/wp-content\/uploads\/2022\/06\/AGOS.mp3<\/a><\/audio>\n<p>&nbsp;<\/p>\n<hr \/>\n<p>&nbsp;<\/p>\n<blockquote>\n<h3>KARATE \u2013 UN ARGENTO E DUE BRONZI IN SLOVENIA PER IL KARATE TEAM DOLOMITI 1970<\/h3>\n<\/blockquote>\n<p><a class=\"dt-pswp-item\" href=\"https:\/\/www.radiopiu.net\/wordpress\/wp-content\/uploads\/2022\/06\/20220618_180850_stampa-scaled.jpg\" data-dt-img-description=\"\" data-large_image_width=\"2560\" data-large_image_height=\"1997\"><img loading=\"lazy\" decoding=\"async\" class=\"size-thumbnail wp-image-282900 alignleft\" src=\"https:\/\/www.radiopiu.net\/wordpress\/wp-content\/uploads\/2022\/06\/20220618_180850_stampa-150x150.jpg\" alt=\"\" width=\"150\" height=\"150\" \/><\/a>Ed ora \u00e8 la volta di \u0160en\u010dur, in Slovenia a pochi chilometri da Ljubljana, di medagliare le atlete del dinamico team bellunese. Dopo Zagreb, Rijeka, Opatija e Postojna sono due, questa volta, le portacolori bellunesi a salire sul podio. Un altro argento per l\u2019agordina Mariachiara Masoch nella classe Juniores al limite dei 48 kg e due bronzi per la debuttante Maya Pasotto nella classe juniores dei 59 kg e nella gara open, senza limite di peso. Continua pertanto, con quest\u2019ultimo sabato di gare, l\u2019ottima serie di positivi risultati del Karate Team Dolomiti 1970. Grande soddisfazione quindi ma non termina qui il fine settimana sportivo del club bellunese. Il giorno dopo, domenica, una giornata di duro allenamento e sparring, mattutino e pomeridiano, a Mogliano Veneto (TV), al Karate City Camp. Un mensile momento di confronto tra club del nord Italia, sotto la guida del M\u00b0 Moreno Vittorio, con analisi video degli incontri del giorno prima e ricerca di soluzioni e correttivi alle prestazioni viste in gara. Proseguono dunque le tappe di avvicinamento alla oramai prossima Youth League 2022, competizione mondiale riservata ai giovani karateka dai 12 ai 17 anni, che si svolger\u00e0 a Porec, in Croazia, dall\u20191 al 3 luglio. A seguire il 16\/17 luglio, sempre a Mogliano Veneto, un fine settimana di training di altissimo livello al City Camp con l\u2019amico M\u00b0 ucraino Denys Morozov. Uno dei migliori tecnici di kumite, combattimento, al mondo che ha portato sul secondo gradino del podio olimpico di Tokio 2020 ben due sue atlete ed in due nazionali diverse, Anzhelika Terliuga per l\u2019Ucraina e Irina Zareska per l\u2019Azerbaijan.<\/p>\n<p>Nella foto da sx: Mariachiara Masoch, Vittorio Moreno e Maya Pasotto.<\/p>\n<p>&nbsp;<\/p>\n<p>&nbsp;<\/p>\n<hr \/>\n<p>&nbsp;<\/p>\n<p><span style=\"color: #0000ff;\"><strong>ALPINIADI<\/strong><\/span><\/p>\n<blockquote>\n<h3>GLI ALPINI DI FELTRE RITORNANO DALLA ALPINIADI ESTIVE CON BUONI RISULTATI<\/h3>\n<\/blockquote>\n<p><strong><a class=\"dt-pswp-item\" href=\"https:\/\/www.radiopiu.net\/wordpress\/wp-content\/uploads\/2022\/06\/Schermata-2022-06-21-alle-10.47.25.png\" data-dt-img-description=\"\" data-large_image_width=\"1440\" data-large_image_height=\"1336\"><img loading=\"lazy\" decoding=\"async\" class=\"size-thumbnail wp-image-282771 alignleft\" src=\"https:\/\/www.radiopiu.net\/wordpress\/wp-content\/uploads\/2022\/06\/Schermata-2022-06-21-alle-10.47.25-150x150.png\" alt=\"\" width=\"150\" height=\"150\" \/><\/a>FELTRE<\/strong> Partecipazione di grande successo quella degli atleti della sezione di Feltre dell\u2019Associazione Nazionale Alpini alle Alpiniadi estive 2022. Le gare si sono svolte nei giorni dal 16 al 19 giugno in Abruzzo. Tre le discipline in cui gli atleti di Feltre si sono distinti, salendo sul podio. Venerdi\u0300 17 giugno, primo giorno di gare, nella corsa individuale svoltasi a Rocca di Mezzo, Demis Barp si e\u0300 classificato terzo, salendo sul podio della categoria A2. Ma il miglior risultato e\u0300 stato ottenuto nella Marcia di regolarita\u0300 in montagna a pattuglie, disputata il 18 a Fossa: la squadra composta da Cristian Romanin, Ferdinando Altieri e Demis Barp ha sbaragliato gli avversari, aggiudicandosi il gradino piu\u0300 alto del podio. A concludere le competizioni domenica 19 a Isola Gran Sasso si e\u0300 disputata la staffetta di corsa in montagna: i portacolori di Feltre Raffaele Secco, Livio De Paoli e Federico Pat si sono classificati terzi nella categoria A1, facendo salire la Sezione ancora una volta sul podio. Al termine delle tre giornate la squadra di Feltre, sostenuta e incoraggiata dal Vice Presidente Emanuele Casagrande e dai Consiglieri Riccardo De Cecco e Cristian Romanin, si e\u0300 aggiudicata la quarta piazza della classifica per sezioni Trofeo \u201cEttore Erizzo\u201d: un ottimo risultato ottenuto grazie ai tre podi, ma anche al lavoro di squadra, con i buoni piazzamenti degli altri partecipanti alle gare.<\/p>\n<\/div>\n<\/div>\n<\/div>\n<\/div>\n<\/div>\n<\/div>\n<\/div>\n<\/div>\n<\/div>\n<\/div>\n<\/div>\n<\/div>\n<\/div>\n<\/div>\n<\/div>\n<\/div>\n<\/div>\n<\/div>\n<\/div>\n<\/div>\n<\/div>\n<\/div>\n<\/div>\n<\/div>\n<\/div>\n<\/div>\n<\/div>\n<\/div>\n<\/div>\n<\/div>\n<\/div>\n<\/div>\n<\/div>\n<\/div>\n<\/div>\n<\/div>\n<\/div>\n<\/div>\n<\/div>\n<\/div>\n<\/div>\n<\/div>\n<\/div>\n<\/div>\n<\/div>\n<\/div>\n<\/div>\n<\/div>\n<\/div>\n<\/div>\n<\/div>\n<\/div>\n<\/div>\n<\/div>\n<\/div>\n<\/div>\n<\/div>\n<\/div>\n<\/div>\n<\/div>\n<\/div>\n<\/div>\n<\/div>\n<\/div>\n<\/div>\n<\/div>\n<\/div>\n<\/div>\n<\/div>\n<\/div>\n<\/div>\n<\/div>\n<\/div>\n<\/div>\n<\/div>\n<\/div>\n<\/div>\n<\/div>\n<\/div>\n<\/div>\n<\/div>\n<\/div>\n<\/div>\n<\/div>\n<\/div>\n<\/div>\n<\/div>\n<\/div>\n<\/div>\n<\/div>\n<\/div>\n<\/div>\n<\/div>\n<\/div>\n<\/div>\n<\/div>\n<\/div>\n<\/div>\n<\/div>\n<\/div>\n<\/div>\n<\/div>\n<\/div>\n<\/div>\n<\/div>\n\n\t\t\t<style type='text\/css'>\n\t\t\t\t#gallery-9 {\n\t\t\t\t\tmargin: auto;\n\t\t\t\t}\n\t\t\t\t#gallery-9 .gallery-item {\n\t\t\t\t\tfloat: left;\n\t\t\t\t\tmargin-top: 10px;\n\t\t\t\t\ttext-align: center;\n\t\t\t\t\twidth: 33%;\n\t\t\t\t}\n\t\t\t\t#gallery-9 img {\n\t\t\t\t\tborder: 2px solid #cfcfcf;\n\t\t\t\t}\n\t\t\t\t#gallery-9 .gallery-caption {\n\t\t\t\t\tmargin-left: 0;\n\t\t\t\t}\n\t\t\t\t\/* see gallery_shortcode() in wp-includes\/media.php *\/\n\t\t\t<\/style>\n\t\t<div id='gallery-9' class='dt-gallery-container gallery galleryid-282730 gallery-columns-3 gallery-size-thumbnail'><dl class='gallery-item'>\n\t\t\t\t<dt class='gallery-icon landscape'>\n\t\t\t\t\t<a class=\"rollover rollover-zoom dt-pswp-item\" title=\"ca2d849d-2122-4c8b-92c1-77793fc813a2\" data-dt-img-description=\"\" data-large_image_width=\"596\" data-large_image_height=\"366\"href='https:\/\/www.radiopiu.net\/wordpress\/wp-content\/uploads\/2022\/06\/ca2d849d-2122-4c8b-92c1-77793fc813a2.jpg'><img loading=\"lazy\" decoding=\"async\" width=\"150\" height=\"150\" src=\"https:\/\/www.radiopiu.net\/wordpress\/wp-content\/uploads\/2022\/06\/ca2d849d-2122-4c8b-92c1-77793fc813a2-150x150.jpg\" class=\"attachment-thumbnail size-thumbnail\" alt=\"\" \/><\/a>\n\t\t\t\t<\/dt><\/dl><dl class='gallery-item'>\n\t\t\t\t<dt class='gallery-icon landscape'>\n\t\t\t\t\t<a class=\"rollover rollover-zoom dt-pswp-item\" title=\"11a210e4-87a1-4795-a9e4-445302679b10\" data-dt-img-description=\"\" data-large_image_width=\"588\" data-large_image_height=\"363\"href='https:\/\/www.radiopiu.net\/wordpress\/wp-content\/uploads\/2022\/06\/11a210e4-87a1-4795-a9e4-445302679b10.jpg'><img loading=\"lazy\" decoding=\"async\" width=\"150\" height=\"150\" src=\"https:\/\/www.radiopiu.net\/wordpress\/wp-content\/uploads\/2022\/06\/11a210e4-87a1-4795-a9e4-445302679b10-150x150.jpg\" class=\"attachment-thumbnail size-thumbnail\" alt=\"\" \/><\/a>\n\t\t\t\t<\/dt><\/dl><dl class='gallery-item'>\n\t\t\t\t<dt class='gallery-icon landscape'>\n\t\t\t\t\t<a class=\"rollover rollover-zoom dt-pswp-item\" title=\"732af7e8-68ac-4fbd-8714-545a89b094a4\" data-dt-img-description=\"\" data-large_image_width=\"604\" data-large_image_height=\"368\"href='https:\/\/www.radiopiu.net\/wordpress\/wp-content\/uploads\/2022\/06\/732af7e8-68ac-4fbd-8714-545a89b094a4.jpg'><img loading=\"lazy\" decoding=\"async\" width=\"150\" height=\"150\" src=\"https:\/\/www.radiopiu.net\/wordpress\/wp-content\/uploads\/2022\/06\/732af7e8-68ac-4fbd-8714-545a89b094a4-150x150.jpg\" class=\"attachment-thumbnail size-thumbnail\" alt=\"\" \/><\/a>\n\t\t\t\t<\/dt><\/dl><br style=\"clear: both\" \/><dl class='gallery-item'>\n\t\t\t\t<dt class='gallery-icon landscape'>\n\t\t\t\t\t<a class=\"rollover rollover-zoom dt-pswp-item\" title=\"7940d9a7-6933-484d-80ad-5147735a5346\" data-dt-img-description=\"\" data-large_image_width=\"608\" data-large_image_height=\"360\"href='https:\/\/www.radiopiu.net\/wordpress\/wp-content\/uploads\/2022\/06\/7940d9a7-6933-484d-80ad-5147735a5346.jpg'><img loading=\"lazy\" decoding=\"async\" width=\"150\" height=\"150\" src=\"https:\/\/www.radiopiu.net\/wordpress\/wp-content\/uploads\/2022\/06\/7940d9a7-6933-484d-80ad-5147735a5346-150x150.jpg\" class=\"attachment-thumbnail size-thumbnail\" alt=\"\" \/><\/a>\n\t\t\t\t<\/dt><\/dl><dl class='gallery-item'>\n\t\t\t\t<dt class='gallery-icon landscape'>\n\t\t\t\t\t<a class=\"rollover rollover-zoom dt-pswp-item\" title=\"180f4c9d-fcee-408c-85a6-086578ea66bc\" data-dt-img-description=\"\" data-large_image_width=\"612\" data-large_image_height=\"354\"href='https:\/\/www.radiopiu.net\/wordpress\/wp-content\/uploads\/2022\/06\/180f4c9d-fcee-408c-85a6-086578ea66bc.jpg'><img loading=\"lazy\" decoding=\"async\" width=\"150\" height=\"150\" src=\"https:\/\/www.radiopiu.net\/wordpress\/wp-content\/uploads\/2022\/06\/180f4c9d-fcee-408c-85a6-086578ea66bc-150x150.jpg\" class=\"attachment-thumbnail size-thumbnail\" alt=\"\" \/><\/a>\n\t\t\t\t<\/dt><\/dl><dl class='gallery-item'>\n\t\t\t\t<dt class='gallery-icon landscape'>\n\t\t\t\t\t<a class=\"rollover rollover-zoom dt-pswp-item\" title=\"d922e61f-d087-4545-b1b2-c8b0ae81045a\" data-dt-img-description=\"\" data-large_image_width=\"608\" data-large_image_height=\"352\"href='https:\/\/www.radiopiu.net\/wordpress\/wp-content\/uploads\/2022\/06\/d922e61f-d087-4545-b1b2-c8b0ae81045a.jpg'><img loading=\"lazy\" decoding=\"async\" width=\"150\" height=\"150\" src=\"https:\/\/www.radiopiu.net\/wordpress\/wp-content\/uploads\/2022\/06\/d922e61f-d087-4545-b1b2-c8b0ae81045a-150x150.jpg\" class=\"attachment-thumbnail size-thumbnail\" alt=\"\" \/><\/a>\n\t\t\t\t<\/dt><\/dl><br style=\"clear: both\" \/>\n\t\t\t<\/div>\n\n","protected":false},"excerpt":{"rendered":"<p>RADIO PIU INFORMAZIONE il canale su TELEGRAM informazione di prima\u00a0 mano e in tempo reale. iscriviti ed aiutaci a farlo conoscere\u00a0\u00a0 &nbsp; &nbsp; ORARI ATTIVITA&#8217; COVID POINT La ripresa epidemica Covid sta determinando un incremento della richiesta di tamponi. A tale proposito si riportano gli orari di attivit\u00e0 dei Covid Point del territorio: PALUDI: marted\u00ec,&hellip;<\/p>\n","protected":false},"author":4,"featured_media":282902,"comment_status":"closed","ping_status":"closed","sticky":false,"template":"","format":"standard","meta":{"_monsterinsights_skip_tracking":false,"_monsterinsights_sitenote_active":false,"_monsterinsights_sitenote_note":"","_monsterinsights_sitenote_category":0,"footnotes":""},"categories":[51,86,49],"tags":[],"class_list":["post-282730","post","type-post","status-publish","format-standard","has-post-thumbnail","hentry","category-evidenza-top","category-gr","category-news-18","category-51","category-86","category-49","description-off"],"img_url":"https:\/\/www.radiopiu.net\/wordpress\/wp-content\/uploads\/2022\/06\/287557356_5339901292732602_3335606186853661890_n.jpg","_links":{"self":[{"href":"https:\/\/www.radiopiu.net\/wordpress\/wp-json\/wp\/v2\/posts\/282730","targetHints":{"allow":["GET"]}}],"collection":[{"href":"https:\/\/www.radiopiu.net\/wordpress\/wp-json\/wp\/v2\/posts"}],"about":[{"href":"https:\/\/www.radiopiu.net\/wordpress\/wp-json\/wp\/v2\/types\/post"}],"author":[{"embeddable":true,"href":"https:\/\/www.radiopiu.net\/wordpress\/wp-json\/wp\/v2\/users\/4"}],"replies":[{"embeddable":true,"href":"https:\/\/www.radiopiu.net\/wordpress\/wp-json\/wp\/v2\/comments?post=282730"}],"version-history":[{"count":0,"href":"https:\/\/www.radiopiu.net\/wordpress\/wp-json\/wp\/v2\/posts\/282730\/revisions"}],"wp:featuredmedia":[{"embeddable":true,"href":"https:\/\/www.radiopiu.net\/wordpress\/wp-json\/wp\/v2\/media\/282902"}],"wp:attachment":[{"href":"https:\/\/www.radiopiu.net\/wordpress\/wp-json\/wp\/v2\/media?parent=282730"}],"wp:term":[{"taxonomy":"category","embeddable":true,"href":"https:\/\/www.radiopiu.net\/wordpress\/wp-json\/wp\/v2\/categories?post=282730"},{"taxonomy":"post_tag","embeddable":true,"href":"https:\/\/www.radiopiu.net\/wordpress\/wp-json\/wp\/v2\/tags?post=282730"}],"curies":[{"name":"wp","href":"https:\/\/api.w.org\/{rel}","templated":true}]}}