{"id":282852,"date":"2022-06-21T23:59:35","date_gmt":"2022-06-21T21:59:35","guid":{"rendered":"https:\/\/www.radiopiu.net\/wordpress\/?p=282852"},"modified":"2022-06-21T17:12:03","modified_gmt":"2022-06-21T15:12:03","slug":"il-lavoro-nelle-valli-del-piave-e-vajont-prima-della-catastrofe-del-9-ottobre1963","status":"publish","type":"post","link":"https:\/\/www.radiopiu.net\/wordpress\/il-lavoro-nelle-valli-del-piave-e-vajont-prima-della-catastrofe-del-9-ottobre1963\/","title":{"rendered":"IL LAVORO NELLE VALLI DEL PIAVE E VAJONT PRIMA DELLA CATASTROFE DEL 9 OTTOBRE1963"},"content":{"rendered":"<p><strong>DI RENATO BONA<\/strong><\/p>\n<p>Come era il lavoro nelle Valli del Piave e del Vajont prima del 9 ottobre 1963, vale a dire prima di quella catastrofe che provoc\u00f2 rovine immani e duemila vittime? La risposta si \u00e8 impegnata a fornirla con la nota passione Elda Deon Cardin (tra l\u2019altro una cara amica, gi\u00e0 mia compagna di scuola alla bellunese \u201cCatullo\u201d), longaronese di nascita ma da lustri trapiantata a Belluno, senza tuttavia perdere i forti legami col paese nat\u00eco). Ed ha sintetizzato il suo apprezzato impegno nel titolo: \u201cIl lavoro\u201d che ha voluto per il libro, impreziosito da poesie di Eliana Olivotto, realizzato nel novembre 2008, quarantacinquesimo anniversario della sciagura, con il patrocinio del Comune di Longarone; in copertina l\u2019officina di lavorazione meccanica e del legno dei Fratelli Polla a Fa\u00e8 di Longarone, 1925, collezione CMP (che sta per Carlo Marco Polla); impaginazione e stampa a cura di Grafiche Longaronesi, presentazione del prof. Gioachino Bratti e contributo di Giovanni Larese con: \u201cUn po\u2019 di luce sul tessuto economico longaronese prima del Vajont\u201d. Bratti, ha sottolineato che in questa occasione l\u2019autrice ha accompagnato alle cartoline (delle quali \u00e8 assidua ricercatrice da sempre), e ad altri documenti, brevi saggi di superstiti o di studiosi, primi fra tutti Giuseppe De Vecchi ed Agostino Sacchet, che fanno diventare la pubblicazione un prezioso documento di storia dato che \u201cTrattare le vicende del lavoro di Longarone e dei paesi vicini nelle sue varie forme \u00e8 senz\u2019altro entrare nell\u2019essenziale della realt\u00e0 della nostra terra, che proprio nel lavoro espresse tutta la sua anima e la sua vivacit\u00e0, ponendosi cos\u00ec spesso al primo posto in Provincia\u201d. Lavoro che si manifest\u00f2 nei famosi opifici che ressero a lungo la sorte dell\u2019economia bellunese, nel commercio multiforme e inventivo, che affondava le sue radici nelle grandi famiglie che a partire dal XVII secolo crearono la nuova Longarone, nei trasporti e nell\u2019ospitalit\u00e0 dei rinomati alberghi, che facevano del nostro paese tappa obbligata per chi dalla pianura saliva al Cadore, a Cortina o al Tirolo, come ci raccontano i diari dei viaggiatori di allora. In questo contesto, le cartoline delle quali nell\u2019introduzione Simone Osta propone \u201cun\u2019avventurosa ed avvincente storia\u201d, e i documenti che le accompagnano diventano anche in questo volume testimonianza di luoghi, opere e persone che non vanno dimenticati, espressione di valori che costituirono per decenni caratteristica e orgoglio della collettivit\u00e0. E sono stati raccolti, esaminati, ordinati e presentati dall\u2019autrice \u201ccon quell\u2019insieme di passione e di nostalgia che da sempre ne caratterizzano l\u2019anima e il lavoro, cui fanno da felice accompagnamento le altrettanto espressive poesie di Eliana Olivotto\u201d. In chiusura, rinnovava ad Elda \u201cplauso e gratitudine per aver fatto emergere con sensibilit\u00e0 ed efficacia una parte importante del nostro passato\u201d. Notevole anche il saggio proposto da Giovanni Larese il quale evidenzia fra l\u2019altro come \u201cil volume offre ampi squarci e parecchie notizie inedite su una realt\u00e0 imprenditoriale per molti versi sorprendente: si pensi al poliedrico imprenditore edile Antonio Tallachini che costru\u00ec la strada di Alemagna e fece della petraia di Villanova una tenuta agricola moderna, o al suddito di sua maest\u00e0 britannica sir Alessandro Malcolm, facoltoso ed illuminato imprenditore del legno oppure al pi\u00f9 modesto compaesano Giovanni Maria Fagarazzi, orticultore capace che si sforz\u00f2 di propagare le sue conoscenze ma oggi \u00e8 quasi dimenticato. Cos\u00ec come \u00e8 doveroso almeno citare una delle dinasty pi\u00f9 significative dell\u2019imprenditoria provinciale, quella della famiglia Protti che si distinse per patriottismo e filantropia verso i paesani e realizz\u00f2 prima, con Gustavo, un modernissimo cartonificio (1900) poi, nel 1935, con Osvaldo, lo stabilimento della Faesite per produrre, primo in Italia, pannelli in fibra di legno e cadorite. Non mancarono anche altri stabilimenti industriali che fecero epoca come la Fabbrica di birra in localit\u00e0 Roggia (1895) e il Cementificio di Castellavazzo (1912). Concludendo precisava come le varie iniziative economiche, da quelle note e studiate alle pi\u00f9 umili fiorirono in un territorio povero inevitabilmente votato per decenni all\u2019emigrazione, ma che nel contesto provinciale poteva dirsi per certi versi all\u2019avanguardia, tanto che gi\u00e0 prima del 1866 poteva vantare un pubblico teatro e nel 1896 si dot\u00f2 per primo tra i Comuni bellunesi dell\u2019illuminazione elettrica\u201d. Dunque in questa terra \u201cnacquero attivit\u00e0 d\u2019impresa non di rado pionieristiche in una provincia troppo a lungo votata all\u2019agricoltura\u201d. A nostra volta concludiamo questo primo servizio dedicato a \u201cIl lavoro\u201d di Elda Deon Cardin elencando i capitoli nei quali si articola e sui quali torneremo: \u201cGli albori della cartolina illustrata\u201d di Simone Osta; le cinque liriche dialettali di Eliana Olivotto; \u201cLe attivit\u00e0 industriali\u201d; \u201cLe attivit\u00e0 commerciali\u201d; \u201cI trasporti\u201d; \u201cLe attivit\u00e0 artigianali\u201d per finire con \u201cRingraziamenti\u201d e la \u201cDecodificazione delle sigle\u201d (usate per le i collezionisti delle immagini).<\/p>\n\n\t\t\t<style type='text\/css'>\n\t\t\t\t#gallery-1 {\n\t\t\t\t\tmargin: auto;\n\t\t\t\t}\n\t\t\t\t#gallery-1 .gallery-item {\n\t\t\t\t\tfloat: left;\n\t\t\t\t\tmargin-top: 10px;\n\t\t\t\t\ttext-align: center;\n\t\t\t\t\twidth: 12%;\n\t\t\t\t}\n\t\t\t\t#gallery-1 img {\n\t\t\t\t\tborder: 2px solid #cfcfcf;\n\t\t\t\t}\n\t\t\t\t#gallery-1 .gallery-caption {\n\t\t\t\t\tmargin-left: 0;\n\t\t\t\t}\n\t\t\t\t\/* see gallery_shortcode() in wp-includes\/media.php *\/\n\t\t\t<\/style>\n\t\t<div id='gallery-1' class='dt-gallery-container gallery galleryid-282852 gallery-columns-8 gallery-size-thumbnail'><dl class='gallery-item'>\n\t\t\t\t<dt class='gallery-icon portrait'>\n\t\t\t\t\t<a class=\"rollover\" href='https:\/\/www.radiopiu.net\/wordpress\/giornale-radiopiu-22-giugno-2022-direttore-mirko-mezzacasa\/287692686_350892377180274_5173082847618882846_n\/'><img loading=\"lazy\" decoding=\"async\" width=\"150\" height=\"150\" src=\"https:\/\/www.radiopiu.net\/wordpress\/wp-content\/uploads\/2022\/06\/287692686_350892377180274_5173082847618882846_n-150x150.jpg\" class=\"attachment-thumbnail size-thumbnail\" alt=\"\" \/><\/a>\n\t\t\t\t<\/dt><\/dl><dl class='gallery-item'>\n\t\t\t\t<dt class='gallery-icon portrait'>\n\t\t\t\t\t<a class=\"rollover\" href='https:\/\/www.radiopiu.net\/wordpress\/giornale-radiopiu-22-giugno-2022-direttore-mirko-mezzacasa\/287333250_585671416512482_3024504201900737489_n\/'><img loading=\"lazy\" decoding=\"async\" width=\"150\" height=\"150\" src=\"https:\/\/www.radiopiu.net\/wordpress\/wp-content\/uploads\/2022\/06\/287333250_585671416512482_3024504201900737489_n-150x150.jpg\" class=\"attachment-thumbnail size-thumbnail\" alt=\"\" \/><\/a>\n\t\t\t\t<\/dt><\/dl><dl class='gallery-item'>\n\t\t\t\t<dt class='gallery-icon portrait'>\n\t\t\t\t\t<a class=\"rollover\" href='https:\/\/www.radiopiu.net\/wordpress\/giornale-radiopiu-22-giugno-2022-direttore-mirko-mezzacasa\/288834519_377762060902261_7386127379790188913_n\/'><img loading=\"lazy\" decoding=\"async\" width=\"150\" height=\"150\" src=\"https:\/\/www.radiopiu.net\/wordpress\/wp-content\/uploads\/2022\/06\/288834519_377762060902261_7386127379790188913_n-150x150.jpg\" class=\"attachment-thumbnail size-thumbnail\" alt=\"\" \/><\/a>\n\t\t\t\t<\/dt><\/dl><dl class='gallery-item'>\n\t\t\t\t<dt class='gallery-icon landscape'>\n\t\t\t\t\t<a class=\"rollover\" href='https:\/\/www.radiopiu.net\/wordpress\/giornale-radiopiu-22-giugno-2022-direttore-mirko-mezzacasa\/288106146_2395415817326940_2284678670935489866_n\/'><img loading=\"lazy\" decoding=\"async\" width=\"150\" height=\"150\" src=\"https:\/\/www.radiopiu.net\/wordpress\/wp-content\/uploads\/2022\/06\/288106146_2395415817326940_2284678670935489866_n-150x150.jpg\" class=\"attachment-thumbnail size-thumbnail\" alt=\"\" \/><\/a>\n\t\t\t\t<\/dt><\/dl><dl class='gallery-item'>\n\t\t\t\t<dt class='gallery-icon landscape'>\n\t\t\t\t\t<a class=\"rollover\" href='https:\/\/www.radiopiu.net\/wordpress\/giornale-radiopiu-22-giugno-2022-direttore-mirko-mezzacasa\/288662908_833134027665088_7938491861637306349_n\/'><img loading=\"lazy\" decoding=\"async\" width=\"150\" height=\"150\" src=\"https:\/\/www.radiopiu.net\/wordpress\/wp-content\/uploads\/2022\/06\/288662908_833134027665088_7938491861637306349_n-150x150.jpg\" class=\"attachment-thumbnail size-thumbnail\" alt=\"\" \/><\/a>\n\t\t\t\t<\/dt><\/dl><dl class='gallery-item'>\n\t\t\t\t<dt class='gallery-icon landscape'>\n\t\t\t\t\t<a class=\"rollover\" href='https:\/\/www.radiopiu.net\/wordpress\/giornale-radiopiu-22-giugno-2022-direttore-mirko-mezzacasa\/287369209_2606897916109186_5480035151262381678_n\/'><img loading=\"lazy\" decoding=\"async\" width=\"150\" height=\"150\" src=\"https:\/\/www.radiopiu.net\/wordpress\/wp-content\/uploads\/2022\/06\/287369209_2606897916109186_5480035151262381678_n-150x150.jpg\" class=\"attachment-thumbnail size-thumbnail\" alt=\"\" \/><\/a>\n\t\t\t\t<\/dt><\/dl><dl class='gallery-item'>\n\t\t\t\t<dt class='gallery-icon landscape'>\n\t\t\t\t\t<a class=\"rollover\" href='https:\/\/www.radiopiu.net\/wordpress\/giornale-radiopiu-22-giugno-2022-direttore-mirko-mezzacasa\/287307828_299342688998833_4093087522362637361_n\/'><img loading=\"lazy\" decoding=\"async\" width=\"150\" height=\"150\" src=\"https:\/\/www.radiopiu.net\/wordpress\/wp-content\/uploads\/2022\/06\/287307828_299342688998833_4093087522362637361_n-150x150.jpg\" class=\"attachment-thumbnail size-thumbnail\" alt=\"\" \/><\/a>\n\t\t\t\t<\/dt><\/dl><dl class='gallery-item'>\n\t\t\t\t<dt class='gallery-icon portrait'>\n\t\t\t\t\t<a class=\"rollover\" href='https:\/\/www.radiopiu.net\/wordpress\/giornale-radiopiu-22-giugno-2022-direttore-mirko-mezzacasa\/286471011_593865945379191_2173856157647850991_n\/'><img loading=\"lazy\" decoding=\"async\" width=\"150\" height=\"150\" src=\"https:\/\/www.radiopiu.net\/wordpress\/wp-content\/uploads\/2022\/06\/286471011_593865945379191_2173856157647850991_n-150x150.jpg\" class=\"attachment-thumbnail size-thumbnail\" alt=\"\" \/><\/a>\n\t\t\t\t<\/dt><\/dl><br style=\"clear: both\" \/><dl class='gallery-item'>\n\t\t\t\t<dt class='gallery-icon landscape'>\n\t\t\t\t\t<a class=\"rollover\" href='https:\/\/www.radiopiu.net\/wordpress\/giornale-radiopiu-22-giugno-2022-direttore-mirko-mezzacasa\/287890045_423466532982592_9175503108549149543_n\/'><img loading=\"lazy\" decoding=\"async\" width=\"150\" height=\"150\" src=\"https:\/\/www.radiopiu.net\/wordpress\/wp-content\/uploads\/2022\/06\/287890045_423466532982592_9175503108549149543_n-150x150.jpg\" class=\"attachment-thumbnail size-thumbnail\" alt=\"\" \/><\/a>\n\t\t\t\t<\/dt><\/dl><dl class='gallery-item'>\n\t\t\t\t<dt class='gallery-icon landscape'>\n\t\t\t\t\t<a class=\"rollover\" href='https:\/\/www.radiopiu.net\/wordpress\/giornale-radiopiu-22-giugno-2022-direttore-mirko-mezzacasa\/288756084_580332406966354_7323670748648634356_n\/'><img loading=\"lazy\" decoding=\"async\" width=\"150\" height=\"150\" src=\"https:\/\/www.radiopiu.net\/wordpress\/wp-content\/uploads\/2022\/06\/288756084_580332406966354_7323670748648634356_n-150x150.jpg\" class=\"attachment-thumbnail size-thumbnail\" alt=\"\" \/><\/a>\n\t\t\t\t<\/dt><\/dl><dl class='gallery-item'>\n\t\t\t\t<dt class='gallery-icon landscape'>\n\t\t\t\t\t<a class=\"rollover\" href='https:\/\/www.radiopiu.net\/wordpress\/giornale-radiopiu-22-giugno-2022-direttore-mirko-mezzacasa\/289009060_1126183544626748_4014680231256120536_n\/'><img loading=\"lazy\" decoding=\"async\" width=\"150\" height=\"150\" src=\"https:\/\/www.radiopiu.net\/wordpress\/wp-content\/uploads\/2022\/06\/289009060_1126183544626748_4014680231256120536_n-150x150.jpg\" class=\"attachment-thumbnail size-thumbnail\" alt=\"\" \/><\/a>\n\t\t\t\t<\/dt><\/dl><dl class='gallery-item'>\n\t\t\t\t<dt class='gallery-icon landscape'>\n\t\t\t\t\t<a class=\"rollover\" href='https:\/\/www.radiopiu.net\/wordpress\/giornale-radiopiu-22-giugno-2022-direttore-mirko-mezzacasa\/288070487_1341569579701066_7612903202972577349_n\/'><img loading=\"lazy\" decoding=\"async\" width=\"150\" height=\"150\" src=\"https:\/\/www.radiopiu.net\/wordpress\/wp-content\/uploads\/2022\/06\/288070487_1341569579701066_7612903202972577349_n-150x150.jpg\" class=\"attachment-thumbnail size-thumbnail\" alt=\"\" \/><\/a>\n\t\t\t\t<\/dt><\/dl><dl class='gallery-item'>\n\t\t\t\t<dt class='gallery-icon landscape'>\n\t\t\t\t\t<a class=\"rollover\" href='https:\/\/www.radiopiu.net\/wordpress\/giornale-radiopiu-22-giugno-2022-direttore-mirko-mezzacasa\/288540488_567528468260732_1479518395670710464_n\/'><img loading=\"lazy\" decoding=\"async\" width=\"150\" height=\"150\" src=\"https:\/\/www.radiopiu.net\/wordpress\/wp-content\/uploads\/2022\/06\/288540488_567528468260732_1479518395670710464_n-150x150.jpg\" class=\"attachment-thumbnail size-thumbnail\" alt=\"\" \/><\/a>\n\t\t\t\t<\/dt><\/dl><dl class='gallery-item'>\n\t\t\t\t<dt class='gallery-icon landscape'>\n\t\t\t\t\t<a class=\"rollover\" href='https:\/\/www.radiopiu.net\/wordpress\/giornale-radiopiu-22-giugno-2022-direttore-mirko-mezzacasa\/288198871_747579199610162_2892666886487385391_n\/'><img loading=\"lazy\" decoding=\"async\" width=\"150\" height=\"150\" src=\"https:\/\/www.radiopiu.net\/wordpress\/wp-content\/uploads\/2022\/06\/288198871_747579199610162_2892666886487385391_n-150x150.jpg\" class=\"attachment-thumbnail size-thumbnail\" alt=\"\" \/><\/a>\n\t\t\t\t<\/dt><\/dl><dl class='gallery-item'>\n\t\t\t\t<dt class='gallery-icon landscape'>\n\t\t\t\t\t<a class=\"rollover\" href='https:\/\/www.radiopiu.net\/wordpress\/giornale-radiopiu-22-giugno-2022-direttore-mirko-mezzacasa\/288540488_567528468260732_1479518395670710464_n-2\/'><img loading=\"lazy\" decoding=\"async\" width=\"150\" height=\"150\" src=\"https:\/\/www.radiopiu.net\/wordpress\/wp-content\/uploads\/2022\/06\/288540488_567528468260732_1479518395670710464_n-1-150x150.jpg\" class=\"attachment-thumbnail size-thumbnail\" alt=\"\" \/><\/a>\n\t\t\t\t<\/dt><\/dl><dl class='gallery-item'>\n\t\t\t\t<dt class='gallery-icon landscape'>\n\t\t\t\t\t<a class=\"rollover\" href='https:\/\/www.radiopiu.net\/wordpress\/giornale-radiopiu-22-giugno-2022-direttore-mirko-mezzacasa\/288662908_1795747347445231_800308390038520807_n\/'><img loading=\"lazy\" decoding=\"async\" width=\"150\" height=\"150\" src=\"https:\/\/www.radiopiu.net\/wordpress\/wp-content\/uploads\/2022\/06\/288662908_1795747347445231_800308390038520807_n-150x150.jpg\" class=\"attachment-thumbnail size-thumbnail\" alt=\"\" \/><\/a>\n\t\t\t\t<\/dt><\/dl><br style=\"clear: both\" \/>\n\t\t\t<\/div>\n\n<p>NELLE FOTO (riproduzioni dal libro \u201cIl Lavoro nelle Valli del Piave e del Vajont prima del 9 ottobre 1963\u201d): la copertina del prezioso volume; l\u2019autrice, Elda Deon Cardin; una ricevuta staccata dall\u2019impresa elettrica A. Cappellari-Bonato; carta intestata della Fabbrica Birra di Longarone; Longarone visto da Roggia in una cartolina del novembre 1917 spedita a Vienna da un soldato (foto Breveglieri, collezione Edc: Elda Deon Cardin); la fabbrica birra di Vittorio Pra Baldi e figlio, 1924-25; primo piano, in basso, delle \u201croste\u201d delle segherie (foto Burloni, collezione Ldb: Luigi De Bona Bic); villa Malcohn (cos\u00ec \u00e8 scritto nella cartolina \u2013 ndr.), nel giugno 1901 (foto Breveglieri, collezione Cdl: Cesare De Liberali); sulla destra l\u2019imbocco del ponte sul Piave per Codissago (foto Breveglieri, collezione Edc); fluitazione di tronchi verso le segherie (collezione Cfbr: Circolo fotografico Bruto Recalchi); anni \u201850: particolare delle Segherie Malcolm (collezione Cfbr); 10 gennaio 1953: cena sociale delle maestranze Malcolm Mariotti srl (collezione Ldb); \u201croste\u201d sul Piave a Fa\u00e8 (foto Breveglieri, collezione Cdl); Cartonificio G. Protti all\u2019inizio del \u2018800; particolare della \u201csala degli sfibratori\u201d; cartolina commemorativa dei primi 50 anni del Cartonificio (collezione So: Simone Osta).<\/p>\n","protected":false},"excerpt":{"rendered":"<p>DI RENATO BONA Come era il lavoro nelle Valli del Piave e del Vajont prima del 9 ottobre 1963, vale a dire prima di quella catastrofe che provoc\u00f2 rovine immani e duemila vittime? La risposta si \u00e8 impegnata a fornirla con la nota passione Elda Deon Cardin (tra l\u2019altro una cara amica, gi\u00e0 mia compagna&hellip;<\/p>\n","protected":false},"author":4,"featured_media":282841,"comment_status":"closed","ping_status":"closed","sticky":false,"template":"","format":"standard","meta":{"_monsterinsights_skip_tracking":false,"_monsterinsights_sitenote_active":false,"_monsterinsights_sitenote_note":"","_monsterinsights_sitenote_category":0,"footnotes":""},"categories":[49],"tags":[],"class_list":["post-282852","post","type-post","status-publish","format-standard","has-post-thumbnail","hentry","category-news-18","category-49","description-off"],"img_url":"https:\/\/www.radiopiu.net\/wordpress\/wp-content\/uploads\/2022\/06\/287369209_2606897916109186_5480035151262381678_n.jpg","_links":{"self":[{"href":"https:\/\/www.radiopiu.net\/wordpress\/wp-json\/wp\/v2\/posts\/282852","targetHints":{"allow":["GET"]}}],"collection":[{"href":"https:\/\/www.radiopiu.net\/wordpress\/wp-json\/wp\/v2\/posts"}],"about":[{"href":"https:\/\/www.radiopiu.net\/wordpress\/wp-json\/wp\/v2\/types\/post"}],"author":[{"embeddable":true,"href":"https:\/\/www.radiopiu.net\/wordpress\/wp-json\/wp\/v2\/users\/4"}],"replies":[{"embeddable":true,"href":"https:\/\/www.radiopiu.net\/wordpress\/wp-json\/wp\/v2\/comments?post=282852"}],"version-history":[{"count":0,"href":"https:\/\/www.radiopiu.net\/wordpress\/wp-json\/wp\/v2\/posts\/282852\/revisions"}],"wp:featuredmedia":[{"embeddable":true,"href":"https:\/\/www.radiopiu.net\/wordpress\/wp-json\/wp\/v2\/media\/282841"}],"wp:attachment":[{"href":"https:\/\/www.radiopiu.net\/wordpress\/wp-json\/wp\/v2\/media?parent=282852"}],"wp:term":[{"taxonomy":"category","embeddable":true,"href":"https:\/\/www.radiopiu.net\/wordpress\/wp-json\/wp\/v2\/categories?post=282852"},{"taxonomy":"post_tag","embeddable":true,"href":"https:\/\/www.radiopiu.net\/wordpress\/wp-json\/wp\/v2\/tags?post=282852"}],"curies":[{"name":"wp","href":"https:\/\/api.w.org\/{rel}","templated":true}]}}