{"id":282899,"date":"2022-06-22T05:01:33","date_gmt":"2022-06-22T03:01:33","guid":{"rendered":"https:\/\/www.radiopiu.net\/wordpress\/?p=282899"},"modified":"2022-06-22T06:05:25","modified_gmt":"2022-06-22T04:05:25","slug":"karate-un-argento-e-due-bronzi-in-slovenia-per-il-karate-team-dolomiti-1970","status":"publish","type":"post","link":"https:\/\/www.radiopiu.net\/wordpress\/karate-un-argento-e-due-bronzi-in-slovenia-per-il-karate-team-dolomiti-1970\/","title":{"rendered":"KARATE \u2013 UN ARGENTO E DUE BRONZI IN SLOVENIA PER IL KARATE TEAM DOLOMITI 1970"},"content":{"rendered":"<p><a class=\"dt-pswp-item\" href=\"https:\/\/www.radiopiu.net\/wordpress\/wp-content\/uploads\/2022\/06\/20220618_180850_stampa-scaled.jpg\" data-dt-img-description=\"\" data-large_image_width=\"2560\" data-large_image_height=\"1997\"><img loading=\"lazy\" decoding=\"async\" class=\"size-thumbnail wp-image-282900 alignleft\" src=\"https:\/\/www.radiopiu.net\/wordpress\/wp-content\/uploads\/2022\/06\/20220618_180850_stampa-150x150.jpg\" alt=\"\" width=\"150\" height=\"150\" \/><\/a>Ed ora \u00e8 la volta di \u0160en\u010dur, in Slovenia a pochi chilometri da Ljubljana, di medagliare le atlete del dinamico team bellunese. Dopo Zagreb, Rijeka, Opatija e Postojna sono due, questa volta, le portacolori bellunesi a salire sul podio. Un altro argento per l\u2019agordina Mariachiara Masoch nella classe Juniores al limite dei 48 kg e due bronzi per la debuttante Maya Pasotto nella classe juniores dei 59 kg e nella gara open, senza limite di peso. Continua pertanto, con quest\u2019ultimo sabato di gare, l\u2019ottima serie di positivi risultati del Karate Team Dolomiti 1970. Grande soddisfazione quindi ma non termina qui il fine settimana sportivo del club bellunese. Il giorno dopo, domenica, una giornata di duro allenamento e sparring, mattutino e pomeridiano, a Mogliano Veneto (TV), al Karate City Camp. Un mensile momento di confronto tra club del nord Italia, sotto la guida del M\u00b0 Moreno Vittorio, con analisi video degli incontri del giorno prima e ricerca di soluzioni e correttivi alle prestazioni viste in gara. Proseguono dunque le tappe di avvicinamento alla oramai prossima Youth League 2022, competizione mondiale riservata ai giovani karateka dai 12 ai 17 anni, che si svolger\u00e0 a Porec, in Croazia, dall\u20191 al 3 luglio. A seguire il 16\/17 luglio, sempre a Mogliano Veneto, un fine settimana di training di altissimo livello al City Camp con l\u2019amico M\u00b0 ucraino Denys Morozov. Uno dei migliori tecnici di kumite, combattimento, al mondo che ha portato sul secondo gradino del podio olimpico di Tokio 2020 ben due sue atlete ed in due nazionali diverse, Anzhelika Terliuga per l\u2019Ucraina e Irina Zareska per l\u2019Azerbaijan.<\/p>\n<p>Nella foto da sx: Mariachiara Masoch, Vittorio Moreno e Maya Pasotto.<\/p>\n<p>&nbsp;<\/p>\n<hr \/>\n<p>&nbsp;<\/p>\n","protected":false},"excerpt":{"rendered":"<p>Ed ora \u00e8 la volta di \u0160en\u010dur, in Slovenia a pochi chilometri da Ljubljana, di medagliare le atlete del dinamico team bellunese. Dopo Zagreb, Rijeka, Opatija e Postojna sono due, questa volta, le portacolori bellunesi a salire sul podio. Un altro argento per l\u2019agordina Mariachiara Masoch nella classe Juniores al limite dei 48 kg e&hellip;<\/p>\n","protected":false},"author":4,"featured_media":282900,"comment_status":"closed","ping_status":"closed","sticky":false,"template":"","format":"standard","meta":{"_monsterinsights_skip_tracking":false,"_monsterinsights_sitenote_active":false,"_monsterinsights_sitenote_note":"","_monsterinsights_sitenote_category":0,"footnotes":""},"categories":[104,49],"tags":[],"class_list":["post-282899","post","type-post","status-publish","format-standard","has-post-thumbnail","hentry","category-evidenza_3","category-news-18","category-104","category-49","description-off"],"img_url":"https:\/\/www.radiopiu.net\/wordpress\/wp-content\/uploads\/2022\/06\/20220618_180850_stampa-scaled.jpg","_links":{"self":[{"href":"https:\/\/www.radiopiu.net\/wordpress\/wp-json\/wp\/v2\/posts\/282899","targetHints":{"allow":["GET"]}}],"collection":[{"href":"https:\/\/www.radiopiu.net\/wordpress\/wp-json\/wp\/v2\/posts"}],"about":[{"href":"https:\/\/www.radiopiu.net\/wordpress\/wp-json\/wp\/v2\/types\/post"}],"author":[{"embeddable":true,"href":"https:\/\/www.radiopiu.net\/wordpress\/wp-json\/wp\/v2\/users\/4"}],"replies":[{"embeddable":true,"href":"https:\/\/www.radiopiu.net\/wordpress\/wp-json\/wp\/v2\/comments?post=282899"}],"version-history":[{"count":0,"href":"https:\/\/www.radiopiu.net\/wordpress\/wp-json\/wp\/v2\/posts\/282899\/revisions"}],"wp:featuredmedia":[{"embeddable":true,"href":"https:\/\/www.radiopiu.net\/wordpress\/wp-json\/wp\/v2\/media\/282900"}],"wp:attachment":[{"href":"https:\/\/www.radiopiu.net\/wordpress\/wp-json\/wp\/v2\/media?parent=282899"}],"wp:term":[{"taxonomy":"category","embeddable":true,"href":"https:\/\/www.radiopiu.net\/wordpress\/wp-json\/wp\/v2\/categories?post=282899"},{"taxonomy":"post_tag","embeddable":true,"href":"https:\/\/www.radiopiu.net\/wordpress\/wp-json\/wp\/v2\/tags?post=282899"}],"curies":[{"name":"wp","href":"https:\/\/api.w.org\/{rel}","templated":true}]}}