{"id":282907,"date":"2022-09-18T06:18:51","date_gmt":"2022-09-18T04:18:51","guid":{"rendered":"https:\/\/www.radiopiu.net\/wordpress\/?p=282907"},"modified":"2023-10-18T07:01:30","modified_gmt":"2023-10-18T05:01:30","slug":"internicola-deve-pagare-il-comune-fa-scattare-il-pignoramento","status":"publish","type":"post","link":"https:\/\/www.radiopiu.net\/wordpress\/internicola-deve-pagare-il-comune-fa-scattare-il-pignoramento\/","title":{"rendered":"INTERNICOLA: DEVE PAGARE. IL COMUNE FA SCATTARE IL PIGNORAMENTO"},"content":{"rendered":"<h2><\/h2>\n<blockquote>\n<h3><img loading=\"lazy\" decoding=\"async\" class=\"alignleft\" src=\"https:\/\/www.radiopiu.net\/wordpress\/wp-content\/uploads\/2021\/09\/tribunale-belluno.jpg\" width=\"225\" height=\"150\" \/>LA INTERNICOLA HA DECISO DI NON PAGARE, IL COMUNE VERSO IL PIGNORAMENTO<\/h3>\n<\/blockquote>\n<div class=\"articlePlainText\"><strong>ROCCA PIETORE<\/strong> &#8220;Lazzaroni&#8221; soltanto uno dei tanti epiteti contro i rocchesani, gli agordini, uscito dalla tastiera della turista bresciana Laura Internicola. Dopo aver diffamato su Facebook la donna era stata condannata in sede civile a un risarcimento di 11 mila euro. Internicola ha fatto sapere di non essere in grado di pagare. Il Comune ha quindi attivato\u00a0 la procedura esecutiva mobiliare per il recupero della totalit\u00e0 delle somme indicate in sentenza. Non pu\u00f2 pagare e allora ci sar\u00e0 il pignoramento.<\/div>\n<p>&nbsp;<\/p>\n<p>&nbsp;<\/p>\n<p>&nbsp;<\/p>\n<p>&nbsp;<\/p>\n<hr \/>\n<h2><span style=\"color: #ff0000;\">archivio radiopiu<\/span><\/h2>\n<p><strong>BELLUNO<\/strong>\u00a0 \u00abCerebroleso, cos\u00ec Laura Internicola aveva definito il\u00a0 sindaco di Livinallongo, Leandro Grones. Il tribunale l&#8217;ha multata: 344 euro,\u00a0 il pubblico ministero Gulli aveva prospettato l&#8217;assoluzione dal reato di diffamazione aggravata su Facebook per insufficienza o contradditoriet\u00e0 della prova. L&#8217;imputata ha chiesto di poter rendere altre dichiarazioni spontanee, nelle quali ha attaccato gli investigatori, la stampa che non perde occasione per sbeffeggiarla e il giudice . Il primo processo finisce con una condanna. Il prossimo il 4 ottobre<\/p>\n<p>&nbsp;<\/p>\n<h2>LAZZARONI E ASSISTENZIALISTI! LA BRESCIANA RISCHIA 10 MESI DI CARCERE<\/h2>\n<p>&nbsp;<\/p>\n<p><strong>BELLUNO<\/strong> \u00abLazzaroni e assistenzialisti\u00bb ai paesani di Rocca Pietore. \u00abFalso, ipocrita e pure cerebroleso\u00bb al sindaco di Livinallongo, Leandro Grones. La turista bresciana Laura Internicola rischia 10 mesi di reclusione senza attenuanti generiche per diffamazione aggravata e il pagamento di 20 mila euro a Grones (, Pubblico Ministero Sandra Rossi). Il Comune di Rocca e il primo cittadino hanno avviato una causa civile da un milione. Eppure, secondo lei, avrebbe espresso un libero parere, esercitando il proprio legittimo diritto di critica dopo aver visitato i Serrai di Sottoguda devastati dalla tempesta. Non un dubbio di aver offeso e ferito due comunit\u00e0. Ha dato del pregiudicato a Grones e, sempre a suo dire, a processo ci sarebbe dovuta andare la donna, che ha rilanciato il post incriminato, dopo che era stato cancellato, condividendolo con il governatore Zaia e l&#8217;assessore Bottacin.\u00a0 L&#8217;avvocato di Grones, Montino, ha tra l&#8217;altro sottolineato che i post sono a nome Internicola e non c&#8217;\u00e8 stato furto d&#8217;identit\u00e0. Il difensore Giatti ha chiesto l&#8217;assoluzione, contestando le indagini, dopo che la sua assistita non era stata tenera neanche con lui. Sentenza il 4 ottobre.<\/p>\n<p>&nbsp;<\/p>\n<p><strong>ARCHIVIO RADIOPIU<\/strong><\/p>\n<blockquote class=\"wp-embedded-content\" data-secret=\"NNHpMwpSJk\"><p><a href=\"https:\/\/www.radiopiu.net\/wordpress\/corrrrrr\/\">I &#8220;LAZZARONI&#8221; E &#8220;ASSISTENZIALISTI&#8221; TRASCINANO LA BRESCIANA IN TRIBUNALE<\/a><\/p><\/blockquote>\n<p><iframe loading=\"lazy\" class=\"wp-embedded-content\" sandbox=\"allow-scripts\" security=\"restricted\" style=\"position: absolute; clip: rect(1px, 1px, 1px, 1px);\" title=\"&#8220;I &#8220;LAZZARONI&#8221; E &#8220;ASSISTENZIALISTI&#8221; TRASCINANO LA BRESCIANA IN TRIBUNALE&#8221; &#8212; Radio Pi\u00f9\" src=\"https:\/\/www.radiopiu.net\/wordpress\/corrrrrr\/embed\/#?secret=acMxjEX5IN#?secret=NNHpMwpSJk\" data-secret=\"NNHpMwpSJk\" width=\"600\" height=\"338\" frameborder=\"0\" marginwidth=\"0\" marginheight=\"0\" scrolling=\"no\"><\/iframe><\/p>\n<p>___<\/p>\n<p><strong>ARCHIVIO RADIOPIU<\/strong><\/p>\n<blockquote class=\"wp-embedded-content\" data-secret=\"L3Y20MvRzn\"><p><a href=\"https:\/\/www.radiopiu.net\/wordpress\/linternicola-del-sindaco-celebroleso-a-processo\/\">L&#8217;INTERNICOLA DEL &#8220;SINDACO CELEBROLESO&#8221; A PROCESSO\u00a0<\/a><\/p><\/blockquote>\n<p><iframe loading=\"lazy\" class=\"wp-embedded-content\" sandbox=\"allow-scripts\" security=\"restricted\" style=\"position: absolute; clip: rect(1px, 1px, 1px, 1px);\" title=\"&#8220;L&#8217;INTERNICOLA DEL &#8220;SINDACO CELEBROLESO&#8221; A PROCESSO\u00a0&#8221; &#8212; Radio Pi\u00f9\" src=\"https:\/\/www.radiopiu.net\/wordpress\/linternicola-del-sindaco-celebroleso-a-processo\/embed\/#?secret=w6V09enU2q#?secret=L3Y20MvRzn\" data-secret=\"L3Y20MvRzn\" width=\"600\" height=\"338\" frameborder=\"0\" marginwidth=\"0\" marginheight=\"0\" scrolling=\"no\"><\/iframe><\/p>\n","protected":false},"excerpt":{"rendered":"<p>LA INTERNICOLA HA DECISO DI NON PAGARE, IL COMUNE VERSO IL PIGNORAMENTO ROCCA PIETORE &#8220;Lazzaroni&#8221; soltanto uno dei tanti epiteti contro i rocchesani, gli agordini, uscito dalla tastiera della turista bresciana Laura Internicola. Dopo aver diffamato su Facebook la donna era stata condannata in sede civile a un risarcimento di 11 mila euro. Internicola ha&hellip;<\/p>\n","protected":false},"author":4,"featured_media":232453,"comment_status":"closed","ping_status":"closed","sticky":false,"template":"","format":"standard","meta":{"_monsterinsights_skip_tracking":false,"_monsterinsights_sitenote_active":false,"_monsterinsights_sitenote_note":"","_monsterinsights_sitenote_category":0,"footnotes":""},"categories":[51,49],"tags":[],"class_list":["post-282907","post","type-post","status-publish","format-standard","has-post-thumbnail","hentry","category-evidenza-top","category-news-18","category-51","category-49","description-off"],"img_url":"https:\/\/www.radiopiu.net\/wordpress\/wp-content\/uploads\/2021\/09\/tribunale-belluno.jpg","_links":{"self":[{"href":"https:\/\/www.radiopiu.net\/wordpress\/wp-json\/wp\/v2\/posts\/282907","targetHints":{"allow":["GET"]}}],"collection":[{"href":"https:\/\/www.radiopiu.net\/wordpress\/wp-json\/wp\/v2\/posts"}],"about":[{"href":"https:\/\/www.radiopiu.net\/wordpress\/wp-json\/wp\/v2\/types\/post"}],"author":[{"embeddable":true,"href":"https:\/\/www.radiopiu.net\/wordpress\/wp-json\/wp\/v2\/users\/4"}],"replies":[{"embeddable":true,"href":"https:\/\/www.radiopiu.net\/wordpress\/wp-json\/wp\/v2\/comments?post=282907"}],"version-history":[{"count":0,"href":"https:\/\/www.radiopiu.net\/wordpress\/wp-json\/wp\/v2\/posts\/282907\/revisions"}],"wp:featuredmedia":[{"embeddable":true,"href":"https:\/\/www.radiopiu.net\/wordpress\/wp-json\/wp\/v2\/media\/232453"}],"wp:attachment":[{"href":"https:\/\/www.radiopiu.net\/wordpress\/wp-json\/wp\/v2\/media?parent=282907"}],"wp:term":[{"taxonomy":"category","embeddable":true,"href":"https:\/\/www.radiopiu.net\/wordpress\/wp-json\/wp\/v2\/categories?post=282907"},{"taxonomy":"post_tag","embeddable":true,"href":"https:\/\/www.radiopiu.net\/wordpress\/wp-json\/wp\/v2\/tags?post=282907"}],"curies":[{"name":"wp","href":"https:\/\/api.w.org\/{rel}","templated":true}]}}