{"id":282969,"date":"2022-06-23T05:37:35","date_gmt":"2022-06-23T03:37:35","guid":{"rendered":"https:\/\/www.radiopiu.net\/wordpress\/?p=282969"},"modified":"2022-06-23T05:47:21","modified_gmt":"2022-06-23T03:47:21","slug":"programmata-la-chiusura-notturna-della-galleria-termine-lungo-la-statale-51-di-alemagna","status":"publish","type":"post","link":"https:\/\/www.radiopiu.net\/wordpress\/programmata-la-chiusura-notturna-della-galleria-termine-lungo-la-statale-51-di-alemagna\/","title":{"rendered":"PROGRAMMATA LA CHIUSURA NOTTURNA DELLA GALLERIA \u2018TERMINE\u2019 LUNGO LA STATALE 51 \u201cDI ALEMAGNA\u201d"},"content":{"rendered":"<p><strong><a class=\"dt-pswp-item\" href=\"https:\/\/www.radiopiu.net\/wordpress\/wp-content\/uploads\/2021\/06\/anas.png\" data-dt-img-description=\"\" data-large_image_width=\"299\" data-large_image_height=\"169\"><img loading=\"lazy\" decoding=\"async\" class=\"alignleft wp-image-213422 \" src=\"https:\/\/www.radiopiu.net\/wordpress\/wp-content\/uploads\/2021\/06\/anas.png\" alt=\"\" width=\"173\" height=\"98\" \/><\/a>VENEZIA <\/strong>Per consentire l\u2019esecuzione dei lavori di manutenzione degli impianti tecnologici della galleria \u2018Termine\u2019 sono previste limitazioni notturne lungo la strada statale 51 \u201cdi Alemagna\u201d a Termine di Cadore (BL). Da oggi, mercoled\u00ec 22 giugno, nella fascia oraria compresa tra le 21:00 e le 5:00 del giorno successivo, sar\u00e0 chiuso al traffico il tratto dal km 53,400 al km 56,400 con deviazione della circolazione sulla NSA 215 (ex strada statale 51). La modifica alla circolazione non sar\u00e0 in vigore nei giorni festivi e prefestivi ed \u00e8 prevista fino a mercoled\u00ec 6 luglio 2021.<\/p>\n<p>&nbsp;<\/p>\n<p>&nbsp;<\/p>\n<p>&nbsp;<\/p>\n<p>*****<\/p>\n","protected":false},"excerpt":{"rendered":"<p>VENEZIA Per consentire l\u2019esecuzione dei lavori di manutenzione degli impianti tecnologici della galleria \u2018Termine\u2019 sono previste limitazioni notturne lungo la strada statale 51 \u201cdi Alemagna\u201d a Termine di Cadore (BL). Da oggi, mercoled\u00ec 22 giugno, nella fascia oraria compresa tra le 21:00 e le 5:00 del giorno successivo, sar\u00e0 chiuso al traffico il tratto dal&hellip;<\/p>\n","protected":false},"author":4,"featured_media":213422,"comment_status":"closed","ping_status":"closed","sticky":false,"template":"","format":"standard","meta":{"_monsterinsights_skip_tracking":false,"_monsterinsights_sitenote_active":false,"_monsterinsights_sitenote_note":"","_monsterinsights_sitenote_category":0,"footnotes":""},"categories":[51,49],"tags":[],"class_list":["post-282969","post","type-post","status-publish","format-standard","has-post-thumbnail","hentry","category-evidenza-top","category-news-18","category-51","category-49","description-off"],"img_url":"https:\/\/www.radiopiu.net\/wordpress\/wp-content\/uploads\/2021\/06\/anas.png","_links":{"self":[{"href":"https:\/\/www.radiopiu.net\/wordpress\/wp-json\/wp\/v2\/posts\/282969","targetHints":{"allow":["GET"]}}],"collection":[{"href":"https:\/\/www.radiopiu.net\/wordpress\/wp-json\/wp\/v2\/posts"}],"about":[{"href":"https:\/\/www.radiopiu.net\/wordpress\/wp-json\/wp\/v2\/types\/post"}],"author":[{"embeddable":true,"href":"https:\/\/www.radiopiu.net\/wordpress\/wp-json\/wp\/v2\/users\/4"}],"replies":[{"embeddable":true,"href":"https:\/\/www.radiopiu.net\/wordpress\/wp-json\/wp\/v2\/comments?post=282969"}],"version-history":[{"count":0,"href":"https:\/\/www.radiopiu.net\/wordpress\/wp-json\/wp\/v2\/posts\/282969\/revisions"}],"wp:featuredmedia":[{"embeddable":true,"href":"https:\/\/www.radiopiu.net\/wordpress\/wp-json\/wp\/v2\/media\/213422"}],"wp:attachment":[{"href":"https:\/\/www.radiopiu.net\/wordpress\/wp-json\/wp\/v2\/media?parent=282969"}],"wp:term":[{"taxonomy":"category","embeddable":true,"href":"https:\/\/www.radiopiu.net\/wordpress\/wp-json\/wp\/v2\/categories?post=282969"},{"taxonomy":"post_tag","embeddable":true,"href":"https:\/\/www.radiopiu.net\/wordpress\/wp-json\/wp\/v2\/tags?post=282969"}],"curies":[{"name":"wp","href":"https:\/\/api.w.org\/{rel}","templated":true}]}}