{"id":282975,"date":"2022-06-23T05:38:51","date_gmt":"2022-06-23T03:38:51","guid":{"rendered":"https:\/\/www.radiopiu.net\/wordpress\/?p=282975"},"modified":"2022-06-23T05:47:06","modified_gmt":"2022-06-23T03:47:06","slug":"chiusura-della-strada-per-malga-foca","status":"publish","type":"post","link":"https:\/\/www.radiopiu.net\/wordpress\/chiusura-della-strada-per-malga-foca\/","title":{"rendered":"CHIUSURA DELLA STRADA PER MALGA FOCA"},"content":{"rendered":"<p><strong><a class=\"dt-pswp-item\" href=\"https:\/\/www.radiopiu.net\/wordpress\/wp-content\/uploads\/2021\/06\/83a13bb7-efc6-4ad3-9647-9b311c7aa5c4.jpg\" data-dt-img-description=\"\" data-large_image_width=\"1920\" data-large_image_height=\"1080\"><img loading=\"lazy\" decoding=\"async\" class=\"size-thumbnail wp-image-215875 alignleft\" src=\"https:\/\/www.radiopiu.net\/wordpress\/wp-content\/uploads\/2021\/06\/83a13bb7-efc6-4ad3-9647-9b311c7aa5c4-150x150.jpg\" alt=\"\" width=\"150\" height=\"150\" \/><\/a>LA VALLE<\/strong> Il comune di La Valle comunica che la strada per Malga Foca chiuder\u00e0 al transito veicolare e pedonale \u00a0dal 27\/06\/2022 per un periodo piuttosto lungo per esbosco di schianti e trasporto del materiale a valle. La chiusura \u00e8 prevista \u00a0fino al 15\/11\/2022 . La strada interessata \u00e8 denominata Conaggia-Malga Foca-Buscaresem e chiuder\u00e0 il tratto dalla localit\u00e0 La Boa fino al bivio posto poco sotto la Malga Foca dove parte una strada che porta a Folega. Gli orari di chiusura: dal luned\u00ec al venerd\u00ec dalle\u00a0 7 alle 18 e il sabato dalle\u00a0 \u00a07 alle\u00a0 12, il sabato pomeriggio e la domenica \u00e8 aperta. Resta interdetto sempre a partire dal 27\/06\/2022 \u00a0il transito sia veicolare che pedonale della strada che dal bivio posto poco sotto Malga Foca porta verso Folega , i lavori boschivi verranno svolti soprattutto nella zona del Mandriz di Folega e forcella Folega e interesseranno anche il sentiero CAI 545 che attraversa la zona del cantiere boschivo nella localit\u00e0 \u201cMadonna dei Sciar\u201d e forcella Folega.<\/p>\n<p>&nbsp;<\/p>\n<p>&nbsp;<\/p>\n<p>******<\/p>\n","protected":false},"excerpt":{"rendered":"<p>LA VALLE Il comune di La Valle comunica che la strada per Malga Foca chiuder\u00e0 al transito veicolare e pedonale \u00a0dal 27\/06\/2022 per un periodo piuttosto lungo per esbosco di schianti e trasporto del materiale a valle. La chiusura \u00e8 prevista \u00a0fino al 15\/11\/2022 . La strada interessata \u00e8 denominata Conaggia-Malga Foca-Buscaresem e chiuder\u00e0 il&hellip;<\/p>\n","protected":false},"author":4,"featured_media":215875,"comment_status":"closed","ping_status":"closed","sticky":false,"template":"","format":"standard","meta":{"_monsterinsights_skip_tracking":false,"_monsterinsights_sitenote_active":false,"_monsterinsights_sitenote_note":"","_monsterinsights_sitenote_category":0,"footnotes":""},"categories":[51,49],"tags":[],"class_list":["post-282975","post","type-post","status-publish","format-standard","has-post-thumbnail","hentry","category-evidenza-top","category-news-18","category-51","category-49","description-off"],"img_url":"https:\/\/www.radiopiu.net\/wordpress\/wp-content\/uploads\/2021\/06\/83a13bb7-efc6-4ad3-9647-9b311c7aa5c4.jpg","_links":{"self":[{"href":"https:\/\/www.radiopiu.net\/wordpress\/wp-json\/wp\/v2\/posts\/282975","targetHints":{"allow":["GET"]}}],"collection":[{"href":"https:\/\/www.radiopiu.net\/wordpress\/wp-json\/wp\/v2\/posts"}],"about":[{"href":"https:\/\/www.radiopiu.net\/wordpress\/wp-json\/wp\/v2\/types\/post"}],"author":[{"embeddable":true,"href":"https:\/\/www.radiopiu.net\/wordpress\/wp-json\/wp\/v2\/users\/4"}],"replies":[{"embeddable":true,"href":"https:\/\/www.radiopiu.net\/wordpress\/wp-json\/wp\/v2\/comments?post=282975"}],"version-history":[{"count":0,"href":"https:\/\/www.radiopiu.net\/wordpress\/wp-json\/wp\/v2\/posts\/282975\/revisions"}],"wp:featuredmedia":[{"embeddable":true,"href":"https:\/\/www.radiopiu.net\/wordpress\/wp-json\/wp\/v2\/media\/215875"}],"wp:attachment":[{"href":"https:\/\/www.radiopiu.net\/wordpress\/wp-json\/wp\/v2\/media?parent=282975"}],"wp:term":[{"taxonomy":"category","embeddable":true,"href":"https:\/\/www.radiopiu.net\/wordpress\/wp-json\/wp\/v2\/categories?post=282975"},{"taxonomy":"post_tag","embeddable":true,"href":"https:\/\/www.radiopiu.net\/wordpress\/wp-json\/wp\/v2\/tags?post=282975"}],"curies":[{"name":"wp","href":"https:\/\/api.w.org\/{rel}","templated":true}]}}