{"id":282992,"date":"2022-06-23T05:29:17","date_gmt":"2022-06-23T03:29:17","guid":{"rendered":"https:\/\/www.radiopiu.net\/wordpress\/?p=282992"},"modified":"2022-06-23T05:52:55","modified_gmt":"2022-06-23T03:52:55","slug":"siccita-zaia-chiede-al-governo-lo-stato-di-emergenza-lo-attendiamo-dal-21-aprile-e-non-si-puo-piu-aspettare","status":"publish","type":"post","link":"https:\/\/www.radiopiu.net\/wordpress\/siccita-zaia-chiede-al-governo-lo-stato-di-emergenza-lo-attendiamo-dal-21-aprile-e-non-si-puo-piu-aspettare\/","title":{"rendered":"SICCITA&#8217;. ZAIA CHIEDE AL GOVERNO LO STATO DI EMERGENZA &#8220;LO ATTENDIAMO DAL 21 APRILE E NON SI PUO&#8217; PIU&#8217; ASPETTARE"},"content":{"rendered":"<p><strong><img loading=\"lazy\" decoding=\"async\" class=\"alignleft\" src=\"https:\/\/www.radiopiu.net\/wordpress\/wp-content\/uploads\/2022\/06\/cornfield-4240209__340.jpg\" width=\"200\" height=\"133\" \/>VENEZIA<\/strong>\u00a0 <em>\u201cNon si pu\u00f2 pi\u00f9 aspettare; la situazione deve essere affrontata con massima velocit\u00e0 anche dal Governo. Ho scritto al Presidente del Consiglio sollecitando l\u2019immediata dichiarazione dello stato di emergenza\u201d. <\/em>Sono parole del Presidente della Regione del Veneto che aggiunge: <em>\u201cEra il 21 aprile\u00a0 quando ho inviato una lettera al Presidente del Consiglio, Mario Draghi, e al Capodipartimento della Protezione Civile, Fabrizio Curcio, nella quale richiedevo di valutare la dichiarazione dello \u2018Stato di emergenza. Nel documento ho anche richiesto un congruo sostegno economico al fine di assicurare tutti quegli interventi necessari per assicurare la pubblica incolumit\u00e0, il ripristino dei danni subiti dal patrimonio sia pubblico sia privato e le normali condizioni di vita della popolazione\u201d.<\/em><\/p>\n<p>&nbsp;<\/p>\n<p>&nbsp;<\/p>\n<h1>CRISI IDRICA, LE CINQUE PROPOSTE DELL&#8217;UNCEM<\/h1>\n<p><strong>7 PAGINE<\/strong><\/p>\n<a href=\"https:\/\/www.radiopiu.net\/wordpress\/wp-content\/uploads\/2022\/06\/UNCEM_5_proposte_contro_crisi_idrica_22_6_2022_r.pdf\" class=\"pdfemb-viewer\" style=\"\" data-width=\"max\" data-height=\"max\" data-toolbar=\"top\" data-toolbar-fixed=\"on\">UNCEM_5_proposte_contro_crisi_idrica_22_6_2022_r<\/a>\n<p>&nbsp;<\/p>\n<hr \/>\n<p>&nbsp;<\/p>\n","protected":false},"excerpt":{"rendered":"<p>VENEZIA\u00a0 \u201cNon si pu\u00f2 pi\u00f9 aspettare; la situazione deve essere affrontata con massima velocit\u00e0 anche dal Governo. Ho scritto al Presidente del Consiglio sollecitando l\u2019immediata dichiarazione dello stato di emergenza\u201d. Sono parole del Presidente della Regione del Veneto che aggiunge: \u201cEra il 21 aprile\u00a0 quando ho inviato una lettera al Presidente del Consiglio, Mario Draghi,&hellip;<\/p>\n","protected":false},"author":4,"featured_media":282993,"comment_status":"closed","ping_status":"closed","sticky":false,"template":"","format":"standard","meta":{"_monsterinsights_skip_tracking":false,"_monsterinsights_sitenote_active":false,"_monsterinsights_sitenote_note":"","_monsterinsights_sitenote_category":0,"footnotes":""},"categories":[104,49],"tags":[],"class_list":["post-282992","post","type-post","status-publish","format-standard","has-post-thumbnail","hentry","category-evidenza_3","category-news-18","category-104","category-49","description-off"],"img_url":"https:\/\/www.radiopiu.net\/wordpress\/wp-content\/uploads\/2022\/06\/cornfield-4240209__340.jpg","_links":{"self":[{"href":"https:\/\/www.radiopiu.net\/wordpress\/wp-json\/wp\/v2\/posts\/282992","targetHints":{"allow":["GET"]}}],"collection":[{"href":"https:\/\/www.radiopiu.net\/wordpress\/wp-json\/wp\/v2\/posts"}],"about":[{"href":"https:\/\/www.radiopiu.net\/wordpress\/wp-json\/wp\/v2\/types\/post"}],"author":[{"embeddable":true,"href":"https:\/\/www.radiopiu.net\/wordpress\/wp-json\/wp\/v2\/users\/4"}],"replies":[{"embeddable":true,"href":"https:\/\/www.radiopiu.net\/wordpress\/wp-json\/wp\/v2\/comments?post=282992"}],"version-history":[{"count":0,"href":"https:\/\/www.radiopiu.net\/wordpress\/wp-json\/wp\/v2\/posts\/282992\/revisions"}],"wp:featuredmedia":[{"embeddable":true,"href":"https:\/\/www.radiopiu.net\/wordpress\/wp-json\/wp\/v2\/media\/282993"}],"wp:attachment":[{"href":"https:\/\/www.radiopiu.net\/wordpress\/wp-json\/wp\/v2\/media?parent=282992"}],"wp:term":[{"taxonomy":"category","embeddable":true,"href":"https:\/\/www.radiopiu.net\/wordpress\/wp-json\/wp\/v2\/categories?post=282992"},{"taxonomy":"post_tag","embeddable":true,"href":"https:\/\/www.radiopiu.net\/wordpress\/wp-json\/wp\/v2\/tags?post=282992"}],"curies":[{"name":"wp","href":"https:\/\/api.w.org\/{rel}","templated":true}]}}