{"id":283013,"date":"2022-06-23T05:39:03","date_gmt":"2022-06-23T03:39:03","guid":{"rendered":"https:\/\/www.radiopiu.net\/wordpress\/?p=283013"},"modified":"2022-06-23T05:51:05","modified_gmt":"2022-06-23T03:51:05","slug":"avoscan-chenet-bastiani-la-strada-chiude-nei-giorni-feriali","status":"publish","type":"post","link":"https:\/\/www.radiopiu.net\/wordpress\/avoscan-chenet-bastiani-la-strada-chiude-nei-giorni-feriali\/","title":{"rendered":"AVOSCAN-CHENET-BASTIANI: LA STRADA CHIUDE NEI GIORNI FERIALI"},"content":{"rendered":"<p><strong><img loading=\"lazy\" decoding=\"async\" class=\"alignleft\" src=\"https:\/\/www.radiopiu.net\/wordpress\/wp-content\/uploads\/2022\/06\/cencenighe.jpg\" width=\"157\" height=\"105\" \/>CENCENIGHE<\/strong> Lavori in corso nelle frazioni, cantieri per la messa in sicurezza della viabilit\u00e0 comunale che obbligano alla chiusura totale al traffico veicolare e pedonale della strada che conduce alle localit\u00e0 Foch, Chenet, Collaz e Bastian. Da domani e fino al 5 agosto dal lunedi al venerdi la strada sar\u00e0 chiusa dalle 8 alle 9.45 (riapertura fino alle 10) dalle 10 alle 12 (riapertura fino alle 13). Nel pomeriggio chiusura dalle 13 alle 14.15 (riapertura fino alle 14.30) e dalle 14.30 alle 17.30. Nei giorni festivi e prefestivi strada aperta senza alcuna interruzione.<\/p>\n<p>&nbsp;<\/p>\n<p>&#8212;<\/p>\n","protected":false},"excerpt":{"rendered":"<p>CENCENIGHE Lavori in corso nelle frazioni, cantieri per la messa in sicurezza della viabilit\u00e0 comunale che obbligano alla chiusura totale al traffico veicolare e pedonale della strada che conduce alle localit\u00e0 Foch, Chenet, Collaz e Bastian. Da domani e fino al 5 agosto dal lunedi al venerdi la strada sar\u00e0 chiusa dalle 8 alle 9.45&hellip;<\/p>\n","protected":false},"author":4,"featured_media":283014,"comment_status":"closed","ping_status":"closed","sticky":false,"template":"","format":"standard","meta":{"_monsterinsights_skip_tracking":false,"_monsterinsights_sitenote_active":false,"_monsterinsights_sitenote_note":"","_monsterinsights_sitenote_category":0,"footnotes":""},"categories":[51,49],"tags":[],"class_list":["post-283013","post","type-post","status-publish","format-standard","has-post-thumbnail","hentry","category-evidenza-top","category-news-18","category-51","category-49","description-off"],"img_url":"https:\/\/www.radiopiu.net\/wordpress\/wp-content\/uploads\/2022\/06\/cencenighe.jpg","_links":{"self":[{"href":"https:\/\/www.radiopiu.net\/wordpress\/wp-json\/wp\/v2\/posts\/283013","targetHints":{"allow":["GET"]}}],"collection":[{"href":"https:\/\/www.radiopiu.net\/wordpress\/wp-json\/wp\/v2\/posts"}],"about":[{"href":"https:\/\/www.radiopiu.net\/wordpress\/wp-json\/wp\/v2\/types\/post"}],"author":[{"embeddable":true,"href":"https:\/\/www.radiopiu.net\/wordpress\/wp-json\/wp\/v2\/users\/4"}],"replies":[{"embeddable":true,"href":"https:\/\/www.radiopiu.net\/wordpress\/wp-json\/wp\/v2\/comments?post=283013"}],"version-history":[{"count":0,"href":"https:\/\/www.radiopiu.net\/wordpress\/wp-json\/wp\/v2\/posts\/283013\/revisions"}],"wp:featuredmedia":[{"embeddable":true,"href":"https:\/\/www.radiopiu.net\/wordpress\/wp-json\/wp\/v2\/media\/283014"}],"wp:attachment":[{"href":"https:\/\/www.radiopiu.net\/wordpress\/wp-json\/wp\/v2\/media?parent=283013"}],"wp:term":[{"taxonomy":"category","embeddable":true,"href":"https:\/\/www.radiopiu.net\/wordpress\/wp-json\/wp\/v2\/categories?post=283013"},{"taxonomy":"post_tag","embeddable":true,"href":"https:\/\/www.radiopiu.net\/wordpress\/wp-json\/wp\/v2\/tags?post=283013"}],"curies":[{"name":"wp","href":"https:\/\/api.w.org\/{rel}","templated":true}]}}