{"id":283032,"date":"2022-06-22T23:59:00","date_gmt":"2022-06-22T21:59:00","guid":{"rendered":"https:\/\/www.radiopiu.net\/wordpress\/?p=283032"},"modified":"2022-06-23T05:50:06","modified_gmt":"2022-06-23T03:50:06","slug":"sedico-era-un-dio-molto-familiare-che-entrava-in-ogni-aspetto-della-vita-dei-nonni-del-passato","status":"publish","type":"post","link":"https:\/\/www.radiopiu.net\/wordpress\/sedico-era-un-dio-molto-familiare-che-entrava-in-ogni-aspetto-della-vita-dei-nonni-del-passato\/","title":{"rendered":"SEDICO. ERA UN DIO MOLTO FAMILIARE, CHE ENTRAVA IN OGNI ASPETTO DELLA VITA DEI NONNI DEL PASSATO"},"content":{"rendered":"<p><strong>di RENATO BONA<\/strong><\/p>\n<p>Ida Bortot Pasa, Pierina Manfroi Mezzavilla, Pia De Paris Da Poian, Genoveffa De Nard Pavei, Giuseppe Pavei, Antonio Carlin. Sono le \u201cfonti orali\u201d che hanno fornito elementi preziosi ad Adele Caprani Da Rold autrice dell\u2019interessante capitolo sugli \u201cAspetti della religiosit\u00e0 popolare nella memoria dei nostri anziani\u201d, parte decisamente non secondaria del libro \u201cSedico e la sua chiesa\u201d edito (ottobre 1989, stampa tipografia Piave di Belluno, contributo di; Cassa di Risparmio di Verona, Vicenza e Belluno, Comune di Sedico, Comunit\u00e0 montana bellunese, Parrocchie di Bribano e Roe) a cura della Parrocchia di Santa Maria Annunziata nel cinquantesimo della consacrazione dell\u2019arcipretale. Il 7 ottobre 1989 l\u2019allora parroco don Sirio Da Corte nella presentazione delle oltre cento pagine del libro spiegava lo scopo della pubblicazione, frutto di studi, di alcune ricerche di archivio e di testimonianze orali diligentemente raccolte: \u201cfar rivivere e ricordare, soprattutto alle giovani generazioni, quella storia di cui siamo figli ed eredi, perch\u00e9 il passato in qualche modo diventi presente, sia fecondo di ispirazione per il futuro perch\u00e9 quanto pi\u00f9 profonde e vigorose sono le radici, tanto pi\u00f9 grande e robusto si slancia verso l\u2019alto l\u2019albero della nostra comunit\u00e0\u201d. Ringraziati quindi i numerosi e preziosi collaboratori, concludeva formulando un augurio; \u201cche la nostra maestosa arcipretale rimanga sempre, anche per gli anni a venire, punto di riferimento insostituibile di una comunit\u00e0 che nella fede dei suoi padri trova alimento e stimolo per un rinnovato e generoso impegno a servizio di una societ\u00e0 pi\u00f9 giusta e solidale\u201d. E veniamo al pregevole contributo della Caprani la quale ricorda che \u201cLa preghiera era quasi sempre collettiva. E\u2019 la comunit\u00e0 che va in chiesa, \u00e8 tutta la famiglia che recita il rosario la sera e le cantilenanti Ave Marie sono una carezza sull\u2019anima magari inasprita e sul corpo stanco: sono il frusciare del vento fra i rami, il ticchettio della pioggia sull\u2019aia, il coro dei grilli che sale dal fieno tagliato, sono l\u2019anima collettiva della famiglia e della sua terra che si raccomanda a Dio e ai suoi Santi\u201d. Ancora: \u201cNelle preghiere di un tempo avevano un posto importante le \u2018giaculatorie\u2019 tipo: Ges\u00f9, Giuseppe, Maria siate la salvezza dell\u2019anima mia\u201d. Rilevanti pure \u201cgli ingenui e commoventi canti in rima, inframezzati di dialetto, che venivano insegnati specialmente dalle nonne ai nipoti\u201d. Per dire che: \u201cNella grande famiglia dei nostri nonni Dio c\u2019\u00e8; entra in ogni aspetto della loro vita e non \u00e8 molto astratto, anzi \u00e8 un Dio molto familiare, al quale confidare le proprie pene e affidare la cura dei propri interessi; anche la sua immagine \u00e8 familiare: il Padre, un vecchio quasi minaccioso con la barba lunga, il Figlio, un giovane dallo sguardo buono, biondo e bellissimo, lo Spirito Santo una bianca colomba che scende dal cielo\u201d. Per Adele Caprani Da Rold \u201cLa fede che anima questa religiosit\u00e0 autentica si potrebbe definire ad ampio respiro, come quello del tempo che scorre lento o delle stagioni; vuole placare le forze misteriose della natura, invoca raccolti abbondanti e salute per le persone e le \u2018bestie\u2019 (animali). E come nella vita, per concludere ogni affare ci vuole sempre un intermediario; i Santi hanno proprio la funzione di intercedere e farsi garanti presso l\u2019Onnipotente\u201d. L\u2019autrice, che ha fra l\u2019altro proposto anche una interessante serie di testimonianze su: \u201cQuante messe venivano celebrate e chi vi partecipava\u201d, \u201cC\u2019erano gruppi che operavano in parrocchia?\u201d, \u201cChe rapporti avevate col prete?\u201d,\u201dRicordate qualche usanza ornai caduta in disuso riguardante le pratiche religiose?\u201d conclude cos\u00ec: \u201cRitengo di aver raccolto solo una piccola parte delle informazioni possibili, quindi l\u2019eventuale contributo degli anziani che volessero esercitare la memoria mi sar\u00e0 prezioso oltre che molto gradito\u201d e precisa che: \u201cNel tracciare queste brevi note sul nostro passato mi sono orientata esclusivamente su qualche scorcio di religiosit\u00e0 vissuta, quindi non riferibile a tutta la popolazione, anche se a gran parte di essa\u201d.<\/p>\n\n\t\t\t<style type='text\/css'>\n\t\t\t\t#gallery-1 {\n\t\t\t\t\tmargin: auto;\n\t\t\t\t}\n\t\t\t\t#gallery-1 .gallery-item {\n\t\t\t\t\tfloat: left;\n\t\t\t\t\tmargin-top: 10px;\n\t\t\t\t\ttext-align: center;\n\t\t\t\t\twidth: 20%;\n\t\t\t\t}\n\t\t\t\t#gallery-1 img {\n\t\t\t\t\tborder: 2px solid #cfcfcf;\n\t\t\t\t}\n\t\t\t\t#gallery-1 .gallery-caption {\n\t\t\t\t\tmargin-left: 0;\n\t\t\t\t}\n\t\t\t\t\/* see gallery_shortcode() in wp-includes\/media.php *\/\n\t\t\t<\/style>\n\t\t<div id='gallery-1' class='dt-gallery-container gallery galleryid-283032 gallery-columns-5 gallery-size-thumbnail'><dl class='gallery-item'>\n\t\t\t\t<dt class='gallery-icon portrait'>\n\t\t\t\t\t<a class=\"rollover\" href='https:\/\/www.radiopiu.net\/wordpress\/giornale-radiopiu-23-giugno-2022-direttore-mirko-mezzacasa\/289018666_760295758456014_5848615372368577796_n\/'><img loading=\"lazy\" decoding=\"async\" width=\"150\" height=\"150\" src=\"https:\/\/www.radiopiu.net\/wordpress\/wp-content\/uploads\/2022\/06\/289018666_760295758456014_5848615372368577796_n-150x150.jpg\" class=\"attachment-thumbnail size-thumbnail\" alt=\"\" \/><\/a>\n\t\t\t\t<\/dt><\/dl><dl class='gallery-item'>\n\t\t\t\t<dt class='gallery-icon portrait'>\n\t\t\t\t\t<a class=\"rollover\" href='https:\/\/www.radiopiu.net\/wordpress\/giornale-radiopiu-23-giugno-2022-direttore-mirko-mezzacasa\/288677673_5910785715615888_850282348110091039_n\/'><img loading=\"lazy\" decoding=\"async\" width=\"150\" height=\"150\" src=\"https:\/\/www.radiopiu.net\/wordpress\/wp-content\/uploads\/2022\/06\/288677673_5910785715615888_850282348110091039_n-150x150.jpg\" class=\"attachment-thumbnail size-thumbnail\" alt=\"\" \/><\/a>\n\t\t\t\t<\/dt><\/dl><dl class='gallery-item'>\n\t\t\t\t<dt class='gallery-icon portrait'>\n\t\t\t\t\t<a class=\"rollover\" href='https:\/\/www.radiopiu.net\/wordpress\/giornale-radiopiu-23-giugno-2022-direttore-mirko-mezzacasa\/288846176_1631858260534088_6756279423987796986_n\/'><img loading=\"lazy\" decoding=\"async\" width=\"150\" height=\"150\" src=\"https:\/\/www.radiopiu.net\/wordpress\/wp-content\/uploads\/2022\/06\/288846176_1631858260534088_6756279423987796986_n-150x150.jpg\" class=\"attachment-thumbnail size-thumbnail\" alt=\"\" \/><\/a>\n\t\t\t\t<\/dt><\/dl><dl class='gallery-item'>\n\t\t\t\t<dt class='gallery-icon portrait'>\n\t\t\t\t\t<a class=\"rollover\" href='https:\/\/www.radiopiu.net\/wordpress\/giornale-radiopiu-23-giugno-2022-direttore-mirko-mezzacasa\/288705377_1064323797553468_851036828051847636_n\/'><img loading=\"lazy\" decoding=\"async\" width=\"150\" height=\"150\" src=\"https:\/\/www.radiopiu.net\/wordpress\/wp-content\/uploads\/2022\/06\/288705377_1064323797553468_851036828051847636_n-150x150.jpg\" class=\"attachment-thumbnail size-thumbnail\" alt=\"\" \/><\/a>\n\t\t\t\t<\/dt><\/dl><dl class='gallery-item'>\n\t\t\t\t<dt class='gallery-icon landscape'>\n\t\t\t\t\t<a class=\"rollover\" href='https:\/\/www.radiopiu.net\/wordpress\/giornale-radiopiu-23-giugno-2022-direttore-mirko-mezzacasa\/289583109_3270703599869114_6675945058753533154_n\/'><img loading=\"lazy\" decoding=\"async\" width=\"150\" height=\"150\" src=\"https:\/\/www.radiopiu.net\/wordpress\/wp-content\/uploads\/2022\/06\/289583109_3270703599869114_6675945058753533154_n-150x150.jpg\" class=\"attachment-thumbnail size-thumbnail\" alt=\"\" \/><\/a>\n\t\t\t\t<\/dt><\/dl><br style=\"clear: both\" \/><dl class='gallery-item'>\n\t\t\t\t<dt class='gallery-icon landscape'>\n\t\t\t\t\t<a class=\"rollover\" href='https:\/\/www.radiopiu.net\/wordpress\/giornale-radiopiu-23-giugno-2022-direttore-mirko-mezzacasa\/287701475_454572606408334_8701831739013874237_n\/'><img loading=\"lazy\" decoding=\"async\" width=\"150\" height=\"150\" src=\"https:\/\/www.radiopiu.net\/wordpress\/wp-content\/uploads\/2022\/06\/287701475_454572606408334_8701831739013874237_n-150x150.jpg\" class=\"attachment-thumbnail size-thumbnail\" alt=\"\" \/><\/a>\n\t\t\t\t<\/dt><\/dl><dl class='gallery-item'>\n\t\t\t\t<dt class='gallery-icon landscape'>\n\t\t\t\t\t<a class=\"rollover\" href='https:\/\/www.radiopiu.net\/wordpress\/giornale-radiopiu-23-giugno-2022-direttore-mirko-mezzacasa\/288796940_705442237430431_5955305462684482315_n\/'><img loading=\"lazy\" decoding=\"async\" width=\"150\" height=\"150\" src=\"https:\/\/www.radiopiu.net\/wordpress\/wp-content\/uploads\/2022\/06\/288796940_705442237430431_5955305462684482315_n-150x150.jpg\" class=\"attachment-thumbnail size-thumbnail\" alt=\"\" \/><\/a>\n\t\t\t\t<\/dt><\/dl><dl class='gallery-item'>\n\t\t\t\t<dt class='gallery-icon portrait'>\n\t\t\t\t\t<a class=\"rollover\" href='https:\/\/www.radiopiu.net\/wordpress\/giornale-radiopiu-23-giugno-2022-direttore-mirko-mezzacasa\/289043662_4941976512578146_6934753045966534836_n\/'><img loading=\"lazy\" decoding=\"async\" width=\"150\" height=\"150\" src=\"https:\/\/www.radiopiu.net\/wordpress\/wp-content\/uploads\/2022\/06\/289043662_4941976512578146_6934753045966534836_n-150x150.jpg\" class=\"attachment-thumbnail size-thumbnail\" alt=\"\" \/><\/a>\n\t\t\t\t<\/dt><\/dl><dl class='gallery-item'>\n\t\t\t\t<dt class='gallery-icon landscape'>\n\t\t\t\t\t<a class=\"rollover\" href='https:\/\/www.radiopiu.net\/wordpress\/giornale-radiopiu-23-giugno-2022-direttore-mirko-mezzacasa\/288635579_753039149169779_3311225710585653484_n\/'><img loading=\"lazy\" decoding=\"async\" width=\"150\" height=\"150\" src=\"https:\/\/www.radiopiu.net\/wordpress\/wp-content\/uploads\/2022\/06\/288635579_753039149169779_3311225710585653484_n-150x150.jpg\" class=\"attachment-thumbnail size-thumbnail\" alt=\"\" \/><\/a>\n\t\t\t\t<\/dt><\/dl>\n\t\t\t\t<br style='clear: both' \/>\n\t\t\t<\/div>\n\n<p>NELLE FOTO (riproduzioni dal libro \u201cSedico e la sua chiesa\u201d e Google): la navata centrale della chiesa di Sedico; don Sirio Da Corte che cur\u00f2 la presentazione del libro; prima domenica di ottobre: processione in onore della Beata Vergine del Rosario; corteo nuziale per un matrimonio degli anni \u201850; anno 1947: iscritti all\u2019Azione cattolica con mons. Luigi Fiori arciprete dell\u2019epoca; processione del \u201cCorpus Domini\u201d; don Riccardo Strim, di Seghe di Villa, novello sacerdote nel 1944; celebrazione nel cinquantesimo della morte di mons. Fiori con alcuni sacerdoti che operarono nella parrocchia di Sedico.<\/p>\n","protected":false},"excerpt":{"rendered":"<p>di RENATO BONA Ida Bortot Pasa, Pierina Manfroi Mezzavilla, Pia De Paris Da Poian, Genoveffa De Nard Pavei, Giuseppe Pavei, Antonio Carlin. Sono le \u201cfonti orali\u201d che hanno fornito elementi preziosi ad Adele Caprani Da Rold autrice dell\u2019interessante capitolo sugli \u201cAspetti della religiosit\u00e0 popolare nella memoria dei nostri anziani\u201d, parte decisamente non secondaria del libro&hellip;<\/p>\n","protected":false},"author":4,"featured_media":283024,"comment_status":"closed","ping_status":"closed","sticky":false,"template":"","format":"standard","meta":{"_monsterinsights_skip_tracking":false,"_monsterinsights_sitenote_active":false,"_monsterinsights_sitenote_note":"","_monsterinsights_sitenote_category":0,"footnotes":""},"categories":[51,49],"tags":[],"class_list":["post-283032","post","type-post","status-publish","format-standard","has-post-thumbnail","hentry","category-evidenza-top","category-news-18","category-51","category-49","description-off"],"img_url":"https:\/\/www.radiopiu.net\/wordpress\/wp-content\/uploads\/2022\/06\/288677673_5910785715615888_850282348110091039_n.jpg","_links":{"self":[{"href":"https:\/\/www.radiopiu.net\/wordpress\/wp-json\/wp\/v2\/posts\/283032","targetHints":{"allow":["GET"]}}],"collection":[{"href":"https:\/\/www.radiopiu.net\/wordpress\/wp-json\/wp\/v2\/posts"}],"about":[{"href":"https:\/\/www.radiopiu.net\/wordpress\/wp-json\/wp\/v2\/types\/post"}],"author":[{"embeddable":true,"href":"https:\/\/www.radiopiu.net\/wordpress\/wp-json\/wp\/v2\/users\/4"}],"replies":[{"embeddable":true,"href":"https:\/\/www.radiopiu.net\/wordpress\/wp-json\/wp\/v2\/comments?post=283032"}],"version-history":[{"count":0,"href":"https:\/\/www.radiopiu.net\/wordpress\/wp-json\/wp\/v2\/posts\/283032\/revisions"}],"wp:featuredmedia":[{"embeddable":true,"href":"https:\/\/www.radiopiu.net\/wordpress\/wp-json\/wp\/v2\/media\/283024"}],"wp:attachment":[{"href":"https:\/\/www.radiopiu.net\/wordpress\/wp-json\/wp\/v2\/media?parent=283032"}],"wp:term":[{"taxonomy":"category","embeddable":true,"href":"https:\/\/www.radiopiu.net\/wordpress\/wp-json\/wp\/v2\/categories?post=283032"},{"taxonomy":"post_tag","embeddable":true,"href":"https:\/\/www.radiopiu.net\/wordpress\/wp-json\/wp\/v2\/tags?post=283032"}],"curies":[{"name":"wp","href":"https:\/\/api.w.org\/{rel}","templated":true}]}}