{"id":283036,"date":"2022-06-22T16:58:46","date_gmt":"2022-06-22T14:58:46","guid":{"rendered":"https:\/\/www.radiopiu.net\/wordpress\/?p=283036"},"modified":"2022-06-22T16:58:46","modified_gmt":"2022-06-22T14:58:46","slug":"ad-arabba-con-la-summer-pass-laccesso-al-comprensorio","status":"publish","type":"post","link":"https:\/\/www.radiopiu.net\/wordpress\/ad-arabba-con-la-summer-pass-laccesso-al-comprensorio\/","title":{"rendered":"AD ARABBA CON LA SUMMER PASS, L&#8217;ACCESSO AL COMPRENSORIO"},"content":{"rendered":"<p><strong>LIVINALLONGO<\/strong> <span dir=\"ltr\" role=\"presentation\">Con l\u2019avvio della stagione estiva ritorna Arabba Marmolada SummerPass, la <\/span><span dir=\"ltr\" role=\"presentation\">tessera di valle che permette di utilizzare tutti gli impianti del comprensorio <\/span><span dir=\"ltr\" role=\"presentation\">aperti durante l\u2019estate. L\u2019acquisto \u00e8 possibile presso l\u2019Uf<\/span><span class=\"markedContent\"><span dir=\"ltr\" role=\"presentation\">fi<\/span><\/span><span dir=\"ltr\" role=\"presentation\">cio Turistico, presso le <\/span><span dir=\"ltr\" role=\"presentation\">casse alla partenza degli impianti e anche comodamente online.\u00a0 Le seggiovie Arabba &#8211; Burz e Padon II saranno operative da sabato, la seggiovia Cherz I da domenica 3 luglio sar\u00e0 in funzione cos\u00ec come tutti gli impianti del Comprensorio Arabba-Marmolada per i quali \u00e8 prevista l\u2019apertura estiva. Con la Summer Pass in omaggio\u00a0la cartina dei percorsi \u00a0e un porta cartina \/ pass da collo.<\/span><\/p>\n<p><a class=\"dt-pswp-item\" href=\"https:\/\/www.radiopiu.net\/wordpress\/wp-content\/uploads\/2022\/06\/logo-summer-pass-arabba-marmolada-2019-per-nuovo-sito.jpg\" data-dt-img-description=\"\" data-large_image_width=\"920\" data-large_image_height=\"520\"><img loading=\"lazy\" decoding=\"async\" class=\"alignnone size-thumbnail wp-image-283037\" src=\"https:\/\/www.radiopiu.net\/wordpress\/wp-content\/uploads\/2022\/06\/logo-summer-pass-arabba-marmolada-2019-per-nuovo-sito-150x150.jpg\" alt=\"\" width=\"150\" height=\"150\" \/><\/a><\/p>\n","protected":false},"excerpt":{"rendered":"<p>LIVINALLONGO Con l\u2019avvio della stagione estiva ritorna Arabba Marmolada SummerPass, la tessera di valle che permette di utilizzare tutti gli impianti del comprensorio aperti durante l\u2019estate. L\u2019acquisto \u00e8 possibile presso l\u2019Ufficio Turistico, presso le casse alla partenza degli impianti e anche comodamente online.\u00a0 Le seggiovie Arabba &#8211; Burz e Padon II saranno operative da sabato,&hellip;<\/p>\n","protected":false},"author":4,"featured_media":283037,"comment_status":"closed","ping_status":"closed","sticky":false,"template":"","format":"standard","meta":{"_monsterinsights_skip_tracking":false,"_monsterinsights_sitenote_active":false,"_monsterinsights_sitenote_note":"","_monsterinsights_sitenote_category":0,"footnotes":""},"categories":[49],"tags":[],"class_list":["post-283036","post","type-post","status-publish","format-standard","has-post-thumbnail","hentry","category-news-18","category-49","description-off"],"img_url":"https:\/\/www.radiopiu.net\/wordpress\/wp-content\/uploads\/2022\/06\/logo-summer-pass-arabba-marmolada-2019-per-nuovo-sito.jpg","_links":{"self":[{"href":"https:\/\/www.radiopiu.net\/wordpress\/wp-json\/wp\/v2\/posts\/283036","targetHints":{"allow":["GET"]}}],"collection":[{"href":"https:\/\/www.radiopiu.net\/wordpress\/wp-json\/wp\/v2\/posts"}],"about":[{"href":"https:\/\/www.radiopiu.net\/wordpress\/wp-json\/wp\/v2\/types\/post"}],"author":[{"embeddable":true,"href":"https:\/\/www.radiopiu.net\/wordpress\/wp-json\/wp\/v2\/users\/4"}],"replies":[{"embeddable":true,"href":"https:\/\/www.radiopiu.net\/wordpress\/wp-json\/wp\/v2\/comments?post=283036"}],"version-history":[{"count":0,"href":"https:\/\/www.radiopiu.net\/wordpress\/wp-json\/wp\/v2\/posts\/283036\/revisions"}],"wp:featuredmedia":[{"embeddable":true,"href":"https:\/\/www.radiopiu.net\/wordpress\/wp-json\/wp\/v2\/media\/283037"}],"wp:attachment":[{"href":"https:\/\/www.radiopiu.net\/wordpress\/wp-json\/wp\/v2\/media?parent=283036"}],"wp:term":[{"taxonomy":"category","embeddable":true,"href":"https:\/\/www.radiopiu.net\/wordpress\/wp-json\/wp\/v2\/categories?post=283036"},{"taxonomy":"post_tag","embeddable":true,"href":"https:\/\/www.radiopiu.net\/wordpress\/wp-json\/wp\/v2\/tags?post=283036"}],"curies":[{"name":"wp","href":"https:\/\/api.w.org\/{rel}","templated":true}]}}