{"id":283068,"date":"2022-06-24T05:41:35","date_gmt":"2022-06-24T03:41:35","guid":{"rendered":"https:\/\/www.radiopiu.net\/wordpress\/?p=283068"},"modified":"2022-06-24T06:24:35","modified_gmt":"2022-06-24T04:24:35","slug":"giornale-radiopiu-24-giugno-2022-direttore-mirko-mezzacasa","status":"publish","type":"post","link":"https:\/\/www.radiopiu.net\/wordpress\/giornale-radiopiu-24-giugno-2022-direttore-mirko-mezzacasa\/","title":{"rendered":"GIORNALE RADIOPIU 24 GIUGNO 2022 DIRETTORE MIRKO MEZZACASA"},"content":{"rendered":"<h3 class=\"kvgmc6g5 cxmmr5t8 oygrvhab hcukyx3x c1et5uql\"><span style=\"color: #0000ff;\"><strong><a class=\"dt-pswp-item\" href=\"https:\/\/www.radiopiu.net\/wordpress\/wp-content\/uploads\/2022\/06\/b1b61ba6-c985-421e-aa4a-21b335fdb710.jpg\" data-dt-img-description=\"\" data-large_image_width=\"2016\" data-large_image_height=\"980\"><img loading=\"lazy\" decoding=\"async\" class=\"size-thumbnail wp-image-283229 alignleft\" src=\"https:\/\/www.radiopiu.net\/wordpress\/wp-content\/uploads\/2022\/06\/b1b61ba6-c985-421e-aa4a-21b335fdb710-150x150.jpg\" alt=\"\" width=\"150\" height=\"150\" \/><\/a><\/strong>RADIO PIU INFORMAZIONE il canale su TELEGRAM informazione di prima\u00a0 <\/span><span style=\"color: #0000ff;\">mano e in tempo reale. iscriviti ed aiutaci a farlo conoscere\u00a0\u00a0<\/span><\/h3>\n<p><strong>LA CURIOSITA&#8217;, Non era un incendio nel bosco ieri sera sopra Alleghe, ma i fuochi di San Giovanni\u00a0<\/strong><\/p>\n<p>&nbsp;<\/p>\n<p>&nbsp;<\/p>\n<p>&nbsp;<\/p>\n<hr \/>\n<p>&nbsp;<\/p>\n<blockquote>\n<h3>CHIUSURA NOTTURNA DELLA GALLERIA \u2018TERMINE\u2019<\/h3>\n<\/blockquote>\n<p><strong><a class=\"dt-pswp-item\" href=\"https:\/\/www.radiopiu.net\/wordpress\/wp-content\/uploads\/2021\/06\/anas.png\" data-dt-img-description=\"\" data-large_image_width=\"299\" data-large_image_height=\"169\"><img loading=\"lazy\" decoding=\"async\" class=\"alignleft wp-image-213422 \" src=\"https:\/\/www.radiopiu.net\/wordpress\/wp-content\/uploads\/2021\/06\/anas.png\" alt=\"\" width=\"173\" height=\"98\" \/><\/a>VENEZIA <\/strong>Per consentire l\u2019esecuzione dei lavori di manutenzione degli impianti tecnologici della galleria \u2018Termine\u2019 sono previste limitazioni notturne lungo la strada statale 51 \u201cdi Alemagna\u201d a Termine di Cadore (BL). Nella fascia oraria compresa tra le 21:00 e le 5:00 del giorno successivo, sar\u00e0 chiuso al traffico il tratto dal km 53,400 al km 56,400 con deviazione della circolazione sulla NSA 215 (ex strada statale 51). La modifica alla circolazione non sar\u00e0 in vigore nei giorni festivi e prefestivi ed \u00e8 prevista fino a mercoled\u00ec 6 luglio<\/p>\n<p>&nbsp;<\/p>\n<hr \/>\n<blockquote>\n<h3><\/h3>\n<\/blockquote>\n<p>&nbsp;<\/p>\n<blockquote>\n<h3>ACQUA POTABILE A SAN TOMASO NON A GOSALDO (dal 23 giugno)<\/h3>\n<\/blockquote>\n<p><strong><a class=\"dt-pswp-item\" href=\"https:\/\/www.radiopiu.net\/wordpress\/wp-content\/uploads\/2018\/08\/ACQUA.jpeg\" data-dt-img-description=\"\" data-large_image_width=\"1280\" data-large_image_height=\"768\"><img loading=\"lazy\" decoding=\"async\" class=\"alignleft wp-image-57052 \" src=\"https:\/\/www.radiopiu.net\/wordpress\/wp-content\/uploads\/2018\/08\/ACQUA-300x180.jpeg\" alt=\"\" width=\"153\" height=\"92\" srcset=\"https:\/\/www.radiopiu.net\/wordpress\/wp-content\/uploads\/2018\/08\/ACQUA-300x180.jpeg 300w, https:\/\/www.radiopiu.net\/wordpress\/wp-content\/uploads\/2018\/08\/ACQUA-768x461.jpeg 768w, https:\/\/www.radiopiu.net\/wordpress\/wp-content\/uploads\/2018\/08\/ACQUA-1024x614.jpeg 1024w, https:\/\/www.radiopiu.net\/wordpress\/wp-content\/uploads\/2018\/08\/ACQUA.jpeg 1280w\" sizes=\"auto, (max-width: 153px) 100vw, 153px\" \/><\/a>SAN TOMASO<\/strong> Gestione Servizi Pubblici informa che a SAN TOMASO AGORDINO in localit\u00e0 PIANEZZE, CELAT,CHIEA,TOCOL, FONTANELLE E COL ZARESE, l&#8217;acqua erogata dall&#8217;acquedotto \u00e8 di nuovo potabile.<\/p>\n<p><strong>GOSALDO<\/strong> nelle localit\u00e0 DON, LE FESTE, LE CASE, CURTI, INCASAL e TURBAI da ieri l&#8217;acqua erogata dall&#8217;acquedotto non \u00e8 potabile e pu\u00f2 essere usata per scopi alimentari SOLO PREVIA bollitura.<\/p>\n<p>&nbsp;<\/p>\n<p>&nbsp;<\/p>\n<hr \/>\n<p>&nbsp;<\/p>\n<blockquote>\n<h3>POSSIBILI ROVESCI E TEMPORALI<\/h3>\n<\/blockquote>\n<p><strong><img loading=\"lazy\" decoding=\"async\" class=\"alignleft\" src=\"https:\/\/www.radiopiu.net\/wordpress\/wp-content\/uploads\/2018\/08\/instabilita.jpg\" width=\"210\" height=\"126\" \/>REDAZIONE<\/strong>\u00a0 Oggi fenomeni\u00a0 pi\u00f9 probabili tra le prime ore e tardo pomeriggio -sera. Non si escludono temporali localmente intensi con anche forti rovesci, raffiche di vento e grandinate. Visti i fenomeni meteorologici previsti, la criticit\u00e0 idrogeologica attesa \u00e8 riferita allo scenario per temporali forti. Dichiarata la fase operativa di \u201cAttenzione\u201d (Gialla) per criticit\u00e0 idrogeologica.<\/p>\n<p>&nbsp;<\/p>\n<p>&nbsp;<\/p>\n<hr \/>\n<p>&nbsp;<\/p>\n<blockquote>\n<h3>MOTOCICLISTA A TERRA PER UN MALORE, SOCCORSO DALL&#8217;AMBULANZA<\/h3>\n<\/blockquote>\n<p><strong><img loading=\"lazy\" decoding=\"async\" class=\"alignleft\" src=\"https:\/\/www.radiopiu.net\/wordpress\/wp-content\/uploads\/2019\/03\/Dolomites-Bike-Day_Falzarego-_-freddy-planinschek-_2_-min.jpg\" width=\"178\" height=\"119\" \/>LIVINALLONGO<\/strong> Ha temuto il peggio il conducente del pullman della Dolomitibus quando all&#8217;altezza del quinto tornante di Passo Falzarego ha notato una moto e un uomo a terra sull&#8217;asfalto e poco lontano gli amici appena scesi dalle moto. Non si \u00e8 trattato di un incidente, la moto era come appoggiata a terra. Si \u00e8 infatti trattato di un malore che ha colpito un uomo sulla cinquantina facente parte di una comitiva di giovani. Lo sfortunato \u00e8 stato accompagnato all&#8217;interno del tornante in sicurezza, ma una secondo malore lo ha di nuovo fatto stramazzare a terra. Immediato l&#8217;intervento dell&#8217;ambulanza della Croce Bianca di Arabba e dei Carabinieri sempre di Arabba. L&#8217;uomo \u00e8 stato portato in ospedale.<\/p>\n<p>&nbsp;<\/p>\n<p>foto copertina archivio<\/p>\n<p>&nbsp;<\/p>\n<hr \/>\n<p>&nbsp;<\/p>\n<p>&nbsp;<\/p>\n<blockquote>\n<h3>ECCO LA NUOVA GIUNTA, IL SINDACO OSCAR DE PELLEGRIN HA DISTRIBUITO GLI INCARICHI<\/h3>\n<\/blockquote>\n<p><strong><img loading=\"lazy\" decoding=\"async\" class=\"alignleft\" src=\"https:\/\/www.radiopiu.net\/wordpress\/wp-content\/uploads\/2019\/07\/Oscar-De-Pellegrin.jpg\" width=\"263\" height=\"175\" \/>BELLUNO <\/strong><span dir=\"ltr\" role=\"presentation\">Il sindaco<\/span> <span dir=\"ltr\" role=\"presentation\">Oscar De Pellegrin<\/span> <span dir=\"ltr\" role=\"presentation\">ha varato la nuova<\/span> <span dir=\"ltr\" role=\"presentation\">giunta comunale di <\/span><span dir=\"ltr\" role=\"presentation\">Belluno<\/span><span dir=\"ltr\" role=\"presentation\">: gli assessori saranno nove, con quattro donne, e la scelta della <\/span><span dir=\"ltr\" role=\"presentation\">squadra chiamata a guidare il capoluogo<\/span> <span dir=\"ltr\" role=\"presentation\">nel prossimo quinquennio<\/span> <span dir=\"ltr\" role=\"presentation\">ha <\/span><span dir=\"ltr\" role=\"presentation\">tenuto conto di competenze, professionalit\u00e0 e delle preferenze raccolte <\/span><span dir=\"ltr\" role=\"presentation\">nella tornata elettorale dello scorso 12 giugno. <\/span><span dir=\"ltr\" role=\"presentation\">La<\/span> <span dir=\"ltr\" role=\"presentation\">carica<\/span> <span dir=\"ltr\" role=\"presentation\">di<\/span> <span dir=\"ltr\" role=\"presentation\">vice<\/span> <span dir=\"ltr\" role=\"presentation\">sindaco<\/span> <span dir=\"ltr\" role=\"presentation\">verr\u00e0<\/span> <span dir=\"ltr\" role=\"presentation\">coperta<\/span> <span dir=\"ltr\" role=\"presentation\">da<\/span> <strong><span dir=\"ltr\" role=\"presentation\">Paolo<\/span> <span dir=\"ltr\" role=\"presentation\">Gamba<\/span> <span dir=\"ltr\" role=\"presentation\">(Belluno<\/span> <span dir=\"ltr\" role=\"presentation\">al <\/span><\/strong><span dir=\"ltr\" role=\"presentation\"><strong>centro)<\/strong>, che seguir\u00e0 bilancio, patrimonio, economato, societ\u00e0 partecipate, <\/span><span dir=\"ltr\" role=\"presentation\">urbanistica,<\/span> <span dir=\"ltr\" role=\"presentation\">riqualificazione<\/span> <span dir=\"ltr\" role=\"presentation\">energetica,<\/span> <span dir=\"ltr\" role=\"presentation\">trasporti<\/span> <span dir=\"ltr\" role=\"presentation\">e<\/span> <span dir=\"ltr\" role=\"presentation\">viabilit\u00e0.<\/span> <strong><span dir=\"ltr\" role=\"presentation\">Raffaele <\/span><span dir=\"ltr\" role=\"presentation\">Addamiano<\/span> <\/strong><span dir=\"ltr\" role=\"presentation\"><strong>(Fratelli d\u2019Italia)<\/strong>, invece, sar\u00e0 assessore a cultura, rapporti <\/span><span dir=\"ltr\" role=\"presentation\">con le associazioni culturali e sicurezza;<\/span> <strong><span dir=\"ltr\" role=\"presentation\">Roberta<\/span> <span dir=\"ltr\" role=\"presentation\">Olivotto<\/span> <span dir=\"ltr\" role=\"presentation\">(Belluno al <\/span><\/strong><span dir=\"ltr\" role=\"presentation\"><strong>centro)<\/strong> si occuper\u00e0 di scuola e formazione, servizi demografici, politiche <\/span><span dir=\"ltr\" role=\"presentation\">giovanili, CED e servizi informatici; a<\/span> <strong><span dir=\"ltr\" role=\"presentation\">Lorenza De Kunovich<\/span> <\/strong><span dir=\"ltr\" role=\"presentation\"><strong>(Lega)<\/strong> viene <\/span><span dir=\"ltr\" role=\"presentation\">affidata<\/span> <span dir=\"ltr\" role=\"presentation\">la<\/span> <span dir=\"ltr\" role=\"presentation\">manutenzione<\/span> <span dir=\"ltr\" role=\"presentation\">dei<\/span> <span dir=\"ltr\" role=\"presentation\">parchi<\/span> <span dir=\"ltr\" role=\"presentation\">cittadini,<\/span> <span dir=\"ltr\" role=\"presentation\">oltre<\/span> <span dir=\"ltr\" role=\"presentation\">ad<\/span> <span dir=\"ltr\" role=\"presentation\">ambiente, <\/span><span dir=\"ltr\" role=\"presentation\">agricoltura,<\/span> <span dir=\"ltr\" role=\"presentation\">Protezione<\/span> <span dir=\"ltr\" role=\"presentation\">civile<\/span> <span dir=\"ltr\" role=\"presentation\">e<\/span> <span dir=\"ltr\" role=\"presentation\">gestione<\/span> <span dir=\"ltr\" role=\"presentation\">delle<\/span> <span dir=\"ltr\" role=\"presentation\">aree<\/span> <span dir=\"ltr\" role=\"presentation\">cimiteriali;<\/span><strong> <span dir=\"ltr\" role=\"presentation\">Monica <\/span><span dir=\"ltr\" role=\"presentation\">Mazzoccoli<\/span> <span dir=\"ltr\" role=\"presentation\">(Fratelli<\/span> <span dir=\"ltr\" role=\"presentation\">d\u2019Italia)<\/span><\/strong> <span dir=\"ltr\" role=\"presentation\">si<\/span> <span dir=\"ltr\" role=\"presentation\">concentrer\u00e0<\/span> <span dir=\"ltr\" role=\"presentation\">su<\/span> <span dir=\"ltr\" role=\"presentation\">sport<\/span> <span dir=\"ltr\" role=\"presentation\">ed<\/span> <span dir=\"ltr\" role=\"presentation\">eventi, <\/span><span dir=\"ltr\" role=\"presentation\">associazioni<\/span> <span dir=\"ltr\" role=\"presentation\">e<\/span> <span dir=\"ltr\" role=\"presentation\">attivit\u00e0<\/span> <span dir=\"ltr\" role=\"presentation\">sportive,<\/span> <span dir=\"ltr\" role=\"presentation\">tempo<\/span> <span dir=\"ltr\" role=\"presentation\">libero,<\/span> <span dir=\"ltr\" role=\"presentation\">coordinamento<\/span> <span dir=\"ltr\" role=\"presentation\">delle <\/span><span dir=\"ltr\" role=\"presentation\">iniziative riferite a Olimpiadi e Paralimpiadi;<\/span> <strong><span dir=\"ltr\" role=\"presentation\">Paolo Luciani<\/span> <\/strong><span dir=\"ltr\" role=\"presentation\"><strong>(Lega)<\/strong> curer\u00e0 il <\/span><span dir=\"ltr\" role=\"presentation\">turismo cos\u00ec come le manifestazioni e la gestione di eventi. A<\/span> <strong><span dir=\"ltr\" role=\"presentation\">Marco Dal <\/span><span dir=\"ltr\" role=\"presentation\">Pont<\/span> <\/strong><span dir=\"ltr\" role=\"presentation\"><strong>(Belluno al centro)<\/strong> spettano il sociale, i rapporti con le associazioni e <\/span><span dir=\"ltr\" role=\"presentation\">le<\/span> <span dir=\"ltr\" role=\"presentation\">politiche<\/span> <span dir=\"ltr\" role=\"presentation\">per<\/span> <span dir=\"ltr\" role=\"presentation\">la<\/span> <span dir=\"ltr\" role=\"presentation\">famiglia,<\/span> <span dir=\"ltr\" role=\"presentation\">mentre<\/span> <strong><span dir=\"ltr\" role=\"presentation\">Simonetta<\/span> <span dir=\"ltr\" role=\"presentation\">Buttignon<\/span> <span dir=\"ltr\" role=\"presentation\">(Belluno<\/span> <span dir=\"ltr\" role=\"presentation\">al <\/span><span dir=\"ltr\" role=\"presentation\">centro)<\/span> <\/strong><span dir=\"ltr\" role=\"presentation\">seguir\u00e0<\/span> <span dir=\"ltr\" role=\"presentation\">lo<\/span> <span dir=\"ltr\" role=\"presentation\">Sportello<\/span> <span dir=\"ltr\" role=\"presentation\">per<\/span> <span dir=\"ltr\" role=\"presentation\">i<\/span> <span dir=\"ltr\" role=\"presentation\">fondi<\/span> <span dir=\"ltr\" role=\"presentation\">nazionali<\/span> <span dir=\"ltr\" role=\"presentation\">ed<\/span> <span dir=\"ltr\" role=\"presentation\">europei,<\/span> <span dir=\"ltr\" role=\"presentation\">le<\/span> <span dir=\"ltr\" role=\"presentation\">pari <\/span><span dir=\"ltr\" role=\"presentation\">opportunit\u00e0<\/span> <span dir=\"ltr\" role=\"presentation\">e<\/span> <span dir=\"ltr\" role=\"presentation\">l\u2019attuazione<\/span> <span dir=\"ltr\" role=\"presentation\">del<\/span> <span dir=\"ltr\" role=\"presentation\">programma.<\/span> <strong><span dir=\"ltr\" role=\"presentation\">Franco<\/span> <span dir=\"ltr\" role=\"presentation\">Roccon<\/span> <span dir=\"ltr\" role=\"presentation\">(Noi<\/span> <span dir=\"ltr\" role=\"presentation\">con <\/span><span dir=\"ltr\" role=\"presentation\">Oscar)<\/span><\/strong> <span dir=\"ltr\" role=\"presentation\">sar\u00e0<\/span> <span dir=\"ltr\" role=\"presentation\">assessore<\/span> <span dir=\"ltr\" role=\"presentation\">ai<\/span> <span dir=\"ltr\" role=\"presentation\">lavori<\/span> <span dir=\"ltr\" role=\"presentation\">pubblici,<\/span> <span dir=\"ltr\" role=\"presentation\">edilizia<\/span> <span dir=\"ltr\" role=\"presentation\">privata<\/span> <span dir=\"ltr\" role=\"presentation\">e<\/span> <span dir=\"ltr\" role=\"presentation\">pubblica, <\/span><span dir=\"ltr\" role=\"presentation\">progetto Nevegal, decoro urbano e servizi manutentivi. E il primo cittadino <strong>Oscar De Pellegrin <\/strong><\/span><span dir=\"ltr\" role=\"presentation\">terr\u00e0 per s\u00e9 le deleghe al personale, alla Polizia locale, agli affari generali, <\/span><span dir=\"ltr\" role=\"presentation\">alle attivit\u00e0 economiche, oltre che alla comunicazione e ai rapporti col <\/span><span dir=\"ltr\" role=\"presentation\">cittadino\u00a0<\/span><\/p>\n<p>&nbsp;<\/p>\n<hr \/>\n<p>&nbsp;<\/p>\n<p>&nbsp;<\/p>\n<blockquote>\n<h3><a class=\"dt-pswp-item\" href=\"https:\/\/www.radiopiu.net\/wordpress\/wp-content\/uploads\/2022\/06\/289272028_10210173766896633_1337764462060899013_n.jpg\" data-dt-img-description=\"\" data-large_image_width=\"526\" data-large_image_height=\"506\"><img loading=\"lazy\" decoding=\"async\" class=\" wp-image-283198 alignleft\" src=\"https:\/\/www.radiopiu.net\/wordpress\/wp-content\/uploads\/2022\/06\/289272028_10210173766896633_1337764462060899013_n-150x150.jpg\" alt=\"\" width=\"88\" height=\"88\" \/><\/a>I CUSTODI DELLA PROVINCIALE DELLA VAL FIORENTINA<\/h3>\n<\/blockquote>\n<p>I Pompieri Volontari di Selva di Cadore sono intervenuti lungo Strada provinciale 20 della Val Fiorentina (Caprile-Selva di Cadore), per lo sgombero della sede stradale da sassi e terra che causavano pericolo alla circolazione.<\/p>\n<p>&nbsp;<\/p>\n<p>&nbsp;<\/p>\n<p>&nbsp;<\/p>\n<hr \/>\n<blockquote>\n<h3><\/h3>\n<h3>PROSEGUONO A PIENO RITMO I LAVORI NEI SERRAI DI SOTTOGUDA<\/h3>\n<\/blockquote>\n<p><strong>ROCCA PIETORE<\/strong> Sopralluogo nei Serrai di Sottoguda dove i lavori stanno proseguendo a pieno ritmo. Nella visita ai lavori il sindaco Andrea De Bernardin e i consiglieri comunali che si sono resi conto dei grandi lavori che si stanno eseguendo nella gola. Salvo imprevisti, l&#8217;ultimazione delle opere \u00e8 prevista per fine 2023.<\/p>\n<p><strong>IL SINDACO DI ROCCA PIETORE ANDREA DE BERNARDIN<\/strong><\/p>\n<audio class=\"wp-audio-shortcode\" id=\"audio-283068-1\" preload=\"none\" style=\"width: 100%;\" controls=\"controls\"><source type=\"audio\/mpeg\" src=\"https:\/\/www.radiopiu.net\/wordpress\/wp-content\/uploads\/2022\/06\/DE-BERNARDIN-SERRAI.mp3?_=1\" \/><a href=\"https:\/\/www.radiopiu.net\/wordpress\/wp-content\/uploads\/2022\/06\/DE-BERNARDIN-SERRAI.mp3\">https:\/\/www.radiopiu.net\/wordpress\/wp-content\/uploads\/2022\/06\/DE-BERNARDIN-SERRAI.mp3<\/a><\/audio>\n<p>&nbsp;<\/p>\n<p><strong>di Gianni Santomaso<\/strong><\/p>\n<audio class=\"wp-audio-shortcode\" id=\"audio-283068-2\" preload=\"none\" style=\"width: 100%;\" controls=\"controls\"><source type=\"audio\/mpeg\" src=\"https:\/\/www.radiopiu.net\/wordpress\/wp-content\/uploads\/2022\/06\/GIANNI-LAVORI-SOTTOGUDA.mp3?_=2\" \/><a href=\"https:\/\/www.radiopiu.net\/wordpress\/wp-content\/uploads\/2022\/06\/GIANNI-LAVORI-SOTTOGUDA.mp3\">https:\/\/www.radiopiu.net\/wordpress\/wp-content\/uploads\/2022\/06\/GIANNI-LAVORI-SOTTOGUDA.mp3<\/a><\/audio>\n<p>&nbsp;<\/p>\n\n\t\t\t<style type='text\/css'>\n\t\t\t\t#gallery-1 {\n\t\t\t\t\tmargin: auto;\n\t\t\t\t}\n\t\t\t\t#gallery-1 .gallery-item {\n\t\t\t\t\tfloat: left;\n\t\t\t\t\tmargin-top: 10px;\n\t\t\t\t\ttext-align: center;\n\t\t\t\t\twidth: 25%;\n\t\t\t\t}\n\t\t\t\t#gallery-1 img {\n\t\t\t\t\tborder: 2px solid #cfcfcf;\n\t\t\t\t}\n\t\t\t\t#gallery-1 .gallery-caption {\n\t\t\t\t\tmargin-left: 0;\n\t\t\t\t}\n\t\t\t\t\/* see gallery_shortcode() in wp-includes\/media.php *\/\n\t\t\t<\/style>\n\t\t<div id='gallery-1' class='dt-gallery-container gallery galleryid-283068 gallery-columns-4 gallery-size-thumbnail'><dl class='gallery-item'>\n\t\t\t\t<dt class='gallery-icon portrait'>\n\t\t\t\t\t<a class=\"rollover rollover-zoom dt-pswp-item\" title=\"1eae9405-9492-49d9-be3d-ad3b461bd144\" data-dt-img-description=\"\" data-large_image_width=\"1200\" data-large_image_height=\"1600\"href='https:\/\/www.radiopiu.net\/wordpress\/wp-content\/uploads\/2022\/06\/1eae9405-9492-49d9-be3d-ad3b461bd144.jpg'><img loading=\"lazy\" decoding=\"async\" width=\"150\" height=\"150\" src=\"https:\/\/www.radiopiu.net\/wordpress\/wp-content\/uploads\/2022\/06\/1eae9405-9492-49d9-be3d-ad3b461bd144-150x150.jpg\" class=\"attachment-thumbnail size-thumbnail\" alt=\"\" \/><\/a>\n\t\t\t\t<\/dt><\/dl><dl class='gallery-item'>\n\t\t\t\t<dt class='gallery-icon portrait'>\n\t\t\t\t\t<a class=\"rollover rollover-zoom dt-pswp-item\" title=\"2fccb8e1-c0b8-48b5-843c-253fd0994f7f\" data-dt-img-description=\"\" data-large_image_width=\"1200\" data-large_image_height=\"1600\"href='https:\/\/www.radiopiu.net\/wordpress\/wp-content\/uploads\/2022\/06\/2fccb8e1-c0b8-48b5-843c-253fd0994f7f.jpg'><img loading=\"lazy\" decoding=\"async\" width=\"150\" height=\"150\" src=\"https:\/\/www.radiopiu.net\/wordpress\/wp-content\/uploads\/2022\/06\/2fccb8e1-c0b8-48b5-843c-253fd0994f7f-150x150.jpg\" class=\"attachment-thumbnail size-thumbnail\" alt=\"\" \/><\/a>\n\t\t\t\t<\/dt><\/dl><dl class='gallery-item'>\n\t\t\t\t<dt class='gallery-icon landscape'>\n\t\t\t\t\t<a class=\"rollover rollover-zoom dt-pswp-item\" title=\"4cc49481-49be-4649-a161-abeeb956c412\" data-dt-img-description=\"\" data-large_image_width=\"1600\" data-large_image_height=\"1200\"href='https:\/\/www.radiopiu.net\/wordpress\/wp-content\/uploads\/2022\/06\/4cc49481-49be-4649-a161-abeeb956c412.jpg'><img loading=\"lazy\" decoding=\"async\" width=\"150\" height=\"150\" src=\"https:\/\/www.radiopiu.net\/wordpress\/wp-content\/uploads\/2022\/06\/4cc49481-49be-4649-a161-abeeb956c412-150x150.jpg\" class=\"attachment-thumbnail size-thumbnail\" alt=\"\" \/><\/a>\n\t\t\t\t<\/dt><\/dl><dl class='gallery-item'>\n\t\t\t\t<dt class='gallery-icon portrait'>\n\t\t\t\t\t<a class=\"rollover rollover-zoom dt-pswp-item\" title=\"46cd1c06-b8f2-4c6d-acfc-e4e784fcae4f\" data-dt-img-description=\"\" data-large_image_width=\"1200\" data-large_image_height=\"1600\"href='https:\/\/www.radiopiu.net\/wordpress\/wp-content\/uploads\/2022\/06\/46cd1c06-b8f2-4c6d-acfc-e4e784fcae4f.jpg'><img loading=\"lazy\" decoding=\"async\" width=\"150\" height=\"150\" src=\"https:\/\/www.radiopiu.net\/wordpress\/wp-content\/uploads\/2022\/06\/46cd1c06-b8f2-4c6d-acfc-e4e784fcae4f-150x150.jpg\" class=\"attachment-thumbnail size-thumbnail\" alt=\"\" \/><\/a>\n\t\t\t\t<\/dt><\/dl><br style=\"clear: both\" \/><dl class='gallery-item'>\n\t\t\t\t<dt class='gallery-icon landscape'>\n\t\t\t\t\t<a class=\"rollover rollover-zoom dt-pswp-item\" title=\"61c86963-fb7d-4061-9bb1-6c1381e02f63\" data-dt-img-description=\"\" data-large_image_width=\"1600\" data-large_image_height=\"1200\"href='https:\/\/www.radiopiu.net\/wordpress\/wp-content\/uploads\/2022\/06\/61c86963-fb7d-4061-9bb1-6c1381e02f63.jpg'><img loading=\"lazy\" decoding=\"async\" width=\"150\" height=\"150\" src=\"https:\/\/www.radiopiu.net\/wordpress\/wp-content\/uploads\/2022\/06\/61c86963-fb7d-4061-9bb1-6c1381e02f63-150x150.jpg\" class=\"attachment-thumbnail size-thumbnail\" alt=\"\" \/><\/a>\n\t\t\t\t<\/dt><\/dl><dl class='gallery-item'>\n\t\t\t\t<dt class='gallery-icon portrait'>\n\t\t\t\t\t<a class=\"rollover rollover-zoom dt-pswp-item\" title=\"96d2ddd0-bef3-420b-b3c2-80610f25fe8d\" data-dt-img-description=\"\" data-large_image_width=\"1200\" data-large_image_height=\"1600\"href='https:\/\/www.radiopiu.net\/wordpress\/wp-content\/uploads\/2022\/06\/96d2ddd0-bef3-420b-b3c2-80610f25fe8d.jpg'><img loading=\"lazy\" decoding=\"async\" width=\"150\" height=\"150\" src=\"https:\/\/www.radiopiu.net\/wordpress\/wp-content\/uploads\/2022\/06\/96d2ddd0-bef3-420b-b3c2-80610f25fe8d-150x150.jpg\" class=\"attachment-thumbnail size-thumbnail\" alt=\"\" \/><\/a>\n\t\t\t\t<\/dt><\/dl><dl class='gallery-item'>\n\t\t\t\t<dt class='gallery-icon portrait'>\n\t\t\t\t\t<a class=\"rollover rollover-zoom dt-pswp-item\" title=\"156cce1f-7854-4c7b-93df-bb1fdafee468\" data-dt-img-description=\"\" data-large_image_width=\"1200\" data-large_image_height=\"1600\"href='https:\/\/www.radiopiu.net\/wordpress\/wp-content\/uploads\/2022\/06\/156cce1f-7854-4c7b-93df-bb1fdafee468.jpg'><img loading=\"lazy\" decoding=\"async\" width=\"150\" height=\"150\" src=\"https:\/\/www.radiopiu.net\/wordpress\/wp-content\/uploads\/2022\/06\/156cce1f-7854-4c7b-93df-bb1fdafee468-150x150.jpg\" class=\"attachment-thumbnail size-thumbnail\" alt=\"\" \/><\/a>\n\t\t\t\t<\/dt><\/dl><dl class='gallery-item'>\n\t\t\t\t<dt class='gallery-icon landscape'>\n\t\t\t\t\t<a class=\"rollover rollover-zoom dt-pswp-item\" title=\"979e340e-285f-42a6-9ddb-4ef96656a276\" data-dt-img-description=\"\" data-large_image_width=\"1600\" data-large_image_height=\"1200\"href='https:\/\/www.radiopiu.net\/wordpress\/wp-content\/uploads\/2022\/06\/979e340e-285f-42a6-9ddb-4ef96656a276.jpg'><img loading=\"lazy\" decoding=\"async\" width=\"150\" height=\"150\" src=\"https:\/\/www.radiopiu.net\/wordpress\/wp-content\/uploads\/2022\/06\/979e340e-285f-42a6-9ddb-4ef96656a276-150x150.jpg\" class=\"attachment-thumbnail size-thumbnail\" alt=\"\" \/><\/a>\n\t\t\t\t<\/dt><\/dl><br style=\"clear: both\" \/><dl class='gallery-item'>\n\t\t\t\t<dt class='gallery-icon landscape'>\n\t\t\t\t\t<a class=\"rollover rollover-zoom dt-pswp-item\" title=\"06750858-aaa6-4208-8acd-ec99e9bf29f3\" data-dt-img-description=\"\" data-large_image_width=\"1600\" data-large_image_height=\"1200\"href='https:\/\/www.radiopiu.net\/wordpress\/wp-content\/uploads\/2022\/06\/06750858-aaa6-4208-8acd-ec99e9bf29f3.jpg'><img loading=\"lazy\" decoding=\"async\" width=\"150\" height=\"150\" src=\"https:\/\/www.radiopiu.net\/wordpress\/wp-content\/uploads\/2022\/06\/06750858-aaa6-4208-8acd-ec99e9bf29f3-150x150.jpg\" class=\"attachment-thumbnail size-thumbnail\" alt=\"\" \/><\/a>\n\t\t\t\t<\/dt><\/dl><dl class='gallery-item'>\n\t\t\t\t<dt class='gallery-icon portrait'>\n\t\t\t\t\t<a class=\"rollover rollover-zoom dt-pswp-item\" title=\"a5939eff-7b09-4c45-8df6-6704a73660c6\" data-dt-img-description=\"\" data-large_image_width=\"1200\" data-large_image_height=\"1600\"href='https:\/\/www.radiopiu.net\/wordpress\/wp-content\/uploads\/2022\/06\/a5939eff-7b09-4c45-8df6-6704a73660c6.jpg'><img loading=\"lazy\" decoding=\"async\" width=\"150\" height=\"150\" src=\"https:\/\/www.radiopiu.net\/wordpress\/wp-content\/uploads\/2022\/06\/a5939eff-7b09-4c45-8df6-6704a73660c6-150x150.jpg\" class=\"attachment-thumbnail size-thumbnail\" alt=\"\" \/><\/a>\n\t\t\t\t<\/dt><\/dl><dl class='gallery-item'>\n\t\t\t\t<dt class='gallery-icon landscape'>\n\t\t\t\t\t<a class=\"rollover rollover-zoom dt-pswp-item\" title=\"ae49d87b-f0bd-46d2-8f26-0db67ad70666\" data-dt-img-description=\"\" data-large_image_width=\"1600\" data-large_image_height=\"1200\"href='https:\/\/www.radiopiu.net\/wordpress\/wp-content\/uploads\/2022\/06\/ae49d87b-f0bd-46d2-8f26-0db67ad70666.jpg'><img loading=\"lazy\" decoding=\"async\" width=\"150\" height=\"150\" src=\"https:\/\/www.radiopiu.net\/wordpress\/wp-content\/uploads\/2022\/06\/ae49d87b-f0bd-46d2-8f26-0db67ad70666-150x150.jpg\" class=\"attachment-thumbnail size-thumbnail\" alt=\"\" \/><\/a>\n\t\t\t\t<\/dt><\/dl><dl class='gallery-item'>\n\t\t\t\t<dt class='gallery-icon portrait'>\n\t\t\t\t\t<a class=\"rollover rollover-zoom dt-pswp-item\" title=\"b356f48c-7f16-475e-bc67-8113d9fbc8c4\" data-dt-img-description=\"\" data-large_image_width=\"1200\" data-large_image_height=\"1600\"href='https:\/\/www.radiopiu.net\/wordpress\/wp-content\/uploads\/2022\/06\/b356f48c-7f16-475e-bc67-8113d9fbc8c4.jpg'><img loading=\"lazy\" decoding=\"async\" width=\"150\" height=\"150\" src=\"https:\/\/www.radiopiu.net\/wordpress\/wp-content\/uploads\/2022\/06\/b356f48c-7f16-475e-bc67-8113d9fbc8c4-150x150.jpg\" class=\"attachment-thumbnail size-thumbnail\" alt=\"\" \/><\/a>\n\t\t\t\t<\/dt><\/dl><br style=\"clear: both\" \/>\n\t\t\t<\/div>\n\n<p>&nbsp;<\/p>\n<hr \/>\n<p>&nbsp;<\/p>\n<blockquote>\n<h3>ECOCENTRO DI AGORDO CHIUSO PER TRE MESI PER LAVORI DI RISTRUTTURAZIONE<\/h3>\n<\/blockquote>\n<p><strong><a class=\"dt-pswp-item\" href=\"https:\/\/www.radiopiu.net\/wordpress\/wp-content\/uploads\/2021\/10\/VALPE.png\" data-dt-img-description=\"\" data-large_image_width=\"800\" data-large_image_height=\"400\"><img loading=\"lazy\" decoding=\"async\" class=\"alignleft wp-image-236977 \" src=\"https:\/\/www.radiopiu.net\/wordpress\/wp-content\/uploads\/2021\/10\/VALPE-300x150.png\" alt=\"\" width=\"170\" height=\"85\" srcset=\"https:\/\/www.radiopiu.net\/wordpress\/wp-content\/uploads\/2021\/10\/VALPE-300x150.png 300w, https:\/\/www.radiopiu.net\/wordpress\/wp-content\/uploads\/2021\/10\/VALPE-768x384.png 768w, https:\/\/www.radiopiu.net\/wordpress\/wp-content\/uploads\/2021\/10\/VALPE.png 800w\" sizes=\"auto, (max-width: 170px) 100vw, 170px\" \/><\/a>AGORDO <\/strong>Da luned\u00ec 27 giugno l\u2019Ecocentro di Agordo chiuder\u00e0 per la realizzazione di lavori straordinari di ristrutturazione: gli interventi, finanziati tramite i Fondi Comuni Confinanti, dureranno circa 3 mesi e consentiranno di rinnovare completamente la struttura. I cittadini potranno continuare a conferire i propri rifiuti grazie al potenziamento degli Ecocentri limitrofi di La Valle Agordina e di Cencenighe Agordino.\u00a0 Dal 27 giugno, infatti, queste strutture amplieranno le aperture al pubblico: la struttura di Cencenighe Agordino aprir\u00e0 anche la mattina del luned\u00ec dalle 9.00 alle 12.00 e al sabato pomeriggio dalle 14.00 alle 17.00, mentre l\u2019Ecocentro di La Valle Agordina, aggiunger\u00e0 alle attuali aperture anche quelle del mercoled\u00ec mattina dalle 9.00 alle 12.00 e del sabato pomeriggio dalle 14.00 alle 17.00. Per quest\u2019ultima struttura si segnala il posticipo di 1 ora sul consueto orario di inizio turno al sabato mattina: dal 27 giugno, infatti, la struttura al sabato aprir\u00e0 alle ore 9.00. Queste strutture sono state individuate come quelle pi\u00f9 adeguate ad accogliere l\u2019utenza non solo per la vicinanza al centro di Agordo, ma anche per la loro capacit\u00e0 di accogliere un numero maggiore di utenti rispetto all\u2019affluenza abituale, oltre a permettere il conferimento delle stesse tipologie di rifiuto attualmente raccolte nella struttura di Agordo. Il potenziamento delle aperture di questi Ecocentri \u00e8 stato attentamente studiato per limitare i disagi durante i lavori che, una volta conclusi, restituiranno alla cittadinanza una struttura pi\u00f9 moderna e funzionale, in grado di offrire un servizio adeguato alle necessit\u00e0 del territorio. Gli interventi che partiranno luned\u00ec prossimo, infatti, prevedono un ampliamento significativo della struttura esistente, con la costruzione di una rampa che permetter\u00e0 un pi\u00f9 agevole conferimento dei rifiuti nei cassoni e la creazione di apposite aree coperte destinate alla raccolta dei rifiuti pericolosi. Il tutto \u00e8 stato studiato con particolare attenzione alla tutela ambientale e della sicurezza di chi accede all\u2019Ecocentro. Si ricorda che le utenze possono accedere a qualsiasi Ecocentro del territorio dell\u2019Unione Montana Agordina, verificando sedi e orari di apertura su www.valpeambiente.it.<\/p>\n<p><strong>di Gianni Santomaso<\/strong><\/p>\n<audio class=\"wp-audio-shortcode\" id=\"audio-283068-3\" preload=\"none\" style=\"width: 100%;\" controls=\"controls\"><source type=\"audio\/mpeg\" src=\"https:\/\/www.radiopiu.net\/wordpress\/wp-content\/uploads\/2022\/06\/GIANNI-ECOCENTRO-AGORDO.mp3?_=3\" \/><a href=\"https:\/\/www.radiopiu.net\/wordpress\/wp-content\/uploads\/2022\/06\/GIANNI-ECOCENTRO-AGORDO.mp3\">https:\/\/www.radiopiu.net\/wordpress\/wp-content\/uploads\/2022\/06\/GIANNI-ECOCENTRO-AGORDO.mp3<\/a><\/audio>\n<p>&nbsp;<\/p>\n<p><strong>IL PROGETTO DEI LAVORI CHE VERRANNO EFFETTUATI<\/strong><\/p>\n<p><a class=\"dt-pswp-item\" href=\"https:\/\/www.radiopiu.net\/wordpress\/wp-content\/uploads\/2022\/06\/Tav.04E-Planimetria-progetto-scaled.jpg\" data-dt-img-description=\"\" data-large_image_width=\"2560\" data-large_image_height=\"1867\"><img loading=\"lazy\" decoding=\"async\" class=\"alignnone wp-image-283134 size-large\" src=\"https:\/\/www.radiopiu.net\/wordpress\/wp-content\/uploads\/2022\/06\/Tav.04E-Planimetria-progetto-1024x747.jpg\" alt=\"\" width=\"1024\" height=\"747\" srcset=\"https:\/\/www.radiopiu.net\/wordpress\/wp-content\/uploads\/2022\/06\/Tav.04E-Planimetria-progetto-1024x747.jpg 1024w, https:\/\/www.radiopiu.net\/wordpress\/wp-content\/uploads\/2022\/06\/Tav.04E-Planimetria-progetto-300x219.jpg 300w, https:\/\/www.radiopiu.net\/wordpress\/wp-content\/uploads\/2022\/06\/Tav.04E-Planimetria-progetto-768x560.jpg 768w, https:\/\/www.radiopiu.net\/wordpress\/wp-content\/uploads\/2022\/06\/Tav.04E-Planimetria-progetto-1536x1120.jpg 1536w, https:\/\/www.radiopiu.net\/wordpress\/wp-content\/uploads\/2022\/06\/Tav.04E-Planimetria-progetto-2048x1494.jpg 2048w\" sizes=\"auto, (max-width: 1024px) 100vw, 1024px\" \/><\/a><\/p>\n<p>&nbsp;<\/p>\n<hr \/>\n<p>&nbsp;<\/p>\n<blockquote>\n<h3>IL PUNTO SUI LAVORI PUBBLICI A CANALE D&#8217;AGORDO<\/h3>\n<\/blockquote>\n<p><strong><a class=\"dt-pswp-item\" href=\"https:\/\/www.radiopiu.net\/wordpress\/wp-content\/uploads\/2020\/06\/CANALE-DAGORDO-8.jpg\" data-dt-img-description=\"\" data-large_image_width=\"960\" data-large_image_height=\"720\"><img loading=\"lazy\" decoding=\"async\" class=\"size-thumbnail wp-image-142137 alignleft\" src=\"https:\/\/www.radiopiu.net\/wordpress\/wp-content\/uploads\/2020\/06\/CANALE-DAGORDO-8-150x150.jpg\" alt=\"\" width=\"150\" height=\"150\" \/><\/a>CANALE D&#8217;AGORDO<\/strong><\/p>\n<p>di Gianni Santomaso<\/p>\n<audio class=\"wp-audio-shortcode\" id=\"audio-283068-4\" preload=\"none\" style=\"width: 100%;\" controls=\"controls\"><source type=\"audio\/mpeg\" src=\"https:\/\/www.radiopiu.net\/wordpress\/wp-content\/uploads\/2022\/06\/GIANNI-LAVORI-VAL-GARES.mp3?_=4\" \/><a href=\"https:\/\/www.radiopiu.net\/wordpress\/wp-content\/uploads\/2022\/06\/GIANNI-LAVORI-VAL-GARES.mp3\">https:\/\/www.radiopiu.net\/wordpress\/wp-content\/uploads\/2022\/06\/GIANNI-LAVORI-VAL-GARES.mp3<\/a><\/audio>\n<p>&nbsp;<\/p>\n\n\t\t\t<style type='text\/css'>\n\t\t\t\t#gallery-2 {\n\t\t\t\t\tmargin: auto;\n\t\t\t\t}\n\t\t\t\t#gallery-2 .gallery-item {\n\t\t\t\t\tfloat: left;\n\t\t\t\t\tmargin-top: 10px;\n\t\t\t\t\ttext-align: center;\n\t\t\t\t\twidth: 50%;\n\t\t\t\t}\n\t\t\t\t#gallery-2 img {\n\t\t\t\t\tborder: 2px solid #cfcfcf;\n\t\t\t\t}\n\t\t\t\t#gallery-2 .gallery-caption {\n\t\t\t\t\tmargin-left: 0;\n\t\t\t\t}\n\t\t\t\t\/* see gallery_shortcode() in wp-includes\/media.php *\/\n\t\t\t<\/style>\n\t\t<div id='gallery-2' class='dt-gallery-container gallery galleryid-283068 gallery-columns-2 gallery-size-thumbnail'><dl class='gallery-item'>\n\t\t\t\t<dt class='gallery-icon landscape'>\n\t\t\t\t\t<a class=\"rollover rollover-zoom dt-pswp-item\" title=\"e289f1b3-d026-4ce9-b24f-4966b15d21ab\" data-dt-img-description=\"Ponte sulla strada per Gares\" data-large_image_width=\"2048\" data-large_image_height=\"1152\"href='https:\/\/www.radiopiu.net\/wordpress\/wp-content\/uploads\/2022\/06\/e289f1b3-d026-4ce9-b24f-4966b15d21ab.jpg'><img loading=\"lazy\" decoding=\"async\" width=\"150\" height=\"150\" src=\"https:\/\/www.radiopiu.net\/wordpress\/wp-content\/uploads\/2022\/06\/e289f1b3-d026-4ce9-b24f-4966b15d21ab-150x150.jpg\" class=\"attachment-thumbnail size-thumbnail\" alt=\"\" aria-describedby=\"gallery-2-283163\" \/><\/a>\n\t\t\t\t<\/dt>\n\t\t\t\t\t<dd class='wp-caption-text gallery-caption' id='gallery-2-283163'>\n\t\t\t\t\tPonte sulla strada per Gares\n\t\t\t\t\t<\/dd><\/dl><dl class='gallery-item'>\n\t\t\t\t<dt class='gallery-icon portrait'>\n\t\t\t\t\t<a class=\"rollover rollover-zoom dt-pswp-item\" title=\"df3caefa-50b8-49b0-ad36-5220c38302f7\" data-dt-img-description=\"\" data-large_image_width=\"1152\" data-large_image_height=\"2048\"href='https:\/\/www.radiopiu.net\/wordpress\/wp-content\/uploads\/2022\/06\/df3caefa-50b8-49b0-ad36-5220c38302f7.jpg'><img loading=\"lazy\" decoding=\"async\" width=\"150\" height=\"150\" src=\"https:\/\/www.radiopiu.net\/wordpress\/wp-content\/uploads\/2022\/06\/df3caefa-50b8-49b0-ad36-5220c38302f7-150x150.jpg\" class=\"attachment-thumbnail size-thumbnail\" alt=\"\" \/><\/a>\n\t\t\t\t<\/dt><\/dl><br style=\"clear: both\" \/><dl class='gallery-item'>\n\t\t\t\t<dt class='gallery-icon portrait'>\n\t\t\t\t\t<a class=\"rollover rollover-zoom dt-pswp-item\" title=\"476e4e89-2576-40c4-a128-d97863c16369\" data-dt-img-description=\"\" data-large_image_width=\"1152\" data-large_image_height=\"2048\"href='https:\/\/www.radiopiu.net\/wordpress\/wp-content\/uploads\/2022\/06\/476e4e89-2576-40c4-a128-d97863c16369.jpg'><img loading=\"lazy\" decoding=\"async\" width=\"150\" height=\"150\" src=\"https:\/\/www.radiopiu.net\/wordpress\/wp-content\/uploads\/2022\/06\/476e4e89-2576-40c4-a128-d97863c16369-150x150.jpg\" class=\"attachment-thumbnail size-thumbnail\" alt=\"\" aria-describedby=\"gallery-2-283165\" \/><\/a>\n\t\t\t\t<\/dt>\n\t\t\t\t\t<dd class='wp-caption-text gallery-caption' id='gallery-2-283165'>\n\t\t\t\t\tLavori a Rividella\n\t\t\t\t\t<\/dd><\/dl><dl class='gallery-item'>\n\t\t\t\t<dt class='gallery-icon portrait'>\n\t\t\t\t\t<a class=\"rollover rollover-zoom dt-pswp-item\" title=\"405b5208-9fd7-4f95-9ec0-e9bf722759f2\" data-dt-img-description=\"\" data-large_image_width=\"1152\" data-large_image_height=\"2048\"href='https:\/\/www.radiopiu.net\/wordpress\/wp-content\/uploads\/2022\/06\/405b5208-9fd7-4f95-9ec0-e9bf722759f2.jpg'><img loading=\"lazy\" decoding=\"async\" width=\"150\" height=\"150\" src=\"https:\/\/www.radiopiu.net\/wordpress\/wp-content\/uploads\/2022\/06\/405b5208-9fd7-4f95-9ec0-e9bf722759f2-150x150.jpg\" class=\"attachment-thumbnail size-thumbnail\" alt=\"\" aria-describedby=\"gallery-2-283166\" \/><\/a>\n\t\t\t\t<\/dt>\n\t\t\t\t\t<dd class='wp-caption-text gallery-caption' id='gallery-2-283166'>\n\t\t\t\t\tLavori a Rividella\n\t\t\t\t\t<\/dd><\/dl><br style=\"clear: both\" \/>\n\t\t\t<\/div>\n\n<p>&nbsp;<\/p>\n<hr \/>\n<p>&nbsp;<\/p>\n<blockquote>\n<h2><a class=\"dt-pswp-item\" href=\"https:\/\/www.radiopiu.net\/wordpress\/wp-content\/uploads\/2022\/06\/f17ce779-daf7-4c72-955d-72df9a3f3cfc-300x169-1.jpg\" data-dt-img-description=\"\" data-large_image_width=\"300\" data-large_image_height=\"169\"><img loading=\"lazy\" decoding=\"async\" class=\"size-thumbnail wp-image-283213 alignleft\" src=\"https:\/\/www.radiopiu.net\/wordpress\/wp-content\/uploads\/2022\/06\/f17ce779-daf7-4c72-955d-72df9a3f3cfc-300x169-1-150x150.jpg\" alt=\"\" width=\"150\" height=\"150\" \/><\/a>IERI SERA IN DIRETTA SUI CANALI FACEBOOK IL CONSIGLIO COMUNALE DI CANALE D&#8217;AGORDO<\/h2>\n<\/blockquote>\n<p>RIASCOLTALO, <span style=\"color: #0000ff;\"><strong><a style=\"color: #0000ff;\" href=\"https:\/\/www.facebook.com\/marco.baghy.1\/videos\/1379196882590159\">CLICCA QUI\u00a0<\/a><\/strong><\/span><\/p>\n<p>&nbsp;<\/p>\n<p>&nbsp;<\/p>\n<p>&nbsp;<\/p>\n<hr \/>\n<p>&nbsp;<\/p>\n<blockquote>\n<h3>PNRR, APPROVATI I PROGETTI DELLA LINEA BORGHI DEL BELLUNESE PER 13 MILIONI DI EURO<\/h3>\n<\/blockquote>\n<p><strong><a class=\"dt-pswp-item\" href=\"https:\/\/www.radiopiu.net\/wordpress\/wp-content\/uploads\/2021\/02\/DARIO-BOND.jpg\" data-dt-img-description=\"\" data-large_image_width=\"1600\" data-large_image_height=\"737\"><img loading=\"lazy\" decoding=\"async\" class=\" wp-image-191054 alignleft\" src=\"https:\/\/www.radiopiu.net\/wordpress\/wp-content\/uploads\/2021\/02\/DARIO-BOND-150x150.jpg\" alt=\"\" width=\"101\" height=\"101\" \/><\/a>ROMA<\/strong>\u00a0 \u201cIl recupero dei borghi di montagna \u00e8 un primo piccolo passo per la vivibilit\u00e0 delle terre alte\u201d. Lo dice il deputato Dario Bond, commentando l\u2019approvazione dei progetti Pnrr del Piano nazionale borghi, ufficializzato dal Ministero dei beni culturali pochi minuti fa.\u00a0 <span class=\"s2\">\u201cSono nove i progetti presentati dal bellunese, con un plafond di risorse importante, oltre 13 milioni di euro, che permetteranno alle amministrazioni locali di recuperare pezzi del tessuto urbano e alle imprese di lavorare. A Borgo Valbelluna, 730mila euro per il restauro del campanile di Santa Lucia; 1,6 milioni per Quero Vas, Perarolo, Comelico Superiore, Borca, Alano, Cibiana e Selva di Cadore. Infine 1,3 milioni per San Pietro di Cadore. Tutti progetti in grado di dare un grande slancio al territorio. Da parte mia, i pi\u00f9 vivi complimenti alle amministrazioni che hanno saputo costruirli\u201d.<\/span><\/p>\n<p>&nbsp;<\/p>\n<hr \/>\n<p>&nbsp;<\/p>\n<p>&nbsp;<\/p>\n<blockquote>\n<h3>VENETO ACQUE E GLI INTERVENTI SUL LAGO NEI COMUNI DI ALLEGHE E ROCCA PIETORE<\/h3>\n<\/blockquote>\n<p><strong>ROCCA PIETORE<\/strong> Lavori sul lago, anche sulla sponda in destra orografica (zona Chalet). Il punto con il sindaco Andrea De Bernardin<\/p>\n<audio class=\"wp-audio-shortcode\" id=\"audio-283068-5\" preload=\"none\" style=\"width: 100%;\" controls=\"controls\"><source type=\"audio\/mpeg\" src=\"https:\/\/www.radiopiu.net\/wordpress\/wp-content\/uploads\/2022\/06\/ANDREA-DE-BERNARDIN-LAGO-ALLEGHE.mp3?_=5\" \/><a href=\"https:\/\/www.radiopiu.net\/wordpress\/wp-content\/uploads\/2022\/06\/ANDREA-DE-BERNARDIN-LAGO-ALLEGHE.mp3\">https:\/\/www.radiopiu.net\/wordpress\/wp-content\/uploads\/2022\/06\/ANDREA-DE-BERNARDIN-LAGO-ALLEGHE.mp3<\/a><\/audio>\n<p>&nbsp;<\/p>\n\n\t\t\t<style type='text\/css'>\n\t\t\t\t#gallery-3 {\n\t\t\t\t\tmargin: auto;\n\t\t\t\t}\n\t\t\t\t#gallery-3 .gallery-item {\n\t\t\t\t\tfloat: left;\n\t\t\t\t\tmargin-top: 10px;\n\t\t\t\t\ttext-align: center;\n\t\t\t\t\twidth: 25%;\n\t\t\t\t}\n\t\t\t\t#gallery-3 img {\n\t\t\t\t\tborder: 2px solid #cfcfcf;\n\t\t\t\t}\n\t\t\t\t#gallery-3 .gallery-caption {\n\t\t\t\t\tmargin-left: 0;\n\t\t\t\t}\n\t\t\t\t\/* see gallery_shortcode() in wp-includes\/media.php *\/\n\t\t\t<\/style>\n\t\t<div id='gallery-3' class='dt-gallery-container gallery galleryid-283068 gallery-columns-4 gallery-size-thumbnail'><dl class='gallery-item'>\n\t\t\t\t<dt class='gallery-icon portrait'>\n\t\t\t\t\t<a class=\"rollover rollover-zoom dt-pswp-item\" title=\"3d76466a-10bf-4f5c-aa3b-a1f1e56f242b\" data-dt-img-description=\"\" data-large_image_width=\"900\" data-large_image_height=\"1600\"href='https:\/\/www.radiopiu.net\/wordpress\/wp-content\/uploads\/2022\/06\/3d76466a-10bf-4f5c-aa3b-a1f1e56f242b.jpg'><img loading=\"lazy\" decoding=\"async\" width=\"150\" height=\"150\" src=\"https:\/\/www.radiopiu.net\/wordpress\/wp-content\/uploads\/2022\/06\/3d76466a-10bf-4f5c-aa3b-a1f1e56f242b-150x150.jpg\" class=\"attachment-thumbnail size-thumbnail\" alt=\"\" \/><\/a>\n\t\t\t\t<\/dt><\/dl><dl class='gallery-item'>\n\t\t\t\t<dt class='gallery-icon portrait'>\n\t\t\t\t\t<a class=\"rollover rollover-zoom dt-pswp-item\" title=\"b974f6e0-a285-4e92-b3b0-fa5d405e403f\" data-dt-img-description=\"\" data-large_image_width=\"900\" data-large_image_height=\"1600\"href='https:\/\/www.radiopiu.net\/wordpress\/wp-content\/uploads\/2022\/06\/b974f6e0-a285-4e92-b3b0-fa5d405e403f.jpg'><img loading=\"lazy\" decoding=\"async\" width=\"150\" height=\"150\" src=\"https:\/\/www.radiopiu.net\/wordpress\/wp-content\/uploads\/2022\/06\/b974f6e0-a285-4e92-b3b0-fa5d405e403f-150x150.jpg\" class=\"attachment-thumbnail size-thumbnail\" alt=\"\" \/><\/a>\n\t\t\t\t<\/dt><\/dl><dl class='gallery-item'>\n\t\t\t\t<dt class='gallery-icon portrait'>\n\t\t\t\t\t<a class=\"rollover rollover-zoom dt-pswp-item\" title=\"1d4c9d9a-d679-486c-b7af-8b53394b0fe4\" data-dt-img-description=\"\" data-large_image_width=\"900\" data-large_image_height=\"1600\"href='https:\/\/www.radiopiu.net\/wordpress\/wp-content\/uploads\/2022\/06\/1d4c9d9a-d679-486c-b7af-8b53394b0fe4.jpg'><img loading=\"lazy\" decoding=\"async\" width=\"150\" height=\"150\" src=\"https:\/\/www.radiopiu.net\/wordpress\/wp-content\/uploads\/2022\/06\/1d4c9d9a-d679-486c-b7af-8b53394b0fe4-150x150.jpg\" class=\"attachment-thumbnail size-thumbnail\" alt=\"\" \/><\/a>\n\t\t\t\t<\/dt><\/dl><dl class='gallery-item'>\n\t\t\t\t<dt class='gallery-icon portrait'>\n\t\t\t\t\t<a class=\"rollover rollover-zoom dt-pswp-item\" title=\"a5a77707-60d4-4948-86dc-add31c40d499\" data-dt-img-description=\"\" data-large_image_width=\"900\" data-large_image_height=\"1600\"href='https:\/\/www.radiopiu.net\/wordpress\/wp-content\/uploads\/2022\/06\/a5a77707-60d4-4948-86dc-add31c40d499.jpg'><img loading=\"lazy\" decoding=\"async\" width=\"150\" height=\"150\" src=\"https:\/\/www.radiopiu.net\/wordpress\/wp-content\/uploads\/2022\/06\/a5a77707-60d4-4948-86dc-add31c40d499-150x150.jpg\" class=\"attachment-thumbnail size-thumbnail\" alt=\"\" \/><\/a>\n\t\t\t\t<\/dt><\/dl><br style=\"clear: both\" \/>\n\t\t\t<\/div>\n\n<p>&nbsp;<\/p>\n<hr \/>\n<p>&nbsp;<\/p>\n<p>&nbsp;<\/p>\n<blockquote>\n<h3>CHIUDE IL PONTE CICOGNA PER INDAGINI DINAMICHE. LE ORDINANZE PER LA CHIUSURA DEL BAILEY SUL PIAVE<\/h3>\n<\/blockquote>\n<p><strong><span dir=\"ltr\" role=\"presentation\"><img loading=\"lazy\" decoding=\"async\" class=\"alignleft\" src=\"https:\/\/www.radiopiu.net\/wordpress\/wp-content\/uploads\/2021\/06\/LAVORI-1-2.jpg\" width=\"211\" height=\"211\" \/>CHIUSURA DEL PONTE SUL TORRENTE CICOGNA <\/span><\/strong><span dir=\"ltr\" role=\"presentation\">Per consentire lo svolgimento delle indagini dinamiche sulla struttura del <\/span><span dir=\"ltr\" role=\"presentation\">ponte sul torrente Cicogna, in via delle Valli, che porta in localit\u00e0 Ceresera,<\/span><span dir=\"ltr\" role=\"presentation\"> chiusura con interdizione totale a qualsiasi transito <\/span><span dir=\"ltr\" role=\"presentation\">del ponte stesso, domani dalle\u00a0 16.00 alle\u00a0 20. <\/span><span dir=\"ltr\" role=\"presentation\">Durante la chiusura del ponte verr\u00e0 apposta idonea segnaletica di chiusura <\/span><span dir=\"ltr\" role=\"presentation\">del ponte in tutte le intersezioni presenti a monte e a valle dell\u2019area di <\/span><span dir=\"ltr\" role=\"presentation\">intervento<\/span><\/p>\n<p><strong>SENSO UNICO SUL PONTE BAILEY E DIVIETO PER VIA ALZAIA<\/strong> <span dir=\"ltr\" role=\"presentation\">Per consentire l&#8217;esecuzione delle operazioni di manutenzione straordinaria<\/span><br role=\"presentation\" \/><span dir=\"ltr\" role=\"presentation\">della<\/span> <span dir=\"ltr\" role=\"presentation\">struttura<\/span> <span dir=\"ltr\" role=\"presentation\">del<\/span> <span dir=\"ltr\" role=\"presentation\">ponte<\/span> <span dir=\"ltr\" role=\"presentation\">Bailey: <\/span>\u00a0<span dir=\"ltr\" role=\"presentation\">istituzione del senso unico di circolazione veicolare, con direzione <\/span><span dir=\"ltr\" role=\"presentation\">centro-periferia (da via dei Dendrofori verso via Montegrappa) sul <\/span><span dir=\"ltr\" role=\"presentation\">tratto stradale comprendente il ponte Bailey, posto sul fiume Piave <\/span><span dir=\"ltr\" role=\"presentation\">tra la sponda di via Monte Grappa e quella di viale Dendrofori, nel <\/span><span dir=\"ltr\" role=\"presentation\">periodo dal 27 giugno al 15 luglio; nelle giornate festive e negli orari <\/span><span dir=\"ltr\" role=\"presentation\">in cui i lavori sul ponte verranno interrotti e lo stato di avanzamento <\/span><span dir=\"ltr\" role=\"presentation\">degli stessi, a giudizio del direttore dei lavori, lo consentano, potr\u00e0 <\/span><span dir=\"ltr\" role=\"presentation\">essere ripristinato il doppio senso di circolazione; <\/span>\u00a0<span dir=\"ltr\" role=\"presentation\">istituzione del divieto di transito veicolare in via Alzaia, nel periodo <\/span><span dir=\"ltr\" role=\"presentation\">dal 27 giugno al 15 luglio, con esclusione dei mezzi di soccorso, di <\/span><span dir=\"ltr\" role=\"presentation\">emergenza, di polizia, dei residenti nella via e dei mezzi impiegati <\/span><span dir=\"ltr\" role=\"presentation\">per garantire i servizi pubblici indispensabili (raccolta rifiuti, ecc.);\u00a0 <\/span>\u00a0<span dir=\"ltr\" role=\"presentation\">istituzione del divieto di sosta con rimozione forzata dei veicoli in via <\/span><span dir=\"ltr\" role=\"presentation\">Alzaia<\/span> <span dir=\"ltr\" role=\"presentation\">su<\/span> <span dir=\"ltr\" role=\"presentation\">tutta<\/span> <span dir=\"ltr\" role=\"presentation\">l\u2019area<\/span> <span dir=\"ltr\" role=\"presentation\">oggetto<\/span> <span dir=\"ltr\" role=\"presentation\">di<\/span> <span dir=\"ltr\" role=\"presentation\">concessione<\/span> <span dir=\"ltr\" role=\"presentation\">temporanea<\/span> <span dir=\"ltr\" role=\"presentation\">per <\/span><span dir=\"ltr\" role=\"presentation\">occupazione di suolo pubblico<\/span><\/p>\n<p>&nbsp;<\/p>\n<p>&nbsp;<\/p>\n<hr \/>\n<p>&nbsp;<\/p>\n<blockquote>\n<h3>IL NUOVO ACCELERATORE LINEARE ALL&#8217;OSPEDALE DI BELLUNO<\/h3>\n<\/blockquote>\n<p>DI MORENO GIOLI<\/p>\n<audio class=\"wp-audio-shortcode\" id=\"audio-283068-6\" preload=\"none\" style=\"width: 100%;\" controls=\"controls\"><source type=\"audio\/mpeg\" src=\"https:\/\/www.radiopiu.net\/wordpress\/wp-content\/uploads\/2022\/06\/MORENO-ACCELE.mp3?_=6\" \/><a href=\"https:\/\/www.radiopiu.net\/wordpress\/wp-content\/uploads\/2022\/06\/MORENO-ACCELE.mp3\">https:\/\/www.radiopiu.net\/wordpress\/wp-content\/uploads\/2022\/06\/MORENO-ACCELE.mp3<\/a><\/audio>\n<p>&nbsp;<\/p>\n<header class=\"amico-article__header\">\n<div class=\"amico-article__summary\">\n<p><strong>BELLUNO<\/strong> <a class=\"dt-pswp-item\" href=\"https:\/\/www.radiopiu.net\/wordpress\/wp-content\/uploads\/2022\/06\/Acceleratore-BL0.jpg\" data-dt-img-description=\"\" data-large_image_width=\"768\" data-large_image_height=\"447\"><img loading=\"lazy\" decoding=\"async\" class=\"size-thumbnail wp-image-283193 alignleft\" src=\"https:\/\/www.radiopiu.net\/wordpress\/wp-content\/uploads\/2022\/06\/Acceleratore-BL0-150x150.jpg\" alt=\"\" width=\"150\" height=\"150\" \/><\/a>Il presidente della Regione Veneto, Luca Zaia, ha inaugurato, all\u2019ospedale San Martino di Belluno, il nuovo acceleratore lineare del reparto di Radioterapia che permette un trattamento sicuro ed efficace che utilizza radiazioni ionizzanti, prevalentemente raggi X ad alta energia, per distruggere le cellule tumorali in modo mirato e selettivo. Una terapia che pu\u00f2 essere modellata per ciascun paziente, che riduce drasticamente i tempi di attesa ed evita faticosi spostamenti ai cittadini. L\u2019apparecchio \u00e8 costato quasi 2 milioni di euro e si aggiunge a un altro acceleratore inaugurato lo scorso anno. <em>&#8220;Il nostro obiettivo \u2013 ha detto Zaia \u2013 \u00e8 dare in questo territorio tutti i servizi di base, ma anche alcune eccellenze, ma ci\u00f2 \u00e8 possibile solo se insieme alla qualit\u00e0 degli strumenti e delle cure c\u2019\u00e8 anche un adeguato numero di pazienti perch\u00e9 la casistica \u00e8 fondamentale, il suo incremento \u00e8 importante per consentire ai medici di accumulare esperienza e mettere pienamente a frutto le conoscenze e gli strumenti di cui dispongono&#8221;. <\/em>Il presidente del Veneto ha citato quelle che ha definito \u00able lotte intestine\u00bb tra i vari ospedali della provincia di Belluno, con il timore reciproco di essere sfavoriti a vantaggio degli altri.<em> Un altro atteggiamento \u2013 ha rimarcato Zaia \u2013 che <a class=\"dt-pswp-item\" href=\"https:\/\/www.radiopiu.net\/wordpress\/wp-content\/uploads\/2022\/06\/Inaugurazione-acceleratore-lineare.jpg\" data-dt-img-description=\"\" data-large_image_width=\"1600\" data-large_image_height=\"1200\"><img loading=\"lazy\" decoding=\"async\" class=\"wp-image-283206 alignright\" src=\"https:\/\/www.radiopiu.net\/wordpress\/wp-content\/uploads\/2022\/06\/Inaugurazione-acceleratore-lineare.jpg\" alt=\"\" width=\"244\" height=\"183\" srcset=\"https:\/\/www.radiopiu.net\/wordpress\/wp-content\/uploads\/2022\/06\/Inaugurazione-acceleratore-lineare.jpg 1600w, https:\/\/www.radiopiu.net\/wordpress\/wp-content\/uploads\/2022\/06\/Inaugurazione-acceleratore-lineare-300x225.jpg 300w, https:\/\/www.radiopiu.net\/wordpress\/wp-content\/uploads\/2022\/06\/Inaugurazione-acceleratore-lineare-1024x768.jpg 1024w, https:\/\/www.radiopiu.net\/wordpress\/wp-content\/uploads\/2022\/06\/Inaugurazione-acceleratore-lineare-768x576.jpg 768w, https:\/\/www.radiopiu.net\/wordpress\/wp-content\/uploads\/2022\/06\/Inaugurazione-acceleratore-lineare-1536x1152.jpg 1536w\" sizes=\"auto, (max-width: 244px) 100vw, 244px\" \/><\/a>porta a lamentarsi e a parlare male della propria sanit\u00e0, mentre l\u2019impegno della Regione \u00e8 quello di investire a 360 gradi con il solo obiettivo di migliorare il servizio per il cittadino e non di favorire una struttura a scapito di un\u2019altra&#8221;.<\/em><\/p>\n<\/div>\n<\/header>\n<p>&nbsp;<\/p>\n<p>Al taglio del nastro il\u00a0 Sindaco Oscar De Pellegrin,\u00a0 l\u2019Assessore regionale alla sanit\u00e0, Manuela Lanzarin, il Vescovo di Belluno-Feltre, Renato Marangoni, la Direttrice generale dell\u2019Ulss 1 Dolomiti, Maria Grazia Carraro, e i consiglieri regionali Silvia Cestaro e Giovanni Puppato. <em>&#8220;Ritengo &#8211; commenta il Sindaco De Pellegrin &#8211; che la sanit\u00e0 bellunese, anche grazie a strumenti all&#8217;avanguardia come quello inaugurato oggi, sia davvero un&#8217;eccellenza, in grado di offrire servizi di qualit\u00e0 ai cittadini di tutta la provincia e anche di attrarre persone da fuori, da altri territori. Ringrazio la Regione Veneto per l&#8217;impegno costante su questo fronte&#8221;.<\/em><\/p>\n<p>&nbsp;<\/p>\n<p><strong>IL SINDACO DI BELLUNO OSCAR DE PELLEGRIN<\/strong><\/p>\n<div style=\"width: 352px;\" class=\"wp-video\"><video class=\"wp-video-shortcode\" id=\"video-283068-1\" width=\"352\" height=\"640\" preload=\"metadata\" controls=\"controls\"><source type=\"video\/mp4\" src=\"https:\/\/www.radiopiu.net\/wordpress\/wp-content\/uploads\/2022\/06\/WhatsApp-Video-2022-06-23-at-19.33.52.mp4?_=1\" \/><a href=\"https:\/\/www.radiopiu.net\/wordpress\/wp-content\/uploads\/2022\/06\/WhatsApp-Video-2022-06-23-at-19.33.52.mp4\">https:\/\/www.radiopiu.net\/wordpress\/wp-content\/uploads\/2022\/06\/WhatsApp-Video-2022-06-23-at-19.33.52.mp4<\/a><\/video><\/div>\n<p>&nbsp;<\/p>\n<p>&nbsp;<\/p>\n<hr \/>\n<p>&nbsp;<\/p>\n<blockquote>\n<h3>CHIUSURA DELLA STRADA PER MALGA FOCA<\/h3>\n<\/blockquote>\n<p><strong><a class=\"dt-pswp-item\" href=\"https:\/\/www.radiopiu.net\/wordpress\/wp-content\/uploads\/2021\/06\/83a13bb7-efc6-4ad3-9647-9b311c7aa5c4.jpg\" data-dt-img-description=\"\" data-large_image_width=\"1920\" data-large_image_height=\"1080\"><img loading=\"lazy\" decoding=\"async\" class=\"size-thumbnail wp-image-215875 alignleft\" src=\"https:\/\/www.radiopiu.net\/wordpress\/wp-content\/uploads\/2021\/06\/83a13bb7-efc6-4ad3-9647-9b311c7aa5c4-150x150.jpg\" alt=\"\" width=\"150\" height=\"150\" \/><\/a>LA VALLE<\/strong> Il comune di La Valle comunica che la strada per Malga Foca chiuder\u00e0 al transito veicolare e pedonale \u00a0dal 27\/06\/2022 per un periodo piuttosto lungo per esbosco di schianti e trasporto del materiale a valle. La chiusura \u00e8 prevista \u00a0fino al 15\/11\/2022 . La strada interessata \u00e8 denominata Conaggia-Malga Foca-Buscaresem e chiuder\u00e0 il tratto dalla localit\u00e0 La Boa fino al bivio posto poco sotto la Malga Foca dove parte una strada che porta a Folega. Gli orari di chiusura: dal luned\u00ec al venerd\u00ec dalle\u00a0 7 alle 18 e il sabato dalle\u00a0 \u00a07 alle\u00a0 12, il sabato pomeriggio e la domenica \u00e8 aperta. Resta interdetto sempre a partire dal 27\/06\/2022 \u00a0il transito sia veicolare che pedonale della strada che dal bivio posto poco sotto Malga Foca porta verso Folega , i lavori boschivi verranno svolti soprattutto nella zona del Mandriz di Folega e forcella Folega e interesseranno anche il sentiero CAI 545 che attraversa la zona del cantiere boschivo nella localit\u00e0 \u201cMadonna dei Sciar\u201d e forcella Folega.<\/p>\n<p>&nbsp;<\/p>\n<p>&nbsp;<\/p>\n<hr \/>\n<p>&nbsp;<\/p>\n<p>&nbsp;<\/p>\n<p>&nbsp;<\/p>\n<blockquote>\n<h3>AVOSCAN-CHENET-BASTIANI: LA STRADA CHIUDE NEI GIORNI FERIALI<\/h3>\n<\/blockquote>\n<p><strong><img loading=\"lazy\" decoding=\"async\" class=\"alignleft\" src=\"https:\/\/www.radiopiu.net\/wordpress\/wp-content\/uploads\/2022\/06\/cencenighe.jpg\" width=\"157\" height=\"105\" \/>CENCENIGHE<\/strong> Lavori in corso nelle frazioni, cantieri per la messa in sicurezza della viabilit\u00e0 comunale che obbligano alla chiusura totale al traffico veicolare e pedonale della strada che conduce alle localit\u00e0 Foch, Chenet, Collaz e Bastian. Fino al 5 agosto dal lunedi al venerdi la strada sar\u00e0 chiusa dalle 8 alle 9.45 (riapertura fino alle 10) dalle 10 alle 12 (riapertura fino alle 13). Nel pomeriggio chiusura dalle 13 alle 14.15 (riapertura fino alle 14.30) e dalle 14.30 alle 17.30. Nei giorni festivi e prefestivi strada aperta senza alcuna interruzione.<\/p>\n<p>&nbsp;<\/p>\n<p>&nbsp;<\/p>\n<hr \/>\n<p>&nbsp;<\/p>\n<p>&nbsp;<\/p>\n<p>&nbsp;<\/p>\n<blockquote>\n<h3>PROROGATA LA CHIUSURA DELLA STRADA TRA CROSTOLIN E LE RONCHE<\/h3>\n<\/blockquote>\n<p><strong>LA VALLE AGORDINA<\/strong>\u00a0 Sul Ponte \u201cDel Felice\u201d tra Crostolin e Le Ronche: chiusura della strada\u00a0 fino al 8 luglio per consentire alla ditta incaricata di effettuare le opere,\u00a0 interdizione totale al transito veicolare e pedonale. La Ditta che sta eseguendo i lavori ha comunicato che serve ancora un periodo di chiusura . Al riguardo \u00e8 stata prorogata fino all&#8217;8 luglio l&#8217;ordinanza che dispone la chiusura della strada.<\/p>\n<p><span dir=\"ltr\" role=\"presentation\"><strong>BELLUNO<\/strong> Divieto di circolazione in via Loreto, fino<\/span><span dir=\"ltr\" role=\"presentation\"> al 27 giugno per manutenzione reti acquedotto e fognatura. Tra i civici 24-28,\u00a0 dalle 8 alle 18; tra i civici 13C e 24 dalle 21 alle 6.<\/span><\/p>\n<p>&nbsp;<\/p>\n<hr \/>\n<blockquote>\n<h3><\/h3>\n<h3>CHIUSA LA SP422 A TAMBRE, SENSO UNICO ALTERNATO A CIBIANA FINO A REVOCA<\/h3>\n<\/blockquote>\n<p><strong><a class=\"dt-pswp-item\" href=\"https:\/\/www.radiopiu.net\/wordpress\/wp-content\/uploads\/2020\/05\/VENETO-STRADE.png\" data-dt-img-description=\"\" data-large_image_width=\"400\" data-large_image_height=\"400\"><img loading=\"lazy\" decoding=\"async\" class=\" wp-image-135574 alignleft\" src=\"https:\/\/www.radiopiu.net\/wordpress\/wp-content\/uploads\/2020\/05\/VENETO-STRADE-150x150.png\" alt=\"\" width=\"66\" height=\"66\" srcset=\"https:\/\/www.radiopiu.net\/wordpress\/wp-content\/uploads\/2020\/05\/VENETO-STRADE-150x150.png 150w, https:\/\/www.radiopiu.net\/wordpress\/wp-content\/uploads\/2020\/05\/VENETO-STRADE-300x300.png 300w, https:\/\/www.radiopiu.net\/wordpress\/wp-content\/uploads\/2020\/05\/VENETO-STRADE.png 400w\" sizes=\"auto, (max-width: 66px) 100vw, 66px\" \/><\/a> <\/strong><\/p>\n<p><strong>SEDICO<\/strong> Veneto Strade comunica che sulla SP 422 DELL&#8217;ALPAGO E CANSIGLIO ci sar\u00e0 un&#8217;interdizione totale al transito <span style=\"color: #000000;\">fino al 29 giugno in comune di Tambre. Sulla SP 347 PASSO CEREDA E DURAN \u00e8 stato istituito il senso unico alternato regolato da semaforo in comune di Cibiana di Cadore <\/span><span style=\"color: #ff0000;\"><span style=\"color: #000000;\">fino a revoca\u00a0per restringimento della carreggiata.<\/span><\/span><\/p>\n<p>&nbsp;<\/p>\n<p>&nbsp;<\/p>\n<p>&nbsp;<\/p>\n<hr \/>\n<p>&nbsp;<\/p>\n<blockquote>\n<h3>COMMERCIANTI &#8220;CONTRO&#8221; LA GRANFONDO: &#8220;L&#8217;ENNESIMO DANNO&#8221;<\/h3>\n<\/blockquote>\n<p>&nbsp;<\/p>\n<p><strong><img loading=\"lazy\" decoding=\"async\" class=\"alignleft\" src=\"https:\/\/www.radiopiu.net\/wordpress\/wp-content\/uploads\/2020\/10\/Castello.jpg\" width=\"167\" height=\"104\" \/>FELTRE<\/strong> A due giorni dall&#8217;evento l&#8217;organizzazione ha deciso di vietare il parcheggio verso Borgo Ruga. Due giorni prima con il benestare dell&#8217;amministrazione comunale e i commercianti alzano le barricate.\u00a0<em>\u00abIl divieto di parcheggio scattato due giorni prima della Granfondo ciclistica \u00e8 l&#8217;ennesimo segnale di scarsa attenzione verso Borgo Ruga\u00bb.<\/em>\u00a0 Come \u00e8 gestita attualmente la viabilit\u00e0, rende molto complicato intercettare i clienti che si vorrebbero fermare. Un appello, rimasto peraltro senza risposta. Ecco perch\u00e9 i negozianti fanno un appello a chiunque sar\u00e0 il prossimo primo cittadino: <em>\u00abQui \u00e8 difficile fare commercio, e se si vieta di parcheggiare due giorni prima di una manifestazione quando si \u00e8 messo mano alla transennatura solo il sabato, diventa tutto pi\u00f9 difficile. Gi\u00e0 paghiamo un prezzo altissimo per via Tortesen chiusa ormai da tempo e che non si sa nemmeno quando verr\u00e0 riaperta&#8221;.\u00a0\u00a0<\/em><\/p>\n<p>&nbsp;<\/p>\n<hr \/>\n<p>&nbsp;<\/p>\n<blockquote>\n<h3>AUTOVELOX DI LEVEGO, IL COMUNE PRESENTA APPELLO<\/h3>\n<\/blockquote>\n<p><strong><img loading=\"lazy\" decoding=\"async\" class=\"alignleft\" src=\"https:\/\/www.radiopiu.net\/wordpress\/wp-content\/uploads\/2020\/09\/autovelox-1.jpg\" width=\"226\" height=\"129\" \/>BELLUNO<\/strong>\u00a0 A due automobilisti \u00e8 stata annullata la multa per eccesso di velocit\u00e0 dal giudice di pace e il Comune presenta appello in Tribunale. Nella prima sentenza, il giudice civile Schioppa ha chiarito che l&#8217;autovelox in localit\u00e0 Case Fagherazzi, sulla strada provinciale 1 della Sinistra Piave non \u00e8 omologato, ma solo\u00a0 autorizzato. Dove il limite di velocit\u00e0 \u00e8 di 90 chilometri orari, il conducente di Pieve di Cadore viaggiava a 102, si \u00e8 rivolto all&#8217;avvocato Giulia Piazza e si \u00e8 visto annullare la sanzione.\u00a0 Quel misuratore di velocit\u00e0 non \u00e8 omologato come dovrebbe, da aggiungere che procura a Palazzo Rosso introiti relativi a un migliaio di multe al mese, dunque si parla di cifre significative.\u00a0 Franco Roccon da ieri assessore, chiedeva il decreto di omologazione, nel frattempo sarebbe stato il caso di sospendere le rilevazioni, anche per evitare i ricorsi da parte degli automobilisti sanzionati.<\/p>\n<p>foto archivio<\/p>\n<p>&nbsp;<\/p>\n<p>&nbsp;<\/p>\n<hr \/>\n<p>&nbsp;<\/p>\n<blockquote class=\"wp-embedded-content\" data-secret=\"evmb6QCTJi\"><p><a href=\"https:\/\/www.radiopiu.net\/wordpress\/aggnazionalegiugno23\/\">CORONAVIRUS: AGGIORNAMENTO NAZIONALE 23 GIUGNO 2022<\/a><\/p><\/blockquote>\n<p><iframe loading=\"lazy\" class=\"wp-embedded-content\" sandbox=\"allow-scripts\" security=\"restricted\" style=\"position: absolute; clip: rect(1px, 1px, 1px, 1px);\" title=\"&#8220;CORONAVIRUS: AGGIORNAMENTO NAZIONALE 23 GIUGNO 2022&#8221; &#8212; Radio Pi\u00f9\" src=\"https:\/\/www.radiopiu.net\/wordpress\/aggnazionalegiugno23\/embed\/#?secret=gP70itPvUC#?secret=evmb6QCTJi\" data-secret=\"evmb6QCTJi\" width=\"600\" height=\"338\" frameborder=\"0\" marginwidth=\"0\" marginheight=\"0\" scrolling=\"no\"><\/iframe><\/p>\n<p>&nbsp;<\/p>\n<p>&nbsp;<\/p>\n<blockquote class=\"wp-embedded-content\" data-secret=\"9gI3HtoXU5\"><p><a href=\"https:\/\/www.radiopiu.net\/wordpress\/aggazzerogiugno23\/\">OTTO DECESSI E PIU&#8217; DI 6 MILA NUOVE POSITIVITA&#8217; IN VENETO NELLE ULTIME 24 ORE. AUMENTANO I RICOVERI IN AREA NON CRITICA<\/a><\/p><\/blockquote>\n<p><iframe loading=\"lazy\" class=\"wp-embedded-content\" sandbox=\"allow-scripts\" security=\"restricted\" style=\"position: absolute; clip: rect(1px, 1px, 1px, 1px);\" title=\"&#8220;OTTO DECESSI E PIU&#8217; DI 6 MILA NUOVE POSITIVITA&#8217; IN VENETO NELLE ULTIME 24 ORE. AUMENTANO I RICOVERI IN AREA NON CRITICA&#8221; &#8212; Radio Pi\u00f9\" src=\"https:\/\/www.radiopiu.net\/wordpress\/aggazzerogiugno23\/embed\/#?secret=LgC1iQWbYx#?secret=9gI3HtoXU5\" data-secret=\"9gI3HtoXU5\" width=\"600\" height=\"338\" frameborder=\"0\" marginwidth=\"0\" marginheight=\"0\" scrolling=\"no\"><\/iframe><\/p>\n<p>&nbsp;<\/p>\n<h2>I GRAFICI DI TIZIANO DE COL<\/h2>\n\n\t\t\t<style type='text\/css'>\n\t\t\t\t#gallery-4 {\n\t\t\t\t\tmargin: auto;\n\t\t\t\t}\n\t\t\t\t#gallery-4 .gallery-item {\n\t\t\t\t\tfloat: left;\n\t\t\t\t\tmargin-top: 10px;\n\t\t\t\t\ttext-align: center;\n\t\t\t\t\twidth: 33%;\n\t\t\t\t}\n\t\t\t\t#gallery-4 img {\n\t\t\t\t\tborder: 2px solid #cfcfcf;\n\t\t\t\t}\n\t\t\t\t#gallery-4 .gallery-caption {\n\t\t\t\t\tmargin-left: 0;\n\t\t\t\t}\n\t\t\t\t\/* see gallery_shortcode() in wp-includes\/media.php *\/\n\t\t\t<\/style>\n\t\t<div id='gallery-4' class='dt-gallery-container gallery galleryid-283068 gallery-columns-3 gallery-size-thumbnail'><dl class='gallery-item'>\n\t\t\t\t<dt class='gallery-icon landscape'>\n\t\t\t\t\t<a class=\"rollover\" href='https:\/\/www.radiopiu.net\/wordpress\/giornale-radiopiu-24-giugno-2022-direttore-mirko-mezzacasa\/8ffed0c6-91df-4818-9d26-a89cdf41da68\/'><img loading=\"lazy\" decoding=\"async\" width=\"150\" height=\"150\" src=\"https:\/\/www.radiopiu.net\/wordpress\/wp-content\/uploads\/2022\/06\/8ffed0c6-91df-4818-9d26-a89cdf41da68-150x150.jpg\" class=\"attachment-thumbnail size-thumbnail\" alt=\"\" \/><\/a>\n\t\t\t\t<\/dt><\/dl><dl class='gallery-item'>\n\t\t\t\t<dt class='gallery-icon landscape'>\n\t\t\t\t\t<a class=\"rollover\" href='https:\/\/www.radiopiu.net\/wordpress\/giornale-radiopiu-24-giugno-2022-direttore-mirko-mezzacasa\/f1db59de-b41e-4d9e-a69d-92c8b70cf4a6\/'><img loading=\"lazy\" decoding=\"async\" width=\"150\" height=\"150\" src=\"https:\/\/www.radiopiu.net\/wordpress\/wp-content\/uploads\/2022\/06\/f1db59de-b41e-4d9e-a69d-92c8b70cf4a6-150x150.jpg\" class=\"attachment-thumbnail size-thumbnail\" alt=\"\" \/><\/a>\n\t\t\t\t<\/dt><\/dl><dl class='gallery-item'>\n\t\t\t\t<dt class='gallery-icon landscape'>\n\t\t\t\t\t<a class=\"rollover\" href='https:\/\/www.radiopiu.net\/wordpress\/giornale-radiopiu-24-giugno-2022-direttore-mirko-mezzacasa\/9313775a-e998-42a7-88bd-e928337d1416\/'><img loading=\"lazy\" decoding=\"async\" width=\"150\" height=\"150\" src=\"https:\/\/www.radiopiu.net\/wordpress\/wp-content\/uploads\/2022\/06\/9313775a-e998-42a7-88bd-e928337d1416-150x150.jpg\" class=\"attachment-thumbnail size-thumbnail\" alt=\"\" \/><\/a>\n\t\t\t\t<\/dt><\/dl><br style=\"clear: both\" \/><dl class='gallery-item'>\n\t\t\t\t<dt class='gallery-icon landscape'>\n\t\t\t\t\t<a class=\"rollover\" href='https:\/\/www.radiopiu.net\/wordpress\/giornale-radiopiu-24-giugno-2022-direttore-mirko-mezzacasa\/89480baa-9df1-4507-9b68-13d88f4e8f27\/'><img loading=\"lazy\" decoding=\"async\" width=\"150\" height=\"150\" src=\"https:\/\/www.radiopiu.net\/wordpress\/wp-content\/uploads\/2022\/06\/89480baa-9df1-4507-9b68-13d88f4e8f27-150x150.jpg\" class=\"attachment-thumbnail size-thumbnail\" alt=\"\" \/><\/a>\n\t\t\t\t<\/dt><\/dl><dl class='gallery-item'>\n\t\t\t\t<dt class='gallery-icon landscape'>\n\t\t\t\t\t<a class=\"rollover\" href='https:\/\/www.radiopiu.net\/wordpress\/giornale-radiopiu-24-giugno-2022-direttore-mirko-mezzacasa\/8dbc3484-10c6-4ccb-b4b5-e31f4b98c4c2\/'><img loading=\"lazy\" decoding=\"async\" width=\"150\" height=\"150\" src=\"https:\/\/www.radiopiu.net\/wordpress\/wp-content\/uploads\/2022\/06\/8dbc3484-10c6-4ccb-b4b5-e31f4b98c4c2-150x150.jpg\" class=\"attachment-thumbnail size-thumbnail\" alt=\"\" \/><\/a>\n\t\t\t\t<\/dt><\/dl><dl class='gallery-item'>\n\t\t\t\t<dt class='gallery-icon landscape'>\n\t\t\t\t\t<a class=\"rollover\" href='https:\/\/www.radiopiu.net\/wordpress\/giornale-radiopiu-24-giugno-2022-direttore-mirko-mezzacasa\/c5ba4453-5f6e-4e95-8f04-cd26650640dc\/'><img loading=\"lazy\" decoding=\"async\" width=\"150\" height=\"150\" src=\"https:\/\/www.radiopiu.net\/wordpress\/wp-content\/uploads\/2022\/06\/c5ba4453-5f6e-4e95-8f04-cd26650640dc-150x150.jpg\" class=\"attachment-thumbnail size-thumbnail\" alt=\"\" \/><\/a>\n\t\t\t\t<\/dt><\/dl><br style=\"clear: both\" \/>\n\t\t\t<\/div>\n\n<p>&nbsp;<\/p>\n<hr \/>\n<p>&nbsp;<\/p>\n<blockquote>\n<h3>&#8220;CRONACHE FANTASTICHE&#8221;\u00a0 ALLA MOSTRA DELL&#8217;ARTIGIANATO DI FELTRE<\/h3>\n<\/blockquote>\n<p><strong>\u00a0BELLUNO<\/strong> Le opere degli artigiani bellunesi debuttano alla mostra dell&#8217;artigianato di Feltre dal 30 giugno al 3 luglio. L&#8217;iniziativa di Confartigianato che aveva\u00a0 invitato\u00a0 gli artigiani a ideare e realizzare un oggetto di arredo, un complemento d\u2019arredo o un\u2019opera ispirata a un libro o a un racconto di Dino Buzzati a 50 anni dalla morte.<\/p>\n<p>&nbsp;<\/p>\n<p>&nbsp;<\/p>\n<hr \/>\n<p>&nbsp;<\/p>\n<blockquote>\n<h3>SALVATERRA E DEON PRONTI A GIURARE DOPO LE ELEZIONI A SINDACO<\/h3>\n<\/blockquote>\n<p><strong>FALCADE\/RIVAMONTE<\/strong><\/p>\n<p>di Gianni Santomaso<\/p>\n<audio class=\"wp-audio-shortcode\" id=\"audio-283068-7\" preload=\"none\" style=\"width: 100%;\" controls=\"controls\"><source type=\"audio\/mpeg\" src=\"https:\/\/www.radiopiu.net\/wordpress\/wp-content\/uploads\/2022\/06\/GIANNI-SINDACI-GIURAMENTO.mp3?_=7\" \/><a href=\"https:\/\/www.radiopiu.net\/wordpress\/wp-content\/uploads\/2022\/06\/GIANNI-SINDACI-GIURAMENTO.mp3\">https:\/\/www.radiopiu.net\/wordpress\/wp-content\/uploads\/2022\/06\/GIANNI-SINDACI-GIURAMENTO.mp3<\/a><\/audio>\n<p>&nbsp;<\/p>\n\n\t\t\t<style type='text\/css'>\n\t\t\t\t#gallery-5 {\n\t\t\t\t\tmargin: auto;\n\t\t\t\t}\n\t\t\t\t#gallery-5 .gallery-item {\n\t\t\t\t\tfloat: left;\n\t\t\t\t\tmargin-top: 10px;\n\t\t\t\t\ttext-align: center;\n\t\t\t\t\twidth: 50%;\n\t\t\t\t}\n\t\t\t\t#gallery-5 img {\n\t\t\t\t\tborder: 2px solid #cfcfcf;\n\t\t\t\t}\n\t\t\t\t#gallery-5 .gallery-caption {\n\t\t\t\t\tmargin-left: 0;\n\t\t\t\t}\n\t\t\t\t\/* see gallery_shortcode() in wp-includes\/media.php *\/\n\t\t\t<\/style>\n\t\t<div id='gallery-5' class='dt-gallery-container gallery galleryid-283068 gallery-columns-2 gallery-size-thumbnail'><dl class='gallery-item'>\n\t\t\t\t<dt class='gallery-icon portrait'>\n\t\t\t\t\t<a class=\"rollover rollover-zoom dt-pswp-item\" title=\"MAURO SALVATERRA\" data-dt-img-description=\"\" data-large_image_width=\"1066\" data-large_image_height=\"1600\"href='https:\/\/www.radiopiu.net\/wordpress\/wp-content\/uploads\/2022\/05\/MAURO-SALVATERRA.jpg'><img loading=\"lazy\" decoding=\"async\" width=\"150\" height=\"150\" src=\"https:\/\/www.radiopiu.net\/wordpress\/wp-content\/uploads\/2022\/05\/MAURO-SALVATERRA-150x150.jpg\" class=\"attachment-thumbnail size-thumbnail\" alt=\"\" \/><\/a>\n\t\t\t\t<\/dt><\/dl><dl class='gallery-item'>\n\t\t\t\t<dt class='gallery-icon landscape'>\n\t\t\t\t\t<a class=\"rollover rollover-zoom dt-pswp-item\" title=\"GIOVANNI DEON\" data-dt-img-description=\"\" data-large_image_width=\"228\" data-large_image_height=\"221\"href='https:\/\/www.radiopiu.net\/wordpress\/wp-content\/uploads\/2021\/05\/GIOVANNI-DEON.jpg'><img loading=\"lazy\" decoding=\"async\" width=\"150\" height=\"150\" src=\"https:\/\/www.radiopiu.net\/wordpress\/wp-content\/uploads\/2021\/05\/GIOVANNI-DEON-150x150.jpg\" class=\"attachment-thumbnail size-thumbnail\" alt=\"\" aria-describedby=\"gallery-5-212771\" \/><\/a>\n\t\t\t\t<\/dt>\n\t\t\t\t\t<dd class='wp-caption-text gallery-caption' id='gallery-5-212771'>\n\t\t\t\t\tNINO DEON\n\t\t\t\t\t<\/dd><\/dl><br style=\"clear: both\" \/>\n\t\t\t<\/div>\n\n<p>&nbsp;<\/p>\n<p>.<\/p>\n<hr \/>\n<p>&nbsp;<\/p>\n<blockquote>\n<h3>A PIEVE DI CADORE ARRIVA &#8220;LA MADONNA DELLA MISERICORDIA&#8221; DAGLI UFFIZI DI FIRENZE<\/h3>\n<\/blockquote>\n<p><strong><a class=\"dt-pswp-item\" href=\"https:\/\/www.radiopiu.net\/wordpress\/wp-content\/uploads\/2022\/06\/Madonna-della-Misericordia_Tiziano-Vecellio-e-bottega.jpg\" data-dt-img-description=\"\" data-large_image_width=\"1200\" data-large_image_height=\"1600\"><img loading=\"lazy\" decoding=\"async\" class=\"size-thumbnail wp-image-283140 alignleft\" src=\"https:\/\/www.radiopiu.net\/wordpress\/wp-content\/uploads\/2022\/06\/Madonna-della-Misericordia_Tiziano-Vecellio-e-bottega-150x150.jpg\" alt=\"\" width=\"150\" height=\"150\" \/><\/a>PIEVE DI CADORE <\/strong>Nel 2022 si celebra il centenario della dichiarazione di monumento nazionale della Casa natale di Tiziano Vecellio e per onorare questa ricorrenza la Magnifica Comunit\u00e0 di Cadore ha ottenuto un importante prestito dalla Galleria degli Uffizi di Firenze, quello del dipinto <em>Madonna della Misericordia<\/em>, realizzato dalla Bottega di Tiziano (forse da Marco Vecellio) nel 1573 e custodito nella Galleria Palatina di Palazzo Pitti. L\u2019arrivo della preziosa tela a Pieve di Cadore, per essere protagonista della mostra &#8211; dossier \u201cLa Madonna dei Vecellio\u201d \u00e8 previsto per sabato 2 luglio alla Casa natale di Tiziano<\/p>\n<p>&nbsp;<\/p>\n<p>&nbsp;<\/p>\n<hr \/>\n<p>&nbsp;<\/p>\n<blockquote>\n<h3>DOLOMITES BIKE DAY, VARIAZIONI AL SERVIZIO DI TRASPORTO PUBBLICO<\/h3>\n<\/blockquote>\n<p><strong><img loading=\"lazy\" decoding=\"async\" class=\"alignleft\" src=\"https:\/\/www.radiopiu.net\/wordpress\/wp-content\/uploads\/2020\/06\/9ecd9b94-d553-435b-93a2-c268918bc743.jpg\" width=\"186\" height=\"140\" \/>LIVINALLONGO<\/strong>\u00a0 Domani dalle 8.30 alle 14 chiudono i passi Campolongo, Falzarego e Valparola per la manifestazione ciclistica dolomites bike day, di conseguenza il servizio di trasporto pubblico subir\u00e0 delle modifiche. <strong>Corsa 6.55<\/strong> Belluno-Pieve di Livinallongo si attesta a Caprile alle 8.15, soppressa la tratta Caprile-Pieve di Livinallongo <strong>Corsa 9.20<\/strong> Belluno-Caprile-Arabba si attesa a Caprile alle 10.40 soppressa la tratta Caprile-Arabba <strong>Corsa 12.10<\/strong> Belluno-Caprile-Arabba, da Caprile parte alle 14 anzich\u00e9 alle 13.30 e arriva a Pieve alle 14.27 <strong>Corsa 8.37<\/strong> Pieve di Livinallongo-Andraz soppressa <strong>Corsa 11.53<\/strong> Arabba Caprile Belluno, parte da Caprile 13.45, soppressa la tratta di Arabba-Caprile. <strong>Corsa 8.04<\/strong> Masare&#8217; Caprile Cortina, si attesta a Caprile alle 8.15 e prosegue via Passo Giau Passo Falzarego-Cortina-Tre Croci soppressa la tratta Cortina-Passo Falzarego<\/p>\n<p>&nbsp;<\/p>\n<h2><\/h2>\n<h2><strong><a class=\"dt-pswp-item\" href=\"https:\/\/www.radiopiu.net\/wordpress\/wp-content\/uploads\/2022\/06\/AAAA-8.jpg\" data-dt-img-description=\"\" data-large_image_width=\"667\" data-large_image_height=\"464\"><img loading=\"lazy\" decoding=\"async\" class=\"size-thumbnail wp-image-282710 alignleft\" src=\"https:\/\/www.radiopiu.net\/wordpress\/wp-content\/uploads\/2022\/06\/AAAA-8-150x150.jpg\" alt=\"\" width=\"150\" height=\"150\" \/><\/a><\/strong><span style=\"color: #ff6600;\">DOMANI SUI PASSI CON IL DOLOMITES BIKE DAY<\/span><\/h2>\n<p><strong>di Claudio Fontanive<\/strong><\/p>\n<p>OSPITE: Francesco Martini, Vicesindaco del comune di Livinallongo<\/p>\n<audio class=\"wp-audio-shortcode\" id=\"audio-283068-8\" preload=\"none\" style=\"width: 100%;\" controls=\"controls\"><source type=\"audio\/mpeg\" src=\"https:\/\/www.radiopiu.net\/wordpress\/wp-content\/uploads\/2022\/06\/francesco-martini-dolomites-bike-day-21-giugno.mp3?_=8\" \/><a href=\"https:\/\/www.radiopiu.net\/wordpress\/wp-content\/uploads\/2022\/06\/francesco-martini-dolomites-bike-day-21-giugno.mp3\">https:\/\/www.radiopiu.net\/wordpress\/wp-content\/uploads\/2022\/06\/francesco-martini-dolomites-bike-day-21-giugno.mp3<\/a><\/audio>\n<p>&nbsp;<\/p>\n<p>&nbsp;<\/p>\n<hr \/>\n<p>&nbsp;<\/p>\n<blockquote>\n<h3>OGGI LA PRESENTAZIONE DEL NUOVO LIBRO DI GIORGIO FONTANIVE<\/h3>\n<\/blockquote>\n<p><strong>TAIBON<\/strong> Verr\u00e0 presentato oggi alle 17:30 nella sala del vecchio municipio di Taibon il nuovo libro di Giorgio Fontanive. &#8220;Notizie sulle opere di guerra. Forte di P\u00e8den e mulattiera militare, Z\u00e9i de Forca &#8211; C\u00f2l dai R\u00f3nch&#8221; \u00e8 il titolo dell&#8217;opera. Con la collaborazione del Gruppo Pi\u00f3dech Taibon, la Pro Loco e il Comune di Taibon Agordino.<\/p>\n<p>&nbsp;<\/p>\n<p>&nbsp;<\/p>\n<hr \/>\n<p>&nbsp;<\/p>\n<blockquote>\n<h3>FINE SETTIMANA CON LA SPARTAN RACE<\/h3>\n<\/blockquote>\n<p class=\"sezioneArticolo\"><strong>ALLEGHE<\/strong>\u00a0\u00a0La Spartan Race si svolger\u00e0 ai Piani di Pezz\u00e8 nei giorni 25 e 26 giugno,\u00a0 per i pi\u00f9 giovani\u00a0 sar\u00e0 organizzata la Kids Race che si terr\u00e0 nello stesso giorno della gara principale. Inoltre quest\u2019anno vi sar\u00e0 anche una prova di durata che impegner\u00e0 i concorrenti su una competizione di ben 12 ore consecutive.<\/p>\n<p>&nbsp;<\/p>\n<p>&nbsp;<\/p>\n<hr \/>\n<p>&nbsp;<\/p>\n<blockquote>\n<h3>RITORNA IL MERCATINO DELLA SOLIDARIETA&#8217; AD AGORDO<\/h3>\n<\/blockquote>\n<p><strong>AGORDO<\/strong> Domenica 26 giugno ad Agordo in piazza, il gruppo la Forza delle Donne sar\u00e0 presente per proporre agli Agordini ed ai turisti le proprie creazioni allo scopo di raccogliere fondi per aiutare i cittadini Ucraini in fuga dalla guerra ospitati dalla Cittadella Cielo alla Vena d\u2019Oro Belluno.<\/p>\n<p>&nbsp;<\/p>\n<p>&nbsp;<\/p>\n<hr \/>\n<p>&nbsp;<\/p>\n<blockquote>\n<h3>GLI ALPINI DI CENCENIGHE IN TRASFERTA AD ASIAGO<\/h3>\n<\/blockquote>\n<p><strong>CENCENIGHE<\/strong> \u00c8 in programma per domenica 10 luglio una trasferta ad Asiago per gli alpini di Cencenighe per partecipare al Raduno Triveneto. Soci e simpatizzanti possono aderire alla trasferta scrivendo una mail a segreteria@anacencenighe.it o contattando il 349 9551910 o il 338 9871535. La quota di partecipazione \u00e8 di 30 euro. Il programma: ritrovo al Nof Fil\u00f2 alle 6:20 e partenza alle 6:30, arrivo verso le 9 ad Asiago e rientro in tarda serata.<\/p>\n<p>&nbsp;<\/p>\n<p>&nbsp;<\/p>\n<hr \/>\n<p>&nbsp;<\/p>\n<blockquote>\n<h3 style=\"text-align: left;\"><a class=\"dt-pswp-item\" href=\"https:\/\/www.radiopiu.net\/wordpress\/wp-content\/uploads\/2022\/06\/117083109_183542043157133_75668120410207434_n-1.jpg\" data-dt-img-description=\"\" data-large_image_width=\"960\" data-large_image_height=\"503\"><img loading=\"lazy\" decoding=\"async\" class=\"size-thumbnail wp-image-282892 alignleft\" src=\"https:\/\/www.radiopiu.net\/wordpress\/wp-content\/uploads\/2022\/06\/117083109_183542043157133_75668120410207434_n-1-150x150.jpg\" alt=\"\" width=\"150\" height=\"150\" \/><\/a>CENT&#8217;ANNI CON I VIGILI DEL FUOCO DI CANALE D&#8217;AGORDO<\/h3>\n<\/blockquote>\n<p>&nbsp;<\/p>\n<p><strong>CANALE D&#8217;AGORDO <\/strong>Oggi il paese festeggia il patrono, San Giovanni Battista. Al corposo programma di eventi ne va aggiunto uno, importante, che sar\u00e0 ricordato a futura memoria. Sugli scudi ci sono i vigili del fuoco volontari del locale distaccamento nel centenario della loro fondazione. Una grande emozione per tutti presso la caserma che aprir\u00e0 le porte. A tutti loro ovunque siano il plauso ed il grazie di noi cittadini che sotto la loro attenta protezione ci sentiamo sicuri in ogni frangente emergenziale A loro l&#8217;orgoglio e l&#8217;onore per avere portato a compimento questo centenario<\/p>\n<p>&nbsp;<\/p>\n<p>&nbsp;<\/p>\n<hr \/>\n<p>&nbsp;<\/p>\n<p>&nbsp;<\/p>\n<blockquote>\n<h3><strong><a class=\"dt-pswp-item\" href=\"https:\/\/www.radiopiu.net\/wordpress\/wp-content\/uploads\/2022\/06\/Schola-dei-Battuti-presso-San-Simon-Vallada-Agordina.jpg\" data-dt-img-description=\"\" data-large_image_width=\"1600\" data-large_image_height=\"1200\"><img loading=\"lazy\" decoding=\"async\" class=\"size-thumbnail wp-image-280948 alignleft\" src=\"https:\/\/www.radiopiu.net\/wordpress\/wp-content\/uploads\/2022\/06\/Schola-dei-Battuti-presso-San-Simon-Vallada-Agordina-150x150.jpg\" alt=\"\" width=\"150\" height=\"150\" \/><\/a><\/strong>SABATO 2 LUGLIO L&#8217;INAUGURAZIONE DELLA SCHOLA DEI BATTUTI A VALLADA<\/h3>\n<\/blockquote>\n<p><strong>DI GIANNI SANTOMASO<\/strong><\/p>\n<audio class=\"wp-audio-shortcode\" id=\"audio-283068-9\" preload=\"none\" style=\"width: 100%;\" controls=\"controls\"><source type=\"audio\/mpeg\" src=\"https:\/\/www.radiopiu.net\/wordpress\/wp-content\/uploads\/2022\/06\/GIANNI-SCHOLA-DEI-BATTUTI.mp3?_=9\" \/><a href=\"https:\/\/www.radiopiu.net\/wordpress\/wp-content\/uploads\/2022\/06\/GIANNI-SCHOLA-DEI-BATTUTI.mp3\">https:\/\/www.radiopiu.net\/wordpress\/wp-content\/uploads\/2022\/06\/GIANNI-SCHOLA-DEI-BATTUTI.mp3<\/a><\/audio>\n<p>&nbsp;<\/p>\n<p>&nbsp;<\/p>\n<p>&nbsp;<\/p>\n<hr \/>\n<p>&nbsp;<\/p>\n<blockquote>\n<h3>IL FESTIVAL INTERNAZIONALE DELLA FISARMONICA<\/h3>\n<\/blockquote>\n<p><strong><a class=\"dt-pswp-item\" href=\"https:\/\/www.radiopiu.net\/wordpress\/wp-content\/uploads\/2022\/06\/sa.jpg\" data-dt-img-description=\"\" data-large_image_width=\"473\" data-large_image_height=\"151\"><img loading=\"lazy\" decoding=\"async\" class=\"wp-image-280606 alignleft\" src=\"https:\/\/www.radiopiu.net\/wordpress\/wp-content\/uploads\/2022\/06\/sa.jpg\" alt=\"\" width=\"229\" height=\"73\" srcset=\"https:\/\/www.radiopiu.net\/wordpress\/wp-content\/uploads\/2022\/06\/sa.jpg 473w, https:\/\/www.radiopiu.net\/wordpress\/wp-content\/uploads\/2022\/06\/sa-300x96.jpg 300w\" sizes=\"auto, (max-width: 229px) 100vw, 229px\" \/><\/a>REDAZIONE<\/strong> Il Festival internazionale della Fisarmonica, Dolomiti 2022 ritorna in presenza con tre appuntamenti, dall&#8217;Agordino al Cadore. Prima serata venerdi 1 luglio alle 20.45 al Nof Fil\u00f2 di Cencenighe, sabato 2 luglio all&#8217;Auditorium dell&#8217;Istituto Canossiano di Feltre, domenica 3 luglio all&#8217;Auditorium Comunale di San Vito di Cadore. Ospiti della serata i pi\u00f9 noti concertisti del panorama musicale internazionale. E&#8217; un&#8217;iniziativa dell&#8217;Associazione Filarmonica, Fisorchestra G. Rossini di Santa Giustina. La Fisorchestra Rossini, diretta dal maestro Ernesto Bellus e la Fisorchestra Armonia, diretta dal maestro Mirko Satto si esibiranno nel repertorio classico e moderno; il Koa Quintett diretto dal maestro Nicola Bettiol suoner\u00e0 un repertorio oberkrainer. Informazioni negli uffici turistici di Cencenighe e Feltre. Presenta Michela Da Canal.<\/p>\n<p>&nbsp;<\/p>\n<p>&nbsp;<\/p>\n<hr \/>\n<p>&nbsp;<\/p>\n<blockquote>\n<h3>AD ARABBA CON LA SUMMER PASS, L&#8217;ACCESSO AL COMPRENSORIO<\/h3>\n<\/blockquote>\n<p><strong><a class=\"dt-pswp-item\" href=\"https:\/\/www.radiopiu.net\/wordpress\/wp-content\/uploads\/2022\/06\/logo-summer-pass-arabba-marmolada-2019-per-nuovo-sito.jpg\" data-dt-img-description=\"\" data-large_image_width=\"920\" data-large_image_height=\"520\"><img loading=\"lazy\" decoding=\"async\" class=\"wp-image-283037 alignleft\" src=\"https:\/\/www.radiopiu.net\/wordpress\/wp-content\/uploads\/2022\/06\/logo-summer-pass-arabba-marmolada-2019-per-nuovo-sito-150x150.jpg\" alt=\"\" width=\"88\" height=\"88\" \/><\/a>LIVINALLONGO<\/strong> <span dir=\"ltr\" role=\"presentation\">Con l\u2019avvio della stagione estiva ritorna Arabba Marmolada SummerPass, la <\/span><span dir=\"ltr\" role=\"presentation\">tessera di valle che permette di utilizzare tutti gli impianti del comprensorio <\/span><span dir=\"ltr\" role=\"presentation\">aperti durante l\u2019estate. L\u2019acquisto \u00e8 possibile presso l\u2019Uf<\/span><span class=\"markedContent\"><span dir=\"ltr\" role=\"presentation\">fi<\/span><\/span><span dir=\"ltr\" role=\"presentation\">cio Turistico, presso le <\/span><span dir=\"ltr\" role=\"presentation\">casse alla partenza degli impianti e anche comodamente online.\u00a0 Le seggiovie Arabba &#8211; Burz e Padon II saranno operative da sabato, la seggiovia Cherz I da domenica 3 luglio sar\u00e0 in funzione cos\u00ec come tutti gli impianti del Comprensorio Arabba-Marmolada per i quali \u00e8 prevista l\u2019apertura estiva. Con la Summer Pass in omaggio\u00a0la cartina dei percorsi \u00a0e un porta cartina \/ pass da collo.<\/span><\/p>\n<p>&nbsp;<\/p>\n<p>&nbsp;<\/p>\n<p>&nbsp;<\/p>\n<hr \/>\n<p>&nbsp;<\/p>\n<p>&nbsp;<\/p>\n<div class=\"page-title-head hgroup\">\n<h1 class=\"entry-title\">SAN GIOVANNI, E\u2019 FESTA A CANALE D\u2019AGORDO<\/h1>\n<p>AUDIO<\/p>\n<audio class=\"wp-audio-shortcode\" id=\"audio-283068-10\" preload=\"none\" style=\"width: 100%;\" controls=\"controls\"><source type=\"audio\/mpeg\" src=\"https:\/\/www.radiopiu.net\/wordpress\/wp-content\/uploads\/2022\/06\/JPHN.mp3?_=10\" \/><a href=\"https:\/\/www.radiopiu.net\/wordpress\/wp-content\/uploads\/2022\/06\/JPHN.mp3\">https:\/\/www.radiopiu.net\/wordpress\/wp-content\/uploads\/2022\/06\/JPHN.mp3<\/a><\/audio>\n<\/div>\n<div class=\"page-title-breadcrumbs\"><\/div>\n<p><a class=\"dt-pswp-item\" href=\"https:\/\/www.radiopiu.net\/wordpress\/wp-content\/uploads\/2022\/06\/th-12.jpg\" data-dt-img-description=\"\" data-large_image_width=\"205\" data-large_image_height=\"170\"><img loading=\"lazy\" decoding=\"async\" class=\" wp-image-283224 alignleft\" src=\"https:\/\/www.radiopiu.net\/wordpress\/wp-content\/uploads\/2022\/06\/th-12-150x150.jpg\" alt=\"\" width=\"106\" height=\"106\" \/><\/a>Si celebra il 24 giugno San Giovanni Battista, figlio secondo il Vangelo di Zaccaria ed Elisabetta e concepito quando entrambi i genitori erano in tarda et\u00e0. Considerato da tutti come il \u201cPrecursore\u201d, perch\u00e9 la sua nascita fu annunciata dallo stesso arcangelo Gabriele che diede l\u2019annuncio a Maria, rivelando che la cugina Elisabetta, considerata ormai sterile, era al sesto mese di gravidanza. Si narra che quando Maria and\u00f2 a visitare Elisabetta, il futuro nascituro balz\u00f2 di gioia nel ventre materno. In questa particolare giornata, che celebra la nascita del Santo (unico caso di celebrazione sia della nascita che della morte)<\/p>\n<p>&nbsp;<\/p>\n<p><strong>di John Francis Della Pietra<\/strong><\/p>\n<p>S giuani s giuani<br \/>\nChe come encoj te viene tuti i anni<br \/>\nPreservene da le fadige e dai malanni<br \/>\nPortene valch de bon<br \/>\nQuater bele sariese e doi dotz carfogn<br \/>\nE dap\u00f2 messa granda<br \/>\nDane en sin de saren che tuti i vade par la so banda<br \/>\nI popi mont\u00e0 su la giostra<br \/>\nOm e femene e noni a vede chel che i banchi i ha met\u00f9 en bela mostra<br \/>\nAssene fa en poch de festa<br \/>\nLiberi senza tante mese par la testa<br \/>\nSonar\u00e0 campane e sirena<br \/>\nCome ne botha de tuta lena<br \/>\nE voi lass\u00f9 agnoi del ziel<br \/>\nVarde d\u00f9 polito chel vost ricordo ntel cor l \u00e8 semper dotz come el miel<br \/>\nO s giuani s giuani<br \/>\nDaidene a se tir\u00e0 fora dale difficolt\u00e0 de sti ani<br \/>\nE metene su na bona lista<br \/>\nTi par canal el patrono batista&#8230;<\/p>\n<p>&nbsp;<\/p>\n<hr \/>\n<p>&nbsp;<\/p>\n<blockquote>\n<h2>SAN GIOVANNI, TRE GIORNI DI FESTA A CANALE D&#8217;AGORDO<\/h2>\n<\/blockquote>\n<p><strong>CANALE D&#8217;AGORDO<\/strong> Il ritorno della sagra di San Giovanni, riecco il corposo programma a pi\u00f9 firme: Comune, Polisportiva, Proloco, Ana e Abvs. Tre giorni di festa, il primo appuntamento oggi, giorno di San Giovanni, con la festa per i 100 anni del distaccamento dei vigili del fuoco volontari del paese, presenza importante e fondamentale, da sempre. Sar\u00e0 anche il giorno dei coscritti del 2002, della musica di Oscar all&#8217;ora di pranzo\u00a0 e dei pregiati piatti con frittura di pesce e gli gnocchi ai porcini e puina sfumegada, oltre all&#8217;immancabile piatto del malgher e le trippe alla parmigiana. Gli aperitivi\u00a0 del sabato una garanzia con Ciccio di Oh per Bacco e la colonna musicale del duo jazz e bossanova Crestani-Burigo. Le notti da ballare: oggi con Cristian Group, domani con gli Hedera e il dj set, domenica 26 con Mely &amp; the moodies. PROGRAMMA RELIGIOSO: venerdi 24 alle 10.30 la messa nella chiesa di San Giovanni Battista.<\/p>\n<p>&nbsp;<\/p>\n<hr \/>\n<p>&nbsp;<\/p>\n<blockquote>\n<h3>DOPPIO EVENTO CON GLI AMICI DEL NEVEGAL<\/h3>\n<\/blockquote>\n<p><strong>BELLUNO<\/strong> L&#8217;Associazione Amici del Nevegal,\u00a0 che lo scorso anno ha celebrato i 50 anni organizza per domenica la visita al Giardino Botanico di Faverghera accompagnati da una guida esperta. Alle 10 ritrovo all&#8217;ingresso, prenotazione per la limitazione dei posti al 3474492469. Il gruppo, nato per sensibilizzare la comunit\u00e0 e le istituzioni sulla realt\u00e0 del Colle avendo a cuore la salvaguardia e il suo sviluppo sostenibile, propone inoltre un altro importante appuntamento: il concerto presso il Santuario di Maria Immacolata sempre in Nevegal sabato 9 luglio alle 20.30 con la Filarmonica di Belluno, che peraltro quest\u2019anno celebra il suo 155\u00b0 compleanno.<\/p>\n<p>&nbsp;<\/p>\n<p>&nbsp;<\/p>\n<hr \/>\n<p>&nbsp;<\/p>\n<blockquote>\n<h3>DOMENICA CON IL CAI DI AGORDO AL MONTE MIGOGN<\/h3>\n<\/blockquote>\n<p><strong>AGORDO<\/strong> Domenica escursione alla cima del Monte Migogn (m2385). Domina la vallata del Cordevole e il paesino di Laste \u00e8 attraversato da uno stupendo aereo &#8220;sentiero delle creste&#8221;. Tempo 6-7 ore, dislivello 1050 metri. Ritrovo presso la sede Cai (Municipio di Agordo) alle 7.15. Responsabile Fabiana Luciani. Informazioni 380 6983040<\/p>\n<p>&nbsp;<\/p>\n<p>&nbsp;<\/p>\n<hr \/>\n<p>&nbsp;<\/p>\n<h2><span style=\"color: #ff0000;\">IERI ALLA RADIO<\/span><\/h2>\n<h2><strong><a class=\"dt-pswp-item\" href=\"https:\/\/www.radiopiu.net\/wordpress\/wp-content\/uploads\/2022\/06\/DOLOMITI-HIKE-BIKE.png\" data-dt-img-description=\"\" data-large_image_width=\"392\" data-large_image_height=\"478\"><img loading=\"lazy\" decoding=\"async\" class=\"alignleft wp-image-283128 \" src=\"https:\/\/www.radiopiu.net\/wordpress\/wp-content\/uploads\/2022\/06\/DOLOMITI-HIKE-BIKE-246x300.png\" alt=\"\" width=\"123\" height=\"150\" srcset=\"https:\/\/www.radiopiu.net\/wordpress\/wp-content\/uploads\/2022\/06\/DOLOMITI-HIKE-BIKE-246x300.png 246w, https:\/\/www.radiopiu.net\/wordpress\/wp-content\/uploads\/2022\/06\/DOLOMITI-HIKE-BIKE.png 392w\" sizes=\"auto, (max-width: 123px) 100vw, 123px\" \/><\/a><\/strong><span style=\"color: #808000;\">DOLOMITI HIKE &amp; BIKE, L&#8217;EVENTO A SAN TOMASO<\/span><\/h2>\n<p><strong>di Claudio Fontanive<\/strong><\/p>\n<p>OSPITI: Moreno De Val (Sindaco di San Tomaso), Thomas Soppera e Moreno Geremetta<\/p>\n<audio class=\"wp-audio-shortcode\" id=\"audio-283068-11\" preload=\"none\" style=\"width: 100%;\" controls=\"controls\"><source type=\"audio\/mpeg\" src=\"https:\/\/www.radiopiu.net\/wordpress\/wp-content\/uploads\/2022\/06\/dolomiti-hike-e-bike-23-giugno.mp3?_=11\" \/><a href=\"https:\/\/www.radiopiu.net\/wordpress\/wp-content\/uploads\/2022\/06\/dolomiti-hike-e-bike-23-giugno.mp3\">https:\/\/www.radiopiu.net\/wordpress\/wp-content\/uploads\/2022\/06\/dolomiti-hike-e-bike-23-giugno.mp3<\/a><\/audio>\n<p>&nbsp;<\/p>\n<hr \/>\n<p>&nbsp;<\/p>\n<h2><span style=\"color: #008080;\">SALUTE &amp; SOCIETA&#8217;\u00a0<\/span><\/h2>\n<p><strong>LA RACCOLTA<\/strong><\/p>\n<blockquote class=\"wp-embedded-content\" data-secret=\"XzG0JoaZ0N\"><p><a href=\"https:\/\/www.radiopiu.net\/wordpress\/saluteesocieta\/\">Salute e Societ\u00e0<\/a><\/p><\/blockquote>\n<p><iframe loading=\"lazy\" class=\"wp-embedded-content\" sandbox=\"allow-scripts\" security=\"restricted\" style=\"position: absolute; clip: rect(1px, 1px, 1px, 1px);\" title=\"&#8220;Salute e Societ\u00e0&#8221; &#8212; Radio Pi\u00f9\" src=\"https:\/\/www.radiopiu.net\/wordpress\/saluteesocieta\/embed\/#?secret=lJaM3cSSsy#?secret=XzG0JoaZ0N\" data-secret=\"XzG0JoaZ0N\" width=\"600\" height=\"338\" frameborder=\"0\" marginwidth=\"0\" marginheight=\"0\" scrolling=\"no\"><\/iframe><\/p>\n<p>&nbsp;<\/p>\n<p>&nbsp;<\/p>\n<hr \/>\n<h3 class=\"kvgmc6g5 cxmmr5t8 oygrvhab hcukyx3x c1et5uql\"><span style=\"color: #0000ff;\"><strong>\u00a0<\/strong><\/span><\/h3>\n<h3 class=\"kvgmc6g5 cxmmr5t8 oygrvhab hcukyx3x c1et5uql\"><span style=\"color: #0000ff;\"><strong>INFORMAZIONE il canale su TELEGRAM informazione di prima mano e in tempo reale. iscriviti ed aiutaci a farlo conoscere\u00a0 \u00a0<\/strong><\/span><\/h3>\n<p>&nbsp;<\/p>\n<hr \/>\n<p>&nbsp;<\/p>\n<blockquote>\n<h2><span style=\"color: #800080;\">STORIE A QUATTROCCHI<br \/>\nOGGI ALLE 9 E ALLE 18 LA NUOVA PUNTATA CON ELENA E STEFANIA<\/span><\/h2>\n<\/blockquote>\n<p><strong>PUNTATA DEL 22 GIUGNO 2022 CON ELENA E STEFANIA<\/strong><\/p>\n<audio class=\"wp-audio-shortcode\" id=\"audio-283068-12\" preload=\"none\" style=\"width: 100%;\" controls=\"controls\"><source type=\"audio\/mpeg\" src=\"https:\/\/www.radiopiu.net\/wordpress\/wp-content\/uploads\/2022\/06\/QOCCHI-10.mp3?_=12\" \/><a href=\"https:\/\/www.radiopiu.net\/wordpress\/wp-content\/uploads\/2022\/06\/QOCCHI-10.mp3\">https:\/\/www.radiopiu.net\/wordpress\/wp-content\/uploads\/2022\/06\/QOCCHI-10.mp3<\/a><\/audio>\n<p><strong>\u00a0<\/strong><\/p>\n<p><strong>LA RACCOLTA COMPLETA\u00a0<\/strong><\/p>\n<blockquote class=\"wp-embedded-content\" data-secret=\"DIEAPxhHnT\"><p><a href=\"https:\/\/www.radiopiu.net\/wordpress\/storie-a-quattrocchi\/\">Storie a quattrocchi<\/a><\/p><\/blockquote>\n<p><iframe loading=\"lazy\" class=\"wp-embedded-content\" sandbox=\"allow-scripts\" security=\"restricted\" style=\"position: absolute; clip: rect(1px, 1px, 1px, 1px);\" title=\"&#8220;Storie a quattrocchi&#8221; &#8212; Radio Pi\u00f9\" src=\"https:\/\/www.radiopiu.net\/wordpress\/storie-a-quattrocchi\/embed\/#?secret=usPN4LSEKw#?secret=DIEAPxhHnT\" data-secret=\"DIEAPxhHnT\" width=\"600\" height=\"338\" frameborder=\"0\" marginwidth=\"0\" marginheight=\"0\" scrolling=\"no\"><\/iframe><\/p>\n<p>&nbsp;<\/p>\n<hr \/>\n<p>&nbsp;<\/p>\n<h2><\/h2>\n<h2><span style=\"color: #008080;\">&#8220;DINTORN E FORA VIA&#8221; A CURA DEL MUSLA, IL NUOVO PROGRAMMA\u00a0 \u00a0<\/span><\/h2>\n<p>&nbsp;<\/p>\n<p><strong><a class=\"dt-pswp-item\" href=\"https:\/\/www.radiopiu.net\/wordpress\/wp-content\/uploads\/2022\/06\/musla.jpg\" data-dt-img-description=\"\" data-large_image_width=\"257\" data-large_image_height=\"171\"><img loading=\"lazy\" decoding=\"async\" class=\"wp-image-282627 alignleft\" src=\"https:\/\/www.radiopiu.net\/wordpress\/wp-content\/uploads\/2022\/06\/musla-150x150.jpg\" alt=\"\" width=\"87\" height=\"87\" \/><\/a><\/strong><\/p>\n<p>&nbsp;<\/p>\n<p><strong>PUNTATA DEL 21 GIUGNO 2022- CON EMILY BONIFACIO<\/strong><\/p>\n<audio class=\"wp-audio-shortcode\" id=\"audio-283068-13\" preload=\"none\" style=\"width: 100%;\" controls=\"controls\"><source type=\"audio\/mpeg\" src=\"https:\/\/www.radiopiu.net\/wordpress\/wp-content\/uploads\/2022\/06\/MUSLA-2.mp3?_=13\" \/><a href=\"https:\/\/www.radiopiu.net\/wordpress\/wp-content\/uploads\/2022\/06\/MUSLA-2.mp3\">https:\/\/www.radiopiu.net\/wordpress\/wp-content\/uploads\/2022\/06\/MUSLA-2.mp3<\/a><\/audio>\n<p>&nbsp;<\/p>\n<hr \/>\n<p>&nbsp;<\/p>\n<p><strong>LA RACCOLTA COMPLETA<\/strong><\/p>\n<blockquote class=\"wp-embedded-content\" data-secret=\"rqNHjrSzVn\"><p><a href=\"https:\/\/www.radiopiu.net\/wordpress\/musla\/\">MUSLA<\/a><\/p><\/blockquote>\n<p><iframe loading=\"lazy\" class=\"wp-embedded-content\" sandbox=\"allow-scripts\" security=\"restricted\" style=\"position: absolute; clip: rect(1px, 1px, 1px, 1px);\" title=\"&#8220;MUSLA&#8221; &#8212; Radio Pi\u00f9\" src=\"https:\/\/www.radiopiu.net\/wordpress\/musla\/embed\/#?secret=2RwEmX4anI#?secret=rqNHjrSzVn\" data-secret=\"rqNHjrSzVn\" width=\"600\" height=\"338\" frameborder=\"0\" marginwidth=\"0\" marginheight=\"0\" scrolling=\"no\"><\/iframe><\/p>\n<p>&nbsp;<\/p>\n<hr \/>\n<blockquote>\n<h3><\/h3>\n<h3>GLI EVENTI ESTIVI DEDICATI ALLA BEATIFICAZIONE DI PAPA LUCIANI<\/h3>\n<p><a class=\"dt-pswp-item\" href=\"https:\/\/www.radiopiu.net\/wordpress\/wp-content\/uploads\/2022\/06\/asdasdasd.jpg\" data-dt-img-description=\"\" data-large_image_width=\"653\" data-large_image_height=\"222\"><img loading=\"lazy\" decoding=\"async\" class=\"alignnone wp-image-283035 size-full\" src=\"https:\/\/www.radiopiu.net\/wordpress\/wp-content\/uploads\/2022\/06\/asdasdasd.jpg\" alt=\"\" width=\"653\" height=\"222\" srcset=\"https:\/\/www.radiopiu.net\/wordpress\/wp-content\/uploads\/2022\/06\/asdasdasd.jpg 653w, https:\/\/www.radiopiu.net\/wordpress\/wp-content\/uploads\/2022\/06\/asdasdasd-300x102.jpg 300w\" sizes=\"auto, (max-width: 653px) 100vw, 653px\" \/><\/a><\/p><\/blockquote>\n<p><strong>CANALE D&#8217;AGORDO<\/strong>\u00a0Luned\u00ec 27 giugno, alle 11 nella Sala Lina Zand\u00f2 Bolda del Musal \u2013 Museo Albino Luciani di Canale d&#8217;Agordo, si terr\u00e0 la conferenza stampa di presentazione degli eventi estivi dedicati alla beatificazione di papa Luciani. Un fitto calendario di appuntamenti che accompagner\u00e0 per tutta l&#8217;estate i fedeli e i devoti di papa Luciani fino al tanto attesto 4 settembre quando papa Francesco proclamer\u00e0 beato Albino Luciani.<\/p>\n<p>&nbsp;<\/p>\n<hr \/>\n<p>&nbsp;<\/p>\n<p>&nbsp;<\/p>\n<p>&nbsp;<\/p>\n<div>\n<div class=\"b654a4as d2edcug0\">\n<div class=\"rq0escxv hkbzh7o3 jwdofwj8 n8tt0mok r8blr3vg hyh9befq\">\n<p><a class=\"dt-pswp-item\" href=\"https:\/\/www.radiopiu.net\/wordpress\/wp-content\/uploads\/2020\/10\/pp.jpg\" data-dt-img-description=\"\" data-large_image_width=\"640\" data-large_image_height=\"640\"><img loading=\"lazy\" decoding=\"async\" class=\"wp-image-163678 alignleft\" src=\"https:\/\/www.radiopiu.net\/wordpress\/wp-content\/uploads\/2020\/10\/pp-300x300.jpg\" alt=\"\" width=\"106\" height=\"106\" srcset=\"https:\/\/www.radiopiu.net\/wordpress\/wp-content\/uploads\/2020\/10\/pp-300x300.jpg 300w, https:\/\/www.radiopiu.net\/wordpress\/wp-content\/uploads\/2020\/10\/pp-150x150.jpg 150w, https:\/\/www.radiopiu.net\/wordpress\/wp-content\/uploads\/2020\/10\/pp-125x125.jpg 125w, https:\/\/www.radiopiu.net\/wordpress\/wp-content\/uploads\/2020\/10\/pp-200x200.jpg 200w, https:\/\/www.radiopiu.net\/wordpress\/wp-content\/uploads\/2020\/10\/pp-80x80.jpg 80w, https:\/\/www.radiopiu.net\/wordpress\/wp-content\/uploads\/2020\/10\/pp-480x480.jpg 480w, https:\/\/www.radiopiu.net\/wordpress\/wp-content\/uploads\/2020\/10\/pp.jpg 640w\" sizes=\"auto, (max-width: 106px) 100vw, 106px\" \/><\/a><\/p>\n<\/div>\n<\/div>\n<\/div>\n<div>\n<div class=\"page-title-head hgroup\">\n<div class=\"page-title-head hgroup\">\n<div class=\"b654a4as d2edcug0\">\n<div class=\"j83agx80 btwxx1t3 lhclo0ds hop8lmos nkwizq5d scwd0bx6 roh60bw9\">\n<div class=\"rq0escxv hkbzh7o3 jwdofwj8 n8tt0mok r8blr3vg hyh9befq\">\n<div class=\"do00u71z l9j0dhe7 k4urcfbm\">\n<h2><span style=\"color: #000080;\">DON CESARE, IL PENSIERO DEL GIORNO. ALLA RADIO ALLE 7 DEL MATTINO E ALLE 19.30 DELLA SERA.\u00a0<\/span><\/h2>\n<p>&nbsp;<\/p>\n<\/div>\n<\/div>\n<\/div>\n<\/div>\n<\/div>\n<\/div>\n<\/div>\n<audio class=\"wp-audio-shortcode\" id=\"audio-283068-14\" preload=\"none\" style=\"width: 100%;\" controls=\"controls\"><source type=\"audio\/mpeg\" src=\"https:\/\/www.radiopiu.net\/wordpress\/wp-content\/uploads\/2022\/06\/CESARE-20.mp3?_=14\" \/><a href=\"https:\/\/www.radiopiu.net\/wordpress\/wp-content\/uploads\/2022\/06\/CESARE-20.mp3\">https:\/\/www.radiopiu.net\/wordpress\/wp-content\/uploads\/2022\/06\/CESARE-20.mp3<\/a><\/audio>\n<p>&nbsp;<\/p>\n<p>&nbsp;<\/p>\n<hr \/>\n<p>&nbsp;<\/p>\n<div class=\"do00u71z l9j0dhe7 k4urcfbm\">\n<div class=\"page-title-head hgroup\">\n<div class=\"page-title-head hgroup\">\n<div class=\"b654a4as d2edcug0\">\n<div class=\"j83agx80 btwxx1t3 lhclo0ds hop8lmos nkwizq5d scwd0bx6 roh60bw9\">\n<div class=\"rq0escxv hkbzh7o3 jwdofwj8 n8tt0mok r8blr3vg hyh9befq\">\n<div class=\"do00u71z l9j0dhe7 k4urcfbm\">\n<div class=\"page-title-head hgroup\">\n<div class=\"page-title-head hgroup\">\n<div class=\"b654a4as d2edcug0\">\n<div class=\"j83agx80 btwxx1t3 lhclo0ds hop8lmos nkwizq5d scwd0bx6 roh60bw9\">\n<div class=\"rq0escxv hkbzh7o3 jwdofwj8 n8tt0mok r8blr3vg hyh9befq\">\n<div class=\"do00u71z l9j0dhe7 k4urcfbm\">\n<div class=\"ecm0bbzt e5nlhep0 a8c37x1j\">\n<div class=\"kvgmc6g5 cxmmr5t8 oygrvhab hcukyx3x c1et5uql\">\n<div class=\"gmail-kvgmc6g5 gmail-cxmmr5t8 gmail-oygrvhab gmail-hcukyx3x gmail-c1et5uql gmail-ii04i59q\">\n<div class=\"page-title-head hgroup\">\n<div class=\"page-title-head hgroup\">\n<div class=\"b654a4as d2edcug0\">\n<div class=\"j83agx80 btwxx1t3 lhclo0ds hop8lmos nkwizq5d scwd0bx6 roh60bw9\">\n<div class=\"rq0escxv hkbzh7o3 jwdofwj8 n8tt0mok r8blr3vg hyh9befq\">\n<div class=\"do00u71z l9j0dhe7 k4urcfbm\">\n<div class=\"page-title-head hgroup\">\n<div class=\"page-title-head hgroup\">\n<div class=\"b654a4as d2edcug0\">\n<div class=\"j83agx80 btwxx1t3 lhclo0ds hop8lmos nkwizq5d scwd0bx6 roh60bw9\">\n<div class=\"rq0escxv hkbzh7o3 jwdofwj8 n8tt0mok r8blr3vg hyh9befq\">\n<div class=\"do00u71z l9j0dhe7 k4urcfbm\">\n<div class=\"page-title-head hgroup\">\n<div class=\"page-title-head hgroup\">\n<div class=\"b654a4as d2edcug0\">\n<div class=\"j83agx80 btwxx1t3 lhclo0ds hop8lmos nkwizq5d scwd0bx6 roh60bw9\">\n<div class=\"rq0escxv hkbzh7o3 jwdofwj8 n8tt0mok r8blr3vg hyh9befq\">\n<div class=\"do00u71z l9j0dhe7 k4urcfbm\">\n<div class=\"ecm0bbzt e5nlhep0 a8c37x1j\">\n<div class=\"kvgmc6g5 cxmmr5t8 oygrvhab hcukyx3x c1et5uql\">\n<div class=\"gmail-kvgmc6g5 gmail-cxmmr5t8 gmail-oygrvhab gmail-hcukyx3x gmail-c1et5uql gmail-ii04i59q\">\n<div class=\"page-title-head hgroup\">\n<div class=\"page-title-head hgroup\">\n<div class=\"b654a4as d2edcug0\">\n<div class=\"j83agx80 btwxx1t3 lhclo0ds hop8lmos nkwizq5d scwd0bx6 roh60bw9\">\n<div class=\"rq0escxv hkbzh7o3 jwdofwj8 n8tt0mok r8blr3vg hyh9befq\">\n<div class=\"do00u71z l9j0dhe7 k4urcfbm\">\n<blockquote>\n<h3><span style=\"color: #ff0000;\">IN VIVO VERSO,\u00a0 RIASCOLTIAMOLE DAL LUNEDI AL VENERDI ALLE 7.10, 10.10, 18 50<\/span><\/h3>\n<h3>RIASCOLTIAMOLE, STAGIONE 2019_2020 DANIELE GAZZARIN &#8220;TI ASPETTERO'&#8221;<\/h3>\n<\/blockquote>\n<p>AUDIO<\/p>\n<audio class=\"wp-audio-shortcode\" id=\"audio-283068-15\" preload=\"none\" style=\"width: 100%;\" controls=\"controls\"><source type=\"audio\/mpeg\" src=\"https:\/\/www.radiopiu.net\/wordpress\/wp-content\/uploads\/2022\/06\/04-DANIELE-GAZZARIN-TI-ASPETTERO.mp3?_=15\" \/><a href=\"https:\/\/www.radiopiu.net\/wordpress\/wp-content\/uploads\/2022\/06\/04-DANIELE-GAZZARIN-TI-ASPETTERO.mp3\">https:\/\/www.radiopiu.net\/wordpress\/wp-content\/uploads\/2022\/06\/04-DANIELE-GAZZARIN-TI-ASPETTERO.mp3<\/a><\/audio>\n<p>&nbsp;<\/p>\n<p><img loading=\"lazy\" decoding=\"async\" class=\"\" src=\"https:\/\/www.radiopiu.net\/wordpress\/wp-content\/uploads\/2020\/10\/daniele-gazzarin-foto-300x300.jpg\" width=\"157\" height=\"157\" \/><\/p>\n<p>&nbsp;<\/p>\n<h3><strong style=\"font-size: 14px;\">LA RACCOLTA COMPLETA<\/strong><\/h3>\n<blockquote class=\"wp-embedded-content\" data-secret=\"0Ha3gOZfjD\"><p><a href=\"https:\/\/www.radiopiu.net\/wordpress\/in-vivo-verso\/\">In Vivo Verso<\/a><\/p><\/blockquote>\n<p><iframe loading=\"lazy\" class=\"wp-embedded-content\" sandbox=\"allow-scripts\" security=\"restricted\" style=\"position: absolute; clip: rect(1px, 1px, 1px, 1px);\" title=\"&#8220;In Vivo Verso&#8221; &#8212; Radio Pi\u00f9\" src=\"https:\/\/www.radiopiu.net\/wordpress\/in-vivo-verso\/embed\/#?secret=kQOhfqDZtT#?secret=0Ha3gOZfjD\" data-secret=\"0Ha3gOZfjD\" width=\"600\" height=\"338\" frameborder=\"0\" marginwidth=\"0\" marginheight=\"0\" scrolling=\"no\"><\/iframe><\/p>\n<p>&nbsp;<\/p>\n<hr \/>\n<p>&nbsp;<\/p>\n<p><span style=\"color: #0000ff;\">MUSICA PIU&#8217;\u00a0<\/span><\/p>\n<p><a href=\"https:\/\/www.radiopiu.net\/wordpress\/giornale-radiopiu-20-settembre-2021-direttore-mirko-mezzacasa\/pp-79\/\" rel=\"attachment wp-att-232921\"><img loading=\"lazy\" decoding=\"async\" class=\"wp-image-232921 alignleft\" src=\"https:\/\/www.radiopiu.net\/wordpress\/wp-content\/uploads\/2021\/09\/pp-1-300x300.jpg\" alt=\"\" width=\"135\" height=\"135\" srcset=\"https:\/\/www.radiopiu.net\/wordpress\/wp-content\/uploads\/2021\/09\/pp-1-300x300.jpg 300w, https:\/\/www.radiopiu.net\/wordpress\/wp-content\/uploads\/2021\/09\/pp-1-150x150.jpg 150w, https:\/\/www.radiopiu.net\/wordpress\/wp-content\/uploads\/2021\/09\/pp-1.jpg 640w\" sizes=\"auto, (max-width: 135px) 100vw, 135px\" \/><\/a><\/p>\n<div class=\"mkdf-post-text\">\n<div class=\"mkdf-post-text-inner\">\n<div class=\"mkdf-post-text-main\">\n<div class=\"mkdf-post-text\">\n<div class=\"mkdf-post-text-inner\">\n<div class=\"mkdf-post-text-main\">\n<div class=\"mkdf-post-text\">\n<div class=\"mkdf-post-text-inner\">\n<div class=\"mkdf-post-text-main\">\n<div class=\"page-title-head hgroup\">\n<div class=\"page-title-head hgroup\">\n<div class=\"mkdf-post-text\">\n<div class=\"mkdf-post-text-inner\">\n<div class=\"mkdf-post-text-main\">\n<div class=\"mkdf-post-text\">\n<div class=\"mkdf-post-text-inner\">\n<div class=\"mkdf-post-text-main\">\n<div class=\"page-title-head hgroup\">\n<div class=\"page-title-head hgroup\">\n<div class=\"page-title-head hgroup\">\n<div class=\"page-title-head hgroup\">\n<div class=\"b654a4as d2edcug0\">\n<div class=\"page-title-head hgroup\">\n<div class=\"page-title-head hgroup\">\n<div class=\"page-title-head hgroup\">\n<div class=\"page-title-head hgroup\">\n<div class=\"b654a4as d2edcug0\">\n<div class=\"page-title-head hgroup\">\n<div class=\"page-title-head hgroup\">\n<div class=\"page-title-head hgroup\">\n<div class=\"page-title-head hgroup\">\n<div class=\"b654a4as d2edcug0\">\n<div class=\"mkdf-post-text\">\n<div class=\"mkdf-post-text-inner\">\n<div class=\"mkdf-post-text-main\">\n<div class=\"mkdf-post-text\">\n<div class=\"mkdf-post-text-inner\">\n<div class=\"mkdf-post-text-main\">\n<div class=\"mkdf-post-text\">\n<div class=\"mkdf-post-text-inner\">\n<div class=\"mkdf-post-text-main\">\n<div class=\"page-title-head hgroup\">\n<div class=\"page-title-head hgroup\">\n<div class=\"mkdf-post-text\">\n<div class=\"mkdf-post-text-inner\">\n<div class=\"mkdf-post-text-main\">\n<div class=\"mkdf-post-text\">\n<div class=\"mkdf-post-text-inner\">\n<div class=\"mkdf-post-text-main\">\n<div class=\"page-title-head hgroup\">\n<div class=\"page-title-head hgroup\">\n<div class=\"page-title-head hgroup\">\n<div class=\"page-title-head hgroup\">\n<div class=\"b654a4as d2edcug0\">\n<div class=\"page-title-head hgroup\">\n<div class=\"page-title-head hgroup\">\n<div class=\"page-title-head hgroup\">\n<div class=\"page-title-head hgroup\">\n<div class=\"b654a4as d2edcug0\">\n<div class=\"page-title-head hgroup\">\n<div class=\"page-title-head hgroup\">\n<div class=\"page-title-head hgroup\">\n<div class=\"page-title-head hgroup\">\n<div class=\"b654a4as d2edcug0\">\n<div><\/div>\n<div><\/div>\n<div>\n<p><strong>MUSICA ALLA RADIO, IL PROGRAMMA DI LORIS SCUSSEL &#8220;COLLAGE OPERAZIONE NOSTALGIA&#8221; DAL LUNEDI AL VENERDI ALLE 16.00\u00a0 E ALLE 23\u00a0<\/strong><\/p>\n<p>&nbsp;<\/p>\n<p><b>\u00a0<\/b><\/p>\n<p><b> REPLICHE, PUNTATE<\/b><\/p>\n<p><b> 357<\/b><\/p>\n<audio class=\"wp-audio-shortcode\" id=\"audio-283068-16\" preload=\"none\" style=\"width: 100%;\" controls=\"controls\"><source type=\"audio\/mpeg\" src=\"https:\/\/www.radiopiu.net\/wordpress\/wp-content\/uploads\/2022\/06\/357.mp3?_=16\" \/><a href=\"https:\/\/www.radiopiu.net\/wordpress\/wp-content\/uploads\/2022\/06\/357.mp3\">https:\/\/www.radiopiu.net\/wordpress\/wp-content\/uploads\/2022\/06\/357.mp3<\/a><\/audio>\n<p>&nbsp;<\/p>\n<p><b>358<\/b><\/p>\n<\/div>\n<\/div>\n<audio class=\"wp-audio-shortcode\" id=\"audio-283068-17\" preload=\"none\" style=\"width: 100%;\" controls=\"controls\"><source type=\"audio\/mpeg\" src=\"https:\/\/www.radiopiu.net\/wordpress\/wp-content\/uploads\/2022\/06\/358.mp3?_=17\" \/><a href=\"https:\/\/www.radiopiu.net\/wordpress\/wp-content\/uploads\/2022\/06\/358.mp3\">https:\/\/www.radiopiu.net\/wordpress\/wp-content\/uploads\/2022\/06\/358.mp3<\/a><\/audio>\n<p>&nbsp;<\/p>\n<p><strong><a class=\"dt-pswp-item\" href=\"https:\/\/www.radiopiu.net\/wordpress\/wp-content\/uploads\/2022\/06\/ADRIANO-CELENTANO-azzurro-LP-1968-ORIGINAL-CLAN-CELENTANO.jpg\" data-dt-img-description=\"\" data-large_image_width=\"400\" data-large_image_height=\"266\"><img loading=\"lazy\" decoding=\"async\" class=\"size-thumbnail wp-image-282427 alignleft\" src=\"https:\/\/www.radiopiu.net\/wordpress\/wp-content\/uploads\/2022\/06\/ADRIANO-CELENTANO-azzurro-LP-1968-ORIGINAL-CLAN-CELENTANO-150x150.jpg\" alt=\"\" width=\"150\" height=\"150\" \/><\/a>di Loris Scussel<\/strong><\/p>\n<p>Con la puntata n\u00b0630 andata in onda venerd\u00ec scorso \u00e8 terminata anche la terza serie di Collage che ora si fermer\u00e0 per la pausa estiva in attesa di riprendere in autunno la programmazione abituale con la quarta serie con l\u2019obiettivo di raggiungere quota 1.000, nel frattempo il programma manterr\u00e0 i propri spazi con la messa in onda delle repliche. La novit\u00e0 \u00e8 che ogni giorno verranno proposte due diverse puntate che vi invitiamo a riascoltare insieme a noi. In questa prima settimana troveremo tra l\u2019altro una trasmissione dedicata al Juke Box, una ai complessi italiani, una alle date del calendario oltre ad una nutrita selezione di successi internazionali. Collage va in onda dal luned\u00ec al venerd\u00ec alle 16,00 e alle 23,00 naturalmente su Radio Pi\u00f9.<\/p>\n<p>&nbsp;<\/p>\n<p>&nbsp;<\/p>\n<div class=\"b654a4as d2edcug0\">\n<hr \/>\n<\/div>\n<\/div>\n<\/div>\n<\/div>\n<\/div>\n<\/div>\n<\/div>\n<\/div>\n<\/div>\n<\/div>\n<\/div>\n<\/div>\n<\/div>\n<\/div>\n<\/div>\n<\/div>\n<\/div>\n<\/div>\n<\/div>\n<\/div>\n<\/div>\n<\/div>\n<\/div>\n<\/div>\n<\/div>\n<\/div>\n<\/div>\n<\/div>\n<\/div>\n<\/div>\n<\/div>\n<\/div>\n<\/div>\n<\/div>\n<\/div>\n<\/div>\n<\/div>\n<\/div>\n<\/div>\n<\/div>\n<\/div>\n<\/div>\n<\/div>\n<\/div>\n<\/div>\n<\/div>\n<\/div>\n<\/div>\n<\/div>\n<\/div>\n<\/div>\n<\/div>\n<\/div>\n<\/div>\n<\/div>\n<\/div>\n<\/div>\n<\/div>\n<\/div>\n<\/div>\n<\/div>\n<\/div>\n<\/div>\n<\/div>\n<p>&nbsp;<\/p>\n<blockquote>\n<h3><span style=\"color: #0000ff;\">RADIO PIU INFORMAZIONE il canale su TELEGRAM informazione di prima mano e in tempo reale. iscriviti ed aiutaci a farlo conoscere\u00a0\u00a0<\/span><\/h3>\n<\/blockquote>\n<div>\n<div class=\"page-title-head hgroup\">\n<div class=\"page-title-head hgroup\">\n<div class=\"page-title-head hgroup\">\n<div class=\"page-title-head hgroup\">\n<div class=\"b654a4as d2edcug0\">\n<div class=\"page-title-head hgroup\">\n<div class=\"page-title-head hgroup\">\n<div class=\"page-title-head hgroup\">\n<div class=\"page-title-head hgroup\">\n<div class=\"b654a4as d2edcug0\">\n<div class=\"page-title-head hgroup\">\n<div class=\"page-title-head hgroup\">\n<div class=\"page-title-head hgroup\">\n<div class=\"page-title-head hgroup\">\n<div class=\"page-title-head hgroup\">\n<div class=\"page-title-head hgroup\">\n<div class=\"page-title-head hgroup\">\n<div class=\"page-title-head hgroup\">\n<div class=\"page-title-head hgroup\">\n<div class=\"b654a4as d2edcug0\">\n<div class=\"page-title-head hgroup\">\n<div class=\"page-title-head hgroup\">\n<div class=\"page-title-head hgroup\">\n<div class=\"page-title-head hgroup\">\n<div class=\"b654a4as d2edcug0\">\n<div><\/div>\n<div>\n<div class=\"page-title-head hgroup\">\n<div class=\"page-title-head hgroup\">\n<div class=\"page-title-head hgroup\">\n<div class=\"page-title-head hgroup\">\n<div class=\"page-title-head hgroup\">\n<div class=\"mkdf-post-text\">\n<div class=\"mkdf-post-text-inner\">\n<div class=\"mkdf-post-text-main\">\n<div class=\"mkdf-post-text\">\n<div class=\"mkdf-post-text-inner\">\n<div class=\"mkdf-post-text-main\">\n<div class=\"mkdf-post-text\">\n<div class=\"mkdf-post-text-inner\">\n<div class=\"mkdf-post-text-main\">\n<div class=\"page-title-head hgroup\">\n<div class=\"page-title-head hgroup\">\n<div class=\"mkdf-post-text\">\n<div class=\"mkdf-post-text-inner\">\n<div class=\"mkdf-post-text-main\">\n<div class=\"mkdf-post-text\">\n<div class=\"mkdf-post-text-inner\">\n<div class=\"mkdf-post-text-main\">\n<div class=\"page-title-head hgroup\">\n<div class=\"page-title-head hgroup\">\n<div class=\"page-title-head hgroup\">\n<div class=\"page-title-head hgroup\">\n<div class=\"b654a4as d2edcug0\">\n<div class=\"page-title-head hgroup\">\n<div class=\"page-title-head hgroup\">\n<div class=\"page-title-head hgroup\">\n<div class=\"page-title-head hgroup\">\n<div class=\"b654a4as d2edcug0\">\n<div class=\"page-title-head hgroup\">\n<div class=\"page-title-head hgroup\">\n<div class=\"page-title-head hgroup\">\n<p>&nbsp;<\/p>\n<div>\n<div class=\"page-title-head hgroup\">\n<div class=\"page-title-head hgroup\">\n<div class=\"b654a4as d2edcug0\">\n<div class=\"j83agx80 btwxx1t3 lhclo0ds hop8lmos nkwizq5d scwd0bx6 roh60bw9\">\n<div class=\"rq0escxv hkbzh7o3 jwdofwj8 n8tt0mok r8blr3vg hyh9befq\">\n<div class=\"do00u71z l9j0dhe7 k4urcfbm\">\n<div class=\"page-title-head hgroup\">\n<div class=\"page-title-head hgroup\">\n<div class=\"b654a4as d2edcug0\">\n<div class=\"j83agx80 btwxx1t3 lhclo0ds hop8lmos nkwizq5d scwd0bx6 roh60bw9\">\n<div class=\"rq0escxv hkbzh7o3 jwdofwj8 n8tt0mok r8blr3vg hyh9befq\">\n<div class=\"do00u71z l9j0dhe7 k4urcfbm\">\n<div class=\"ecm0bbzt e5nlhep0 a8c37x1j\">\n<div class=\"kvgmc6g5 cxmmr5t8 oygrvhab hcukyx3x c1et5uql\">\n<div class=\"gmail-kvgmc6g5 gmail-cxmmr5t8 gmail-oygrvhab gmail-hcukyx3x gmail-c1et5uql gmail-ii04i59q\">\n<div class=\"page-title-head hgroup\">\n<div class=\"page-title-head hgroup\">\n<div class=\"b654a4as d2edcug0\">\n<div class=\"j83agx80 btwxx1t3 lhclo0ds hop8lmos nkwizq5d scwd0bx6 roh60bw9\">\n<div class=\"rq0escxv hkbzh7o3 jwdofwj8 n8tt0mok r8blr3vg hyh9befq\">\n<div class=\"do00u71z l9j0dhe7 k4urcfbm\">\n<div class=\"page-title-head hgroup\">\n<div class=\"page-title-head hgroup\">\n<div class=\"b654a4as d2edcug0\">\n<div class=\"j83agx80 btwxx1t3 lhclo0ds hop8lmos nkwizq5d scwd0bx6 roh60bw9\">\n<div class=\"rq0escxv hkbzh7o3 jwdofwj8 n8tt0mok r8blr3vg hyh9befq\">\n<div class=\"do00u71z l9j0dhe7 k4urcfbm\">\n<div class=\"page-title-head hgroup\">\n<div class=\"page-title-head hgroup\">\n<div class=\"b654a4as d2edcug0\">\n<div class=\"j83agx80 btwxx1t3 lhclo0ds hop8lmos nkwizq5d scwd0bx6 roh60bw9\">\n<div class=\"rq0escxv hkbzh7o3 jwdofwj8 n8tt0mok r8blr3vg hyh9befq\">\n<div class=\"do00u71z l9j0dhe7 k4urcfbm\">\n<div class=\"ecm0bbzt e5nlhep0 a8c37x1j\">\n<div class=\"kvgmc6g5 cxmmr5t8 oygrvhab hcukyx3x c1et5uql\">\n<div class=\"gmail-kvgmc6g5 gmail-cxmmr5t8 gmail-oygrvhab gmail-hcukyx3x gmail-c1et5uql gmail-ii04i59q\">\n<div class=\"page-title-head hgroup\">\n<div class=\"page-title-head hgroup\">\n<div class=\"b654a4as d2edcug0\">\n<div class=\"j83agx80 btwxx1t3 lhclo0ds hop8lmos nkwizq5d scwd0bx6 roh60bw9\">\n<div class=\"rq0escxv hkbzh7o3 jwdofwj8 n8tt0mok r8blr3vg hyh9befq\">\n<div class=\"do00u71z l9j0dhe7 k4urcfbm\">\n<div class=\"page-title-head hgroup\">\n<div class=\"page-title-head hgroup\">\n<div class=\"page-title-head hgroup\">\n<div class=\"page-title-head hgroup\">\n<div class=\"b654a4as d2edcug0\">\n<div class=\"page-title-head hgroup\">\n<div class=\"page-title-head hgroup\">\n<div class=\"page-title-head hgroup\">\n<div class=\"page-title-head hgroup\">\n<div class=\"b654a4as d2edcug0\">\n<div class=\"page-title-head hgroup\">\n<div class=\"page-title-head hgroup\">\n<div class=\"page-title-head hgroup\">\n<div class=\"page-title-head hgroup\">\n<div class=\"page-title-head hgroup\">\n<div class=\"page-title-head hgroup\">\n<div class=\"page-title-head hgroup\">\n<div class=\"page-title-head hgroup\">\n<div class=\"page-title-head hgroup\">\n<div class=\"b654a4as d2edcug0\">\n<div class=\"page-title-head hgroup\">\n<div class=\"page-title-head hgroup\">\n<div class=\"page-title-head hgroup\">\n<div class=\"page-title-head hgroup\">\n<div class=\"b654a4as d2edcug0\">\n<div class=\"page-title-head hgroup\">\n<div class=\"page-title-head hgroup\">\n<div class=\"page-title-head hgroup\">\n<div class=\"page-title-head hgroup\">\n<div class=\"page-title-head hgroup\">\n<div class=\"mkdf-post-text\">\n<div class=\"mkdf-post-text-inner\">\n<div class=\"mkdf-post-text-main\">\n<div class=\"mkdf-post-text\">\n<div class=\"mkdf-post-text-inner\">\n<div class=\"mkdf-post-text-main\">\n<div class=\"mkdf-post-text\">\n<div class=\"mkdf-post-text-inner\">\n<div class=\"mkdf-post-text-main\">\n<div class=\"page-title-head hgroup\">\n<div class=\"page-title-head hgroup\">\n<div class=\"mkdf-post-text\">\n<div class=\"mkdf-post-text-inner\">\n<div class=\"mkdf-post-text-main\">\n<div class=\"mkdf-post-text\">\n<div class=\"mkdf-post-text-inner\">\n<div class=\"mkdf-post-text-main\">\n<div class=\"page-title-head hgroup\">\n<div class=\"page-title-head hgroup\">\n<div class=\"page-title-head hgroup\">\n<div class=\"page-title-head hgroup\">\n<div class=\"b654a4as d2edcug0\">\n<div class=\"page-title-head hgroup\">\n<div class=\"page-title-head hgroup\">\n<div class=\"page-title-head hgroup\">\n<div class=\"page-title-head hgroup\">\n<div class=\"b654a4as d2edcug0\">\n<div class=\"page-title-head hgroup\">\n<div class=\"page-title-head hgroup\">\n<div class=\"page-title-head hgroup\">\n<div class=\"page-title-head hgroup\">\n<div class=\"b654a4as d2edcug0\">\n<div class=\"ecm0bbzt e5nlhep0 a8c37x1j\">\n<div class=\"kvgmc6g5 cxmmr5t8 oygrvhab hcukyx3x c1et5uql\">\n<div class=\"gmail-kvgmc6g5 gmail-cxmmr5t8 gmail-oygrvhab gmail-hcukyx3x gmail-c1et5uql gmail-ii04i59q\">\n<div class=\"page-title-head hgroup\">\n<div class=\"page-title-head hgroup\">\n<div class=\"b654a4as d2edcug0\">\n<div class=\"j83agx80 btwxx1t3 lhclo0ds hop8lmos nkwizq5d scwd0bx6 roh60bw9\">\n<div class=\"rq0escxv hkbzh7o3 jwdofwj8 n8tt0mok r8blr3vg hyh9befq\">\n<div class=\"do00u71z l9j0dhe7 k4urcfbm\">\n<div class=\"page-title-head hgroup\">\n<div class=\"page-title-head hgroup\">\n<div class=\"page-title-head hgroup\">\n<div class=\"page-title-head hgroup\">\n<div class=\"b654a4as d2edcug0\">\n<div class=\"page-title-head hgroup\">\n<div class=\"page-title-head hgroup\">\n<div class=\"page-title-head hgroup\">\n<div class=\"page-title-head hgroup\">\n<div class=\"b654a4as d2edcug0\">\n<div class=\"page-title-head hgroup\">\n<div class=\"page-title-head hgroup\">\n<div class=\"page-title-head hgroup\">\n<div class=\"page-title-head hgroup\">\n<div class=\"page-title-head hgroup\">\n<div class=\"page-title-head hgroup\">\n<div class=\"page-title-head hgroup\">\n<div class=\"page-title-head hgroup\">\n<div class=\"page-title-head hgroup\">\n<div class=\"b654a4as d2edcug0\">\n<div class=\"page-title-head hgroup\">\n<div class=\"page-title-head hgroup\">\n<div class=\"page-title-head hgroup\">\n<div class=\"page-title-head hgroup\">\n<div class=\"b654a4as d2edcug0\">\n<div class=\"page-title-head hgroup\">\n<div class=\"page-title-head hgroup\">\n<div class=\"page-title-head hgroup\">\n<div class=\"page-title-head hgroup\">\n<div class=\"page-title-head hgroup\">\n<div class=\"mkdf-post-text\">\n<div class=\"mkdf-post-text-inner\">\n<div class=\"mkdf-post-text-main\">\n<div class=\"mkdf-post-text\">\n<div class=\"mkdf-post-text-inner\">\n<div class=\"mkdf-post-text-main\">\n<div class=\"mkdf-post-text\">\n<div class=\"mkdf-post-text-inner\">\n<div class=\"mkdf-post-text-main\">\n<div class=\"page-title-head hgroup\">\n<div class=\"page-title-head hgroup\">\n<div class=\"mkdf-post-text\">\n<div class=\"mkdf-post-text-inner\">\n<div class=\"mkdf-post-text-main\">\n<div class=\"mkdf-post-text\">\n<div class=\"mkdf-post-text-inner\">\n<div class=\"mkdf-post-text-main\">\n<div class=\"page-title-head hgroup\">\n<div class=\"page-title-head hgroup\">\n<div class=\"page-title-head hgroup\">\n<div class=\"page-title-head hgroup\">\n<div class=\"b654a4as d2edcug0\">\n<div class=\"page-title-head hgroup\">\n<div class=\"page-title-head hgroup\">\n<div class=\"page-title-head hgroup\">\n<div class=\"page-title-head hgroup\">\n<div class=\"b654a4as d2edcug0\">\n<div class=\"page-title-head hgroup\">\n<div class=\"page-title-head hgroup\">\n<div class=\"page-title-head hgroup\">\n<div class=\"page-title-head hgroup\">\n<div class=\"b654a4as d2edcug0\">\n<hr \/>\n<p>&nbsp;<\/p>\n<div>\n<p><strong>DUE MINUTI UN LIBRO, TUTTI I GIORNI ALLA RADIO ALLE 9.40 E ALLE 17.50\u00a0\u00a0<\/strong><\/p>\n<div>\n<div>\n<p><strong>LA RACCOLTA COMPLETA\u00a0\u00a0<\/strong><\/p>\n<\/div>\n<\/div>\n<\/div>\n<div class=\"mkdf-post-text\">\n<div class=\"mkdf-post-text-inner\">\n<div class=\"mkdf-post-text-main\">\n<div class=\"mkdf-post-text\">\n<div class=\"mkdf-post-text-inner\">\n<div class=\"mkdf-post-text-main\">\n<div class=\"mkdf-post-text\">\n<div class=\"mkdf-post-text-inner\">\n<div class=\"mkdf-post-text-main\">\n<div class=\"page-title-head hgroup\">\n<div class=\"page-title-head hgroup\">\n<div class=\"mkdf-post-text\">\n<div class=\"mkdf-post-text-inner\">\n<div class=\"mkdf-post-text-main\">\n<div class=\"mkdf-post-text\">\n<div class=\"mkdf-post-text-inner\">\n<div class=\"mkdf-post-text-main\">\n<div class=\"page-title-head hgroup\">\n<div class=\"page-title-head hgroup\">\n<div class=\"page-title-head hgroup\">\n<div class=\"page-title-head hgroup\">\n<div class=\"b654a4as d2edcug0\">\n<div class=\"page-title-head hgroup\">\n<div class=\"page-title-head hgroup\">\n<div class=\"page-title-head hgroup\">\n<div class=\"page-title-head hgroup\">\n<div class=\"b654a4as d2edcug0\">\n<div class=\"page-title-head hgroup\">\n<div class=\"page-title-head hgroup\">\n<div class=\"page-title-head hgroup\">\n<div class=\"page-title-head hgroup\">\n<div class=\"b654a4as d2edcug0\">\n<div>\n<blockquote class=\"wp-embedded-content\" data-secret=\"Hs6xf1UgLo\"><p><a href=\"https:\/\/www.radiopiu.net\/wordpress\/due-minuti-un-libro\/\">Due minuti un libro<\/a><\/p><\/blockquote>\n<p><iframe loading=\"lazy\" class=\"wp-embedded-content\" sandbox=\"allow-scripts\" security=\"restricted\" style=\"position: absolute; clip: rect(1px, 1px, 1px, 1px);\" title=\"&#8220;Due minuti un libro&#8221; &#8212; Radio Pi\u00f9\" src=\"https:\/\/www.radiopiu.net\/wordpress\/due-minuti-un-libro\/embed\/#?secret=YTZzTqMjTC#?secret=Hs6xf1UgLo\" data-secret=\"Hs6xf1UgLo\" width=\"600\" height=\"338\" frameborder=\"0\" marginwidth=\"0\" marginheight=\"0\" scrolling=\"no\"><\/iframe><\/p>\n<p>&nbsp;<\/p>\n<\/div>\n<div>\n<hr \/>\n<p>&nbsp;<\/p>\n<\/div>\n<h2><span style=\"color: #808000;\">L&#8217;ALMANACCO LADINO\u00a0<\/span><\/h2>\n<p><strong>LA PUNTATA DEL 20 GIUGNO 2022<br \/>\n<\/strong><\/p>\n<audio class=\"wp-audio-shortcode\" id=\"audio-283068-18\" preload=\"none\" style=\"width: 100%;\" controls=\"controls\"><source type=\"audio\/mpeg\" src=\"https:\/\/www.radiopiu.net\/wordpress\/wp-content\/uploads\/2022\/06\/86\u00b0Almanach-Ladin_fodom.mp3?_=18\" \/><a href=\"https:\/\/www.radiopiu.net\/wordpress\/wp-content\/uploads\/2022\/06\/86\u00b0Almanach-Ladin_fodom.mp3\">https:\/\/www.radiopiu.net\/wordpress\/wp-content\/uploads\/2022\/06\/86\u00b0Almanach-Ladin_fodom.mp3<\/a><\/audio>\n<p><strong>\u00a0<\/strong><\/p>\n<p><strong>\u00a0<\/strong><\/p>\n<p><strong>LA RACCOLTA<\/strong><\/p>\n<blockquote class=\"wp-embedded-content\" data-secret=\"vcDumTVVoq\"><p><a href=\"https:\/\/www.radiopiu.net\/wordpress\/almanacco-ladino\/\">Almanacco Ladino<\/a><\/p><\/blockquote>\n<p><iframe loading=\"lazy\" class=\"wp-embedded-content\" sandbox=\"allow-scripts\" security=\"restricted\" style=\"position: absolute; clip: rect(1px, 1px, 1px, 1px);\" title=\"&#8220;Almanacco Ladino&#8221; &#8212; Radio Pi\u00f9\" src=\"https:\/\/www.radiopiu.net\/wordpress\/almanacco-ladino\/embed\/#?secret=vTaIHL2Rz8#?secret=vcDumTVVoq\" data-secret=\"vcDumTVVoq\" width=\"600\" height=\"338\" frameborder=\"0\" marginwidth=\"0\" marginheight=\"0\" scrolling=\"no\"><\/iframe><\/p>\n<p>&nbsp;<\/p>\n<hr \/>\n<p><span style=\"color: #33cccc;\">\u00a0<span style=\"color: #000000;\">\u00a0<\/span><\/span><\/p>\n<h2><span style=\"color: #800000;\">GIROVAGANDO IN E-BIKE 2022<\/span><\/h2>\n<p><strong>LA RACCOLTA<\/strong><\/p>\n<blockquote class=\"wp-embedded-content\" data-secret=\"RZeif1XO1I\"><p><a href=\"https:\/\/www.radiopiu.net\/wordpress\/girovagando-in-e-bike-tra-le-dolomiti\/\">GIROVAGANDO IN E BIKE TRA LE DOLOMITI<\/a><\/p><\/blockquote>\n<p><iframe loading=\"lazy\" class=\"wp-embedded-content\" sandbox=\"allow-scripts\" security=\"restricted\" style=\"position: absolute; clip: rect(1px, 1px, 1px, 1px);\" title=\"&#8220;GIROVAGANDO IN E BIKE TRA LE DOLOMITI&#8221; &#8212; Radio Pi\u00f9\" src=\"https:\/\/www.radiopiu.net\/wordpress\/girovagando-in-e-bike-tra-le-dolomiti\/embed\/#?secret=VAuu4KXxlz#?secret=RZeif1XO1I\" data-secret=\"RZeif1XO1I\" width=\"600\" height=\"338\" frameborder=\"0\" marginwidth=\"0\" marginheight=\"0\" scrolling=\"no\"><\/iframe><\/p>\n<p>&nbsp;<\/p>\n<hr \/>\n<p>&nbsp;<\/p>\n<h2><span style=\"color: #33cccc;\">LA RASSEGNA STAMPA DA L&#8217;AMICO DEL POPOLO<\/span><\/h2>\n<p><strong>LA RACCOLTA COMPLETA<\/strong><\/p>\n<blockquote class=\"wp-embedded-content\" data-secret=\"wi3AdR1N2q\"><p><a href=\"https:\/\/www.radiopiu.net\/wordpress\/rassegna-stampa-di-gianni-santomaso\/\">Rassegna stampa da l&#8217;amico del popolo &#8211; di Gianni Santomaso<\/a><\/p><\/blockquote>\n<p><iframe loading=\"lazy\" class=\"wp-embedded-content\" sandbox=\"allow-scripts\" security=\"restricted\" style=\"position: absolute; clip: rect(1px, 1px, 1px, 1px);\" title=\"&#8220;Rassegna stampa da l&#8217;amico del popolo &#8211; di Gianni Santomaso&#8221; &#8212; Radio Pi\u00f9\" src=\"https:\/\/www.radiopiu.net\/wordpress\/rassegna-stampa-di-gianni-santomaso\/embed\/#?secret=JGvkl1fubj#?secret=wi3AdR1N2q\" data-secret=\"wi3AdR1N2q\" width=\"600\" height=\"338\" frameborder=\"0\" marginwidth=\"0\" marginheight=\"0\" scrolling=\"no\"><\/iframe><\/p>\n<p>&nbsp;<\/p>\n<hr \/>\n<p>&nbsp;<\/p>\n<div>\n<div class=\"page-title-head hgroup\">\n<div class=\"page-title-head hgroup\">\n<div class=\"b654a4as d2edcug0\">\n<div class=\"j83agx80 btwxx1t3 lhclo0ds hop8lmos nkwizq5d scwd0bx6 roh60bw9\">\n<div class=\"rq0escxv hkbzh7o3 jwdofwj8 n8tt0mok r8blr3vg hyh9befq\">\n<div class=\"do00u71z l9j0dhe7 k4urcfbm\">\n<div class=\"ecm0bbzt e5nlhep0 a8c37x1j\">\n<div class=\"kvgmc6g5 cxmmr5t8 oygrvhab hcukyx3x c1et5uql\">\n<div class=\"gmail-kvgmc6g5 gmail-cxmmr5t8 gmail-oygrvhab gmail-hcukyx3x gmail-c1et5uql gmail-ii04i59q\">\n<div class=\"page-title-head hgroup\">\n<div class=\"page-title-head hgroup\">\n<div class=\"b654a4as d2edcug0\">\n<div class=\"j83agx80 btwxx1t3 lhclo0ds hop8lmos nkwizq5d scwd0bx6 roh60bw9\">\n<div class=\"rq0escxv hkbzh7o3 jwdofwj8 n8tt0mok r8blr3vg hyh9befq\">\n<div class=\"do00u71z l9j0dhe7 k4urcfbm\">\n<div class=\"page-title-head hgroup\">\n<div class=\"page-title-head hgroup\">\n<div class=\"page-title-head hgroup\">\n<div class=\"page-title-head hgroup\">\n<div class=\"b654a4as d2edcug0\">\n<div class=\"page-title-head hgroup\">\n<div class=\"page-title-head hgroup\">\n<div class=\"page-title-head hgroup\">\n<div class=\"page-title-head hgroup\">\n<div class=\"b654a4as d2edcug0\">\n<div class=\"page-title-head hgroup\">\n<div class=\"page-title-head hgroup\">\n<div class=\"page-title-head hgroup\">\n<div class=\"page-title-head hgroup\">\n<div class=\"page-title-head hgroup\">\n<div class=\"page-title-head hgroup\">\n<div class=\"page-title-head hgroup\">\n<div class=\"page-title-head hgroup\">\n<div class=\"page-title-head hgroup\">\n<div class=\"b654a4as d2edcug0\">\n<div class=\"page-title-head hgroup\">\n<div class=\"page-title-head hgroup\">\n<div class=\"page-title-head hgroup\">\n<div class=\"page-title-head hgroup\">\n<div class=\"b654a4as d2edcug0\">\n<div class=\"page-title-head hgroup\">\n<div class=\"page-title-head hgroup\">\n<div class=\"page-title-head hgroup\">\n<div class=\"page-title-head hgroup\">\n<div class=\"page-title-head hgroup\">\n<div class=\"mkdf-post-text\">\n<div class=\"mkdf-post-text-inner\">\n<div class=\"mkdf-post-text-main\">\n<div class=\"mkdf-post-text\">\n<div class=\"mkdf-post-text-inner\">\n<div class=\"mkdf-post-text-main\">\n<div class=\"mkdf-post-text\">\n<div class=\"mkdf-post-text-inner\">\n<div class=\"mkdf-post-text-main\">\n<div class=\"page-title-head hgroup\">\n<div class=\"page-title-head hgroup\">\n<div class=\"mkdf-post-text\">\n<div class=\"mkdf-post-text-inner\">\n<div class=\"mkdf-post-text-main\">\n<div class=\"mkdf-post-text\">\n<div class=\"mkdf-post-text-inner\">\n<div class=\"mkdf-post-text-main\">\n<div class=\"page-title-head hgroup\">\n<div class=\"page-title-head hgroup\">\n<div class=\"page-title-head hgroup\">\n<div class=\"page-title-head hgroup\">\n<div class=\"b654a4as d2edcug0\">\n<div class=\"page-title-head hgroup\">\n<div class=\"page-title-head hgroup\">\n<div class=\"page-title-head hgroup\">\n<div class=\"page-title-head hgroup\">\n<div class=\"b654a4as d2edcug0\">\n<div class=\"page-title-head hgroup\">\n<div class=\"page-title-head hgroup\">\n<div class=\"page-title-head hgroup\">\n<div class=\"page-title-head hgroup\">\n<div class=\"b654a4as d2edcug0\">\n<h2><span style=\"color: #800080;\">I RACCONTI DI PAOLO SOPPELSA\u00a0<\/span><\/h2>\n<p><strong>LA RACCOLTA COMPLETA<\/strong><\/p>\n<blockquote class=\"wp-embedded-content\" data-secret=\"m9v24KrtL2\"><p><a href=\"https:\/\/www.radiopiu.net\/wordpress\/i-racconti-di-paolo-soppelsa\/\">I racconti di Paolo Soppelsa<\/a><\/p><\/blockquote>\n<p><iframe loading=\"lazy\" class=\"wp-embedded-content\" sandbox=\"allow-scripts\" security=\"restricted\" style=\"position: absolute; clip: rect(1px, 1px, 1px, 1px);\" title=\"&#8220;I racconti di Paolo Soppelsa&#8221; &#8212; Radio Pi\u00f9\" src=\"https:\/\/www.radiopiu.net\/wordpress\/i-racconti-di-paolo-soppelsa\/embed\/#?secret=6mRDHIxC5c#?secret=m9v24KrtL2\" data-secret=\"m9v24KrtL2\" width=\"600\" height=\"338\" frameborder=\"0\" marginwidth=\"0\" marginheight=\"0\" scrolling=\"no\"><\/iframe><\/p>\n<p>&nbsp;<\/p>\n<hr \/>\n<p>&nbsp;<\/p>\n<\/div>\n<\/div>\n<\/div>\n<\/div>\n<\/div>\n<\/div>\n<\/div>\n<\/div>\n<\/div>\n<\/div>\n<\/div>\n<\/div>\n<\/div>\n<\/div>\n<\/div>\n<\/div>\n<\/div>\n<\/div>\n<\/div>\n<\/div>\n<\/div>\n<\/div>\n<\/div>\n<\/div>\n<\/div>\n<\/div>\n<\/div>\n<\/div>\n<\/div>\n<\/div>\n<\/div>\n<\/div>\n<\/div>\n<\/div>\n<\/div>\n<\/div>\n<\/div>\n<\/div>\n<\/div>\n<\/div>\n<\/div>\n<\/div>\n<\/div>\n<\/div>\n<\/div>\n<\/div>\n<\/div>\n<\/div>\n<\/div>\n<\/div>\n<\/div>\n<\/div>\n<\/div>\n<\/div>\n<\/div>\n<\/div>\n<\/div>\n<\/div>\n<\/div>\n<\/div>\n<\/div>\n<\/div>\n<\/div>\n<\/div>\n<\/div>\n<\/div>\n<\/div>\n<\/div>\n<\/div>\n<\/div>\n<\/div>\n<\/div>\n<\/div>\n<\/div>\n<\/div>\n<\/div>\n<\/div>\n<\/div>\n<\/div>\n<\/div>\n<\/div>\n<\/div>\n<\/div>\n<\/div>\n<\/div>\n<\/div>\n<\/div>\n<\/div>\n<\/div>\n<\/div>\n<\/div>\n<\/div>\n<\/div>\n<\/div>\n<\/div>\n<\/div>\n<\/div>\n<\/div>\n<\/div>\n<\/div>\n<\/div>\n<\/div>\n<\/div>\n<\/div>\n<\/div>\n<\/div>\n<\/div>\n<\/div>\n<\/div>\n<\/div>\n<\/div>\n<div class=\"b654a4as d2edcug0\">\n<div class=\"ecm0bbzt e5nlhep0 a8c37x1j\">\n<div class=\"kvgmc6g5 cxmmr5t8 oygrvhab hcukyx3x c1et5uql\">\n<div class=\"gmail-kvgmc6g5 gmail-cxmmr5t8 gmail-oygrvhab gmail-hcukyx3x gmail-c1et5uql gmail-ii04i59q\">\n<div>\n<div class=\"page-title-head hgroup\">\n<div class=\"page-title-head hgroup\">\n<div class=\"b654a4as d2edcug0\">\n<div class=\"j83agx80 btwxx1t3 lhclo0ds hop8lmos nkwizq5d scwd0bx6 roh60bw9\">\n<div class=\"rq0escxv hkbzh7o3 jwdofwj8 n8tt0mok r8blr3vg hyh9befq\">\n<div class=\"do00u71z l9j0dhe7 k4urcfbm\">\n<div>\n<div class=\"page-title-head hgroup\">\n<div class=\"page-title-head hgroup\">\n<div class=\"page-title-head hgroup\">\n<div class=\"page-title-head hgroup\">\n<div class=\"b654a4as d2edcug0\">\n<div class=\"page-title-head hgroup\">\n<div class=\"page-title-head hgroup\">\n<div class=\"page-title-head hgroup\">\n<div class=\"page-title-head hgroup\">\n<div class=\"b654a4as d2edcug0\">\n<div class=\"page-title-head hgroup\">\n<div class=\"page-title-head hgroup\">\n<div class=\"page-title-head hgroup\">\n<div class=\"page-title-head hgroup\">\n<div class=\"page-title-head hgroup\">\n<div class=\"mkdf-post-text\">\n<div class=\"mkdf-post-text-inner\">\n<div class=\"mkdf-post-text-main\">\n<div class=\"mkdf-post-text\">\n<div class=\"mkdf-post-text-inner\">\n<div class=\"mkdf-post-text-main\">\n<div class=\"mkdf-post-text\">\n<div class=\"mkdf-post-text-inner\">\n<div class=\"mkdf-post-text-main\">\n<div class=\"page-title-head hgroup\">\n<div class=\"page-title-head hgroup\">\n<div class=\"mkdf-post-text\">\n<div class=\"mkdf-post-text-inner\">\n<div class=\"mkdf-post-text-main\">\n<div class=\"mkdf-post-text\">\n<div class=\"mkdf-post-text-inner\">\n<div class=\"mkdf-post-text-main\">\n<div>\n<div class=\"page-title-head hgroup\">\n<div class=\"page-title-head hgroup\">\n<div>\n<div class=\"page-title-head hgroup\">\n<div class=\"page-title-head hgroup\">\n<div class=\"b654a4as d2edcug0\">\n<div>\n<div class=\"page-title-head hgroup\" style=\"text-align: left;\">\n<div class=\"page-title-head hgroup\">\n<div dir=\"auto\">\n<p><a class=\"dt-pswp-item pspw-wrap-ready\" href=\"https:\/\/i0.wp.com\/www.radiopiu.net\/wordpress\/wp-content\/uploads\/2018\/09\/WhatsApp-Image-2018-09-20-at-16.04.06.jpeg?ssl=1\" data-dt-img-description=\"\" data-large_image_width=\"800\" data-large_image_height=\"100\"><img loading=\"lazy\" decoding=\"async\" class=\"aligncenter wp-image-61378 size-full jetpack-lazy-image jetpack-lazy-image--handled\" src=\"https:\/\/i0.wp.com\/www.radiopiu.net\/wordpress\/wp-content\/uploads\/2018\/09\/WhatsApp-Image-2018-09-20-at-16.04.06.jpeg?resize=800%2C100&amp;ssl=1\" sizes=\"auto, (max-width: 800px) 100vw, 800px\" srcset=\"https:\/\/i0.wp.com\/www.radiopiu.net\/wordpress\/wp-content\/uploads\/2018\/09\/WhatsApp-Image-2018-09-20-at-16.04.06.jpeg?w=800&amp;ssl=1 800w, https:\/\/i0.wp.com\/www.radiopiu.net\/wordpress\/wp-content\/uploads\/2018\/09\/WhatsApp-Image-2018-09-20-at-16.04.06.jpeg?resize=300%2C38&amp;ssl=1 300w, https:\/\/i0.wp.com\/www.radiopiu.net\/wordpress\/wp-content\/uploads\/2018\/09\/WhatsApp-Image-2018-09-20-at-16.04.06.jpeg?resize=768%2C96&amp;ssl=1 768w\" alt=\"\" width=\"800\" height=\"100\" data-lazy-loaded=\"1\" \/><\/a><\/p>\n<\/div>\n<\/div>\n<\/div>\n<\/div>\n<\/div>\n<\/div>\n<\/div>\n<\/div>\n<\/div>\n<\/div>\n<\/div>\n<\/div>\n<\/div>\n<\/div>\n<\/div>\n<\/div>\n<\/div>\n<\/div>\n<\/div>\n<\/div>\n<\/div>\n<\/div>\n<\/div>\n<\/div>\n<\/div>\n<\/div>\n<\/div>\n<\/div>\n<\/div>\n<\/div>\n<\/div>\n<\/div>\n<\/div>\n<\/div>\n<\/div>\n<\/div>\n<\/div>\n<\/div>\n<\/div>\n<\/div>\n<\/div>\n<\/div>\n<\/div>\n<\/div>\n<\/div>\n<\/div>\n<\/div>\n<\/div>\n<\/div>\n<\/div>\n<\/div>\n<\/div>\n<\/div>\n<\/div>\n<\/div>\n<\/div>\n<\/div>\n<\/div>\n<\/div>\n<\/div>\n<\/div>\n<\/div>\n<\/div>\n<\/div>\n<\/div>\n<\/div>\n<\/div>\n<\/div>\n<\/div>\n<\/div>\n<\/div>\n<\/div>\n<\/div>\n<\/div>\n<\/div>\n<\/div>\n<\/div>\n<\/div>\n<\/div>\n<\/div>\n<\/div>\n<\/div>\n<\/div>\n<\/div>\n<\/div>\n<\/div>\n<\/div>\n<\/div>\n<\/div>\n<\/div>\n<\/div>\n<\/div>\n<\/div>\n<\/div>\n<\/div>\n<\/div>\n<\/div>\n<\/div>\n<\/div>\n<\/div>\n<\/div>\n<\/div>\n<\/div>\n<\/div>\n<\/div>\n<\/div>\n<\/div>\n<\/div>\n<\/div>\n<\/div>\n<\/div>\n<\/div>\n<\/div>\n<\/div>\n<\/div>\n<\/div>\n<\/div>\n<\/div>\n<\/div>\n<\/div>\n<\/div>\n<\/div>\n<\/div>\n<\/div>\n<\/div>\n<\/div>\n<\/div>\n<\/div>\n<\/div>\n<\/div>\n<\/div>\n<\/div>\n<\/div>\n<\/div>\n<\/div>\n<\/div>\n<\/div>\n<\/div>\n<\/div>\n<\/div>\n<\/div>\n<\/div>\n<\/div>\n<\/div>\n<\/div>\n<\/div>\n<\/div>\n<\/div>\n<\/div>\n<\/div>\n<\/div>\n<\/div>\n<\/div>\n<\/div>\n<\/div>\n<\/div>\n<\/div>\n<\/div>\n<\/div>\n<\/div>\n<\/div>\n<\/div>\n<\/div>\n<\/div>\n<\/div>\n<\/div>\n<\/div>\n<\/div>\n<\/div>\n<\/div>\n<\/div>\n<\/div>\n<\/div>\n<\/div>\n<\/div>\n<\/div>\n<\/div>\n<\/div>\n<\/div>\n<\/div>\n<\/div>\n<\/div>\n<\/div>\n<\/div>\n<\/div>\n<\/div>\n<\/div>\n<\/div>\n<\/div>\n<\/div>\n<\/div>\n<\/div>\n<\/div>\n<\/div>\n<\/div>\n<\/div>\n<\/div>\n<\/div>\n<\/div>\n<\/div>\n<\/div>\n<\/div>\n<\/div>\n<\/div>\n<\/div>\n<\/div>\n<\/div>\n<\/div>\n<\/div>\n<\/div>\n<\/div>\n<\/div>\n<\/div>\n<\/div>\n<\/div>\n<\/div>\n<\/div>\n<\/div>\n<\/div>\n<\/div>\n<\/div>\n<\/div>\n<\/div>\n<\/div>\n<\/div>\n<\/div>\n<\/div>\n<\/div>\n<\/div>\n<\/div>\n<div style=\"text-align: left;\">\n<p><strong>\u00a0<\/strong><\/p>\n<p><strong>venerd\u00ec 24.<\/strong> Giornata con tempo in prevalenza variabile a tratti instabile specie verso sera: nella notte e fino al mattino estese nubi basse in successivo irregolare dissolvimento con irregolari schiarite alternate ad annuvolamenti anche intensi. Precipitazioni. Al mattino generalmente assenti salvo una bassa probabilit\u00e0 (5-25) di qualche locale e breve piovasco; nel pomeriggio\/sera probabilit\u00e0 media (40-60%) di qualche rovescio o isolato temporale. Temperature. Minime in lieve aumento, massime in lieve calo su valori ancora estivi. Su Prealpi a 1500 m: min 13 max 16, a 2000 m: min 10 max 12 Dolomiti &#8211; a 2000 m: min 10 max 13, a 3000 m: min 4 max 6<br \/>\nVenti. Nelle valli deboli al mattino, moderati per brezze dalle ore centrali; in quota in genere da moderati a tesi da<br \/>\nsud-ovest, a 5-35 km\/h a 2000 m e a 20-60 km\/h a 3000 m<br \/>\n<strong>sabato 25.<\/strong> Giornata pi\u00f9 stabile con maggior soleggiamento rispetto a venerd\u00ec, specie al mattino dopo il dissolvimento di nubi base presenti in alcune valli. Dalle ore centrali e nel pomeriggio debole o al pi\u00f9 moderato sviluppo di nubi cumuliformi associato a qualche isolato fenomeno.Precipitazioni. Al mattino assenti, dalle ore centrali e nel pomeriggio non escluso qualche rovescio o isolato temporale (20-40 %)<br \/>\n<strong>domenica 26.<\/strong> Al mattino soleggiato dopo il dissolvimento di qualche nube bassa presente in qualche valle dolomitica, dalle ore centrali e nel pomeriggio modesto sviluppo di nuvolosit\u00e0 cumuliforme. Precipitazioni generalmente assenti seppur non del tutto escluso un rovescio nel pomeriggio\/sera (10-20 %). Temperature minime senza variazioni di rilievo, massime in aumento su valori ben superiori alla norma. Venti in quota da sud-ovest in genere moderati, in rinforzo verso fine giornata, a regime di brezza nelle valli.<br \/>\n<strong>luned\u00ec 27.<\/strong> Ben soleggiato al mattino, dalle ore centrali e nel pomeriggio consueto sviluppo di nubi cumuliformi associato a qualche possibile rovescio o temporale su Dolomiti, meno probabile su Prealpi. Caldo a tutte le quote con temperature in lieve aumento e valori sempre ben superiori alla media. Venti in quota in rinforzo fino a<br \/>\ntesi da sudovest, deboli o moderati per brezze nelle valli.<\/p>\n<p>&nbsp;<\/p>\n<p>&nbsp;<\/p>\n<\/div>\n<hr \/>\n<p>&nbsp;<\/p>\n<p>&nbsp;<\/p>\n<p><a href=\"https:\/\/www.radiopiu.net\/wordpress\/giornale-radiopiu-26-settembre-2018-direttore-mirko-mezzacasa\/viabilita-2\/\" rel=\"attachment wp-att-61954\"><img loading=\"lazy\" decoding=\"async\" class=\"aligncenter wp-image-61954 size-full\" src=\"https:\/\/www.radiopiu.net\/wordpress\/wp-content\/uploads\/2018\/09\/viabilita.jpeg\" sizes=\"auto, (max-width: 800px) 100vw, 800px\" srcset=\"https:\/\/www.radiopiu.net\/wordpress\/wp-content\/uploads\/2018\/09\/viabilita.jpeg 800w, https:\/\/www.radiopiu.net\/wordpress\/wp-content\/uploads\/2018\/09\/viabilita-300x38.jpeg 300w, https:\/\/www.radiopiu.net\/wordpress\/wp-content\/uploads\/2018\/09\/viabilita-768x96.jpeg 768w\" alt=\"\" width=\"800\" height=\"100\" \/><\/a><\/p>\n<p>&nbsp;<\/p>\n<blockquote class=\"wp-embedded-content\" data-secret=\"ZysdkXKyB4\"><p><a href=\"https:\/\/www.radiopiu.net\/wordpress\/viabilita\/\">viabilita<\/a><\/p><\/blockquote>\n<p><iframe loading=\"lazy\" class=\"wp-embedded-content\" sandbox=\"allow-scripts\" security=\"restricted\" style=\"position: absolute; clip: rect(1px, 1px, 1px, 1px);\" title=\"&#8220;viabilita&#8221; &#8212; Radio Pi\u00f9\" src=\"https:\/\/www.radiopiu.net\/wordpress\/viabilita\/embed\/#?secret=OH90hvFvAN#?secret=ZysdkXKyB4\" data-secret=\"ZysdkXKyB4\" width=\"600\" height=\"338\" frameborder=\"0\" marginwidth=\"0\" marginheight=\"0\" scrolling=\"no\"><\/iframe><\/p>\n<p>&nbsp;<\/p>\n<hr \/>\n<p>&nbsp;<\/p>\n<p>&nbsp;<\/p>\n<p><img loading=\"lazy\" decoding=\"async\" class=\"wp-image-60761 size-full aligncenter\" src=\"https:\/\/www.radiopiu.net\/wordpress\/wp-content\/uploads\/2018\/09\/sport.jpg\" alt=\"\" width=\"800\" height=\"100\" srcset=\"https:\/\/www.radiopiu.net\/wordpress\/wp-content\/uploads\/2018\/09\/sport.jpg 800w, https:\/\/www.radiopiu.net\/wordpress\/wp-content\/uploads\/2018\/09\/sport-300x38.jpg 300w, https:\/\/www.radiopiu.net\/wordpress\/wp-content\/uploads\/2018\/09\/sport-768x96.jpg 768w\" sizes=\"auto, (max-width: 800px) 100vw, 800px\" \/><\/p>\n<p>&nbsp;<\/p>\n<p><span style=\"color: #0000ff;\"><strong>CALCIO<\/strong><\/span><\/p>\n<blockquote>\n<h3>PRIMI TRE PUNTI PER IL CENCENIGHE NEL CAMPIONATO AGORDINO GIOVANILE<\/h3>\n<\/blockquote>\n<p><strong><a class=\"dt-pswp-item\" href=\"https:\/\/www.radiopiu.net\/wordpress\/wp-content\/uploads\/2020\/08\/PALLONE-CALCIO-CSI-1.jpg\" data-dt-img-description=\"\" data-large_image_width=\"957\" data-large_image_height=\"685\"><img loading=\"lazy\" decoding=\"async\" class=\"size-thumbnail wp-image-157935 alignleft\" src=\"https:\/\/www.radiopiu.net\/wordpress\/wp-content\/uploads\/2020\/08\/PALLONE-CALCIO-CSI-1-150x150.jpg\" alt=\"\" width=\"150\" height=\"150\" srcset=\"https:\/\/www.radiopiu.net\/wordpress\/wp-content\/uploads\/2020\/08\/PALLONE-CALCIO-CSI-1-150x150.jpg 150w, https:\/\/www.radiopiu.net\/wordpress\/wp-content\/uploads\/2020\/08\/PALLONE-CALCIO-CSI-1-125x125.jpg 125w, https:\/\/www.radiopiu.net\/wordpress\/wp-content\/uploads\/2020\/08\/PALLONE-CALCIO-CSI-1-200x200.jpg 200w, https:\/\/www.radiopiu.net\/wordpress\/wp-content\/uploads\/2020\/08\/PALLONE-CALCIO-CSI-1-80x80.jpg 80w\" sizes=\"auto, (max-width: 150px) 100vw, 150px\" \/><\/a>AGORDO<\/strong> Si \u00e8 giocata mercoled\u00ec sera la partita tra Cencenighe e La Valle valida per il recupero della prima giornata del Campionato Agordino giovanile. Dopo la prima sfida giocata sabato scorso con il pareggio 3 a 3 tra Caprile e Fodom, continua dunque il torneo dedicato agli under 14. Alla Bombonera di Cencenighe i padroni di casa si sono imposti per 2 a 0 contro il La Valle dopo una sfida combattuta che ha visto avere la meglio la compagine allenata da Ervin Lazzarini. A decidere la sfida sono state due marcature di Marek Chenet. Domani di nuovo in campo per la seconda giornata del torneo giovanile con tutte le squadre che faranno il suo esordio.<\/p>\n<p><strong>LA CLASSIFICA <\/strong>Cencenighe 3<strong>, <\/strong>Caprile e Fodom 1, Le Ville, Canale, Taibon e La Valle 0<\/p>\n<p><strong>IL PROSSIMO TURNO<\/strong> Domani alle 16 Cencenighe &#8211; Caprile e Fodom &#8211; Canale. Luned\u00ec alle 18 La Valle &#8211; Taibon. Riposa il Le Ville.<\/p>\n<p>&nbsp;<\/p>\n<hr \/>\n<p>&nbsp;<\/p>\n<h2><span style=\"color: #008000;\"><a class=\"dt-pswp-item\" href=\"https:\/\/www.radiopiu.net\/wordpress\/wp-content\/uploads\/2019\/01\/CALCIO-FALLO.jpeg\" data-dt-img-description=\"\" data-large_image_width=\"1600\" data-large_image_height=\"848\"><img loading=\"lazy\" decoding=\"async\" class=\" wp-image-71538 alignleft\" src=\"https:\/\/www.radiopiu.net\/wordpress\/wp-content\/uploads\/2019\/01\/CALCIO-FALLO-150x150.jpeg\" alt=\"\" width=\"74\" height=\"74\" \/><\/a>SPECIALE CAMPIONATO AGORDINO<\/span><\/h2>\n<p><strong>\u00a0<\/strong><\/p>\n<p><strong>\u00a0<\/strong><\/p>\n<p><strong>RIASCOLTA OTTANTESIMO MINUTO &#8211; SECONDA PUNTATA<\/strong><\/p>\n<audio class=\"wp-audio-shortcode\" id=\"audio-283068-19\" preload=\"none\" style=\"width: 100%;\" controls=\"controls\"><source type=\"audio\/mpeg\" src=\"https:\/\/www.radiopiu.net\/wordpress\/wp-content\/uploads\/2022\/06\/80MIN.mp3?_=19\" \/><a href=\"https:\/\/www.radiopiu.net\/wordpress\/wp-content\/uploads\/2022\/06\/80MIN.mp3\">https:\/\/www.radiopiu.net\/wordpress\/wp-content\/uploads\/2022\/06\/80MIN.mp3<\/a><\/audio>\n<p>&nbsp;<\/p>\n<p><strong>RIASCOLTA CAMPIONATO AGORDINO SHOW &#8211; SECONDA PUNTATA (LA SINTESI)<\/strong><\/p>\n<audio class=\"wp-audio-shortcode\" id=\"audio-283068-20\" preload=\"none\" style=\"width: 100%;\" controls=\"controls\"><source type=\"audio\/mpeg\" src=\"https:\/\/www.radiopiu.net\/wordpress\/wp-content\/uploads\/2022\/06\/AGOS.mp3?_=20\" \/><a href=\"https:\/\/www.radiopiu.net\/wordpress\/wp-content\/uploads\/2022\/06\/AGOS.mp3\">https:\/\/www.radiopiu.net\/wordpress\/wp-content\/uploads\/2022\/06\/AGOS.mp3<\/a><\/audio>\n<p>&nbsp;<\/p>\n<p>&nbsp;<\/p>\n<\/div>\n<\/div>\n<\/div>\n<\/div>\n<\/div>\n<\/div>\n<\/div>\n<\/div>\n<\/div>\n<\/div>\n<\/div>\n<\/div>\n<\/div>\n<\/div>\n<\/div>\n<\/div>\n<\/div>\n<\/div>\n<\/div>\n<\/div>\n<\/div>\n<\/div>\n<\/div>\n<\/div>\n<\/div>\n<\/div>\n<\/div>\n<\/div>\n<\/div>\n<\/div>\n<\/div>\n<\/div>\n<\/div>\n<\/div>\n<\/div>\n<\/div>\n<\/div>\n<\/div>\n<\/div>\n<\/div>\n<\/div>\n<\/div>\n<\/div>\n<\/div>\n<\/div>\n<\/div>\n<\/div>\n<\/div>\n<\/div>\n<\/div>\n<\/div>\n<\/div>\n<\/div>\n<\/div>\n<\/div>\n<\/div>\n<\/div>\n<\/div>\n<\/div>\n<\/div>\n<\/div>\n<\/div>\n<\/div>\n<\/div>\n<\/div>\n<\/div>\n<\/div>\n<\/div>\n<\/div>\n<\/div>\n<\/div>\n<\/div>\n<\/div>\n<\/div>\n<\/div>\n<\/div>\n<\/div>\n<\/div>\n<\/div>\n<\/div>\n<\/div>\n<\/div>\n<\/div>\n<\/div>\n<\/div>\n<\/div>\n<\/div>\n<\/div>\n<\/div>\n<\/div>\n<\/div>\n<\/div>\n<\/div>\n<\/div>\n<\/div>\n<\/div>\n<\/div>\n<\/div>\n<\/div>\n<\/div>\n<\/div>\n<\/div>\n<\/div>\n<\/div>\n<\/div>\n","protected":false},"excerpt":{"rendered":"<p>RADIO PIU INFORMAZIONE il canale su TELEGRAM informazione di prima\u00a0 mano e in tempo reale. iscriviti ed aiutaci a farlo conoscere\u00a0\u00a0 LA CURIOSITA&#8217;, Non era un incendio nel bosco ieri sera sopra Alleghe, ma i fuochi di San Giovanni\u00a0 &nbsp; &nbsp; &nbsp; &nbsp; CHIUSURA NOTTURNA DELLA GALLERIA \u2018TERMINE\u2019 VENEZIA Per consentire l\u2019esecuzione dei lavori di&hellip;<\/p>\n","protected":false},"author":4,"featured_media":283198,"comment_status":"closed","ping_status":"closed","sticky":false,"template":"","format":"standard","meta":{"_monsterinsights_skip_tracking":false,"_monsterinsights_sitenote_active":false,"_monsterinsights_sitenote_note":"","_monsterinsights_sitenote_category":0,"footnotes":""},"categories":[51,86,49],"tags":[],"class_list":["post-283068","post","type-post","status-publish","format-standard","has-post-thumbnail","hentry","category-evidenza-top","category-gr","category-news-18","category-51","category-86","category-49","description-off"],"img_url":"https:\/\/www.radiopiu.net\/wordpress\/wp-content\/uploads\/2022\/06\/289272028_10210173766896633_1337764462060899013_n.jpg","_links":{"self":[{"href":"https:\/\/www.radiopiu.net\/wordpress\/wp-json\/wp\/v2\/posts\/283068","targetHints":{"allow":["GET"]}}],"collection":[{"href":"https:\/\/www.radiopiu.net\/wordpress\/wp-json\/wp\/v2\/posts"}],"about":[{"href":"https:\/\/www.radiopiu.net\/wordpress\/wp-json\/wp\/v2\/types\/post"}],"author":[{"embeddable":true,"href":"https:\/\/www.radiopiu.net\/wordpress\/wp-json\/wp\/v2\/users\/4"}],"replies":[{"embeddable":true,"href":"https:\/\/www.radiopiu.net\/wordpress\/wp-json\/wp\/v2\/comments?post=283068"}],"version-history":[{"count":0,"href":"https:\/\/www.radiopiu.net\/wordpress\/wp-json\/wp\/v2\/posts\/283068\/revisions"}],"wp:featuredmedia":[{"embeddable":true,"href":"https:\/\/www.radiopiu.net\/wordpress\/wp-json\/wp\/v2\/media\/283198"}],"wp:attachment":[{"href":"https:\/\/www.radiopiu.net\/wordpress\/wp-json\/wp\/v2\/media?parent=283068"}],"wp:term":[{"taxonomy":"category","embeddable":true,"href":"https:\/\/www.radiopiu.net\/wordpress\/wp-json\/wp\/v2\/categories?post=283068"},{"taxonomy":"post_tag","embeddable":true,"href":"https:\/\/www.radiopiu.net\/wordpress\/wp-json\/wp\/v2\/tags?post=283068"}],"curies":[{"name":"wp","href":"https:\/\/api.w.org\/{rel}","templated":true}]}}