{"id":283192,"date":"2022-06-24T05:38:22","date_gmt":"2022-06-24T03:38:22","guid":{"rendered":"https:\/\/www.radiopiu.net\/wordpress\/?p=283192"},"modified":"2022-06-24T05:43:38","modified_gmt":"2022-06-24T03:43:38","slug":"il-nuovo-acceleratore-lineare-allospedale-di-belluno","status":"publish","type":"post","link":"https:\/\/www.radiopiu.net\/wordpress\/il-nuovo-acceleratore-lineare-allospedale-di-belluno\/","title":{"rendered":"IL NUOVO ACCELERATORE LINEARE ALL&#8217;OSPEDALE DI BELLUNO"},"content":{"rendered":"<header class=\"amico-article__header\">\n<div class=\"amico-article__summary\">\n<blockquote>\n<h3><\/h3>\n<\/blockquote>\n<p>DI MORENO GIOLI<\/p>\n<audio class=\"wp-audio-shortcode\" id=\"audio-283192-1\" preload=\"none\" style=\"width: 100%;\" controls=\"controls\"><source type=\"audio\/mpeg\" src=\"https:\/\/www.radiopiu.net\/wordpress\/wp-content\/uploads\/2022\/06\/MORENO-ACCELE.mp3?_=1\" \/><a href=\"https:\/\/www.radiopiu.net\/wordpress\/wp-content\/uploads\/2022\/06\/MORENO-ACCELE.mp3\">https:\/\/www.radiopiu.net\/wordpress\/wp-content\/uploads\/2022\/06\/MORENO-ACCELE.mp3<\/a><\/audio>\n<p>&nbsp;<\/p>\n<header class=\"amico-article__header\">\n<div class=\"amico-article__summary\">\n<p><strong>BELLUNO<\/strong> <a class=\"dt-pswp-item\" href=\"https:\/\/www.radiopiu.net\/wordpress\/wp-content\/uploads\/2022\/06\/Acceleratore-BL0.jpg\" data-dt-img-description=\"\" data-large_image_width=\"768\" data-large_image_height=\"447\"><img loading=\"lazy\" decoding=\"async\" class=\"size-thumbnail wp-image-283193 alignleft\" src=\"https:\/\/www.radiopiu.net\/wordpress\/wp-content\/uploads\/2022\/06\/Acceleratore-BL0-150x150.jpg\" alt=\"\" width=\"150\" height=\"150\" \/><\/a>Il presidente della Regione Veneto, Luca Zaia, ha inaugurato, all\u2019ospedale San Martino di Belluno, il nuovo acceleratore lineare del reparto di Radioterapia che permette un trattamento sicuro ed efficace che utilizza radiazioni ionizzanti, prevalentemente raggi X ad alta energia, per distruggere le cellule tumorali in modo mirato e selettivo. Una terapia che pu\u00f2 essere modellata per ciascun paziente, che riduce drasticamente i tempi di attesa ed evita faticosi spostamenti ai cittadini. L\u2019apparecchio \u00e8 costato quasi 2 milioni di euro e si aggiunge a un altro acceleratore inaugurato lo scorso anno. <em>&#8220;Il nostro obiettivo \u2013 ha detto Zaia \u2013 \u00e8 dare in questo territorio tutti i servizi di base, ma anche alcune eccellenze, ma ci\u00f2 \u00e8 possibile solo se insieme alla qualit\u00e0 degli strumenti e delle cure c\u2019\u00e8 anche un adeguato numero di pazienti perch\u00e9 la casistica \u00e8 fondamentale, il suo incremento \u00e8 importante per consentire ai medici di accumulare esperienza e mettere pienamente a frutto le conoscenze e gli strumenti di cui dispongono&#8221;. <\/em>Il presidente del Veneto ha citato quelle che ha definito \u00able lotte intestine\u00bb tra i vari ospedali della provincia di Belluno, con il timore reciproco di essere sfavoriti a vantaggio degli altri.<em> Un altro atteggiamento \u2013 ha rimarcato Zaia \u2013 che <a class=\"dt-pswp-item\" href=\"https:\/\/www.radiopiu.net\/wordpress\/wp-content\/uploads\/2022\/06\/Inaugurazione-acceleratore-lineare.jpg\" data-dt-img-description=\"\" data-large_image_width=\"1600\" data-large_image_height=\"1200\"><img loading=\"lazy\" decoding=\"async\" class=\"wp-image-283206 alignright\" src=\"https:\/\/www.radiopiu.net\/wordpress\/wp-content\/uploads\/2022\/06\/Inaugurazione-acceleratore-lineare.jpg\" alt=\"\" width=\"244\" height=\"183\" srcset=\"https:\/\/www.radiopiu.net\/wordpress\/wp-content\/uploads\/2022\/06\/Inaugurazione-acceleratore-lineare.jpg 1600w, https:\/\/www.radiopiu.net\/wordpress\/wp-content\/uploads\/2022\/06\/Inaugurazione-acceleratore-lineare-300x225.jpg 300w, https:\/\/www.radiopiu.net\/wordpress\/wp-content\/uploads\/2022\/06\/Inaugurazione-acceleratore-lineare-1024x768.jpg 1024w, https:\/\/www.radiopiu.net\/wordpress\/wp-content\/uploads\/2022\/06\/Inaugurazione-acceleratore-lineare-768x576.jpg 768w, https:\/\/www.radiopiu.net\/wordpress\/wp-content\/uploads\/2022\/06\/Inaugurazione-acceleratore-lineare-1536x1152.jpg 1536w\" sizes=\"auto, (max-width: 244px) 100vw, 244px\" \/><\/a>porta a lamentarsi e a parlare male della propria sanit\u00e0, mentre l\u2019impegno della Regione \u00e8 quello di investire a 360 gradi con il solo obiettivo di migliorare il servizio per il cittadino e non di favorire una struttura a scapito di un\u2019altra&#8221;.<\/em><\/p>\n<\/div>\n<\/header>\n<p>&nbsp;<\/p>\n<p>Al taglio del nastro il\u00a0 Sindaco Oscar De Pellegrin,\u00a0 l\u2019Assessore regionale alla sanit\u00e0, Manuela Lanzarin, il Vescovo di Belluno-Feltre, Renato Marangoni, la Direttrice generale dell\u2019Ulss 1 Dolomiti, Maria Grazia Carraro, e i consiglieri regionali Silvia Cestaro e Giovanni Puppato. <em>&#8220;Ritengo &#8211; commenta il Sindaco De Pellegrin &#8211; che la sanit\u00e0 bellunese, anche grazie a strumenti all&#8217;avanguardia come quello inaugurato oggi, sia davvero un&#8217;eccellenza, in grado di offrire servizi di qualit\u00e0 ai cittadini di tutta la provincia e anche di attrarre persone da fuori, da altri territori. Ringrazio la Regione Veneto per l&#8217;impegno costante su questo fronte&#8221;.<\/em><\/p>\n<p>&nbsp;<\/p>\n<p><strong>IL SINDACO DI BELLUNO OSCAR DE PELLEGRIN<\/strong><\/p>\n<div style=\"width: 352px;\" class=\"wp-video\"><video class=\"wp-video-shortcode\" id=\"video-283192-1\" width=\"352\" height=\"640\" preload=\"metadata\" controls=\"controls\"><source type=\"video\/mp4\" src=\"https:\/\/www.radiopiu.net\/wordpress\/wp-content\/uploads\/2022\/06\/WhatsApp-Video-2022-06-23-at-19.33.52.mp4?_=1\" \/><a href=\"https:\/\/www.radiopiu.net\/wordpress\/wp-content\/uploads\/2022\/06\/WhatsApp-Video-2022-06-23-at-19.33.52.mp4\">https:\/\/www.radiopiu.net\/wordpress\/wp-content\/uploads\/2022\/06\/WhatsApp-Video-2022-06-23-at-19.33.52.mp4<\/a><\/video><\/div>\n<p>&nbsp;<\/p>\n<p>&nbsp;<\/p>\n<\/div>\n<\/header>\n<p>&nbsp;<\/p>\n<p>&nbsp;<\/p>\n<p>&nbsp;<\/p>\n<p>&nbsp;<\/p>\n<p>&nbsp;<\/p>\n<hr \/>\n<p>&nbsp;<\/p>\n","protected":false},"excerpt":{"rendered":"<p>DI MORENO GIOLI &nbsp; BELLUNO Il presidente della Regione Veneto, Luca Zaia, ha inaugurato, all\u2019ospedale San Martino di Belluno, il nuovo acceleratore lineare del reparto di Radioterapia che permette un trattamento sicuro ed efficace che utilizza radiazioni ionizzanti, prevalentemente raggi X ad alta energia, per distruggere le cellule tumorali in modo mirato e selettivo. Una&hellip;<\/p>\n","protected":false},"author":4,"featured_media":283193,"comment_status":"closed","ping_status":"closed","sticky":false,"template":"","format":"standard","meta":{"_monsterinsights_skip_tracking":false,"_monsterinsights_sitenote_active":false,"_monsterinsights_sitenote_note":"","_monsterinsights_sitenote_category":0,"footnotes":""},"categories":[51,49],"tags":[],"class_list":["post-283192","post","type-post","status-publish","format-standard","has-post-thumbnail","hentry","category-evidenza-top","category-news-18","category-51","category-49","description-off"],"img_url":"https:\/\/www.radiopiu.net\/wordpress\/wp-content\/uploads\/2022\/06\/Acceleratore-BL0.jpg","_links":{"self":[{"href":"https:\/\/www.radiopiu.net\/wordpress\/wp-json\/wp\/v2\/posts\/283192","targetHints":{"allow":["GET"]}}],"collection":[{"href":"https:\/\/www.radiopiu.net\/wordpress\/wp-json\/wp\/v2\/posts"}],"about":[{"href":"https:\/\/www.radiopiu.net\/wordpress\/wp-json\/wp\/v2\/types\/post"}],"author":[{"embeddable":true,"href":"https:\/\/www.radiopiu.net\/wordpress\/wp-json\/wp\/v2\/users\/4"}],"replies":[{"embeddable":true,"href":"https:\/\/www.radiopiu.net\/wordpress\/wp-json\/wp\/v2\/comments?post=283192"}],"version-history":[{"count":0,"href":"https:\/\/www.radiopiu.net\/wordpress\/wp-json\/wp\/v2\/posts\/283192\/revisions"}],"wp:featuredmedia":[{"embeddable":true,"href":"https:\/\/www.radiopiu.net\/wordpress\/wp-json\/wp\/v2\/media\/283193"}],"wp:attachment":[{"href":"https:\/\/www.radiopiu.net\/wordpress\/wp-json\/wp\/v2\/media?parent=283192"}],"wp:term":[{"taxonomy":"category","embeddable":true,"href":"https:\/\/www.radiopiu.net\/wordpress\/wp-json\/wp\/v2\/categories?post=283192"},{"taxonomy":"post_tag","embeddable":true,"href":"https:\/\/www.radiopiu.net\/wordpress\/wp-json\/wp\/v2\/tags?post=283192"}],"curies":[{"name":"wp","href":"https:\/\/api.w.org\/{rel}","templated":true}]}}