{"id":283211,"date":"2022-06-25T05:40:52","date_gmt":"2022-06-25T03:40:52","guid":{"rendered":"https:\/\/www.radiopiu.net\/wordpress\/?p=283211"},"modified":"2022-06-25T09:47:25","modified_gmt":"2022-06-25T07:47:25","slug":"giornale-radiopiu-25-giugno-2022-direttore-mirko-mezzacasa","status":"publish","type":"post","link":"https:\/\/www.radiopiu.net\/wordpress\/giornale-radiopiu-25-giugno-2022-direttore-mirko-mezzacasa\/","title":{"rendered":"GIORNALE RADIOPIU 25 GIUGNO 2022 DIRETTORE MIRKO MEZZACASA"},"content":{"rendered":"<h3 class=\"kvgmc6g5 cxmmr5t8 oygrvhab hcukyx3x c1et5uql\"><span style=\"color: #0000ff;\"><strong>RADIO PIU INFORMAZIONE il canale su TELEGRAM informazione di prima\u00a0 <\/strong><\/span><span style=\"color: #0000ff;\"><strong>mano e in tempo reale. iscriviti ed aiutaci a farlo conoscere\u00a0<\/strong><\/span><\/h3>\n<p><a class=\"dt-pswp-item\" href=\"https:\/\/www.radiopiu.net\/wordpress\/wp-content\/uploads\/2022\/06\/6bb9c043-ff76-4e69-ba23-6b8ebb0ddb44.jpg\" data-dt-img-description=\"\" data-large_image_width=\"1600\" data-large_image_height=\"608\"><img loading=\"lazy\" decoding=\"async\" class=\"alignnone wp-image-283338 size-full\" src=\"https:\/\/www.radiopiu.net\/wordpress\/wp-content\/uploads\/2022\/06\/6bb9c043-ff76-4e69-ba23-6b8ebb0ddb44.jpg\" alt=\"\" width=\"1600\" height=\"608\" srcset=\"https:\/\/www.radiopiu.net\/wordpress\/wp-content\/uploads\/2022\/06\/6bb9c043-ff76-4e69-ba23-6b8ebb0ddb44.jpg 1600w, https:\/\/www.radiopiu.net\/wordpress\/wp-content\/uploads\/2022\/06\/6bb9c043-ff76-4e69-ba23-6b8ebb0ddb44-300x114.jpg 300w, https:\/\/www.radiopiu.net\/wordpress\/wp-content\/uploads\/2022\/06\/6bb9c043-ff76-4e69-ba23-6b8ebb0ddb44-1024x389.jpg 1024w, https:\/\/www.radiopiu.net\/wordpress\/wp-content\/uploads\/2022\/06\/6bb9c043-ff76-4e69-ba23-6b8ebb0ddb44-768x292.jpg 768w, https:\/\/www.radiopiu.net\/wordpress\/wp-content\/uploads\/2022\/06\/6bb9c043-ff76-4e69-ba23-6b8ebb0ddb44-1536x584.jpg 1536w\" sizes=\"auto, (max-width: 1600px) 100vw, 1600px\" \/><\/a><\/p>\n<blockquote>\n<h1><span style=\"color: #ff0000;\"><a class=\"dt-pswp-item\" href=\"https:\/\/www.radiopiu.net\/wordpress\/wp-content\/uploads\/2022\/06\/MyRadioPiu_miaidea.png\" data-dt-img-description=\"\" data-large_image_width=\"483\" data-large_image_height=\"374\"><img loading=\"lazy\" decoding=\"async\" class=\"size-thumbnail wp-image-283315 alignleft\" src=\"https:\/\/www.radiopiu.net\/wordpress\/wp-content\/uploads\/2022\/06\/MyRadioPiu_miaidea-150x150.png\" alt=\"\" width=\"150\" height=\"150\" \/><\/a>25 GIUGNO 1983- 25 GIUGNO 2022. AUGURI RADIO PIU&#8217;. 39 ANNI DI RADIO<\/span><\/h1>\n<\/blockquote>\n<h1>IL MESSAGGIO DI FABIO GUADAGNINI<\/h1>\n<p><b>Fabio Guadagnini<\/b>\u00a0(<a title=\"Agordo\" href=\"https:\/\/it.wikipedia.org\/wiki\/Agordo\">Agordo<\/a>,\u00a0<a title=\"14 novembre\" href=\"https:\/\/it.wikipedia.org\/wiki\/14_novembre\">14 novembre<\/a>\u00a0<a title=\"1964\" href=\"https:\/\/it.wikipedia.org\/wiki\/1964\">1964<\/a>) \u00e8 un\u00a0<a title=\"Giornalista\" href=\"https:\/\/it.wikipedia.org\/wiki\/Giornalista\">giornalista<\/a>,\u00a0<a title=\"Dirigente d'azienda\" href=\"https:\/\/it.wikipedia.org\/wiki\/Dirigente_d%27azienda\">manager<\/a>\u00a0e\u00a0<a title=\"Conduttore televisivo\" href=\"https:\/\/it.wikipedia.org\/wiki\/Conduttore_televisivo\">conduttore televisivo<\/a>\u00a0<a title=\"Italia\" href=\"https:\/\/it.wikipedia.org\/wiki\/Italia\">italiano<\/a>. \u00c8 stato Direttore di\u00a0<a title=\"Sky Sport 24\" href=\"https:\/\/it.wikipedia.org\/wiki\/Sky_Sport_24\">Sky Sport 24<\/a>, di\u00a0<a title=\"Sky Sport\" href=\"https:\/\/it.wikipedia.org\/wiki\/Sky_Sport\">Sky Sport\u00a0<\/a>e di\u00a0<a title=\"Fox Sports (Italia)\" href=\"https:\/\/it.wikipedia.org\/wiki\/Fox_Sports_(Italia)\">Fox Sports<\/a>\u00a0e dal 2017 al 2020 il\u00a0<i>Chief Communications Officer<\/i>\u00a0del\u00a0<a title=\"Associazione Calcio Milan\" href=\"https:\/\/it.wikipedia.org\/wiki\/Associazione_Calcio_Milan\">Milan<\/a>. Ha anche guidato la comunicazione del Comitato Promotore di Roma 2024, il progetto di candidatura olimpica di Roma Capitale. Oggi \u00e8 il Chief <a class=\"dt-pswp-item\" href=\"https:\/\/www.radiopiu.net\/wordpress\/wp-content\/uploads\/2022\/06\/News-Fabio-Guadagnini.jpg\" data-dt-img-description=\"\" data-large_image_width=\"676\" data-large_image_height=\"405\"><img loading=\"lazy\" decoding=\"async\" class=\"size-thumbnail wp-image-283317 alignright\" src=\"https:\/\/www.radiopiu.net\/wordpress\/wp-content\/uploads\/2022\/06\/News-Fabio-Guadagnini-150x150.jpg\" alt=\"\" width=\"150\" height=\"150\" \/><\/a>Commercial Officer per l&#8217;Italia di\u00a0<a class=\"external text\" href=\"https:\/\/www.emglive.com\/\" rel=\"nofollow\">EMG<\/a> , gruppo leader in Europa in produzione televisiva, host production, digital, con due centri di produzione a Milano. Insegna comunicazione e giornalismo sportivo alla 24 Business School. Radio Pi\u00f9 lo ricorda tra le prime voci dell&#8217;emittente nell&#8217;anno1983-1984, un uomo dalla marcia in pi\u00f9 nel mondo radiofonico locale degli anni ottanta.<\/p>\n<p>&nbsp;<\/p>\n<p><strong>AUDIO<\/strong><\/p>\n<audio class=\"wp-audio-shortcode\" id=\"audio-283211-1\" preload=\"none\" style=\"width: 100%;\" controls=\"controls\"><source type=\"audio\/mpeg\" src=\"https:\/\/www.radiopiu.net\/wordpress\/wp-content\/uploads\/2022\/06\/FABIO-GUADAGNINI-COMPLEANNO-RADIO-PIU.mp3?_=1\" \/><a href=\"https:\/\/www.radiopiu.net\/wordpress\/wp-content\/uploads\/2022\/06\/FABIO-GUADAGNINI-COMPLEANNO-RADIO-PIU.mp3\">https:\/\/www.radiopiu.net\/wordpress\/wp-content\/uploads\/2022\/06\/FABIO-GUADAGNINI-COMPLEANNO-RADIO-PIU.mp3<\/a><\/audio>\n<p>&nbsp;<\/p>\n<p>di mirko mezzacasa<\/p>\n<p><strong><a class=\"dt-pswp-item\" href=\"https:\/\/www.radiopiu.net\/wordpress\/wp-content\/uploads\/2022\/06\/Copia-di-linizio-5.jpg\" data-dt-img-description=\"\" data-large_image_width=\"640\" data-large_image_height=\"960\"><img loading=\"lazy\" decoding=\"async\" class=\"wp-image-283346 alignleft\" src=\"https:\/\/www.radiopiu.net\/wordpress\/wp-content\/uploads\/2022\/06\/Copia-di-linizio-5.jpg\" alt=\"\" width=\"216\" height=\"324\" srcset=\"https:\/\/www.radiopiu.net\/wordpress\/wp-content\/uploads\/2022\/06\/Copia-di-linizio-5.jpg 640w, https:\/\/www.radiopiu.net\/wordpress\/wp-content\/uploads\/2022\/06\/Copia-di-linizio-5-200x300.jpg 200w\" sizes=\"auto, (max-width: 216px) 100vw, 216px\" \/><\/a>TAIBON<\/strong> Quel primo pomeriggio del 25 giugno \u00e8 stato un giorno di festa per Taibon. Per noi allora diciottenni senza ombra di dubbio. Da settimane provavamo le presentazioni delle canzoni, trascorrevamo intere serate a far girare due vecchi giradischi che Vanni aveva incastrato in due grandi tavoli di legno fatti in casa. L&#8217;odore, quello del bostik per appicciare ai muri i contenitori delle uova ce l&#8217;ho nel naso da allora ed \u00e8 un ricordo splendido. Era l&#8217;odore della radio, era l&#8217;odore dell&#8217;estate del 1983, quella del concerto di Vasco Rossi a Longarone Palafiere (il secondo in due anni), ma anche del ritorno a Belluno di Mia Martini, allora con Mario Lavezzi. Era l&#8217;anno dell&#8217;Agordino d&#8217;Oro e delle Frecce Tricolori alle quali l&#8217;Agordino ha tributato fragorosi applausi, qualcuno in meno al Presidente della Repubblica Sandro Pertini, ospite d&#8217;onore (era in vacanza in Val Gardena) e da poco aveva messo quella firma che spostava i confini della Marmolada. Eravamo giovani, pieni di voglia di cambiare il mondo e ci abbiamo provato con la musica, l&#8217;informazione, i giochi, le feste (la prima al Nof Filo&#8217; di Cencenighe), ma soprattutto la voglia di fare radio libera. Radio Pi\u00f9, 39 anni di storia, quando ci penso mi vengono i brividi. Il giorno del primo compleanno \u00e8 stato un primo traguardo e ci sembrava gi\u00e0 importante, poi sono arrivate le feste per i 5 anni, i 10, i 15 e i 20 con il concerto di Federico Strag\u00e0 a Taibon alla seconda edizione della sagra de Pasca. I 30 li abbiamo festeggiati in sala Don Tamis con l&#8217;enorme torta di Giancarlo Deola del SuperW e il libro &#8220;Odio La Radio&#8221;. I 29 ad Alleghe con il concerto di Roberto Vecchioni,\u00a0 che guarda caso compie gli anni anche lui il 25 giugno. E&#8217; stato l&#8217;ultimo concerto di RADIOPIU al De Toni, e anche l&#8217;ultimo evento organizzato con il caro amico Nilo Riva di cui presto ricorreranno gi\u00e0 i 10 anni dalla sua scomparsa ( 24 marzo 1945 \u2013 Alleghe, 22 agosto 2012). Sono ricordi buttati li a caso, giusto per mettere qualche paletto in questo slalom iniziato il 25 giugno del 1983 da Piazza San Rocco,\u00a0 grazie al gruppo dei 10 soci fondatori: <strong>Renzo Gavaz, Dino Collarin,\u00a0 Udilio Cadorin, Agostino Cadorin, Sereno Ben, Paolo Buttol, Pierina Bellai, Gianna Schena, Alessandro Savio, Danilo Sibillon<\/strong>. A loro anche oggi, come ogni anno in questa splendida occasione va il nostro grazie per aver creato uno strumento diventato giorno dopo giorno sempre pi\u00f9 importante per l&#8217;Agordino e Provincia.<\/p>\n<p>&nbsp;<\/p>\n<hr \/>\n<p>&nbsp;<\/p>\n<p><span style=\"color: #ff0000;\"><strong>ULTIM&#8217;ORA 9.00<\/strong><\/span><\/p>\n<blockquote>\n<h1>Trovato sano e salvo Francesco il bimbo scomparso ieri sera a Col Indes di Tambre<\/h1>\n<\/blockquote>\n<p>lieto fine: trovato sano e salvo\u00a0 Francesco il bimbo di Mestre scomparso ieri sera\u00a0 a Col Indes di Tambre alle 19 mentre era in escursione con il pap\u00e0. Ricerche\u00a0 continuate tutta la notte e da stamane all&#8217;alba anche con l&#8217;elicottero e ricognizioni gi\u00e0 attivate da ieri\u00a0 dai vigili del fuoco con un drone.<\/p>\n<p>ALEX BARATTIN. SOCCORSO ALPINO BELLUNO<\/p>\n<audio class=\"wp-audio-shortcode\" id=\"audio-283211-2\" preload=\"none\" style=\"width: 100%;\" controls=\"controls\"><source type=\"audio\/mpeg\" src=\"https:\/\/www.radiopiu.net\/wordpress\/wp-content\/uploads\/2022\/06\/ALEZ-1.mp3?_=2\" \/><a href=\"https:\/\/www.radiopiu.net\/wordpress\/wp-content\/uploads\/2022\/06\/ALEZ-1.mp3\">https:\/\/www.radiopiu.net\/wordpress\/wp-content\/uploads\/2022\/06\/ALEZ-1.mp3<\/a><\/audio>\n<p>&nbsp;<\/p>\n<p>&nbsp;<\/p>\n<p><strong>RITROVATO INCOLUME FRANCESCO<\/strong><\/p>\n<div dir=\"auto\">\u00c8 stato ritrovato dopo una notte all&#8217;addiaccio, e sta bene, Francesco, il bimbo di 9 anni di Mestre (VE), allontanatosi all&#8217;improvviso e sparito alla vista del pap\u00e0, con cui stava camminando sopra Malga Grant a Col Indes. Non si sa dove abbia passato la notte, ma lo ha incrociato un escursionista in localit\u00e0 Filon del Vivaio, che lo ha fermato facendo dei segnali all&#8217;elicottero dei Vigili del fuoco che stavano sorvolando la zona. Caricato a bordo, Francesco e stato portato al campo base, dove attendevano i genitori. Gli hanno dato da mangiare e da bere e poi sono rientrati per poi accompagnarlo al pronto soccorso per un controllo.<\/div>\n<div dir=\"auto\">Alla sua ricerca hanno preso parte alle ricerche oltre 100 persone, tra Soccorso alpino e speleologico\u00a0 Vigili del fuoco, Soccorso alpino della Guardia di finanza, con unit\u00e0 cinofile e droni.<\/div>\n<p>&nbsp;<\/p>\n<blockquote>\n<h1><\/h1>\n<\/blockquote>\n<hr \/>\n<p>&nbsp;<\/p>\n<blockquote>\n<h3>SOCCORSO ALPINO,\u00a0DUE INTERVENTI A CORTINA<\/h3>\n<\/blockquote>\n<p><strong><a class=\"dt-pswp-item\" href=\"https:\/\/www.radiopiu.net\/wordpress\/wp-content\/uploads\/2018\/08\/soccorsoalpino.jpg\" data-dt-img-description=\"\" data-large_image_width=\"1200\" data-large_image_height=\"1200\"><img loading=\"lazy\" decoding=\"async\" class=\" wp-image-59164 alignleft\" src=\"https:\/\/www.radiopiu.net\/wordpress\/wp-content\/uploads\/2018\/08\/soccorsoalpino-150x150.jpg\" alt=\"\" width=\"115\" height=\"115\" srcset=\"https:\/\/www.radiopiu.net\/wordpress\/wp-content\/uploads\/2018\/08\/soccorsoalpino-150x150.jpg 150w, https:\/\/www.radiopiu.net\/wordpress\/wp-content\/uploads\/2018\/08\/soccorsoalpino-300x300.jpg 300w, https:\/\/www.radiopiu.net\/wordpress\/wp-content\/uploads\/2018\/08\/soccorsoalpino-768x768.jpg 768w, https:\/\/www.radiopiu.net\/wordpress\/wp-content\/uploads\/2018\/08\/soccorsoalpino-1024x1024.jpg 1024w, https:\/\/www.radiopiu.net\/wordpress\/wp-content\/uploads\/2018\/08\/soccorsoalpino.jpg 1200w\" sizes=\"auto, (max-width: 115px) 100vw, 115px\" \/><\/a>CORTINA\u00a0<\/strong>Nei giorni scorsi una squadra del Soccorso alpino della Guardia di Finanza di Auronzo \u00e8 stata inviata dalla Centrale del Suem al Rifugio Lavaredo, dove si trovava una 33enne tedesca che aveva riportato un taglio al ginocchio. L&#8217;escursionista, accompagnata al Rifugio Auronzo, si \u00e8 poi allontanata con i propri mezzi. A Cortina d&#8217;Ampezzo, i soccorritori della Guardia di Finanza sono invece intervenuti nelle vicinanze del Lago d&#8217;Ajal, poich\u00e9 una turista francese di 69 anni, in passeggiata con un gruppo di connazionali, si era fatta male a una spalla. La donna \u00e8 stata poi trasportata all&#8217;ospedale.<\/p>\n<p>&nbsp;<\/p>\n<p>&nbsp;<\/p>\n<hr \/>\n<p>&nbsp;<\/p>\n<blockquote>\n<h3>ATLETA DELLA LAVAREDO ULTRA TRAIL SI FERISCE A UNA GAMBA<\/h3>\n<\/blockquote>\n<p><strong><img loading=\"lazy\" decoding=\"async\" class=\"alignleft\" src=\"https:\/\/www.radiopiu.net\/wordpress\/wp-content\/uploads\/2021\/08\/salt-2.jpg\" width=\"137\" height=\"103\" \/>CORTINA\u00a0<\/strong> Ieri Attorno a mezzogiorno l&#8217;elicottero del Suem di Pieve di Cadore \u00e8 intervenuto in Val Travenanzes, per un&#8217;atleta della Lavaredo Ultra Trail, che era caduta ferendosi a una gamba con un sasso. Atterrati nelle vicinanze, equipe medica e tecnico di elisoccorso hanno raggiunto la 51enne di Abano Terme (PD), che era stata medicata da un&#8217;altra concorrente, la hanno caricata a bordo e trasportata all&#8217;ospedale di Cortina.<\/p>\n<p>&nbsp;<\/p>\n<p>&nbsp;<\/p>\n<hr \/>\n<p>&nbsp;<\/p>\n<blockquote>\n<h3>VENTENNE AGLI ARRESTI DOMICILIARI PER DETENZIONE DI STUPEFACENTI<\/h3>\n<\/blockquote>\n<p>&nbsp;<\/p>\n<p><strong><a class=\"dt-pswp-item\" href=\"https:\/\/www.radiopiu.net\/wordpress\/wp-content\/uploads\/2022\/06\/2022.06.24-stupe-scaled.jpg\" data-dt-img-description=\"\" data-large_image_width=\"2560\" data-large_image_height=\"1899\"><img loading=\"lazy\" decoding=\"async\" class=\"size-thumbnail wp-image-283353 alignleft\" src=\"https:\/\/www.radiopiu.net\/wordpress\/wp-content\/uploads\/2022\/06\/2022.06.24-stupe-150x150.jpg\" alt=\"\" width=\"150\" height=\"150\" \/><\/a>BELLUNO<\/strong> Gli agenti delle Volanti della Questura\u00a0 hanno arrestato un giovane, Francesco Dall&#8217;O per detenzione di stupefacenti a fini di spaccio. Nel corso di un posto di controllo effettuato fuori dal casello dell\u2019autostrada A27, il ventenne veniva controllato dato che alla vista della pattuglia aveva cercato di eludere il controllo. Una volta fermato gli agenti hanno notato quanto fosse agitato e anche per questo hanno approfondire il controllo all\u2019autovettura: sul tappetino, al di sotto del sedile anteriore passeggero,\u00a0 una borsa di carta con all\u2019interno 6 pezzi di cocaina in sasso avvolti in un cellophane trasparente, dal peso complessivo di 324 grammi, 2 pasticche di MDMA e banconote per oltre 1000 euro. Nella sua abitazione, rinvenuti e sequestrati un bilancino elettronico di precisione e una macchina per il confezionamento in sottovuoto. Il giovane \u00e8 stato \u00a0arrestato e tradotto alla locale Casa Circondariale su disposizione della Procura della Repubblica. Ieri l\u2019arresto \u00e8 stato convalidato ed il giovane sottoposto alla misura cautelare degli arresti domiciliari presso la sua abitazione.<\/p>\n<p>&nbsp;<\/p>\n<p>&nbsp;<\/p>\n<hr \/>\n<p>&nbsp;<\/p>\n<blockquote>\n<h3>LE TRISTI STORIE DI MADRE NATURA<\/h3>\n<\/blockquote>\n<p><strong>SAN TOMASO<\/strong> Non mancano gli ungulati a San Tomaso Agordino, difficile non incontrarli. La gente che vive nelle frazioni, come a Pian Molin \u00e8 abituata a vederli sotto casa, spesso in branco. Sta accadendo sempre meno perch\u00e9 sulla scena da un po&#8217;, come altrove, s&#8217;\u00e8 affacciato il lupo. L&#8217;ultimo pasto \u00e8 di questa mattina a poche decine di metri dalle abitazioni, ne ha fatto le spese una piccola di cervo. I resti sono stati &#8220;vegliati&#8221; da mamma cerva per gran parte della mattinata vicino a quello che restava del cucciolo anche lei, probabilmente, in attesa che qualcuno sposti i resti dell&#8217;animale.<\/p>\n\n\t\t\t<style type='text\/css'>\n\t\t\t\t#gallery-1 {\n\t\t\t\t\tmargin: auto;\n\t\t\t\t}\n\t\t\t\t#gallery-1 .gallery-item {\n\t\t\t\t\tfloat: left;\n\t\t\t\t\tmargin-top: 10px;\n\t\t\t\t\ttext-align: center;\n\t\t\t\t\twidth: 25%;\n\t\t\t\t}\n\t\t\t\t#gallery-1 img {\n\t\t\t\t\tborder: 2px solid #cfcfcf;\n\t\t\t\t}\n\t\t\t\t#gallery-1 .gallery-caption {\n\t\t\t\t\tmargin-left: 0;\n\t\t\t\t}\n\t\t\t\t\/* see gallery_shortcode() in wp-includes\/media.php *\/\n\t\t\t<\/style>\n\t\t<div id='gallery-1' class='dt-gallery-container gallery galleryid-283211 gallery-columns-4 gallery-size-thumbnail'><dl class='gallery-item'>\n\t\t\t\t<dt class='gallery-icon landscape'>\n\t\t\t\t\t<a class=\"rollover rollover-zoom dt-pswp-item\" title=\"00e280f6-da9b-4855-9904-77e06fee8ebc\" data-dt-img-description=\"\" data-large_image_width=\"1024\" data-large_image_height=\"768\"href='https:\/\/www.radiopiu.net\/wordpress\/wp-content\/uploads\/2022\/06\/00e280f6-da9b-4855-9904-77e06fee8ebc.jpg'><img loading=\"lazy\" decoding=\"async\" width=\"150\" height=\"150\" src=\"https:\/\/www.radiopiu.net\/wordpress\/wp-content\/uploads\/2022\/06\/00e280f6-da9b-4855-9904-77e06fee8ebc-150x150.jpg\" class=\"attachment-thumbnail size-thumbnail\" alt=\"\" \/><\/a>\n\t\t\t\t<\/dt><\/dl><dl class='gallery-item'>\n\t\t\t\t<dt class='gallery-icon portrait'>\n\t\t\t\t\t<a class=\"rollover rollover-zoom dt-pswp-item\" title=\"02d363df-7385-4067-b3ea-056194b4e2d5\" data-dt-img-description=\"\" data-large_image_width=\"768\" data-large_image_height=\"1024\"href='https:\/\/www.radiopiu.net\/wordpress\/wp-content\/uploads\/2022\/06\/02d363df-7385-4067-b3ea-056194b4e2d5.jpg'><img loading=\"lazy\" decoding=\"async\" width=\"150\" height=\"150\" src=\"https:\/\/www.radiopiu.net\/wordpress\/wp-content\/uploads\/2022\/06\/02d363df-7385-4067-b3ea-056194b4e2d5-150x150.jpg\" class=\"attachment-thumbnail size-thumbnail\" alt=\"\" \/><\/a>\n\t\t\t\t<\/dt><\/dl><dl class='gallery-item'>\n\t\t\t\t<dt class='gallery-icon portrait'>\n\t\t\t\t\t<a class=\"rollover rollover-zoom dt-pswp-item\" title=\"5fe231b3-c89a-44ae-9ab9-bfab793b4b6e\" data-dt-img-description=\"\" data-large_image_width=\"768\" data-large_image_height=\"1024\"href='https:\/\/www.radiopiu.net\/wordpress\/wp-content\/uploads\/2022\/06\/5fe231b3-c89a-44ae-9ab9-bfab793b4b6e.jpg'><img loading=\"lazy\" decoding=\"async\" width=\"150\" height=\"150\" src=\"https:\/\/www.radiopiu.net\/wordpress\/wp-content\/uploads\/2022\/06\/5fe231b3-c89a-44ae-9ab9-bfab793b4b6e-150x150.jpg\" class=\"attachment-thumbnail size-thumbnail\" alt=\"\" \/><\/a>\n\t\t\t\t<\/dt><\/dl><dl class='gallery-item'>\n\t\t\t\t<dt class='gallery-icon portrait'>\n\t\t\t\t\t<a class=\"rollover rollover-zoom dt-pswp-item\" title=\"6ae7ef09-e34f-49f0-862e-8f50cd333854\" data-dt-img-description=\"\" data-large_image_width=\"768\" data-large_image_height=\"1024\"href='https:\/\/www.radiopiu.net\/wordpress\/wp-content\/uploads\/2022\/06\/6ae7ef09-e34f-49f0-862e-8f50cd333854.jpg'><img loading=\"lazy\" decoding=\"async\" width=\"150\" height=\"150\" src=\"https:\/\/www.radiopiu.net\/wordpress\/wp-content\/uploads\/2022\/06\/6ae7ef09-e34f-49f0-862e-8f50cd333854-150x150.jpg\" class=\"attachment-thumbnail size-thumbnail\" alt=\"\" \/><\/a>\n\t\t\t\t<\/dt><\/dl><br style=\"clear: both\" \/>\n\t\t\t<\/div>\n\n<p>&nbsp;<\/p>\n<hr \/>\n<p>&nbsp;<\/p>\n<blockquote>\n<h3>\u00a0 IL LAGO DEL MIS GUIDA LA SEZIONE LAGHI DELLA CLASSIFICA BLU DI LEGAMBIENTE E TOURING CLUB.<\/h3>\n<\/blockquote>\n<p><u><strong><img loading=\"lazy\" decoding=\"async\" class=\"alignleft\" src=\"https:\/\/www.radiopiu.net\/wordpress\/wp-content\/uploads\/2020\/08\/Lago-di-Mis-Sospirolo-Foto-113.jpg\" width=\"245\" height=\"185\" \/>SOSPIROLO <\/strong><\/u>Tra i laghi pi\u00f9 belli d\u2019Italia quello del Mis, conquista la vetta dei laghi nella classifica della Guida Blu di Legambiente e Touring Club Italiano. Un riconoscimento che attesta l\u2019attenzione verso la salvaguardia dell\u2019ambiente, lo stato di conservazione del territorio, l\u2019accoglienza e la sostenibilit\u00e0 turistica, la pulizia e la gestione ambientale. Insomma, un vero e proprio certificato di eccellenza che suggerisce dove trovare luoghi incontaminati che dimostrano di saper coniugare al meglio le tematiche ambientali con le prospettive di sviluppo economico, anche nel turismo lacustre.<em> \u201cCon le grandi sfide che abbiamo di fronte, a cominciare dalla sfida climatica, pensare allo sviluppo del turismo in termini sostenibili diventa assolutamente fondamentale \u2013 dice il Presidente della Regione Luca Zaia-. La vacanza al lago, in Veneto, rappresenta una delle destinazioni che hanno contribuito alla ripresa del turismo durante i due anni di pandemia e la vallata dolomitica con le acque turchesi del suo lago del Mis, rappresenta uno dei luoghi pi\u00f9 affascinanti della nostra regione. La Guida Blu, infatti, ci ha premiati per lo spettacolo naturale che offre questo luogo, ancora incontaminato&#8221; .<\/em> La nuova classifica, stilata da Legambiente Touring Club Italiano, da oltre vent\u2019anni stimola e orienta le vacanze di quanti preferiscono scegliere la propria meta estiva all\u2019insegna della responsabilit\u00e0 e della qualit\u00e0 ambientale.<\/p>\n<p><em>\u201cE\u2019 nella vallata dolomitica bellunese il lago pi\u00f9 bello d\u2019Italia, in cui qualit\u00e0 ambientale, qualit\u00e0 dei servizi ricettivi e qualit\u00e0 delle acque incontrano politiche di tutela della biodiversit\u00e0. Ed \u00e8 proprio secondo questi criteri che il lago del Mis, ai piedi delle vette Patrimonio dell\u2019Umanit\u00e0, si pone in cima alla sezione Laghi della Guida Blu 2022 e diventa uno dei luoghi pi\u00f9 affascinanti dove vivere una esperienza di turismo slow\u201d.<\/em> Lo dice l\u2019Assessore regionale al Turismo salutando il riconoscimento assegnato al lago veneto, premiato da Legambiente e Touring come migliore localit\u00e0 italiana per purezza delle acque, servizi per i turisti e qualit\u00e0 ambientale.<\/p>\n<p>&nbsp;<\/p>\n\n\t\t\t<style type='text\/css'>\n\t\t\t\t#gallery-2 {\n\t\t\t\t\tmargin: auto;\n\t\t\t\t}\n\t\t\t\t#gallery-2 .gallery-item {\n\t\t\t\t\tfloat: left;\n\t\t\t\t\tmargin-top: 10px;\n\t\t\t\t\ttext-align: center;\n\t\t\t\t\twidth: 50%;\n\t\t\t\t}\n\t\t\t\t#gallery-2 img {\n\t\t\t\t\tborder: 2px solid #cfcfcf;\n\t\t\t\t}\n\t\t\t\t#gallery-2 .gallery-caption {\n\t\t\t\t\tmargin-left: 0;\n\t\t\t\t}\n\t\t\t\t\/* see gallery_shortcode() in wp-includes\/media.php *\/\n\t\t\t<\/style>\n\t\t<div id='gallery-2' class='dt-gallery-container gallery galleryid-283211 gallery-columns-2 gallery-size-thumbnail'><dl class='gallery-item'>\n\t\t\t\t<dt class='gallery-icon landscape'>\n\t\t\t\t\t<a class=\"rollover rollover-zoom dt-pswp-item\" title=\"lagomis\" data-dt-img-description=\"\" data-large_image_width=\"1600\" data-large_image_height=\"1022\"href='https:\/\/www.radiopiu.net\/wordpress\/wp-content\/uploads\/2022\/06\/1381-2022.jpg.jpeg'><img loading=\"lazy\" decoding=\"async\" width=\"150\" height=\"150\" src=\"https:\/\/www.radiopiu.net\/wordpress\/wp-content\/uploads\/2022\/06\/1381-2022.jpg-150x150.jpeg\" class=\"attachment-thumbnail size-thumbnail\" alt=\"\" \/><\/a>\n\t\t\t\t<\/dt><\/dl><dl class='gallery-item'>\n\t\t\t\t<dt class='gallery-icon landscape'>\n\t\t\t\t\t<a class=\"rollover rollover-zoom dt-pswp-item\" title=\"lagomis\" data-dt-img-description=\"\" data-large_image_width=\"1600\" data-large_image_height=\"1066\"href='https:\/\/www.radiopiu.net\/wordpress\/wp-content\/uploads\/2022\/06\/1381-2022_lagomis.jpg.jpeg'><img loading=\"lazy\" decoding=\"async\" width=\"150\" height=\"150\" src=\"https:\/\/www.radiopiu.net\/wordpress\/wp-content\/uploads\/2022\/06\/1381-2022_lagomis.jpg-150x150.jpeg\" class=\"attachment-thumbnail size-thumbnail\" alt=\"\" \/><\/a>\n\t\t\t\t<\/dt><\/dl><br style=\"clear: both\" \/>\n\t\t\t<\/div>\n\n<p>&nbsp;<\/p>\n<hr \/>\n<p>&nbsp;<\/p>\n<blockquote>\n<h3>UN MESE CON IL CONTENITORE DEL SECCO PIENO DI PANNOLINI SOTTO CASA<\/h3>\n<\/blockquote>\n<div class=\"__fb-light-mode l9j0dhe7\" role=\"row\">\n<div class=\"\">\n<div class=\"j83agx80 cbu4d94t l9j0dhe7\" tabindex=\"0\" role=\"gridcell\" data-scope=\"messages_table\" data-release-focus-from=\"CLICK\">\n<div class=\"j83agx80\" role=\"none\">\n<div class=\"j83agx80 buofh1pr g5gj957u hpfvmrgz\" role=\"none\" data-testid=\"message-container\">\n<div class=\"ns4p8fja j83agx80 cbu4d94t a6sixzi8 bkfpd7mw nred35xi a1xu1aao\" role=\"none\">\n<div class=\"j83agx80 k4urcfbm\" role=\"none\">\n<div class=\"ll8tlv6m j83agx80 cbu4d94t d2edcug0 l9j0dhe7\">\n<div class=\"j83agx80 k4urcfbm\" role=\"none\">\n<div class=\"cxgpxx05 d1544ag0 sj5x9vvc tw6a2znq l9j0dhe7 ni8dbmo4 stjgntxs e72ty7fz qlfml3jp inkptoze jm1wdb64 qv66sw1b ljqsnud1 odn2s2vf tkr6xdv7 qttc61fc\" role=\"none\" data-testid=\"solid-message-bubble\">\n<div class=\"rq0escxv l9j0dhe7 du4w35lb __fb-light-mode\" role=\"none\">\n<div class=\"hzawbc8m ii04i59q jq4qci2q g9io39s2 oo9gr5id\" dir=\"auto\" role=\"none\">Riceviamo e volentieri pubblichiamo una considerazione circa le ultime novit\u00e0 da Valpe Ambiente relativamente alla raccolta dei rifiuti nelle frazioni.<\/div>\n<\/div>\n<div dir=\"auto\" role=\"none\"><\/div>\n<div dir=\"auto\" role=\"none\"><strong><img loading=\"lazy\" decoding=\"async\" class=\"alignleft\" src=\"https:\/\/www.radiopiu.net\/wordpress\/wp-content\/uploads\/2022\/06\/a344571e-4408-4ba8-815e-b66e7162b6ac.jpg\" width=\"262\" height=\"131\" \/>RIVAMONTE<\/strong> &#8220;<em>In localit\u00e0 Saret-Sep-Schena i mezzi per la raccolta dei rifiuti di \u00a0Valpe non passano pi\u00f9 ogni settimana per la plastica\u00a0 cos\u00ec&#8217; come per la carta e il secco. Quest&#8217;ultimo viene ormai raccolto una sola volta al mese, ma in quel bidone grigio ci vanno anche i pannolini dei miei due bambini e l\u00ec ci rimangono anche un mese, d&#8217;estate e con il caldo. Ho chiesto chiarimenti a Valpe anche per evitare, come gi\u00e0 accaduto, di ritrovarci sommersi dalla spazzatura. Sono cos\u00ec stato informato che d&#8217;ora in poi sar\u00e0 cos\u00ec per le abitazioni che danno su stradine secondarie come nel caso di Saret. Mi \u00e8 anche stato detto che volendo sar\u00e0 possibile portare il bidone sulla strada regionale, cosa non facile in caso di maltempo o peggio nevicate. Gi\u00e0 la montagna si spopola, gi\u00e0 offre il nulla pi\u00f9 assoluto a parte una bella vista, ed ora enti ed\u00a0 amministrazioni mettono le famiglie in ulteriore difficolt\u00e0. Speriamo di trovare l&#8217;occasione giusta per andarcene&#8221;.<\/em><\/div>\n<div dir=\"auto\" role=\"none\"><strong>Lettera firmata<\/strong><\/div>\n<\/div>\n<\/div>\n<\/div>\n<\/div>\n<\/div>\n<\/div>\n<\/div>\n<\/div>\n<\/div>\n<\/div>\n<div class=\"__fb-light-mode l9j0dhe7\" role=\"row\">\n<div class=\"\">\n<div class=\"j83agx80 cbu4d94t l9j0dhe7\" tabindex=\"0\" role=\"gridcell\" data-scope=\"messages_table\" data-release-focus-from=\"CLICK\">\n<div class=\"j83agx80\" role=\"none\">\n<div class=\"j83agx80 buofh1pr g5gj957u hpfvmrgz\" role=\"none\" data-testid=\"message-container\">\n<div class=\"ns4p8fja j83agx80 cbu4d94t a6sixzi8 bkfpd7mw nred35xi a1xu1aao\" role=\"none\">\n<div class=\"j83agx80 k4urcfbm\" role=\"none\">\n<div class=\"ll8tlv6m j83agx80 cbu4d94t d2edcug0 l9j0dhe7\">\n<div class=\"j83agx80 k4urcfbm\" role=\"none\">\n<div class=\"ns4p8fja j83agx80 cbu4d94t a6sixzi8 bkfpd7mw d2edcug0 buofh1pr nred35xi\" role=\"none\">\n<div class=\"buofh1pr rj1gh0hx\" role=\"none\"><\/div>\n<\/div>\n<\/div>\n<\/div>\n<\/div>\n<\/div>\n<\/div>\n<\/div>\n<\/div>\n<\/div>\n<\/div>\n<p>&nbsp;<\/p>\n<hr \/>\n<p>&nbsp;<\/p>\n<blockquote>\n<h3>UN&#8217;AULA DEL SENATO INTITOLATA A PAOLO SAVIANE<\/h3>\n<\/blockquote>\n<p><strong>ROMA <\/strong>\u201c<em>Un atto doveroso per una persona importante<\/em>&#8220;. Con queste parole l&#8217;onorevole Angela Colmellere, deputato della Lega, annuncia la dedica al compianto senatore bellunese Paolo Saviane della sala riunioni del Carroccio presso il Senato della Repubblica e, in particolare, nel Palazzo dei Beni Spagnoli. &#8220;<em>Credo che quella targa affissa alla porta della sala sia il giusto riconoscimento per una persona che amava tanto il suo territorio e che ha sempre interpretato il ruolo di senatore come un servizio per la cittadinanza e in particolare per i residenti della montagn<\/em>a&#8221;, continua l&#8217;onorevole. &#8220;<em>Paolo, mancato esattamente 10 mesi fa, era una persona determinata e allo stesso tempo mai sopra le righe. Un amico, un amministratore che ha saputo farsi apprezzare oltre che dal suo territorio anche dai colleghi parlamentari che hanno giustamente voluto rendere onore alla sua figura<\/em>&#8220;. &#8220;<em>\u00c8 con estremo piacere che voglio portare a conoscenza dei cittadini il fatto che Paolo continua a vivere ancora tra le mura del parlamento<\/em>&#8220;, conclude l&#8217;on. Colmellere.<\/p>\n\n\t\t\t<style type='text\/css'>\n\t\t\t\t#gallery-3 {\n\t\t\t\t\tmargin: auto;\n\t\t\t\t}\n\t\t\t\t#gallery-3 .gallery-item {\n\t\t\t\t\tfloat: left;\n\t\t\t\t\tmargin-top: 10px;\n\t\t\t\t\ttext-align: center;\n\t\t\t\t\twidth: 25%;\n\t\t\t\t}\n\t\t\t\t#gallery-3 img {\n\t\t\t\t\tborder: 2px solid #cfcfcf;\n\t\t\t\t}\n\t\t\t\t#gallery-3 .gallery-caption {\n\t\t\t\t\tmargin-left: 0;\n\t\t\t\t}\n\t\t\t\t\/* see gallery_shortcode() in wp-includes\/media.php *\/\n\t\t\t<\/style>\n\t\t<div id='gallery-3' class='dt-gallery-container gallery galleryid-283211 gallery-columns-4 gallery-size-thumbnail'><dl class='gallery-item'>\n\t\t\t\t<dt class='gallery-icon landscape'>\n\t\t\t\t\t<a class=\"rollover rollover-zoom dt-pswp-item\" title=\"Sala Saviane (1)\" data-dt-img-description=\"\" data-large_image_width=\"1024\" data-large_image_height=\"576\"href='https:\/\/www.radiopiu.net\/wordpress\/wp-content\/uploads\/2022\/06\/Sala-Saviane-1.jpeg'><img loading=\"lazy\" decoding=\"async\" width=\"150\" height=\"150\" src=\"https:\/\/www.radiopiu.net\/wordpress\/wp-content\/uploads\/2022\/06\/Sala-Saviane-1-150x150.jpeg\" class=\"attachment-thumbnail size-thumbnail\" alt=\"\" \/><\/a>\n\t\t\t\t<\/dt><\/dl><dl class='gallery-item'>\n\t\t\t\t<dt class='gallery-icon landscape'>\n\t\t\t\t\t<a class=\"rollover rollover-zoom dt-pswp-item\" title=\"Sala Saviane (2)\" data-dt-img-description=\"\" data-large_image_width=\"1024\" data-large_image_height=\"576\"href='https:\/\/www.radiopiu.net\/wordpress\/wp-content\/uploads\/2022\/06\/Sala-Saviane-2.jpeg'><img loading=\"lazy\" decoding=\"async\" width=\"150\" height=\"150\" src=\"https:\/\/www.radiopiu.net\/wordpress\/wp-content\/uploads\/2022\/06\/Sala-Saviane-2-150x150.jpeg\" class=\"attachment-thumbnail size-thumbnail\" alt=\"\" \/><\/a>\n\t\t\t\t<\/dt><\/dl><dl class='gallery-item'>\n\t\t\t\t<dt class='gallery-icon portrait'>\n\t\t\t\t\t<a class=\"rollover rollover-zoom dt-pswp-item\" title=\"Sala Saviane (3)\" data-dt-img-description=\"\" data-large_image_width=\"576\" data-large_image_height=\"1024\"href='https:\/\/www.radiopiu.net\/wordpress\/wp-content\/uploads\/2022\/06\/Sala-Saviane-3.jpeg'><img loading=\"lazy\" decoding=\"async\" width=\"150\" height=\"150\" src=\"https:\/\/www.radiopiu.net\/wordpress\/wp-content\/uploads\/2022\/06\/Sala-Saviane-3-150x150.jpeg\" class=\"attachment-thumbnail size-thumbnail\" alt=\"\" \/><\/a>\n\t\t\t\t<\/dt><\/dl><dl class='gallery-item'>\n\t\t\t\t<dt class='gallery-icon portrait'>\n\t\t\t\t\t<a class=\"rollover rollover-zoom dt-pswp-item\" title=\"Sala Saviane (4)\" data-dt-img-description=\"\" data-large_image_width=\"576\" data-large_image_height=\"1024\"href='https:\/\/www.radiopiu.net\/wordpress\/wp-content\/uploads\/2022\/06\/Sala-Saviane-4.jpeg'><img loading=\"lazy\" decoding=\"async\" width=\"150\" height=\"150\" src=\"https:\/\/www.radiopiu.net\/wordpress\/wp-content\/uploads\/2022\/06\/Sala-Saviane-4-150x150.jpeg\" class=\"attachment-thumbnail size-thumbnail\" alt=\"\" \/><\/a>\n\t\t\t\t<\/dt><\/dl><br style=\"clear: both\" \/>\n\t\t\t<\/div>\n\n<p>&nbsp;<\/p>\n<hr \/>\n<p>&nbsp;<\/p>\n<blockquote>\n<h3>UN PIANO CONTRO LO SPOPOLAMENTO. LA RICETTA DEL SINDACO LORENZINI<\/h3>\n<\/blockquote>\n<p><img loading=\"lazy\" decoding=\"async\" class=\"alignleft\" src=\"https:\/\/www.radiopiu.net\/wordpress\/wp-content\/uploads\/2022\/06\/a3ac0d45-56c0-4773-ac2a-c354db9adba3.jpg\" width=\"136\" height=\"181\" \/><\/p>\n<p><strong>SELVA DI CADORE\u00a0<\/strong><\/p>\n<p><strong>DI GIANNI SANTOMASO<\/strong><\/p>\n<audio class=\"wp-audio-shortcode\" id=\"audio-283211-3\" preload=\"none\" style=\"width: 100%;\" controls=\"controls\"><source type=\"audio\/mpeg\" src=\"https:\/\/www.radiopiu.net\/wordpress\/wp-content\/uploads\/2022\/06\/gianni-selva.mp3?_=3\" \/><a href=\"https:\/\/www.radiopiu.net\/wordpress\/wp-content\/uploads\/2022\/06\/gianni-selva.mp3\">https:\/\/www.radiopiu.net\/wordpress\/wp-content\/uploads\/2022\/06\/gianni-selva.mp3<\/a><\/audio>\n<p>&nbsp;<\/p>\n<p>&nbsp;<\/p>\n<hr \/>\n<p>&nbsp;<\/p>\n<blockquote>\n<h3>UNO SPORTELLO DOLOMITIBUS IN LUXOTTICA? L&#8217;AZIENDA NON HA ANCORA DATO RISPOSTA<\/h3>\n<\/blockquote>\n<p><strong><img loading=\"lazy\" decoding=\"async\" class=\"alignleft\" src=\"https:\/\/www.radiopiu.net\/wordpress\/wp-content\/uploads\/2022\/04\/f966c732-a2c1-47f7-936d-4ebdec67a598.jpg\" width=\"268\" height=\"151\" \/>AGORDO<\/strong> La Commissione trasporti della Rsu Luxottica ha incontrato la direzione della Dolomitibus. Diversi gli argomenti trattati ad iniziare dalla volont\u00e0 di voler creare un sportello Dolomitibus in azienda. Ci stanno lavorando uomini e donne della commissione trasporti della Rsu, la Dolomitibus \u00e8 favorevole, ma Luxottica nicchia ed al momento non si \u00e8 ancora espressa. Circa l&#8217;aggiornamento macchine per il periodo estivo non verranno pi\u00f9 utilizzati mezzi con problemi di climatizzazione, in valutazione l&#8217;introduzione di mezzi elettrici (dal prossimo anno). La Rsu ha confermato che da alcune verifiche le corriere alle 17\u00a0 di posti a sufficienza ne hanno, a condizione che le persone si distribuiscano equamente senza affollare il primo mezzo in partenza. Tra le novit\u00e0 il nuovo parcheggio aperto a met\u00e0 giugno vicino al Zumbrillenbar, 100 posti in pi\u00f9 mentre il cantiere si \u00e8 spostato poco lontano per continuare i lavori, Luxottica non ha ancora comunicato le tempistiche di esecuzione. <em>&#8220;Ci auguriamo &#8211; dice la Rsu &#8211; che i lavori sull&#8217;area parcheggio e autobus e sullo spostamento della strada verso la portineria vengano fatti durante la pausa estiva evitando ulteriori disagi&#8221;<\/em><\/p>\n<blockquote><p>ABBONAMENTI AGOSTO chiesta la riduzione per la chiusura estiva, ottenuto il settimanale dal 22 a fine agosto. RIDUZIONE BIGLIETTO per coloro che utilizzano il servizio espresso (turnisti) ma hanno un abbonamento a giornata, pare che Dolomitibus sia favorevole a non far pagare il biglietto intero, ma il minimo. CORRIERE IN ANTICIPO ci sono state segnalazioni di corse passate molto in anticipo, l&#8217;azienda promette controlli sugli orari SERVIZIO CAPRILE A TURNO si attende la valutazione tecnica che la Dolomitibus deve presentare alla Provincia. ORARIO ESTIVO Chiesto il ripristino della corsa mattutina da Castion, segnalato il problema capitato a coloro che lasciano l&#8217;auto presso il deposito in via Col Da Ren e che vengono lasciati in stazione a Belluno, la Dolomitibus conferma che gli autisti devono portare al deposito tutti coloro che ne avranno la necessit\u00e0. RIPRISTINO SERVIZIO NAVETTA al momento solo per il pomeriggio<\/p><\/blockquote>\n<p>&nbsp;<\/p>\n<p>&nbsp;<\/p>\n<hr \/>\n<p>&nbsp;<\/p>\n<blockquote class=\"wp-embedded-content\" data-secret=\"2VNlJt59g7\"><p><a href=\"https:\/\/www.radiopiu.net\/wordpress\/aggnazionalegiugno24\/\">CORONAVIRUS: AGGIORNAMENTO NAZIONALE 24 GIUGNO 2022<\/a><\/p><\/blockquote>\n<p><iframe loading=\"lazy\" class=\"wp-embedded-content\" sandbox=\"allow-scripts\" security=\"restricted\" style=\"position: absolute; clip: rect(1px, 1px, 1px, 1px);\" title=\"&#8220;CORONAVIRUS: AGGIORNAMENTO NAZIONALE 24 GIUGNO 2022&#8221; &#8212; Radio Pi\u00f9\" src=\"https:\/\/www.radiopiu.net\/wordpress\/aggnazionalegiugno24\/embed\/#?secret=wO6RfTufRj#?secret=2VNlJt59g7\" data-secret=\"2VNlJt59g7\" width=\"600\" height=\"338\" frameborder=\"0\" marginwidth=\"0\" marginheight=\"0\" scrolling=\"no\"><\/iframe><\/p>\n<p>&nbsp;<\/p>\n<p>&nbsp;<\/p>\n<blockquote class=\"wp-embedded-content\" data-secret=\"GjZ2fGQSZi\"><p><a href=\"https:\/\/www.radiopiu.net\/wordpress\/aggazzerogiugno24\/\">RICOVERI IN AUMENTO IN AREA NON CRITICA. 5709 NUOVE POSITIVITA&#8217; E 5 DECESSI IN 24 ORE NEL VENETO<\/a><\/p><\/blockquote>\n<p><iframe loading=\"lazy\" class=\"wp-embedded-content\" sandbox=\"allow-scripts\" security=\"restricted\" style=\"position: absolute; clip: rect(1px, 1px, 1px, 1px);\" title=\"&#8220;RICOVERI IN AUMENTO IN AREA NON CRITICA. 5709 NUOVE POSITIVITA&#8217; E 5 DECESSI IN 24 ORE NEL VENETO&#8221; &#8212; Radio Pi\u00f9\" src=\"https:\/\/www.radiopiu.net\/wordpress\/aggazzerogiugno24\/embed\/#?secret=mdksU5MuBq#?secret=GjZ2fGQSZi\" data-secret=\"GjZ2fGQSZi\" width=\"600\" height=\"338\" frameborder=\"0\" marginwidth=\"0\" marginheight=\"0\" scrolling=\"no\"><\/iframe><\/p>\n<p>&nbsp;<\/p>\n<h2>I GRAFICI DI TIZIANO DE COL<\/h2>\n\n\t\t\t<style type='text\/css'>\n\t\t\t\t#gallery-4 {\n\t\t\t\t\tmargin: auto;\n\t\t\t\t}\n\t\t\t\t#gallery-4 .gallery-item {\n\t\t\t\t\tfloat: left;\n\t\t\t\t\tmargin-top: 10px;\n\t\t\t\t\ttext-align: center;\n\t\t\t\t\twidth: 33%;\n\t\t\t\t}\n\t\t\t\t#gallery-4 img {\n\t\t\t\t\tborder: 2px solid #cfcfcf;\n\t\t\t\t}\n\t\t\t\t#gallery-4 .gallery-caption {\n\t\t\t\t\tmargin-left: 0;\n\t\t\t\t}\n\t\t\t\t\/* see gallery_shortcode() in wp-includes\/media.php *\/\n\t\t\t<\/style>\n\t\t<div id='gallery-4' class='dt-gallery-container gallery galleryid-283211 gallery-columns-3 gallery-size-thumbnail'><dl class='gallery-item'>\n\t\t\t\t<dt class='gallery-icon landscape'>\n\t\t\t\t\t<a class=\"rollover rollover-zoom dt-pswp-item\" title=\"fd433b02-4599-4e7a-a5e9-298f8bef1ebb\" data-dt-img-description=\"\" data-large_image_width=\"587\" data-large_image_height=\"361\"href='https:\/\/www.radiopiu.net\/wordpress\/wp-content\/uploads\/2022\/06\/fd433b02-4599-4e7a-a5e9-298f8bef1ebb.jpg'><img loading=\"lazy\" decoding=\"async\" width=\"150\" height=\"150\" src=\"https:\/\/www.radiopiu.net\/wordpress\/wp-content\/uploads\/2022\/06\/fd433b02-4599-4e7a-a5e9-298f8bef1ebb-150x150.jpg\" class=\"attachment-thumbnail size-thumbnail\" alt=\"\" \/><\/a>\n\t\t\t\t<\/dt><\/dl><dl class='gallery-item'>\n\t\t\t\t<dt class='gallery-icon landscape'>\n\t\t\t\t\t<a class=\"rollover rollover-zoom dt-pswp-item\" title=\"fb8c0efd-4bd3-475f-aa33-69cf198172d8\" data-dt-img-description=\"\" data-large_image_width=\"585\" data-large_image_height=\"364\"href='https:\/\/www.radiopiu.net\/wordpress\/wp-content\/uploads\/2022\/06\/fb8c0efd-4bd3-475f-aa33-69cf198172d8.jpg'><img loading=\"lazy\" decoding=\"async\" width=\"150\" height=\"150\" src=\"https:\/\/www.radiopiu.net\/wordpress\/wp-content\/uploads\/2022\/06\/fb8c0efd-4bd3-475f-aa33-69cf198172d8-150x150.jpg\" class=\"attachment-thumbnail size-thumbnail\" alt=\"\" \/><\/a>\n\t\t\t\t<\/dt><\/dl><dl class='gallery-item'>\n\t\t\t\t<dt class='gallery-icon landscape'>\n\t\t\t\t\t<a class=\"rollover rollover-zoom dt-pswp-item\" title=\"eba06af3-b05b-4476-92b3-80ae1bd4eb0f\" data-dt-img-description=\"\" data-large_image_width=\"600\" data-large_image_height=\"379\"href='https:\/\/www.radiopiu.net\/wordpress\/wp-content\/uploads\/2022\/06\/eba06af3-b05b-4476-92b3-80ae1bd4eb0f.jpg'><img loading=\"lazy\" decoding=\"async\" width=\"150\" height=\"150\" src=\"https:\/\/www.radiopiu.net\/wordpress\/wp-content\/uploads\/2022\/06\/eba06af3-b05b-4476-92b3-80ae1bd4eb0f-150x150.jpg\" class=\"attachment-thumbnail size-thumbnail\" alt=\"\" \/><\/a>\n\t\t\t\t<\/dt><\/dl><br style=\"clear: both\" \/><dl class='gallery-item'>\n\t\t\t\t<dt class='gallery-icon landscape'>\n\t\t\t\t\t<a class=\"rollover rollover-zoom dt-pswp-item\" title=\"0629f3e5-95d2-468e-96dd-47a67f0d91b2\" data-dt-img-description=\"\" data-large_image_width=\"602\" data-large_image_height=\"355\"href='https:\/\/www.radiopiu.net\/wordpress\/wp-content\/uploads\/2022\/06\/0629f3e5-95d2-468e-96dd-47a67f0d91b2.jpg'><img loading=\"lazy\" decoding=\"async\" width=\"150\" height=\"150\" src=\"https:\/\/www.radiopiu.net\/wordpress\/wp-content\/uploads\/2022\/06\/0629f3e5-95d2-468e-96dd-47a67f0d91b2-150x150.jpg\" class=\"attachment-thumbnail size-thumbnail\" alt=\"\" \/><\/a>\n\t\t\t\t<\/dt><\/dl><dl class='gallery-item'>\n\t\t\t\t<dt class='gallery-icon landscape'>\n\t\t\t\t\t<a class=\"rollover rollover-zoom dt-pswp-item\" title=\"3b3b1fc5-1c96-4101-8fef-3f8d0dcb04f9\" data-dt-img-description=\"\" data-large_image_width=\"614\" data-large_image_height=\"362\"href='https:\/\/www.radiopiu.net\/wordpress\/wp-content\/uploads\/2022\/06\/3b3b1fc5-1c96-4101-8fef-3f8d0dcb04f9.jpg'><img loading=\"lazy\" decoding=\"async\" width=\"150\" height=\"150\" src=\"https:\/\/www.radiopiu.net\/wordpress\/wp-content\/uploads\/2022\/06\/3b3b1fc5-1c96-4101-8fef-3f8d0dcb04f9-150x150.jpg\" class=\"attachment-thumbnail size-thumbnail\" alt=\"\" \/><\/a>\n\t\t\t\t<\/dt><\/dl><dl class='gallery-item'>\n\t\t\t\t<dt class='gallery-icon landscape'>\n\t\t\t\t\t<a class=\"rollover rollover-zoom dt-pswp-item\" title=\"c2bc4cb1-909c-4835-b1a5-4d10e127ecc8\" data-dt-img-description=\"\" data-large_image_width=\"606\" data-large_image_height=\"356\"href='https:\/\/www.radiopiu.net\/wordpress\/wp-content\/uploads\/2022\/06\/c2bc4cb1-909c-4835-b1a5-4d10e127ecc8.jpg'><img loading=\"lazy\" decoding=\"async\" width=\"150\" height=\"150\" src=\"https:\/\/www.radiopiu.net\/wordpress\/wp-content\/uploads\/2022\/06\/c2bc4cb1-909c-4835-b1a5-4d10e127ecc8-150x150.jpg\" class=\"attachment-thumbnail size-thumbnail\" alt=\"\" \/><\/a>\n\t\t\t\t<\/dt><\/dl><br style=\"clear: both\" \/>\n\t\t\t<\/div>\n\n<p>&nbsp;<\/p>\n<p>&nbsp;<\/p>\n<p>&nbsp;<\/p>\n<p>&nbsp;<\/p>\n<hr \/>\n<p>&nbsp;<\/p>\n<blockquote>\n<h3>DALL&#8217;AFGHANISTAN ALLA LIBERTA&#8217; SULLE DUE RUOTE<\/h3>\n<\/blockquote>\n<p><strong>FELTRE<\/strong> C\u2019erano anche 6 ragazze afgane alla \u00abSportful Dolomiti Race\u00bb. Le ha portate Alessandra Cappellotto nell\u2019ambito del suo progetto \u00abRoad to Equality\u00bb che promuove la libert\u00e0 della figura femminile attraverso il ciclismo nei Paesi sottosviluppati o in via di sviluppo. Domenica scorsa, 19 giugno, anche Alessandra Cappellotto, ex ciclista e campionessa del mondo su strada nel 1997, ha partecipato alla gara. Cappellotto che nel 2017 ha creato il \u00abCpa women\u00bb (sezione femminile del Cyclistes professionnels associ\u00e9s) e nel 2021 ha fondato l\u2019associazione \u00abRoad to Equality\u00bb, che si rif\u00e0 all\u2019obiettivo 5 dell\u2019Agenda Onu 2030 per l\u2019uguaglianza di genere (quest\u2019anno ha anche ricevuto il premio \u00abSport e diritti umani\u00bb di \u00abAmnesty International\u00bb e \u00abSport4Society\u00bb).<\/p>\n<p><img loading=\"lazy\" decoding=\"async\" class=\"\" src=\"https:\/\/www.radiopiu.net\/wordpress\/wp-content\/uploads\/2022\/06\/cf6318ef-2cb7-45ba-b2dc-1d40c21f0468-1.jpg\" width=\"271\" height=\"181\" \/><\/p>\n<p>&nbsp;<\/p>\n<p>&nbsp;<\/p>\n<hr \/>\n<p>&nbsp;<\/p>\n<blockquote>\n<h3>IL 248\u00b0 ANNIVERSARIO DELLA GUARDIA DI FINANZA E IL BILANCIO OPERATIVO DEL 2021<\/h3>\n<\/blockquote>\n<p><strong><a class=\"dt-pswp-item\" href=\"https:\/\/www.radiopiu.net\/wordpress\/wp-content\/uploads\/2021\/07\/2eb8f214-39a6-4e15-bd1e-539b9100c08b.jpg\" data-dt-img-description=\"\" data-large_image_width=\"1080\" data-large_image_height=\"719\"><img loading=\"lazy\" decoding=\"async\" class=\"size-thumbnail wp-image-222506 alignleft\" src=\"https:\/\/www.radiopiu.net\/wordpress\/wp-content\/uploads\/2021\/07\/2eb8f214-39a6-4e15-bd1e-539b9100c08b-150x150.jpg\" alt=\"\" width=\"150\" height=\"150\" \/><\/a>BELLUNO <\/strong>Nella mattinata di ieri, presso l\u2019Archivio di Stato di via S.M. dei Battuti di Belluno, \u00e8 stato celebrato il 248\u00b0 Anniversario della Fondazione del Corpo della Guardia di Finanza. Alla cerimonia, avvenuta alla presenza del Comandante Provinciale il Col. Dario Guarino, hanno preso parte il Prefetto di Belluno il Dott. Mariano Savastano, il Questore Dott. Giuseppe Maggese, il Comandante Provinciale dei Carabinieri Col. Francesco Rastelli e tutti i Comandanti dei dipendenti Reparti territoriali dislocati nell\u2019intera provincia di Belluno, impreziosendone in tal modo l\u2019intensit\u00e0 ed il significato. La ricorrenza dell\u2019Anniversario di Fondazione rappresenta l\u2019occasione per tracciare il bilancio dell\u2019attivit\u00e0 svolta dalle Fiamme Gialle bellunesi sul territorio.\u00a0 \u00a0La pregnante azione di servizio si \u00e8 sviluppata attraverso la realizzazione di 50 Piani Operativi, diretti all\u2019aggressione delle pi\u00f9 dannose e pericolose manifestazioni di illegalit\u00e0 economico-finanziaria.<\/p>\n<p><strong>CONTRASTO DELLE FRODI SUI CREDITI D\u2019IMPOSTA E DELL\u2019EVASIONE FISCALE<\/strong><\/p>\n<p>L\u2019attivit\u00e0 operativa nel settore del contrasto all\u2019evasione si \u00e8 concretizzata nell\u2019esecuzione di 211 interventi ispettivi e 64 indagini delegate dalla magistratura ordinaria e contabile per contrastare gli illeciti economico finanziari e le infiltrazioni della criminalit\u00e0 nell\u2019economia. Sono stati individuati 8 evasori totali e denunciati all\u2019Autorit\u00e0 Giudiziaria 6 persone per Reati Fiscali. Sono stati sequestrate disponibilit\u00e0 finanziarie e beni immobili per un valore complessivo di 150.000 euro. Scoperti, inoltre 9 casi di evasione fiscale internazionale, principalmente riconducibili a residenze fiscali fittizie e illecita detenzione di capitali oltre confine. Sono stati individuati 39 lavoratori \u201cin nero\u201d o \u201cirregolari\u201d, con la responsabilit\u00e0 di 3 datori di lavoro.<\/p>\n<p><strong>TUTELA DELLA SPESA PUBBLICA<\/strong><\/p>\n<p>Sono stati effettuati 119 controlli volti a verificare la sussistenza dei requisiti di legge previsti per l\u2019erogazione di prestazioni sociali agevolate, dei quali 67 controlli riguardanti i contributi a fondo perduto, recuperando importi indebitamente percepiti per 56.000 euro. I controlli sul reddito di cittadinanza, svolti in collaborazione con l\u2019INPS, hanno riguardato, in maniera selettiva, soggetti connotati da concreti elementi di rischio. Nel complesso, sono stati scoperti illeciti per 223.143,00 euro, di cui 159.292,00 indebitamente percepiti e 63.851,00 fraudolentemente richiesti e non ancora riscossi \u2013 e sono state denunciate 34 persone. Inoltre sono stati accertati danni erariali per 876.000,00 euro che hanno portato alla segnalazione all\u2019A.G. competente di 10 soggetti. Con la Provincia di Belluno ed i Comuni di Belluno, Feltre, Cortina d\u2019Ampezzo, Agordo e Auronzo di Cadore il Comando Provinciale ha siglato dei Protocolli d\u2019intesa al fine di garantire un adeguato presidio di legalit\u00e0 a tutela delle risorse del P.N.R.R. &#8211; Piano Nazionale di Ripresa e Resilienza<\/p>\n<p><strong>CONTRASTO ALLA CRIMINALITA\u2019 ORGANIZZATA ED ECONOMICO-FINANZIARIA<\/strong><\/p>\n<p>Sono state approfondite 73 segnalazioni di operazioni finanziarie sospette. Sono stati sequestrati 36.600 kg di pellet e 69 capi di abbigliamento contraffatti denunciando 2 persone, oltre 7.000 (7260) prodotti non conformi alla disciplina sulla tutela del \u201cmade in Italy\u201d o sulla sicurezza prodotti (per un valore complessivo di circa 50.000 euro) nei settori abbigliamento e accessori, calzature, prodotti di pasticceria, giocattoli e cosmetici sanzionando amministrativamente 8 persone. Sono stati sanzionati 12 distributori stradali per l\u2019omessa comunicazione dei prezzi praticati e la pubblicit\u00e0 degli stessi, comminando sanzioni per 8.000 euro. Sono 9 gli interventi effettuati presso sale giochi e centri di scommesse al fine di verificare il corretto adempimento di quanto previsto dal T.U.L.P.S. e norme collegate.<\/p>\n<p><strong><a class=\"dt-pswp-item\" href=\"https:\/\/www.radiopiu.net\/wordpress\/wp-content\/uploads\/2022\/04\/GUARDIA-FINANZA-SCI.jpg\" data-dt-img-description=\"\" data-large_image_width=\"768\" data-large_image_height=\"576\"><img loading=\"lazy\" decoding=\"async\" class=\"size-thumbnail wp-image-270373 alignright\" src=\"https:\/\/www.radiopiu.net\/wordpress\/wp-content\/uploads\/2022\/04\/GUARDIA-FINANZA-SCI-150x150.jpg\" alt=\"\" width=\"150\" height=\"150\" \/><\/a>OPERAZIONI DI SOCCORSO E CONCORSO NEI SERVIZI DI ORDINE E SICUREZZA PUBBLICA<\/strong><\/p>\n<p>Le Stazioni di Soccorso Alpino della Guardia di Finanza (S.A.G.F.) di Auronzo di Cadore e di Cortina d\u2019Ampezzo, quale componente specialistica del Corpo da sempre impegnate nella salvaguardia della vita umana in ambiente montano, durante le passate stagioni invernale ed estiva hanno effettuato 211 interventi in tutto l\u2019arco dolomitico bellunese, prestando soccorso &#8211; in costante collaborazione con il C.N.S.A.S.-S.A.S.V. &#8211; ad un totale di 226 persone. In particolare nel mese di febbraio due militari della Stazione S.A.G.F. di Cortina d\u2019Ampezzo, durante il servizio di vigilanza e soccorso piste, utilizzando il defibrillatore ed effettuando il massaggio cardiaco con dovuta perizia su un uomo colpito da arresto cardio circolatorio, hanno contribuito a salvare la vita del malcapitato. Sono stati condotti 828 interventi nell\u2019ambito del controllo economico del territorio. In tema di concorso nei servizi di ordine e sicurezza pubblica, nell\u2019ambito di una proficua collaborazione con le altre Forze dell\u2019Ordine presenti sul territorio e sotto il coordinamento della locale Prefettura &#8211; Ufficio Territoriale di Governo, le Fiamme Gialle bellunesi hanno fornito un prezioso contributo nella vigilanza e nella verifica del corretto adempimento delle misure di contenimento dell\u2019emergenza sanitaria, svolgendo oltre 9800 controlli, larga parte dei quali eseguiti nei confronti di esercizi commerciali, al cui esito sono stati sanzionati 26 soggetti, attestando una presenza quotidiana sul territorio a tutela della salute pubblica ed a presidio della libera concorrenza e del mercato in epoca emergenziale.<\/p>\n<p>&nbsp;<\/p>\n<hr \/>\n<p>&nbsp;<\/p>\n<blockquote>\n<h3>LA NUOVA GIUNTA A BELLUNO, GIDONI &#8220;PER BELLUNO UNA NUOVA FASE&#8221;<\/h3>\n<p><em>Sono due gli assessori che il partito porta in dote alla nuova amministrazione: Lorenza De Kunovich per <a class=\"dt-pswp-item\" href=\"https:\/\/www.radiopiu.net\/wordpress\/wp-content\/uploads\/2019\/10\/1435664134094_Gidoni_Franco.jpg\" data-dt-img-description=\"\" data-large_image_width=\"254\" data-large_image_height=\"350\"><img loading=\"lazy\" decoding=\"async\" class=\"size-thumbnail wp-image-101299 alignleft\" src=\"https:\/\/www.radiopiu.net\/wordpress\/wp-content\/uploads\/2019\/10\/1435664134094_Gidoni_Franco-150x150.jpg\" alt=\"\" width=\"150\" height=\"150\" \/><\/a>manutenzione dei parchi cittadini, ambiente, agricoltura, Protezione civile e aree cimiteriali e Paolo Luciani, gi\u00e0 segretario cittadino del partito, per turismo ed eventi.<\/em><\/p><\/blockquote>\n<p><strong>AUDIO, FRANCO GIDONI<\/strong><\/p>\n<audio class=\"wp-audio-shortcode\" id=\"audio-283211-4\" preload=\"none\" style=\"width: 100%;\" controls=\"controls\"><source type=\"audio\/mpeg\" src=\"https:\/\/www.radiopiu.net\/wordpress\/wp-content\/uploads\/2022\/06\/gidoni.mp3?_=4\" \/><a href=\"https:\/\/www.radiopiu.net\/wordpress\/wp-content\/uploads\/2022\/06\/gidoni.mp3\">https:\/\/www.radiopiu.net\/wordpress\/wp-content\/uploads\/2022\/06\/gidoni.mp3<\/a><\/audio>\n<p>&nbsp;<\/p>\n<h1><span style=\"color: #ff0000;\"><strong>IERI ALLA RADIO\u00a0<\/strong><\/span><\/h1>\n<blockquote class=\"wp-embedded-content\" data-secret=\"eJjTnvilri\"><p><a href=\"https:\/\/www.radiopiu.net\/wordpress\/ecco-la-nuova-giunta-il-sindaco-oscar-de-pellegrin-ha-distribuito-gli-incarichi\/\">ECCO LA NUOVA GIUNTA, IL SINDACO OSCAR DE PELLEGRIN HA DISTRIBUITO GLI INCARICHI<\/a><\/p><\/blockquote>\n<p><iframe loading=\"lazy\" class=\"wp-embedded-content\" sandbox=\"allow-scripts\" security=\"restricted\" style=\"position: absolute; clip: rect(1px, 1px, 1px, 1px);\" title=\"&#8220;ECCO LA NUOVA GIUNTA, IL SINDACO OSCAR DE PELLEGRIN HA DISTRIBUITO GLI INCARICHI&#8221; &#8212; Radio Pi\u00f9\" src=\"https:\/\/www.radiopiu.net\/wordpress\/ecco-la-nuova-giunta-il-sindaco-oscar-de-pellegrin-ha-distribuito-gli-incarichi\/embed\/#?secret=ntBJCOuP2l#?secret=eJjTnvilri\" data-secret=\"eJjTnvilri\" width=\"600\" height=\"338\" frameborder=\"0\" marginwidth=\"0\" marginheight=\"0\" scrolling=\"no\"><\/iframe><\/p>\n<p>&nbsp;<\/p>\n<p>&nbsp;<\/p>\n<hr \/>\n<p>&nbsp;<\/p>\n<blockquote>\n<h3>LA CICLABILE SOVERZENE &#8211; SOCCHER VERRA&#8217; INAUGURATA IL 2 LUGLIO<\/h3>\n<\/blockquote>\n<p><strong><a class=\"dt-pswp-item\" href=\"https:\/\/www.radiopiu.net\/wordpress\/wp-content\/uploads\/2022\/06\/Ciclabile_Soverzene_Soccher.jpg\" data-dt-img-description=\"\" data-large_image_width=\"1221\" data-large_image_height=\"722\"><img loading=\"lazy\" decoding=\"async\" class=\"size-thumbnail wp-image-283262 alignleft\" src=\"https:\/\/www.radiopiu.net\/wordpress\/wp-content\/uploads\/2022\/06\/Ciclabile_Soverzene_Soccher-150x150.jpg\" alt=\"\" width=\"150\" height=\"150\" \/><\/a>PONTE NELLE ALPI<\/strong> Soverzene e Ponte nelle Alpi scelgono il 2 luglio come data per l\u2019inaugurazione ufficiale della rinnovata ciclabile Soverzene-Soccher. E i paesi si stanno preparando all\u2019avvenimento con abbellimenti e un\u2019adeguata accoglienza per i biker.<span class=\"gmail-Apple-converted-space\">\u00a0<\/span>Entrando nel dettaglio del programma inaugurale, l\u2019appuntamento \u00e8 a Soverzene, alle 10.30, in piazza del municipio, mentre l\u2019arrivo \u00e8 previsto a Soccher, alle 11, in piazza dell\u2019Esempon, dove le volontarie e i volontari accoglieranno i partecipanti con una festa e l\u2019assaggio di prodotti tipici locali. Alla manifestazione hanno gi\u00e0 aderito numerosi gruppi di appassionati, tra cui i componenti della Fiab Belluno.<span class=\"gmail-Apple-converted-space\">\u00a0<\/span><\/p>\n<p>&nbsp;<\/p>\n<p>&nbsp;<\/p>\n<hr \/>\n<p>&nbsp;<\/p>\n<blockquote>\n<h3>APERTO UN BANDO PER LE PERSONE CON DISABILITA\u2019<\/h3>\n<\/blockquote>\n<p><strong><a class=\"dt-pswp-item\" href=\"https:\/\/www.radiopiu.net\/wordpress\/wp-content\/uploads\/2019\/01\/anziani.jpg\" data-dt-img-description=\"\" data-large_image_width=\"1280\" data-large_image_height=\"868\"><img loading=\"lazy\" decoding=\"async\" class=\"size-thumbnail wp-image-71084 alignleft\" src=\"https:\/\/www.radiopiu.net\/wordpress\/wp-content\/uploads\/2019\/01\/anziani-150x150.jpg\" alt=\"\" width=\"150\" height=\"150\" \/><\/a>BELLUNO<\/strong> Nell\u2019ambito del Progetto Vita Indipendente, sono stati pubblicati due bandi per il rimborso delle spese sostenute nell\u2019ambito dell\u2019assistenza personale, dell\u2019abitare in autonomia e degli interventi per l\u2019inclusione sociale e relazionale. Attraverso questo contributo si vuole sostenere coloro che vogliono organizzare in autonomia il proprio progetto per la vita indipendente, finalizzato alla conduzione di una normale vita personale e familiare, al potenziamento delle relazioni sociali e al miglioramento della qualit\u00e0 di vita. I destinatari del bando sono persone che vivono nel territorio dell\u2019Ulss Dolomiti &#8211;\u00a0 distretto di Belluno e Feltre che presentino disabilit\u00e0 intellettiva, motoria e\/o sensoriale, di et\u00e0 compresa tra i 18 e i 64 anni. Sul sito <a href=\"http:\/\/www.aulss1.veneto.it\/\">www.aulss1.veneto.it<\/a> sono disponibili gli avvisi pubblici con tutte le informazioni.<\/p>\n<p>&nbsp;<\/p>\n<p>&nbsp;<\/p>\n<hr \/>\n<p>&nbsp;<\/p>\n<blockquote>\n<h3>ASSISTENZA ANZIANI NON AUTOSUFFICIENTI, ANAP CHIEDE CONCRETEZZA<\/h3>\n<\/blockquote>\n<p><strong><a class=\"dt-pswp-item\" href=\"https:\/\/www.radiopiu.net\/wordpress\/wp-content\/uploads\/2020\/03\/MANI-ANZIANI.jpg\" data-dt-img-description=\"\" data-large_image_width=\"1920\" data-large_image_height=\"1280\"><img loading=\"lazy\" decoding=\"async\" class=\"size-thumbnail wp-image-125005 alignleft\" src=\"https:\/\/www.radiopiu.net\/wordpress\/wp-content\/uploads\/2020\/03\/MANI-ANZIANI-150x150.jpg\" alt=\"\" width=\"150\" height=\"150\" \/><\/a>BELLUNO<\/strong> Entro l\u2019estate, per rispettare i cronoprogrammi del Pnrr, il Governo dovr\u00e0 presentare il disegno di legge delega per la riforma per l\u2019assistenza agli anziani non autosufficienti. Motivo per cui le organizzazioni del \u201cPatto per un nuovo welfare sulla non autosufficienza\u201d &#8211; di cui fa parte anche Anap &#8211; si rivolgono nuovamente al Governo, con una lettera al presidente Draghi e ai ministri Speranza e Orlando chiedendo \u00a0si introduca il \u201cSistema Nazionale Assistenza Anziani\u201d previsto nelle proposte presentate dal Patto. <em>\u00abCi associamo all\u2019appello lanciato da Anap nazionale: questo \u00e8 il momento di agire per costruire un migliore welfare per la tutela della non autosufficienza che ha numeri importanti in Veneto e in particolare a Belluno\u00bb<\/em> afferma Antinesca De Pol, presidente di Anap Belluno, l\u2019associazione dei pensionati di Confartigianato. <em>\u00abChiediamo concretezza al Governo. L\u2019Esecutivo che ha licenziato il Ddl Montagna deve tener conto delle esigenze degli anziani, a maggior ragione di coloro che vivono in zone di montagna\u00bb.<\/em><\/p>\n<p>&nbsp;<\/p>\n<hr \/>\n<p>&nbsp;<\/p>\n<blockquote>\n<h3>PASSAGGIO DI TESTIMONE AL ROTARY CLUB DI BELLUNO<\/h3>\n<\/blockquote>\n<p><strong><a class=\"dt-pswp-item\" href=\"https:\/\/www.radiopiu.net\/wordpress\/wp-content\/uploads\/2022\/06\/zanchetta_pedone.jpg\" data-dt-img-description=\"\" data-large_image_width=\"2048\" data-large_image_height=\"1536\"><img loading=\"lazy\" decoding=\"async\" class=\" wp-image-283329 alignleft\" src=\"https:\/\/www.radiopiu.net\/wordpress\/wp-content\/uploads\/2022\/06\/zanchetta_pedone-150x150.jpg\" alt=\"\" width=\"154\" height=\"154\" \/><\/a>BELLUNO<\/strong>\u00a0 Un colpo di campana e la ruota del Rotary che gira: dopo un anno il Club di Belluno ha nominato Gian Marco Zanchetta nuovo presidente. Il rito del \u201cpassaggio del collare\u201d ha visto l\u2019uscente presidente Patrizia Pedone cedere il prezioso testimone. \u00abDobbiamo progettare il futuro del nostro Club, con una forte unione di intenti\u00bb, le prime parole di Zanchetta.\u00a0 \u00abMi sono messa a disposizione con le mie attitudini, con entusiasmo, con senso di appartenenza &#8211; le parole di Patrizia Pedone, al momento della consegna del collare a Zanchetta &#8211; Ho cercato di fare il possibile e sicuramente avrei potuto fare di pi\u00f9 e meglio, ma sono certa di aver mantenuto fede all\u2019impegno assunto un anno fa davanti a tutti voi. La mia grande fortuna \u00e8 stata avere il sostegno in primis dei Past President Mariachiara Santin, Felice Gaiardo e Angelo Paganin coi quali ho condiviso il servizio in tre annate uniche, particolari e grazie ai quali ho davvero imparato come si fa \u201cIl Presidente\u201d\u00bb.<\/p>\n<p>&nbsp;<\/p>\n<hr \/>\n<p>&nbsp;<\/p>\n<p>&nbsp;<\/p>\n<blockquote>\n<h2>PUNTO TAMPONI STRAORDINARIO A PALUDI<\/h2>\n<\/blockquote>\n<p><strong>BELLUNO <\/strong>L\u2019Ulss Dolomiti attiva per DOMENICA 26 GIUGNO 2022 dalle 8.30 alle 12.30 \u00a0un punto tamponi a Paludi per persone con sintomatologia covid, \u00a0ad ACCESSO LIBERO. Sar\u00e0 presente un medico per un triage all\u2019ingresso e l\u2019eventuale prescrizione. NON \u00e8 quindi necessario chiamare il 118 o la Guardia medica per l\u2019impegnativa. Si invitano le persone a NON rivolgersi al 118 per richieste di prescrizione di tampone<strong>.<\/strong><\/p>\n<p>&nbsp;<\/p>\n<p>&nbsp;<\/p>\n<hr \/>\n<p>&nbsp;<\/p>\n<blockquote>\n<h3>CHIUSURA NOTTURNA DELLA GALLERIA \u2018TERMINE\u2019<\/h3>\n<\/blockquote>\n<p><strong><a class=\"dt-pswp-item\" href=\"https:\/\/www.radiopiu.net\/wordpress\/wp-content\/uploads\/2021\/06\/anas.png\" data-dt-img-description=\"\" data-large_image_width=\"299\" data-large_image_height=\"169\"><img loading=\"lazy\" decoding=\"async\" class=\"alignleft wp-image-213422 \" src=\"https:\/\/www.radiopiu.net\/wordpress\/wp-content\/uploads\/2021\/06\/anas.png\" alt=\"\" width=\"173\" height=\"98\" \/><\/a>VENEZIA <\/strong>Per consentire l\u2019esecuzione dei lavori di manutenzione degli impianti tecnologici della galleria \u2018Termine\u2019 sono previste limitazioni notturne lungo la strada statale 51 \u201cdi Alemagna\u201d a Termine di Cadore (BL). Nella fascia oraria compresa tra le 21:00 e le 5:00 del giorno successivo, sar\u00e0 chiuso al traffico il tratto dal km 53,400 al km 56,400 con deviazione della circolazione sulla NSA 215 (ex strada statale 51). La modifica alla circolazione non sar\u00e0 in vigore nei giorni festivi e prefestivi ed \u00e8 prevista fino a mercoled\u00ec 6 luglio<\/p>\n<p>&nbsp;<\/p>\n<hr \/>\n<p>&nbsp;<\/p>\n<blockquote>\n<h3>ACQUA POTABILE A SAN TOMASO NON A GOSALDO (dal 23 giugno)<\/h3>\n<\/blockquote>\n<p><strong><a class=\"dt-pswp-item\" href=\"https:\/\/www.radiopiu.net\/wordpress\/wp-content\/uploads\/2018\/08\/ACQUA.jpeg\" data-dt-img-description=\"\" data-large_image_width=\"1280\" data-large_image_height=\"768\"><img loading=\"lazy\" decoding=\"async\" class=\"alignleft wp-image-57052 \" src=\"https:\/\/www.radiopiu.net\/wordpress\/wp-content\/uploads\/2018\/08\/ACQUA-300x180.jpeg\" alt=\"\" width=\"153\" height=\"92\" srcset=\"https:\/\/www.radiopiu.net\/wordpress\/wp-content\/uploads\/2018\/08\/ACQUA-300x180.jpeg 300w, https:\/\/www.radiopiu.net\/wordpress\/wp-content\/uploads\/2018\/08\/ACQUA-768x461.jpeg 768w, https:\/\/www.radiopiu.net\/wordpress\/wp-content\/uploads\/2018\/08\/ACQUA-1024x614.jpeg 1024w, https:\/\/www.radiopiu.net\/wordpress\/wp-content\/uploads\/2018\/08\/ACQUA.jpeg 1280w\" sizes=\"auto, (max-width: 153px) 100vw, 153px\" \/><\/a>SAN TOMASO<\/strong> Gestione Servizi Pubblici informa che a SAN TOMASO AGORDINO in localit\u00e0 PIANEZZE l&#8217;acqua e&#8217; di nuovo potabile non a\u00a0 CELAT,CHIEA,TOCOL, FONTANELLE E COL ZARESE<\/p>\n<p><strong>GOSALDO<\/strong> nelle localit\u00e0 DON, LE FESTE, LE CASE, CURTI, INCASAL e TURBAI\u00a0 l&#8217;acqua erogata dall&#8217;acquedotto non \u00e8 potabile e pu\u00f2 essere usata per scopi alimentari SOLO PREVIA bollitura.<\/p>\n<blockquote>\n<h3>INTERRUZIONE PROGRAMMATA DEL SERVIZIO IDRICO A FALCADE<\/h3>\n<\/blockquote>\n<p><strong><a class=\"dt-pswp-item\" href=\"https:\/\/www.radiopiu.net\/wordpress\/wp-content\/uploads\/2021\/06\/th-12.jpg\" data-dt-img-description=\"\" data-large_image_width=\"282\" data-large_image_height=\"188\"><img loading=\"lazy\" decoding=\"async\" class=\" wp-image-216172 alignleft\" src=\"https:\/\/www.radiopiu.net\/wordpress\/wp-content\/uploads\/2021\/06\/th-12-150x150.jpg\" alt=\"\" width=\"61\" height=\"61\" \/><\/a>FALCADE<\/strong> Gestione Servizi Pubblici informa che, per lavori alla rete idrica comunale, marted\u00ec dalle ore 14:00 alle ore 17:00 verr\u00e0 sospesa l\u2019erogazione dell\u2019acqua a FALCADE, nelle Vie A. MURER e MAREDANE e nei CORSI ROMA ed ITALIA. Il personale addetto operer\u00e0 per limitare il pi\u00f9 possibile i disagi alla popolazione.<\/p>\n<p>&nbsp;<\/p>\n<p>&nbsp;<\/p>\n<hr \/>\n<p>&nbsp;<\/p>\n<blockquote>\n<h3>CHIUSURA DELLA STRADA PER MALGA FOCA<\/h3>\n<\/blockquote>\n<p><strong><a class=\"dt-pswp-item\" href=\"https:\/\/www.radiopiu.net\/wordpress\/wp-content\/uploads\/2021\/06\/83a13bb7-efc6-4ad3-9647-9b311c7aa5c4.jpg\" data-dt-img-description=\"\" data-large_image_width=\"1920\" data-large_image_height=\"1080\"><img loading=\"lazy\" decoding=\"async\" class=\"size-thumbnail wp-image-215875 alignleft\" src=\"https:\/\/www.radiopiu.net\/wordpress\/wp-content\/uploads\/2021\/06\/83a13bb7-efc6-4ad3-9647-9b311c7aa5c4-150x150.jpg\" alt=\"\" width=\"150\" height=\"150\" \/><\/a>LA VALLE<\/strong> Il comune di La Valle comunica che la strada per Malga Foca chiuder\u00e0 al transito veicolare e pedonale \u00a0dal 27\/06\/2022 per un periodo piuttosto lungo per esbosco di schianti e trasporto del materiale a valle. La chiusura \u00e8 prevista \u00a0fino al 15\/11\/2022 . La strada interessata \u00e8 denominata Conaggia-Malga Foca-Buscaresem e chiuder\u00e0 il tratto dalla localit\u00e0 La Boa fino al bivio posto poco sotto la Malga Foca dove parte una strada che porta a Folega. Gli orari di chiusura: dal luned\u00ec al venerd\u00ec dalle\u00a0 7 alle 18 e il sabato dalle\u00a0 \u00a07 alle\u00a0 12, il sabato pomeriggio e la domenica \u00e8 aperta. Resta interdetto sempre a partire dal 27\/06\/2022 \u00a0il transito sia veicolare che pedonale della strada che dal bivio posto poco sotto Malga Foca porta verso Folega , i lavori boschivi verranno svolti soprattutto nella zona del Mandriz di Folega e forcella Folega e interesseranno anche il sentiero CAI 545 che attraversa la zona del cantiere boschivo nella localit\u00e0 \u201cMadonna dei Sciar\u201d e forcella Folega.<\/p>\n<p>&nbsp;<\/p>\n<p>&nbsp;<\/p>\n<hr \/>\n<p>&nbsp;<\/p>\n<blockquote>\n<h3>AVOSCAN-CHENET-BASTIANI: LA STRADA CHIUDE NEI GIORNI FERIALI<\/h3>\n<\/blockquote>\n<p><strong><img loading=\"lazy\" decoding=\"async\" class=\"alignleft\" src=\"https:\/\/www.radiopiu.net\/wordpress\/wp-content\/uploads\/2022\/06\/cencenighe.jpg\" width=\"157\" height=\"105\" \/>CENCENIGHE<\/strong> Lavori in corso nelle frazioni, cantieri per la messa in sicurezza della viabilit\u00e0 comunale che obbligano alla chiusura totale al traffico veicolare e pedonale della strada che conduce alle localit\u00e0 Foch, Chenet, Collaz e Bastian. Fino al 5 agosto dal lunedi al venerdi la strada sar\u00e0 chiusa dalle 8 alle 9.45 (riapertura fino alle 10) dalle 10 alle 12 (riapertura fino alle 13). Nel pomeriggio chiusura dalle 13 alle 14.15 (riapertura fino alle 14.30) e dalle 14.30 alle 17.30. Nei giorni festivi e prefestivi strada aperta senza alcuna interruzione.<\/p>\n<p>&nbsp;<\/p>\n<p>&nbsp;<\/p>\n<hr \/>\n<p>&nbsp;<\/p>\n<blockquote>\n<h3>PROROGATA LA CHIUSURA DELLA STRADA TRA CROSTOLIN E LE RONCHE<\/h3>\n<\/blockquote>\n<p><strong>LA VALLE AGORDINA<\/strong>\u00a0 Sul Ponte \u201cDel Felice\u201d tra Crostolin e Le Ronche: chiusura della strada\u00a0 fino al 8 luglio per consentire alla ditta incaricata di effettuare le opere,\u00a0 interdizione totale al transito veicolare e pedonale. La Ditta che sta eseguendo i lavori ha comunicato che serve ancora un periodo di chiusura . Al riguardo \u00e8 stata prorogata fino all&#8217;8 luglio l&#8217;ordinanza che dispone la chiusura della strada.<\/p>\n<p><span dir=\"ltr\" role=\"presentation\"><strong>BELLUNO<\/strong> Divieto di circolazione in via Loreto, fino<\/span><span dir=\"ltr\" role=\"presentation\"> al 27 giugno per manutenzione reti acquedotto e fognatura. Tra i civici 24-28,\u00a0 dalle 8 alle 18; tra i civici 13C e 24 dalle 21 alle 6.<\/span><\/p>\n<p>&nbsp;<\/p>\n<hr \/>\n<blockquote>\n<h3><\/h3>\n<h3>CHIUSA LA SP422 A TAMBRE, SENSO UNICO ALTERNATO A CIBIANA FINO A REVOCA<\/h3>\n<\/blockquote>\n<p><strong><a class=\"dt-pswp-item\" href=\"https:\/\/www.radiopiu.net\/wordpress\/wp-content\/uploads\/2020\/05\/VENETO-STRADE.png\" data-dt-img-description=\"\" data-large_image_width=\"400\" data-large_image_height=\"400\"><img loading=\"lazy\" decoding=\"async\" class=\" wp-image-135574 alignleft\" src=\"https:\/\/www.radiopiu.net\/wordpress\/wp-content\/uploads\/2020\/05\/VENETO-STRADE-150x150.png\" alt=\"\" width=\"66\" height=\"66\" srcset=\"https:\/\/www.radiopiu.net\/wordpress\/wp-content\/uploads\/2020\/05\/VENETO-STRADE-150x150.png 150w, https:\/\/www.radiopiu.net\/wordpress\/wp-content\/uploads\/2020\/05\/VENETO-STRADE-300x300.png 300w, https:\/\/www.radiopiu.net\/wordpress\/wp-content\/uploads\/2020\/05\/VENETO-STRADE.png 400w\" sizes=\"auto, (max-width: 66px) 100vw, 66px\" \/><\/a> <\/strong><\/p>\n<p><strong>SEDICO<\/strong> Veneto Strade comunica che sulla SP 422 DELL&#8217;ALPAGO E CANSIGLIO ci sar\u00e0 un&#8217;interdizione totale al transito <span style=\"color: #000000;\">fino al 29 giugno in comune di Tambre. Sulla SP 347 PASSO CEREDA E DURAN \u00e8 stato istituito il senso unico alternato regolato da semaforo in comune di Cibiana di Cadore <\/span><span style=\"color: #ff0000;\"><span style=\"color: #000000;\">fino a revoca\u00a0per restringimento della carreggiata.<\/span><\/span><\/p>\n<p>&nbsp;<\/p>\n<p>&nbsp;<\/p>\n<p>&nbsp;<\/p>\n<hr \/>\n<p>&nbsp;<\/p>\n<blockquote>\n<h3>BELLUNO CAPITALE DEL TURISMO, VENERDI&#8217; 1 LUGLIO IL CONVEGNO<\/h3>\n<\/blockquote>\n<p><strong><a class=\"dt-pswp-item\" href=\"https:\/\/www.radiopiu.net\/wordpress\/wp-content\/uploads\/2019\/02\/CONFCOMMERCIO.jpg\" data-dt-img-description=\"\" data-large_image_width=\"400\" data-large_image_height=\"400\"><img loading=\"lazy\" decoding=\"async\" class=\"size-thumbnail wp-image-75615 alignleft\" src=\"https:\/\/www.radiopiu.net\/wordpress\/wp-content\/uploads\/2019\/02\/CONFCOMMERCIO-150x150.jpg\" alt=\"\" width=\"150\" height=\"150\" srcset=\"https:\/\/www.radiopiu.net\/wordpress\/wp-content\/uploads\/2019\/02\/CONFCOMMERCIO-150x150.jpg 150w, https:\/\/www.radiopiu.net\/wordpress\/wp-content\/uploads\/2019\/02\/CONFCOMMERCIO-300x300.jpg 300w, https:\/\/www.radiopiu.net\/wordpress\/wp-content\/uploads\/2019\/02\/CONFCOMMERCIO.jpg 400w\" sizes=\"auto, (max-width: 150px) 100vw, 150px\" \/><\/a>BELLUNO<\/strong>\u00a0 L\u2019evento proposto parte dalla considerazione che la montagna e\u0300 un elemento portante della proposta turistica nazionale, caratterizzato pero\u0300 anche da problemi irrisolti, piu\u0300 o meno accentuati area per area: stagionalita\u0300 significativa e crescente, concentrazione dei flussi in aree limitate rispetto al potenziale, costi di esercizio delle attivita\u0300 piu\u0300 elevati della media e rischio di spopolamento. Appuntamento per venerd\u00ec 1 luglio presso la Camera di Commercio in\u00a0 Piazza S. Stefano a Belluno.<\/p>\n<p>&nbsp;<\/p>\n<p>&nbsp;<\/p>\n<hr \/>\n<p>&nbsp;<\/p>\n<blockquote>\n<h3><a class=\"dt-pswp-item\" href=\"https:\/\/www.radiopiu.net\/wordpress\/wp-content\/uploads\/2022\/06\/51fac066-71b1-40bf-832c-82c0caf0d0b1-1-300x169-1.jpg\" data-dt-img-description=\"\" data-large_image_width=\"300\" data-large_image_height=\"169\"><img loading=\"lazy\" decoding=\"async\" class=\" wp-image-283321 alignleft\" src=\"https:\/\/www.radiopiu.net\/wordpress\/wp-content\/uploads\/2022\/06\/51fac066-71b1-40bf-832c-82c0caf0d0b1-1-300x169-1-150x150.jpg\" alt=\"\" width=\"117\" height=\"117\" \/><\/a>PARCHEGGI E VIA POLONI, SE NE PARLA GIOVEDI IN MUNICIPIO<\/h3>\n<\/blockquote>\n<p><strong>AGORDO<\/strong> Giovedi alle 19.15 nel consiglio comunale convocato dal sindaco Roberto Chissal\u00e8 saranno presentati cinque interventi per parcheggi e viabilit\u00e0 nel territorio comunale, nonch\u00e9 l&#8217;allargamento di via Poloni con l&#8217;esame delle controdeduzioni. All&#8217;ordine del giorno anche le variazioni al programma triennale delle opere pubbliche e l&#8217;approvazione della modifica allo statuto dell&#8217;azienda consortile agordina<\/p>\n<p>&nbsp;<\/p>\n<p>&nbsp;<\/p>\n<hr \/>\n<p>&nbsp;<\/p>\n<p>&nbsp;<\/p>\n<blockquote>\n<h3>SALVATERRA E DEON PRONTI A GIURARE DOPO LE ELEZIONI A SINDACO<\/h3>\n<\/blockquote>\n<p><strong>FALCADE\/RIVAMONTE<\/strong><\/p>\n<p>di Gianni Santomaso<\/p>\n<audio class=\"wp-audio-shortcode\" id=\"audio-283211-5\" preload=\"none\" style=\"width: 100%;\" controls=\"controls\"><source type=\"audio\/mpeg\" src=\"https:\/\/www.radiopiu.net\/wordpress\/wp-content\/uploads\/2022\/06\/GIANNI-SINDACI-GIURAMENTO.mp3?_=5\" \/><a href=\"https:\/\/www.radiopiu.net\/wordpress\/wp-content\/uploads\/2022\/06\/GIANNI-SINDACI-GIURAMENTO.mp3\">https:\/\/www.radiopiu.net\/wordpress\/wp-content\/uploads\/2022\/06\/GIANNI-SINDACI-GIURAMENTO.mp3<\/a><\/audio>\n<p>&nbsp;<\/p>\n\n\t\t\t<style type='text\/css'>\n\t\t\t\t#gallery-5 {\n\t\t\t\t\tmargin: auto;\n\t\t\t\t}\n\t\t\t\t#gallery-5 .gallery-item {\n\t\t\t\t\tfloat: left;\n\t\t\t\t\tmargin-top: 10px;\n\t\t\t\t\ttext-align: center;\n\t\t\t\t\twidth: 50%;\n\t\t\t\t}\n\t\t\t\t#gallery-5 img {\n\t\t\t\t\tborder: 2px solid #cfcfcf;\n\t\t\t\t}\n\t\t\t\t#gallery-5 .gallery-caption {\n\t\t\t\t\tmargin-left: 0;\n\t\t\t\t}\n\t\t\t\t\/* see gallery_shortcode() in wp-includes\/media.php *\/\n\t\t\t<\/style>\n\t\t<div id='gallery-5' class='dt-gallery-container gallery galleryid-283211 gallery-columns-2 gallery-size-thumbnail'><dl class='gallery-item'>\n\t\t\t\t<dt class='gallery-icon portrait'>\n\t\t\t\t\t<a class=\"rollover rollover-zoom dt-pswp-item\" title=\"MAURO SALVATERRA\" data-dt-img-description=\"\" data-large_image_width=\"1066\" data-large_image_height=\"1600\"href='https:\/\/www.radiopiu.net\/wordpress\/wp-content\/uploads\/2022\/05\/MAURO-SALVATERRA.jpg'><img loading=\"lazy\" decoding=\"async\" width=\"150\" height=\"150\" src=\"https:\/\/www.radiopiu.net\/wordpress\/wp-content\/uploads\/2022\/05\/MAURO-SALVATERRA-150x150.jpg\" class=\"attachment-thumbnail size-thumbnail\" alt=\"\" \/><\/a>\n\t\t\t\t<\/dt><\/dl><dl class='gallery-item'>\n\t\t\t\t<dt class='gallery-icon landscape'>\n\t\t\t\t\t<a class=\"rollover rollover-zoom dt-pswp-item\" title=\"GIOVANNI DEON\" data-dt-img-description=\"\" data-large_image_width=\"228\" data-large_image_height=\"221\"href='https:\/\/www.radiopiu.net\/wordpress\/wp-content\/uploads\/2021\/05\/GIOVANNI-DEON.jpg'><img loading=\"lazy\" decoding=\"async\" width=\"150\" height=\"150\" src=\"https:\/\/www.radiopiu.net\/wordpress\/wp-content\/uploads\/2021\/05\/GIOVANNI-DEON-150x150.jpg\" class=\"attachment-thumbnail size-thumbnail\" alt=\"\" aria-describedby=\"gallery-5-212771\" \/><\/a>\n\t\t\t\t<\/dt>\n\t\t\t\t\t<dd class='wp-caption-text gallery-caption' id='gallery-5-212771'>\n\t\t\t\t\tNINO DEON\n\t\t\t\t\t<\/dd><\/dl><br style=\"clear: both\" \/>\n\t\t\t<\/div>\n\n<p>&nbsp;<\/p>\n<p>.<\/p>\n<hr \/>\n<p>&nbsp;<\/p>\n<p>&nbsp;<\/p>\n<h2><span style=\"color: #ff0000;\">IERI ALLA RADIO<\/span><\/h2>\n<h2><strong><a class=\"dt-pswp-item\" href=\"https:\/\/www.radiopiu.net\/wordpress\/wp-content\/uploads\/2022\/06\/DOLOMITI-HIKE-BIKE.png\" data-dt-img-description=\"\" data-large_image_width=\"392\" data-large_image_height=\"478\"><img loading=\"lazy\" decoding=\"async\" class=\"alignleft wp-image-283128 \" src=\"https:\/\/www.radiopiu.net\/wordpress\/wp-content\/uploads\/2022\/06\/DOLOMITI-HIKE-BIKE-246x300.png\" alt=\"\" width=\"123\" height=\"150\" srcset=\"https:\/\/www.radiopiu.net\/wordpress\/wp-content\/uploads\/2022\/06\/DOLOMITI-HIKE-BIKE-246x300.png 246w, https:\/\/www.radiopiu.net\/wordpress\/wp-content\/uploads\/2022\/06\/DOLOMITI-HIKE-BIKE.png 392w\" sizes=\"auto, (max-width: 123px) 100vw, 123px\" \/><\/a><\/strong><span style=\"color: #808000;\">DOLOMITI HIKE &amp; BIKE, L&#8217;EVENTO A SAN TOMASO<\/span><\/h2>\n<p><strong>di Claudio Fontanive<\/strong><\/p>\n<p>OSPITI: Moreno De Val (Sindaco di San Tomaso), Thomas Soppera e Moreno Geremetta<\/p>\n<audio class=\"wp-audio-shortcode\" id=\"audio-283211-6\" preload=\"none\" style=\"width: 100%;\" controls=\"controls\"><source type=\"audio\/mpeg\" src=\"https:\/\/www.radiopiu.net\/wordpress\/wp-content\/uploads\/2022\/06\/dolomiti-hike-e-bike-23-giugno.mp3?_=6\" \/><a href=\"https:\/\/www.radiopiu.net\/wordpress\/wp-content\/uploads\/2022\/06\/dolomiti-hike-e-bike-23-giugno.mp3\">https:\/\/www.radiopiu.net\/wordpress\/wp-content\/uploads\/2022\/06\/dolomiti-hike-e-bike-23-giugno.mp3<\/a><\/audio>\n<p>&nbsp;<\/p>\n<p>&nbsp;<\/p>\n<hr \/>\n<p>&nbsp;<\/p>\n<blockquote>\n<h3><span id=\"page2R_mcid1\" class=\"markedContent\"><span dir=\"ltr\" role=\"presentation\"><a class=\"dt-pswp-item\" href=\"https:\/\/www.radiopiu.net\/wordpress\/wp-content\/uploads\/2022\/06\/Piscina_di_Belluno.jpg\" data-dt-img-description=\"\" data-large_image_width=\"794\" data-large_image_height=\"661\"><img loading=\"lazy\" decoding=\"async\" class=\"size-thumbnail wp-image-283320 alignleft\" src=\"https:\/\/www.radiopiu.net\/wordpress\/wp-content\/uploads\/2022\/06\/Piscina_di_Belluno-150x150.jpg\" alt=\"\" width=\"150\" height=\"150\" \/><\/a>LAVORI CONCLUSI, LUNEDI RIAPRE LA PISCINA DI BELLUNO \u00a0<\/span><\/span><\/h3>\n<\/blockquote>\n<p><span id=\"page2R_mcid1\" class=\"markedContent\"><span dir=\"ltr\" role=\"presentation\"><br \/>\n<\/span><\/span><span id=\"page2R_mcid4\" class=\"markedContent\"><strong>BELLUNO<\/strong>\u00a0 <span dir=\"ltr\" role=\"presentation\">Dopo due settimane di chiusura, nelle quali sono stati condotti i lavori di manutenzione annuale, \u00e8 <\/span><span dir=\"ltr\" role=\"presentation\">pronta a riaprire i battenti la piscina di Belluno: la data da segnare in rosso sul calendario \u00e8 quella <\/span><span dir=\"ltr\" role=\"presentation\">di luned\u00ec 27 giugno. <\/span><\/span><span id=\"page2R_mcid5\" class=\"markedContent\"><span dir=\"ltr\" role=\"presentation\">L\u2019unica eccezione riguarda la vasca tuffi, che al momento rimane chiusa per un intervento di <\/span><span dir=\"ltr\" role=\"presentation\">manutenzione straordinaria. <\/span><\/span><span id=\"page2R_mcid6\" class=\"markedContent\"><span id=\"page2R_mcid7\" class=\"markedContent\"><span dir=\"ltr\" role=\"presentation\">Per quanto riguarda orari e attivit\u00e0, tutte le informazioni e gli aggiornamenti sono disponibili <\/span><\/span><span id=\"page2R_mcid8\" class=\"markedContent\"><span dir=\"ltr\" role=\"presentation\">all\u2019interno del sito web<\/span><\/span><span id=\"page2R_mcid9\" class=\"markedContent\"> <span dir=\"ltr\" role=\"presentation\">www.piscinadibelluno.it<\/span><\/span><span id=\"page2R_mcid10\" class=\"markedContent\"><span dir=\"ltr\" role=\"presentation\">.<\/span><\/span><\/span><\/p>\n<p>&nbsp;<\/p>\n<p>&nbsp;<\/p>\n<hr \/>\n<p>&nbsp;<\/p>\n<blockquote>\n<h3>MOSTRA DELL&#8217;ARTIGIANATO. OTTO MOSTRE NEI GIORNI DELLA RASSEGNA NEI PALAZZI DEL CENTRO STORICO<\/h3>\n<\/blockquote>\n<p>&nbsp;<\/p>\n<p><strong><img loading=\"lazy\" decoding=\"async\" class=\"alignleft\" src=\"https:\/\/www.radiopiu.net\/wordpress\/wp-content\/uploads\/2022\/04\/FELTRE-5.jpg\" width=\"224\" height=\"126\" \/>FELTRE<\/strong> La sezione del Cai di Feltre propone\u00a0due mostre: nella chiesa di San Rocco e Sebastiano, fino al 09 luglio, una rassegna storica fotografica, mentre sotto il porticato palladiano del Palazzo della Ragione una seconda esposizione dal titolo \u201cMontagna Veneta un territorio lacerato, Grande Guerra e Tempesta Vaia\u201d. In occasione del 50\u00b0 anniversario della morte di Dino Buzzati, Confartigianato Belluno presenter\u00e0 a Palazzo Borgasio la mostra \u201cCronache fantastiche&#8221;.\u00a0 Lo \u201cStudio 28\u201d ospiter\u00e0\u00a0 una collettiva di arte contemporanea. Nella chiesetta di San Giovanni Napomuceno la mostra \u201cFeltre, citt\u00e0 dipinta\u201d allestita a cura dell\u2019associazione \u201cIl Fondaco\u201d, mentre nei locali dell\u2019ex Monte di Piet\u00e0 trover\u00e0 posto l\u2019esposizione dal titolo \u201cS\/Oggetti smarriti\u201d, in cui saranno esposti alcuni lavori che gli utenti del SER.D di Feltre hanno realizzato durante un laboratorio curato dall\u2019artista Alfonso Lentini. \u00a0Palazzo Guarnieri sar\u00e0 la location dell\u2019esposizione curata da Isacco Szathvary: battenti, serrature, cerniere e chiavi. Palazzo Villabruna \u00e8 \u00a0il luogo prescelto per l\u2019esposizione delle opere in ferro battuto realizzate dagli scultori durante il concorso di forgiatura che assegner\u00e0 il premio \u201cCarlo Rizzarda\u201d.<em> \u201cLa Mostra dell\u2019Artigianato di Feltre rappresenta, come bene sintetizza il suo nome per esteso, un ponte ideale tra il mondo, appunto, dell\u2019artigianato di qualit\u00e0 e quello dell\u2019arte&#8221;<\/em>, commenta il presidente del comitato organizzatore della Mostra Luciano Gesiot.<\/p>\n<p>&nbsp;<\/p>\n<hr \/>\n<p>&nbsp;<\/p>\n<blockquote>\n<h3>DOLOMITES BIKE DAY, VARIAZIONI AL SERVIZIO DI TRASPORTO PUBBLICO<\/h3>\n<\/blockquote>\n<p><strong><img loading=\"lazy\" decoding=\"async\" class=\"alignleft\" src=\"https:\/\/www.radiopiu.net\/wordpress\/wp-content\/uploads\/2020\/06\/9ecd9b94-d553-435b-93a2-c268918bc743.jpg\" width=\"186\" height=\"140\" \/>LIVINALLONGO<\/strong>\u00a0 Oggi dalle 8.30 alle 14 chiudono i passi Campolongo, Falzarego e Valparola per la manifestazione ciclistica dolomites bike day, di conseguenza il servizio di trasporto pubblico subir\u00e0 delle modifiche. <strong>Corsa 6.55<\/strong> Belluno-Pieve di Livinallongo si attesta a Caprile alle 8.15, soppressa la tratta Caprile-Pieve di Livinallongo <strong>Corsa 9.20<\/strong> Belluno-Caprile-Arabba si attesa a Caprile alle 10.40 soppressa la tratta Caprile-Arabba <strong>Corsa 12.10<\/strong> Belluno-Caprile-Arabba, da Caprile parte alle 14 anzich\u00e9 alle 13.30 e arriva a Pieve alle 14.27 <strong>Corsa 8.37<\/strong> Pieve di Livinallongo-Andraz soppressa <strong>Corsa 11.53<\/strong> Arabba Caprile Belluno, parte da Caprile 13.45, soppressa la tratta di Arabba-Caprile. <strong>Corsa 8.04<\/strong> Masare&#8217; Caprile Cortina, si attesta a Caprile alle 8.15 e prosegue via Passo Giau Passo Falzarego-Cortina-Tre Croci soppressa la tratta Cortina-Passo Falzarego<\/p>\n<p>&nbsp;<\/p>\n<h2><\/h2>\n<h2><strong><a class=\"dt-pswp-item\" href=\"https:\/\/www.radiopiu.net\/wordpress\/wp-content\/uploads\/2022\/06\/AAAA-8.jpg\" data-dt-img-description=\"\" data-large_image_width=\"667\" data-large_image_height=\"464\"><img loading=\"lazy\" decoding=\"async\" class=\"size-thumbnail wp-image-282710 alignleft\" src=\"https:\/\/www.radiopiu.net\/wordpress\/wp-content\/uploads\/2022\/06\/AAAA-8-150x150.jpg\" alt=\"\" width=\"150\" height=\"150\" \/><\/a><\/strong><span style=\"color: #ff6600;\">OGGI SUI PASSI CON IL DOLOMITES BIKE DAY<\/span><\/h2>\n<p><strong>di Claudio Fontanive<\/strong><\/p>\n<p>OSPITE: Francesco Martini, Vicesindaco del comune di Livinallongo<\/p>\n<audio class=\"wp-audio-shortcode\" id=\"audio-283211-7\" preload=\"none\" style=\"width: 100%;\" controls=\"controls\"><source type=\"audio\/mpeg\" src=\"https:\/\/www.radiopiu.net\/wordpress\/wp-content\/uploads\/2022\/06\/francesco-martini-dolomites-bike-day-21-giugno.mp3?_=7\" \/><a href=\"https:\/\/www.radiopiu.net\/wordpress\/wp-content\/uploads\/2022\/06\/francesco-martini-dolomites-bike-day-21-giugno.mp3\">https:\/\/www.radiopiu.net\/wordpress\/wp-content\/uploads\/2022\/06\/francesco-martini-dolomites-bike-day-21-giugno.mp3<\/a><\/audio>\n<p>&nbsp;<\/p>\n<p>&nbsp;<\/p>\n<hr \/>\n<p>&nbsp;<\/p>\n<p>&nbsp;<\/p>\n<blockquote class=\"wp-embedded-content\" data-secret=\"tdrbAi64f3\"><p><a href=\"https:\/\/www.radiopiu.net\/wordpress\/ecocentro-di-agordo-chiuso-per-tre-mesi-per-lavori-di-ristrutturazione\/\">ECOCENTRO DI AGORDO CHIUSO PER TRE MESI PER LAVORI DI RISTRUTTURAZIONE<\/a><\/p><\/blockquote>\n<p><iframe loading=\"lazy\" class=\"wp-embedded-content\" sandbox=\"allow-scripts\" security=\"restricted\" style=\"position: absolute; clip: rect(1px, 1px, 1px, 1px);\" title=\"&#8220;ECOCENTRO DI AGORDO CHIUSO PER TRE MESI PER LAVORI DI RISTRUTTURAZIONE&#8221; &#8212; Radio Pi\u00f9\" src=\"https:\/\/www.radiopiu.net\/wordpress\/ecocentro-di-agordo-chiuso-per-tre-mesi-per-lavori-di-ristrutturazione\/embed\/#?secret=bCmao0qTuH#?secret=tdrbAi64f3\" data-secret=\"tdrbAi64f3\" width=\"600\" height=\"338\" frameborder=\"0\" marginwidth=\"0\" marginheight=\"0\" scrolling=\"no\"><\/iframe><\/p>\n<p>&nbsp;<\/p>\n<hr \/>\n<p>&nbsp;<\/p>\n<blockquote>\n<h3>FINE SETTIMANA CON LA SPARTAN RACE<\/h3>\n<\/blockquote>\n<p class=\"sezioneArticolo\"><strong>ALLEGHE<\/strong>\u00a0\u00a0La Spartan Race si svolger\u00e0 ai Piani di Pezz\u00e8 nei giorni 25 e 26 giugno,\u00a0 per i pi\u00f9 giovani\u00a0 sar\u00e0 organizzata la Kids Race che si terr\u00e0 nello stesso giorno della gara principale. Inoltre quest\u2019anno vi sar\u00e0 anche una prova di durata che impegner\u00e0 i concorrenti su una competizione di ben 12 ore consecutive.<\/p>\n<p>&nbsp;<\/p>\n<p>&nbsp;<\/p>\n<hr \/>\n<p>&nbsp;<\/p>\n<blockquote>\n<h3>RITORNA IL MERCATINO DELLA SOLIDARIETA&#8217; AD AGORDO<\/h3>\n<\/blockquote>\n<p><strong>AGORDO<\/strong> Domani ad Agordo in piazza, il gruppo la Forza delle Donne sar\u00e0 presente per proporre agli Agordini ed ai turisti le proprie creazioni allo scopo di raccogliere fondi per aiutare i cittadini Ucraini in fuga dalla guerra ospitati dalla Cittadella Cielo alla Vena d\u2019Oro Belluno.<\/p>\n<p>&nbsp;<\/p>\n<p>&nbsp;<\/p>\n<hr \/>\n<p>&nbsp;<\/p>\n<blockquote>\n<h3>GLI ALPINI DI CENCENIGHE IN TRASFERTA AD ASIAGO<\/h3>\n<\/blockquote>\n<p><strong>CENCENIGHE<\/strong> \u00c8 in programma per domenica 10 luglio una trasferta ad Asiago per gli alpini di Cencenighe per partecipare al Raduno Triveneto. Soci e simpatizzanti possono aderire alla trasferta scrivendo una mail a segreteria@anacencenighe.it o contattando il 349 9551910 o il 338 9871535. La quota di partecipazione \u00e8 di 30 euro. Il programma: ritrovo al Nof Fil\u00f2 alle 6:20 e partenza alle 6:30, arrivo verso le 9 ad Asiago e rientro in tarda serata.<\/p>\n<p>&nbsp;<\/p>\n<p>&nbsp;<\/p>\n<hr \/>\n<p>&nbsp;<\/p>\n<p>&nbsp;<\/p>\n<blockquote>\n<h3><strong><a class=\"dt-pswp-item\" href=\"https:\/\/www.radiopiu.net\/wordpress\/wp-content\/uploads\/2022\/06\/Schola-dei-Battuti-presso-San-Simon-Vallada-Agordina.jpg\" data-dt-img-description=\"\" data-large_image_width=\"1600\" data-large_image_height=\"1200\"><img loading=\"lazy\" decoding=\"async\" class=\"size-thumbnail wp-image-280948 alignleft\" src=\"https:\/\/www.radiopiu.net\/wordpress\/wp-content\/uploads\/2022\/06\/Schola-dei-Battuti-presso-San-Simon-Vallada-Agordina-150x150.jpg\" alt=\"\" width=\"150\" height=\"150\" \/><\/a><\/strong>SABATO 2 LUGLIO L&#8217;INAUGURAZIONE DELLA SCHOLA DEI BATTUTI A VALLADA<\/h3>\n<\/blockquote>\n<p><strong>DI GIANNI SANTOMASO<\/strong><\/p>\n<audio class=\"wp-audio-shortcode\" id=\"audio-283211-8\" preload=\"none\" style=\"width: 100%;\" controls=\"controls\"><source type=\"audio\/mpeg\" src=\"https:\/\/www.radiopiu.net\/wordpress\/wp-content\/uploads\/2022\/06\/GIANNI-SCHOLA-DEI-BATTUTI.mp3?_=8\" \/><a href=\"https:\/\/www.radiopiu.net\/wordpress\/wp-content\/uploads\/2022\/06\/GIANNI-SCHOLA-DEI-BATTUTI.mp3\">https:\/\/www.radiopiu.net\/wordpress\/wp-content\/uploads\/2022\/06\/GIANNI-SCHOLA-DEI-BATTUTI.mp3<\/a><\/audio>\n<p>&nbsp;<\/p>\n<p>&nbsp;<\/p>\n<p>&nbsp;<\/p>\n<hr \/>\n<p>&nbsp;<\/p>\n<blockquote>\n<h3>IL FESTIVAL INTERNAZIONALE DELLA FISARMONICA<\/h3>\n<\/blockquote>\n<p><strong><a class=\"dt-pswp-item\" href=\"https:\/\/www.radiopiu.net\/wordpress\/wp-content\/uploads\/2022\/06\/sa.jpg\" data-dt-img-description=\"\" data-large_image_width=\"473\" data-large_image_height=\"151\"><img loading=\"lazy\" decoding=\"async\" class=\"wp-image-280606 alignleft\" src=\"https:\/\/www.radiopiu.net\/wordpress\/wp-content\/uploads\/2022\/06\/sa.jpg\" alt=\"\" width=\"229\" height=\"73\" srcset=\"https:\/\/www.radiopiu.net\/wordpress\/wp-content\/uploads\/2022\/06\/sa.jpg 473w, https:\/\/www.radiopiu.net\/wordpress\/wp-content\/uploads\/2022\/06\/sa-300x96.jpg 300w\" sizes=\"auto, (max-width: 229px) 100vw, 229px\" \/><\/a>REDAZIONE<\/strong> Il Festival internazionale della Fisarmonica, Dolomiti 2022 ritorna in presenza con tre appuntamenti, dall&#8217;Agordino al Cadore. Prima serata venerdi 1 luglio alle 20.45 al Nof Fil\u00f2 di Cencenighe, sabato 2 luglio all&#8217;Auditorium dell&#8217;Istituto Canossiano di Feltre, domenica 3 luglio all&#8217;Auditorium Comunale di San Vito di Cadore. Ospiti della serata i pi\u00f9 noti concertisti del panorama musicale internazionale. E&#8217; un&#8217;iniziativa dell&#8217;Associazione Filarmonica, Fisorchestra G. Rossini di Santa Giustina. La Fisorchestra Rossini, diretta dal maestro Ernesto Bellus e la Fisorchestra Armonia, diretta dal maestro Mirko Satto si esibiranno nel repertorio classico e moderno; il Koa Quintett diretto dal maestro Nicola Bettiol suoner\u00e0 un repertorio oberkrainer. Informazioni negli uffici turistici di Cencenighe e Feltre. Presenta Michela Da Canal.<\/p>\n<p>&nbsp;<\/p>\n<p>&nbsp;<\/p>\n<hr \/>\n<p>&nbsp;<\/p>\n<blockquote>\n<h3>DA SEDICO I MESSAGGI PER LA STAZIONE SPAZIALE, PER SAMANTHA CRISTOFORETTI<\/h3>\n<\/blockquote>\n<p><strong><a class=\"dt-pswp-item\" href=\"https:\/\/www.radiopiu.net\/wordpress\/wp-content\/uploads\/2022\/06\/Foto1.jpg\" data-dt-img-description=\"\" data-large_image_width=\"359\" data-large_image_height=\"463\"><img loading=\"lazy\" decoding=\"async\" class=\"size-thumbnail wp-image-283324 alignleft\" src=\"https:\/\/www.radiopiu.net\/wordpress\/wp-content\/uploads\/2022\/06\/Foto1-150x150.jpg\" alt=\"\" width=\"150\" height=\"150\" \/><\/a>SEDICO<\/strong>. I progetti degli alunni della classe 3C della scuola media di Sedico sono stati approvati e attuati dalla Stazione spaziale internazionale (Iss) e siglati dall\u2019astronauta italiana Samantha Cristoforetti. \u00c8 stata una notizia molto gratificante quella arrivata nei giorni scorsi all\u2019Istituto comprensivo di Sedico-Sospirolo che, nell\u2019ambito del Fabschool 2020, ha partecipato alla Mission Zero del progetto Astro Pi Challenge promosso dall\u2019Esa. In quest\u2019ultimo anno scolastico il comprensivo di Sedico ha attivato due spazi FabSchool, uno alle elementari e uno alle medie di Sedico. FabSchool \u00e8 un progetto di sistema che coinvolge cinque province (Verona, Vicenza, Mantova, Belluno e Ancona) e che intende prototipare un sistema di formazione innovativo e replicabile per stimolare competenze in ambito Stem (scienze, tecnologia, ingegneria e matematica), aumentare la connessione tra scuola e lavoro e favorire l\u2019apprendimento in contesti informali.<br \/>\n<a class=\"dt-pswp-item\" href=\"https:\/\/www.radiopiu.net\/wordpress\/wp-content\/uploads\/2022\/06\/2021-12-10-11.43.48-scaled.jpg\" data-dt-img-description=\"\" data-large_image_width=\"2560\" data-large_image_height=\"1153\"><img loading=\"lazy\" decoding=\"async\" class=\"size-thumbnail wp-image-283325 alignright\" src=\"https:\/\/www.radiopiu.net\/wordpress\/wp-content\/uploads\/2022\/06\/2021-12-10-11.43.48-150x150.jpg\" alt=\"\" width=\"150\" height=\"150\" \/><\/a>\u00abAbbiamo aderito a FabSchool \u2013 spiega la dirigente scolastica Lucia Fratturelli \u2013 perch\u00e9 crediamo nella possibilit\u00e0 di costruire una scuola nuova che guardi al futuro e pensi ad ospitare studenti destinati ad un mondo che ancora non conosciamo, ma che sappiamo sar\u00e0 diverso dal nostro\u00bb. Nel corso dell\u2019anno sono stati dunque attivati due laboratori formativi esperienziali costruiti sulle esigenze di competenze espresse dal mercato del lavoro territoriale: BugsHotel, supportato da UniFarco, alla scuola primaria e AstroPI Mission Zero, una challenge europea organizzata da Raspberry PI e ESA, alle medie. Quest\u2019ultimo progetto \u00e8 quello che la scorsa settimana ha ottenuto un riconoscimento davvero singolare. I ragazzi della classe 3C, sotto la supervisione di Fabio Da Rolt di FabLab Dolomiti e della docente curricolare di matematica e scienze, Mariella Zoppa, hanno dapprima avuto modo di conoscere il linguaggio di programmazione, da quello a blocchi a Python, passando per esperienze con MakeCode con schede programmabili Micro:bit. Quindi, grazie a AstroPI Mission Zero, hanno goduto della straordinaria opportunit\u00e0 di condurre indagini scientifiche nello spazio, scrivendo applicazioni da eseguire sui computer Raspberry Pi a bordo della Stazione spaziale internazionale (Iss). \u00abMission Zero \u2013 spiegano l\u2019insegnante Cristina Valerio, <a class=\"dt-pswp-item\" href=\"https:\/\/www.radiopiu.net\/wordpress\/wp-content\/uploads\/2022\/06\/foto2.jpg\" data-dt-img-description=\"\" data-large_image_width=\"351\" data-large_image_height=\"461\"><img loading=\"lazy\" decoding=\"async\" class=\"size-thumbnail wp-image-283323 alignleft\" src=\"https:\/\/www.radiopiu.net\/wordpress\/wp-content\/uploads\/2022\/06\/foto2-150x150.jpg\" alt=\"\" width=\"150\" height=\"150\" \/><\/a>responsabile del progetto per la scuola, e la vicaria Manuela De Toffol &#8211; offre a partecipanti fino a 19 anni d\u2019et\u00e0 la possibilit\u00e0 di far eseguire il proprio codice sulla Iss. I nostri ragazzi hanno scritto un semplice programma per visualizzare un messaggio e la lettura dell\u2019umidit\u00e0 su un computer Astro Pi, affinch\u00e9 gli astronauti potessero leggerli mentre svolgevano i loro compiti quotidiani sulla Iss\u00bb. La missione \u00e8 stata compiuta. A comprovarlo sono arrivati alla segreteria scolastica i certificati spediti dalla Stazione spaziale internazionale, firmati da Samantha Cristoforetti.<br \/>\n\u00abCi \u00e8 piaciuto molto leggere i messaggi che i giovani hanno inviato agli astronauti sulla Iss \u2013 hanno scritto i promotori di Mission Zero, sottolineando la partecipazione record di 16.869 squadre di giovani provenienti da 26 paesi &#8211; e vedere il loro uso fantasioso della matrice LED di Astro Pi\u00bb.<\/p>\n<p>&nbsp;<\/p>\n<p>&nbsp;<\/p>\n<p>&nbsp;<\/p>\n<hr \/>\n<p>&nbsp;<\/p>\n<blockquote>\n<h2>SAN GIOVANNI, FESTA A CANALE D&#8217;AGORDO<\/h2>\n<\/blockquote>\n<p><strong>CANALE D&#8217;AGORDO<\/strong> Il ritorno della sagra di San Giovanni, riecco il corposo programma a pi\u00f9 firme: Comune, Polisportiva, Proloco, Ana e Abvs. Tre giorni di festa, i pregiati piatti con frittura di pesce e gli gnocchi ai porcini e puina sfumegada, oltre all&#8217;immancabile piatto del malgher e le trippe alla parmigiana. Gli aperitivi\u00a0 del sabato una garanzia con Ciccio di Oh per Bacco e la colonna musicale del duo jazz e bossanova Crestani-Burigo. Le notti da ballare: oggi con gli Hedera e il dj set, domani con Mely &amp; the moodies.<\/p>\n<p>&nbsp;<\/p>\n<p>&nbsp;<\/p>\n<hr \/>\n<p>&nbsp;<\/p>\n<blockquote>\n<h3>DOPPIO EVENTO CON GLI AMICI DEL NEVEGAL<\/h3>\n<\/blockquote>\n<p><strong>BELLUNO<\/strong> L&#8217;Associazione Amici del Nevegal,\u00a0 che lo scorso anno ha celebrato i 50 anni organizza per domani la visita al Giardino Botanico di Faverghera accompagnati da una guida esperta. Alle 10 ritrovo all&#8217;ingresso, prenotazione per la limitazione dei posti al 3474492469. Il gruppo, nato per sensibilizzare la comunit\u00e0 e le istituzioni sulla realt\u00e0 del Colle avendo a cuore la salvaguardia e il suo sviluppo sostenibile, propone inoltre un altro importante appuntamento: il concerto presso il Santuario di Maria Immacolata sempre in Nevegal sabato 9 luglio alle 20.30 con la Filarmonica di Belluno, che peraltro quest\u2019anno celebra il suo 155\u00b0 compleanno.<\/p>\n<p>&nbsp;<\/p>\n<p>&nbsp;<\/p>\n<hr \/>\n<p>&nbsp;<\/p>\n<blockquote>\n<h3>DOMANI CON IL CAI DI AGORDO AL MONTE MIGOGN<\/h3>\n<\/blockquote>\n<p><strong>AGORDO<\/strong> Domani escursione alla cima del Monte Migogn (m2385). Domina la vallata del Cordevole e il paesino di Laste \u00e8 attraversato da uno stupendo aereo &#8220;sentiero delle creste&#8221;. Tempo 6-7 ore, dislivello 1050 metri. Ritrovo presso la sede Cai (Municipio di Agordo) alle 7.15. Responsabile Fabiana Luciani. Informazioni 380 6983040<\/p>\n<p>&nbsp;<\/p>\n<p>&nbsp;<\/p>\n<hr \/>\n<p>&nbsp;<\/p>\n<h2><span style=\"color: #ff0000;\">IERI ALLA RADIO<\/span><\/h2>\n<h2><strong><a class=\"dt-pswp-item\" href=\"https:\/\/www.radiopiu.net\/wordpress\/wp-content\/uploads\/2022\/06\/GRANDE-BAITA-CIVETTA.jpg\" data-dt-img-description=\"\" data-large_image_width=\"2046\" data-large_image_height=\"1534\"><img loading=\"lazy\" decoding=\"async\" class=\"size-thumbnail wp-image-283272 alignleft\" src=\"https:\/\/www.radiopiu.net\/wordpress\/wp-content\/uploads\/2022\/06\/GRANDE-BAITA-CIVETTA-150x150.jpg\" alt=\"\" width=\"150\" height=\"150\" \/><\/a><\/strong><span style=\"color: #008080;\">LA MOSTRA DI MARTIN KOKA ALLA GRANDE BAITA CIVETTA<\/span><\/h2>\n<p><strong>di Claudio Fontanive<\/strong><\/p>\n<p>OSPITE: Martin Koka<\/p>\n<audio class=\"wp-audio-shortcode\" id=\"audio-283211-9\" preload=\"none\" style=\"width: 100%;\" controls=\"controls\"><source type=\"audio\/mpeg\" src=\"https:\/\/www.radiopiu.net\/wordpress\/wp-content\/uploads\/2022\/06\/martin-koka-24-giugno.mp3?_=9\" \/><a href=\"https:\/\/www.radiopiu.net\/wordpress\/wp-content\/uploads\/2022\/06\/martin-koka-24-giugno.mp3\">https:\/\/www.radiopiu.net\/wordpress\/wp-content\/uploads\/2022\/06\/martin-koka-24-giugno.mp3<\/a><\/audio>\n<p>&nbsp;<\/p>\n<hr \/>\n<p>&nbsp;<\/p>\n<h2><strong><a class=\"dt-pswp-item\" href=\"https:\/\/www.radiopiu.net\/wordpress\/wp-content\/uploads\/2022\/06\/LUIGI-DELLATTI-2022-2.jpg\" data-dt-img-description=\"\" data-large_image_width=\"1024\" data-large_image_height=\"768\"><img loading=\"lazy\" decoding=\"async\" class=\"size-thumbnail wp-image-282413 alignleft\" src=\"https:\/\/www.radiopiu.net\/wordpress\/wp-content\/uploads\/2022\/06\/LUIGI-DELLATTI-2022-2-150x150.jpg\" alt=\"\" width=\"150\" height=\"150\" \/><\/a><span style=\"color: #0000ff;\">RSU LUXOTTICA DI AGORDO, GLI ULTIMI QUATTRO ANNI DI LAVORO CON LUIGI DELL&#8217;ATTI (FILCTEM-CGIL)<\/span><\/strong><\/h2>\n<p><strong>AGORDO<\/strong> Sono passati ormai 4 anni da quando le maestranze dello stabilimento Luxottica di Agordo sono state chiamate al voto per rinnovare la RSU aziendale. Con Luigi Dell&#8217;Atti facciamo il punto sui risultati raggiunti.<\/p>\n<audio class=\"wp-audio-shortcode\" id=\"audio-283211-10\" preload=\"none\" style=\"width: 100%;\" controls=\"controls\"><source type=\"audio\/mpeg\" src=\"https:\/\/www.radiopiu.net\/wordpress\/wp-content\/uploads\/2022\/06\/LUIGI-RIASSUNTO-RSU-per-venerdi-24-giugno.mp3?_=10\" \/><a href=\"https:\/\/www.radiopiu.net\/wordpress\/wp-content\/uploads\/2022\/06\/LUIGI-RIASSUNTO-RSU-per-venerdi-24-giugno.mp3\">https:\/\/www.radiopiu.net\/wordpress\/wp-content\/uploads\/2022\/06\/LUIGI-RIASSUNTO-RSU-per-venerdi-24-giugno.mp3<\/a><\/audio>\n<p>&nbsp;<\/p>\n<p>&nbsp;<\/p>\n<hr \/>\n<p>&nbsp;<\/p>\n<h2><span style=\"color: #008080;\">SALUTE &amp; SOCIETA&#8217;\u00a0<\/span><\/h2>\n<p><strong>LA RACCOLTA<\/strong><\/p>\n<blockquote class=\"wp-embedded-content\" data-secret=\"Mio9W1smow\"><p><a href=\"https:\/\/www.radiopiu.net\/wordpress\/saluteesocieta\/\">Salute e Societ\u00e0<\/a><\/p><\/blockquote>\n<p><iframe loading=\"lazy\" class=\"wp-embedded-content\" sandbox=\"allow-scripts\" security=\"restricted\" style=\"position: absolute; clip: rect(1px, 1px, 1px, 1px);\" title=\"&#8220;Salute e Societ\u00e0&#8221; &#8212; Radio Pi\u00f9\" src=\"https:\/\/www.radiopiu.net\/wordpress\/saluteesocieta\/embed\/#?secret=5vF5YSd9Jw#?secret=Mio9W1smow\" data-secret=\"Mio9W1smow\" width=\"600\" height=\"338\" frameborder=\"0\" marginwidth=\"0\" marginheight=\"0\" scrolling=\"no\"><\/iframe><\/p>\n<p>&nbsp;<\/p>\n<p>&nbsp;<\/p>\n<hr \/>\n<h3 class=\"kvgmc6g5 cxmmr5t8 oygrvhab hcukyx3x c1et5uql\"><span style=\"color: #0000ff;\"><strong>\u00a0<\/strong><\/span><\/h3>\n<h3 class=\"kvgmc6g5 cxmmr5t8 oygrvhab hcukyx3x c1et5uql\"><span style=\"color: #0000ff;\"><strong>INFORMAZIONE il canale su TELEGRAM informazione di prima mano e in tempo reale. iscriviti ed aiutaci a farlo conoscere\u00a0 \u00a0<\/strong><\/span><\/h3>\n<p>&nbsp;<\/p>\n<hr \/>\n<p>&nbsp;<\/p>\n<blockquote>\n<h2><span style=\"color: #800080;\">STORIE A QUATTROCCHI<br \/>\nOGGI ALLE 9 E ALLE 18 LA NUOVA PUNTATA CON ELENA E STEFANIA<\/span><\/h2>\n<\/blockquote>\n<p><strong>PUNTATA DEL 22 GIUGNO 2022 CON ELENA E STEFANIA<\/strong><\/p>\n<audio class=\"wp-audio-shortcode\" id=\"audio-283211-11\" preload=\"none\" style=\"width: 100%;\" controls=\"controls\"><source type=\"audio\/mpeg\" src=\"https:\/\/www.radiopiu.net\/wordpress\/wp-content\/uploads\/2022\/06\/QOCCHI-10.mp3?_=11\" \/><a href=\"https:\/\/www.radiopiu.net\/wordpress\/wp-content\/uploads\/2022\/06\/QOCCHI-10.mp3\">https:\/\/www.radiopiu.net\/wordpress\/wp-content\/uploads\/2022\/06\/QOCCHI-10.mp3<\/a><\/audio>\n<p><strong>\u00a0<\/strong><\/p>\n<p><strong>LA RACCOLTA COMPLETA\u00a0<\/strong><\/p>\n<blockquote class=\"wp-embedded-content\" data-secret=\"obccekrawW\"><p><a href=\"https:\/\/www.radiopiu.net\/wordpress\/storie-a-quattrocchi\/\">Storie a quattrocchi<\/a><\/p><\/blockquote>\n<p><iframe loading=\"lazy\" class=\"wp-embedded-content\" sandbox=\"allow-scripts\" security=\"restricted\" style=\"position: absolute; clip: rect(1px, 1px, 1px, 1px);\" title=\"&#8220;Storie a quattrocchi&#8221; &#8212; Radio Pi\u00f9\" src=\"https:\/\/www.radiopiu.net\/wordpress\/storie-a-quattrocchi\/embed\/#?secret=bXFPM95uAX#?secret=obccekrawW\" data-secret=\"obccekrawW\" width=\"600\" height=\"338\" frameborder=\"0\" marginwidth=\"0\" marginheight=\"0\" scrolling=\"no\"><\/iframe><\/p>\n<p>&nbsp;<\/p>\n<hr \/>\n<p>&nbsp;<\/p>\n<h2><\/h2>\n<h2><span style=\"color: #008080;\">&#8220;DINTORN E FORA VIA&#8221; A CURA DEL MUSLA, IL NUOVO PROGRAMMA\u00a0 \u00a0<\/span><\/h2>\n<p>&nbsp;<\/p>\n<p><strong><a class=\"dt-pswp-item\" href=\"https:\/\/www.radiopiu.net\/wordpress\/wp-content\/uploads\/2022\/06\/musla.jpg\" data-dt-img-description=\"\" data-large_image_width=\"257\" data-large_image_height=\"171\"><img loading=\"lazy\" decoding=\"async\" class=\"wp-image-282627 alignleft\" src=\"https:\/\/www.radiopiu.net\/wordpress\/wp-content\/uploads\/2022\/06\/musla-150x150.jpg\" alt=\"\" width=\"87\" height=\"87\" \/><\/a><\/strong><\/p>\n<p>&nbsp;<\/p>\n<p><strong>PUNTATA DEL 21 GIUGNO 2022- CON EMILY BONIFACIO<\/strong><\/p>\n<audio class=\"wp-audio-shortcode\" id=\"audio-283211-12\" preload=\"none\" style=\"width: 100%;\" controls=\"controls\"><source type=\"audio\/mpeg\" src=\"https:\/\/www.radiopiu.net\/wordpress\/wp-content\/uploads\/2022\/06\/MUSLA-2.mp3?_=12\" \/><a href=\"https:\/\/www.radiopiu.net\/wordpress\/wp-content\/uploads\/2022\/06\/MUSLA-2.mp3\">https:\/\/www.radiopiu.net\/wordpress\/wp-content\/uploads\/2022\/06\/MUSLA-2.mp3<\/a><\/audio>\n<p>&nbsp;<\/p>\n<hr \/>\n<p>&nbsp;<\/p>\n<p><strong>LA RACCOLTA COMPLETA<\/strong><\/p>\n<blockquote class=\"wp-embedded-content\" data-secret=\"7XYY9sUOIs\"><p><a href=\"https:\/\/www.radiopiu.net\/wordpress\/musla\/\">MUSLA<\/a><\/p><\/blockquote>\n<p><iframe loading=\"lazy\" class=\"wp-embedded-content\" sandbox=\"allow-scripts\" security=\"restricted\" style=\"position: absolute; clip: rect(1px, 1px, 1px, 1px);\" title=\"&#8220;MUSLA&#8221; &#8212; Radio Pi\u00f9\" src=\"https:\/\/www.radiopiu.net\/wordpress\/musla\/embed\/#?secret=dWbSkwht07#?secret=7XYY9sUOIs\" data-secret=\"7XYY9sUOIs\" width=\"600\" height=\"338\" frameborder=\"0\" marginwidth=\"0\" marginheight=\"0\" scrolling=\"no\"><\/iframe><\/p>\n<p>&nbsp;<\/p>\n<hr \/>\n<blockquote>\n<h3><\/h3>\n<h3>GLI EVENTI ESTIVI DEDICATI ALLA BEATIFICAZIONE DI PAPA LUCIANI<\/h3>\n<p><a class=\"dt-pswp-item\" href=\"https:\/\/www.radiopiu.net\/wordpress\/wp-content\/uploads\/2022\/06\/asdasdasd.jpg\" data-dt-img-description=\"\" data-large_image_width=\"653\" data-large_image_height=\"222\"><img loading=\"lazy\" decoding=\"async\" class=\"alignnone wp-image-283035 size-full\" src=\"https:\/\/www.radiopiu.net\/wordpress\/wp-content\/uploads\/2022\/06\/asdasdasd.jpg\" alt=\"\" width=\"653\" height=\"222\" srcset=\"https:\/\/www.radiopiu.net\/wordpress\/wp-content\/uploads\/2022\/06\/asdasdasd.jpg 653w, https:\/\/www.radiopiu.net\/wordpress\/wp-content\/uploads\/2022\/06\/asdasdasd-300x102.jpg 300w\" sizes=\"auto, (max-width: 653px) 100vw, 653px\" \/><\/a><\/p><\/blockquote>\n<p><strong>CANALE D&#8217;AGORDO<\/strong>\u00a0Luned\u00ec 27 giugno, alle 11 nella Sala Lina Zand\u00f2 Bolda del Musal \u2013 Museo Albino Luciani di Canale d&#8217;Agordo, si terr\u00e0 la conferenza stampa di presentazione degli eventi estivi dedicati alla beatificazione di papa Luciani. Un fitto calendario di appuntamenti che accompagner\u00e0 per tutta l&#8217;estate i fedeli e i devoti di papa Luciani fino al tanto attesto 4 settembre quando papa Francesco proclamer\u00e0 beato Albino Luciani.<\/p>\n<p>&nbsp;<\/p>\n<hr \/>\n<p>&nbsp;<\/p>\n<p>&nbsp;<\/p>\n<p>&nbsp;<\/p>\n<div>\n<div class=\"b654a4as d2edcug0\">\n<div class=\"rq0escxv hkbzh7o3 jwdofwj8 n8tt0mok r8blr3vg hyh9befq\">\n<p><a class=\"dt-pswp-item\" href=\"https:\/\/www.radiopiu.net\/wordpress\/wp-content\/uploads\/2020\/10\/pp.jpg\" data-dt-img-description=\"\" data-large_image_width=\"640\" data-large_image_height=\"640\"><img loading=\"lazy\" decoding=\"async\" class=\"wp-image-163678 alignleft\" src=\"https:\/\/www.radiopiu.net\/wordpress\/wp-content\/uploads\/2020\/10\/pp-300x300.jpg\" alt=\"\" width=\"106\" height=\"106\" srcset=\"https:\/\/www.radiopiu.net\/wordpress\/wp-content\/uploads\/2020\/10\/pp-300x300.jpg 300w, https:\/\/www.radiopiu.net\/wordpress\/wp-content\/uploads\/2020\/10\/pp-150x150.jpg 150w, https:\/\/www.radiopiu.net\/wordpress\/wp-content\/uploads\/2020\/10\/pp-125x125.jpg 125w, https:\/\/www.radiopiu.net\/wordpress\/wp-content\/uploads\/2020\/10\/pp-200x200.jpg 200w, https:\/\/www.radiopiu.net\/wordpress\/wp-content\/uploads\/2020\/10\/pp-80x80.jpg 80w, https:\/\/www.radiopiu.net\/wordpress\/wp-content\/uploads\/2020\/10\/pp-480x480.jpg 480w, https:\/\/www.radiopiu.net\/wordpress\/wp-content\/uploads\/2020\/10\/pp.jpg 640w\" sizes=\"auto, (max-width: 106px) 100vw, 106px\" \/><\/a><\/p>\n<\/div>\n<\/div>\n<\/div>\n<div>\n<div class=\"page-title-head hgroup\">\n<div class=\"page-title-head hgroup\">\n<div class=\"b654a4as d2edcug0\">\n<div class=\"j83agx80 btwxx1t3 lhclo0ds hop8lmos nkwizq5d scwd0bx6 roh60bw9\">\n<div class=\"rq0escxv hkbzh7o3 jwdofwj8 n8tt0mok r8blr3vg hyh9befq\">\n<div class=\"do00u71z l9j0dhe7 k4urcfbm\">\n<h2><span style=\"color: #000080;\">DON CESARE, IL PENSIERO DEL GIORNO. ALLA RADIO ALLE 7 DEL MATTINO E ALLE 19.30 DELLA SERA.\u00a0<\/span><\/h2>\n<\/div>\n<audio class=\"wp-audio-shortcode\" id=\"audio-283211-13\" preload=\"none\" style=\"width: 100%;\" controls=\"controls\"><source type=\"audio\/mpeg\" src=\"https:\/\/www.radiopiu.net\/wordpress\/wp-content\/uploads\/2022\/06\/cesare-1.mp3?_=13\" \/><a href=\"https:\/\/www.radiopiu.net\/wordpress\/wp-content\/uploads\/2022\/06\/cesare-1.mp3\">https:\/\/www.radiopiu.net\/wordpress\/wp-content\/uploads\/2022\/06\/cesare-1.mp3<\/a><\/audio>\n<\/div>\n<\/div>\n<\/div>\n<\/div>\n<\/div>\n<\/div>\n<p>&nbsp;<\/p>\n<hr \/>\n<p>&nbsp;<\/p>\n<div class=\"do00u71z l9j0dhe7 k4urcfbm\">\n<div class=\"page-title-head hgroup\">\n<div class=\"page-title-head hgroup\">\n<div class=\"b654a4as d2edcug0\">\n<div class=\"j83agx80 btwxx1t3 lhclo0ds hop8lmos nkwizq5d scwd0bx6 roh60bw9\">\n<div class=\"rq0escxv hkbzh7o3 jwdofwj8 n8tt0mok r8blr3vg hyh9befq\">\n<div class=\"do00u71z l9j0dhe7 k4urcfbm\">\n<div class=\"page-title-head hgroup\">\n<div class=\"page-title-head hgroup\">\n<div class=\"b654a4as d2edcug0\">\n<div class=\"j83agx80 btwxx1t3 lhclo0ds hop8lmos nkwizq5d scwd0bx6 roh60bw9\">\n<div class=\"rq0escxv hkbzh7o3 jwdofwj8 n8tt0mok r8blr3vg hyh9befq\">\n<div class=\"do00u71z l9j0dhe7 k4urcfbm\">\n<div class=\"ecm0bbzt e5nlhep0 a8c37x1j\">\n<div class=\"kvgmc6g5 cxmmr5t8 oygrvhab hcukyx3x c1et5uql\">\n<div class=\"gmail-kvgmc6g5 gmail-cxmmr5t8 gmail-oygrvhab gmail-hcukyx3x gmail-c1et5uql gmail-ii04i59q\">\n<div class=\"page-title-head hgroup\">\n<div class=\"page-title-head hgroup\">\n<div class=\"b654a4as d2edcug0\">\n<div class=\"j83agx80 btwxx1t3 lhclo0ds hop8lmos nkwizq5d scwd0bx6 roh60bw9\">\n<div class=\"rq0escxv hkbzh7o3 jwdofwj8 n8tt0mok r8blr3vg hyh9befq\">\n<div class=\"do00u71z l9j0dhe7 k4urcfbm\">\n<div class=\"page-title-head hgroup\">\n<div class=\"page-title-head hgroup\">\n<div class=\"b654a4as d2edcug0\">\n<div class=\"j83agx80 btwxx1t3 lhclo0ds hop8lmos nkwizq5d scwd0bx6 roh60bw9\">\n<div class=\"rq0escxv hkbzh7o3 jwdofwj8 n8tt0mok r8blr3vg hyh9befq\">\n<div class=\"do00u71z l9j0dhe7 k4urcfbm\">\n<div class=\"page-title-head hgroup\">\n<div class=\"page-title-head hgroup\">\n<div class=\"b654a4as d2edcug0\">\n<div class=\"j83agx80 btwxx1t3 lhclo0ds hop8lmos nkwizq5d scwd0bx6 roh60bw9\">\n<div class=\"rq0escxv hkbzh7o3 jwdofwj8 n8tt0mok r8blr3vg hyh9befq\">\n<div class=\"do00u71z l9j0dhe7 k4urcfbm\">\n<div class=\"ecm0bbzt e5nlhep0 a8c37x1j\">\n<div class=\"kvgmc6g5 cxmmr5t8 oygrvhab hcukyx3x c1et5uql\">\n<div class=\"gmail-kvgmc6g5 gmail-cxmmr5t8 gmail-oygrvhab gmail-hcukyx3x gmail-c1et5uql gmail-ii04i59q\">\n<div class=\"page-title-head hgroup\">\n<div class=\"page-title-head hgroup\">\n<div class=\"b654a4as d2edcug0\">\n<div class=\"j83agx80 btwxx1t3 lhclo0ds hop8lmos nkwizq5d scwd0bx6 roh60bw9\">\n<div class=\"rq0escxv hkbzh7o3 jwdofwj8 n8tt0mok r8blr3vg hyh9befq\">\n<div class=\"do00u71z l9j0dhe7 k4urcfbm\">\n<blockquote>\n<h3><span style=\"color: #ff0000;\">IN VIVO VERSO,\u00a0 RIASCOLTIAMOLE DAL LUNEDI AL VENERDI ALLE 7.10, 10.10, 18 50<\/span><\/h3>\n<h3>RIASCOLTIAMOLE, STAGIONE<\/h3>\n<\/blockquote>\n<p>&nbsp;<\/p>\n<p>&nbsp;<\/p>\n<h3><strong style=\"font-size: 14px;\">LA RACCOLTA COMPLETA<\/strong><\/h3>\n<blockquote class=\"wp-embedded-content\" data-secret=\"ysFz7CHAXZ\"><p><a href=\"https:\/\/www.radiopiu.net\/wordpress\/in-vivo-verso\/\">In Vivo Verso<\/a><\/p><\/blockquote>\n<p><iframe loading=\"lazy\" class=\"wp-embedded-content\" sandbox=\"allow-scripts\" security=\"restricted\" style=\"position: absolute; clip: rect(1px, 1px, 1px, 1px);\" title=\"&#8220;In Vivo Verso&#8221; &#8212; Radio Pi\u00f9\" src=\"https:\/\/www.radiopiu.net\/wordpress\/in-vivo-verso\/embed\/#?secret=4cmPOmjaMq#?secret=ysFz7CHAXZ\" data-secret=\"ysFz7CHAXZ\" width=\"600\" height=\"338\" frameborder=\"0\" marginwidth=\"0\" marginheight=\"0\" scrolling=\"no\"><\/iframe><\/p>\n<p>&nbsp;<\/p>\n<hr \/>\n<p>&nbsp;<\/p>\n<p><span style=\"color: #0000ff;\">MUSICA PIU&#8217;\u00a0<\/span><\/p>\n<p><a href=\"https:\/\/www.radiopiu.net\/wordpress\/giornale-radiopiu-20-settembre-2021-direttore-mirko-mezzacasa\/pp-79\/\" rel=\"attachment wp-att-232921\"><img loading=\"lazy\" decoding=\"async\" class=\"wp-image-232921 alignleft\" src=\"https:\/\/www.radiopiu.net\/wordpress\/wp-content\/uploads\/2021\/09\/pp-1-300x300.jpg\" alt=\"\" width=\"135\" height=\"135\" srcset=\"https:\/\/www.radiopiu.net\/wordpress\/wp-content\/uploads\/2021\/09\/pp-1-300x300.jpg 300w, https:\/\/www.radiopiu.net\/wordpress\/wp-content\/uploads\/2021\/09\/pp-1-150x150.jpg 150w, https:\/\/www.radiopiu.net\/wordpress\/wp-content\/uploads\/2021\/09\/pp-1.jpg 640w\" sizes=\"auto, (max-width: 135px) 100vw, 135px\" \/><\/a><\/p>\n<div class=\"mkdf-post-text\">\n<div class=\"mkdf-post-text-inner\">\n<div class=\"mkdf-post-text-main\">\n<div class=\"mkdf-post-text\">\n<div class=\"mkdf-post-text-inner\">\n<div class=\"mkdf-post-text-main\">\n<div class=\"mkdf-post-text\">\n<div class=\"mkdf-post-text-inner\">\n<div class=\"mkdf-post-text-main\">\n<div class=\"page-title-head hgroup\">\n<div class=\"page-title-head hgroup\">\n<div class=\"mkdf-post-text\">\n<div class=\"mkdf-post-text-inner\">\n<div class=\"mkdf-post-text-main\">\n<div class=\"mkdf-post-text\">\n<div class=\"mkdf-post-text-inner\">\n<div class=\"mkdf-post-text-main\">\n<div class=\"page-title-head hgroup\">\n<div class=\"page-title-head hgroup\">\n<div class=\"page-title-head hgroup\">\n<div class=\"page-title-head hgroup\">\n<div class=\"b654a4as d2edcug0\">\n<div class=\"page-title-head hgroup\">\n<div class=\"page-title-head hgroup\">\n<div class=\"page-title-head hgroup\">\n<div class=\"page-title-head hgroup\">\n<div class=\"b654a4as d2edcug0\">\n<div class=\"page-title-head hgroup\">\n<div class=\"page-title-head hgroup\">\n<div class=\"page-title-head hgroup\">\n<div class=\"page-title-head hgroup\">\n<div class=\"b654a4as d2edcug0\">\n<div class=\"mkdf-post-text\">\n<div class=\"mkdf-post-text-inner\">\n<div class=\"mkdf-post-text-main\">\n<div class=\"mkdf-post-text\">\n<div class=\"mkdf-post-text-inner\">\n<div class=\"mkdf-post-text-main\">\n<div class=\"mkdf-post-text\">\n<div class=\"mkdf-post-text-inner\">\n<div class=\"mkdf-post-text-main\">\n<div class=\"page-title-head hgroup\">\n<div class=\"page-title-head hgroup\">\n<div class=\"mkdf-post-text\">\n<div class=\"mkdf-post-text-inner\">\n<div class=\"mkdf-post-text-main\">\n<div class=\"mkdf-post-text\">\n<div class=\"mkdf-post-text-inner\">\n<div class=\"mkdf-post-text-main\">\n<div class=\"page-title-head hgroup\">\n<div class=\"page-title-head hgroup\">\n<div class=\"page-title-head hgroup\">\n<div class=\"page-title-head hgroup\">\n<div class=\"b654a4as d2edcug0\">\n<div class=\"page-title-head hgroup\">\n<div class=\"page-title-head hgroup\">\n<div class=\"page-title-head hgroup\">\n<div class=\"page-title-head hgroup\">\n<div class=\"b654a4as d2edcug0\">\n<div class=\"page-title-head hgroup\">\n<div class=\"page-title-head hgroup\">\n<div class=\"page-title-head hgroup\">\n<div class=\"page-title-head hgroup\">\n<div class=\"b654a4as d2edcug0\">\n<div><\/div>\n<div><\/div>\n<div>\n<p><strong>MUSICA ALLA RADIO, IL PROGRAMMA DI LORIS SCUSSEL &#8220;COLLAGE OPERAZIONE NOSTALGIA&#8221; DAL LUNEDI AL VENERDI ALLE 16.00\u00a0 E ALLE 23\u00a0<\/strong><\/p>\n<p>&nbsp;<\/p>\n<p><b>\u00a0<\/b><\/p>\n<p><b> REPLICHE, PUNTATE<\/b><\/p>\n<p><b> 359<\/b><\/p>\n<audio class=\"wp-audio-shortcode\" id=\"audio-283211-14\" preload=\"none\" style=\"width: 100%;\" controls=\"controls\"><source type=\"audio\/mpeg\" src=\"https:\/\/www.radiopiu.net\/wordpress\/wp-content\/uploads\/2022\/06\/359.mp3?_=14\" \/><a href=\"https:\/\/www.radiopiu.net\/wordpress\/wp-content\/uploads\/2022\/06\/359.mp3\">https:\/\/www.radiopiu.net\/wordpress\/wp-content\/uploads\/2022\/06\/359.mp3<\/a><\/audio>\n<p>&nbsp;<\/p>\n<p><b>360<\/b><\/p>\n<audio class=\"wp-audio-shortcode\" id=\"audio-283211-15\" preload=\"none\" style=\"width: 100%;\" controls=\"controls\"><source type=\"audio\/mpeg\" src=\"https:\/\/www.radiopiu.net\/wordpress\/wp-content\/uploads\/2022\/06\/360.mp3?_=15\" \/><a href=\"https:\/\/www.radiopiu.net\/wordpress\/wp-content\/uploads\/2022\/06\/360.mp3\">https:\/\/www.radiopiu.net\/wordpress\/wp-content\/uploads\/2022\/06\/360.mp3<\/a><\/audio>\n<\/div>\n<\/div>\n<p>&nbsp;<\/p>\n<p><strong><a class=\"dt-pswp-item\" href=\"https:\/\/www.radiopiu.net\/wordpress\/wp-content\/uploads\/2022\/06\/ADRIANO-CELENTANO-azzurro-LP-1968-ORIGINAL-CLAN-CELENTANO.jpg\" data-dt-img-description=\"\" data-large_image_width=\"400\" data-large_image_height=\"266\"><img loading=\"lazy\" decoding=\"async\" class=\"size-thumbnail wp-image-282427 alignleft\" src=\"https:\/\/www.radiopiu.net\/wordpress\/wp-content\/uploads\/2022\/06\/ADRIANO-CELENTANO-azzurro-LP-1968-ORIGINAL-CLAN-CELENTANO-150x150.jpg\" alt=\"\" width=\"150\" height=\"150\" \/><\/a>di Loris Scussel<\/strong><\/p>\n<p>Con la puntata n\u00b0630 andata in onda venerd\u00ec scorso \u00e8 terminata anche la terza serie di Collage che ora si fermer\u00e0 per la pausa estiva in attesa di riprendere in autunno la programmazione abituale con la quarta serie con l\u2019obiettivo di raggiungere quota 1.000, nel frattempo il programma manterr\u00e0 i propri spazi con la messa in onda delle repliche. La novit\u00e0 \u00e8 che ogni giorno verranno proposte due diverse puntate che vi invitiamo a riascoltare insieme a noi. In questa prima settimana troveremo tra l\u2019altro una trasmissione dedicata al Juke Box, una ai complessi italiani, una alle date del calendario oltre ad una nutrita selezione di successi internazionali. Collage va in onda dal luned\u00ec al venerd\u00ec alle 16,00 e alle 23,00 naturalmente su Radio Pi\u00f9.<\/p>\n<p>&nbsp;<\/p>\n<p>&nbsp;<\/p>\n<div class=\"b654a4as d2edcug0\">\n<hr \/>\n<\/div>\n<\/div>\n<\/div>\n<\/div>\n<\/div>\n<\/div>\n<\/div>\n<\/div>\n<\/div>\n<\/div>\n<\/div>\n<\/div>\n<\/div>\n<\/div>\n<\/div>\n<\/div>\n<\/div>\n<\/div>\n<\/div>\n<\/div>\n<\/div>\n<\/div>\n<\/div>\n<\/div>\n<\/div>\n<\/div>\n<\/div>\n<\/div>\n<\/div>\n<\/div>\n<\/div>\n<\/div>\n<\/div>\n<\/div>\n<\/div>\n<\/div>\n<\/div>\n<\/div>\n<\/div>\n<\/div>\n<\/div>\n<\/div>\n<\/div>\n<\/div>\n<\/div>\n<\/div>\n<\/div>\n<\/div>\n<\/div>\n<\/div>\n<\/div>\n<\/div>\n<\/div>\n<\/div>\n<\/div>\n<\/div>\n<\/div>\n<\/div>\n<\/div>\n<\/div>\n<\/div>\n<\/div>\n<\/div>\n<\/div>\n<p>&nbsp;<\/p>\n<blockquote>\n<h3><span style=\"color: #0000ff;\">RADIO PIU INFORMAZIONE il canale su TELEGRAM informazione di prima mano e in tempo reale. iscriviti ed aiutaci a farlo conoscere\u00a0\u00a0<\/span><\/h3>\n<\/blockquote>\n<div>\n<div class=\"page-title-head hgroup\">\n<div class=\"page-title-head hgroup\">\n<div class=\"page-title-head hgroup\">\n<div class=\"page-title-head hgroup\">\n<div class=\"b654a4as d2edcug0\">\n<div class=\"page-title-head hgroup\">\n<div class=\"page-title-head hgroup\">\n<div class=\"page-title-head hgroup\">\n<div class=\"page-title-head hgroup\">\n<div class=\"b654a4as d2edcug0\">\n<div class=\"page-title-head hgroup\">\n<div class=\"page-title-head hgroup\">\n<div class=\"page-title-head hgroup\">\n<div class=\"page-title-head hgroup\">\n<div class=\"page-title-head hgroup\">\n<div class=\"page-title-head hgroup\">\n<div class=\"page-title-head hgroup\">\n<div class=\"page-title-head hgroup\">\n<div class=\"page-title-head hgroup\">\n<div class=\"b654a4as d2edcug0\">\n<div class=\"page-title-head hgroup\">\n<div class=\"page-title-head hgroup\">\n<div class=\"page-title-head hgroup\">\n<div class=\"page-title-head hgroup\">\n<div class=\"b654a4as d2edcug0\">\n<div><\/div>\n<div>\n<div class=\"page-title-head hgroup\">\n<div class=\"page-title-head hgroup\">\n<div class=\"page-title-head hgroup\">\n<div class=\"page-title-head hgroup\">\n<div class=\"page-title-head hgroup\">\n<div class=\"mkdf-post-text\">\n<div class=\"mkdf-post-text-inner\">\n<div class=\"mkdf-post-text-main\">\n<div class=\"mkdf-post-text\">\n<div class=\"mkdf-post-text-inner\">\n<div class=\"mkdf-post-text-main\">\n<div class=\"mkdf-post-text\">\n<div class=\"mkdf-post-text-inner\">\n<div class=\"mkdf-post-text-main\">\n<div class=\"page-title-head hgroup\">\n<div class=\"page-title-head hgroup\">\n<div class=\"mkdf-post-text\">\n<div class=\"mkdf-post-text-inner\">\n<div class=\"mkdf-post-text-main\">\n<div class=\"mkdf-post-text\">\n<div class=\"mkdf-post-text-inner\">\n<div class=\"mkdf-post-text-main\">\n<div class=\"page-title-head hgroup\">\n<div class=\"page-title-head hgroup\">\n<div class=\"page-title-head hgroup\">\n<div class=\"page-title-head hgroup\">\n<div class=\"b654a4as d2edcug0\">\n<div class=\"page-title-head hgroup\">\n<div class=\"page-title-head hgroup\">\n<div class=\"page-title-head hgroup\">\n<div class=\"page-title-head hgroup\">\n<div class=\"b654a4as d2edcug0\">\n<div class=\"page-title-head hgroup\">\n<div class=\"page-title-head hgroup\">\n<div class=\"page-title-head hgroup\">\n<p>&nbsp;<\/p>\n<div>\n<div class=\"page-title-head hgroup\">\n<div class=\"page-title-head hgroup\">\n<div class=\"b654a4as d2edcug0\">\n<div class=\"j83agx80 btwxx1t3 lhclo0ds hop8lmos nkwizq5d scwd0bx6 roh60bw9\">\n<div class=\"rq0escxv hkbzh7o3 jwdofwj8 n8tt0mok r8blr3vg hyh9befq\">\n<div class=\"do00u71z l9j0dhe7 k4urcfbm\">\n<div class=\"page-title-head hgroup\">\n<div class=\"page-title-head hgroup\">\n<div class=\"b654a4as d2edcug0\">\n<div class=\"j83agx80 btwxx1t3 lhclo0ds hop8lmos nkwizq5d scwd0bx6 roh60bw9\">\n<div class=\"rq0escxv hkbzh7o3 jwdofwj8 n8tt0mok r8blr3vg hyh9befq\">\n<div class=\"do00u71z l9j0dhe7 k4urcfbm\">\n<div class=\"ecm0bbzt e5nlhep0 a8c37x1j\">\n<div class=\"kvgmc6g5 cxmmr5t8 oygrvhab hcukyx3x c1et5uql\">\n<div class=\"gmail-kvgmc6g5 gmail-cxmmr5t8 gmail-oygrvhab gmail-hcukyx3x gmail-c1et5uql gmail-ii04i59q\">\n<div class=\"page-title-head hgroup\">\n<div class=\"page-title-head hgroup\">\n<div class=\"b654a4as d2edcug0\">\n<div class=\"j83agx80 btwxx1t3 lhclo0ds hop8lmos nkwizq5d scwd0bx6 roh60bw9\">\n<div class=\"rq0escxv hkbzh7o3 jwdofwj8 n8tt0mok r8blr3vg hyh9befq\">\n<div class=\"do00u71z l9j0dhe7 k4urcfbm\">\n<div class=\"page-title-head hgroup\">\n<div class=\"page-title-head hgroup\">\n<div class=\"b654a4as d2edcug0\">\n<div class=\"j83agx80 btwxx1t3 lhclo0ds hop8lmos nkwizq5d scwd0bx6 roh60bw9\">\n<div class=\"rq0escxv hkbzh7o3 jwdofwj8 n8tt0mok r8blr3vg hyh9befq\">\n<div class=\"do00u71z l9j0dhe7 k4urcfbm\">\n<div class=\"page-title-head hgroup\">\n<div class=\"page-title-head hgroup\">\n<div class=\"b654a4as d2edcug0\">\n<div class=\"j83agx80 btwxx1t3 lhclo0ds hop8lmos nkwizq5d scwd0bx6 roh60bw9\">\n<div class=\"rq0escxv hkbzh7o3 jwdofwj8 n8tt0mok r8blr3vg hyh9befq\">\n<div class=\"do00u71z l9j0dhe7 k4urcfbm\">\n<div class=\"ecm0bbzt e5nlhep0 a8c37x1j\">\n<div class=\"kvgmc6g5 cxmmr5t8 oygrvhab hcukyx3x c1et5uql\">\n<div class=\"gmail-kvgmc6g5 gmail-cxmmr5t8 gmail-oygrvhab gmail-hcukyx3x gmail-c1et5uql gmail-ii04i59q\">\n<div class=\"page-title-head hgroup\">\n<div class=\"page-title-head hgroup\">\n<div class=\"b654a4as d2edcug0\">\n<div class=\"j83agx80 btwxx1t3 lhclo0ds hop8lmos nkwizq5d scwd0bx6 roh60bw9\">\n<div class=\"rq0escxv hkbzh7o3 jwdofwj8 n8tt0mok r8blr3vg hyh9befq\">\n<div class=\"do00u71z l9j0dhe7 k4urcfbm\">\n<div class=\"page-title-head hgroup\">\n<div class=\"page-title-head hgroup\">\n<div class=\"page-title-head hgroup\">\n<div class=\"page-title-head hgroup\">\n<div class=\"b654a4as d2edcug0\">\n<div class=\"page-title-head hgroup\">\n<div class=\"page-title-head hgroup\">\n<div class=\"page-title-head hgroup\">\n<div class=\"page-title-head hgroup\">\n<div class=\"b654a4as d2edcug0\">\n<div class=\"page-title-head hgroup\">\n<div class=\"page-title-head hgroup\">\n<div class=\"page-title-head hgroup\">\n<div class=\"page-title-head hgroup\">\n<div class=\"page-title-head hgroup\">\n<div class=\"page-title-head hgroup\">\n<div class=\"page-title-head hgroup\">\n<div class=\"page-title-head hgroup\">\n<div class=\"page-title-head hgroup\">\n<div class=\"b654a4as d2edcug0\">\n<div class=\"page-title-head hgroup\">\n<div class=\"page-title-head hgroup\">\n<div class=\"page-title-head hgroup\">\n<div class=\"page-title-head hgroup\">\n<div class=\"b654a4as d2edcug0\">\n<div class=\"page-title-head hgroup\">\n<div class=\"page-title-head hgroup\">\n<div class=\"page-title-head hgroup\">\n<div class=\"page-title-head hgroup\">\n<div class=\"page-title-head hgroup\">\n<div class=\"mkdf-post-text\">\n<div class=\"mkdf-post-text-inner\">\n<div class=\"mkdf-post-text-main\">\n<div class=\"mkdf-post-text\">\n<div class=\"mkdf-post-text-inner\">\n<div class=\"mkdf-post-text-main\">\n<div class=\"mkdf-post-text\">\n<div class=\"mkdf-post-text-inner\">\n<div class=\"mkdf-post-text-main\">\n<div class=\"page-title-head hgroup\">\n<div class=\"page-title-head hgroup\">\n<div class=\"mkdf-post-text\">\n<div class=\"mkdf-post-text-inner\">\n<div class=\"mkdf-post-text-main\">\n<div class=\"mkdf-post-text\">\n<div class=\"mkdf-post-text-inner\">\n<div class=\"mkdf-post-text-main\">\n<div class=\"page-title-head hgroup\">\n<div class=\"page-title-head hgroup\">\n<div class=\"page-title-head hgroup\">\n<div class=\"page-title-head hgroup\">\n<div class=\"b654a4as d2edcug0\">\n<div class=\"page-title-head hgroup\">\n<div class=\"page-title-head hgroup\">\n<div class=\"page-title-head hgroup\">\n<div class=\"page-title-head hgroup\">\n<div class=\"b654a4as d2edcug0\">\n<div class=\"page-title-head hgroup\">\n<div class=\"page-title-head hgroup\">\n<div class=\"page-title-head hgroup\">\n<div class=\"page-title-head hgroup\">\n<div class=\"b654a4as d2edcug0\">\n<div class=\"ecm0bbzt e5nlhep0 a8c37x1j\">\n<div class=\"kvgmc6g5 cxmmr5t8 oygrvhab hcukyx3x c1et5uql\">\n<div class=\"gmail-kvgmc6g5 gmail-cxmmr5t8 gmail-oygrvhab gmail-hcukyx3x gmail-c1et5uql gmail-ii04i59q\">\n<div class=\"page-title-head hgroup\">\n<div class=\"page-title-head hgroup\">\n<div class=\"b654a4as d2edcug0\">\n<div class=\"j83agx80 btwxx1t3 lhclo0ds hop8lmos nkwizq5d scwd0bx6 roh60bw9\">\n<div class=\"rq0escxv hkbzh7o3 jwdofwj8 n8tt0mok r8blr3vg hyh9befq\">\n<div class=\"do00u71z l9j0dhe7 k4urcfbm\">\n<div class=\"page-title-head hgroup\">\n<div class=\"page-title-head hgroup\">\n<div class=\"page-title-head hgroup\">\n<div class=\"page-title-head hgroup\">\n<div class=\"b654a4as d2edcug0\">\n<div class=\"page-title-head hgroup\">\n<div class=\"page-title-head hgroup\">\n<div class=\"page-title-head hgroup\">\n<div class=\"page-title-head hgroup\">\n<div class=\"b654a4as d2edcug0\">\n<div class=\"page-title-head hgroup\">\n<div class=\"page-title-head hgroup\">\n<div class=\"page-title-head hgroup\">\n<div class=\"page-title-head hgroup\">\n<div class=\"page-title-head hgroup\">\n<div class=\"page-title-head hgroup\">\n<div class=\"page-title-head hgroup\">\n<div class=\"page-title-head hgroup\">\n<div class=\"page-title-head hgroup\">\n<div class=\"b654a4as d2edcug0\">\n<div class=\"page-title-head hgroup\">\n<div class=\"page-title-head hgroup\">\n<div class=\"page-title-head hgroup\">\n<div class=\"page-title-head hgroup\">\n<div class=\"b654a4as d2edcug0\">\n<div class=\"page-title-head hgroup\">\n<div class=\"page-title-head hgroup\">\n<div class=\"page-title-head hgroup\">\n<div class=\"page-title-head hgroup\">\n<div class=\"page-title-head hgroup\">\n<div class=\"mkdf-post-text\">\n<div class=\"mkdf-post-text-inner\">\n<div class=\"mkdf-post-text-main\">\n<div class=\"mkdf-post-text\">\n<div class=\"mkdf-post-text-inner\">\n<div class=\"mkdf-post-text-main\">\n<div class=\"mkdf-post-text\">\n<div class=\"mkdf-post-text-inner\">\n<div class=\"mkdf-post-text-main\">\n<div class=\"page-title-head hgroup\">\n<div class=\"page-title-head hgroup\">\n<div class=\"mkdf-post-text\">\n<div class=\"mkdf-post-text-inner\">\n<div class=\"mkdf-post-text-main\">\n<div class=\"mkdf-post-text\">\n<div class=\"mkdf-post-text-inner\">\n<div class=\"mkdf-post-text-main\">\n<div class=\"page-title-head hgroup\">\n<div class=\"page-title-head hgroup\">\n<div class=\"page-title-head hgroup\">\n<div class=\"page-title-head hgroup\">\n<div class=\"b654a4as d2edcug0\">\n<div class=\"page-title-head hgroup\">\n<div class=\"page-title-head hgroup\">\n<div class=\"page-title-head hgroup\">\n<div class=\"page-title-head hgroup\">\n<div class=\"b654a4as d2edcug0\">\n<div class=\"page-title-head hgroup\">\n<div class=\"page-title-head hgroup\">\n<div class=\"page-title-head hgroup\">\n<div class=\"page-title-head hgroup\">\n<div class=\"b654a4as d2edcug0\">\n<hr \/>\n<p>&nbsp;<\/p>\n<div>\n<p><strong>DUE MINUTI UN LIBRO, TUTTI I GIORNI ALLA RADIO ALLE 9.40 E ALLE 17.50\u00a0\u00a0<\/strong><\/p>\n<div>\n<div>\n<p><strong>LA RACCOLTA COMPLETA\u00a0\u00a0<\/strong><\/p>\n<\/div>\n<\/div>\n<\/div>\n<div class=\"mkdf-post-text\">\n<div class=\"mkdf-post-text-inner\">\n<div class=\"mkdf-post-text-main\">\n<div class=\"mkdf-post-text\">\n<div class=\"mkdf-post-text-inner\">\n<div class=\"mkdf-post-text-main\">\n<div class=\"mkdf-post-text\">\n<div class=\"mkdf-post-text-inner\">\n<div class=\"mkdf-post-text-main\">\n<div class=\"page-title-head hgroup\">\n<div class=\"page-title-head hgroup\">\n<div class=\"mkdf-post-text\">\n<div class=\"mkdf-post-text-inner\">\n<div class=\"mkdf-post-text-main\">\n<div class=\"mkdf-post-text\">\n<div class=\"mkdf-post-text-inner\">\n<div class=\"mkdf-post-text-main\">\n<div class=\"page-title-head hgroup\">\n<div class=\"page-title-head hgroup\">\n<div class=\"page-title-head hgroup\">\n<div class=\"page-title-head hgroup\">\n<div class=\"b654a4as d2edcug0\">\n<div class=\"page-title-head hgroup\">\n<div class=\"page-title-head hgroup\">\n<div class=\"page-title-head hgroup\">\n<div class=\"page-title-head hgroup\">\n<div class=\"b654a4as d2edcug0\">\n<div class=\"page-title-head hgroup\">\n<div class=\"page-title-head hgroup\">\n<div class=\"page-title-head hgroup\">\n<div class=\"page-title-head hgroup\">\n<div class=\"b654a4as d2edcug0\">\n<div>\n<blockquote class=\"wp-embedded-content\" data-secret=\"cgrmHY4bMZ\"><p><a href=\"https:\/\/www.radiopiu.net\/wordpress\/due-minuti-un-libro\/\">Due minuti un libro<\/a><\/p><\/blockquote>\n<p><iframe loading=\"lazy\" class=\"wp-embedded-content\" sandbox=\"allow-scripts\" security=\"restricted\" style=\"position: absolute; clip: rect(1px, 1px, 1px, 1px);\" title=\"&#8220;Due minuti un libro&#8221; &#8212; Radio Pi\u00f9\" src=\"https:\/\/www.radiopiu.net\/wordpress\/due-minuti-un-libro\/embed\/#?secret=YOBXF8OIXP#?secret=cgrmHY4bMZ\" data-secret=\"cgrmHY4bMZ\" width=\"600\" height=\"338\" frameborder=\"0\" marginwidth=\"0\" marginheight=\"0\" scrolling=\"no\"><\/iframe><\/p>\n<p>&nbsp;<\/p>\n<\/div>\n<div>\n<hr \/>\n<p>&nbsp;<\/p>\n<\/div>\n<h2><span style=\"color: #808000;\">L&#8217;ALMANACCO LADINO\u00a0<\/span><\/h2>\n<p><strong>LA PUNTATA DEL 20 GIUGNO 2022<br \/>\n<\/strong><\/p>\n<audio class=\"wp-audio-shortcode\" id=\"audio-283211-16\" preload=\"none\" style=\"width: 100%;\" controls=\"controls\"><source type=\"audio\/mpeg\" src=\"https:\/\/www.radiopiu.net\/wordpress\/wp-content\/uploads\/2022\/06\/86\u00b0Almanach-Ladin_fodom.mp3?_=16\" \/><a href=\"https:\/\/www.radiopiu.net\/wordpress\/wp-content\/uploads\/2022\/06\/86\u00b0Almanach-Ladin_fodom.mp3\">https:\/\/www.radiopiu.net\/wordpress\/wp-content\/uploads\/2022\/06\/86\u00b0Almanach-Ladin_fodom.mp3<\/a><\/audio>\n<p><strong>\u00a0<\/strong><\/p>\n<p><strong>\u00a0<\/strong><\/p>\n<p><strong>LA RACCOLTA<\/strong><\/p>\n<blockquote class=\"wp-embedded-content\" data-secret=\"ILhekYTEu2\"><p><a href=\"https:\/\/www.radiopiu.net\/wordpress\/almanacco-ladino\/\">Almanacco Ladino<\/a><\/p><\/blockquote>\n<p><iframe loading=\"lazy\" class=\"wp-embedded-content\" sandbox=\"allow-scripts\" security=\"restricted\" style=\"position: absolute; clip: rect(1px, 1px, 1px, 1px);\" title=\"&#8220;Almanacco Ladino&#8221; &#8212; Radio Pi\u00f9\" src=\"https:\/\/www.radiopiu.net\/wordpress\/almanacco-ladino\/embed\/#?secret=5Dlc9bDvDB#?secret=ILhekYTEu2\" data-secret=\"ILhekYTEu2\" width=\"600\" height=\"338\" frameborder=\"0\" marginwidth=\"0\" marginheight=\"0\" scrolling=\"no\"><\/iframe><\/p>\n<p>&nbsp;<\/p>\n<hr \/>\n<p><span style=\"color: #33cccc;\">\u00a0<span style=\"color: #000000;\">\u00a0<\/span><\/span><\/p>\n<h2><span style=\"color: #800000;\">GIROVAGANDO IN E-BIKE 2022<\/span><\/h2>\n<p><strong>LA RACCOLTA<\/strong><\/p>\n<blockquote class=\"wp-embedded-content\" data-secret=\"c5zuGBo0mG\"><p><a href=\"https:\/\/www.radiopiu.net\/wordpress\/girovagando-in-e-bike-tra-le-dolomiti\/\">GIROVAGANDO IN E BIKE TRA LE DOLOMITI<\/a><\/p><\/blockquote>\n<p><iframe loading=\"lazy\" class=\"wp-embedded-content\" sandbox=\"allow-scripts\" security=\"restricted\" style=\"position: absolute; clip: rect(1px, 1px, 1px, 1px);\" title=\"&#8220;GIROVAGANDO IN E BIKE TRA LE DOLOMITI&#8221; &#8212; Radio Pi\u00f9\" src=\"https:\/\/www.radiopiu.net\/wordpress\/girovagando-in-e-bike-tra-le-dolomiti\/embed\/#?secret=xVoZFfD2PQ#?secret=c5zuGBo0mG\" data-secret=\"c5zuGBo0mG\" width=\"600\" height=\"338\" frameborder=\"0\" marginwidth=\"0\" marginheight=\"0\" scrolling=\"no\"><\/iframe><\/p>\n<p>&nbsp;<\/p>\n<hr \/>\n<p>&nbsp;<\/p>\n<h2><span style=\"color: #33cccc;\">LA RASSEGNA STAMPA DA L&#8217;AMICO DEL POPOLO<\/span><\/h2>\n<p><strong>LA RACCOLTA COMPLETA<\/strong><\/p>\n<blockquote class=\"wp-embedded-content\" data-secret=\"MlYYNbwzkY\"><p><a href=\"https:\/\/www.radiopiu.net\/wordpress\/rassegna-stampa-di-gianni-santomaso\/\">Rassegna stampa da l&#8217;amico del popolo &#8211; di Gianni Santomaso<\/a><\/p><\/blockquote>\n<p><iframe loading=\"lazy\" class=\"wp-embedded-content\" sandbox=\"allow-scripts\" security=\"restricted\" style=\"position: absolute; clip: rect(1px, 1px, 1px, 1px);\" title=\"&#8220;Rassegna stampa da l&#8217;amico del popolo &#8211; di Gianni Santomaso&#8221; &#8212; Radio Pi\u00f9\" src=\"https:\/\/www.radiopiu.net\/wordpress\/rassegna-stampa-di-gianni-santomaso\/embed\/#?secret=mimsexQqxR#?secret=MlYYNbwzkY\" data-secret=\"MlYYNbwzkY\" width=\"600\" height=\"338\" frameborder=\"0\" marginwidth=\"0\" marginheight=\"0\" scrolling=\"no\"><\/iframe><\/p>\n<p>&nbsp;<\/p>\n<hr \/>\n<p>&nbsp;<\/p>\n<div>\n<div class=\"page-title-head hgroup\">\n<div class=\"page-title-head hgroup\">\n<div class=\"b654a4as d2edcug0\">\n<div class=\"j83agx80 btwxx1t3 lhclo0ds hop8lmos nkwizq5d scwd0bx6 roh60bw9\">\n<div class=\"rq0escxv hkbzh7o3 jwdofwj8 n8tt0mok r8blr3vg hyh9befq\">\n<div class=\"do00u71z l9j0dhe7 k4urcfbm\">\n<div class=\"ecm0bbzt e5nlhep0 a8c37x1j\">\n<div class=\"kvgmc6g5 cxmmr5t8 oygrvhab hcukyx3x c1et5uql\">\n<div class=\"gmail-kvgmc6g5 gmail-cxmmr5t8 gmail-oygrvhab gmail-hcukyx3x gmail-c1et5uql gmail-ii04i59q\">\n<div class=\"page-title-head hgroup\">\n<div class=\"page-title-head hgroup\">\n<div class=\"b654a4as d2edcug0\">\n<div class=\"j83agx80 btwxx1t3 lhclo0ds hop8lmos nkwizq5d scwd0bx6 roh60bw9\">\n<div class=\"rq0escxv hkbzh7o3 jwdofwj8 n8tt0mok r8blr3vg hyh9befq\">\n<div class=\"do00u71z l9j0dhe7 k4urcfbm\">\n<div class=\"page-title-head hgroup\">\n<div class=\"page-title-head hgroup\">\n<div class=\"page-title-head hgroup\">\n<div class=\"page-title-head hgroup\">\n<div class=\"b654a4as d2edcug0\">\n<div class=\"page-title-head hgroup\">\n<div class=\"page-title-head hgroup\">\n<div class=\"page-title-head hgroup\">\n<div class=\"page-title-head hgroup\">\n<div class=\"b654a4as d2edcug0\">\n<div class=\"page-title-head hgroup\">\n<div class=\"page-title-head hgroup\">\n<div class=\"page-title-head hgroup\">\n<div class=\"page-title-head hgroup\">\n<div class=\"page-title-head hgroup\">\n<div class=\"page-title-head hgroup\">\n<div class=\"page-title-head hgroup\">\n<div class=\"page-title-head hgroup\">\n<div class=\"page-title-head hgroup\">\n<div class=\"b654a4as d2edcug0\">\n<div class=\"page-title-head hgroup\">\n<div class=\"page-title-head hgroup\">\n<div class=\"page-title-head hgroup\">\n<div class=\"page-title-head hgroup\">\n<div class=\"b654a4as d2edcug0\">\n<div class=\"page-title-head hgroup\">\n<div class=\"page-title-head hgroup\">\n<div class=\"page-title-head hgroup\">\n<div class=\"page-title-head hgroup\">\n<div class=\"page-title-head hgroup\">\n<div class=\"mkdf-post-text\">\n<div class=\"mkdf-post-text-inner\">\n<div class=\"mkdf-post-text-main\">\n<div class=\"mkdf-post-text\">\n<div class=\"mkdf-post-text-inner\">\n<div class=\"mkdf-post-text-main\">\n<div class=\"mkdf-post-text\">\n<div class=\"mkdf-post-text-inner\">\n<div class=\"mkdf-post-text-main\">\n<div class=\"page-title-head hgroup\">\n<div class=\"page-title-head hgroup\">\n<div class=\"mkdf-post-text\">\n<div class=\"mkdf-post-text-inner\">\n<div class=\"mkdf-post-text-main\">\n<div class=\"mkdf-post-text\">\n<div class=\"mkdf-post-text-inner\">\n<div class=\"mkdf-post-text-main\">\n<div class=\"page-title-head hgroup\">\n<div class=\"page-title-head hgroup\">\n<div class=\"page-title-head hgroup\">\n<div class=\"page-title-head hgroup\">\n<div class=\"b654a4as d2edcug0\">\n<div class=\"page-title-head hgroup\">\n<div class=\"page-title-head hgroup\">\n<div class=\"page-title-head hgroup\">\n<div class=\"page-title-head hgroup\">\n<div class=\"b654a4as d2edcug0\">\n<div class=\"page-title-head hgroup\">\n<div class=\"page-title-head hgroup\">\n<div class=\"page-title-head hgroup\">\n<div class=\"page-title-head hgroup\">\n<div class=\"b654a4as d2edcug0\">\n<h2><span style=\"color: #800080;\">I RACCONTI DI PAOLO SOPPELSA\u00a0<\/span><\/h2>\n<p><strong>LA RACCOLTA COMPLETA<\/strong><\/p>\n<blockquote class=\"wp-embedded-content\" data-secret=\"wv99tmJtqK\"><p><a href=\"https:\/\/www.radiopiu.net\/wordpress\/i-racconti-di-paolo-soppelsa\/\">I racconti di Paolo Soppelsa<\/a><\/p><\/blockquote>\n<p><iframe loading=\"lazy\" class=\"wp-embedded-content\" sandbox=\"allow-scripts\" security=\"restricted\" style=\"position: absolute; clip: rect(1px, 1px, 1px, 1px);\" title=\"&#8220;I racconti di Paolo Soppelsa&#8221; &#8212; Radio Pi\u00f9\" src=\"https:\/\/www.radiopiu.net\/wordpress\/i-racconti-di-paolo-soppelsa\/embed\/#?secret=Dr6YRlKxv2#?secret=wv99tmJtqK\" data-secret=\"wv99tmJtqK\" width=\"600\" height=\"338\" frameborder=\"0\" marginwidth=\"0\" marginheight=\"0\" scrolling=\"no\"><\/iframe><\/p>\n<p>&nbsp;<\/p>\n<hr \/>\n<p>&nbsp;<\/p>\n<\/div>\n<\/div>\n<\/div>\n<\/div>\n<\/div>\n<\/div>\n<\/div>\n<\/div>\n<\/div>\n<\/div>\n<\/div>\n<\/div>\n<\/div>\n<\/div>\n<\/div>\n<\/div>\n<\/div>\n<\/div>\n<\/div>\n<\/div>\n<\/div>\n<\/div>\n<\/div>\n<\/div>\n<\/div>\n<\/div>\n<\/div>\n<\/div>\n<\/div>\n<\/div>\n<\/div>\n<\/div>\n<\/div>\n<\/div>\n<\/div>\n<\/div>\n<\/div>\n<\/div>\n<\/div>\n<\/div>\n<\/div>\n<\/div>\n<\/div>\n<\/div>\n<\/div>\n<\/div>\n<\/div>\n<\/div>\n<\/div>\n<\/div>\n<\/div>\n<\/div>\n<\/div>\n<\/div>\n<\/div>\n<\/div>\n<\/div>\n<\/div>\n<\/div>\n<\/div>\n<\/div>\n<\/div>\n<\/div>\n<\/div>\n<\/div>\n<\/div>\n<\/div>\n<\/div>\n<\/div>\n<\/div>\n<\/div>\n<\/div>\n<\/div>\n<\/div>\n<\/div>\n<\/div>\n<\/div>\n<\/div>\n<\/div>\n<\/div>\n<\/div>\n<\/div>\n<\/div>\n<\/div>\n<\/div>\n<\/div>\n<\/div>\n<\/div>\n<\/div>\n<\/div>\n<\/div>\n<\/div>\n<\/div>\n<\/div>\n<\/div>\n<\/div>\n<\/div>\n<\/div>\n<\/div>\n<\/div>\n<\/div>\n<\/div>\n<\/div>\n<\/div>\n<\/div>\n<\/div>\n<\/div>\n<\/div>\n<\/div>\n<\/div>\n<\/div>\n<div class=\"b654a4as d2edcug0\">\n<div class=\"ecm0bbzt e5nlhep0 a8c37x1j\">\n<div class=\"kvgmc6g5 cxmmr5t8 oygrvhab hcukyx3x c1et5uql\">\n<div class=\"gmail-kvgmc6g5 gmail-cxmmr5t8 gmail-oygrvhab gmail-hcukyx3x gmail-c1et5uql gmail-ii04i59q\">\n<div>\n<div class=\"page-title-head hgroup\">\n<div class=\"page-title-head hgroup\">\n<div class=\"b654a4as d2edcug0\">\n<div class=\"j83agx80 btwxx1t3 lhclo0ds hop8lmos nkwizq5d scwd0bx6 roh60bw9\">\n<div class=\"rq0escxv hkbzh7o3 jwdofwj8 n8tt0mok r8blr3vg hyh9befq\">\n<div class=\"do00u71z l9j0dhe7 k4urcfbm\">\n<div>\n<div class=\"page-title-head hgroup\">\n<div class=\"page-title-head hgroup\">\n<div class=\"page-title-head hgroup\">\n<div class=\"page-title-head hgroup\">\n<div class=\"b654a4as d2edcug0\">\n<div class=\"page-title-head hgroup\">\n<div class=\"page-title-head hgroup\">\n<div class=\"page-title-head hgroup\">\n<div class=\"page-title-head hgroup\">\n<div class=\"b654a4as d2edcug0\">\n<div class=\"page-title-head hgroup\">\n<div class=\"page-title-head hgroup\">\n<div class=\"page-title-head hgroup\">\n<div class=\"page-title-head hgroup\">\n<div class=\"page-title-head hgroup\">\n<div class=\"mkdf-post-text\">\n<div class=\"mkdf-post-text-inner\">\n<div class=\"mkdf-post-text-main\">\n<div class=\"mkdf-post-text\">\n<div class=\"mkdf-post-text-inner\">\n<div class=\"mkdf-post-text-main\">\n<div class=\"mkdf-post-text\">\n<div class=\"mkdf-post-text-inner\">\n<div class=\"mkdf-post-text-main\">\n<div class=\"page-title-head hgroup\">\n<div class=\"page-title-head hgroup\">\n<div class=\"mkdf-post-text\">\n<div class=\"mkdf-post-text-inner\">\n<div class=\"mkdf-post-text-main\">\n<div class=\"mkdf-post-text\">\n<div class=\"mkdf-post-text-inner\">\n<div class=\"mkdf-post-text-main\">\n<div>\n<div class=\"page-title-head hgroup\">\n<div class=\"page-title-head hgroup\">\n<div>\n<div class=\"page-title-head hgroup\">\n<div class=\"page-title-head hgroup\">\n<div class=\"b654a4as d2edcug0\">\n<div>\n<div class=\"page-title-head hgroup\" style=\"text-align: left;\">\n<div class=\"page-title-head hgroup\">\n<div dir=\"auto\">\n<p><a class=\"dt-pswp-item pspw-wrap-ready\" href=\"https:\/\/i0.wp.com\/www.radiopiu.net\/wordpress\/wp-content\/uploads\/2018\/09\/WhatsApp-Image-2018-09-20-at-16.04.06.jpeg?ssl=1\" data-dt-img-description=\"\" data-large_image_width=\"800\" data-large_image_height=\"100\"><img loading=\"lazy\" decoding=\"async\" class=\"aligncenter wp-image-61378 size-full jetpack-lazy-image jetpack-lazy-image--handled\" src=\"https:\/\/i0.wp.com\/www.radiopiu.net\/wordpress\/wp-content\/uploads\/2018\/09\/WhatsApp-Image-2018-09-20-at-16.04.06.jpeg?resize=800%2C100&amp;ssl=1\" sizes=\"auto, (max-width: 800px) 100vw, 800px\" srcset=\"https:\/\/i0.wp.com\/www.radiopiu.net\/wordpress\/wp-content\/uploads\/2018\/09\/WhatsApp-Image-2018-09-20-at-16.04.06.jpeg?w=800&amp;ssl=1 800w, https:\/\/i0.wp.com\/www.radiopiu.net\/wordpress\/wp-content\/uploads\/2018\/09\/WhatsApp-Image-2018-09-20-at-16.04.06.jpeg?resize=300%2C38&amp;ssl=1 300w, https:\/\/i0.wp.com\/www.radiopiu.net\/wordpress\/wp-content\/uploads\/2018\/09\/WhatsApp-Image-2018-09-20-at-16.04.06.jpeg?resize=768%2C96&amp;ssl=1 768w\" alt=\"\" width=\"800\" height=\"100\" data-lazy-loaded=\"1\" \/><\/a><\/p>\n<\/div>\n<\/div>\n<\/div>\n<\/div>\n<\/div>\n<\/div>\n<\/div>\n<\/div>\n<\/div>\n<\/div>\n<\/div>\n<\/div>\n<\/div>\n<\/div>\n<\/div>\n<\/div>\n<\/div>\n<\/div>\n<\/div>\n<\/div>\n<\/div>\n<\/div>\n<\/div>\n<\/div>\n<\/div>\n<\/div>\n<\/div>\n<\/div>\n<\/div>\n<\/div>\n<\/div>\n<\/div>\n<\/div>\n<\/div>\n<\/div>\n<\/div>\n<\/div>\n<\/div>\n<\/div>\n<\/div>\n<\/div>\n<\/div>\n<\/div>\n<\/div>\n<\/div>\n<\/div>\n<\/div>\n<\/div>\n<\/div>\n<\/div>\n<\/div>\n<\/div>\n<\/div>\n<\/div>\n<\/div>\n<\/div>\n<\/div>\n<\/div>\n<\/div>\n<\/div>\n<\/div>\n<\/div>\n<\/div>\n<\/div>\n<\/div>\n<\/div>\n<\/div>\n<\/div>\n<\/div>\n<\/div>\n<\/div>\n<\/div>\n<\/div>\n<\/div>\n<\/div>\n<\/div>\n<\/div>\n<\/div>\n<\/div>\n<\/div>\n<\/div>\n<\/div>\n<\/div>\n<\/div>\n<\/div>\n<\/div>\n<\/div>\n<\/div>\n<\/div>\n<\/div>\n<\/div>\n<\/div>\n<\/div>\n<\/div>\n<\/div>\n<\/div>\n<\/div>\n<\/div>\n<\/div>\n<\/div>\n<\/div>\n<\/div>\n<\/div>\n<\/div>\n<\/div>\n<\/div>\n<\/div>\n<\/div>\n<\/div>\n<\/div>\n<\/div>\n<\/div>\n<\/div>\n<\/div>\n<\/div>\n<\/div>\n<\/div>\n<\/div>\n<\/div>\n<\/div>\n<\/div>\n<\/div>\n<\/div>\n<\/div>\n<\/div>\n<\/div>\n<\/div>\n<\/div>\n<\/div>\n<\/div>\n<\/div>\n<\/div>\n<\/div>\n<\/div>\n<\/div>\n<\/div>\n<\/div>\n<\/div>\n<\/div>\n<\/div>\n<\/div>\n<\/div>\n<\/div>\n<\/div>\n<\/div>\n<\/div>\n<\/div>\n<\/div>\n<\/div>\n<\/div>\n<\/div>\n<\/div>\n<\/div>\n<\/div>\n<\/div>\n<\/div>\n<\/div>\n<\/div>\n<\/div>\n<\/div>\n<\/div>\n<\/div>\n<\/div>\n<\/div>\n<\/div>\n<\/div>\n<\/div>\n<\/div>\n<\/div>\n<\/div>\n<\/div>\n<\/div>\n<\/div>\n<\/div>\n<\/div>\n<\/div>\n<\/div>\n<\/div>\n<\/div>\n<\/div>\n<\/div>\n<\/div>\n<\/div>\n<\/div>\n<\/div>\n<\/div>\n<\/div>\n<\/div>\n<\/div>\n<\/div>\n<\/div>\n<\/div>\n<\/div>\n<\/div>\n<\/div>\n<\/div>\n<\/div>\n<\/div>\n<\/div>\n<\/div>\n<\/div>\n<\/div>\n<\/div>\n<\/div>\n<\/div>\n<\/div>\n<\/div>\n<\/div>\n<\/div>\n<\/div>\n<\/div>\n<\/div>\n<\/div>\n<\/div>\n<\/div>\n<\/div>\n<\/div>\n<\/div>\n<\/div>\n<\/div>\n<\/div>\n<\/div>\n<\/div>\n<\/div>\n<\/div>\n<\/div>\n<\/div>\n<\/div>\n<\/div>\n<\/div>\n<div style=\"text-align: left;\">\n<p><strong>\u00a0<\/strong><\/p>\n<p><center><b>Sabato 25<\/b><\/center><b>Tempo atteso: <\/b>Giornata pi\u00f9 stabile con maggior soleggiamento rispetto a venerd\u00ec, specie al mattino dopo il dissolvimento di nubi base presenti in alcune valli. Dalle ore centrali e nel pomeriggio debole o al pi\u00f9 moderato sviluppo di nubi cumuliformi.<br \/>\n<b>Precipitazioni: <\/b>Al mattino assenti, dalle ore centrali e nel pomeriggio non escluso qualche rovescio o isolato temporale (20-40 %).<br \/>\n<b>Temperature: <\/b>Minime in lieve calo, massime in lieve aumento .Su Prealpi &#8211; a 1500 m: min 13 max 17, a 2000 m: min 10 max 14 Dolomiti &#8211; a 2000 m: min 9 max 15, a 3000 m: min 4 max 6<br \/>\n<b>Venti: <\/b>In quota in genere moderati ancora da sud-ovest, nelle valli deboli\/moderati a regime di brezza a 5-15 km\/h a 2000 e 3000 m.<\/p>\n<hr \/>\n<p><center><b>Domenica 26<\/b><\/center><b>Tempo atteso: <\/b>Al mattino soleggiato dopo il dissolvimento di qualche nube bassa presente in qualche valle dolomitica, dalle ore centrali e nel pomeriggio modesto sviluppo di nuvolosit\u00e0 cumuliforme.<br \/>\n<b>Precipitazioni: <\/b>Generalmente assenti seppur non del tutto escluso un rovescio nel pomeriggio\/sera (10-20 %).<br \/>\n<b>Temperature: <\/b>Minime senza variazioni di rilievo, massime in aumento su valori ben superiori alla norma. Su Prealpi a 1500 m: min 14 max 19, a 2000 m: min 10 max 15 Dolomiti &#8211; a 2000 m: min 10 max 15, a 3000 m: min 5 max 7<br \/>\n<b>Venti: <\/b>a regime di brezza nelle valli; in quota deboli a tratti moderati sulle cime pi\u00f9 elevate da sud-ovest, in rinforzo verso fine giornata, a 5-20 km\/h a 2000 e 3000 m.<\/p>\n<hr \/>\n<p><center><b>Lunedi 27<\/b><\/center>Ben soleggiato al mattino, dalle ore centrali e nel pomeriggio consueto sviluppo di nubi cumuliformi maggiore rispetto a domenica, associato a qualche possibile rovescio o temporale su Dolomiti, meno probabile su Prealpi. Caldo a tutte le quote con temperature in lieve aumento e valori sempre ben superiori alla media. Venti in quota in rinforzo fino a tesi o forti da sudovest, deboli o moderati per brezze nelle valli.<\/p>\n<hr \/>\n<p><center><b>Martedi 28<\/b><\/center>Giornata un p\u00f2 pi\u00f9 variabile: al mattino sereno o poco nuvoloso, nel pomeriggio ed in serata maggior nuvolosit\u00e0 cumuliforme rispetto a luned\u00ec con rovesci o temporali sparsi maggiormente probabili. Temperature stazionarie o in lieve calo le massime. Venti in quota moderati o tesi da sudovest, nelle valli deboli\/moderati a regime di brezza. Previsore:DDL<\/p>\n<p>&nbsp;<\/p>\n<\/div>\n<hr \/>\n<p>&nbsp;<\/p>\n<p>&nbsp;<\/p>\n<p><a href=\"https:\/\/www.radiopiu.net\/wordpress\/giornale-radiopiu-26-settembre-2018-direttore-mirko-mezzacasa\/viabilita-2\/\" rel=\"attachment wp-att-61954\"><img loading=\"lazy\" decoding=\"async\" class=\"aligncenter wp-image-61954 size-full\" src=\"https:\/\/www.radiopiu.net\/wordpress\/wp-content\/uploads\/2018\/09\/viabilita.jpeg\" sizes=\"auto, (max-width: 800px) 100vw, 800px\" srcset=\"https:\/\/www.radiopiu.net\/wordpress\/wp-content\/uploads\/2018\/09\/viabilita.jpeg 800w, https:\/\/www.radiopiu.net\/wordpress\/wp-content\/uploads\/2018\/09\/viabilita-300x38.jpeg 300w, https:\/\/www.radiopiu.net\/wordpress\/wp-content\/uploads\/2018\/09\/viabilita-768x96.jpeg 768w\" alt=\"\" width=\"800\" height=\"100\" \/><\/a><\/p>\n<p>&nbsp;<\/p>\n<blockquote class=\"wp-embedded-content\" data-secret=\"4jJChYgoGa\"><p><a href=\"https:\/\/www.radiopiu.net\/wordpress\/viabilita\/\">viabilita<\/a><\/p><\/blockquote>\n<p><iframe loading=\"lazy\" class=\"wp-embedded-content\" sandbox=\"allow-scripts\" security=\"restricted\" style=\"position: absolute; clip: rect(1px, 1px, 1px, 1px);\" title=\"&#8220;viabilita&#8221; &#8212; Radio Pi\u00f9\" src=\"https:\/\/www.radiopiu.net\/wordpress\/viabilita\/embed\/#?secret=NmaOprdNWv#?secret=4jJChYgoGa\" data-secret=\"4jJChYgoGa\" width=\"600\" height=\"338\" frameborder=\"0\" marginwidth=\"0\" marginheight=\"0\" scrolling=\"no\"><\/iframe><\/p>\n<p>&nbsp;<\/p>\n<hr \/>\n<p>&nbsp;<\/p>\n<p>&nbsp;<\/p>\n<p><img loading=\"lazy\" decoding=\"async\" class=\"wp-image-60761 size-full aligncenter\" src=\"https:\/\/www.radiopiu.net\/wordpress\/wp-content\/uploads\/2018\/09\/sport.jpg\" alt=\"\" width=\"800\" height=\"100\" srcset=\"https:\/\/www.radiopiu.net\/wordpress\/wp-content\/uploads\/2018\/09\/sport.jpg 800w, https:\/\/www.radiopiu.net\/wordpress\/wp-content\/uploads\/2018\/09\/sport-300x38.jpg 300w, https:\/\/www.radiopiu.net\/wordpress\/wp-content\/uploads\/2018\/09\/sport-768x96.jpg 768w\" sizes=\"auto, (max-width: 800px) 100vw, 800px\" \/><\/p>\n<p>&nbsp;<\/p>\n<p><span style=\"color: #0000ff;\"><strong>CALCIO<\/strong><\/span><\/p>\n<blockquote>\n<h3>UNA DOMENICA DI CALCIO SUI CAMPI DELL&#8217;AGORDINO<\/h3>\n<\/blockquote>\n<p><strong><a class=\"dt-pswp-item\" href=\"https:\/\/www.radiopiu.net\/wordpress\/wp-content\/uploads\/2022\/03\/CALCIO-2022.jpg\" data-dt-img-description=\"\" data-large_image_width=\"1920\" data-large_image_height=\"1281\"><img loading=\"lazy\" decoding=\"async\" class=\"size-thumbnail wp-image-265514 alignleft\" src=\"https:\/\/www.radiopiu.net\/wordpress\/wp-content\/uploads\/2022\/03\/CALCIO-2022-150x150.jpg\" alt=\"\" width=\"150\" height=\"150\" \/><\/a>REDAZIONE<\/strong> Terzo fine settimana con il Campionato Agordino di Calcio. Domani sono in programma sei partite del Memorial Denis Tonin sui campi della vallata. Un pomeriggio intenso che Radio Pi\u00f9 seguir\u00e0 con Ottantesimo Minuto. Tutte le partite in programma si giocheranno nel pomeriggio di domenica. Per il Girone A sar\u00e0 la settimana di riposo per il Le Ville. A Gosaldo si gioca il big match con i padroni di casa che ospitano il Taibon, entrambe le formazioni viaggiano a punteggio pieno. Il Voltago campione in carica giocher\u00e0 tra le mura amiche ed ospiter\u00e0 l&#8217;Agordo 2009 mentre a La Valle arriva il Vallada. In campo anche le squadre del Girone B. Tra le sfide spicca il match di Cernadoi con il Fodom che prover\u00e0 a mettere il bastone tra le ruote al Cencenighe. A Boscoverde si gioca il derby tra Alleghe e Caprile mentre a Canale i padroni di casa ospitano il Rivamonte. <strong>LA CLASSIFICA:<\/strong> Girone A: Voltago, Gosaldo e Taibon 6, Vallada, Agordo 2009*, Le Ville e La Valle *0 (* una partita in meno) Girone B: Cencenighe 3, Rivamonte, Caprile, Canale e Fodom 1, Alleghe 0 <strong>LE PROSSIME PARTITE.<\/strong> Girone A: domani alle 16 Voltago \u2013 Agordo 2009 e Gosaldo &#8211; Taibon. Alle 16:30 La Valle Vallada. Riposa: Le Ville. Girone B: domani alle 16 Alleghe \u2013 Caprile, Fodom \u2013 Cencenighe e Canale &#8211; Rivamonte.<\/p>\n<p>Anche i giovani under 14 scendono in campo oggi pomeriggio per la seconda giornata del torneo. Queste le partite in programma: alle 16 Cencenighe \u2013 Caprile e Fodom \u2013 Canale. Luned\u00ec alle 18 La Valle \u2013 Taibon. Riposa il Le Ville. <strong>LA CLASSIFICA\u00a0<\/strong>Cencenighe 3<strong>,\u00a0<\/strong>Caprile e Fodom 1, Le Ville, Canale, Taibon e La Valle 0<\/p>\n<p>&nbsp;<\/p>\n<p>&nbsp;<\/p>\n<hr \/>\n<p>&nbsp;<\/p>\n<h2><span style=\"color: #008000;\"><a class=\"dt-pswp-item\" href=\"https:\/\/www.radiopiu.net\/wordpress\/wp-content\/uploads\/2019\/01\/CALCIO-FALLO.jpeg\" data-dt-img-description=\"\" data-large_image_width=\"1600\" data-large_image_height=\"848\"><img loading=\"lazy\" decoding=\"async\" class=\" wp-image-71538 alignleft\" src=\"https:\/\/www.radiopiu.net\/wordpress\/wp-content\/uploads\/2019\/01\/CALCIO-FALLO-150x150.jpeg\" alt=\"\" width=\"74\" height=\"74\" \/><\/a>SPECIALE CAMPIONATO AGORDINO<\/span><\/h2>\n<p><strong>\u00a0<\/strong><\/p>\n<p><strong>\u00a0<\/strong><\/p>\n<p><strong>RIASCOLTA OTTANTESIMO MINUTO &#8211; SECONDA PUNTATA<\/strong><\/p>\n<audio class=\"wp-audio-shortcode\" id=\"audio-283211-17\" preload=\"none\" style=\"width: 100%;\" controls=\"controls\"><source type=\"audio\/mpeg\" src=\"https:\/\/www.radiopiu.net\/wordpress\/wp-content\/uploads\/2022\/06\/80MIN.mp3?_=17\" \/><a href=\"https:\/\/www.radiopiu.net\/wordpress\/wp-content\/uploads\/2022\/06\/80MIN.mp3\">https:\/\/www.radiopiu.net\/wordpress\/wp-content\/uploads\/2022\/06\/80MIN.mp3<\/a><\/audio>\n<p>&nbsp;<\/p>\n<p><strong>RIASCOLTA CAMPIONATO AGORDINO SHOW &#8211; SECONDA PUNTATA (LA SINTESI)<\/strong><\/p>\n<audio class=\"wp-audio-shortcode\" id=\"audio-283211-18\" preload=\"none\" style=\"width: 100%;\" controls=\"controls\"><source type=\"audio\/mpeg\" src=\"https:\/\/www.radiopiu.net\/wordpress\/wp-content\/uploads\/2022\/06\/AGOS.mp3?_=18\" \/><a href=\"https:\/\/www.radiopiu.net\/wordpress\/wp-content\/uploads\/2022\/06\/AGOS.mp3\">https:\/\/www.radiopiu.net\/wordpress\/wp-content\/uploads\/2022\/06\/AGOS.mp3<\/a><\/audio>\n<p>&nbsp;<\/p>\n<hr \/>\n<p>&nbsp;<\/p>\n<p><span style=\"color: #0000ff;\"><strong>HOCKEY SU GHIACCIO<\/strong><\/span><\/p>\n<blockquote>\n<h3>INIZIATA LA PREPARAZIONE ATLETICA PER LE SQUADRE DELL&#8217;ALLEGHE HOCKEY<\/h3>\n<\/blockquote>\n<p><strong><a class=\"dt-pswp-item\" href=\"https:\/\/www.radiopiu.net\/wordpress\/wp-content\/uploads\/2019\/08\/logo-alleghe-hockey.png\" data-dt-img-description=\"\" data-large_image_width=\"547\" data-large_image_height=\"512\"><img loading=\"lazy\" decoding=\"async\" class=\"size-thumbnail wp-image-95699 alignleft\" src=\"https:\/\/www.radiopiu.net\/wordpress\/wp-content\/uploads\/2019\/08\/logo-alleghe-hockey-150x150.png\" alt=\"\" width=\"150\" height=\"150\" \/><\/a>di Roberto Miana, portavoce dell&#8217;Alleghe Hockey<\/strong><\/p>\n<p>In vista della nuova stagione sportiva gli atleti dell\u2019Alleghe Hockey hanno cominciato da alcune settimane la preparazione atletica che, come da consuetudine, inizialmente \u00e8 impostata esclusivamente su allenamenti a secco, cio\u00e8 non sul ghiaccio, fondamentale per prevenire infortuni muscolari e affrontare fisicamente al meglio la stagione agonistica. I primi a tornare a faticare sono stati i giocatori della squadra senior partecipante al campionato di IHL, gi\u00e0 al lavoro dalla seconda settimana di maggio con tre\/quattro sedute settimanali in base ai programmi personalizzati stilati dal neo preparatore atletico Nicola Fontanive. Il gruppo delle junior ha invece iniziato la preparazione un paio di settimane dopo, sotto l\u2019attenta guida del nuovo preparatore Nicol\u00f2 Paganin, che \u00e8 sempre in contatto con Nicola Fontanive per una programmazione congiunta del lavoro da svolgere. Per i giovanissimi atleti nati dal 2012 al 2010 sono previste 2 sedute settimanali presso il campo di calcio \u201cai Tof\u201d, grazie alla disponibilit\u00e0 e collaborazione della societ\u00e0 calcio Caprile. Mentre i ragazzi pi\u00f9 grandi, nati dal 2009 al 2006, si allenano 3 volte alla settimana nella palestra dello stadio del ghiaccio di Alleghe. Per tutti gli atleti junior della zona Agordo\/Cencenighe coinvolti nella preparazione \u00e8 stato da subito riattivato anche il servizio pulmino, grazie al sempre preziosissimo aiuto di Dino De Dea, Renato Bellenzier e Danilo Bellenzier e della famiglia Vigilante.<\/p>\n<p>&nbsp;<\/p>\n<p>&nbsp;<\/p>\n<hr \/>\n<p>&nbsp;<\/p>\n<p><span style=\"color: #0000ff;\"><strong>PALLAVOLO<\/strong><\/span><\/p>\n<blockquote>\n<h3>MOZZATO RINNOVA CON IL BELLUNO<\/h3>\n<\/blockquote>\n<p><strong><a class=\"dt-pswp-item\" href=\"https:\/\/www.radiopiu.net\/wordpress\/wp-content\/uploads\/2022\/06\/Matteo_Mozzato_rinnova_con_la_DRL.jpg\" data-dt-img-description=\"\" data-large_image_width=\"1120\" data-large_image_height=\"1127\"><img loading=\"lazy\" decoding=\"async\" class=\"size-thumbnail wp-image-283288 alignleft\" src=\"https:\/\/www.radiopiu.net\/wordpress\/wp-content\/uploads\/2022\/06\/Matteo_Mozzato_rinnova_con_la_DRL-150x150.jpg\" alt=\"\" width=\"150\" height=\"150\" srcset=\"https:\/\/www.radiopiu.net\/wordpress\/wp-content\/uploads\/2022\/06\/Matteo_Mozzato_rinnova_con_la_DRL-150x150.jpg 150w, https:\/\/www.radiopiu.net\/wordpress\/wp-content\/uploads\/2022\/06\/Matteo_Mozzato_rinnova_con_la_DRL-298x300.jpg 298w, https:\/\/www.radiopiu.net\/wordpress\/wp-content\/uploads\/2022\/06\/Matteo_Mozzato_rinnova_con_la_DRL-1018x1024.jpg 1018w, https:\/\/www.radiopiu.net\/wordpress\/wp-content\/uploads\/2022\/06\/Matteo_Mozzato_rinnova_con_la_DRL-768x773.jpg 768w, https:\/\/www.radiopiu.net\/wordpress\/wp-content\/uploads\/2022\/06\/Matteo_Mozzato_rinnova_con_la_DRL.jpg 1120w\" sizes=\"auto, (max-width: 150px) 100vw, 150px\" \/><\/a>BELLUNO <\/strong>Prende sempre pi\u00f9 forma il mosaico della Da Rold Logistics Belluno, in vista della stagione 2022-2023. Dopo gli arrivi dell\u2019opposto Marco Novello e dello schiacciatore Alberto Saibene, e le conferme di capitan Paganin, di Maccabruni in regia e Graziani in banda, ecco un altro tassello importante. Anzi, \u201ccentrale\u201d: Matteo Mozzato vestir\u00e0 nuovamente l\u2019abito biancobl\u00f9.<span class=\"gmail-Apple-converted-space\">\u00a0<\/span>\u00ab<em>Nonostante l\u2019interesse di molte societ\u00e0 &#8211; spiega il direttore generale della DRL, Franco Da Re &#8211; Matteo ha deciso di rimanere a Belluno e di sposare il nostro progetto. Inutile nascondere la grande soddisfazione da parte di tutta la dirigenza<\/em>\u00bb. E soddisfatto lo \u00e8 pure Mozzato: \u00ab<em>Qui mi sono trovato molto bene, soprattutto con il presidente Sandro Da Rold e il fratello Stefano. Sono sempre stati disponibili e gentili con me. In pi\u00f9, la societ\u00e0 ha ambizioni e cresce di anno in anno<\/em>\u00bb.<span class=\"gmail-Apple-converted-space\">\u00a0<\/span><\/p>\n<p>&nbsp;<\/p>\n<p>&nbsp;<\/p>\n<hr \/>\n<p>&nbsp;<\/p>\n<p><span style=\"color: #0000ff;\"><strong>ATLETICA<\/strong><\/span><\/p>\n<blockquote>\n<h3>OGGI IL MEMORIAL ROMEO DILLI A FELTRE<\/h3>\n<\/blockquote>\n<p><strong><a class=\"dt-pswp-item\" href=\"https:\/\/www.radiopiu.net\/wordpress\/wp-content\/uploads\/2022\/06\/De-Paoli_Camilla_ph.-Atleticamente.jpg\" data-dt-img-description=\"\" data-large_image_width=\"1920\" data-large_image_height=\"1280\"><img loading=\"lazy\" decoding=\"async\" class=\" wp-image-283289 alignleft\" src=\"https:\/\/www.radiopiu.net\/wordpress\/wp-content\/uploads\/2022\/06\/De-Paoli_Camilla_ph.-Atleticamente-150x150.jpg\" alt=\"\" width=\"89\" height=\"89\" \/><\/a>FELTRE<\/strong> Oggi allo stadio comunale <span lang=\"EN-US\">\u201c<\/span>Zugni Tauro<span lang=\"EN-US\">\u201d<\/span> di Feltre, organizzato dalle societ\u00e0 Ana Atletica Feltre e Associazione <span lang=\"EN-US\">\u201c<\/span>Giro delle Mura<span lang=\"EN-US\">\u201d<\/span>, 12<span lang=\"EN-US\">\u00b0<\/span> memorial <span lang=\"EN-US\">\u201c<\/span>Romeo Dilli<span lang=\"EN-US\">\u201d<\/span>. Si rinnova l<span lang=\"EN-US\">\u2019<\/span>appuntamento con il classico meeting feltrino, a livello assoluto e promozionale, che quest<span lang=\"EN-US\">\u2019<\/span>anno sar\u00e0 anche abbinato alla 4^ tappa di Coppa Veneto. Circa 600 gli iscritti. Nell<span lang=\"EN-US\">\u2019<\/span>alto allieve la vicecampionessa italiana di categoria, Camilla De Paoli, stella emergente della societ\u00e0 di casa Ana Atletica Feltre, fresca di convocazione per gli Europei under 18 di Gerusalemme.<\/p>\n<\/div>\n<\/div>\n<\/div>\n<\/div>\n<\/div>\n<\/div>\n<\/div>\n<\/div>\n<\/div>\n<\/div>\n<\/div>\n<\/div>\n<\/div>\n<\/div>\n<\/div>\n<\/div>\n<\/div>\n<\/div>\n<\/div>\n<\/div>\n<\/div>\n<\/div>\n<\/div>\n<\/div>\n<\/div>\n<\/div>\n<\/div>\n<\/div>\n<\/div>\n<\/div>\n<\/div>\n<\/div>\n<\/div>\n<\/div>\n<\/div>\n<\/div>\n<\/div>\n<\/div>\n<\/div>\n<\/div>\n<\/div>\n<\/div>\n<\/div>\n<\/div>\n<\/div>\n<\/div>\n<\/div>\n<\/div>\n<\/div>\n<\/div>\n<\/div>\n<\/div>\n<\/div>\n<\/div>\n<\/div>\n<\/div>\n<\/div>\n<\/div>\n<\/div>\n<\/div>\n<\/div>\n<\/div>\n<\/div>\n<\/div>\n<\/div>\n<\/div>\n<\/div>\n<\/div>\n<\/div>\n<\/div>\n<\/div>\n<\/div>\n<\/div>\n<\/div>\n<\/div>\n<\/div>\n<\/div>\n<\/div>\n<\/div>\n<\/div>\n<\/div>\n<\/div>\n<\/div>\n<\/div>\n<\/div>\n<\/div>\n<\/div>\n<\/div>\n<\/div>\n<\/div>\n<\/div>\n<\/div>\n<\/div>\n<\/div>\n<\/div>\n<\/div>\n<\/div>\n<\/div>\n<\/div>\n<\/div>\n<\/div>\n<\/div>\n<\/div>\n<\/div>\n<\/div>\n","protected":false},"excerpt":{"rendered":"<p>RADIO PIU INFORMAZIONE il canale su TELEGRAM informazione di prima\u00a0 mano e in tempo reale. iscriviti ed aiutaci a farlo conoscere\u00a0 25 GIUGNO 1983- 25 GIUGNO 2022. AUGURI RADIO PIU&#8217;. 39 ANNI DI RADIO IL MESSAGGIO DI FABIO GUADAGNINI Fabio Guadagnini\u00a0(Agordo,\u00a014 novembre\u00a01964) \u00e8 un\u00a0giornalista,\u00a0manager\u00a0e\u00a0conduttore televisivo\u00a0italiano. \u00c8 stato Direttore di\u00a0Sky Sport 24, di\u00a0Sky Sport\u00a0e di\u00a0Fox Sports\u00a0e&hellip;<\/p>\n","protected":false},"author":4,"featured_media":283374,"comment_status":"closed","ping_status":"closed","sticky":false,"template":"","format":"standard","meta":{"_monsterinsights_skip_tracking":false,"_monsterinsights_sitenote_active":false,"_monsterinsights_sitenote_note":"","_monsterinsights_sitenote_category":0,"footnotes":""},"categories":[104,86,49],"tags":[],"class_list":["post-283211","post","type-post","status-publish","format-standard","has-post-thumbnail","hentry","category-evidenza_3","category-gr","category-news-18","category-104","category-86","category-49","description-off"],"img_url":"https:\/\/www.radiopiu.net\/wordpress\/wp-content\/uploads\/2022\/06\/AAA-12.jpg","_links":{"self":[{"href":"https:\/\/www.radiopiu.net\/wordpress\/wp-json\/wp\/v2\/posts\/283211","targetHints":{"allow":["GET"]}}],"collection":[{"href":"https:\/\/www.radiopiu.net\/wordpress\/wp-json\/wp\/v2\/posts"}],"about":[{"href":"https:\/\/www.radiopiu.net\/wordpress\/wp-json\/wp\/v2\/types\/post"}],"author":[{"embeddable":true,"href":"https:\/\/www.radiopiu.net\/wordpress\/wp-json\/wp\/v2\/users\/4"}],"replies":[{"embeddable":true,"href":"https:\/\/www.radiopiu.net\/wordpress\/wp-json\/wp\/v2\/comments?post=283211"}],"version-history":[{"count":0,"href":"https:\/\/www.radiopiu.net\/wordpress\/wp-json\/wp\/v2\/posts\/283211\/revisions"}],"wp:featuredmedia":[{"embeddable":true,"href":"https:\/\/www.radiopiu.net\/wordpress\/wp-json\/wp\/v2\/media\/283374"}],"wp:attachment":[{"href":"https:\/\/www.radiopiu.net\/wordpress\/wp-json\/wp\/v2\/media?parent=283211"}],"wp:term":[{"taxonomy":"category","embeddable":true,"href":"https:\/\/www.radiopiu.net\/wordpress\/wp-json\/wp\/v2\/categories?post=283211"},{"taxonomy":"post_tag","embeddable":true,"href":"https:\/\/www.radiopiu.net\/wordpress\/wp-json\/wp\/v2\/tags?post=283211"}],"curies":[{"name":"wp","href":"https:\/\/api.w.org\/{rel}","templated":true}]}}