{"id":283219,"date":"2022-06-24T05:39:05","date_gmt":"2022-06-24T03:39:05","guid":{"rendered":"https:\/\/www.radiopiu.net\/wordpress\/?p=283219"},"modified":"2022-06-24T05:43:18","modified_gmt":"2022-06-24T03:43:18","slug":"commercianti-contro-la-granfondo-lennesimo-danno","status":"publish","type":"post","link":"https:\/\/www.radiopiu.net\/wordpress\/commercianti-contro-la-granfondo-lennesimo-danno\/","title":{"rendered":"COMMERCIANTI &#8220;CONTRO&#8221; LA GRANFONDO: &#8220;L&#8217;ENNESIMO DANNO&#8221;"},"content":{"rendered":"<p><strong><img loading=\"lazy\" decoding=\"async\" class=\"alignleft\" src=\"https:\/\/www.radiopiu.net\/wordpress\/wp-content\/uploads\/2020\/10\/Castello.jpg\" width=\"167\" height=\"104\" \/>FELTRE<\/strong> A due giorni dall&#8217;evento l&#8217;organizzazione ha deciso di vietare il parcheggio verso Borgo Ruga. Due giorni prima con il benestare dell&#8217;amministrazione comunale e i commercianti alzano le barricate.\u00a0<em>\u00abIl divieto di parcheggio scattato due giorni prima della Granfondo ciclistica \u00e8 l&#8217;ennesimo segnale di scarsa attenzione verso Borgo Ruga\u00bb.<\/em>\u00a0 Come \u00e8 gestita attualmente la viabilit\u00e0, rende molto complicato intercettare i clienti che si vorrebbero fermare. Un appello, rimasto peraltro senza risposta. Ecco perch\u00e9 i negozianti fanno un appello a chiunque sar\u00e0 il prossimo primo cittadino: <em>\u00abQui \u00e8 difficile fare commercio, e se si vieta di parcheggiare due giorni prima di una manifestazione quando si \u00e8 messo mano alla transennatura solo il sabato, diventa tutto pi\u00f9 difficile. Gi\u00e0 paghiamo un prezzo altissimo per via Tortesen chiusa ormai da tempo e che non si sa nemmeno quando verr\u00e0 riaperta&#8221;.\u00a0<\/em><\/p>\n","protected":false},"excerpt":{"rendered":"<p>FELTRE A due giorni dall&#8217;evento l&#8217;organizzazione ha deciso di vietare il parcheggio verso Borgo Ruga. Due giorni prima con il benestare dell&#8217;amministrazione comunale e i commercianti alzano le barricate.\u00a0\u00abIl divieto di parcheggio scattato due giorni prima della Granfondo ciclistica \u00e8 l&#8217;ennesimo segnale di scarsa attenzione verso Borgo Ruga\u00bb.\u00a0 Come \u00e8 gestita attualmente la viabilit\u00e0, rende&hellip;<\/p>\n","protected":false},"author":4,"featured_media":167850,"comment_status":"closed","ping_status":"closed","sticky":false,"template":"","format":"standard","meta":{"_monsterinsights_skip_tracking":false,"_monsterinsights_sitenote_active":false,"_monsterinsights_sitenote_note":"","_monsterinsights_sitenote_category":0,"footnotes":""},"categories":[51,49],"tags":[],"class_list":["post-283219","post","type-post","status-publish","format-standard","has-post-thumbnail","hentry","category-evidenza-top","category-news-18","category-51","category-49","description-off"],"img_url":"https:\/\/www.radiopiu.net\/wordpress\/wp-content\/uploads\/2020\/10\/Castello.jpg","_links":{"self":[{"href":"https:\/\/www.radiopiu.net\/wordpress\/wp-json\/wp\/v2\/posts\/283219","targetHints":{"allow":["GET"]}}],"collection":[{"href":"https:\/\/www.radiopiu.net\/wordpress\/wp-json\/wp\/v2\/posts"}],"about":[{"href":"https:\/\/www.radiopiu.net\/wordpress\/wp-json\/wp\/v2\/types\/post"}],"author":[{"embeddable":true,"href":"https:\/\/www.radiopiu.net\/wordpress\/wp-json\/wp\/v2\/users\/4"}],"replies":[{"embeddable":true,"href":"https:\/\/www.radiopiu.net\/wordpress\/wp-json\/wp\/v2\/comments?post=283219"}],"version-history":[{"count":0,"href":"https:\/\/www.radiopiu.net\/wordpress\/wp-json\/wp\/v2\/posts\/283219\/revisions"}],"wp:featuredmedia":[{"embeddable":true,"href":"https:\/\/www.radiopiu.net\/wordpress\/wp-json\/wp\/v2\/media\/167850"}],"wp:attachment":[{"href":"https:\/\/www.radiopiu.net\/wordpress\/wp-json\/wp\/v2\/media?parent=283219"}],"wp:term":[{"taxonomy":"category","embeddable":true,"href":"https:\/\/www.radiopiu.net\/wordpress\/wp-json\/wp\/v2\/categories?post=283219"},{"taxonomy":"post_tag","embeddable":true,"href":"https:\/\/www.radiopiu.net\/wordpress\/wp-json\/wp\/v2\/tags?post=283219"}],"curies":[{"name":"wp","href":"https:\/\/api.w.org\/{rel}","templated":true}]}}