{"id":283253,"date":"2022-06-24T10:00:41","date_gmt":"2022-06-24T08:00:41","guid":{"rendered":"https:\/\/www.radiopiu.net\/wordpress\/?p=283253"},"modified":"2022-06-24T10:57:45","modified_gmt":"2022-06-24T08:57:45","slug":"iniziata-la-preparazione-atletica-per-le-squadre","status":"publish","type":"post","link":"https:\/\/www.radiopiu.net\/wordpress\/iniziata-la-preparazione-atletica-per-le-squadre\/","title":{"rendered":"INIZIATA LA PREPARAZIONE ATLETICA PER LE SQUADRE DELL&#8217;ALLEGHE HOCKEY"},"content":{"rendered":"<p><strong><a class=\"dt-pswp-item\" href=\"https:\/\/www.radiopiu.net\/wordpress\/wp-content\/uploads\/2019\/08\/logo-alleghe-hockey.png\" data-dt-img-description=\"\" data-large_image_width=\"547\" data-large_image_height=\"512\"><img loading=\"lazy\" decoding=\"async\" class=\"size-thumbnail wp-image-95699 alignleft\" src=\"https:\/\/www.radiopiu.net\/wordpress\/wp-content\/uploads\/2019\/08\/logo-alleghe-hockey-150x150.png\" alt=\"\" width=\"150\" height=\"150\" \/><\/a>di Roberto Miana, portavoce dell&#8217;Alleghe Hockey<\/strong><\/p>\n<p>In vista della nuova stagione sportiva gli atleti dell\u2019Alleghe Hockey hanno cominciato da alcune settimane la preparazione atletica che, come da consuetudine, inizialmente \u00e8 impostata esclusivamente su allenamenti a secco, cio\u00e8 non sul ghiaccio, fondamentale per prevenire infortuni muscolari e affrontare fisicamente al meglio la stagione agonistica. I primi a tornare a faticare sono stati i giocatori della squadra senior partecipante al campionato di IHL, gi\u00e0 al lavoro dalla seconda settimana di maggio con tre\/quattro sedute settimanali in base ai programmi personalizzati stilati dal neo preparatore atletico Nicola Fontanive. Il gruppo delle junior ha invece iniziato la preparazione un paio di settimane dopo, sotto l\u2019attenta guida del nuovo preparatore Nicol\u00f2 Paganin, che \u00e8 sempre in contatto con Nicola Fontanive per una programmazione congiunta del lavoro da svolgere. Per i giovanissimi atleti nati dal 2012 al 2010 sono previste 2 sedute settimanali presso il campo di calcio \u201cai Tof\u201d, grazie alla disponibilit\u00e0 e collaborazione della societ\u00e0 calcio Caprile. Mentre i ragazzi pi\u00f9 grandi, nati dal 2009 al 2006, si allenano 3 volte alla settimana nella palestra dello stadio del ghiaccio di Alleghe. Per tutti gli atleti junior della zona Agordo\/Cencenighe coinvolti nella preparazione \u00e8 stato da subito riattivato anche il servizio pulmino, grazie al sempre preziosissimo aiuto di Dino De Dea, Renato Bellenzier e Danilo Bellenzier e della famiglia Vigilante.<\/p>\n<p>&nbsp;<\/p>\n<p>&nbsp;<\/p>\n<p>*****<\/p>\n","protected":false},"excerpt":{"rendered":"<p>di Roberto Miana, portavoce dell&#8217;Alleghe Hockey In vista della nuova stagione sportiva gli atleti dell\u2019Alleghe Hockey hanno cominciato da alcune settimane la preparazione atletica che, come da consuetudine, inizialmente \u00e8 impostata esclusivamente su allenamenti a secco, cio\u00e8 non sul ghiaccio, fondamentale per prevenire infortuni muscolari e affrontare fisicamente al meglio la stagione agonistica. I primi&hellip;<\/p>\n","protected":false},"author":4,"featured_media":95699,"comment_status":"closed","ping_status":"closed","sticky":false,"template":"","format":"standard","meta":{"_monsterinsights_skip_tracking":false,"_monsterinsights_sitenote_active":false,"_monsterinsights_sitenote_note":"","_monsterinsights_sitenote_category":0,"footnotes":""},"categories":[49],"tags":[],"class_list":["post-283253","post","type-post","status-publish","format-standard","has-post-thumbnail","hentry","category-news-18","category-49","description-off"],"img_url":"https:\/\/www.radiopiu.net\/wordpress\/wp-content\/uploads\/2019\/08\/logo-alleghe-hockey.png","_links":{"self":[{"href":"https:\/\/www.radiopiu.net\/wordpress\/wp-json\/wp\/v2\/posts\/283253","targetHints":{"allow":["GET"]}}],"collection":[{"href":"https:\/\/www.radiopiu.net\/wordpress\/wp-json\/wp\/v2\/posts"}],"about":[{"href":"https:\/\/www.radiopiu.net\/wordpress\/wp-json\/wp\/v2\/types\/post"}],"author":[{"embeddable":true,"href":"https:\/\/www.radiopiu.net\/wordpress\/wp-json\/wp\/v2\/users\/4"}],"replies":[{"embeddable":true,"href":"https:\/\/www.radiopiu.net\/wordpress\/wp-json\/wp\/v2\/comments?post=283253"}],"version-history":[{"count":0,"href":"https:\/\/www.radiopiu.net\/wordpress\/wp-json\/wp\/v2\/posts\/283253\/revisions"}],"wp:featuredmedia":[{"embeddable":true,"href":"https:\/\/www.radiopiu.net\/wordpress\/wp-json\/wp\/v2\/media\/95699"}],"wp:attachment":[{"href":"https:\/\/www.radiopiu.net\/wordpress\/wp-json\/wp\/v2\/media?parent=283253"}],"wp:term":[{"taxonomy":"category","embeddable":true,"href":"https:\/\/www.radiopiu.net\/wordpress\/wp-json\/wp\/v2\/categories?post=283253"},{"taxonomy":"post_tag","embeddable":true,"href":"https:\/\/www.radiopiu.net\/wordpress\/wp-json\/wp\/v2\/tags?post=283253"}],"curies":[{"name":"wp","href":"https:\/\/api.w.org\/{rel}","templated":true}]}}