{"id":283293,"date":"2022-06-24T14:25:06","date_gmt":"2022-06-24T12:25:06","guid":{"rendered":"https:\/\/www.radiopiu.net\/wordpress\/?p=283293"},"modified":"2022-06-24T15:01:33","modified_gmt":"2022-06-24T13:01:33","slug":"il-lago-del-mis-guida-la-sezione-laghi-della-classifica-blu-di-legambiente-e-touring-club","status":"publish","type":"post","link":"https:\/\/www.radiopiu.net\/wordpress\/il-lago-del-mis-guida-la-sezione-laghi-della-classifica-blu-di-legambiente-e-touring-club\/","title":{"rendered":"\u00a0  IL LAGO DEL MIS GUIDA LA SEZIONE LAGHI DELLA CLASSIFICA BLU DI LEGAMBIENTE E TOURING CLUB."},"content":{"rendered":"<p><u><strong><img loading=\"lazy\" decoding=\"async\" class=\"alignleft\" src=\"https:\/\/www.radiopiu.net\/wordpress\/wp-content\/uploads\/2020\/08\/Lago-di-Mis-Sospirolo-Foto-113.jpg\" width=\"245\" height=\"185\" \/>SOSPIROLO <\/strong><\/u>Tra i laghi pi\u00f9 belli d\u2019Italia quello del Mis, conquista la vetta dei laghi nella classifica della Guida Blu di Legambiente e Touring Club Italiano. Un riconoscimento che attesta l\u2019attenzione verso la salvaguardia dell\u2019ambiente, lo stato di conservazione del territorio, l\u2019accoglienza e la sostenibilit\u00e0 turistica, la pulizia e la gestione ambientale. Insomma, un vero e proprio certificato di eccellenza che suggerisce dove trovare luoghi incontaminati che dimostrano di saper coniugare al meglio le tematiche ambientali con le prospettive di sviluppo economico, anche nel turismo lacustre.<em> \u201cCon le grandi sfide che abbiamo di fronte, a cominciare dalla sfida climatica, pensare allo sviluppo del turismo in termini sostenibili diventa assolutamente fondamentale \u2013 dice il Presidente della Regione Luca Zaia-. La vacanza al lago, in Veneto, rappresenta una delle destinazioni che hanno contribuito alla ripresa del turismo durante i due anni di pandemia e la vallata dolomitica con le acque turchesi del suo lago del Mis, rappresenta uno dei luoghi pi\u00f9 affascinanti della nostra regione. La Guida Blu, infatti, ci ha premiati per lo spettacolo naturale che offre questo luogo, ancora incontaminato&#8221; .<\/em> La nuova classifica, stilata da Legambiente Touring Club Italiano, da oltre vent\u2019anni stimola e orienta le vacanze di quanti preferiscono scegliere la propria meta estiva all\u2019insegna della responsabilit\u00e0 e della qualit\u00e0 ambientale.<\/p>\n<p><em>\u201cE\u2019 nella vallata dolomitica bellunese il lago pi\u00f9 bello d\u2019Italia, in cui qualit\u00e0 ambientale, qualit\u00e0 dei servizi ricettivi e qualit\u00e0 delle acque incontrano politiche di tutela della biodiversit\u00e0. Ed \u00e8 proprio secondo questi criteri che il lago del Mis, ai piedi delle vette Patrimonio dell\u2019Umanit\u00e0, si pone in cima alla sezione Laghi della Guida Blu 2022 e diventa uno dei luoghi pi\u00f9 affascinanti dove vivere una esperienza di turismo slow\u201d.<\/em> Lo dice l\u2019Assessore regionale al Turismo salutando il riconoscimento assegnato al lago veneto, premiato da Legambiente e Touring come migliore localit\u00e0 italiana per purezza delle acque, servizi per i turisti e qualit\u00e0 ambientale.<\/p>\n<p>&nbsp;<\/p>\n\n\t\t\t<style type='text\/css'>\n\t\t\t\t#gallery-1 {\n\t\t\t\t\tmargin: auto;\n\t\t\t\t}\n\t\t\t\t#gallery-1 .gallery-item {\n\t\t\t\t\tfloat: left;\n\t\t\t\t\tmargin-top: 10px;\n\t\t\t\t\ttext-align: center;\n\t\t\t\t\twidth: 50%;\n\t\t\t\t}\n\t\t\t\t#gallery-1 img {\n\t\t\t\t\tborder: 2px solid #cfcfcf;\n\t\t\t\t}\n\t\t\t\t#gallery-1 .gallery-caption {\n\t\t\t\t\tmargin-left: 0;\n\t\t\t\t}\n\t\t\t\t\/* see gallery_shortcode() in wp-includes\/media.php *\/\n\t\t\t<\/style>\n\t\t<div id='gallery-1' class='dt-gallery-container gallery galleryid-283293 gallery-columns-2 gallery-size-medium'><dl class='gallery-item'>\n\t\t\t\t<dt class='gallery-icon landscape'>\n\t\t\t\t\t<a class=\"rollover rollover-zoom dt-pswp-item\" title=\"lagomis\" data-dt-img-description=\"\" data-large_image_width=\"1600\" data-large_image_height=\"1022\"href='https:\/\/www.radiopiu.net\/wordpress\/wp-content\/uploads\/2022\/06\/1381-2022.jpg.jpeg'><img loading=\"lazy\" decoding=\"async\" width=\"300\" height=\"192\" src=\"https:\/\/www.radiopiu.net\/wordpress\/wp-content\/uploads\/2022\/06\/1381-2022.jpg-300x192.jpeg\" class=\"attachment-medium size-medium\" alt=\"\" srcset=\"https:\/\/www.radiopiu.net\/wordpress\/wp-content\/uploads\/2022\/06\/1381-2022.jpg-300x192.jpeg 300w, https:\/\/www.radiopiu.net\/wordpress\/wp-content\/uploads\/2022\/06\/1381-2022.jpg-1024x654.jpeg 1024w, https:\/\/www.radiopiu.net\/wordpress\/wp-content\/uploads\/2022\/06\/1381-2022.jpg-768x491.jpeg 768w, https:\/\/www.radiopiu.net\/wordpress\/wp-content\/uploads\/2022\/06\/1381-2022.jpg-1536x981.jpeg 1536w, https:\/\/www.radiopiu.net\/wordpress\/wp-content\/uploads\/2022\/06\/1381-2022.jpg.jpeg 1600w\" sizes=\"auto, (max-width: 300px) 100vw, 300px\" \/><\/a>\n\t\t\t\t<\/dt><\/dl><dl class='gallery-item'>\n\t\t\t\t<dt class='gallery-icon landscape'>\n\t\t\t\t\t<a class=\"rollover rollover-zoom dt-pswp-item\" title=\"lagomis\" data-dt-img-description=\"\" data-large_image_width=\"1600\" data-large_image_height=\"1066\"href='https:\/\/www.radiopiu.net\/wordpress\/wp-content\/uploads\/2022\/06\/1381-2022_lagomis.jpg.jpeg'><img loading=\"lazy\" decoding=\"async\" width=\"300\" height=\"200\" src=\"https:\/\/www.radiopiu.net\/wordpress\/wp-content\/uploads\/2022\/06\/1381-2022_lagomis.jpg-300x200.jpeg\" class=\"attachment-medium size-medium\" alt=\"\" srcset=\"https:\/\/www.radiopiu.net\/wordpress\/wp-content\/uploads\/2022\/06\/1381-2022_lagomis.jpg-300x200.jpeg 300w, https:\/\/www.radiopiu.net\/wordpress\/wp-content\/uploads\/2022\/06\/1381-2022_lagomis.jpg-1024x682.jpeg 1024w, https:\/\/www.radiopiu.net\/wordpress\/wp-content\/uploads\/2022\/06\/1381-2022_lagomis.jpg-768x512.jpeg 768w, https:\/\/www.radiopiu.net\/wordpress\/wp-content\/uploads\/2022\/06\/1381-2022_lagomis.jpg-1536x1023.jpeg 1536w, https:\/\/www.radiopiu.net\/wordpress\/wp-content\/uploads\/2022\/06\/1381-2022_lagomis.jpg.jpeg 1600w\" sizes=\"auto, (max-width: 300px) 100vw, 300px\" \/><\/a>\n\t\t\t\t<\/dt><\/dl><br style=\"clear: both\" \/>\n\t\t\t<\/div>\n\n<p>&nbsp;<\/p>\n<hr \/>\n<p>&nbsp;<\/p>\n","protected":false},"excerpt":{"rendered":"<p>SOSPIROLO Tra i laghi pi\u00f9 belli d\u2019Italia quello del Mis, conquista la vetta dei laghi nella classifica della Guida Blu di Legambiente e Touring Club Italiano. Un riconoscimento che attesta l\u2019attenzione verso la salvaguardia dell\u2019ambiente, lo stato di conservazione del territorio, l\u2019accoglienza e la sostenibilit\u00e0 turistica, la pulizia e la gestione ambientale. Insomma, un vero&hellip;<\/p>\n","protected":false},"author":4,"featured_media":283312,"comment_status":"closed","ping_status":"closed","sticky":false,"template":"","format":"standard","meta":{"_monsterinsights_skip_tracking":false,"_monsterinsights_sitenote_active":false,"_monsterinsights_sitenote_note":"","_monsterinsights_sitenote_category":0,"footnotes":""},"categories":[51,49],"tags":[],"class_list":["post-283293","post","type-post","status-publish","format-standard","has-post-thumbnail","hentry","category-evidenza-top","category-news-18","category-51","category-49","description-off"],"img_url":"https:\/\/www.radiopiu.net\/wordpress\/wp-content\/uploads\/2022\/06\/1381-2022_lagomis.jpg.jpeg","_links":{"self":[{"href":"https:\/\/www.radiopiu.net\/wordpress\/wp-json\/wp\/v2\/posts\/283293","targetHints":{"allow":["GET"]}}],"collection":[{"href":"https:\/\/www.radiopiu.net\/wordpress\/wp-json\/wp\/v2\/posts"}],"about":[{"href":"https:\/\/www.radiopiu.net\/wordpress\/wp-json\/wp\/v2\/types\/post"}],"author":[{"embeddable":true,"href":"https:\/\/www.radiopiu.net\/wordpress\/wp-json\/wp\/v2\/users\/4"}],"replies":[{"embeddable":true,"href":"https:\/\/www.radiopiu.net\/wordpress\/wp-json\/wp\/v2\/comments?post=283293"}],"version-history":[{"count":0,"href":"https:\/\/www.radiopiu.net\/wordpress\/wp-json\/wp\/v2\/posts\/283293\/revisions"}],"wp:featuredmedia":[{"embeddable":true,"href":"https:\/\/www.radiopiu.net\/wordpress\/wp-json\/wp\/v2\/media\/283312"}],"wp:attachment":[{"href":"https:\/\/www.radiopiu.net\/wordpress\/wp-json\/wp\/v2\/media?parent=283293"}],"wp:term":[{"taxonomy":"category","embeddable":true,"href":"https:\/\/www.radiopiu.net\/wordpress\/wp-json\/wp\/v2\/categories?post=283293"},{"taxonomy":"post_tag","embeddable":true,"href":"https:\/\/www.radiopiu.net\/wordpress\/wp-json\/wp\/v2\/tags?post=283293"}],"curies":[{"name":"wp","href":"https:\/\/api.w.org\/{rel}","templated":true}]}}