{"id":283436,"date":"2022-06-26T21:33:03","date_gmt":"2022-06-26T19:33:03","guid":{"rendered":"https:\/\/www.radiopiu.net\/wordpress\/?p=283436"},"modified":"2022-06-27T05:37:12","modified_gmt":"2022-06-27T03:37:12","slug":"storia-a-lieto-fine-il-recupero-di-francesco-video","status":"publish","type":"post","link":"https:\/\/www.radiopiu.net\/wordpress\/storia-a-lieto-fine-il-recupero-di-francesco-video\/","title":{"rendered":"STORIA A LIETO FINE, IL RECUPERO DI FRANCESCO &#8211; VIDEO"},"content":{"rendered":"<p><strong>IL VIDEO DEI VIGILI DEL FUOCO DEL RECUPERO DI FRANCESCO<\/strong><\/p>\n<div style=\"width: 640px;\" class=\"wp-video\"><video class=\"wp-video-shortcode\" id=\"video-283436-1\" width=\"640\" height=\"352\" preload=\"metadata\" controls=\"controls\"><source type=\"video\/mp4\" src=\"https:\/\/www.radiopiu.net\/wordpress\/wp-content\/uploads\/2022\/06\/WhatsApp-Video-2022-06-25-at-10.52.23.mp4?_=1\" \/><a href=\"https:\/\/www.radiopiu.net\/wordpress\/wp-content\/uploads\/2022\/06\/WhatsApp-Video-2022-06-25-at-10.52.23.mp4\">https:\/\/www.radiopiu.net\/wordpress\/wp-content\/uploads\/2022\/06\/WhatsApp-Video-2022-06-25-at-10.52.23.mp4<\/a><\/video><\/div>\n<p>&nbsp;<\/p>\n\n\t\t\t<style type='text\/css'>\n\t\t\t\t#gallery-1 {\n\t\t\t\t\tmargin: auto;\n\t\t\t\t}\n\t\t\t\t#gallery-1 .gallery-item {\n\t\t\t\t\tfloat: left;\n\t\t\t\t\tmargin-top: 10px;\n\t\t\t\t\ttext-align: center;\n\t\t\t\t\twidth: 50%;\n\t\t\t\t}\n\t\t\t\t#gallery-1 img {\n\t\t\t\t\tborder: 2px solid #cfcfcf;\n\t\t\t\t}\n\t\t\t\t#gallery-1 .gallery-caption {\n\t\t\t\t\tmargin-left: 0;\n\t\t\t\t}\n\t\t\t\t\/* see gallery_shortcode() in wp-includes\/media.php *\/\n\t\t\t<\/style>\n\t\t<div id='gallery-1' class='dt-gallery-container gallery galleryid-283436 gallery-columns-2 gallery-size-medium'><dl class='gallery-item'>\n\t\t\t\t<dt class='gallery-icon landscape'>\n\t\t\t\t\t<a class=\"rollover rollover-zoom dt-pswp-item\" title=\"e37fbd8b-cac1-4fb0-ad23-541c655b35e5\" data-dt-img-description=\"\" data-large_image_width=\"863\" data-large_image_height=\"558\"href='https:\/\/www.radiopiu.net\/wordpress\/wp-content\/uploads\/2022\/06\/e37fbd8b-cac1-4fb0-ad23-541c655b35e5.jpg'><img loading=\"lazy\" decoding=\"async\" width=\"300\" height=\"194\" src=\"https:\/\/www.radiopiu.net\/wordpress\/wp-content\/uploads\/2022\/06\/e37fbd8b-cac1-4fb0-ad23-541c655b35e5-300x194.jpg\" class=\"attachment-medium size-medium\" alt=\"\" srcset=\"https:\/\/www.radiopiu.net\/wordpress\/wp-content\/uploads\/2022\/06\/e37fbd8b-cac1-4fb0-ad23-541c655b35e5-300x194.jpg 300w, https:\/\/www.radiopiu.net\/wordpress\/wp-content\/uploads\/2022\/06\/e37fbd8b-cac1-4fb0-ad23-541c655b35e5-768x497.jpg 768w, https:\/\/www.radiopiu.net\/wordpress\/wp-content\/uploads\/2022\/06\/e37fbd8b-cac1-4fb0-ad23-541c655b35e5.jpg 863w\" sizes=\"auto, (max-width: 300px) 100vw, 300px\" \/><\/a>\n\t\t\t\t<\/dt><\/dl><dl class='gallery-item'>\n\t\t\t\t<dt class='gallery-icon landscape'>\n\t\t\t\t\t<a class=\"rollover rollover-zoom dt-pswp-item\" title=\"336d4330-546f-4cb2-9462-9a9863fb7d0f\" data-dt-img-description=\"\" data-large_image_width=\"1016\" data-large_image_height=\"576\"href='https:\/\/www.radiopiu.net\/wordpress\/wp-content\/uploads\/2022\/06\/336d4330-546f-4cb2-9462-9a9863fb7d0f.jpg'><img loading=\"lazy\" decoding=\"async\" width=\"300\" height=\"170\" src=\"https:\/\/www.radiopiu.net\/wordpress\/wp-content\/uploads\/2022\/06\/336d4330-546f-4cb2-9462-9a9863fb7d0f-300x170.jpg\" class=\"attachment-medium size-medium\" alt=\"\" srcset=\"https:\/\/www.radiopiu.net\/wordpress\/wp-content\/uploads\/2022\/06\/336d4330-546f-4cb2-9462-9a9863fb7d0f-300x170.jpg 300w, https:\/\/www.radiopiu.net\/wordpress\/wp-content\/uploads\/2022\/06\/336d4330-546f-4cb2-9462-9a9863fb7d0f-768x435.jpg 768w, https:\/\/www.radiopiu.net\/wordpress\/wp-content\/uploads\/2022\/06\/336d4330-546f-4cb2-9462-9a9863fb7d0f.jpg 1016w\" sizes=\"auto, (max-width: 300px) 100vw, 300px\" \/><\/a>\n\t\t\t\t<\/dt><\/dl><br style=\"clear: both\" \/>\n\t\t\t<\/div>\n\n<p>&nbsp;<\/p>\n<h3>BAMBINO SCOMPARSO. D&#8217;INCA&#8217;: &#8220;GRAZIE AI SOCCORRITORI, VICENDA A LIETO FINE<\/h3>\n<p><strong>ROMA <\/strong>&#8220;<em>Sono state ore di angoscia, ma questa vicenda si \u00e8 conclusa a lieto fine grazie al prezioso lavoro delle forze dell&#8217;ordine, dei vigili del fuoco e del soccorso alpino e a tutti coloro che si sono impegnati nelle ricerche: il bimbo ha potuto finalmente riabbracciare i suoi genitori. Ancora una volta la macchina dell&#8217;intervento ha funzionato e si \u00e8 rivelata determinante e la solidariet\u00e0 delle nostre comunit\u00e0 si \u00e8 fatta sentire. Ringrazio i soccorritori per il prezioso lavoro svolto e mi auguro che il piccolo possa ritrovare subito la serenit\u00e0 che merita<\/em>&#8220;. Lo dichiara in una nota il ministro per i Rapporti con il Parlamento Federico D\u2019Inc\u00e0 sulla vicenda del bambino scomparso a Tambre di Alpago<\/p>\n<p>&nbsp;<\/p>\n<p>****<\/p>\n","protected":false},"excerpt":{"rendered":"<p>IL VIDEO DEI VIGILI DEL FUOCO DEL RECUPERO DI FRANCESCO &nbsp; &nbsp; BAMBINO SCOMPARSO. D&#8217;INCA&#8217;: &#8220;GRAZIE AI SOCCORRITORI, VICENDA A LIETO FINE ROMA &#8220;Sono state ore di angoscia, ma questa vicenda si \u00e8 conclusa a lieto fine grazie al prezioso lavoro delle forze dell&#8217;ordine, dei vigili del fuoco e del soccorso alpino e a tutti&hellip;<\/p>\n","protected":false},"author":4,"featured_media":283447,"comment_status":"closed","ping_status":"closed","sticky":false,"template":"","format":"standard","meta":{"_monsterinsights_skip_tracking":false,"_monsterinsights_sitenote_active":false,"_monsterinsights_sitenote_note":"","_monsterinsights_sitenote_category":0,"footnotes":""},"categories":[104,49],"tags":[],"class_list":["post-283436","post","type-post","status-publish","format-standard","has-post-thumbnail","hentry","category-evidenza_3","category-news-18","category-104","category-49","description-off"],"img_url":"https:\/\/www.radiopiu.net\/wordpress\/wp-content\/uploads\/2022\/06\/be983a44-b76f-4da2-8a6c-0a3fcdc78cf5.jpg","_links":{"self":[{"href":"https:\/\/www.radiopiu.net\/wordpress\/wp-json\/wp\/v2\/posts\/283436","targetHints":{"allow":["GET"]}}],"collection":[{"href":"https:\/\/www.radiopiu.net\/wordpress\/wp-json\/wp\/v2\/posts"}],"about":[{"href":"https:\/\/www.radiopiu.net\/wordpress\/wp-json\/wp\/v2\/types\/post"}],"author":[{"embeddable":true,"href":"https:\/\/www.radiopiu.net\/wordpress\/wp-json\/wp\/v2\/users\/4"}],"replies":[{"embeddable":true,"href":"https:\/\/www.radiopiu.net\/wordpress\/wp-json\/wp\/v2\/comments?post=283436"}],"version-history":[{"count":0,"href":"https:\/\/www.radiopiu.net\/wordpress\/wp-json\/wp\/v2\/posts\/283436\/revisions"}],"wp:featuredmedia":[{"embeddable":true,"href":"https:\/\/www.radiopiu.net\/wordpress\/wp-json\/wp\/v2\/media\/283447"}],"wp:attachment":[{"href":"https:\/\/www.radiopiu.net\/wordpress\/wp-json\/wp\/v2\/media?parent=283436"}],"wp:term":[{"taxonomy":"category","embeddable":true,"href":"https:\/\/www.radiopiu.net\/wordpress\/wp-json\/wp\/v2\/categories?post=283436"},{"taxonomy":"post_tag","embeddable":true,"href":"https:\/\/www.radiopiu.net\/wordpress\/wp-json\/wp\/v2\/tags?post=283436"}],"curies":[{"name":"wp","href":"https:\/\/api.w.org\/{rel}","templated":true}]}}