{"id":283541,"date":"2022-06-27T05:27:06","date_gmt":"2022-06-27T03:27:06","guid":{"rendered":"https:\/\/www.radiopiu.net\/wordpress\/?p=283541"},"modified":"2022-06-27T05:35:21","modified_gmt":"2022-06-27T03:35:21","slug":"inaugurato-nei-giorni-scorsi-il-graffito-di-dunio-piccolin-a-zugliano","status":"publish","type":"post","link":"https:\/\/www.radiopiu.net\/wordpress\/inaugurato-nei-giorni-scorsi-il-graffito-di-dunio-piccolin-a-zugliano\/","title":{"rendered":"INAUGURATO NEI GIORNI SCORSI IL GRAFFITO DI DUNIO PICCOLIN A ZUGLIANO"},"content":{"rendered":"<p><strong>ZUGLIANO (VI)<\/strong> Si intitola &#8220;Il filo di seta tra Agordo e Zugliano&#8221; il nuovo graffito di Dunio Piccolin che \u00e8 stato inaugurato nei giorni scorsi a Zugliano in provincia di Vicenza, paese gemellato con Agordo. Un&#8217;opera di 17 metri quadri \u00e8 andata a riqualificare una cabina dell\u2019Enel, visibile dalla piazza del capoluogo. L\u2019opera \u00e8 un omaggio al gemellaggio tra le due comunit\u00e0, siglato nel luglio del 1989, che intende ricordare le giovani agordine emigrate a Zugliano a partire dalle seconda met\u00e0 del 1800 per lavorare presso la ditta \u201cCascami seta\u201d. Molte di queste si stabilizzarono e formarono famiglia nel vicentino.<\/p>\n<p><strong>DALLA PAGINA FACEBOOK DI DUNIO PICCOLIN<\/strong><\/p>\n<blockquote>\n<p dir=\"auto\"><em>\u00c8 ancora vivo il ricordo di un secolo e mezzo fa quando molte giovani agordine, orfane o celibi, che lasciate le loro povere famiglie giunsero nella comunit\u00e0 di Zugliano (Vicenza). Erano quasi tutte impiegate nella &#8220;Cascami Seta&#8221; zuglianese, industria per la lavorazione del bacco da seta avariato. Ora un graffito di 17 metri quadrati, al centro del paese, suggella visivamente questa storia d&#8217;immigrazione femminile: molte di loro si sono sposate e hanno avuto figli ed ora sono ricordate dalle genti locali, che le portano nel cuore, come bisnonna o prozia. Le testimonianze al giorno d&#8217;oggi di quegli episodi di vita sono nel racconto dei discendenti, ma lo rammentano visivamente anche le loro foto di famiglia. Si conclude, per ora, questo progetto nato da un&#8217;idea di Michela Paganin, presidente del &#8220;Comitato di Gemellaggio di Agordo&#8221;&#8216; ed accolta dalla Comunita Zuglianese nel Sindaco Sandro Maculan e i suoi Assessori. Molte le persone che hanno collaborato alla realizzazione del graffito, dalla ditta Leonardi per l&#8217;impalcatura, all&#8217;aiuto degli operai per la copertura dal sole e dalla pioggia, all&#8217;ingegnere responsabile per conto di Enel-Distribuzioni per aver avallato il progetto sulla cabina elettrica di loro propriet\u00e0 e molti altri; ma un particolare ringraziamento va a Sergio Binotto, mio prezioso assistente nei 10 giorni di gestazione dell&#8217;opera. Sorpresa finale un&#8217;inaugurazione con i rappresentanti delle due localit\u00e0, i sindaci Roberto Chissal\u00e8 per Agordo e Sandro Maculan per Zugliano. Un soggiorno davvero piacevole, un filo di seta che unisce umanamente ancor oggi Agordo e Zugliano nella condivisione di un passato in comune. Ora quella scritta&#8221;Il filo di seta tra Agordo e Zugliano&#8221; all&#8217;interno dell&#8217;opera a graffito sia letta anche dai pi\u00f9 giovani, e i meno giovani ne raccontino il perch\u00e9.<\/em><\/p>\n<\/blockquote>\n<p dir=\"auto\">\n\n\t\t\t<style type='text\/css'>\n\t\t\t\t#gallery-1 {\n\t\t\t\t\tmargin: auto;\n\t\t\t\t}\n\t\t\t\t#gallery-1 .gallery-item {\n\t\t\t\t\tfloat: left;\n\t\t\t\t\tmargin-top: 10px;\n\t\t\t\t\ttext-align: center;\n\t\t\t\t\twidth: 20%;\n\t\t\t\t}\n\t\t\t\t#gallery-1 img {\n\t\t\t\t\tborder: 2px solid #cfcfcf;\n\t\t\t\t}\n\t\t\t\t#gallery-1 .gallery-caption {\n\t\t\t\t\tmargin-left: 0;\n\t\t\t\t}\n\t\t\t\t\/* see gallery_shortcode() in wp-includes\/media.php *\/\n\t\t\t<\/style>\n\t\t<div id='gallery-1' class='dt-gallery-container gallery galleryid-283541 gallery-columns-5 gallery-size-thumbnail'><dl class='gallery-item'>\n\t\t\t\t<dt class='gallery-icon landscape'>\n\t\t\t\t\t<a class=\"rollover rollover-zoom dt-pswp-item\" title=\"287646665_10220576492952339_614274480268847050_n\" data-dt-img-description=\"\" data-large_image_width=\"2048\" data-large_image_height=\"1647\"href='https:\/\/www.radiopiu.net\/wordpress\/wp-content\/uploads\/2022\/06\/287646665_10220576492952339_614274480268847050_n.jpg'><img loading=\"lazy\" decoding=\"async\" width=\"150\" height=\"150\" src=\"https:\/\/www.radiopiu.net\/wordpress\/wp-content\/uploads\/2022\/06\/287646665_10220576492952339_614274480268847050_n-150x150.jpg\" class=\"attachment-thumbnail size-thumbnail\" alt=\"\" \/><\/a>\n\t\t\t\t<\/dt><\/dl><dl class='gallery-item'>\n\t\t\t\t<dt class='gallery-icon landscape'>\n\t\t\t\t\t<a class=\"rollover rollover-zoom dt-pswp-item\" title=\"287775168_10220576501792560_7544011480084395951_n\" data-dt-img-description=\"\" data-large_image_width=\"2048\" data-large_image_height=\"1826\"href='https:\/\/www.radiopiu.net\/wordpress\/wp-content\/uploads\/2022\/06\/287775168_10220576501792560_7544011480084395951_n.jpg'><img loading=\"lazy\" decoding=\"async\" width=\"150\" height=\"150\" src=\"https:\/\/www.radiopiu.net\/wordpress\/wp-content\/uploads\/2022\/06\/287775168_10220576501792560_7544011480084395951_n-150x150.jpg\" class=\"attachment-thumbnail size-thumbnail\" alt=\"\" \/><\/a>\n\t\t\t\t<\/dt><\/dl><dl class='gallery-item'>\n\t\t\t\t<dt class='gallery-icon portrait'>\n\t\t\t\t\t<a class=\"rollover rollover-zoom dt-pswp-item\" title=\"287299494_10220576482312073_5231089737843338183_n\" data-dt-img-description=\"\" data-large_image_width=\"1176\" data-large_image_height=\"2048\"href='https:\/\/www.radiopiu.net\/wordpress\/wp-content\/uploads\/2022\/06\/287299494_10220576482312073_5231089737843338183_n.jpg'><img loading=\"lazy\" decoding=\"async\" width=\"150\" height=\"150\" src=\"https:\/\/www.radiopiu.net\/wordpress\/wp-content\/uploads\/2022\/06\/287299494_10220576482312073_5231089737843338183_n-150x150.jpg\" class=\"attachment-thumbnail size-thumbnail\" alt=\"\" \/><\/a>\n\t\t\t\t<\/dt><\/dl><dl class='gallery-item'>\n\t\t\t\t<dt class='gallery-icon portrait'>\n\t\t\t\t\t<a class=\"rollover rollover-zoom dt-pswp-item\" title=\"286596389_10220576496992440_1199208096614645035_n\" data-dt-img-description=\"\" data-large_image_width=\"1839\" data-large_image_height=\"2048\"href='https:\/\/www.radiopiu.net\/wordpress\/wp-content\/uploads\/2022\/06\/286596389_10220576496992440_1199208096614645035_n.jpg'><img loading=\"lazy\" decoding=\"async\" width=\"150\" height=\"150\" src=\"https:\/\/www.radiopiu.net\/wordpress\/wp-content\/uploads\/2022\/06\/286596389_10220576496992440_1199208096614645035_n-150x150.jpg\" class=\"attachment-thumbnail size-thumbnail\" alt=\"\" \/><\/a>\n\t\t\t\t<\/dt><\/dl><dl class='gallery-item'>\n\t\t\t\t<dt class='gallery-icon landscape'>\n\t\t\t\t\t<a class=\"rollover rollover-zoom dt-pswp-item\" title=\"287861382_10220576498552479_6321741515808347835_n\" data-dt-img-description=\"\" data-large_image_width=\"2048\" data-large_image_height=\"1663\"href='https:\/\/www.radiopiu.net\/wordpress\/wp-content\/uploads\/2022\/06\/287861382_10220576498552479_6321741515808347835_n.jpg'><img loading=\"lazy\" decoding=\"async\" width=\"150\" height=\"150\" src=\"https:\/\/www.radiopiu.net\/wordpress\/wp-content\/uploads\/2022\/06\/287861382_10220576498552479_6321741515808347835_n-150x150.jpg\" class=\"attachment-thumbnail size-thumbnail\" alt=\"\" \/><\/a>\n\t\t\t\t<\/dt><\/dl><br style=\"clear: both\" \/>\n\t\t\t<\/div>\n\n<p>&nbsp;<\/p>\n<p>&nbsp;<\/p>\n<p>******<\/p>\n","protected":false},"excerpt":{"rendered":"<p>ZUGLIANO (VI) Si intitola &#8220;Il filo di seta tra Agordo e Zugliano&#8221; il nuovo graffito di Dunio Piccolin che \u00e8 stato inaugurato nei giorni scorsi a Zugliano in provincia di Vicenza, paese gemellato con Agordo. Un&#8217;opera di 17 metri quadri \u00e8 andata a riqualificare una cabina dell\u2019Enel, visibile dalla piazza del capoluogo. L\u2019opera \u00e8 un&hellip;<\/p>\n","protected":false},"author":4,"featured_media":283544,"comment_status":"closed","ping_status":"closed","sticky":false,"template":"","format":"standard","meta":{"_monsterinsights_skip_tracking":false,"_monsterinsights_sitenote_active":false,"_monsterinsights_sitenote_note":"","_monsterinsights_sitenote_category":0,"footnotes":""},"categories":[51,49],"tags":[],"class_list":["post-283541","post","type-post","status-publish","format-standard","has-post-thumbnail","hentry","category-evidenza-top","category-news-18","category-51","category-49","description-off"],"img_url":"https:\/\/www.radiopiu.net\/wordpress\/wp-content\/uploads\/2022\/06\/287299494_10220576482312073_5231089737843338183_n.jpg","_links":{"self":[{"href":"https:\/\/www.radiopiu.net\/wordpress\/wp-json\/wp\/v2\/posts\/283541","targetHints":{"allow":["GET"]}}],"collection":[{"href":"https:\/\/www.radiopiu.net\/wordpress\/wp-json\/wp\/v2\/posts"}],"about":[{"href":"https:\/\/www.radiopiu.net\/wordpress\/wp-json\/wp\/v2\/types\/post"}],"author":[{"embeddable":true,"href":"https:\/\/www.radiopiu.net\/wordpress\/wp-json\/wp\/v2\/users\/4"}],"replies":[{"embeddable":true,"href":"https:\/\/www.radiopiu.net\/wordpress\/wp-json\/wp\/v2\/comments?post=283541"}],"version-history":[{"count":0,"href":"https:\/\/www.radiopiu.net\/wordpress\/wp-json\/wp\/v2\/posts\/283541\/revisions"}],"wp:featuredmedia":[{"embeddable":true,"href":"https:\/\/www.radiopiu.net\/wordpress\/wp-json\/wp\/v2\/media\/283544"}],"wp:attachment":[{"href":"https:\/\/www.radiopiu.net\/wordpress\/wp-json\/wp\/v2\/media?parent=283541"}],"wp:term":[{"taxonomy":"category","embeddable":true,"href":"https:\/\/www.radiopiu.net\/wordpress\/wp-json\/wp\/v2\/categories?post=283541"},{"taxonomy":"post_tag","embeddable":true,"href":"https:\/\/www.radiopiu.net\/wordpress\/wp-json\/wp\/v2\/tags?post=283541"}],"curies":[{"name":"wp","href":"https:\/\/api.w.org\/{rel}","templated":true}]}}