{"id":283548,"date":"2022-06-27T05:29:00","date_gmt":"2022-06-27T03:29:00","guid":{"rendered":"https:\/\/www.radiopiu.net\/wordpress\/?p=283548"},"modified":"2022-06-27T05:32:43","modified_gmt":"2022-06-27T03:32:43","slug":"dillo-a-radio-piu-il-centenario-dalla-nascita-di-augusto-murer","status":"publish","type":"post","link":"https:\/\/www.radiopiu.net\/wordpress\/dillo-a-radio-piu-il-centenario-dalla-nascita-di-augusto-murer\/","title":{"rendered":"DILLO A RADIO PIU&#8217;&#8230;IL CENTENARIO DALLA NASCITA DI AUGUSTO MURER"},"content":{"rendered":"<p><strong><a class=\"dt-pswp-item\" href=\"https:\/\/www.radiopiu.net\/wordpress\/wp-content\/uploads\/2022\/05\/13.-Murer-alla-Biennale-di-Venezia-1984-scaled.jpg\" data-dt-img-description=\"\" data-large_image_width=\"1910\" data-large_image_height=\"2560\"><img loading=\"lazy\" decoding=\"async\" class=\"size-thumbnail wp-image-276772 alignleft\" src=\"https:\/\/www.radiopiu.net\/wordpress\/wp-content\/uploads\/2022\/05\/13.-Murer-alla-Biennale-di-Venezia-1984-150x150.jpg\" alt=\"\" width=\"150\" height=\"150\" \/><\/a>REDAZIONE <\/strong>Riceviamo e volentieri pubblichiamo una lettera ricevuta in redazione con riferimento all&#8217;importante anniversario di Augusto Murer. Sottolineiamo che la nuova amministrazione del sindaco Mauro Salvaterra inizier\u00e0 ufficialmente il quinquennio solo domani sera con il consiglio comunale che Radio Pi\u00f9 trasmetter\u00e0 in diretta.<\/p>\n<p><strong>LA LETTERA<\/strong><\/p>\n<blockquote>\n<p dir=\"auto\"><em>Quest&#8217;anno viene commemorato il centenario della nascita di Augusto Murer, uno dei pi\u00f9 grandi artisti del nostro Veneto e d&#8217;Italia e ci pare di aver capito che l&#8217;amministrazione del comune di Falcade, citt\u00e0 natia dell&#8217;artista,\u00a0 non abbia programmato alcuna iniziativa per ricordare l&#8217;evento. Credo che Falcade sia uno dei pochi paesi della nostra montagna che possa vantare di aver dato i natali ad un genio della scultura e pittura, di cui possiamo vantarci\u00a0 e vedere le opere nel Museo a lui dedicato e a decoro delle piazze delle citt\u00e0 della regione e del resto d&#8217;Italia. Ci chiediamo, in qualit\u00e0\u00a0 di frequentatori di Falcade ed estimatori dell&#8217;artista e dell&#8217;arte in genere, come questo paese non sia riconoscente di quello che ha dato Augusto Murer alla valle del Biois e alla cultura in genere. Cordiali saluti<\/em><\/p>\n<p dir=\"auto\"><em>Michele Sicolo e Emanuela Grassetto<\/em><\/p>\n<\/blockquote>\n<p dir=\"auto\">*****<\/p>\n","protected":false},"excerpt":{"rendered":"<p>REDAZIONE Riceviamo e volentieri pubblichiamo una lettera ricevuta in redazione con riferimento all&#8217;importante anniversario di Augusto Murer. Sottolineiamo che la nuova amministrazione del sindaco Mauro Salvaterra inizier\u00e0 ufficialmente il quinquennio solo domani sera con il consiglio comunale che Radio Pi\u00f9 trasmetter\u00e0 in diretta. LA LETTERA Quest&#8217;anno viene commemorato il centenario della nascita di Augusto Murer,&hellip;<\/p>\n","protected":false},"author":4,"featured_media":276772,"comment_status":"closed","ping_status":"closed","sticky":false,"template":"","format":"standard","meta":{"_monsterinsights_skip_tracking":false,"_monsterinsights_sitenote_active":false,"_monsterinsights_sitenote_note":"","_monsterinsights_sitenote_category":0,"footnotes":""},"categories":[51,49],"tags":[],"class_list":["post-283548","post","type-post","status-publish","format-standard","has-post-thumbnail","hentry","category-evidenza-top","category-news-18","category-51","category-49","description-off"],"img_url":"https:\/\/www.radiopiu.net\/wordpress\/wp-content\/uploads\/2022\/05\/13.-Murer-alla-Biennale-di-Venezia-1984-scaled.jpg","_links":{"self":[{"href":"https:\/\/www.radiopiu.net\/wordpress\/wp-json\/wp\/v2\/posts\/283548","targetHints":{"allow":["GET"]}}],"collection":[{"href":"https:\/\/www.radiopiu.net\/wordpress\/wp-json\/wp\/v2\/posts"}],"about":[{"href":"https:\/\/www.radiopiu.net\/wordpress\/wp-json\/wp\/v2\/types\/post"}],"author":[{"embeddable":true,"href":"https:\/\/www.radiopiu.net\/wordpress\/wp-json\/wp\/v2\/users\/4"}],"replies":[{"embeddable":true,"href":"https:\/\/www.radiopiu.net\/wordpress\/wp-json\/wp\/v2\/comments?post=283548"}],"version-history":[{"count":0,"href":"https:\/\/www.radiopiu.net\/wordpress\/wp-json\/wp\/v2\/posts\/283548\/revisions"}],"wp:featuredmedia":[{"embeddable":true,"href":"https:\/\/www.radiopiu.net\/wordpress\/wp-json\/wp\/v2\/media\/276772"}],"wp:attachment":[{"href":"https:\/\/www.radiopiu.net\/wordpress\/wp-json\/wp\/v2\/media?parent=283548"}],"wp:term":[{"taxonomy":"category","embeddable":true,"href":"https:\/\/www.radiopiu.net\/wordpress\/wp-json\/wp\/v2\/categories?post=283548"},{"taxonomy":"post_tag","embeddable":true,"href":"https:\/\/www.radiopiu.net\/wordpress\/wp-json\/wp\/v2\/tags?post=283548"}],"curies":[{"name":"wp","href":"https:\/\/api.w.org\/{rel}","templated":true}]}}