{"id":283569,"date":"2022-06-26T23:59:02","date_gmt":"2022-06-26T21:59:02","guid":{"rendered":"https:\/\/www.radiopiu.net\/wordpress\/?p=283569"},"modified":"2022-06-27T05:36:59","modified_gmt":"2022-06-27T03:36:59","slug":"dapo-di-john-francis-della-pietra","status":"publish","type":"post","link":"https:\/\/www.radiopiu.net\/wordpress\/dapo-di-john-francis-della-pietra\/","title":{"rendered":"&#8230;DAPO&#8217;&#8230;DI JOHN FRANCIS DELLA PIETRA"},"content":{"rendered":"<p><strong><a class=\"dt-pswp-item\" href=\"https:\/\/www.radiopiu.net\/wordpress\/wp-content\/uploads\/2022\/06\/ddc93670-ec99-464e-ad3c-ad4fb5fd9485.jpg\" data-dt-img-description=\"\" data-large_image_width=\"2048\" data-large_image_height=\"1152\"><img loading=\"lazy\" decoding=\"async\" class=\"size-thumbnail wp-image-283519 alignright\" src=\"https:\/\/www.radiopiu.net\/wordpress\/wp-content\/uploads\/2022\/06\/ddc93670-ec99-464e-ad3c-ad4fb5fd9485-150x150.jpg\" alt=\"\" width=\"150\" height=\"150\" \/><\/a>..DAPO&#8217;..<\/strong><\/p>\n<p><strong>di John Francis Della Pietra<\/strong><\/p>\n<p>Proprio nia mal<br \/>\nSti d\u00ec en canal<br \/>\nVender sabo e domenega che par en toch da inte i resta<br \/>\nDe S. Giuani la granda festa<br \/>\nPiccioi noni om e femene<br \/>\nI ha rot le cadene<br \/>\nI \u00e8 tornai tuti ensjeme a se cat\u00e0<br \/>\nE fra na bira e n ombra a se d\u00ec come che la v\u00e0<br \/>\nPar calche discorso g\u00e0 volest en sin de temp<br \/>\nChe tute le parole no le venia fora al moment<br \/>\nMa dap\u00f2 che la mesa la s ha envi\u00e0<br \/>\nTut polito en d\u00f9 l \u00e8 and\u00e0<br \/>\nA se vard\u00e0 ntei oci<br \/>\nCome ha botha tuti i \u00e8 deventai encora soci<br \/>\nAdess la \u00e8 quasi andada<br \/>\nPer\u00f2 che sfadigada<br \/>\nMa ognun l \u00e8 content<br \/>\nAnca el saren temp<br \/>\nMa encoj che l \u00e8 luni elo ch\u00e8 che resta<br \/>\nDe segur el marcer* che spiza ponte nte la testa<br \/>\nBim bam<br \/>\nS.Giuani a se revede n auter an&#8230;<\/p>\n<p>&nbsp;<\/p>\n<p><em>*era il fabbro storico gi\u00f9 al ponte che gi\u00f9 al ponte faceva e aggiustava per tutto il paese. Quando il luned\u00ec post sagra qualcuno aveva mal di testa si diceva che c&#8217;era il marcer che spizava punte sull incudine&#8230;dentro la testa&#8230;<\/em><\/p>\n<p>&nbsp;<\/p>\n<p>&nbsp;<\/p>\n<p>******<\/p>\n","protected":false},"excerpt":{"rendered":"<p>..DAPO&#8217;.. di John Francis Della Pietra Proprio nia mal Sti d\u00ec en canal Vender sabo e domenega che par en toch da inte i resta De S. Giuani la granda festa Piccioi noni om e femene I ha rot le cadene I \u00e8 tornai tuti ensjeme a se cat\u00e0 E fra na bira e n&hellip;<\/p>\n","protected":false},"author":4,"featured_media":283519,"comment_status":"closed","ping_status":"closed","sticky":false,"template":"","format":"standard","meta":{"_monsterinsights_skip_tracking":false,"_monsterinsights_sitenote_active":false,"_monsterinsights_sitenote_note":"","_monsterinsights_sitenote_category":0,"footnotes":""},"categories":[104,49],"tags":[],"class_list":["post-283569","post","type-post","status-publish","format-standard","has-post-thumbnail","hentry","category-evidenza_3","category-news-18","category-104","category-49","description-off"],"img_url":"https:\/\/www.radiopiu.net\/wordpress\/wp-content\/uploads\/2022\/06\/ddc93670-ec99-464e-ad3c-ad4fb5fd9485.jpg","_links":{"self":[{"href":"https:\/\/www.radiopiu.net\/wordpress\/wp-json\/wp\/v2\/posts\/283569","targetHints":{"allow":["GET"]}}],"collection":[{"href":"https:\/\/www.radiopiu.net\/wordpress\/wp-json\/wp\/v2\/posts"}],"about":[{"href":"https:\/\/www.radiopiu.net\/wordpress\/wp-json\/wp\/v2\/types\/post"}],"author":[{"embeddable":true,"href":"https:\/\/www.radiopiu.net\/wordpress\/wp-json\/wp\/v2\/users\/4"}],"replies":[{"embeddable":true,"href":"https:\/\/www.radiopiu.net\/wordpress\/wp-json\/wp\/v2\/comments?post=283569"}],"version-history":[{"count":0,"href":"https:\/\/www.radiopiu.net\/wordpress\/wp-json\/wp\/v2\/posts\/283569\/revisions"}],"wp:featuredmedia":[{"embeddable":true,"href":"https:\/\/www.radiopiu.net\/wordpress\/wp-json\/wp\/v2\/media\/283519"}],"wp:attachment":[{"href":"https:\/\/www.radiopiu.net\/wordpress\/wp-json\/wp\/v2\/media?parent=283569"}],"wp:term":[{"taxonomy":"category","embeddable":true,"href":"https:\/\/www.radiopiu.net\/wordpress\/wp-json\/wp\/v2\/categories?post=283569"},{"taxonomy":"post_tag","embeddable":true,"href":"https:\/\/www.radiopiu.net\/wordpress\/wp-json\/wp\/v2\/tags?post=283569"}],"curies":[{"name":"wp","href":"https:\/\/api.w.org\/{rel}","templated":true}]}}