{"id":283575,"date":"2022-06-26T15:16:33","date_gmt":"2022-06-26T13:16:33","guid":{"rendered":"https:\/\/www.radiopiu.net\/wordpress\/?p=283575"},"modified":"2022-06-26T15:16:33","modified_gmt":"2022-06-26T13:16:33","slug":"soccorsi-due-ragazzi-sul-civetta-nella-notte-scorsa","status":"publish","type":"post","link":"https:\/\/www.radiopiu.net\/wordpress\/soccorsi-due-ragazzi-sul-civetta-nella-notte-scorsa\/","title":{"rendered":"SOCCORSI DUE RAGAZZI SUL CIVETTA NELLA NOTTE SCORSA"},"content":{"rendered":"<p><strong><a class=\"dt-pswp-item\" href=\"https:\/\/www.radiopiu.net\/wordpress\/wp-content\/uploads\/2021\/09\/salt_20210927_183518_810.jpg\" data-dt-img-description=\"\" data-large_image_width=\"2364\" data-large_image_height=\"1773\"><img loading=\"lazy\" decoding=\"async\" class=\"size-thumbnail wp-image-234119 alignleft\" src=\"https:\/\/www.radiopiu.net\/wordpress\/wp-content\/uploads\/2021\/09\/salt_20210927_183518_810-150x150.jpg\" alt=\"\" width=\"150\" height=\"150\" \/><\/a>VAL DI ZOLDO <\/strong>Ieri sera, verso le 22, il Soccorso alpino della Val di Zoldo \u00e8 stato attivato per un intervento identico a quello ultimato nella notte la settimana scorsa, in aiuto di due escursionisti che avevano smarrito il sentieto all&#8217;altezza dei ghiaioni, in rientro dalla normale al Civetta. I due ragazzi di Cervia (RA), di 22 e 23 anni, avevano avuto gi\u00e0 qualche difficolt\u00e0 ieri mattina dopo essere partiti dal Rifugio Coldai, non trovando subito l&#8217;attacco della Ferrata Alleghesi. Attardatisi, usciti dalla ferrata e raggiunto il Rifugio Torrani, i due avevano preso la normale per rientrare, ma una volta sui ghiaioni, ormai buio e con una pila a bassa intensit\u00e0, non avevano visto dove proseguiva la traccia al di l\u00e0 del nevaio, sbagliando direzione e bloccandosi poco distante da dove si era fermata la coppia recuperata sette giorni fa. In contatto telefonico con un soccorritore che si era portato in localit\u00e0 Crep e li aveva individuati, i due amici sono stati reindirizzati sul sentiero, che hanno raggiunto in un quarto d&#8217;ora, per poi riprendere la discesa fino all&#8217;arrivo della teleferica del Torrani, dove il tecnico \u00e8 andato loro incontro a piedi, per poi tornare assieme alla jeep e accompagnarli a Palafavera. L&#8217;intervento si \u00e8 concluso all&#8217;una passata. Ancora una volta, l&#8217;invito \u00e8 a valutare bene le proprie capacit\u00e0, per evitare di accumulare ritardi e causare una serie di difficolt\u00e0 successive. Studiare bene i percorsi, non affidandosi esclusivamente ai social, ma verificando da pi\u00f9 fonti l&#8217;intero sviluppo compreso il rientro. Dotarsi di abbigliamento e attrezzatura appropriati, senza scordare di portare con s\u00e9 una pila o luce frontale potente e la cartografia aggiornata del luogo.<\/p>\n<p>&nbsp;<\/p>\n<p>&nbsp;<\/p>\n<p>*****<\/p>\n","protected":false},"excerpt":{"rendered":"<p>VAL DI ZOLDO Ieri sera, verso le 22, il Soccorso alpino della Val di Zoldo \u00e8 stato attivato per un intervento identico a quello ultimato nella notte la settimana scorsa, in aiuto di due escursionisti che avevano smarrito il sentieto all&#8217;altezza dei ghiaioni, in rientro dalla normale al Civetta. I due ragazzi di Cervia (RA),&hellip;<\/p>\n","protected":false},"author":4,"featured_media":234119,"comment_status":"closed","ping_status":"closed","sticky":false,"template":"","format":"standard","meta":{"_monsterinsights_skip_tracking":false,"_monsterinsights_sitenote_active":false,"_monsterinsights_sitenote_note":"","_monsterinsights_sitenote_category":0,"footnotes":""},"categories":[51,49],"tags":[],"class_list":["post-283575","post","type-post","status-publish","format-standard","has-post-thumbnail","hentry","category-evidenza-top","category-news-18","category-51","category-49","description-off"],"img_url":"https:\/\/www.radiopiu.net\/wordpress\/wp-content\/uploads\/2021\/09\/salt_20210927_183518_810.jpg","_links":{"self":[{"href":"https:\/\/www.radiopiu.net\/wordpress\/wp-json\/wp\/v2\/posts\/283575","targetHints":{"allow":["GET"]}}],"collection":[{"href":"https:\/\/www.radiopiu.net\/wordpress\/wp-json\/wp\/v2\/posts"}],"about":[{"href":"https:\/\/www.radiopiu.net\/wordpress\/wp-json\/wp\/v2\/types\/post"}],"author":[{"embeddable":true,"href":"https:\/\/www.radiopiu.net\/wordpress\/wp-json\/wp\/v2\/users\/4"}],"replies":[{"embeddable":true,"href":"https:\/\/www.radiopiu.net\/wordpress\/wp-json\/wp\/v2\/comments?post=283575"}],"version-history":[{"count":0,"href":"https:\/\/www.radiopiu.net\/wordpress\/wp-json\/wp\/v2\/posts\/283575\/revisions"}],"wp:featuredmedia":[{"embeddable":true,"href":"https:\/\/www.radiopiu.net\/wordpress\/wp-json\/wp\/v2\/media\/234119"}],"wp:attachment":[{"href":"https:\/\/www.radiopiu.net\/wordpress\/wp-json\/wp\/v2\/media?parent=283575"}],"wp:term":[{"taxonomy":"category","embeddable":true,"href":"https:\/\/www.radiopiu.net\/wordpress\/wp-json\/wp\/v2\/categories?post=283575"},{"taxonomy":"post_tag","embeddable":true,"href":"https:\/\/www.radiopiu.net\/wordpress\/wp-json\/wp\/v2\/tags?post=283575"}],"curies":[{"name":"wp","href":"https:\/\/api.w.org\/{rel}","templated":true}]}}