{"id":283637,"date":"2022-06-28T05:45:49","date_gmt":"2022-06-28T03:45:49","guid":{"rendered":"https:\/\/www.radiopiu.net\/wordpress\/?p=283637"},"modified":"2022-06-28T08:05:59","modified_gmt":"2022-06-28T06:05:59","slug":"giornale-radiopiu-28-giugno-2022-direttore-mirko-mezzacasa","status":"publish","type":"post","link":"https:\/\/www.radiopiu.net\/wordpress\/giornale-radiopiu-28-giugno-2022-direttore-mirko-mezzacasa\/","title":{"rendered":"GIORNALE RADIOPIU 28 GIUGNO 2022 DIRETTORE MIRKO MEZZACASA"},"content":{"rendered":"<h3 class=\"kvgmc6g5 cxmmr5t8 oygrvhab hcukyx3x c1et5uql\"><span style=\"color: #0000ff;\"><strong>RADIO PIU INFORMAZIONE il canale su TELEGRAM informazione di prima\u00a0 <\/strong><\/span><span style=\"color: #0000ff;\"><strong>mano e in tempo reale. iscriviti ed aiutaci a farlo conoscere\u00a0<\/strong><\/span><\/h3>\n<p>&nbsp;<\/p>\n<hr \/>\n<p>&nbsp;<\/p>\n<blockquote>\n<h3>CHE PERDITA! LA SCOMPARSA DEL &#8220;CITTADINO&#8221; DI AGORDO LEONARDO DEL VECCHIO<\/h3>\n<\/blockquote>\n<p><strong><img loading=\"lazy\" decoding=\"async\" class=\"alignleft\" src=\"https:\/\/www.radiopiu.net\/wordpress\/wp-content\/uploads\/2020\/04\/LEONARDO-DEL-VECCHIO-GRAZIE-300x300.png\" width=\"153\" height=\"153\" \/>AGORDO<\/strong> In una torrida giornata estiva \u00e8 sceso il gelo nella mattinata di ieri sullo stabilimento Luxottica di Agordo, il pi\u00f9 significativo per la famiglia Del Vecchio, la prima casa del Cavaliere, la prima fabbrica negli anni Sessanta, l&#8217;inizio di una storia che sar\u00e0 ricordata per sempre. Alle nove la notizia che nessuno avrebbe voluto sentire: E&#8217; morto il &#8220;nonno&#8221;, perch\u00e9 in Luxottica \u00e8 chiamato cos\u00ec il Leonardo agordino. Subito il pensiero alla fake news, ma purtroppo \u00e8 stata immediata la comunicazione da Milano, dall&#8217;ospedale San Raffaele (Ex Martinitt) dove Leonardo Del Vecchio ha smesso di vivere a 87 anni.<\/p>\n<p>&nbsp;<\/p>\n<p><strong>IL SINDACO DI AGORDO ROBERTO CHISSALE&#8217;<\/strong><\/p>\n<audio class=\"wp-audio-shortcode\" id=\"audio-283637-1\" preload=\"none\" style=\"width: 100%;\" controls=\"controls\"><source type=\"audio\/mpeg\" src=\"https:\/\/www.radiopiu.net\/wordpress\/wp-content\/uploads\/2022\/06\/roberto.mp3?_=1\" \/><a href=\"https:\/\/www.radiopiu.net\/wordpress\/wp-content\/uploads\/2022\/06\/roberto.mp3\">https:\/\/www.radiopiu.net\/wordpress\/wp-content\/uploads\/2022\/06\/roberto.mp3<\/a><\/audio>\n<p>&nbsp;<\/p>\n<p><strong>IL MINISTRO FEDERICO D&#8217;INCA&#8217;<\/strong><\/p>\n<audio class=\"wp-audio-shortcode\" id=\"audio-283637-2\" preload=\"none\" style=\"width: 100%;\" controls=\"controls\"><source type=\"audio\/mpeg\" src=\"https:\/\/www.radiopiu.net\/wordpress\/wp-content\/uploads\/2022\/06\/FEDERICO.mp3?_=2\" \/><a href=\"https:\/\/www.radiopiu.net\/wordpress\/wp-content\/uploads\/2022\/06\/FEDERICO.mp3\">https:\/\/www.radiopiu.net\/wordpress\/wp-content\/uploads\/2022\/06\/FEDERICO.mp3<\/a><\/audio>\n<p>&nbsp;<\/p>\n<p>&nbsp;<\/p>\n<p>&nbsp;<\/p>\n<blockquote>\n<h3>LEONARDO DEL VECCHIO: LA VITA, LUXOTTICA E LO SPORT<\/h3>\n<\/blockquote>\n<p><strong><a class=\"dt-pswp-item\" href=\"https:\/\/www.radiopiu.net\/wordpress\/wp-content\/uploads\/2022\/06\/LEONARDO-DEL-VECCHIO.png\" data-dt-img-description=\"\" data-large_image_width=\"1836\" data-large_image_height=\"1250\"><img loading=\"lazy\" decoding=\"async\" class=\"alignleft wp-image-283867 \" src=\"https:\/\/www.radiopiu.net\/wordpress\/wp-content\/uploads\/2022\/06\/LEONARDO-DEL-VECCHIO-300x204.png\" alt=\"\" width=\"171\" height=\"116\" srcset=\"https:\/\/www.radiopiu.net\/wordpress\/wp-content\/uploads\/2022\/06\/LEONARDO-DEL-VECCHIO-300x204.png 300w, https:\/\/www.radiopiu.net\/wordpress\/wp-content\/uploads\/2022\/06\/LEONARDO-DEL-VECCHIO-1024x697.png 1024w, https:\/\/www.radiopiu.net\/wordpress\/wp-content\/uploads\/2022\/06\/LEONARDO-DEL-VECCHIO-768x523.png 768w, https:\/\/www.radiopiu.net\/wordpress\/wp-content\/uploads\/2022\/06\/LEONARDO-DEL-VECCHIO-1536x1046.png 1536w, https:\/\/www.radiopiu.net\/wordpress\/wp-content\/uploads\/2022\/06\/LEONARDO-DEL-VECCHIO.png 1836w\" sizes=\"auto, (max-width: 171px) 100vw, 171px\" \/><\/a>AGORDO<\/strong><\/p>\n<p>di Gianni Santomaso<\/p>\n<p><strong>\u00a0<\/strong><\/p>\n<p><strong>\u00a0<\/strong><\/p>\n<p><strong>\u00a0<\/strong><\/p>\n<p><strong>LEONARDO DEL VECCHIO E LUXOTTICA<\/strong><\/p>\n<audio class=\"wp-audio-shortcode\" id=\"audio-283637-3\" preload=\"none\" style=\"width: 100%;\" controls=\"controls\"><source type=\"audio\/mpeg\" src=\"https:\/\/www.radiopiu.net\/wordpress\/wp-content\/uploads\/2022\/06\/GIANNI-LEONARDO-DEL-VECCHIO-E-LUXOTTICA.mp3?_=3\" \/><a href=\"https:\/\/www.radiopiu.net\/wordpress\/wp-content\/uploads\/2022\/06\/GIANNI-LEONARDO-DEL-VECCHIO-E-LUXOTTICA.mp3\">https:\/\/www.radiopiu.net\/wordpress\/wp-content\/uploads\/2022\/06\/GIANNI-LEONARDO-DEL-VECCHIO-E-LUXOTTICA.mp3<\/a><\/audio>\n<p>&nbsp;<\/p>\n<p><strong>COSA SUCCEDERA&#8217; QUANDO NON CI SARA&#8217; PIU&#8217; LEONARDO DEL VECCHIO&#8230;<\/strong><\/p>\n<audio class=\"wp-audio-shortcode\" id=\"audio-283637-4\" preload=\"none\" style=\"width: 100%;\" controls=\"controls\"><source type=\"audio\/mpeg\" src=\"https:\/\/www.radiopiu.net\/wordpress\/wp-content\/uploads\/2022\/06\/GIANNI-DEL-VECCHIO-ROBERTO-CHISSALE.mp3?_=4\" \/><a href=\"https:\/\/www.radiopiu.net\/wordpress\/wp-content\/uploads\/2022\/06\/GIANNI-DEL-VECCHIO-ROBERTO-CHISSALE.mp3\">https:\/\/www.radiopiu.net\/wordpress\/wp-content\/uploads\/2022\/06\/GIANNI-DEL-VECCHIO-ROBERTO-CHISSALE.mp3<\/a><\/audio>\n<p>&nbsp;<\/p>\n<p><strong>QUANDO LEONARDO DEL VECCHIO SI CANDIDO&#8217; A SINDACO DI AGORDO<\/strong><\/p>\n<audio class=\"wp-audio-shortcode\" id=\"audio-283637-5\" preload=\"none\" style=\"width: 100%;\" controls=\"controls\"><source type=\"audio\/mpeg\" src=\"https:\/\/www.radiopiu.net\/wordpress\/wp-content\/uploads\/2022\/06\/GIANNI-DEL-VECCHIO-ELEZIONI-AD-AGORDO.mp3?_=5\" \/><a href=\"https:\/\/www.radiopiu.net\/wordpress\/wp-content\/uploads\/2022\/06\/GIANNI-DEL-VECCHIO-ELEZIONI-AD-AGORDO.mp3\">https:\/\/www.radiopiu.net\/wordpress\/wp-content\/uploads\/2022\/06\/GIANNI-DEL-VECCHIO-ELEZIONI-AD-AGORDO.mp3<\/a><\/audio>\n<p>&nbsp;<\/p>\n<p><strong>DEL VECCHIO E LO SPORT<\/strong><\/p>\n<audio class=\"wp-audio-shortcode\" id=\"audio-283637-6\" preload=\"none\" style=\"width: 100%;\" controls=\"controls\"><source type=\"audio\/mpeg\" src=\"https:\/\/www.radiopiu.net\/wordpress\/wp-content\/uploads\/2022\/06\/GIANNI-CALCIO-AGORDO.mp3?_=6\" \/><a href=\"https:\/\/www.radiopiu.net\/wordpress\/wp-content\/uploads\/2022\/06\/GIANNI-CALCIO-AGORDO.mp3\">https:\/\/www.radiopiu.net\/wordpress\/wp-content\/uploads\/2022\/06\/GIANNI-CALCIO-AGORDO.mp3<\/a><\/audio>\n<p>&nbsp;<\/p>\n<p><strong>LE IMPRESSIONI FUORI DAI CANCELLI LUXOTTICA<\/strong><\/p>\n<audio class=\"wp-audio-shortcode\" id=\"audio-283637-7\" preload=\"none\" style=\"width: 100%;\" controls=\"controls\"><source type=\"audio\/mpeg\" src=\"https:\/\/www.radiopiu.net\/wordpress\/wp-content\/uploads\/2022\/06\/GIANNI-FUORI-DAI-CANCELLI-LUXOTTICA.mp3?_=7\" \/><a href=\"https:\/\/www.radiopiu.net\/wordpress\/wp-content\/uploads\/2022\/06\/GIANNI-FUORI-DAI-CANCELLI-LUXOTTICA.mp3\">https:\/\/www.radiopiu.net\/wordpress\/wp-content\/uploads\/2022\/06\/GIANNI-FUORI-DAI-CANCELLI-LUXOTTICA.mp3<\/a><\/audio>\n<p>&nbsp;<\/p>\n<p><strong>LE INTERVISTE DI GIANNI SANTOMASO<\/strong><\/p>\n<div style=\"width: 720px;\" class=\"wp-video\"><video class=\"wp-video-shortcode\" id=\"video-283637-1\" width=\"720\" height=\"480\" preload=\"metadata\" controls=\"controls\"><source type=\"video\/mp4\" src=\"https:\/\/www.radiopiu.net\/wordpress\/wp-content\/uploads\/2022\/06\/INTERVISTE-LUXOTTICA-GIANNI-OK.mp4?_=1\" \/><a href=\"https:\/\/www.radiopiu.net\/wordpress\/wp-content\/uploads\/2022\/06\/INTERVISTE-LUXOTTICA-GIANNI-OK.mp4\">https:\/\/www.radiopiu.net\/wordpress\/wp-content\/uploads\/2022\/06\/INTERVISTE-LUXOTTICA-GIANNI-OK.mp4<\/a><\/video><\/div>\n<p>&nbsp;<\/p>\n<blockquote>\n<h3>L&#8217;ULTIMO SALUTO A LEONARDO, GIOVEDi&#8217; AL PALALUXOTTICA SOTTO AL SUO AGNER. DA DOMANI LA CAMERA ARDENTE<strong style=\"font-size: 14px;\">\u00a0<\/strong><\/h3>\n<\/blockquote>\n<p><strong>AGORDO<\/strong> I funerali del Cavalier Leonardo Del Vecchio verranno celebrati ad Agordo. Sar\u00e0 il PalaLuxottica ad ospitare la cerimonia funebre gioved\u00ec alle 10. A celebrare il rito il Vescovo Renato Marangoni con i parroci della forania. La camera ardente sar\u00e0 aperta gi\u00e0 da domani sempre al PalaLuxottica.<\/p>\n<p>&nbsp;<\/p>\n<blockquote>\n<h3>SAN PIERO PENSANDO A LEONARDO DEL VECCHIO, MERCOLEDI LA RICORRENZA PATRONALE<\/h3>\n<\/blockquote>\n<p><span style=\"color: #ff0000;\"><strong>ANNULLATA LA SERATA DA BALLO<\/strong><\/span><\/p>\n<p><strong>AGORDO<\/strong> Giorno di San Pietro e Paolo, festa del Santo Patrono sottotono ad Agordo, senza alcuna voglia di festeggiare. Mercoledi sar\u00e0 il giorno dell&#8217;apertura della camera ardente, giovedi alle 10 l&#8217;ultimo saluto a Leonardo Del Vecchio al PalaLuxottica. L&#8217;azienda\u00a0 Luxottica rimarr\u00e0 chiusa per la ricorrenza patronale per tutta la giornata di mercoledi. Ad Agordo Proloco, in accordo con \u00a0l&#8217;amministrazione comunale ha deciso di annullare la serata della sagra di mercoled\u00ec.<\/p>\n<p>E&#8217; stata annullata la mostra Bonsai &#8221; Miniature Agordine &#8221; programmata per la festivit\u00e0 di San Piero. Sar\u00e0 riprogrammata in seguito.<\/p>\n<p>&nbsp;<\/p>\n<p>&nbsp;<\/p>\n<blockquote>\n<h3>GIOVEDI AD AGORDO LUTTO CITTADINO, L&#8217;ORDINANZA DEL MUNICIPIO<\/h3>\n<\/blockquote>\n<p><strong><img loading=\"lazy\" decoding=\"async\" class=\"alignleft\" src=\"https:\/\/www.radiopiu.net\/wordpress\/wp-content\/uploads\/2022\/06\/th-14.jpg\" width=\"222\" height=\"111\" \/>AGORDO<\/strong> L&#8217;amministrazione comunale ha ordinato il lutto cittadino\u00a0 al fine di proclamare il cordoglio della comunit\u00e0 per un lutto di grande rilevanza. Bandiere a mezz&#8217;asta negli edifici pubblici, sospensione di tutte le manifestazioni pubbliche, parchi divertimento e delle attivit\u00e0 lavorative non essenziali. Il lutto cittadino interesser\u00e0 la mattinata di giovedi, in concomitanza con i funerali del Cavalier Leonardo Del Vecchio Al PalaLuxottica alle 10.<\/p>\n<p>Mercoledi, festa patronale ad Agordo, salvo cambiamenti dell&#8217;ultimo momento, si svolger\u00e0 la fiera di San Piero. Sono invece annullati gli eventi di ad Agordo Proloco del mercoledi sera, luna park compreso.<\/p>\n<p>&nbsp;<\/p>\n<p>&nbsp;<\/p>\n<p><strong>I TANTI MESSAGGI DI CORDOGLIO<\/strong><\/p>\n<blockquote class=\"wp-embedded-content\" data-secret=\"SoybEc0NUp\"><p><a href=\"https:\/\/www.radiopiu.net\/wordpress\/artefici-del-riscossa-veneta-ha-creduto-nel-lavoro-e-nella-nostra-gente\/\">I TANTI MESSAGGI DI CORDOGLIO, D&#8217;INCA&#8217; &#8220;I BELLUNESI LO AMERANNO PER SEMPRE COME UN PADRE&#8221;<\/a><\/p><\/blockquote>\n<p><iframe loading=\"lazy\" class=\"wp-embedded-content\" sandbox=\"allow-scripts\" security=\"restricted\" style=\"position: absolute; clip: rect(1px, 1px, 1px, 1px);\" title=\"&#8220;I TANTI MESSAGGI DI CORDOGLIO, D&#8217;INCA&#8217; &#8220;I BELLUNESI LO AMERANNO PER SEMPRE COME UN PADRE&#8221;&#8221; &#8212; Radio Pi\u00f9\" src=\"https:\/\/www.radiopiu.net\/wordpress\/artefici-del-riscossa-veneta-ha-creduto-nel-lavoro-e-nella-nostra-gente\/embed\/#?secret=2Xpnr9NfyH#?secret=SoybEc0NUp\" data-secret=\"SoybEc0NUp\" width=\"600\" height=\"338\" frameborder=\"0\" marginwidth=\"0\" marginheight=\"0\" scrolling=\"no\"><\/iframe><\/p>\n<p>&nbsp;<\/p>\n<blockquote>\n<h3>IL SALUTO DI SIMONETTA AL &#8220;PARON&#8221;<\/h3>\n<\/blockquote>\n<p><strong><a class=\"dt-pswp-item\" href=\"https:\/\/www.radiopiu.net\/wordpress\/wp-content\/uploads\/2022\/06\/Leonardo-Del-Vecchio.jpg\" data-dt-img-description=\"\" data-large_image_width=\"308\" data-large_image_height=\"164\"><img loading=\"lazy\" decoding=\"async\" class=\"size-thumbnail wp-image-283834 alignleft\" src=\"https:\/\/www.radiopiu.net\/wordpress\/wp-content\/uploads\/2022\/06\/Leonardo-Del-Vecchio-150x150.jpg\" alt=\"\" width=\"150\" height=\"150\" \/><\/a>REDAZIONE<\/strong> Riceviamo e volentieri pubblichiamo una lettera arrivata in redazione da una dipendente Luxottica che vuole salutare il Cavalier Leonardo Del Vecchio.<\/p>\n<blockquote><p><em>Sono una dipendente Luxottica\u00a0 e scrivo questa lettera di cuore e di pancia&#8230;\u00e8 venuto a mancare il\u00a0 Cavalier Del Vecchio e tutti i giornali ne parlano.Un grande uomo ,un grande imprenditore il nostro Paron. La tristezza in fabbrica \u00e8 tanta ,\u00e8 un grande dispiacere soprattutto per quelli che lo hanno conosciuto di persona. E della sua persona voglio parlare.In dialetto veneto &#8220;paron&#8221;\u00a0 \u00e8 una figura a cui si attribuiscono doveri e poteri ,\u00e8 il Capo .Sue sono le responsabilit\u00e0 pi\u00f9 grandi&#8230;Ha il potere di dirigere, controllare, disciplinare e far crescere la sua Azienda Ma ha anche il dovere di proteggere la sua famiglia allargata, i suoi\u00a0 dipendenti. Del Vecchio era tutto questo per noi&#8230;era quello che tutti aspettavamo quando c&#8217;era un problema ,certi che avrebbe saputo risolvere a favore della sua azienda e nel rispetto dei suoi dipendenti. E&#8217; con rispetto e riconoscenza\u00a0 dico GRAZIE a quel grande uomo che \u00e8 stato Leonardo Del Vecchio.<\/em><\/p>\n<p><em>Simonetta\u00a0<\/em><\/p>\n<p>&nbsp;<\/p><\/blockquote>\n<hr \/>\n<p>&nbsp;<\/p>\n<p>A Lei Cavalier Del Vecchio, a Lei \u201cmio cavaliere\u201d, a Lei grande Uomo, GRAZIE. Grazie per avermi insegnato l\u2019impegno, la passione e la tenacia .<br \/>\nGrazie per aver creato questa \u201cmagia\u201d che mi ha fatto vivere anni di serenit\u00e0 e di crescita, questa \u201cavventura\u201d che spero non finisca mai.<br \/>\nLa ricorder\u00f2 sempre nella Sua immensa eleganza.Buon viaggio Cavalier Del Vecchio e ancora infinite Grazie.<\/p>\n<p>Maruska<\/p>\n<p>&nbsp;<\/p>\n<hr \/>\n<p>&nbsp;<\/p>\n<p>&nbsp;<\/p>\n<blockquote class=\"wp-embedded-content\" data-secret=\"4rMRcGyLhP\"><p><a href=\"https:\/\/www.radiopiu.net\/wordpress\/per-i-5000-del-palaluxottica\/\">ARCHIVIO RADIO PIU. LEONARDO: LA VERA STAR PER I 5000 DEL PALALUXOTTICA<\/a><\/p><\/blockquote>\n<p><iframe loading=\"lazy\" class=\"wp-embedded-content\" sandbox=\"allow-scripts\" security=\"restricted\" style=\"position: absolute; clip: rect(1px, 1px, 1px, 1px);\" title=\"&#8220;ARCHIVIO RADIO PIU. LEONARDO: LA VERA STAR PER I 5000 DEL PALALUXOTTICA&#8221; &#8212; Radio Pi\u00f9\" src=\"https:\/\/www.radiopiu.net\/wordpress\/per-i-5000-del-palaluxottica\/embed\/#?secret=4xP2SyN2kZ#?secret=4rMRcGyLhP\" data-secret=\"4rMRcGyLhP\" width=\"600\" height=\"338\" frameborder=\"0\" marginwidth=\"0\" marginheight=\"0\" scrolling=\"no\"><\/iframe><\/p>\n<p>&nbsp;<\/p>\n<hr \/>\n<p>&nbsp;<\/p>\n<blockquote>\n<h3>STABILIMENTO LUXOTTICA DI AGORDO SENZA CORRENTE. STOP DELLA PRODUZIONE<\/h3>\n<\/blockquote>\n<p><strong><a class=\"dt-pswp-item\" href=\"https:\/\/www.radiopiu.net\/wordpress\/wp-content\/uploads\/2021\/10\/39c351e0-fd7d-4cb4-862d-5ceb8e55b79a.jpg\" data-dt-img-description=\"\" data-large_image_width=\"2000\" data-large_image_height=\"1496\"><img loading=\"lazy\" decoding=\"async\" class=\" wp-image-237171 alignleft\" src=\"https:\/\/www.radiopiu.net\/wordpress\/wp-content\/uploads\/2021\/10\/39c351e0-fd7d-4cb4-862d-5ceb8e55b79a-150x150.jpg\" alt=\"\" width=\"72\" height=\"72\" \/><\/a>AGORDO<\/strong> Lo stabilimento Luxottica di Agordo \u00e8 rimasto senza energia elettrica ieri pomeriggio. Un blackout causato da motivi esterni. Gli operai sono stati mandati a casa dopo una lunga assenza dell&#8217;energia elettrica. Anticipati i mezzi di trasporto pubblico per consentire alle maestranze di rientrare alla propria abitazione.\u00a0 Saltato anche il turno notturno.<\/p>\n<p>&nbsp;<\/p>\n<p>&nbsp;<\/p>\n<hr \/>\n<p>&nbsp;<\/p>\n<blockquote>\n<h3>METEO. ALLERTA GIALLA, OGGI E DOMANI ATTESI TEMPORALI<\/h3>\n<\/blockquote>\n<p><strong><img loading=\"lazy\" decoding=\"async\" class=\"alignleft\" src=\"https:\/\/www.radiopiu.net\/wordpress\/wp-content\/uploads\/2018\/08\/instabilita.jpg\" width=\"158\" height=\"95\" \/>VENEZIA<\/strong> Avviso di\u00a0 criticit\u00e0 idrogeologica riferita allo scenario per temporali forti, lo firma il centro funzionale della Protezione Civile, sar\u00e0 valido dalle 14 di oggi alle 9 di domani. Tra il pomeriggio\u00a0 e le prime ore di mercoled\u00ec\u00a0 fase di instabilit\u00e0 con temporali sparsi. Sono possibili fenomeni intensi (forti rovesci, forti raffiche, grandinate) e consistenti quantitativi di pioggia soprattutto nelle zone montane e pedemontane.<\/p>\n<p>&nbsp;<\/p>\n<p>&nbsp;<\/p>\n<hr \/>\n<p>&nbsp;<\/p>\n<blockquote>\n<h3>CENTAURO ALL&#8217;OSPEDALE DOPO LE SCONTRO CON L&#8217;AUTO<\/h3>\n<\/blockquote>\n<p>FELTRE Finisce contro la fiancata di una Volkswagen Golf e ferisce alla gamba sinistra. \u00c8 successo ieri\u00a0 in via Case Bianche, lungo la strada che collega le frazioni di Vellai e Villabruna.\u00a0 Auto e moto si sono &#8220;toccati&#8221; lateralmente, il motociclista \u00e8 riuscito a non cadere, ma nell&#8217;impatto ha riportato una lacerazione alla gamba sinistra. Il personale del 118 lo ha medicato sul posto e poi trasferito al pronto soccorso.<\/p>\n<p>&nbsp;<\/p>\n<hr \/>\n<p>&nbsp;<\/p>\n<blockquote>\n<h3>SI RIALZA LA CURVA DEL CONTAGIO, CARRARO &#8220;MEGLIO ESSERE PRUDENTI&#8221;<\/h3>\n<\/blockquote>\n<p><strong><a class=\"dt-pswp-item\" href=\"https:\/\/www.radiopiu.net\/wordpress\/wp-content\/uploads\/2022\/06\/0feede1d-0b97-4b67-8b86-6b044b9fa5e8.jpg\" data-dt-img-description=\"\" data-large_image_width=\"1600\" data-large_image_height=\"808\"><img loading=\"lazy\" decoding=\"async\" class=\"wp-image-283763 alignleft\" src=\"https:\/\/www.radiopiu.net\/wordpress\/wp-content\/uploads\/2022\/06\/0feede1d-0b97-4b67-8b86-6b044b9fa5e8.jpg\" alt=\"\" width=\"307\" height=\"155\" srcset=\"https:\/\/www.radiopiu.net\/wordpress\/wp-content\/uploads\/2022\/06\/0feede1d-0b97-4b67-8b86-6b044b9fa5e8.jpg 1600w, https:\/\/www.radiopiu.net\/wordpress\/wp-content\/uploads\/2022\/06\/0feede1d-0b97-4b67-8b86-6b044b9fa5e8-300x152.jpg 300w, https:\/\/www.radiopiu.net\/wordpress\/wp-content\/uploads\/2022\/06\/0feede1d-0b97-4b67-8b86-6b044b9fa5e8-1024x517.jpg 1024w, https:\/\/www.radiopiu.net\/wordpress\/wp-content\/uploads\/2022\/06\/0feede1d-0b97-4b67-8b86-6b044b9fa5e8-768x388.jpg 768w, https:\/\/www.radiopiu.net\/wordpress\/wp-content\/uploads\/2022\/06\/0feede1d-0b97-4b67-8b86-6b044b9fa5e8-1536x776.jpg 1536w\" sizes=\"auto, (max-width: 307px) 100vw, 307px\" \/><\/a>REDAZIONE<\/strong> Cambia ancora la mappa dei Comuni, o meglio la colorazione di uno degli indicatori della pandemia: i nuovi casi. Numeri maggiori per Sovramonte e Sospirolo ma la colorazione scura \u00e8 molto pi\u00f9 evidente rispetto a sette e quindici giorni fa. Aumentano i nuovi casi rispetto, \u00a0nell\u2019ultima settimana\u00a0 1.099 (+361 rispetto a sette giorni prima), tasso di incidenza settimanale di 551 casi su 100 mila abitanti, tuttavia inferiore all&#8217;incidenza nazionale (591 su 100 mila abitanti). i nuovi casi si collocano prevalentemente nelle fasce centrali 25-64 anni. Nella settimana registrato un decesso, \u00e8 morta una donna di 92 anni ricoverata in geriatria a Belluno. Ricoverati: 1 paziente in terapia intensiva,\u00a0 19 in area non critica a Belluno, 1 ospedale di Comunit\u00e0. <em>\u00abL\u2019andamento di questo ultimo periodo suggerisce prudenza: l\u2019uso della mascherina nei luoghi chiusi e in caso di assembramenti all\u2019aperto, il lavaggio frequente delle mani e, possibilmente, il distanziamento\u00bb <\/em>commenta il Direttore Generale Maria Grazia Carraro\u00bb<\/p>\n\n\t\t\t<style type='text\/css'>\n\t\t\t\t#gallery-1 {\n\t\t\t\t\tmargin: auto;\n\t\t\t\t}\n\t\t\t\t#gallery-1 .gallery-item {\n\t\t\t\t\tfloat: left;\n\t\t\t\t\tmargin-top: 10px;\n\t\t\t\t\ttext-align: center;\n\t\t\t\t\twidth: 33%;\n\t\t\t\t}\n\t\t\t\t#gallery-1 img {\n\t\t\t\t\tborder: 2px solid #cfcfcf;\n\t\t\t\t}\n\t\t\t\t#gallery-1 .gallery-caption {\n\t\t\t\t\tmargin-left: 0;\n\t\t\t\t}\n\t\t\t\t\/* see gallery_shortcode() in wp-includes\/media.php *\/\n\t\t\t<\/style>\n\t\t<div id='gallery-1' class='dt-gallery-container gallery galleryid-283637 gallery-columns-3 gallery-size-full'><dl class='gallery-item'>\n\t\t\t\t<dt class='gallery-icon landscape'>\n\t\t\t\t\t<a class=\"rollover rollover-zoom dt-pswp-item\" title=\"4dc477e2-882b-48af-876e-897e38f7a84a\" data-dt-img-description=\"\" data-large_image_width=\"1125\" data-large_image_height=\"1008\"href='https:\/\/www.radiopiu.net\/wordpress\/wp-content\/uploads\/2022\/06\/4dc477e2-882b-48af-876e-897e38f7a84a.jpg'><img loading=\"lazy\" decoding=\"async\" width=\"1125\" height=\"1008\" src=\"https:\/\/www.radiopiu.net\/wordpress\/wp-content\/uploads\/2022\/06\/4dc477e2-882b-48af-876e-897e38f7a84a.jpg\" class=\"attachment-full size-full\" alt=\"\" aria-describedby=\"gallery-1-283762\" srcset=\"https:\/\/www.radiopiu.net\/wordpress\/wp-content\/uploads\/2022\/06\/4dc477e2-882b-48af-876e-897e38f7a84a.jpg 1125w, https:\/\/www.radiopiu.net\/wordpress\/wp-content\/uploads\/2022\/06\/4dc477e2-882b-48af-876e-897e38f7a84a-300x269.jpg 300w, https:\/\/www.radiopiu.net\/wordpress\/wp-content\/uploads\/2022\/06\/4dc477e2-882b-48af-876e-897e38f7a84a-1024x918.jpg 1024w, https:\/\/www.radiopiu.net\/wordpress\/wp-content\/uploads\/2022\/06\/4dc477e2-882b-48af-876e-897e38f7a84a-768x688.jpg 768w\" sizes=\"auto, (max-width: 1125px) 100vw, 1125px\" \/><\/a>\n\t\t\t\t<\/dt>\n\t\t\t\t\t<dd class='wp-caption-text gallery-caption' id='gallery-1-283762'>\n\t\t\t\t\tSETTE GIORNI FA 20 GIUGNO \n\t\t\t\t\t<\/dd><\/dl><dl class='gallery-item'>\n\t\t\t\t<dt class='gallery-icon landscape'>\n\t\t\t\t\t<a class=\"rollover rollover-zoom dt-pswp-item\" title=\"grafico\" data-dt-img-description=\"\" data-large_image_width=\"621\" data-large_image_height=\"618\"href='https:\/\/www.radiopiu.net\/wordpress\/wp-content\/uploads\/2022\/06\/grafico.jpg'><img loading=\"lazy\" decoding=\"async\" width=\"621\" height=\"618\" src=\"https:\/\/www.radiopiu.net\/wordpress\/wp-content\/uploads\/2022\/06\/grafico.jpg\" class=\"attachment-full size-full\" alt=\"\" aria-describedby=\"gallery-1-282689\" srcset=\"https:\/\/www.radiopiu.net\/wordpress\/wp-content\/uploads\/2022\/06\/grafico.jpg 621w, https:\/\/www.radiopiu.net\/wordpress\/wp-content\/uploads\/2022\/06\/grafico-300x300.jpg 300w, https:\/\/www.radiopiu.net\/wordpress\/wp-content\/uploads\/2022\/06\/grafico-150x150.jpg 150w\" sizes=\"auto, (max-width: 621px) 100vw, 621px\" \/><\/a>\n\t\t\t\t<\/dt>\n\t\t\t\t\t<dd class='wp-caption-text gallery-caption' id='gallery-1-282689'>\n\t\t\t\t\tQUINDICI GIORNI FA 13 GIUGNO\n\t\t\t\t\t<\/dd><\/dl><dl class='gallery-item'>\n\t\t\t\t<dt class='gallery-icon portrait'>\n\t\t\t\t\t<a class=\"rollover rollover-zoom dt-pswp-item\" title=\"22\" data-dt-img-description=\"\" data-large_image_width=\"966\" data-large_image_height=\"996\"href='https:\/\/www.radiopiu.net\/wordpress\/wp-content\/uploads\/2022\/06\/22.jpg'><img loading=\"lazy\" decoding=\"async\" width=\"966\" height=\"996\" src=\"https:\/\/www.radiopiu.net\/wordpress\/wp-content\/uploads\/2022\/06\/22.jpg\" class=\"attachment-full size-full\" alt=\"\" aria-describedby=\"gallery-1-281347\" srcset=\"https:\/\/www.radiopiu.net\/wordpress\/wp-content\/uploads\/2022\/06\/22.jpg 966w, https:\/\/www.radiopiu.net\/wordpress\/wp-content\/uploads\/2022\/06\/22-291x300.jpg 291w, https:\/\/www.radiopiu.net\/wordpress\/wp-content\/uploads\/2022\/06\/22-768x792.jpg 768w\" sizes=\"auto, (max-width: 966px) 100vw, 966px\" \/><\/a>\n\t\t\t\t<\/dt>\n\t\t\t\t\t<dd class='wp-caption-text gallery-caption' id='gallery-1-281347'>\n\t\t\t\t\t21 GIORNI FA \n\t\t\t\t\t<\/dd><\/dl><br style=\"clear: both\" \/>\n\t\t\t<\/div>\n\n<p>&nbsp;<\/p>\n<hr \/>\n<p>&nbsp;<\/p>\n<blockquote>\n<h3>IL PROGRAMMA DI EVENTI NEL RICORDO DI PAPA GIOVANNI PAOLO I<\/h3>\n<\/blockquote>\n<p><strong>CANALE D&#8217;AGORDO<\/strong> Ieri, presso il Museo, \u00e8 stato presentato il ricco calendario di appuntamenti in attesa\u00a0 del 4 settembre, giorno della beatificazione di papa Luciani. Come ha ricordato il direttore del Musal, Loris Serafini, il 2022 \u00e8 un anno molto importante ed emozionante per tutti coloro che hanno a cuore papa Luciani,\u00a0 il Musal e la Fondazione papa Luciani. Vario e ricco il programma per ricordare la figura di papa Giovanni Paolo I e celebrare il territorio che lo vide nascere. Tra i molti eventi: il 6 agosto, verr\u00e0 proiettato il documentario di Roberto Sorama\u00e8 \u201cAlbino Luciani: un miracolo dalle Dolomiti\u201d con intermezzi musicali della pianista Silvia Tessari; il 22 agosto, invece, verr\u00e0 presentata la biblioteca storica curata da Albino Luciani, catalogata grazie alla Fondazione Vaticana Giovanni Paolo I e alla sua vice presidente,<br \/>\nStefania Falasca, e al signor Roy Bernard, che ne ha sostenuto i costi. E proprio la musica sar\u00e0 invece la protagonista di vari appuntamenti. Valerio Da Pos (1740-1822)\u00a0 verr\u00e0 ricordato nel 200\u00b0 anniversario della morte con tre incontri (13, 16 e 20 luglio) in cui verranno lette alcune sue poesie, sar\u00e0 presentato il volume del prof. Francesco Piero Franchi \u201cValerio Da Pos poeta contadino. Testi inediti e nuovi contributi critici\u201d e verr\u00e0 inaugurato il nuovo graffito di Dunio Piccolin. Il 9 luglio sar\u00e0 invece dedicato a un altro emerito rappresentante locale, don Antonio Della Lucia, ricordato con la presentazione del libro \u201cIl cavalier Don Antonio Della Lucia. Biografia di un pastore rivoluzionario, filantropo e profeta\u201d di Loris Serafini, edito dall\u2019Associazione Bellunesi nel mondo. Un&#8217;attenzione particolare \u00e8 stata poi dedicata alle mostre, con ben sei proposte.<\/p>\n<p><strong>IL DIRETTORE DEL MUSAL-MUSEO ALBINO LUCIANI, LORIS SERAFINI<\/strong><\/p>\n<div style=\"width: 640px;\" class=\"wp-video\"><video class=\"wp-video-shortcode\" id=\"video-283637-2\" width=\"640\" height=\"352\" preload=\"metadata\" controls=\"controls\"><source type=\"video\/mp4\" src=\"https:\/\/www.radiopiu.net\/wordpress\/wp-content\/uploads\/2022\/06\/Loris-Serafini-Direttore-del-Musal-Presentazione-Eventi-2022.mp4?_=2\" \/><a href=\"https:\/\/www.radiopiu.net\/wordpress\/wp-content\/uploads\/2022\/06\/Loris-Serafini-Direttore-del-Musal-Presentazione-Eventi-2022.mp4\">https:\/\/www.radiopiu.net\/wordpress\/wp-content\/uploads\/2022\/06\/Loris-Serafini-Direttore-del-Musal-Presentazione-Eventi-2022.mp4<\/a><\/video><\/div>\n<p>&nbsp;<\/p>\n<p>&nbsp;<\/p>\n<p>&nbsp;<\/p>\n<hr \/>\n<p>&nbsp;<\/p>\n<blockquote>\n<h3>IL GIURAMENTO DEL SINDACO DI RIVAMONTE GIOVANNI NINO DEON diretta RADIOPIU<\/h3>\n<\/blockquote>\n<p><strong><img loading=\"lazy\" decoding=\"async\" class=\"alignleft\" src=\"https:\/\/www.radiopiu.net\/wordpress\/wp-content\/uploads\/2021\/05\/GIOVANNI-DEON.jpg\" width=\"75\" height=\"73\" \/>RIVAMONTE<\/strong> Oggi alle 18.30 a Rivamonte il riconfermato primo cittadino Giovanni Nino Deon che ha convocato il consiglio comunale per la convalida degli eletti, la nomina dalla Giunta e del vicesindaco nonch\u00e9 i rappresentanti della commissioni. Dalle 18.30 diretta sui canali facebook e telegram di RADIOPIU. Ieri sera\u00a0 a Falcade ha giurato\u00a0 il nuovo sindaco Mauro Salvaterra.<\/p>\n<p>&nbsp;<\/p>\n<p>&nbsp;<\/p>\n<hr \/>\n<blockquote>\n<h3><\/h3>\n<h3>MAURO SALVATERRA HA GIURATO E PRESENTATO LA GIUNTA COMUNALE<\/h3>\n<\/blockquote>\n<p><strong><a class=\"dt-pswp-item\" href=\"https:\/\/www.radiopiu.net\/wordpress\/wp-content\/uploads\/2022\/06\/FALCADE-SALVATERRA-5.jpg\" data-dt-img-description=\"\" data-large_image_width=\"1920\" data-large_image_height=\"1080\"><img loading=\"lazy\" decoding=\"async\" class=\"size-thumbnail wp-image-283861 alignleft\" src=\"https:\/\/www.radiopiu.net\/wordpress\/wp-content\/uploads\/2022\/06\/FALCADE-SALVATERRA-5-150x150.jpg\" alt=\"\" width=\"150\" height=\"150\" \/><\/a>FALCADE<\/strong><\/p>\n<p>di Gianni Santomaso<\/p>\n<audio class=\"wp-audio-shortcode\" id=\"audio-283637-8\" preload=\"none\" style=\"width: 100%;\" controls=\"controls\"><source type=\"audio\/mpeg\" src=\"https:\/\/www.radiopiu.net\/wordpress\/wp-content\/uploads\/2022\/06\/GIANNI-SALVATERRA-HA-GIURATO.mp3?_=8\" \/><a href=\"https:\/\/www.radiopiu.net\/wordpress\/wp-content\/uploads\/2022\/06\/GIANNI-SALVATERRA-HA-GIURATO.mp3\">https:\/\/www.radiopiu.net\/wordpress\/wp-content\/uploads\/2022\/06\/GIANNI-SALVATERRA-HA-GIURATO.mp3<\/a><\/audio>\n<p>&nbsp;<\/p>\n<p><strong>IL CONSIGLIO\u00a0 COMUNALE, LA DIRETTA DI RADIO PIU\u00a0 \u00a0<a href=\"https:\/\/www.facebook.com\/marco.baghy.1\/videos\/2560442444087018\">CLICCA QUI<\/a><\/strong><\/p>\n<p>&nbsp;<\/p>\n<hr \/>\n<p>&nbsp;<\/p>\n<blockquote>\n<h3>VENERDI ALLE 15.30 IL PRIMO CONSIGLIO DI OSCAR DE PELLEGRIN <strong>\u00a0<\/strong><\/h3>\n<\/blockquote>\n<p><strong>BELLUNO<\/strong> Il\u00a0 primo consiglio comunale del sindaco Oscar De Pellegrin si terr\u00e0 venerd\u00ec alle 15.30 nella sala consiliare al terzo piano di Palazzo Rosso. All&#8217;ordine del giorno ci sono numerosi adempimenti di legge: l&#8217;esame della condizione degli eletti alla carica di sindaco e di consigliere comunale, con la convalida e la surroga degli eletti risultati ineleggibili o dimissionari; il giuramento del sindaco davanti al consiglio comunale; l&#8217;elezione del presidente del consiglio (la maggioranza esprimer\u00e0 il nome di Luciano Bassi, eletto con Belluno al centro) e dei vicepresidenti. Quindi il sindaco comunicher\u00e0 la composizione della giunta, che \u00e8 formata da nove assessori.<\/p>\n<p>&nbsp;<\/p>\n<hr \/>\n<p>&nbsp;<\/p>\n<p>&nbsp;<\/p>\n<blockquote>\n<h2>TREDICI CAMION DI LEGNAME IN MENO SULLE SPONDE LE LAGO DI ALLEGHE<\/h2>\n<\/blockquote>\n<p><strong>ALLEGHE<\/strong> Sono importanti le opere di pulizia del lago di Alleghe, ma altrettanto lo \u00e8 la prevenzione. Come quelle piante schiantate ad esempio, sulla destra orografica del lago che alla prima consistente piena sarebbero state trascinate nel lago, verso lo sfioratore che se riempito di materiale e piante difficilmente riesce a dare il meglio. Veneto acque con l&#8217;ingegner Rosario Fagherazzi per conto della Regione Veneto ha provveduto alla ripulitura dell&#8217;argine (lato Rocca Pietore verso lo Chalet),\u00a0 13 camion di legname che con il tempo le piene avevano li&#8217; depositato. E&#8217; stata creata la strada di accesso che ha permesso ai mezzi di accedere alle piante schiantate e che potrebbe rivelarsi ancora importante.<\/p>\n<blockquote><p><em><strong>&#8220;Dillo a RADIO<\/strong>\u00a0 \u00a0&#8220;Grazie a Veneto acque nella persona di Rosario Fagherazzi che ha dimostrato l&#8217;immediata disponibilit\u00e0 nel creare la strada che scende al lago e portati via 13 camion di legnami ancora di Vaia, grazie all&#8217;ingegnere Felice Gaiardo per l&#8217;impegno e per ultimi ma non ultimi, i due Operai che in questo lavoro ci han messo non solo le braccia e le forze ma anche il cuore ed han fatto un lavoro splendido&#8221;<\/em><\/p>\n<h3><\/h3>\n<h3>PRIMA DELL&#8217;INTERVENTO<\/h3>\n<\/blockquote>\n\n\t\t\t<style type='text\/css'>\n\t\t\t\t#gallery-2 {\n\t\t\t\t\tmargin: auto;\n\t\t\t\t}\n\t\t\t\t#gallery-2 .gallery-item {\n\t\t\t\t\tfloat: left;\n\t\t\t\t\tmargin-top: 10px;\n\t\t\t\t\ttext-align: center;\n\t\t\t\t\twidth: 50%;\n\t\t\t\t}\n\t\t\t\t#gallery-2 img {\n\t\t\t\t\tborder: 2px solid #cfcfcf;\n\t\t\t\t}\n\t\t\t\t#gallery-2 .gallery-caption {\n\t\t\t\t\tmargin-left: 0;\n\t\t\t\t}\n\t\t\t\t\/* see gallery_shortcode() in wp-includes\/media.php *\/\n\t\t\t<\/style>\n\t\t<div id='gallery-2' class='dt-gallery-container gallery galleryid-283637 gallery-columns-2 gallery-size-full'><dl class='gallery-item'>\n\t\t\t\t<dt class='gallery-icon landscape'>\n\t\t\t\t\t<a class=\"rollover rollover-zoom dt-pswp-item\" title=\"f50acfda-bcc5-4b0f-a05a-41cf88d253e4\" data-dt-img-description=\"\" data-large_image_width=\"2016\" data-large_image_height=\"1512\"href='https:\/\/www.radiopiu.net\/wordpress\/wp-content\/uploads\/2022\/06\/f50acfda-bcc5-4b0f-a05a-41cf88d253e4.jpg'><img loading=\"lazy\" decoding=\"async\" width=\"2016\" height=\"1512\" src=\"https:\/\/www.radiopiu.net\/wordpress\/wp-content\/uploads\/2022\/06\/f50acfda-bcc5-4b0f-a05a-41cf88d253e4.jpg\" class=\"attachment-full size-full\" alt=\"\" srcset=\"https:\/\/www.radiopiu.net\/wordpress\/wp-content\/uploads\/2022\/06\/f50acfda-bcc5-4b0f-a05a-41cf88d253e4.jpg 2016w, https:\/\/www.radiopiu.net\/wordpress\/wp-content\/uploads\/2022\/06\/f50acfda-bcc5-4b0f-a05a-41cf88d253e4-300x225.jpg 300w, https:\/\/www.radiopiu.net\/wordpress\/wp-content\/uploads\/2022\/06\/f50acfda-bcc5-4b0f-a05a-41cf88d253e4-1024x768.jpg 1024w, https:\/\/www.radiopiu.net\/wordpress\/wp-content\/uploads\/2022\/06\/f50acfda-bcc5-4b0f-a05a-41cf88d253e4-768x576.jpg 768w, https:\/\/www.radiopiu.net\/wordpress\/wp-content\/uploads\/2022\/06\/f50acfda-bcc5-4b0f-a05a-41cf88d253e4-1536x1152.jpg 1536w\" sizes=\"auto, (max-width: 2016px) 100vw, 2016px\" \/><\/a>\n\t\t\t\t<\/dt><\/dl><dl class='gallery-item'>\n\t\t\t\t<dt class='gallery-icon landscape'>\n\t\t\t\t\t<a class=\"rollover rollover-zoom dt-pswp-item\" title=\"6231239f-2d3c-4535-8ba5-33a7f68b0238\" data-dt-img-description=\"\" data-large_image_width=\"2016\" data-large_image_height=\"1512\"href='https:\/\/www.radiopiu.net\/wordpress\/wp-content\/uploads\/2022\/06\/6231239f-2d3c-4535-8ba5-33a7f68b0238.jpg'><img loading=\"lazy\" decoding=\"async\" width=\"2016\" height=\"1512\" src=\"https:\/\/www.radiopiu.net\/wordpress\/wp-content\/uploads\/2022\/06\/6231239f-2d3c-4535-8ba5-33a7f68b0238.jpg\" class=\"attachment-full size-full\" alt=\"\" srcset=\"https:\/\/www.radiopiu.net\/wordpress\/wp-content\/uploads\/2022\/06\/6231239f-2d3c-4535-8ba5-33a7f68b0238.jpg 2016w, https:\/\/www.radiopiu.net\/wordpress\/wp-content\/uploads\/2022\/06\/6231239f-2d3c-4535-8ba5-33a7f68b0238-300x225.jpg 300w, https:\/\/www.radiopiu.net\/wordpress\/wp-content\/uploads\/2022\/06\/6231239f-2d3c-4535-8ba5-33a7f68b0238-1024x768.jpg 1024w, https:\/\/www.radiopiu.net\/wordpress\/wp-content\/uploads\/2022\/06\/6231239f-2d3c-4535-8ba5-33a7f68b0238-768x576.jpg 768w, https:\/\/www.radiopiu.net\/wordpress\/wp-content\/uploads\/2022\/06\/6231239f-2d3c-4535-8ba5-33a7f68b0238-1536x1152.jpg 1536w\" sizes=\"auto, (max-width: 2016px) 100vw, 2016px\" \/><\/a>\n\t\t\t\t<\/dt><\/dl><br style=\"clear: both\" \/>\n\t\t\t<\/div>\n\n<blockquote>\n<h3><strong>DOPO L&#8217;INTERVENTO<\/strong><\/h3>\n<\/blockquote>\n\n\t\t\t<style type='text\/css'>\n\t\t\t\t#gallery-3 {\n\t\t\t\t\tmargin: auto;\n\t\t\t\t}\n\t\t\t\t#gallery-3 .gallery-item {\n\t\t\t\t\tfloat: left;\n\t\t\t\t\tmargin-top: 10px;\n\t\t\t\t\ttext-align: center;\n\t\t\t\t\twidth: 50%;\n\t\t\t\t}\n\t\t\t\t#gallery-3 img {\n\t\t\t\t\tborder: 2px solid #cfcfcf;\n\t\t\t\t}\n\t\t\t\t#gallery-3 .gallery-caption {\n\t\t\t\t\tmargin-left: 0;\n\t\t\t\t}\n\t\t\t\t\/* see gallery_shortcode() in wp-includes\/media.php *\/\n\t\t\t<\/style>\n\t\t<div id='gallery-3' class='dt-gallery-container gallery galleryid-283637 gallery-columns-2 gallery-size-full'><dl class='gallery-item'>\n\t\t\t\t<dt class='gallery-icon landscape'>\n\t\t\t\t\t<a class=\"rollover rollover-zoom dt-pswp-item\" title=\"ec226f20-d6a1-4bab-bbcb-9c303d3e75e9\" data-dt-img-description=\"\" data-large_image_width=\"2048\" data-large_image_height=\"1536\"href='https:\/\/www.radiopiu.net\/wordpress\/wp-content\/uploads\/2022\/06\/ec226f20-d6a1-4bab-bbcb-9c303d3e75e9.jpg'><img loading=\"lazy\" decoding=\"async\" width=\"2048\" height=\"1536\" src=\"https:\/\/www.radiopiu.net\/wordpress\/wp-content\/uploads\/2022\/06\/ec226f20-d6a1-4bab-bbcb-9c303d3e75e9.jpg\" class=\"attachment-full size-full\" alt=\"\" srcset=\"https:\/\/www.radiopiu.net\/wordpress\/wp-content\/uploads\/2022\/06\/ec226f20-d6a1-4bab-bbcb-9c303d3e75e9.jpg 2048w, https:\/\/www.radiopiu.net\/wordpress\/wp-content\/uploads\/2022\/06\/ec226f20-d6a1-4bab-bbcb-9c303d3e75e9-300x225.jpg 300w, https:\/\/www.radiopiu.net\/wordpress\/wp-content\/uploads\/2022\/06\/ec226f20-d6a1-4bab-bbcb-9c303d3e75e9-1024x768.jpg 1024w, https:\/\/www.radiopiu.net\/wordpress\/wp-content\/uploads\/2022\/06\/ec226f20-d6a1-4bab-bbcb-9c303d3e75e9-768x576.jpg 768w, https:\/\/www.radiopiu.net\/wordpress\/wp-content\/uploads\/2022\/06\/ec226f20-d6a1-4bab-bbcb-9c303d3e75e9-1536x1152.jpg 1536w\" sizes=\"auto, (max-width: 2048px) 100vw, 2048px\" \/><\/a>\n\t\t\t\t<\/dt><\/dl><dl class='gallery-item'>\n\t\t\t\t<dt class='gallery-icon landscape'>\n\t\t\t\t\t<a class=\"rollover rollover-zoom dt-pswp-item\" title=\"bd2e6f0c-f7da-430c-9af2-5342a92ae504\" data-dt-img-description=\"\" data-large_image_width=\"2048\" data-large_image_height=\"1536\"href='https:\/\/www.radiopiu.net\/wordpress\/wp-content\/uploads\/2022\/06\/bd2e6f0c-f7da-430c-9af2-5342a92ae504.jpg'><img loading=\"lazy\" decoding=\"async\" width=\"2048\" height=\"1536\" src=\"https:\/\/www.radiopiu.net\/wordpress\/wp-content\/uploads\/2022\/06\/bd2e6f0c-f7da-430c-9af2-5342a92ae504.jpg\" class=\"attachment-full size-full\" alt=\"\" srcset=\"https:\/\/www.radiopiu.net\/wordpress\/wp-content\/uploads\/2022\/06\/bd2e6f0c-f7da-430c-9af2-5342a92ae504.jpg 2048w, https:\/\/www.radiopiu.net\/wordpress\/wp-content\/uploads\/2022\/06\/bd2e6f0c-f7da-430c-9af2-5342a92ae504-300x225.jpg 300w, https:\/\/www.radiopiu.net\/wordpress\/wp-content\/uploads\/2022\/06\/bd2e6f0c-f7da-430c-9af2-5342a92ae504-1024x768.jpg 1024w, https:\/\/www.radiopiu.net\/wordpress\/wp-content\/uploads\/2022\/06\/bd2e6f0c-f7da-430c-9af2-5342a92ae504-768x576.jpg 768w, https:\/\/www.radiopiu.net\/wordpress\/wp-content\/uploads\/2022\/06\/bd2e6f0c-f7da-430c-9af2-5342a92ae504-1536x1152.jpg 1536w\" sizes=\"auto, (max-width: 2048px) 100vw, 2048px\" \/><\/a>\n\t\t\t\t<\/dt><\/dl><br style=\"clear: both\" \/>\n\t\t\t<\/div>\n\n<p>&nbsp;<\/p>\n<p>&nbsp;<\/p>\n<hr \/>\n<p>&nbsp;<\/p>\n<blockquote class=\"wp-embedded-content\" data-secret=\"TT8gaQFC7T\"><p><a href=\"https:\/\/www.radiopiu.net\/wordpress\/aggnazionalegiugno27\/\">CORONAVIRUS: AGGIORNAMENTO NAZIONALE 27 GIUGNO 2022<\/a><\/p><\/blockquote>\n<p><iframe loading=\"lazy\" class=\"wp-embedded-content\" sandbox=\"allow-scripts\" security=\"restricted\" style=\"position: absolute; clip: rect(1px, 1px, 1px, 1px);\" title=\"&#8220;CORONAVIRUS: AGGIORNAMENTO NAZIONALE 27 GIUGNO 2022&#8221; &#8212; Radio Pi\u00f9\" src=\"https:\/\/www.radiopiu.net\/wordpress\/aggnazionalegiugno27\/embed\/#?secret=Si80FuYlbo#?secret=TT8gaQFC7T\" data-secret=\"TT8gaQFC7T\" width=\"600\" height=\"338\" frameborder=\"0\" marginwidth=\"0\" marginheight=\"0\" scrolling=\"no\"><\/iframe><\/p>\n<p>&nbsp;<\/p>\n<blockquote class=\"wp-embedded-content\" data-secret=\"6isDtEYROK\"><p><a href=\"https:\/\/www.radiopiu.net\/wordpress\/aggazzerogiugno27\/\">NEL FINE SETTIMANA: QUATTRO DECESSI E DUEMILA NUOVI CASI<\/a><\/p><\/blockquote>\n<p><iframe loading=\"lazy\" class=\"wp-embedded-content\" sandbox=\"allow-scripts\" security=\"restricted\" style=\"position: absolute; clip: rect(1px, 1px, 1px, 1px);\" title=\"&#8220;NEL FINE SETTIMANA: QUATTRO DECESSI E DUEMILA NUOVI CASI&#8221; &#8212; Radio Pi\u00f9\" src=\"https:\/\/www.radiopiu.net\/wordpress\/aggazzerogiugno27\/embed\/#?secret=BFjuVguUId#?secret=6isDtEYROK\" data-secret=\"6isDtEYROK\" width=\"600\" height=\"338\" frameborder=\"0\" marginwidth=\"0\" marginheight=\"0\" scrolling=\"no\"><\/iframe><\/p>\n<p>&nbsp;<\/p>\n<h2>I GRAFICI DI TIZIANO DE COL<\/h2>\n\n\t\t\t<style type='text\/css'>\n\t\t\t\t#gallery-4 {\n\t\t\t\t\tmargin: auto;\n\t\t\t\t}\n\t\t\t\t#gallery-4 .gallery-item {\n\t\t\t\t\tfloat: left;\n\t\t\t\t\tmargin-top: 10px;\n\t\t\t\t\ttext-align: center;\n\t\t\t\t\twidth: 33%;\n\t\t\t\t}\n\t\t\t\t#gallery-4 img {\n\t\t\t\t\tborder: 2px solid #cfcfcf;\n\t\t\t\t}\n\t\t\t\t#gallery-4 .gallery-caption {\n\t\t\t\t\tmargin-left: 0;\n\t\t\t\t}\n\t\t\t\t\/* see gallery_shortcode() in wp-includes\/media.php *\/\n\t\t\t<\/style>\n\t\t<div id='gallery-4' class='dt-gallery-container gallery galleryid-283637 gallery-columns-3 gallery-size-thumbnail'><dl class='gallery-item'>\n\t\t\t\t<dt class='gallery-icon landscape'>\n\t\t\t\t\t<a class=\"rollover rollover-zoom dt-pswp-item\" title=\"d2778382-a7fb-4f12-9a35-32751be40d62\" data-dt-img-description=\"\" data-large_image_width=\"598\" data-large_image_height=\"360\"href='https:\/\/www.radiopiu.net\/wordpress\/wp-content\/uploads\/2022\/06\/d2778382-a7fb-4f12-9a35-32751be40d62.jpg'><img loading=\"lazy\" decoding=\"async\" width=\"150\" height=\"150\" src=\"https:\/\/www.radiopiu.net\/wordpress\/wp-content\/uploads\/2022\/06\/d2778382-a7fb-4f12-9a35-32751be40d62-150x150.jpg\" class=\"attachment-thumbnail size-thumbnail\" alt=\"\" \/><\/a>\n\t\t\t\t<\/dt><\/dl><dl class='gallery-item'>\n\t\t\t\t<dt class='gallery-icon landscape'>\n\t\t\t\t\t<a class=\"rollover rollover-zoom dt-pswp-item\" title=\"dee78f97-69c9-4fc4-9510-a3582ff3f6c2\" data-dt-img-description=\"\" data-large_image_width=\"589\" data-large_image_height=\"361\"href='https:\/\/www.radiopiu.net\/wordpress\/wp-content\/uploads\/2022\/06\/dee78f97-69c9-4fc4-9510-a3582ff3f6c2.jpg'><img loading=\"lazy\" decoding=\"async\" width=\"150\" height=\"150\" src=\"https:\/\/www.radiopiu.net\/wordpress\/wp-content\/uploads\/2022\/06\/dee78f97-69c9-4fc4-9510-a3582ff3f6c2-150x150.jpg\" class=\"attachment-thumbnail size-thumbnail\" alt=\"\" \/><\/a>\n\t\t\t\t<\/dt><\/dl><dl class='gallery-item'>\n\t\t\t\t<dt class='gallery-icon landscape'>\n\t\t\t\t\t<a class=\"rollover rollover-zoom dt-pswp-item\" title=\"88e33b5c-7b8a-4dcb-bc1a-f06af7c2a27a\" data-dt-img-description=\"\" data-large_image_width=\"616\" data-large_image_height=\"365\"href='https:\/\/www.radiopiu.net\/wordpress\/wp-content\/uploads\/2022\/06\/88e33b5c-7b8a-4dcb-bc1a-f06af7c2a27a.jpg'><img loading=\"lazy\" decoding=\"async\" width=\"150\" height=\"150\" src=\"https:\/\/www.radiopiu.net\/wordpress\/wp-content\/uploads\/2022\/06\/88e33b5c-7b8a-4dcb-bc1a-f06af7c2a27a-150x150.jpg\" class=\"attachment-thumbnail size-thumbnail\" alt=\"\" \/><\/a>\n\t\t\t\t<\/dt><\/dl><br style=\"clear: both\" \/><dl class='gallery-item'>\n\t\t\t\t<dt class='gallery-icon landscape'>\n\t\t\t\t\t<a class=\"rollover rollover-zoom dt-pswp-item\" title=\"269c5f0e-750a-4f80-ad0d-ee48ea69841b\" data-dt-img-description=\"\" data-large_image_width=\"616\" data-large_image_height=\"356\"href='https:\/\/www.radiopiu.net\/wordpress\/wp-content\/uploads\/2022\/06\/269c5f0e-750a-4f80-ad0d-ee48ea69841b.jpg'><img loading=\"lazy\" decoding=\"async\" width=\"150\" height=\"150\" src=\"https:\/\/www.radiopiu.net\/wordpress\/wp-content\/uploads\/2022\/06\/269c5f0e-750a-4f80-ad0d-ee48ea69841b-150x150.jpg\" class=\"attachment-thumbnail size-thumbnail\" alt=\"\" \/><\/a>\n\t\t\t\t<\/dt><\/dl><dl class='gallery-item'>\n\t\t\t\t<dt class='gallery-icon landscape'>\n\t\t\t\t\t<a class=\"rollover rollover-zoom dt-pswp-item\" title=\"01494839-a9fa-44dd-81a2-beef32ac670d\" data-dt-img-description=\"\" data-large_image_width=\"614\" data-large_image_height=\"355\"href='https:\/\/www.radiopiu.net\/wordpress\/wp-content\/uploads\/2022\/06\/01494839-a9fa-44dd-81a2-beef32ac670d.jpg'><img loading=\"lazy\" decoding=\"async\" width=\"150\" height=\"150\" src=\"https:\/\/www.radiopiu.net\/wordpress\/wp-content\/uploads\/2022\/06\/01494839-a9fa-44dd-81a2-beef32ac670d-150x150.jpg\" class=\"attachment-thumbnail size-thumbnail\" alt=\"\" \/><\/a>\n\t\t\t\t<\/dt><\/dl><dl class='gallery-item'>\n\t\t\t\t<dt class='gallery-icon landscape'>\n\t\t\t\t\t<a class=\"rollover rollover-zoom dt-pswp-item\" title=\"ce16c3bd-6813-4994-b262-71b8b0b6cf7b\" data-dt-img-description=\"\" data-large_image_width=\"600\" data-large_image_height=\"364\"href='https:\/\/www.radiopiu.net\/wordpress\/wp-content\/uploads\/2022\/06\/ce16c3bd-6813-4994-b262-71b8b0b6cf7b.jpg'><img loading=\"lazy\" decoding=\"async\" width=\"150\" height=\"150\" src=\"https:\/\/www.radiopiu.net\/wordpress\/wp-content\/uploads\/2022\/06\/ce16c3bd-6813-4994-b262-71b8b0b6cf7b-150x150.jpg\" class=\"attachment-thumbnail size-thumbnail\" alt=\"\" \/><\/a>\n\t\t\t\t<\/dt><\/dl><br style=\"clear: both\" \/>\n\t\t\t<\/div>\n\n<p>&nbsp;<\/p>\n<hr \/>\n<p>&nbsp;<\/p>\n<blockquote>\n<h3>BIM GSP, AL VIA I LAVORI DI MESSA IN SICUREZZA DEI SERBATOI DI CESIOMAGGIORE<\/h3>\n<\/blockquote>\n<p><strong>BELLUNO <\/strong>Sono partiti in questi giorni i lavori di restyling ai serbatoi di Valine e Pra entro Cullogne a Cesiomaggiore. Bim Gsp, infatti, provveder\u00e0 alla messa in sicurezza degli accessi alle due opere che garantiscono l\u2019approvvigionamento idrico di buona parte del Comune di Cesiomaggiore. I lavori, in particolare, prevedono la posa di grigliati in acciaio, di scale, parapetti, punti di ancoraggio e linee vita, per assicurare spostamenti in sicurezza all\u2019interno delle vasche. Si provveder\u00e0, inoltre, al rifacimento e consolidamento delle solette di copertura, e all\u2019impermeabilizzazione delle stesse mediante guaine specifiche idrorepellenti, per garantire una miglior conservazione nel tempo delle strutture. All\u2019esterno dei manufatti, infine, verranno installate apposite protezioni anticaduta. I lavori si completeranno in corso estate e non comporteranno sospensioni della fornitura idrica all\u2019utenza.<\/p>\n\n\t\t\t<style type='text\/css'>\n\t\t\t\t#gallery-5 {\n\t\t\t\t\tmargin: auto;\n\t\t\t\t}\n\t\t\t\t#gallery-5 .gallery-item {\n\t\t\t\t\tfloat: left;\n\t\t\t\t\tmargin-top: 10px;\n\t\t\t\t\ttext-align: center;\n\t\t\t\t\twidth: 33%;\n\t\t\t\t}\n\t\t\t\t#gallery-5 img {\n\t\t\t\t\tborder: 2px solid #cfcfcf;\n\t\t\t\t}\n\t\t\t\t#gallery-5 .gallery-caption {\n\t\t\t\t\tmargin-left: 0;\n\t\t\t\t}\n\t\t\t\t\/* see gallery_shortcode() in wp-includes\/media.php *\/\n\t\t\t<\/style>\n\t\t<div id='gallery-5' class='dt-gallery-container gallery galleryid-283637 gallery-columns-3 gallery-size-thumbnail'><dl class='gallery-item'>\n\t\t\t\t<dt class='gallery-icon landscape'>\n\t\t\t\t\t<a class=\"rollover rollover-zoom dt-pswp-item\" title=\"cantiere\" data-dt-img-description=\"\" data-large_image_width=\"567\" data-large_image_height=\"425\"href='https:\/\/www.radiopiu.net\/wordpress\/wp-content\/uploads\/2022\/06\/cantiere.jpg'><img loading=\"lazy\" decoding=\"async\" width=\"150\" height=\"150\" src=\"https:\/\/www.radiopiu.net\/wordpress\/wp-content\/uploads\/2022\/06\/cantiere-150x150.jpg\" class=\"attachment-thumbnail size-thumbnail\" alt=\"\" \/><\/a>\n\t\t\t\t<\/dt><\/dl><dl class='gallery-item'>\n\t\t\t\t<dt class='gallery-icon landscape'>\n\t\t\t\t\t<a class=\"rollover rollover-zoom dt-pswp-item\" title=\"PraEntroCullogne\" data-dt-img-description=\"\" data-large_image_width=\"709\" data-large_image_height=\"709\"href='https:\/\/www.radiopiu.net\/wordpress\/wp-content\/uploads\/2022\/06\/PraEntroCullogne.jpg'><img loading=\"lazy\" decoding=\"async\" width=\"150\" height=\"150\" src=\"https:\/\/www.radiopiu.net\/wordpress\/wp-content\/uploads\/2022\/06\/PraEntroCullogne-150x150.jpg\" class=\"attachment-thumbnail size-thumbnail\" alt=\"\" srcset=\"https:\/\/www.radiopiu.net\/wordpress\/wp-content\/uploads\/2022\/06\/PraEntroCullogne-150x150.jpg 150w, https:\/\/www.radiopiu.net\/wordpress\/wp-content\/uploads\/2022\/06\/PraEntroCullogne-300x300.jpg 300w, https:\/\/www.radiopiu.net\/wordpress\/wp-content\/uploads\/2022\/06\/PraEntroCullogne.jpg 709w\" sizes=\"auto, (max-width: 150px) 100vw, 150px\" \/><\/a>\n\t\t\t\t<\/dt><\/dl><dl class='gallery-item'>\n\t\t\t\t<dt class='gallery-icon landscape'>\n\t\t\t\t\t<a class=\"rollover rollover-zoom dt-pswp-item\" title=\"Valine\" data-dt-img-description=\"\" data-large_image_width=\"709\" data-large_image_height=\"709\"href='https:\/\/www.radiopiu.net\/wordpress\/wp-content\/uploads\/2022\/06\/Valine.jpg'><img loading=\"lazy\" decoding=\"async\" width=\"150\" height=\"150\" src=\"https:\/\/www.radiopiu.net\/wordpress\/wp-content\/uploads\/2022\/06\/Valine-150x150.jpg\" class=\"attachment-thumbnail size-thumbnail\" alt=\"\" srcset=\"https:\/\/www.radiopiu.net\/wordpress\/wp-content\/uploads\/2022\/06\/Valine-150x150.jpg 150w, https:\/\/www.radiopiu.net\/wordpress\/wp-content\/uploads\/2022\/06\/Valine-300x300.jpg 300w, https:\/\/www.radiopiu.net\/wordpress\/wp-content\/uploads\/2022\/06\/Valine.jpg 709w\" sizes=\"auto, (max-width: 150px) 100vw, 150px\" \/><\/a>\n\t\t\t\t<\/dt><\/dl><br style=\"clear: both\" \/>\n\t\t\t<\/div>\n\n<p>&nbsp;<\/p>\n<p>&nbsp;<\/p>\n<hr \/>\n<p>&nbsp;<\/p>\n<blockquote>\n<h3>THE CLIMATE ROUTE FA TAPPA A PONTE NELLE ALPI<\/h3>\n<\/blockquote>\n<p><strong><a class=\"dt-pswp-item\" href=\"https:\/\/www.radiopiu.net\/wordpress\/wp-content\/uploads\/2022\/06\/The_Climate_Route_a_Ponte_nelle_Alpi.jpg\" data-dt-img-description=\"\" data-large_image_width=\"1307\" data-large_image_height=\"793\"><img loading=\"lazy\" decoding=\"async\" class=\"size-thumbnail wp-image-283803 alignleft\" src=\"https:\/\/www.radiopiu.net\/wordpress\/wp-content\/uploads\/2022\/06\/The_Climate_Route_a_Ponte_nelle_Alpi-150x150.jpg\" alt=\"\" width=\"150\" height=\"150\" \/><\/a>PONTE NELLE ALPI <\/strong>Si chiama \u201cThe Climate Route\u201d: \u00e8 un\u2019associazione di Rimini, nata durante il periodo del lockdown e ha l\u2019obiettivo di sensibilizzare l\u2019opinione pubblica sulla crisi climatica. Ebbene, nelle ultime ore gli attivisti erano a Ponte nelle Alpi. \u00ab<em>Attualmente siamo poco pi\u00f9 di quaranta volontari &#8211; raccontano &#8211; e, all\u2019orizzonte, abbiamo un progetto: quello di promuovere una spedizione in cui realizzare un documentario finalizzato a mettere in luce il tema dell\u2019emergenza climatica<\/em>\u00bb. Ponte nelle Alpi \u00e8 solo una delle tappe del percorso: \u00ab<em>Siamo appena stati sul ghiacciaio della Marmolada e ora proseguiremo per Trieste, per poi entrare in Slovenia, Croazia e, in generale, nei Paesi dei Balcani. A quel punto transiteremo in Turchia, fino a raggiungere il Caucaso: a Baku, in Azerbaigian, terminer\u00e0 la nostra spedizione. Lungo l\u2019itinerario, intervisteremo una serie di persone coinvolte nell\u2019attivismo climatico<\/em>\u00bb.<span class=\"gmail-Apple-converted-space\">\u00a0<\/span>Il progetto originario prevedeva di toccare lo stretto di Bering. Peccato che le restrizioni legate al Covid e i venti di guerra nell\u2019Est Europa abbiano indotto gli attivisti a ricalibrare i piani: \u00ab<em>Tuttavia, siamo comunque in cammino. Ringraziamo il Comune di Ponte nelle Alpi di averci ospitato<\/em>\u00bb.<span class=\"gmail-Apple-converted-space\">\u00a0<\/span><\/p>\n<p>&nbsp;<\/p>\n<p>&nbsp;<\/p>\n<hr \/>\n<p>&nbsp;<\/p>\n<blockquote>\n<h3>PRESENTATI I GIOVEDI&#8217; SERA A BELLUNO<\/h3>\n<\/blockquote>\n<p><strong><a class=\"dt-pswp-item\" href=\"https:\/\/www.radiopiu.net\/wordpress\/wp-content\/uploads\/2022\/06\/1a69bc9a-f0bf-4184-943f-237106b806a8.jpg\" data-dt-img-description=\"\" data-large_image_width=\"1600\" data-large_image_height=\"902\"><img loading=\"lazy\" decoding=\"async\" class=\"size-thumbnail wp-image-283872 alignleft\" src=\"https:\/\/www.radiopiu.net\/wordpress\/wp-content\/uploads\/2022\/06\/1a69bc9a-f0bf-4184-943f-237106b806a8-150x150.jpg\" alt=\"\" width=\"150\" height=\"150\" \/><\/a>BELLUNO<\/strong><\/p>\n<p><strong>di Moreno Gioli<\/strong><\/p>\n<audio class=\"wp-audio-shortcode\" id=\"audio-283637-9\" preload=\"none\" style=\"width: 100%;\" controls=\"controls\"><source type=\"audio\/mpeg\" src=\"https:\/\/www.radiopiu.net\/wordpress\/wp-content\/uploads\/2022\/06\/GIOLI-GIOVEDI-DI-SERA-BELLUNO.mp3?_=9\" \/><a href=\"https:\/\/www.radiopiu.net\/wordpress\/wp-content\/uploads\/2022\/06\/GIOLI-GIOVEDI-DI-SERA-BELLUNO.mp3\">https:\/\/www.radiopiu.net\/wordpress\/wp-content\/uploads\/2022\/06\/GIOLI-GIOVEDI-DI-SERA-BELLUNO.mp3<\/a><\/audio>\n<p>&nbsp;<\/p>\n<hr \/>\n<p>&nbsp;<\/p>\n<blockquote>\n<h3>APERTO UN BANDO PER LE PERSONE CON DISABILITA\u2019<\/h3>\n<\/blockquote>\n<p><strong><a class=\"dt-pswp-item\" href=\"https:\/\/www.radiopiu.net\/wordpress\/wp-content\/uploads\/2019\/01\/anziani.jpg\" data-dt-img-description=\"\" data-large_image_width=\"1280\" data-large_image_height=\"868\"><img loading=\"lazy\" decoding=\"async\" class=\"size-thumbnail wp-image-71084 alignleft\" src=\"https:\/\/www.radiopiu.net\/wordpress\/wp-content\/uploads\/2019\/01\/anziani-150x150.jpg\" alt=\"\" width=\"150\" height=\"150\" \/><\/a>BELLUNO<\/strong> Nell\u2019ambito del Progetto Vita Indipendente, sono stati pubblicati due bandi per il rimborso delle spese sostenute nell\u2019ambito dell\u2019assistenza personale, dell\u2019abitare in autonomia e degli interventi per l\u2019inclusione sociale e relazionale. Attraverso questo contributo si vuole sostenere coloro che vogliono organizzare in autonomia il proprio progetto per la vita indipendente, finalizzato alla conduzione di una normale vita personale e familiare, al potenziamento delle relazioni sociali e al miglioramento della qualit\u00e0 di vita. I destinatari del bando sono persone che vivono nel territorio dell\u2019Ulss Dolomiti &#8211;\u00a0 distretto di Belluno e Feltre che presentino disabilit\u00e0 intellettiva, motoria e\/o sensoriale, di et\u00e0 compresa tra i 18 e i 64 anni. Sul sito <a href=\"http:\/\/www.aulss1.veneto.it\/\">www.aulss1.veneto.it<\/a> sono disponibili gli avvisi pubblici con tutte le informazioni.<\/p>\n<p>&nbsp;<\/p>\n<p>&nbsp;<\/p>\n<hr \/>\n<p>&nbsp;<\/p>\n<blockquote>\n<h3>DOMANI LA CONSEGNA DELLE VELE DI LEGAMBIENTE AL LAGO DEL MIS<\/h3>\n<\/blockquote>\n<p><strong>SOSPIROLO<\/strong> Domani alle 11:15 al Lago del Mis La Goletta dei Laghi presenter\u00e0 i risultati delle analisi microbiologiche sui laghi di Santa Croce e del Mis. L\u2019evento sar\u00e0, inoltre, occasione per consegnare <span style=\"color: #000000;\">Le Vele di Legambiente <a style=\"color: #000000;\">e Touring Club Italiano ai laghi di Santa Croce e del Mis<\/a>, rispettivamente meritevoli per il 2022 delle 4 e delle 5 Vele: un vessill<\/span>o che \u00e8 un riconoscimento della qualit\u00e0 ambientale e dei servizi offerti nelle localit\u00e0 premiate.<\/p>\n<p>&nbsp;<\/p>\n<p>&nbsp;<\/p>\n<hr \/>\n<p>&nbsp;<\/p>\n<blockquote>\n<h3>CHIUSURA NOTTURNA DELLA GALLERIA \u2018TERMINE\u2019<\/h3>\n<\/blockquote>\n<p><strong><a class=\"dt-pswp-item\" href=\"https:\/\/www.radiopiu.net\/wordpress\/wp-content\/uploads\/2021\/06\/anas.png\" data-dt-img-description=\"\" data-large_image_width=\"299\" data-large_image_height=\"169\"><img loading=\"lazy\" decoding=\"async\" class=\"alignleft wp-image-213422 \" src=\"https:\/\/www.radiopiu.net\/wordpress\/wp-content\/uploads\/2021\/06\/anas.png\" alt=\"\" width=\"173\" height=\"98\" \/><\/a>VENEZIA <\/strong>Per consentire l\u2019esecuzione dei lavori di manutenzione degli impianti tecnologici della galleria \u2018Termine\u2019 sono previste limitazioni notturne lungo la strada statale 51 \u201cdi Alemagna\u201d a Termine di Cadore (BL). Nella fascia oraria compresa tra le 21:00 e le 5:00 del giorno successivo, sar\u00e0 chiuso al traffico il tratto dal km 53,400 al km 56,400 con deviazione della circolazione sulla NSA 215 (ex strada statale 51). La modifica alla circolazione non sar\u00e0 in vigore nei giorni festivi e prefestivi ed \u00e8 prevista fino a mercoled\u00ec 6 luglio<\/p>\n<p>&nbsp;<\/p>\n<hr \/>\n<p>&nbsp;<\/p>\n<blockquote>\n<h3>ACQUA INQUINATA E LAVORI PROGRAMMATI<\/h3>\n<\/blockquote>\n<p><strong><a class=\"dt-pswp-item\" href=\"https:\/\/www.radiopiu.net\/wordpress\/wp-content\/uploads\/2018\/08\/ACQUA.jpeg\" data-dt-img-description=\"\" data-large_image_width=\"1280\" data-large_image_height=\"768\"><img loading=\"lazy\" decoding=\"async\" class=\"alignleft wp-image-57052 \" src=\"https:\/\/www.radiopiu.net\/wordpress\/wp-content\/uploads\/2018\/08\/ACQUA-300x180.jpeg\" alt=\"\" width=\"153\" height=\"92\" srcset=\"https:\/\/www.radiopiu.net\/wordpress\/wp-content\/uploads\/2018\/08\/ACQUA-300x180.jpeg 300w, https:\/\/www.radiopiu.net\/wordpress\/wp-content\/uploads\/2018\/08\/ACQUA-768x461.jpeg 768w, https:\/\/www.radiopiu.net\/wordpress\/wp-content\/uploads\/2018\/08\/ACQUA-1024x614.jpeg 1024w, https:\/\/www.radiopiu.net\/wordpress\/wp-content\/uploads\/2018\/08\/ACQUA.jpeg 1280w\" sizes=\"auto, (max-width: 153px) 100vw, 153px\" \/><\/a>SAN TOMASO<\/strong> Gestione Servizi Pubblici informa che a SAN TOMASO AGORDINO in localit\u00e0 PIANEZZE l&#8217;acqua \u00e8 di nuovo potabile. Ancora inquinata nelle altre frazioni: CELAT,CHIEA,TOCOL, FONTANELLE E COL ZARESE.<\/p>\n<p><strong>GOSALDO<\/strong> nelle localit\u00e0 DON, LE FESTE, LE CASE, CURTI, INCASAL e TURBAI\u00a0 l&#8217;acqua erogata dall&#8217;acquedotto non \u00e8 potabile e pu\u00f2 essere usata per scopi alimentari SOLO PREVIA bollitura.<\/p>\n<p><strong>VAL DI ZOLDO<\/strong> Acqua non potabile in localit\u00e0 Chiesa, Molin e via Scuole<\/p>\n<p><strong>OSPITALE DI CADORE<\/strong> Acqua non potabile in localit\u00e0 Termine<\/p>\n<p>&nbsp;<\/p>\n<blockquote>\n<h3>INTERRUZIONE PROGRAMMATA DEL SERVIZIO IDRICO A FALCADE<\/h3>\n<\/blockquote>\n<p><strong><a class=\"dt-pswp-item\" href=\"https:\/\/www.radiopiu.net\/wordpress\/wp-content\/uploads\/2021\/06\/th-12.jpg\" data-dt-img-description=\"\" data-large_image_width=\"282\" data-large_image_height=\"188\"><img loading=\"lazy\" decoding=\"async\" class=\" wp-image-216172 alignleft\" src=\"https:\/\/www.radiopiu.net\/wordpress\/wp-content\/uploads\/2021\/06\/th-12-150x150.jpg\" alt=\"\" width=\"61\" height=\"61\" \/><\/a>FALCADE<\/strong> Gestione Servizi Pubblici informa che, per lavori alla rete idrica comunale, oggi dalle ore 14:00 alle ore 17:00 verr\u00e0 sospesa l\u2019erogazione dell\u2019acqua a FALCADE, nelle Vie A. MURER e MAREDANE e nei CORSI ROMA ed ITALIA. Il personale addetto operer\u00e0 per limitare il pi\u00f9 possibile i disagi alla popolazione.<\/p>\n<p>&nbsp;<\/p>\n<p>&nbsp;<\/p>\n<hr \/>\n<p>&nbsp;<\/p>\n<blockquote>\n<h3>CHIUSURA DELLA STRADA PER MALGA FOCA<\/h3>\n<\/blockquote>\n<p><strong><a class=\"dt-pswp-item\" href=\"https:\/\/www.radiopiu.net\/wordpress\/wp-content\/uploads\/2021\/06\/83a13bb7-efc6-4ad3-9647-9b311c7aa5c4.jpg\" data-dt-img-description=\"\" data-large_image_width=\"1920\" data-large_image_height=\"1080\"><img loading=\"lazy\" decoding=\"async\" class=\"size-thumbnail wp-image-215875 alignleft\" src=\"https:\/\/www.radiopiu.net\/wordpress\/wp-content\/uploads\/2021\/06\/83a13bb7-efc6-4ad3-9647-9b311c7aa5c4-150x150.jpg\" alt=\"\" width=\"150\" height=\"150\" \/><\/a>LA VALLE<\/strong> Il comune di La Valle comunica che la strada per Malga Foca chiuder\u00e0 al transito veicolare e pedonale \u00a0dal 27\/06\/2022 per un periodo piuttosto lungo per esbosco di schianti e trasporto del materiale a valle. La chiusura \u00e8 prevista \u00a0fino al 15\/11\/2022 . La strada interessata \u00e8 denominata Conaggia-Malga Foca-Buscaresem e chiuder\u00e0 il tratto dalla localit\u00e0 La Boa fino al bivio posto poco sotto la Malga Foca dove parte una strada che porta a Folega. Gli orari di chiusura: dal luned\u00ec al venerd\u00ec dalle\u00a0 7 alle 18 e il sabato dalle\u00a0 \u00a07 alle\u00a0 12, il sabato pomeriggio e la domenica \u00e8 aperta. Resta interdetto sempre a partire dal 27\/06\/2022 \u00a0il transito sia veicolare che pedonale della strada che dal bivio posto poco sotto Malga Foca porta verso Folega , i lavori boschivi verranno svolti soprattutto nella zona del Mandriz di Folega e forcella Folega e interesseranno anche il sentiero CAI 545 che attraversa la zona del cantiere boschivo nella localit\u00e0 \u201cMadonna dei Sciar\u201d e forcella Folega.<\/p>\n<p>&nbsp;<\/p>\n<p>&nbsp;<\/p>\n<hr \/>\n<p>&nbsp;<\/p>\n<blockquote>\n<h3>AVOSCAN-CHENET-BASTIANI: LA STRADA CHIUDE NEI GIORNI FERIALI<\/h3>\n<\/blockquote>\n<p><strong><img loading=\"lazy\" decoding=\"async\" class=\"alignleft\" src=\"https:\/\/www.radiopiu.net\/wordpress\/wp-content\/uploads\/2022\/06\/cencenighe.jpg\" width=\"157\" height=\"105\" \/>CENCENIGHE<\/strong> Lavori in corso nelle frazioni, cantieri per la messa in sicurezza della viabilit\u00e0 comunale che obbligano alla chiusura totale al traffico veicolare e pedonale della strada che conduce alle localit\u00e0 Foch, Chenet, Collaz e Bastian. Fino al 5 agosto dal lunedi al venerdi la strada sar\u00e0 chiusa dalle 8 alle 9.45 (riapertura fino alle 10) dalle 10 alle 12 (riapertura fino alle 13). Nel pomeriggio chiusura dalle 13 alle 14.15 (riapertura fino alle 14.30) e dalle 14.30 alle 17.30. Nei giorni festivi e prefestivi strada aperta senza alcuna interruzione.<\/p>\n<p>&nbsp;<\/p>\n<p>&nbsp;<\/p>\n<hr \/>\n<p>&nbsp;<\/p>\n<blockquote>\n<h3>PROROGATA LA CHIUSURA DELLA STRADA TRA CROSTOLIN E LE RONCHE<\/h3>\n<\/blockquote>\n<p><strong>LA VALLE AGORDINA<\/strong>\u00a0 Sul Ponte \u201cDel Felice\u201d tra Crostolin e Le Ronche: chiusura della strada\u00a0 fino al 8 luglio per consentire alla ditta incaricata di effettuare le opere,\u00a0 interdizione totale al transito veicolare e pedonale. La Ditta che sta eseguendo i lavori ha comunicato che serve ancora un periodo di chiusura . Al riguardo \u00e8 stata prorogata fino all&#8217;8 luglio l&#8217;ordinanza che dispone la chiusura della strada.<\/p>\n<p>&nbsp;<\/p>\n<hr \/>\n<blockquote>\n<h3><\/h3>\n<h3>CHIUSA LA SP422 A TAMBRE, SENSO UNICO ALTERNATO A CIBIANA FINO A REVOCA<\/h3>\n<\/blockquote>\n<p><strong><a class=\"dt-pswp-item\" href=\"https:\/\/www.radiopiu.net\/wordpress\/wp-content\/uploads\/2020\/05\/VENETO-STRADE.png\" data-dt-img-description=\"\" data-large_image_width=\"400\" data-large_image_height=\"400\"><img loading=\"lazy\" decoding=\"async\" class=\" wp-image-135574 alignleft\" src=\"https:\/\/www.radiopiu.net\/wordpress\/wp-content\/uploads\/2020\/05\/VENETO-STRADE-150x150.png\" alt=\"\" width=\"66\" height=\"66\" srcset=\"https:\/\/www.radiopiu.net\/wordpress\/wp-content\/uploads\/2020\/05\/VENETO-STRADE-150x150.png 150w, https:\/\/www.radiopiu.net\/wordpress\/wp-content\/uploads\/2020\/05\/VENETO-STRADE-300x300.png 300w, https:\/\/www.radiopiu.net\/wordpress\/wp-content\/uploads\/2020\/05\/VENETO-STRADE.png 400w\" sizes=\"auto, (max-width: 66px) 100vw, 66px\" \/><\/a> <\/strong><\/p>\n<p><strong>SEDICO<\/strong> Veneto Strade comunica che sulla SP 422 DELL&#8217;ALPAGO E CANSIGLIO ci sar\u00e0 un&#8217;interdizione totale al transito <span style=\"color: #000000;\">fino a domani in comune di Tambre. Sulla SP 347 PASSO CEREDA E DURAN \u00e8 stato istituito il senso unico alternato regolato da semaforo in comune di Cibiana di Cadore <\/span><span style=\"color: #ff0000;\"><span style=\"color: #000000;\">fino a revoca\u00a0per restringimento della carreggiata.<\/span><\/span><\/p>\n<p>&nbsp;<\/p>\n<p>&nbsp;<\/p>\n<hr \/>\n<p>&nbsp;<\/p>\n<blockquote>\n<h3><a class=\"dt-pswp-item\" href=\"https:\/\/www.radiopiu.net\/wordpress\/wp-content\/uploads\/2022\/06\/51fac066-71b1-40bf-832c-82c0caf0d0b1-1-300x169-1.jpg\" data-dt-img-description=\"\" data-large_image_width=\"300\" data-large_image_height=\"169\"><img loading=\"lazy\" decoding=\"async\" class=\" wp-image-283321 alignleft\" src=\"https:\/\/www.radiopiu.net\/wordpress\/wp-content\/uploads\/2022\/06\/51fac066-71b1-40bf-832c-82c0caf0d0b1-1-300x169-1-150x150.jpg\" alt=\"\" width=\"117\" height=\"117\" \/><\/a>PARCHEGGI E VIA POLONI, SE NE PARLA GIOVEDI IN MUNICIPIO<\/h3>\n<\/blockquote>\n<p><strong>AGORDO<\/strong> Giovedi alle 19.15 nel consiglio comunale convocato dal sindaco Roberto Chissal\u00e8 saranno presentati cinque interventi per parcheggi e viabilit\u00e0 nel territorio comunale, nonch\u00e9 l&#8217;allargamento di via Poloni con l&#8217;esame delle controdeduzioni. All&#8217;ordine del giorno anche le variazioni al programma triennale delle opere pubbliche e l&#8217;approvazione della modifica allo statuto dell&#8217;azienda consortile agordina<\/p>\n<p>&nbsp;<\/p>\n<p>&nbsp;<\/p>\n<hr \/>\n<p>&nbsp;<\/p>\n<blockquote>\n<h3>LA SAGRA DE SAN PIERO AD AGORDO<\/h3>\n<\/blockquote>\n<p><a class=\"dt-pswp-item\" href=\"https:\/\/www.radiopiu.net\/wordpress\/wp-content\/uploads\/2022\/06\/209897324_3964881060289548_9076927299633250027_n.jpg\" data-dt-img-description=\"\" data-large_image_width=\"960\" data-large_image_height=\"720\"><img loading=\"lazy\" decoding=\"async\" class=\"size-thumbnail wp-image-283719 alignleft\" src=\"https:\/\/www.radiopiu.net\/wordpress\/wp-content\/uploads\/2022\/06\/209897324_3964881060289548_9076927299633250027_n-150x150.jpg\" alt=\"\" width=\"150\" height=\"150\" \/><\/a><\/p>\n<p>&nbsp;<\/p>\n<blockquote>\n<h3>LO SPECIALE ALLA RADIO, DALLA &#8220;FABBRICA DELLE EMOZIONI &#8211; DERSUT GIORNALE E CAFFE&#8217; DI TAIBON&#8221;<\/h3>\n<\/blockquote>\n<p><span style=\"color: #ff0000;\"><strong>INTERVISTA DI CLAUDIO FONTANIVE, OSPITE DANIELE GALLIGANI (FOTO) PRESIDENTE AD AGORDO PROLOCO<\/strong><\/span><\/p>\n<audio class=\"wp-audio-shortcode\" id=\"audio-283637-10\" preload=\"none\" style=\"width: 100%;\" controls=\"controls\"><source type=\"audio\/mpeg\" src=\"https:\/\/www.radiopiu.net\/wordpress\/wp-content\/uploads\/2022\/06\/daniele-galligani-san-piero-27-giugno.mp3?_=10\" \/><a href=\"https:\/\/www.radiopiu.net\/wordpress\/wp-content\/uploads\/2022\/06\/daniele-galligani-san-piero-27-giugno.mp3\">https:\/\/www.radiopiu.net\/wordpress\/wp-content\/uploads\/2022\/06\/daniele-galligani-san-piero-27-giugno.mp3<\/a><\/audio>\n<p>&nbsp;<\/p>\n<p>&nbsp;<\/p>\n<hr \/>\n<p>&nbsp;<\/p>\n<blockquote>\n<h3>GLI ALPINI DI CENCENIGHE IN TRASFERTA AD ASIAGO<\/h3>\n<\/blockquote>\n<p><strong>CENCENIGHE<\/strong> \u00c8 in programma per domenica 10 luglio una trasferta ad Asiago per gli alpini di Cencenighe per partecipare al Raduno Triveneto. Soci e simpatizzanti possono aderire alla trasferta scrivendo una mail a segreteria@anacencenighe.it o contattando il 349 9551910 o il 338 9871535. La quota di partecipazione \u00e8 di 30 euro. Il programma: ritrovo al Nof Fil\u00f2 alle 6:20 e partenza alle 6:30, arrivo verso le 9 ad Asiago e rientro in tarda serata.<\/p>\n<p>&nbsp;<\/p>\n<p>&nbsp;<\/p>\n<hr \/>\n<p>&nbsp;<\/p>\n<p>&nbsp;<\/p>\n<blockquote>\n<h3><strong><a class=\"dt-pswp-item\" href=\"https:\/\/www.radiopiu.net\/wordpress\/wp-content\/uploads\/2022\/06\/Schola-dei-Battuti-presso-San-Simon-Vallada-Agordina.jpg\" data-dt-img-description=\"\" data-large_image_width=\"1600\" data-large_image_height=\"1200\"><img loading=\"lazy\" decoding=\"async\" class=\"size-thumbnail wp-image-280948 alignleft\" src=\"https:\/\/www.radiopiu.net\/wordpress\/wp-content\/uploads\/2022\/06\/Schola-dei-Battuti-presso-San-Simon-Vallada-Agordina-150x150.jpg\" alt=\"\" width=\"150\" height=\"150\" \/><\/a><\/strong>SABATO 2 LUGLIO L&#8217;INAUGURAZIONE DELLA SCHOLA DEI BATTUTI A VALLADA<\/h3>\n<\/blockquote>\n<p><strong>DI GIANNI SANTOMASO<\/strong><\/p>\n<audio class=\"wp-audio-shortcode\" id=\"audio-283637-11\" preload=\"none\" style=\"width: 100%;\" controls=\"controls\"><source type=\"audio\/mpeg\" src=\"https:\/\/www.radiopiu.net\/wordpress\/wp-content\/uploads\/2022\/06\/GIANNI-SCHOLA-DEI-BATTUTI.mp3?_=11\" \/><a href=\"https:\/\/www.radiopiu.net\/wordpress\/wp-content\/uploads\/2022\/06\/GIANNI-SCHOLA-DEI-BATTUTI.mp3\">https:\/\/www.radiopiu.net\/wordpress\/wp-content\/uploads\/2022\/06\/GIANNI-SCHOLA-DEI-BATTUTI.mp3<\/a><\/audio>\n<p>&nbsp;<\/p>\n<p>&nbsp;<\/p>\n<p>&nbsp;<\/p>\n<hr \/>\n<p>&nbsp;<\/p>\n<blockquote>\n<h3>OCCHIALI E SURREALISMO, LA MOSTRA A PIEVE DI CADORE<\/h3>\n<\/blockquote>\n<p><strong>PIEVE DI CADORE <\/strong>Domenica 3 luglio, alle 18.00, presso la Fondazione Museo dell\u2019Occhiale onlus di Pieve di Cadore, si terr\u00e0 l\u2019inaugurazione dell\u2019esposizione <em>Occhiali e surrealismo: attrazione. Per vedere il surreale e il reale<\/em>. Si tratta di un\u2019importante mostra retrospettiva sulla figura del pittore surrealista Luigi Regianini (1930 &#8211; 2013), che si tiene a pochi anni di distanza da quella ospitata, nel 2016, a Palazzo Ferro Fini in Venezia, <em>Il sonno della laguna genera mostri<\/em>. Allestita fino al 30 settembre, la mostra sar\u00e0 visitabile negli stessi orari di apertura del Museo, da marted\u00ec a domenica, dalle 9.30 alle 12,30 e dalle 15.30 alle 18.30.<\/p>\n<p>&nbsp;<\/p>\n<p>&nbsp;<\/p>\n<hr \/>\n<p>&nbsp;<\/p>\n<blockquote>\n<h3>IL FESTIVAL INTERNAZIONALE DELLA FISARMONICA<\/h3>\n<\/blockquote>\n<p><strong><a class=\"dt-pswp-item\" href=\"https:\/\/www.radiopiu.net\/wordpress\/wp-content\/uploads\/2022\/06\/sa.jpg\" data-dt-img-description=\"\" data-large_image_width=\"473\" data-large_image_height=\"151\"><img loading=\"lazy\" decoding=\"async\" class=\"wp-image-280606 alignleft\" src=\"https:\/\/www.radiopiu.net\/wordpress\/wp-content\/uploads\/2022\/06\/sa.jpg\" alt=\"\" width=\"229\" height=\"73\" srcset=\"https:\/\/www.radiopiu.net\/wordpress\/wp-content\/uploads\/2022\/06\/sa.jpg 473w, https:\/\/www.radiopiu.net\/wordpress\/wp-content\/uploads\/2022\/06\/sa-300x96.jpg 300w\" sizes=\"auto, (max-width: 229px) 100vw, 229px\" \/><\/a>REDAZIONE<\/strong> Il Festival internazionale della Fisarmonica, Dolomiti 2022 ritorna in presenza con tre appuntamenti, dall&#8217;Agordino al Cadore. Prima serata venerdi 1 luglio alle 20.45 al Nof Fil\u00f2 di Cencenighe, sabato 2 luglio all&#8217;Auditorium dell&#8217;Istituto Canossiano di Feltre, domenica 3 luglio all&#8217;Auditorium Comunale di San Vito di Cadore. Ospiti della serata i pi\u00f9 noti concertisti del panorama musicale internazionale. E&#8217; un&#8217;iniziativa dell&#8217;Associazione Filarmonica, Fisorchestra G. Rossini di Santa Giustina. La Fisorchestra Rossini, diretta dal maestro Ernesto Bellus e la Fisorchestra Armonia, diretta dal maestro Mirko Satto si esibiranno nel repertorio classico e moderno; il Koa Quintett diretto dal maestro Nicola Bettiol suoner\u00e0 un repertorio oberkrainer. Informazioni negli uffici turistici di Cencenighe e Feltre. Presenta Michela Da Canal.<\/p>\n<p>&nbsp;<\/p>\n<p>&nbsp;<\/p>\n<hr \/>\n<p>&nbsp;<\/p>\n<blockquote>\n<h3>IL CONCERTO CON GLI AMICI DEL NEVEGAL<\/h3>\n<\/blockquote>\n<p><strong>BELLUNO<\/strong> L&#8217;Associazione Amici del Nevegal,\u00a0 che lo scorso anno ha celebrato i 50 anni organizza un altro importante appuntamento: il concerto presso il Santuario di Maria Immacolata sempre in Nevegal sabato 9 luglio alle 20.30 con la Filarmonica di Belluno, che peraltro quest\u2019anno celebra il suo 155\u00b0 compleanno.<\/p>\n<p>&nbsp;<\/p>\n<p>&nbsp;<\/p>\n<hr \/>\n<p>&nbsp;<\/p>\n<blockquote>\n<h3>GLI APPUNTAMENTI AL CASTELLO DI ANDRAZ<\/h3>\n<\/blockquote>\n<p><strong>LIVINALLONGO<\/strong> Questi gli appuntamenti al Castello di Andraz per i prossimi giorni. Gioved\u00ec alle 17:00, l\u2019inaugurazione della mostra personale dell\u2019artista Gabriele Grones, <i>PRIMO MOVIMENTO<\/i>, che rimarr\u00e0 presso il castello per tutta l\u2019estate, fino al 2 ottobre. Domenica 3 luglio alle 15:30 concerto nel borgo di Castello per la rassegna Musica nell\u2019Agordino \u201cLe 8 Stagioni\u201d (musiche di A. Vivaldi e A.Piazzolla). Mercoled\u00ec 6 luglio la prima uscita con le guide naturalistiche di Tramedistoria, con passeggiata ed attivit\u00e0 didattiche e venerd\u00ec 8 luglio alle ore 16:00 \u201cGli dei dell\u2019Olimpo\u201d, spettacolo itinerante con Ana-Thema Teatro (UD).<\/p>\n<p>&nbsp;<\/p>\n<p>&nbsp;<\/p>\n<hr \/>\n<p>&nbsp;<\/p>\n<blockquote>\n<h3>FRA GLI AVVENIMENTI DI SELVA DI CADORE: GRANDE GUERRA E FRANA DEL PIZ DEL CORVO<\/h3>\n<\/blockquote>\n<p><strong>di Renato Bona<\/strong><\/p>\n<p>Con questo secondo servizio proseguiamo la \u201crilettura-visione\u201d del capitolo \u201cAvvenimenti\u201d, parte importate del prezioso libro del quale \u00e8 stato autore il caro amico prof. don Lorenzo Dell\u2019Andrea: \u201cSelva di Cadore come era\u201d, realizzato nel novembre 1993 (bellunese tipografia Piave) a cura dell\u2019\u201cUnion de i Ladi\u00f1 de Selva\u201d. La serie delle immagini si apre con: \u201cUn soldato fotografato a Selva: \u00e8 un compaesano o uno dei tanti militari presenti durante la guerra?\u201d; segue quella di uno dei tanti militari a Selva nelle retrovie del fronte prima della ritirata di Caporetto\u201d e quindi quella di \u201cUna crocerossina in servizio nel piccolo ospedale da campo allestito a Santa Fosca durante la prima guerra mondiale\u201d (tutte e tre sono di Fedele Chizzolin-Raccolta Union Ladi\u00f1 de Selva). Tocca quindi alla panoramica a proposito della quale si legge: \u201cAccampamenti militari a Selva nel 1915-Un aspetto di Selva di Cadore all\u2019inizio della prima guerra mondiale, con numerose baracche per alloggiamenti di militari. Il confine di Stato tra Italia e Austria passava lungo il torrente Codalonga, a poche centinaia di metri dal capoluogo di Selva; Colle Santa Lucia, sullo sfondo, apparteneva all\u2019Impero Austro-Ungarico\u201d. Ci sono poi: \u201cIncidente aereo a Selva. Un avvenimento eccezionale si ebbe nel maggio 1916 con la caduta di un aeroplano italiano durante la prima guerra mondiale. In primo piano i rottami dell\u2019aereo; in secondo piano militari e civili e il campanile di Selva (raccolta Aristide Bonifacio)\u201d e: \u201cMilitari in esercitazione a Pescul durante la prima guerra mondiale. Da notare le mitragliatrici dell\u2019ultimo modello con il raffreddamento ad acqua\u201d. Ed eccoci alla panoramica (raccolta Aristide Bonifacio) con dicitura: \u201cSanta Fosca nel 1917, subito dopo la caduta della frana dal Piz del Corvo (avvenuta il 27 maggio 1917). In primo piano le baracche militari (vi erano alloggiamenti per i soldati che andavano e venivano dal vicino Col di Lana e dalle Tofane e un ospedaletto militare). In alto, ben visibili: a destra il villaggio di Toffol, al centro il villaggio di L\u2019Andria, a sinistra il Sech\u201d. Ancora: \u201cLa \u2018boa\u2019 caduta dal Piz del Corvo: la strada Pescul-Selva \u00e8 completamente ostruita; squadre di volontari e di militari lavorano per riaprirla e soprattutto per il recupero dei civili e dei soldati travolti. La frana infatti abbatt\u00e9 tre molini, una latteria, una segheria con la vicina casa di abitazione e il \u2018LII Ospedaletto da campo\u2019. Morirono 5 civili e 23 soldati; si salv\u00f2, grazie a un caporale degli alpini un bimbo, Osvaldo Bellenzier, che stava in braccio alla mamma\u201d. Restiamo in argomento con due foto (Fedele Chizzolin, raccolta Union Ladi\u00f1); la prima che spiega: \u201cLa \u2018boa\u2019 del 1917 vista dall\u2019alto (da Insom le Krepe). La frana si \u00e8 mossa probabilmente a causa delle infiltrazioni d\u2019acqua e delle piogge e nevicate dell\u2019autunno e inverno precedente. Sulla destra la frana si avvicina a Toffol (alcuni grossi massi arrivarono fin presso la \u2018ci\u00e9sa de Tone de i Deve\u00f1\u2019 e risparmi\u00f2 Santa Fosca essendosi incanalata lungo il torrente Loschiesuoi, finendo nel torrente Fiorentina\u201d. Per l\u2019altra \u00e8 stato scritto: \u201cLa benedizione negli anni \u201820 della Chiesetta monumentale in memoria dei militari sepolti dalla frana del 1917. All\u2019interno una iscrizione: \u2018Riposate in gloria in pace \/ grandi oscuri eroi \/ cui la valanga interruppe \/ il lavoro e la vita che erano per la Patria\u2019. Pi\u00f9 tardi fu aggiunto un campanile di legno, con la \u2018Campana dei Caduti\u2019. A causa della costruzione del \u2018Villaggio turistico Thule\u2019 qualche anno fa la chiesetta fu trasportata a nord. E\u2019 ora dedicata alla \u2018Madonna della neve\u2019 e ogni anno, il 6 agosto, viene celebrata per iniziativa dell\u2019Ana una solenne messa in ricordo delle vittime della frana e di tutte le guerre\u201d. In questa occasione, le ultime due immagini (foto Fedele Chizzolin, raccolta Union Ladi\u00f1) che proponiamo sono del cimitero militare di Santa Fosca. La prima: \u201cIn una delle lapidi si legge: \u2018Chiavicatti cav. Enrico nato in Torino il 2.7.1873, Maggiore del 92.mo fanteria, improvvisamente rapito alla gloria delle armi\u2019. La data: 18 ottobre 1915. Tutte le salme furono poi trasportate nell\u2019Ossario di Pocol\u201d. Per la seconda: \u201cDue soldati nel cimitero militare di Santa Fosca posano accanto alle tombe di tre loro commilitoni: Ardua Carlo, di Guastalla; Bolondi Luigi di Novellara e Tarabelli di Geresara. Per tutti e tre sulla lapide \u00e8 scritto: \u2018Travolto da frana il XXVII-V.MCMXVII\u2019\u201d<\/p>\n\n\t\t\t<style type='text\/css'>\n\t\t\t\t#gallery-6 {\n\t\t\t\t\tmargin: auto;\n\t\t\t\t}\n\t\t\t\t#gallery-6 .gallery-item {\n\t\t\t\t\tfloat: left;\n\t\t\t\t\tmargin-top: 10px;\n\t\t\t\t\ttext-align: center;\n\t\t\t\t\twidth: 25%;\n\t\t\t\t}\n\t\t\t\t#gallery-6 img {\n\t\t\t\t\tborder: 2px solid #cfcfcf;\n\t\t\t\t}\n\t\t\t\t#gallery-6 .gallery-caption {\n\t\t\t\t\tmargin-left: 0;\n\t\t\t\t}\n\t\t\t\t\/* see gallery_shortcode() in wp-includes\/media.php *\/\n\t\t\t<\/style>\n\t\t<div id='gallery-6' class='dt-gallery-container gallery galleryid-283637 gallery-columns-4 gallery-size-thumbnail'><dl class='gallery-item'>\n\t\t\t\t<dt class='gallery-icon portrait'>\n\t\t\t\t\t<a class=\"rollover rollover-zoom dt-pswp-item\" title=\"85385300-f8e1-4def-96d6-f7741736ec9b\" data-dt-img-description=\"\" data-large_image_width=\"152\" data-large_image_height=\"395\"href='https:\/\/www.radiopiu.net\/wordpress\/wp-content\/uploads\/2022\/06\/85385300-f8e1-4def-96d6-f7741736ec9b.jpg'><img loading=\"lazy\" decoding=\"async\" width=\"150\" height=\"150\" src=\"https:\/\/www.radiopiu.net\/wordpress\/wp-content\/uploads\/2022\/06\/85385300-f8e1-4def-96d6-f7741736ec9b-150x150.jpg\" class=\"attachment-thumbnail size-thumbnail\" alt=\"\" \/><\/a>\n\t\t\t\t<\/dt><\/dl><dl class='gallery-item'>\n\t\t\t\t<dt class='gallery-icon portrait'>\n\t\t\t\t\t<a class=\"rollover rollover-zoom dt-pswp-item\" title=\"7ac3a0f9-c769-44bb-92a7-6e4a4c39d8be\" data-dt-img-description=\"\" data-large_image_width=\"154\" data-large_image_height=\"240\"href='https:\/\/www.radiopiu.net\/wordpress\/wp-content\/uploads\/2022\/06\/7ac3a0f9-c769-44bb-92a7-6e4a4c39d8be.jpg'><img loading=\"lazy\" decoding=\"async\" width=\"150\" height=\"150\" src=\"https:\/\/www.radiopiu.net\/wordpress\/wp-content\/uploads\/2022\/06\/7ac3a0f9-c769-44bb-92a7-6e4a4c39d8be-150x150.jpg\" class=\"attachment-thumbnail size-thumbnail\" alt=\"\" \/><\/a>\n\t\t\t\t<\/dt><\/dl><dl class='gallery-item'>\n\t\t\t\t<dt class='gallery-icon portrait'>\n\t\t\t\t\t<a class=\"rollover rollover-zoom dt-pswp-item\" title=\"575e5f0f-3cae-43b2-a8cf-92f499e58653\" data-dt-img-description=\"\" data-large_image_width=\"151\" data-large_image_height=\"350\"href='https:\/\/www.radiopiu.net\/wordpress\/wp-content\/uploads\/2022\/06\/575e5f0f-3cae-43b2-a8cf-92f499e58653.jpg'><img loading=\"lazy\" decoding=\"async\" width=\"150\" height=\"150\" src=\"https:\/\/www.radiopiu.net\/wordpress\/wp-content\/uploads\/2022\/06\/575e5f0f-3cae-43b2-a8cf-92f499e58653-150x150.jpg\" class=\"attachment-thumbnail size-thumbnail\" alt=\"\" \/><\/a>\n\t\t\t\t<\/dt><\/dl><dl class='gallery-item'>\n\t\t\t\t<dt class='gallery-icon landscape'>\n\t\t\t\t\t<a class=\"rollover rollover-zoom dt-pswp-item\" title=\"fee8daaa-f84e-4e4c-96ea-e5aa29908405\" data-dt-img-description=\"\" data-large_image_width=\"320\" data-large_image_height=\"201\"href='https:\/\/www.radiopiu.net\/wordpress\/wp-content\/uploads\/2022\/06\/fee8daaa-f84e-4e4c-96ea-e5aa29908405.jpg'><img loading=\"lazy\" decoding=\"async\" width=\"150\" height=\"150\" src=\"https:\/\/www.radiopiu.net\/wordpress\/wp-content\/uploads\/2022\/06\/fee8daaa-f84e-4e4c-96ea-e5aa29908405-150x150.jpg\" class=\"attachment-thumbnail size-thumbnail\" alt=\"\" \/><\/a>\n\t\t\t\t<\/dt><\/dl><br style=\"clear: both\" \/><dl class='gallery-item'>\n\t\t\t\t<dt class='gallery-icon landscape'>\n\t\t\t\t\t<a class=\"rollover rollover-zoom dt-pswp-item\" title=\"805cd261-c19c-4942-b582-4b3a3bb7eb4d\" data-dt-img-description=\"\" data-large_image_width=\"334\" data-large_image_height=\"206\"href='https:\/\/www.radiopiu.net\/wordpress\/wp-content\/uploads\/2022\/06\/805cd261-c19c-4942-b582-4b3a3bb7eb4d.jpg'><img loading=\"lazy\" decoding=\"async\" width=\"150\" height=\"150\" src=\"https:\/\/www.radiopiu.net\/wordpress\/wp-content\/uploads\/2022\/06\/805cd261-c19c-4942-b582-4b3a3bb7eb4d-150x150.jpg\" class=\"attachment-thumbnail size-thumbnail\" alt=\"\" \/><\/a>\n\t\t\t\t<\/dt><\/dl><dl class='gallery-item'>\n\t\t\t\t<dt class='gallery-icon landscape'>\n\t\t\t\t\t<a class=\"rollover rollover-zoom dt-pswp-item\" title=\"288511a5-8eba-41ef-9bc0-9cf0dd59c26d\" data-dt-img-description=\"\" data-large_image_width=\"350\" data-large_image_height=\"206\"href='https:\/\/www.radiopiu.net\/wordpress\/wp-content\/uploads\/2022\/06\/288511a5-8eba-41ef-9bc0-9cf0dd59c26d.jpg'><img loading=\"lazy\" decoding=\"async\" width=\"150\" height=\"150\" src=\"https:\/\/www.radiopiu.net\/wordpress\/wp-content\/uploads\/2022\/06\/288511a5-8eba-41ef-9bc0-9cf0dd59c26d-150x150.jpg\" class=\"attachment-thumbnail size-thumbnail\" alt=\"\" \/><\/a>\n\t\t\t\t<\/dt><\/dl><dl class='gallery-item'>\n\t\t\t\t<dt class='gallery-icon landscape'>\n\t\t\t\t\t<a class=\"rollover rollover-zoom dt-pswp-item\" title=\"c8509cbc-8e84-49fc-9270-0f942d0dd6cb\" data-dt-img-description=\"\" data-large_image_width=\"351\" data-large_image_height=\"206\"href='https:\/\/www.radiopiu.net\/wordpress\/wp-content\/uploads\/2022\/06\/c8509cbc-8e84-49fc-9270-0f942d0dd6cb.jpg'><img loading=\"lazy\" decoding=\"async\" width=\"150\" height=\"150\" src=\"https:\/\/www.radiopiu.net\/wordpress\/wp-content\/uploads\/2022\/06\/c8509cbc-8e84-49fc-9270-0f942d0dd6cb-150x150.jpg\" class=\"attachment-thumbnail size-thumbnail\" alt=\"\" \/><\/a>\n\t\t\t\t<\/dt><\/dl><dl class='gallery-item'>\n\t\t\t\t<dt class='gallery-icon landscape'>\n\t\t\t\t\t<a class=\"rollover rollover-zoom dt-pswp-item\" title=\"3829a005-a15e-4523-ac36-dff4c9f0ec79\" data-dt-img-description=\"\" data-large_image_width=\"296\" data-large_image_height=\"205\"href='https:\/\/www.radiopiu.net\/wordpress\/wp-content\/uploads\/2022\/06\/3829a005-a15e-4523-ac36-dff4c9f0ec79.jpg'><img loading=\"lazy\" decoding=\"async\" width=\"150\" height=\"150\" src=\"https:\/\/www.radiopiu.net\/wordpress\/wp-content\/uploads\/2022\/06\/3829a005-a15e-4523-ac36-dff4c9f0ec79-150x150.jpg\" class=\"attachment-thumbnail size-thumbnail\" alt=\"\" \/><\/a>\n\t\t\t\t<\/dt><\/dl><br style=\"clear: both\" \/><dl class='gallery-item'>\n\t\t\t\t<dt class='gallery-icon landscape'>\n\t\t\t\t\t<a class=\"rollover rollover-zoom dt-pswp-item\" title=\"49055d22-2a1c-4832-a147-b1c86a0746b2\" data-dt-img-description=\"\" data-large_image_width=\"345\" data-large_image_height=\"206\"href='https:\/\/www.radiopiu.net\/wordpress\/wp-content\/uploads\/2022\/06\/49055d22-2a1c-4832-a147-b1c86a0746b2.jpg'><img loading=\"lazy\" decoding=\"async\" width=\"150\" height=\"150\" src=\"https:\/\/www.radiopiu.net\/wordpress\/wp-content\/uploads\/2022\/06\/49055d22-2a1c-4832-a147-b1c86a0746b2-150x150.jpg\" class=\"attachment-thumbnail size-thumbnail\" alt=\"\" \/><\/a>\n\t\t\t\t<\/dt><\/dl><dl class='gallery-item'>\n\t\t\t\t<dt class='gallery-icon landscape'>\n\t\t\t\t\t<a class=\"rollover rollover-zoom dt-pswp-item\" title=\"502ef08b-d3d0-4b55-b1d9-8cc395e15922\" data-dt-img-description=\"\" data-large_image_width=\"350\" data-large_image_height=\"206\"href='https:\/\/www.radiopiu.net\/wordpress\/wp-content\/uploads\/2022\/06\/502ef08b-d3d0-4b55-b1d9-8cc395e15922.jpg'><img loading=\"lazy\" decoding=\"async\" width=\"150\" height=\"150\" src=\"https:\/\/www.radiopiu.net\/wordpress\/wp-content\/uploads\/2022\/06\/502ef08b-d3d0-4b55-b1d9-8cc395e15922-150x150.jpg\" class=\"attachment-thumbnail size-thumbnail\" alt=\"\" \/><\/a>\n\t\t\t\t<\/dt><\/dl><dl class='gallery-item'>\n\t\t\t\t<dt class='gallery-icon portrait'>\n\t\t\t\t\t<a class=\"rollover rollover-zoom dt-pswp-item\" title=\"5f04d466-6761-4947-b8a8-cbff0d9a902e\" data-dt-img-description=\"\" data-large_image_width=\"150\" data-large_image_height=\"240\"href='https:\/\/www.radiopiu.net\/wordpress\/wp-content\/uploads\/2022\/06\/5f04d466-6761-4947-b8a8-cbff0d9a902e.jpg'><img loading=\"lazy\" decoding=\"async\" width=\"150\" height=\"150\" src=\"https:\/\/www.radiopiu.net\/wordpress\/wp-content\/uploads\/2022\/06\/5f04d466-6761-4947-b8a8-cbff0d9a902e-150x150.jpg\" class=\"attachment-thumbnail size-thumbnail\" alt=\"\" \/><\/a>\n\t\t\t\t<\/dt><\/dl><dl class='gallery-item'>\n\t\t\t\t<dt class='gallery-icon portrait'>\n\t\t\t\t\t<a class=\"rollover rollover-zoom dt-pswp-item\" title=\"1c030c95-f240-45e2-945b-ee268cb4a888\" data-dt-img-description=\"\" data-large_image_width=\"152\" data-large_image_height=\"225\"href='https:\/\/www.radiopiu.net\/wordpress\/wp-content\/uploads\/2022\/06\/1c030c95-f240-45e2-945b-ee268cb4a888.jpg'><img loading=\"lazy\" decoding=\"async\" width=\"150\" height=\"150\" src=\"https:\/\/www.radiopiu.net\/wordpress\/wp-content\/uploads\/2022\/06\/1c030c95-f240-45e2-945b-ee268cb4a888-150x150.jpg\" class=\"attachment-thumbnail size-thumbnail\" alt=\"\" \/><\/a>\n\t\t\t\t<\/dt><\/dl><br style=\"clear: both\" \/>\n\t\t\t<\/div>\n\n<p>&nbsp;<\/p>\n<p>&nbsp;<\/p>\n<hr \/>\n<h3 class=\"kvgmc6g5 cxmmr5t8 oygrvhab hcukyx3x c1et5uql\"><span style=\"color: #0000ff;\"><strong>\u00a0<\/strong><\/span><\/h3>\n<h3 class=\"kvgmc6g5 cxmmr5t8 oygrvhab hcukyx3x c1et5uql\"><span style=\"color: #0000ff;\"><strong>INFORMAZIONE il canale su TELEGRAM informazione di prima mano e in tempo reale. iscriviti ed aiutaci a farlo conoscere\u00a0 \u00a0<\/strong><\/span><\/h3>\n<p>&nbsp;<\/p>\n<hr \/>\n<p>&nbsp;<\/p>\n<blockquote>\n<h2><span style=\"color: #800080;\">STORIE A QUATTROCCHI<br \/>\nOGGI ALLE 9 E ALLE 18 LA NUOVA PUNTATA CON ELENA E STEFANIA<\/span><\/h2>\n<\/blockquote>\n<p><strong>PUNTATA DEL 22 GIUGNO 2022 CON ELENA E STEFANIA<\/strong><\/p>\n<audio class=\"wp-audio-shortcode\" id=\"audio-283637-12\" preload=\"none\" style=\"width: 100%;\" controls=\"controls\"><source type=\"audio\/mpeg\" src=\"https:\/\/www.radiopiu.net\/wordpress\/wp-content\/uploads\/2022\/06\/QOCCHI-10.mp3?_=12\" \/><a href=\"https:\/\/www.radiopiu.net\/wordpress\/wp-content\/uploads\/2022\/06\/QOCCHI-10.mp3\">https:\/\/www.radiopiu.net\/wordpress\/wp-content\/uploads\/2022\/06\/QOCCHI-10.mp3<\/a><\/audio>\n<p><strong>\u00a0<\/strong><\/p>\n<p><strong>LA RACCOLTA COMPLETA\u00a0<\/strong><\/p>\n<blockquote class=\"wp-embedded-content\" data-secret=\"i1WjeABLzP\"><p><a href=\"https:\/\/www.radiopiu.net\/wordpress\/storie-a-quattrocchi\/\">Storie a quattrocchi<\/a><\/p><\/blockquote>\n<p><iframe loading=\"lazy\" class=\"wp-embedded-content\" sandbox=\"allow-scripts\" security=\"restricted\" style=\"position: absolute; clip: rect(1px, 1px, 1px, 1px);\" title=\"&#8220;Storie a quattrocchi&#8221; &#8212; Radio Pi\u00f9\" src=\"https:\/\/www.radiopiu.net\/wordpress\/storie-a-quattrocchi\/embed\/#?secret=lie3YUZL1S#?secret=i1WjeABLzP\" data-secret=\"i1WjeABLzP\" width=\"600\" height=\"338\" frameborder=\"0\" marginwidth=\"0\" marginheight=\"0\" scrolling=\"no\"><\/iframe><\/p>\n<p>&nbsp;<\/p>\n<hr \/>\n<p>&nbsp;<\/p>\n<h2><\/h2>\n<h2><span style=\"color: #008080;\">&#8220;DINTORN E FORA VIA&#8221; A CURA DEL MUSLA, IL NUOVO PROGRAMMA\u00a0 \u00a0<\/span><\/h2>\n<p>&nbsp;<\/p>\n<p>&nbsp;<\/p>\n<p><strong>LA RACCOLTA COMPLETA<\/strong><\/p>\n<blockquote class=\"wp-embedded-content\" data-secret=\"FHwCC3ziWv\"><p><a href=\"https:\/\/www.radiopiu.net\/wordpress\/musla\/\">MUSLA<\/a><\/p><\/blockquote>\n<p><iframe loading=\"lazy\" class=\"wp-embedded-content\" sandbox=\"allow-scripts\" security=\"restricted\" style=\"position: absolute; clip: rect(1px, 1px, 1px, 1px);\" title=\"&#8220;MUSLA&#8221; &#8212; Radio Pi\u00f9\" src=\"https:\/\/www.radiopiu.net\/wordpress\/musla\/embed\/#?secret=0hOCapsclO#?secret=FHwCC3ziWv\" data-secret=\"FHwCC3ziWv\" width=\"600\" height=\"338\" frameborder=\"0\" marginwidth=\"0\" marginheight=\"0\" scrolling=\"no\"><\/iframe><\/p>\n<h3><\/h3>\n<p>&nbsp;<\/p>\n<hr \/>\n<p>&nbsp;<\/p>\n<p>&nbsp;<\/p>\n<p>&nbsp;<\/p>\n<div>\n<div class=\"b654a4as d2edcug0\">\n<div class=\"rq0escxv hkbzh7o3 jwdofwj8 n8tt0mok r8blr3vg hyh9befq\">\n<p><a class=\"dt-pswp-item\" href=\"https:\/\/www.radiopiu.net\/wordpress\/wp-content\/uploads\/2020\/10\/pp.jpg\" data-dt-img-description=\"\" data-large_image_width=\"640\" data-large_image_height=\"640\"><img loading=\"lazy\" decoding=\"async\" class=\"wp-image-163678 alignleft\" src=\"https:\/\/www.radiopiu.net\/wordpress\/wp-content\/uploads\/2020\/10\/pp-300x300.jpg\" alt=\"\" width=\"106\" height=\"106\" srcset=\"https:\/\/www.radiopiu.net\/wordpress\/wp-content\/uploads\/2020\/10\/pp-300x300.jpg 300w, https:\/\/www.radiopiu.net\/wordpress\/wp-content\/uploads\/2020\/10\/pp-150x150.jpg 150w, https:\/\/www.radiopiu.net\/wordpress\/wp-content\/uploads\/2020\/10\/pp-125x125.jpg 125w, https:\/\/www.radiopiu.net\/wordpress\/wp-content\/uploads\/2020\/10\/pp-200x200.jpg 200w, https:\/\/www.radiopiu.net\/wordpress\/wp-content\/uploads\/2020\/10\/pp-80x80.jpg 80w, https:\/\/www.radiopiu.net\/wordpress\/wp-content\/uploads\/2020\/10\/pp-480x480.jpg 480w, https:\/\/www.radiopiu.net\/wordpress\/wp-content\/uploads\/2020\/10\/pp.jpg 640w\" sizes=\"auto, (max-width: 106px) 100vw, 106px\" \/><\/a><\/p>\n<\/div>\n<\/div>\n<\/div>\n<div>\n<div class=\"page-title-head hgroup\">\n<div class=\"page-title-head hgroup\">\n<div class=\"b654a4as d2edcug0\">\n<div class=\"j83agx80 btwxx1t3 lhclo0ds hop8lmos nkwizq5d scwd0bx6 roh60bw9\">\n<div class=\"rq0escxv hkbzh7o3 jwdofwj8 n8tt0mok r8blr3vg hyh9befq\">\n<div class=\"do00u71z l9j0dhe7 k4urcfbm\">\n<h2><span style=\"color: #000080;\">DON CESARE, IL PENSIERO DEL GIORNO. ALLA RADIO ALLE 7 DEL MATTINO E ALLE 19.30 DELLA SERA.\u00a0<\/span><\/h2>\n<p><strong>AGORDO<\/strong> Giovedi alle 10 i funerali di Leonardo Del Vecchio al PalaLuxottica, da domani alle 12 la camera ardente. Il rito funebre sar\u00e0 celebrato dal vescovo Renato Marangoni e dal parroco di Agordo Don Cesare.<\/p>\n<\/div>\n<p><strong>DON CESARE<\/strong><\/p>\n<audio class=\"wp-audio-shortcode\" id=\"audio-283637-13\" preload=\"none\" style=\"width: 100%;\" controls=\"controls\"><source type=\"audio\/mpeg\" src=\"https:\/\/www.radiopiu.net\/wordpress\/wp-content\/uploads\/2022\/06\/CESARE-22.mp3?_=13\" \/><a href=\"https:\/\/www.radiopiu.net\/wordpress\/wp-content\/uploads\/2022\/06\/CESARE-22.mp3\">https:\/\/www.radiopiu.net\/wordpress\/wp-content\/uploads\/2022\/06\/CESARE-22.mp3<\/a><\/audio>\n<p>&nbsp;<\/p>\n<\/div>\n<\/div>\n<\/div>\n<\/div>\n<\/div>\n<\/div>\n<p>&nbsp;<\/p>\n<hr \/>\n<p>&nbsp;<\/p>\n<div class=\"do00u71z l9j0dhe7 k4urcfbm\">\n<div class=\"page-title-head hgroup\">\n<div class=\"page-title-head hgroup\">\n<div class=\"b654a4as d2edcug0\">\n<div class=\"j83agx80 btwxx1t3 lhclo0ds hop8lmos nkwizq5d scwd0bx6 roh60bw9\">\n<div class=\"rq0escxv hkbzh7o3 jwdofwj8 n8tt0mok r8blr3vg hyh9befq\">\n<div class=\"do00u71z l9j0dhe7 k4urcfbm\">\n<div class=\"page-title-head hgroup\">\n<div class=\"page-title-head hgroup\">\n<div class=\"b654a4as d2edcug0\">\n<div class=\"j83agx80 btwxx1t3 lhclo0ds hop8lmos nkwizq5d scwd0bx6 roh60bw9\">\n<div class=\"rq0escxv hkbzh7o3 jwdofwj8 n8tt0mok r8blr3vg hyh9befq\">\n<div class=\"do00u71z l9j0dhe7 k4urcfbm\">\n<div class=\"ecm0bbzt e5nlhep0 a8c37x1j\">\n<div class=\"kvgmc6g5 cxmmr5t8 oygrvhab hcukyx3x c1et5uql\">\n<div class=\"gmail-kvgmc6g5 gmail-cxmmr5t8 gmail-oygrvhab gmail-hcukyx3x gmail-c1et5uql gmail-ii04i59q\">\n<div class=\"page-title-head hgroup\">\n<div class=\"page-title-head hgroup\">\n<div class=\"b654a4as d2edcug0\">\n<div class=\"j83agx80 btwxx1t3 lhclo0ds hop8lmos nkwizq5d scwd0bx6 roh60bw9\">\n<div class=\"rq0escxv hkbzh7o3 jwdofwj8 n8tt0mok r8blr3vg hyh9befq\">\n<div class=\"do00u71z l9j0dhe7 k4urcfbm\">\n<div class=\"page-title-head hgroup\">\n<div class=\"page-title-head hgroup\">\n<div class=\"b654a4as d2edcug0\">\n<div class=\"j83agx80 btwxx1t3 lhclo0ds hop8lmos nkwizq5d scwd0bx6 roh60bw9\">\n<div class=\"rq0escxv hkbzh7o3 jwdofwj8 n8tt0mok r8blr3vg hyh9befq\">\n<div class=\"do00u71z l9j0dhe7 k4urcfbm\">\n<div class=\"page-title-head hgroup\">\n<div class=\"page-title-head hgroup\">\n<div class=\"b654a4as d2edcug0\">\n<div class=\"j83agx80 btwxx1t3 lhclo0ds hop8lmos nkwizq5d scwd0bx6 roh60bw9\">\n<div class=\"rq0escxv hkbzh7o3 jwdofwj8 n8tt0mok r8blr3vg hyh9befq\">\n<div class=\"do00u71z l9j0dhe7 k4urcfbm\">\n<div class=\"ecm0bbzt e5nlhep0 a8c37x1j\">\n<div class=\"kvgmc6g5 cxmmr5t8 oygrvhab hcukyx3x c1et5uql\">\n<div class=\"gmail-kvgmc6g5 gmail-cxmmr5t8 gmail-oygrvhab gmail-hcukyx3x gmail-c1et5uql gmail-ii04i59q\">\n<div class=\"page-title-head hgroup\">\n<div class=\"page-title-head hgroup\">\n<div class=\"b654a4as d2edcug0\">\n<div class=\"j83agx80 btwxx1t3 lhclo0ds hop8lmos nkwizq5d scwd0bx6 roh60bw9\">\n<div class=\"rq0escxv hkbzh7o3 jwdofwj8 n8tt0mok r8blr3vg hyh9befq\">\n<div class=\"do00u71z l9j0dhe7 k4urcfbm\">\n<blockquote>\n<h3><span style=\"color: #ff0000;\">IN VIVO VERSO,\u00a0 RIASCOLTIAMOLE DAL LUNEDI AL VENERDI ALLE 7.10, 10.10, 18 50<\/span><\/h3>\n<h3>RIASCOLTIAMOLE, STAGIONE 2019_2020 PAOLO DE TOFFOL &#8220;LA SOFFERENZA DEL VECCHIO PASTORE&#8221;<\/h3>\n<\/blockquote>\n<p>AUDIO<\/p>\n<audio class=\"wp-audio-shortcode\" id=\"audio-283637-14\" preload=\"none\" style=\"width: 100%;\" controls=\"controls\"><source type=\"audio\/mpeg\" src=\"https:\/\/www.radiopiu.net\/wordpress\/wp-content\/uploads\/2022\/06\/01-PAOLO-DE-TOFFOL-LA-SOFFERENZA-DEL-VECCHIO-PASTORE.mp3?_=14\" \/><a href=\"https:\/\/www.radiopiu.net\/wordpress\/wp-content\/uploads\/2022\/06\/01-PAOLO-DE-TOFFOL-LA-SOFFERENZA-DEL-VECCHIO-PASTORE.mp3\">https:\/\/www.radiopiu.net\/wordpress\/wp-content\/uploads\/2022\/06\/01-PAOLO-DE-TOFFOL-LA-SOFFERENZA-DEL-VECCHIO-PASTORE.mp3<\/a><\/audio>\n<p><img loading=\"lazy\" decoding=\"async\" class=\"\" src=\"https:\/\/www.radiopiu.net\/wordpress\/wp-content\/uploads\/2022\/04\/3-PAOLO-DE-TOFFOL.jpg\" width=\"154\" height=\"182\" \/><\/p>\n<h3><strong style=\"font-size: 14px;\">LA RACCOLTA COMPLETA<\/strong><\/h3>\n<blockquote class=\"wp-embedded-content\" data-secret=\"1lUQE3hAH4\"><p><a href=\"https:\/\/www.radiopiu.net\/wordpress\/in-vivo-verso\/\">In Vivo Verso<\/a><\/p><\/blockquote>\n<p><iframe loading=\"lazy\" class=\"wp-embedded-content\" sandbox=\"allow-scripts\" security=\"restricted\" style=\"position: absolute; clip: rect(1px, 1px, 1px, 1px);\" title=\"&#8220;In Vivo Verso&#8221; &#8212; Radio Pi\u00f9\" src=\"https:\/\/www.radiopiu.net\/wordpress\/in-vivo-verso\/embed\/#?secret=Od6AOiVq9X#?secret=1lUQE3hAH4\" data-secret=\"1lUQE3hAH4\" width=\"600\" height=\"338\" frameborder=\"0\" marginwidth=\"0\" marginheight=\"0\" scrolling=\"no\"><\/iframe><\/p>\n<p>&nbsp;<\/p>\n<hr \/>\n<p>&nbsp;<\/p>\n<p><span style=\"color: #0000ff;\">MUSICA PIU&#8217;\u00a0<\/span><\/p>\n<p><a href=\"https:\/\/www.radiopiu.net\/wordpress\/giornale-radiopiu-20-settembre-2021-direttore-mirko-mezzacasa\/pp-79\/\" rel=\"attachment wp-att-232921\"><img loading=\"lazy\" decoding=\"async\" class=\"wp-image-232921 alignleft\" src=\"https:\/\/www.radiopiu.net\/wordpress\/wp-content\/uploads\/2021\/09\/pp-1-300x300.jpg\" alt=\"\" width=\"135\" height=\"135\" srcset=\"https:\/\/www.radiopiu.net\/wordpress\/wp-content\/uploads\/2021\/09\/pp-1-300x300.jpg 300w, https:\/\/www.radiopiu.net\/wordpress\/wp-content\/uploads\/2021\/09\/pp-1-150x150.jpg 150w, https:\/\/www.radiopiu.net\/wordpress\/wp-content\/uploads\/2021\/09\/pp-1.jpg 640w\" sizes=\"auto, (max-width: 135px) 100vw, 135px\" \/><\/a><\/p>\n<div class=\"mkdf-post-text\">\n<div class=\"mkdf-post-text-inner\">\n<div class=\"mkdf-post-text-main\">\n<div class=\"mkdf-post-text\">\n<div class=\"mkdf-post-text-inner\">\n<div class=\"mkdf-post-text-main\">\n<div class=\"mkdf-post-text\">\n<div class=\"mkdf-post-text-inner\">\n<div class=\"mkdf-post-text-main\">\n<div class=\"page-title-head hgroup\">\n<div class=\"page-title-head hgroup\">\n<div class=\"mkdf-post-text\">\n<div class=\"mkdf-post-text-inner\">\n<div class=\"mkdf-post-text-main\">\n<div class=\"mkdf-post-text\">\n<div class=\"mkdf-post-text-inner\">\n<div class=\"mkdf-post-text-main\">\n<div class=\"page-title-head hgroup\">\n<div class=\"page-title-head hgroup\">\n<div class=\"page-title-head hgroup\">\n<div class=\"page-title-head hgroup\">\n<div class=\"b654a4as d2edcug0\">\n<div class=\"page-title-head hgroup\">\n<div class=\"page-title-head hgroup\">\n<div class=\"page-title-head hgroup\">\n<div class=\"page-title-head hgroup\">\n<div class=\"b654a4as d2edcug0\">\n<div class=\"page-title-head hgroup\">\n<div class=\"page-title-head hgroup\">\n<div class=\"page-title-head hgroup\">\n<div class=\"page-title-head hgroup\">\n<div class=\"b654a4as d2edcug0\">\n<div class=\"mkdf-post-text\">\n<div class=\"mkdf-post-text-inner\">\n<div class=\"mkdf-post-text-main\">\n<div class=\"mkdf-post-text\">\n<div class=\"mkdf-post-text-inner\">\n<div class=\"mkdf-post-text-main\">\n<div class=\"mkdf-post-text\">\n<div class=\"mkdf-post-text-inner\">\n<div class=\"mkdf-post-text-main\">\n<div class=\"page-title-head hgroup\">\n<div class=\"page-title-head hgroup\">\n<div class=\"mkdf-post-text\">\n<div class=\"mkdf-post-text-inner\">\n<div class=\"mkdf-post-text-main\">\n<div class=\"mkdf-post-text\">\n<div class=\"mkdf-post-text-inner\">\n<div class=\"mkdf-post-text-main\">\n<div class=\"page-title-head hgroup\">\n<div class=\"page-title-head hgroup\">\n<div class=\"page-title-head hgroup\">\n<div class=\"page-title-head hgroup\">\n<div class=\"b654a4as d2edcug0\">\n<div class=\"page-title-head hgroup\">\n<div class=\"page-title-head hgroup\">\n<div class=\"page-title-head hgroup\">\n<div class=\"page-title-head hgroup\">\n<div class=\"b654a4as d2edcug0\">\n<div class=\"page-title-head hgroup\">\n<div class=\"page-title-head hgroup\">\n<div class=\"page-title-head hgroup\">\n<div class=\"page-title-head hgroup\">\n<div class=\"b654a4as d2edcug0\">\n<div><\/div>\n<div><\/div>\n<div>\n<p><strong>MUSICA ALLA RADIO, IL PROGRAMMA DI LORIS SCUSSEL &#8220;COLLAGE OPERAZIONE NOSTALGIA&#8221; DAL LUNEDI AL VENERDI ALLE 16.00\u00a0 E ALLE 23\u00a0<\/strong><\/p>\n<p>&nbsp;<\/p>\n<p><strong>LE REPLICHE<\/strong><\/p>\n<p><strong>PUNTATA 361<\/strong><\/p>\n<\/div>\n<\/div>\n<audio class=\"wp-audio-shortcode\" id=\"audio-283637-15\" preload=\"none\" style=\"width: 100%;\" controls=\"controls\"><source type=\"audio\/mpeg\" src=\"https:\/\/www.radiopiu.net\/wordpress\/wp-content\/uploads\/2022\/06\/Collage-361.mp3?_=15\" \/><a href=\"https:\/\/www.radiopiu.net\/wordpress\/wp-content\/uploads\/2022\/06\/Collage-361.mp3\">https:\/\/www.radiopiu.net\/wordpress\/wp-content\/uploads\/2022\/06\/Collage-361.mp3<\/a><\/audio>\n<p>&nbsp;<\/p>\n<p><strong>PUNTATA 362<\/strong><\/p>\n<audio class=\"wp-audio-shortcode\" id=\"audio-283637-16\" preload=\"none\" style=\"width: 100%;\" controls=\"controls\"><source type=\"audio\/mpeg\" src=\"https:\/\/www.radiopiu.net\/wordpress\/wp-content\/uploads\/2022\/06\/Collage-362.mp3?_=16\" \/><a href=\"https:\/\/www.radiopiu.net\/wordpress\/wp-content\/uploads\/2022\/06\/Collage-362.mp3\">https:\/\/www.radiopiu.net\/wordpress\/wp-content\/uploads\/2022\/06\/Collage-362.mp3<\/a><\/audio>\n<p>&nbsp;<\/p>\n<p><strong><a class=\"dt-pswp-item\" href=\"https:\/\/www.radiopiu.net\/wordpress\/wp-content\/uploads\/2022\/06\/New-Trolls.jpg\" data-dt-img-description=\"\" data-large_image_width=\"267\" data-large_image_height=\"189\"><img loading=\"lazy\" decoding=\"async\" class=\"alignleft wp-image-283538 \" src=\"https:\/\/www.radiopiu.net\/wordpress\/wp-content\/uploads\/2022\/06\/New-Trolls.jpg\" alt=\"\" width=\"213\" height=\"151\" \/><\/a>di Loris Scussel<\/strong><\/p>\n<p>Continua la programmazione estiva di Collage che ogni giorno ripropone due diverse puntate che vi invitiamo ad ascoltare insieme a noi. Questa settimana troveremo tra l\u2019altro una trasmissione dedicata al rock progressive italiano dei primi anni 70, una al Juke Box poi sar\u00e0 la volta delle voci femminili straniere, dei cantautori di casa nostra e di tante altre canzoni pi\u00f9 o meno famose che, musicalmente parlando, ci riporteranno indietro nel tempo. Collage va in onda dal luned\u00ec al venerd\u00ec alle 16,00 e alle 23,00 naturalmente su Radio Pi\u00f9.<\/p>\n<p>&nbsp;<\/p>\n<p>&nbsp;<\/p>\n<div class=\"b654a4as d2edcug0\">\n<hr \/>\n<\/div>\n<\/div>\n<\/div>\n<\/div>\n<\/div>\n<\/div>\n<\/div>\n<\/div>\n<\/div>\n<\/div>\n<\/div>\n<\/div>\n<\/div>\n<\/div>\n<\/div>\n<\/div>\n<\/div>\n<\/div>\n<\/div>\n<\/div>\n<\/div>\n<\/div>\n<\/div>\n<\/div>\n<\/div>\n<\/div>\n<\/div>\n<\/div>\n<\/div>\n<\/div>\n<\/div>\n<\/div>\n<\/div>\n<\/div>\n<\/div>\n<\/div>\n<\/div>\n<\/div>\n<\/div>\n<\/div>\n<\/div>\n<\/div>\n<\/div>\n<\/div>\n<\/div>\n<\/div>\n<\/div>\n<\/div>\n<\/div>\n<\/div>\n<\/div>\n<\/div>\n<\/div>\n<\/div>\n<\/div>\n<\/div>\n<\/div>\n<\/div>\n<\/div>\n<\/div>\n<\/div>\n<\/div>\n<\/div>\n<\/div>\n<p>&nbsp;<\/p>\n<blockquote>\n<h3><span style=\"color: #0000ff;\">RADIO PIU INFORMAZIONE il canale su TELEGRAM informazione di prima mano e in tempo reale. iscriviti ed aiutaci a farlo conoscere\u00a0\u00a0<\/span><\/h3>\n<\/blockquote>\n<div>\n<div class=\"page-title-head hgroup\">\n<div class=\"page-title-head hgroup\">\n<div class=\"page-title-head hgroup\">\n<div class=\"page-title-head hgroup\">\n<div class=\"b654a4as d2edcug0\">\n<div class=\"page-title-head hgroup\">\n<div class=\"page-title-head hgroup\">\n<div class=\"page-title-head hgroup\">\n<div class=\"page-title-head hgroup\">\n<div class=\"b654a4as d2edcug0\">\n<div class=\"page-title-head hgroup\">\n<div class=\"page-title-head hgroup\">\n<div class=\"page-title-head hgroup\">\n<div class=\"page-title-head hgroup\">\n<div class=\"page-title-head hgroup\">\n<div class=\"page-title-head hgroup\">\n<div class=\"page-title-head hgroup\">\n<div class=\"page-title-head hgroup\">\n<div class=\"page-title-head hgroup\">\n<div class=\"b654a4as d2edcug0\">\n<div class=\"page-title-head hgroup\">\n<div class=\"page-title-head hgroup\">\n<div class=\"page-title-head hgroup\">\n<div class=\"page-title-head hgroup\">\n<div class=\"b654a4as d2edcug0\">\n<div><\/div>\n<div>\n<div class=\"page-title-head hgroup\">\n<div class=\"page-title-head hgroup\">\n<div class=\"page-title-head hgroup\">\n<div class=\"page-title-head hgroup\">\n<div class=\"page-title-head hgroup\">\n<div class=\"mkdf-post-text\">\n<div class=\"mkdf-post-text-inner\">\n<div class=\"mkdf-post-text-main\">\n<div class=\"mkdf-post-text\">\n<div class=\"mkdf-post-text-inner\">\n<div class=\"mkdf-post-text-main\">\n<div class=\"mkdf-post-text\">\n<div class=\"mkdf-post-text-inner\">\n<div class=\"mkdf-post-text-main\">\n<div class=\"page-title-head hgroup\">\n<div class=\"page-title-head hgroup\">\n<div class=\"mkdf-post-text\">\n<div class=\"mkdf-post-text-inner\">\n<div class=\"mkdf-post-text-main\">\n<div class=\"mkdf-post-text\">\n<div class=\"mkdf-post-text-inner\">\n<div class=\"mkdf-post-text-main\">\n<div class=\"page-title-head hgroup\">\n<div class=\"page-title-head hgroup\">\n<div class=\"page-title-head hgroup\">\n<div class=\"page-title-head hgroup\">\n<div class=\"b654a4as d2edcug0\">\n<div class=\"page-title-head hgroup\">\n<div class=\"page-title-head hgroup\">\n<div class=\"page-title-head hgroup\">\n<div class=\"page-title-head hgroup\">\n<div class=\"b654a4as d2edcug0\">\n<div class=\"page-title-head hgroup\">\n<div class=\"page-title-head hgroup\">\n<div class=\"page-title-head hgroup\">\n<p>&nbsp;<\/p>\n<div>\n<div class=\"page-title-head hgroup\">\n<div class=\"page-title-head hgroup\">\n<div class=\"b654a4as d2edcug0\">\n<div class=\"j83agx80 btwxx1t3 lhclo0ds hop8lmos nkwizq5d scwd0bx6 roh60bw9\">\n<div class=\"rq0escxv hkbzh7o3 jwdofwj8 n8tt0mok r8blr3vg hyh9befq\">\n<div class=\"do00u71z l9j0dhe7 k4urcfbm\">\n<div class=\"page-title-head hgroup\">\n<div class=\"page-title-head hgroup\">\n<div class=\"b654a4as d2edcug0\">\n<div class=\"j83agx80 btwxx1t3 lhclo0ds hop8lmos nkwizq5d scwd0bx6 roh60bw9\">\n<div class=\"rq0escxv hkbzh7o3 jwdofwj8 n8tt0mok r8blr3vg hyh9befq\">\n<div class=\"do00u71z l9j0dhe7 k4urcfbm\">\n<div class=\"ecm0bbzt e5nlhep0 a8c37x1j\">\n<div class=\"kvgmc6g5 cxmmr5t8 oygrvhab hcukyx3x c1et5uql\">\n<div class=\"gmail-kvgmc6g5 gmail-cxmmr5t8 gmail-oygrvhab gmail-hcukyx3x gmail-c1et5uql gmail-ii04i59q\">\n<div class=\"page-title-head hgroup\">\n<div class=\"page-title-head hgroup\">\n<div class=\"b654a4as d2edcug0\">\n<div class=\"j83agx80 btwxx1t3 lhclo0ds hop8lmos nkwizq5d scwd0bx6 roh60bw9\">\n<div class=\"rq0escxv hkbzh7o3 jwdofwj8 n8tt0mok r8blr3vg hyh9befq\">\n<div class=\"do00u71z l9j0dhe7 k4urcfbm\">\n<div class=\"page-title-head hgroup\">\n<div class=\"page-title-head hgroup\">\n<div class=\"b654a4as d2edcug0\">\n<div class=\"j83agx80 btwxx1t3 lhclo0ds hop8lmos nkwizq5d scwd0bx6 roh60bw9\">\n<div class=\"rq0escxv hkbzh7o3 jwdofwj8 n8tt0mok r8blr3vg hyh9befq\">\n<div class=\"do00u71z l9j0dhe7 k4urcfbm\">\n<div class=\"page-title-head hgroup\">\n<div class=\"page-title-head hgroup\">\n<div class=\"b654a4as d2edcug0\">\n<div class=\"j83agx80 btwxx1t3 lhclo0ds hop8lmos nkwizq5d scwd0bx6 roh60bw9\">\n<div class=\"rq0escxv hkbzh7o3 jwdofwj8 n8tt0mok r8blr3vg hyh9befq\">\n<div class=\"do00u71z l9j0dhe7 k4urcfbm\">\n<div class=\"ecm0bbzt e5nlhep0 a8c37x1j\">\n<div class=\"kvgmc6g5 cxmmr5t8 oygrvhab hcukyx3x c1et5uql\">\n<div class=\"gmail-kvgmc6g5 gmail-cxmmr5t8 gmail-oygrvhab gmail-hcukyx3x gmail-c1et5uql gmail-ii04i59q\">\n<div class=\"page-title-head hgroup\">\n<div class=\"page-title-head hgroup\">\n<div class=\"b654a4as d2edcug0\">\n<div class=\"j83agx80 btwxx1t3 lhclo0ds hop8lmos nkwizq5d scwd0bx6 roh60bw9\">\n<div class=\"rq0escxv hkbzh7o3 jwdofwj8 n8tt0mok r8blr3vg hyh9befq\">\n<div class=\"do00u71z l9j0dhe7 k4urcfbm\">\n<div class=\"page-title-head hgroup\">\n<div class=\"page-title-head hgroup\">\n<div class=\"page-title-head hgroup\">\n<div class=\"page-title-head hgroup\">\n<div class=\"b654a4as d2edcug0\">\n<div class=\"page-title-head hgroup\">\n<div class=\"page-title-head hgroup\">\n<div class=\"page-title-head hgroup\">\n<div class=\"page-title-head hgroup\">\n<div class=\"b654a4as d2edcug0\">\n<div class=\"page-title-head hgroup\">\n<div class=\"page-title-head hgroup\">\n<div class=\"page-title-head hgroup\">\n<div class=\"page-title-head hgroup\">\n<div class=\"page-title-head hgroup\">\n<div class=\"page-title-head hgroup\">\n<div class=\"page-title-head hgroup\">\n<div class=\"page-title-head hgroup\">\n<div class=\"page-title-head hgroup\">\n<div class=\"b654a4as d2edcug0\">\n<div class=\"page-title-head hgroup\">\n<div class=\"page-title-head hgroup\">\n<div class=\"page-title-head hgroup\">\n<div class=\"page-title-head hgroup\">\n<div class=\"b654a4as d2edcug0\">\n<div class=\"page-title-head hgroup\">\n<div class=\"page-title-head hgroup\">\n<div class=\"page-title-head hgroup\">\n<div class=\"page-title-head hgroup\">\n<div class=\"page-title-head hgroup\">\n<div class=\"mkdf-post-text\">\n<div class=\"mkdf-post-text-inner\">\n<div class=\"mkdf-post-text-main\">\n<div class=\"mkdf-post-text\">\n<div class=\"mkdf-post-text-inner\">\n<div class=\"mkdf-post-text-main\">\n<div class=\"mkdf-post-text\">\n<div class=\"mkdf-post-text-inner\">\n<div class=\"mkdf-post-text-main\">\n<div class=\"page-title-head hgroup\">\n<div class=\"page-title-head hgroup\">\n<div class=\"mkdf-post-text\">\n<div class=\"mkdf-post-text-inner\">\n<div class=\"mkdf-post-text-main\">\n<div class=\"mkdf-post-text\">\n<div class=\"mkdf-post-text-inner\">\n<div class=\"mkdf-post-text-main\">\n<div class=\"page-title-head hgroup\">\n<div class=\"page-title-head hgroup\">\n<div class=\"page-title-head hgroup\">\n<div class=\"page-title-head hgroup\">\n<div class=\"b654a4as d2edcug0\">\n<div class=\"page-title-head hgroup\">\n<div class=\"page-title-head hgroup\">\n<div class=\"page-title-head hgroup\">\n<div class=\"page-title-head hgroup\">\n<div class=\"b654a4as d2edcug0\">\n<div class=\"page-title-head hgroup\">\n<div class=\"page-title-head hgroup\">\n<div class=\"page-title-head hgroup\">\n<div class=\"page-title-head hgroup\">\n<div class=\"b654a4as d2edcug0\">\n<div class=\"ecm0bbzt e5nlhep0 a8c37x1j\">\n<div class=\"kvgmc6g5 cxmmr5t8 oygrvhab hcukyx3x c1et5uql\">\n<div class=\"gmail-kvgmc6g5 gmail-cxmmr5t8 gmail-oygrvhab gmail-hcukyx3x gmail-c1et5uql gmail-ii04i59q\">\n<div class=\"page-title-head hgroup\">\n<div class=\"page-title-head hgroup\">\n<div class=\"b654a4as d2edcug0\">\n<div class=\"j83agx80 btwxx1t3 lhclo0ds hop8lmos nkwizq5d scwd0bx6 roh60bw9\">\n<div class=\"rq0escxv hkbzh7o3 jwdofwj8 n8tt0mok r8blr3vg hyh9befq\">\n<div class=\"do00u71z l9j0dhe7 k4urcfbm\">\n<div class=\"page-title-head hgroup\">\n<div class=\"page-title-head hgroup\">\n<div class=\"page-title-head hgroup\">\n<div class=\"page-title-head hgroup\">\n<div class=\"b654a4as d2edcug0\">\n<div class=\"page-title-head hgroup\">\n<div class=\"page-title-head hgroup\">\n<div class=\"page-title-head hgroup\">\n<div class=\"page-title-head hgroup\">\n<div class=\"b654a4as d2edcug0\">\n<div class=\"page-title-head hgroup\">\n<div class=\"page-title-head hgroup\">\n<div class=\"page-title-head hgroup\">\n<div class=\"page-title-head hgroup\">\n<div class=\"page-title-head hgroup\">\n<div class=\"page-title-head hgroup\">\n<div class=\"page-title-head hgroup\">\n<div class=\"page-title-head hgroup\">\n<div class=\"page-title-head hgroup\">\n<div class=\"b654a4as d2edcug0\">\n<div class=\"page-title-head hgroup\">\n<div class=\"page-title-head hgroup\">\n<div class=\"page-title-head hgroup\">\n<div class=\"page-title-head hgroup\">\n<div class=\"b654a4as d2edcug0\">\n<div class=\"page-title-head hgroup\">\n<div class=\"page-title-head hgroup\">\n<div class=\"page-title-head hgroup\">\n<div class=\"page-title-head hgroup\">\n<div class=\"page-title-head hgroup\">\n<div class=\"mkdf-post-text\">\n<div class=\"mkdf-post-text-inner\">\n<div class=\"mkdf-post-text-main\">\n<div class=\"mkdf-post-text\">\n<div class=\"mkdf-post-text-inner\">\n<div class=\"mkdf-post-text-main\">\n<div class=\"mkdf-post-text\">\n<div class=\"mkdf-post-text-inner\">\n<div class=\"mkdf-post-text-main\">\n<div class=\"page-title-head hgroup\">\n<div class=\"page-title-head hgroup\">\n<div class=\"mkdf-post-text\">\n<div class=\"mkdf-post-text-inner\">\n<div class=\"mkdf-post-text-main\">\n<div class=\"mkdf-post-text\">\n<div class=\"mkdf-post-text-inner\">\n<div class=\"mkdf-post-text-main\">\n<div class=\"page-title-head hgroup\">\n<div class=\"page-title-head hgroup\">\n<div class=\"page-title-head hgroup\">\n<div class=\"page-title-head hgroup\">\n<div class=\"b654a4as d2edcug0\">\n<div class=\"page-title-head hgroup\">\n<div class=\"page-title-head hgroup\">\n<div class=\"page-title-head hgroup\">\n<div class=\"page-title-head hgroup\">\n<div class=\"b654a4as d2edcug0\">\n<div class=\"page-title-head hgroup\">\n<div class=\"page-title-head hgroup\">\n<div class=\"page-title-head hgroup\">\n<div class=\"page-title-head hgroup\">\n<div class=\"b654a4as d2edcug0\">\n<hr \/>\n<p>&nbsp;<\/p>\n<div>\n<p><strong>DUE MINUTI UN LIBRO, TUTTI I GIORNI ALLA RADIO ALLE 9.40 E ALLE 17.50\u00a0\u00a0<\/strong><\/p>\n<div>\n<div>\n<p><strong>LA RACCOLTA COMPLETA\u00a0\u00a0<\/strong><\/p>\n<\/div>\n<\/div>\n<\/div>\n<div class=\"mkdf-post-text\">\n<div class=\"mkdf-post-text-inner\">\n<div class=\"mkdf-post-text-main\">\n<div class=\"mkdf-post-text\">\n<div class=\"mkdf-post-text-inner\">\n<div class=\"mkdf-post-text-main\">\n<div class=\"mkdf-post-text\">\n<div class=\"mkdf-post-text-inner\">\n<div class=\"mkdf-post-text-main\">\n<div class=\"page-title-head hgroup\">\n<div class=\"page-title-head hgroup\">\n<div class=\"mkdf-post-text\">\n<div class=\"mkdf-post-text-inner\">\n<div class=\"mkdf-post-text-main\">\n<div class=\"mkdf-post-text\">\n<div class=\"mkdf-post-text-inner\">\n<div class=\"mkdf-post-text-main\">\n<div class=\"page-title-head hgroup\">\n<div class=\"page-title-head hgroup\">\n<div class=\"page-title-head hgroup\">\n<div class=\"page-title-head hgroup\">\n<div class=\"b654a4as d2edcug0\">\n<div class=\"page-title-head hgroup\">\n<div class=\"page-title-head hgroup\">\n<div class=\"page-title-head hgroup\">\n<div class=\"page-title-head hgroup\">\n<div class=\"b654a4as d2edcug0\">\n<div class=\"page-title-head hgroup\">\n<div class=\"page-title-head hgroup\">\n<div class=\"page-title-head hgroup\">\n<div class=\"page-title-head hgroup\">\n<div class=\"b654a4as d2edcug0\">\n<div>\n<blockquote class=\"wp-embedded-content\" data-secret=\"ua8mwyjoJY\"><p><a href=\"https:\/\/www.radiopiu.net\/wordpress\/due-minuti-un-libro\/\">Due minuti un libro<\/a><\/p><\/blockquote>\n<p><iframe loading=\"lazy\" class=\"wp-embedded-content\" sandbox=\"allow-scripts\" security=\"restricted\" style=\"position: absolute; clip: rect(1px, 1px, 1px, 1px);\" title=\"&#8220;Due minuti un libro&#8221; &#8212; Radio Pi\u00f9\" src=\"https:\/\/www.radiopiu.net\/wordpress\/due-minuti-un-libro\/embed\/#?secret=YzzvXmkoFr#?secret=ua8mwyjoJY\" data-secret=\"ua8mwyjoJY\" width=\"600\" height=\"338\" frameborder=\"0\" marginwidth=\"0\" marginheight=\"0\" scrolling=\"no\"><\/iframe><\/p>\n<p>&nbsp;<\/p>\n<\/div>\n<div>\n<hr \/>\n<p>&nbsp;<\/p>\n<\/div>\n<h2><span style=\"color: #808000;\">L&#8217;ALMANACCO LADINO\u00a0<\/span><strong>\u00a0<\/strong><\/h2>\n<p><strong>LA RACCOLTA<\/strong><\/p>\n<blockquote class=\"wp-embedded-content\" data-secret=\"HInlUxVora\"><p><a href=\"https:\/\/www.radiopiu.net\/wordpress\/almanacco-ladino\/\">Almanacco Ladino<\/a><\/p><\/blockquote>\n<p><iframe loading=\"lazy\" class=\"wp-embedded-content\" sandbox=\"allow-scripts\" security=\"restricted\" style=\"position: absolute; clip: rect(1px, 1px, 1px, 1px);\" title=\"&#8220;Almanacco Ladino&#8221; &#8212; Radio Pi\u00f9\" src=\"https:\/\/www.radiopiu.net\/wordpress\/almanacco-ladino\/embed\/#?secret=xuNXGEkZmJ#?secret=HInlUxVora\" data-secret=\"HInlUxVora\" width=\"600\" height=\"338\" frameborder=\"0\" marginwidth=\"0\" marginheight=\"0\" scrolling=\"no\"><\/iframe><\/p>\n<p>&nbsp;<\/p>\n<hr \/>\n<p><span style=\"color: #33cccc;\">\u00a0<span style=\"color: #000000;\">\u00a0<\/span><\/span><\/p>\n<h2><span style=\"color: #800000;\">GIROVAGANDO IN E-BIKE 2022<\/span><\/h2>\n<p><strong>LA RACCOLTA<\/strong><\/p>\n<blockquote class=\"wp-embedded-content\" data-secret=\"Cal3jZqe2W\"><p><a href=\"https:\/\/www.radiopiu.net\/wordpress\/girovagando-in-e-bike-tra-le-dolomiti\/\">GIROVAGANDO IN E BIKE TRA LE DOLOMITI<\/a><\/p><\/blockquote>\n<p><iframe loading=\"lazy\" class=\"wp-embedded-content\" sandbox=\"allow-scripts\" security=\"restricted\" style=\"position: absolute; clip: rect(1px, 1px, 1px, 1px);\" title=\"&#8220;GIROVAGANDO IN E BIKE TRA LE DOLOMITI&#8221; &#8212; Radio Pi\u00f9\" src=\"https:\/\/www.radiopiu.net\/wordpress\/girovagando-in-e-bike-tra-le-dolomiti\/embed\/#?secret=RIeBhtKgR6#?secret=Cal3jZqe2W\" data-secret=\"Cal3jZqe2W\" width=\"600\" height=\"338\" frameborder=\"0\" marginwidth=\"0\" marginheight=\"0\" scrolling=\"no\"><\/iframe><\/p>\n<p>&nbsp;<\/p>\n<hr \/>\n<p>&nbsp;<\/p>\n<h2><span style=\"color: #33cccc;\">LA RASSEGNA STAMPA DA L&#8217;AMICO DEL POPOLO<\/span><\/h2>\n<p><strong><a class=\"dt-pswp-item\" href=\"https:\/\/www.radiopiu.net\/wordpress\/wp-content\/uploads\/2022\/06\/2ac13a8e-daad-4b01-9c5c-34a2a132a31f.jpg\" data-dt-img-description=\"\" data-large_image_width=\"1125\" data-large_image_height=\"740\"><img loading=\"lazy\" decoding=\"async\" class=\"size-thumbnail wp-image-281088 alignleft\" src=\"https:\/\/www.radiopiu.net\/wordpress\/wp-content\/uploads\/2022\/06\/2ac13a8e-daad-4b01-9c5c-34a2a132a31f-150x150.jpg\" alt=\"\" width=\"150\" height=\"150\" \/><\/a>DI GIANNI SANTOMASO<\/strong><\/p>\n<p>OSPITE: Giulia Schena<\/p>\n<audio class=\"wp-audio-shortcode\" id=\"audio-283637-17\" preload=\"none\" style=\"width: 100%;\" controls=\"controls\"><source type=\"audio\/mpeg\" src=\"https:\/\/www.radiopiu.net\/wordpress\/wp-content\/uploads\/2022\/06\/RASSEGNA-GIANNI-3.mp3?_=17\" \/><a href=\"https:\/\/www.radiopiu.net\/wordpress\/wp-content\/uploads\/2022\/06\/RASSEGNA-GIANNI-3.mp3\">https:\/\/www.radiopiu.net\/wordpress\/wp-content\/uploads\/2022\/06\/RASSEGNA-GIANNI-3.mp3<\/a><\/audio>\n<p>&nbsp;<\/p>\n<p><strong>LA RACCOLTA COMPLETA<\/strong><\/p>\n<blockquote class=\"wp-embedded-content\" data-secret=\"3RPlpZIttA\"><p><a href=\"https:\/\/www.radiopiu.net\/wordpress\/rassegna-stampa-di-gianni-santomaso\/\">Rassegna stampa da l&#8217;amico del popolo &#8211; di Gianni Santomaso<\/a><\/p><\/blockquote>\n<p><iframe loading=\"lazy\" class=\"wp-embedded-content\" sandbox=\"allow-scripts\" security=\"restricted\" style=\"position: absolute; clip: rect(1px, 1px, 1px, 1px);\" title=\"&#8220;Rassegna stampa da l&#8217;amico del popolo &#8211; di Gianni Santomaso&#8221; &#8212; Radio Pi\u00f9\" src=\"https:\/\/www.radiopiu.net\/wordpress\/rassegna-stampa-di-gianni-santomaso\/embed\/#?secret=vTWxYN9BN9#?secret=3RPlpZIttA\" data-secret=\"3RPlpZIttA\" width=\"600\" height=\"338\" frameborder=\"0\" marginwidth=\"0\" marginheight=\"0\" scrolling=\"no\"><\/iframe><\/p>\n<p>&nbsp;<\/p>\n<hr \/>\n<p>&nbsp;<\/p>\n<div>\n<div class=\"page-title-head hgroup\">\n<div class=\"page-title-head hgroup\">\n<div class=\"b654a4as d2edcug0\">\n<div class=\"j83agx80 btwxx1t3 lhclo0ds hop8lmos nkwizq5d scwd0bx6 roh60bw9\">\n<div class=\"rq0escxv hkbzh7o3 jwdofwj8 n8tt0mok r8blr3vg hyh9befq\">\n<div class=\"do00u71z l9j0dhe7 k4urcfbm\">\n<div class=\"ecm0bbzt e5nlhep0 a8c37x1j\">\n<div class=\"kvgmc6g5 cxmmr5t8 oygrvhab hcukyx3x c1et5uql\">\n<div class=\"gmail-kvgmc6g5 gmail-cxmmr5t8 gmail-oygrvhab gmail-hcukyx3x gmail-c1et5uql gmail-ii04i59q\">\n<div class=\"page-title-head hgroup\">\n<div class=\"page-title-head hgroup\">\n<div class=\"b654a4as d2edcug0\">\n<div class=\"j83agx80 btwxx1t3 lhclo0ds hop8lmos nkwizq5d scwd0bx6 roh60bw9\">\n<div class=\"rq0escxv hkbzh7o3 jwdofwj8 n8tt0mok r8blr3vg hyh9befq\">\n<div class=\"do00u71z l9j0dhe7 k4urcfbm\">\n<div class=\"page-title-head hgroup\">\n<div class=\"page-title-head hgroup\">\n<div class=\"page-title-head hgroup\">\n<div class=\"page-title-head hgroup\">\n<div class=\"b654a4as d2edcug0\">\n<div class=\"page-title-head hgroup\">\n<div class=\"page-title-head hgroup\">\n<div class=\"page-title-head hgroup\">\n<div class=\"page-title-head hgroup\">\n<div class=\"b654a4as d2edcug0\">\n<div class=\"page-title-head hgroup\">\n<div class=\"page-title-head hgroup\">\n<div class=\"page-title-head hgroup\">\n<div class=\"page-title-head hgroup\">\n<div class=\"page-title-head hgroup\">\n<div class=\"page-title-head hgroup\">\n<div class=\"page-title-head hgroup\">\n<div class=\"page-title-head hgroup\">\n<div class=\"page-title-head hgroup\">\n<div class=\"b654a4as d2edcug0\">\n<div class=\"page-title-head hgroup\">\n<div class=\"page-title-head hgroup\">\n<div class=\"page-title-head hgroup\">\n<div class=\"page-title-head hgroup\">\n<div class=\"b654a4as d2edcug0\">\n<div class=\"page-title-head hgroup\">\n<div class=\"page-title-head hgroup\">\n<div class=\"page-title-head hgroup\">\n<div class=\"page-title-head hgroup\">\n<div class=\"page-title-head hgroup\">\n<div class=\"mkdf-post-text\">\n<div class=\"mkdf-post-text-inner\">\n<div class=\"mkdf-post-text-main\">\n<div class=\"mkdf-post-text\">\n<div class=\"mkdf-post-text-inner\">\n<div class=\"mkdf-post-text-main\">\n<div class=\"mkdf-post-text\">\n<div class=\"mkdf-post-text-inner\">\n<div class=\"mkdf-post-text-main\">\n<div class=\"page-title-head hgroup\">\n<div class=\"page-title-head hgroup\">\n<div class=\"mkdf-post-text\">\n<div class=\"mkdf-post-text-inner\">\n<div class=\"mkdf-post-text-main\">\n<div class=\"mkdf-post-text\">\n<div class=\"mkdf-post-text-inner\">\n<div class=\"mkdf-post-text-main\">\n<div class=\"page-title-head hgroup\">\n<div class=\"page-title-head hgroup\">\n<div class=\"page-title-head hgroup\">\n<div class=\"page-title-head hgroup\">\n<div class=\"b654a4as d2edcug0\">\n<div class=\"page-title-head hgroup\">\n<div class=\"page-title-head hgroup\">\n<div class=\"page-title-head hgroup\">\n<div class=\"page-title-head hgroup\">\n<div class=\"b654a4as d2edcug0\">\n<div class=\"page-title-head hgroup\">\n<div class=\"page-title-head hgroup\">\n<div class=\"page-title-head hgroup\">\n<div class=\"page-title-head hgroup\">\n<div class=\"b654a4as d2edcug0\">\n<h2><span style=\"color: #800080;\">I RACCONTI DI PAOLO SOPPELSA\u00a0<\/span><\/h2>\n<p><strong>NOTTI MAGICHE<\/strong><\/p>\n<p><em><strong>AUDIO<\/strong><\/em><\/p>\n<audio class=\"wp-audio-shortcode\" id=\"audio-283637-18\" preload=\"none\" style=\"width: 100%;\" controls=\"controls\"><source type=\"audio\/mpeg\" src=\"https:\/\/www.radiopiu.net\/wordpress\/wp-content\/uploads\/2022\/06\/PAOLO-SOPPELSA-NOTTI-MAGICHE.mp3?_=18\" \/><a href=\"https:\/\/www.radiopiu.net\/wordpress\/wp-content\/uploads\/2022\/06\/PAOLO-SOPPELSA-NOTTI-MAGICHE.mp3\">https:\/\/www.radiopiu.net\/wordpress\/wp-content\/uploads\/2022\/06\/PAOLO-SOPPELSA-NOTTI-MAGICHE.mp3<\/a><\/audio>\n<p>&nbsp;<\/p>\n<p><a class=\"dt-pswp-item\" href=\"https:\/\/www.radiopiu.net\/wordpress\/wp-content\/uploads\/2022\/06\/19908e42-2de1-4a72-a4e2-51792b570f76.jpg\" data-dt-img-description=\"\" data-large_image_width=\"1080\" data-large_image_height=\"609\"><img loading=\"lazy\" decoding=\"async\" class=\"size-thumbnail wp-image-283559 alignleft\" src=\"https:\/\/www.radiopiu.net\/wordpress\/wp-content\/uploads\/2022\/06\/19908e42-2de1-4a72-a4e2-51792b570f76-150x150.jpg\" alt=\"\" width=\"150\" height=\"150\" \/><\/a>&#8220;&#8230;notti magiche, inseguendo un goal sotto il cielo di un&#8217;estate italiana\u2026&#8221; Cos\u00ec cantavano Edoardo Bennato e Gianna Nannini in quei giorni di inizio estate del 1990. Iniziavano i Mondiali di calcio di Italia &#8217;90, quelli con la mascotte dall&#8217;originalissimo nome &#8220;Ciao&#8221;; e poi c&#8217;era la Lira, faceva un gran caldo ed io ero in partenza per il mare, non prima di essermi mezzo sfasciato causa caduta in bicicletta; niente ossa rotte per fortuna, solamente una mega escoriazione sul torace, perfetta per favorire l&#8217;abbronzatura. La destinazione era la mitologica Rimini, il mare degli italiani per antonomasia; quindici giorni di villeggiatura riservata ai pensionati e parenti al seguito, ottimi per uscire un po&#8217; dalla solita routine e per vedere un po&#8217; com&#8217;era fatto il mondo al di fuori delle mie valli. Partimmo all&#8217;alba dalla stazione di Belluno, e fu un viaggio divertente; sette ore e mezza rinchiusi in una corriera rovente, perch\u00e9 l&#8217;aria condizionata era meglio di no, che poi provoca torcicolli bronchiti ed altri variegati malanni; e ovviamente niente autostrada, che la Statale Romea invasa di camion era uno spettacolo tutto da vivere. A pochi chilometri dall&#8217;agognato traguardo la beffa; un sottopassaggio, sotto al quale il pullman non poteva passare, ci fece trascorrere un&#8217;ora in pi\u00f9 nella fornace con le ruote. Giungemmo stremati in riva all&#8217;Adriatico, ma sapere di essere a Rimini era una vera emozione. Dopo la prima rapida ricognizione pensai che in fondo questo Rimini era una specie di Bibione, con la spiaggia pi\u00f9 stretta e con i bagnini che parlavano con l&#8217;accento romagnolo. Ebbero cos\u00ec inizio delle divertenti giornate arricchite dalle &#8220;Notti Magiche&#8221;, raccontate dalla bella canzone che veniva sparata ossessivamente al massimo volume possibile dai megafoni installati sulla spiaggia. Al mattino presto abbondante colazione, consumata assaggiando con curiosit\u00e0 i cinquantasette gusti diversi dei succhi di frutta, poi trasferimento sotto l&#8217;ombrellone, dove prendeva corpo la vita da spiaggia d&#8217;italiano medio. Nonne che chiacchieravano fra loro e che poi si facevano seppellire sotto la sabbia dai nipoti perch\u00e9 &#8220;faceva bene&#8221;; e nonni concentrati nel risolvere i cruciverba proposti dalla Settimana Enigmistica. Poi, ad una certa ora il settimanale veniva appoggiato sulla seduta della sdraio e i nonni sparivano fino all&#8217;ora di pranzo; si narrava di lunghissime e salutari passeggiate sulla battigia, con qualche sosta ristoratrice presso i chioschi incontrati lungo il tragitto, che aiutava il loro buon umore. Noi giovani, invece, eravamo impegnati nel giocare ai classici giochi da spiaggia, ovvero scavare buche fino a trovare l&#8217;acqua, e poi il calcio, che c&#8217;erano i Mondiali in corso ed era bello imitare le azioni dei campioni. Poi il pranzo che, come la cena, noi ragazzini dovevamo consumare fino all&#8217;ultima pietanza comprese le prugne, perch\u00e9 i nipoti, per principio, erano sempre troppo magri e patiti. Il momento clou della giornata era il dopocena, soprattutto quando giocavano gli Azzurri; hall dell&#8217;albergo sold out e pensionati scatenati che tifavano la Nazionale. Poi un breve giro per assistere ai caroselli di auto munite di Tricolore e quindi a nanna. Solamente una notte non dormimmo, perch\u00e9 arrivarono i famosi Hooligans inglesi. Fu interessante assistere a quelle scene di violenza feroce e immotivata; gli pseudo tifosi British spaccavano vetri delle auto, vetrine e fioriere. E noi eravamo barricati in albergo con un po&#8217; di timore. Poi arriv\u00f2 la Polizia e fu guerriglia urbana, come quella che ogni tanto si vedeva in TV. Lacrimogeni, idranti e manganelli all&#8217;opera, e ne usc\u00ec una notte un po&#8217; movimentata. Ed intanto Schillaci segnava e io prendevo sempre pi\u00f9 confidenza con la vita riminese; c&#8217;era il filobus che mi incuriosiva, e poi le gite che erano delle piccole avventure. Accarezzai il delfino a Riccione, visitai San Marino e rischiai la sublimazione del corpo in una Urbino che pareva un altoforno. Poi improvvisamente tutto termin\u00f2, e dopo un viaggio di ritorno, stavolta in macchina e in puro stile anni &#8217;80, ovvero a manetta, mi ritrovai a San Tomaso, dove vidi in bianco e nero la triste semifinale persa contro l&#8217;Argentina. Fu una notte di dolore vissuta nel solenne silenzio delle notti vissute di fronte al Pelsa. Dolore che svan\u00ec pochi giorni dopo quando scesi a Cencenighe, a continuare un&#8217;altra estate da ricordare vissuta fra le Magiche Dolomiti.<\/p>\n<p>&nbsp;<\/p>\n<p><strong>LA RACCOLTA COMPLETA<\/strong><\/p>\n<blockquote class=\"wp-embedded-content\" data-secret=\"qawgPWYVcF\"><p><a href=\"https:\/\/www.radiopiu.net\/wordpress\/i-racconti-di-paolo-soppelsa\/\">I racconti di Paolo Soppelsa<\/a><\/p><\/blockquote>\n<p><iframe loading=\"lazy\" class=\"wp-embedded-content\" sandbox=\"allow-scripts\" security=\"restricted\" style=\"position: absolute; clip: rect(1px, 1px, 1px, 1px);\" title=\"&#8220;I racconti di Paolo Soppelsa&#8221; &#8212; Radio Pi\u00f9\" src=\"https:\/\/www.radiopiu.net\/wordpress\/i-racconti-di-paolo-soppelsa\/embed\/#?secret=1iBIX7PMYa#?secret=qawgPWYVcF\" data-secret=\"qawgPWYVcF\" width=\"600\" height=\"338\" frameborder=\"0\" marginwidth=\"0\" marginheight=\"0\" scrolling=\"no\"><\/iframe><\/p>\n<p>&nbsp;<\/p>\n<hr \/>\n<p>&nbsp;<\/p>\n<\/div>\n<\/div>\n<\/div>\n<\/div>\n<\/div>\n<\/div>\n<\/div>\n<\/div>\n<\/div>\n<\/div>\n<\/div>\n<\/div>\n<\/div>\n<\/div>\n<\/div>\n<\/div>\n<\/div>\n<\/div>\n<\/div>\n<\/div>\n<\/div>\n<\/div>\n<\/div>\n<\/div>\n<\/div>\n<\/div>\n<\/div>\n<\/div>\n<\/div>\n<\/div>\n<\/div>\n<\/div>\n<\/div>\n<\/div>\n<\/div>\n<\/div>\n<\/div>\n<\/div>\n<\/div>\n<\/div>\n<\/div>\n<\/div>\n<\/div>\n<\/div>\n<\/div>\n<\/div>\n<\/div>\n<\/div>\n<\/div>\n<\/div>\n<\/div>\n<\/div>\n<\/div>\n<\/div>\n<\/div>\n<\/div>\n<\/div>\n<\/div>\n<\/div>\n<\/div>\n<\/div>\n<\/div>\n<\/div>\n<\/div>\n<\/div>\n<\/div>\n<\/div>\n<\/div>\n<\/div>\n<\/div>\n<\/div>\n<\/div>\n<\/div>\n<\/div>\n<\/div>\n<\/div>\n<\/div>\n<\/div>\n<\/div>\n<\/div>\n<\/div>\n<\/div>\n<\/div>\n<\/div>\n<\/div>\n<\/div>\n<\/div>\n<\/div>\n<\/div>\n<\/div>\n<\/div>\n<\/div>\n<\/div>\n<\/div>\n<\/div>\n<\/div>\n<\/div>\n<\/div>\n<\/div>\n<\/div>\n<\/div>\n<\/div>\n<\/div>\n<\/div>\n<\/div>\n<\/div>\n<\/div>\n<\/div>\n<\/div>\n<\/div>\n<\/div>\n<div class=\"b654a4as d2edcug0\">\n<div class=\"ecm0bbzt e5nlhep0 a8c37x1j\">\n<div class=\"kvgmc6g5 cxmmr5t8 oygrvhab hcukyx3x c1et5uql\">\n<div class=\"gmail-kvgmc6g5 gmail-cxmmr5t8 gmail-oygrvhab gmail-hcukyx3x gmail-c1et5uql gmail-ii04i59q\">\n<div>\n<div class=\"page-title-head hgroup\">\n<div class=\"page-title-head hgroup\">\n<div class=\"b654a4as d2edcug0\">\n<div class=\"j83agx80 btwxx1t3 lhclo0ds hop8lmos nkwizq5d scwd0bx6 roh60bw9\">\n<div class=\"rq0escxv hkbzh7o3 jwdofwj8 n8tt0mok r8blr3vg hyh9befq\">\n<div class=\"do00u71z l9j0dhe7 k4urcfbm\">\n<div>\n<div class=\"page-title-head hgroup\">\n<div class=\"page-title-head hgroup\">\n<div class=\"page-title-head hgroup\">\n<div class=\"page-title-head hgroup\">\n<div class=\"b654a4as d2edcug0\">\n<div class=\"page-title-head hgroup\">\n<div class=\"page-title-head hgroup\">\n<div class=\"page-title-head hgroup\">\n<div class=\"page-title-head hgroup\">\n<div class=\"b654a4as d2edcug0\">\n<div class=\"page-title-head hgroup\">\n<div class=\"page-title-head hgroup\">\n<div class=\"page-title-head hgroup\">\n<div class=\"page-title-head hgroup\">\n<div class=\"page-title-head hgroup\">\n<div class=\"mkdf-post-text\">\n<div class=\"mkdf-post-text-inner\">\n<div class=\"mkdf-post-text-main\">\n<div class=\"mkdf-post-text\">\n<div class=\"mkdf-post-text-inner\">\n<div class=\"mkdf-post-text-main\">\n<div class=\"mkdf-post-text\">\n<div class=\"mkdf-post-text-inner\">\n<div class=\"mkdf-post-text-main\">\n<div class=\"page-title-head hgroup\">\n<div class=\"page-title-head hgroup\">\n<div class=\"mkdf-post-text\">\n<div class=\"mkdf-post-text-inner\">\n<div class=\"mkdf-post-text-main\">\n<div class=\"mkdf-post-text\">\n<div class=\"mkdf-post-text-inner\">\n<div class=\"mkdf-post-text-main\">\n<div>\n<div class=\"page-title-head hgroup\">\n<div class=\"page-title-head hgroup\">\n<div>\n<div class=\"page-title-head hgroup\">\n<div class=\"page-title-head hgroup\">\n<div class=\"b654a4as d2edcug0\">\n<div>\n<div class=\"page-title-head hgroup\" style=\"text-align: left;\">\n<div class=\"page-title-head hgroup\">\n<div dir=\"auto\">\n<p><a class=\"dt-pswp-item pspw-wrap-ready\" href=\"https:\/\/i0.wp.com\/www.radiopiu.net\/wordpress\/wp-content\/uploads\/2018\/09\/WhatsApp-Image-2018-09-20-at-16.04.06.jpeg?ssl=1\" data-dt-img-description=\"\" data-large_image_width=\"800\" data-large_image_height=\"100\"><img loading=\"lazy\" decoding=\"async\" class=\"aligncenter wp-image-61378 size-full jetpack-lazy-image jetpack-lazy-image--handled\" src=\"https:\/\/i0.wp.com\/www.radiopiu.net\/wordpress\/wp-content\/uploads\/2018\/09\/WhatsApp-Image-2018-09-20-at-16.04.06.jpeg?resize=800%2C100&amp;ssl=1\" sizes=\"auto, (max-width: 800px) 100vw, 800px\" srcset=\"https:\/\/i0.wp.com\/www.radiopiu.net\/wordpress\/wp-content\/uploads\/2018\/09\/WhatsApp-Image-2018-09-20-at-16.04.06.jpeg?w=800&amp;ssl=1 800w, https:\/\/i0.wp.com\/www.radiopiu.net\/wordpress\/wp-content\/uploads\/2018\/09\/WhatsApp-Image-2018-09-20-at-16.04.06.jpeg?resize=300%2C38&amp;ssl=1 300w, https:\/\/i0.wp.com\/www.radiopiu.net\/wordpress\/wp-content\/uploads\/2018\/09\/WhatsApp-Image-2018-09-20-at-16.04.06.jpeg?resize=768%2C96&amp;ssl=1 768w\" alt=\"\" width=\"800\" height=\"100\" data-lazy-loaded=\"1\" \/><\/a><\/p>\n<\/div>\n<\/div>\n<\/div>\n<\/div>\n<\/div>\n<\/div>\n<\/div>\n<\/div>\n<\/div>\n<\/div>\n<\/div>\n<\/div>\n<\/div>\n<\/div>\n<\/div>\n<\/div>\n<\/div>\n<\/div>\n<\/div>\n<\/div>\n<\/div>\n<\/div>\n<\/div>\n<\/div>\n<\/div>\n<\/div>\n<\/div>\n<\/div>\n<\/div>\n<\/div>\n<\/div>\n<\/div>\n<\/div>\n<\/div>\n<\/div>\n<\/div>\n<\/div>\n<\/div>\n<\/div>\n<\/div>\n<\/div>\n<\/div>\n<\/div>\n<\/div>\n<\/div>\n<\/div>\n<\/div>\n<\/div>\n<\/div>\n<\/div>\n<\/div>\n<\/div>\n<\/div>\n<\/div>\n<\/div>\n<\/div>\n<\/div>\n<\/div>\n<\/div>\n<\/div>\n<\/div>\n<\/div>\n<\/div>\n<\/div>\n<\/div>\n<\/div>\n<\/div>\n<\/div>\n<\/div>\n<\/div>\n<\/div>\n<\/div>\n<\/div>\n<\/div>\n<\/div>\n<\/div>\n<\/div>\n<\/div>\n<\/div>\n<\/div>\n<\/div>\n<\/div>\n<\/div>\n<\/div>\n<\/div>\n<\/div>\n<\/div>\n<\/div>\n<\/div>\n<\/div>\n<\/div>\n<\/div>\n<\/div>\n<\/div>\n<\/div>\n<\/div>\n<\/div>\n<\/div>\n<\/div>\n<\/div>\n<\/div>\n<\/div>\n<\/div>\n<\/div>\n<\/div>\n<\/div>\n<\/div>\n<\/div>\n<\/div>\n<\/div>\n<\/div>\n<\/div>\n<\/div>\n<\/div>\n<\/div>\n<\/div>\n<\/div>\n<\/div>\n<\/div>\n<\/div>\n<\/div>\n<\/div>\n<\/div>\n<\/div>\n<\/div>\n<\/div>\n<\/div>\n<\/div>\n<\/div>\n<\/div>\n<\/div>\n<\/div>\n<\/div>\n<\/div>\n<\/div>\n<\/div>\n<\/div>\n<\/div>\n<\/div>\n<\/div>\n<\/div>\n<\/div>\n<\/div>\n<\/div>\n<\/div>\n<\/div>\n<\/div>\n<\/div>\n<\/div>\n<\/div>\n<\/div>\n<\/div>\n<\/div>\n<\/div>\n<\/div>\n<\/div>\n<\/div>\n<\/div>\n<\/div>\n<\/div>\n<\/div>\n<\/div>\n<\/div>\n<\/div>\n<\/div>\n<\/div>\n<\/div>\n<\/div>\n<\/div>\n<\/div>\n<\/div>\n<\/div>\n<\/div>\n<\/div>\n<\/div>\n<\/div>\n<\/div>\n<\/div>\n<\/div>\n<\/div>\n<\/div>\n<\/div>\n<\/div>\n<\/div>\n<\/div>\n<\/div>\n<\/div>\n<\/div>\n<\/div>\n<\/div>\n<\/div>\n<\/div>\n<\/div>\n<\/div>\n<\/div>\n<\/div>\n<\/div>\n<\/div>\n<\/div>\n<\/div>\n<\/div>\n<\/div>\n<\/div>\n<\/div>\n<\/div>\n<\/div>\n<\/div>\n<\/div>\n<\/div>\n<\/div>\n<\/div>\n<\/div>\n<\/div>\n<\/div>\n<\/div>\n<\/div>\n<\/div>\n<\/div>\n<\/div>\n<\/div>\n<\/div>\n<\/div>\n<\/div>\n<\/div>\n<\/div>\n<\/div>\n<\/div>\n<\/div>\n<\/div>\n<\/div>\n<div style=\"text-align: left;\">\n<p><strong>\u00a0<\/strong><\/p>\n<p><center><b>Martedi 28<\/b><\/center><b>Tempo atteso: <\/b>Minore soleggiamento con sole velato da sottili nubi alte, gi\u00e0 al mattino. Dalle ore centrali crescente nuvolosit\u00e0 alta e medio-alta, assieme allo sviluppo di addensamenti, senza escludere i primi fenomeni convettivi. A fine giornata l&#8217;instabilit\u00e0 si generalizzer\u00e0 a tutta la montagna veneta. Contesto termico sempre caldo, anche afoso nei fondovalle prealpini.<br \/>\n<b>Precipitazioni: <\/b>Al mattino assenti (0%); Al pomeriggio eventuali primi rovesci e temporali (30-50%). Alla sera crescente instabilit\u00e0 con maggiore probabilit\u00e0 di fenomeni (70-80%). Il gran caldo precedente potrebbe favorire il verificarsi di fenomeni localmente intensi e grandinigeni, assieme a forti raffiche di vento. Gli apporti saranno molto irregolari, mediamente 10-20 mm, ma in singoli casi uguali o superiori a 40-50 mm in caso di fenomeni intensi.<br \/>\n<b>Temperature: <\/b>Minime stazionarie nelle valli e in calo in quota, dove saranno raggiunte in serata; massime in lieve flessione. Previste punte di 30\/31\u00b0C nei fondovalle prealpini e di 24\/26\u00b0C a 1000\/1200 m. Su Prealpi a 1500 m min 14\u00b0C max 20\u00b0C, a 2000 m min 12\u00b0C max 16\u00b0C. Su Dolomiti a 2000 m min 12\u00b0C max 17\u00b0C, a 3000 m min 5\u00b0C max 9\u00b0C.<br \/>\n<b>Venti: <\/b>Nelle valli deboli a regime di brezza, localmente e a tratti moderati. Non escluse forti raffiche di vento in alcune fasi temporalesche; in quota perlopi\u00f9 moderati, a tratti tesi sulle cime pi\u00f9 elevate, in rotazione da sud-ovest a sud, a 10-20 km\/h a 2000 m e 25-40 km\/h a 3000 m.<\/p>\n<hr \/>\n<p><center><b>Mercoledi 29<\/b><\/center><b>Tempo atteso: <\/b>Nottetempo e prima parte del mattino fase instabile, con cielo irregolarmente nuvoloso. Poi riduzione della nuvolosit\u00e0, prima che la convezione riattivi lo sviluppo di addensamenti cumuliformi pomeridiani, magari con nuovi isolati fenomeni. Il minore soleggiamento porter\u00e0 a un&#8217;attenuazione del caldo, pur rimanendo in un contesto estivo.<br \/>\n<b>Precipitazioni: <\/b>Nottetempo probabilit\u00e0 inizialmente alta (70\/90%) di rovesci e temporali sparsi, la quale scemer\u00e0 in mattinata (30-50%), prima di esaurirsi. Poi lunga pausa, prima che nuovi e sporadici fenomeni pomeridiani, anche a carattere di temporale (20\/40%) si verifichino.<br \/>\n<b>Temperature: <\/b>Lieve calo sia delle minime che delle massime, circa 2\/3\u00b0C in meno rispetto a marted\u00ec, anche per il deficit di sole al mattino. Su Prealpi a 1500 m min 13\u00b0C max 18\u00b0C, a 2000 m min 11\u00b0C max 14\u00b0C. Su Dolomiti a 2000 m min 10\u00b0C max 15\u00b0C, a 3000 m min 4\u00b0C max 6\u00b0C.<br \/>\n<b>Venti: <\/b>Nelle valli deboli di direzione variabile con qualche rinforzo per raffiche temporalesche; in quota moderati nella notte, poi deboli dai quadranti meridionali. Verso sera in rotazione da nord, a 5-15 km\/h a 2000 m e 10-25 km\/h a 3000 m.<\/p>\n<hr \/>\n<p><center><b>Giovedi 30<\/b><\/center>Tempo di nuovo ben soleggiato al mattino, anche se con l&#8217;apparire dei primi cumuli. Al pomeriggio riduzione del soleggiamento per attivit\u00e0 cumuliforme irregolare, localmente intensa e associata a qualche sporadico rovescio\/temporale di ridotta estensione spazio-temporale sulle Dolomiti, mentre il tempo sar\u00e0 pi\u00f9 stabile sulle Prealpi. Temperature minime in calo e massime in ripresa e sempre estive. Venti deboli da sud ovest in quota, salvo rinforzi erratici; nelle valli deboli a regime di brezza, localmente e a tratti moderati.<\/p>\n<hr \/>\n<p><center><b>Venerdi 1<\/b><\/center>Condizioni meteo simili a gioved\u00ec con sole al mattino e riduzione del soleggiamento al pomeriggio per attivit\u00e0 cumuliforme irregolare, localmente associata a qualche temporale di calore, anche se l&#8217;insidia sar\u00e0 assai contenuta e su molti settori i fenomeni saranno del tutto assenti. Temperature senza notevoli variazioni e sempre di stampo estivo. Venti a regime di brezza nelle valli; deboli\/moderati occidentali in quota. Previsore: R.L.Th.<\/p>\n<p>&nbsp;<\/p>\n<\/div>\n<hr \/>\n<p>&nbsp;<\/p>\n<p>&nbsp;<\/p>\n<p><a href=\"https:\/\/www.radiopiu.net\/wordpress\/giornale-radiopiu-26-settembre-2018-direttore-mirko-mezzacasa\/viabilita-2\/\" rel=\"attachment wp-att-61954\"><img loading=\"lazy\" decoding=\"async\" class=\"aligncenter wp-image-61954 size-full\" src=\"https:\/\/www.radiopiu.net\/wordpress\/wp-content\/uploads\/2018\/09\/viabilita.jpeg\" sizes=\"auto, (max-width: 800px) 100vw, 800px\" srcset=\"https:\/\/www.radiopiu.net\/wordpress\/wp-content\/uploads\/2018\/09\/viabilita.jpeg 800w, https:\/\/www.radiopiu.net\/wordpress\/wp-content\/uploads\/2018\/09\/viabilita-300x38.jpeg 300w, https:\/\/www.radiopiu.net\/wordpress\/wp-content\/uploads\/2018\/09\/viabilita-768x96.jpeg 768w\" alt=\"\" width=\"800\" height=\"100\" \/><\/a><\/p>\n<p>&nbsp;<\/p>\n<blockquote class=\"wp-embedded-content\" data-secret=\"nYtGFWZqBU\"><p><a href=\"https:\/\/www.radiopiu.net\/wordpress\/viabilita\/\">viabilita<\/a><\/p><\/blockquote>\n<p><iframe loading=\"lazy\" class=\"wp-embedded-content\" sandbox=\"allow-scripts\" security=\"restricted\" style=\"position: absolute; clip: rect(1px, 1px, 1px, 1px);\" title=\"&#8220;viabilita&#8221; &#8212; Radio Pi\u00f9\" src=\"https:\/\/www.radiopiu.net\/wordpress\/viabilita\/embed\/#?secret=0N1KMu44bF#?secret=nYtGFWZqBU\" data-secret=\"nYtGFWZqBU\" width=\"600\" height=\"338\" frameborder=\"0\" marginwidth=\"0\" marginheight=\"0\" scrolling=\"no\"><\/iframe><\/p>\n<p>&nbsp;<\/p>\n<hr \/>\n<p>&nbsp;<\/p>\n<p>&nbsp;<\/p>\n<p><img loading=\"lazy\" decoding=\"async\" class=\"wp-image-60761 size-full aligncenter\" src=\"https:\/\/www.radiopiu.net\/wordpress\/wp-content\/uploads\/2018\/09\/sport.jpg\" alt=\"\" width=\"800\" height=\"100\" srcset=\"https:\/\/www.radiopiu.net\/wordpress\/wp-content\/uploads\/2018\/09\/sport.jpg 800w, https:\/\/www.radiopiu.net\/wordpress\/wp-content\/uploads\/2018\/09\/sport-300x38.jpg 300w, https:\/\/www.radiopiu.net\/wordpress\/wp-content\/uploads\/2018\/09\/sport-768x96.jpg 768w\" sizes=\"auto, (max-width: 800px) 100vw, 800px\" \/><\/p>\n<p>&nbsp;<\/p>\n<p><span style=\"color: #0000ff;\"><strong>CALCIO<\/strong><\/span><\/p>\n<blockquote>\n<h3>IL CAPRILE AFFONDA L&#8217;ALLEGHE NEL DERBY DEL CAMPIONATO AGORDINO<\/h3>\n<\/blockquote>\n<p><strong><a class=\"dt-pswp-item\" href=\"https:\/\/www.radiopiu.net\/wordpress\/wp-content\/uploads\/2022\/06\/CAPRILE-2022.jpg\" data-dt-img-description=\"\" data-large_image_width=\"1600\" data-large_image_height=\"1200\"><img loading=\"lazy\" decoding=\"async\" class=\"size-thumbnail wp-image-283814 alignleft\" src=\"https:\/\/www.radiopiu.net\/wordpress\/wp-content\/uploads\/2022\/06\/CAPRILE-2022-150x150.jpg\" alt=\"\" width=\"150\" height=\"150\" \/><\/a>REDAZIONE<\/strong> Nell&#8217;ultima giornata del Campionato Agordino tra le partite di cartello spiccava anche il derby di Alleghe. La squadra di Sergio Da Tos si \u00e8 dovuta inchinare ai cugini del Caprile (foto) che nel giro di 20 minuti avevanoi chiuso la partita mettendo a segno 4 gol. \u00c8 terminata con una &#8220;manita&#8221; la sfida di Boscoverde con il Caprile che ha incamerato i primi 3 punti stagionali contro una formazione che non ha saputo sfruttare le occasioni arrivate.<\/p>\n<p><strong>LE INTERVISTE &#8211; ALAN DAVARE, ALLENATORE DEL CAPRILE, E SERGIO DA TOS, ALLENATORE DELL&#8217;ALLEGHE<\/strong><\/p>\n<audio class=\"wp-audio-shortcode\" id=\"audio-283637-19\" preload=\"none\" style=\"width: 100%;\" controls=\"controls\"><source type=\"audio\/mpeg\" src=\"https:\/\/www.radiopiu.net\/wordpress\/wp-content\/uploads\/2022\/06\/INTERVISTE-ALLEGHE.mp3?_=19\" \/><a href=\"https:\/\/www.radiopiu.net\/wordpress\/wp-content\/uploads\/2022\/06\/INTERVISTE-ALLEGHE.mp3\">https:\/\/www.radiopiu.net\/wordpress\/wp-content\/uploads\/2022\/06\/INTERVISTE-ALLEGHE.mp3<\/a><\/audio>\n<p>&nbsp;<\/p>\n<h2><span style=\"color: #008000;\"><a class=\"dt-pswp-item\" href=\"https:\/\/www.radiopiu.net\/wordpress\/wp-content\/uploads\/2019\/01\/CALCIO-FALLO.jpeg\" data-dt-img-description=\"\" data-large_image_width=\"1600\" data-large_image_height=\"848\"><img loading=\"lazy\" decoding=\"async\" class=\" wp-image-71538 alignleft\" src=\"https:\/\/www.radiopiu.net\/wordpress\/wp-content\/uploads\/2019\/01\/CALCIO-FALLO-150x150.jpeg\" alt=\"\" width=\"74\" height=\"74\" \/><\/a>SPECIALE CAMPIONATO AGORDINO<\/span><\/h2>\n<p><strong>\u00a0<\/strong><\/p>\n<p><strong>\u00a0<\/strong><\/p>\n<p><strong>RIASCOLTA OTTANTESIMO MINUTO &#8211; TERZA PUNTATA<\/strong><\/p>\n<audio class=\"wp-audio-shortcode\" id=\"audio-283637-20\" preload=\"none\" style=\"width: 100%;\" controls=\"controls\"><source type=\"audio\/mpeg\" src=\"https:\/\/www.radiopiu.net\/wordpress\/wp-content\/uploads\/2022\/06\/80MIN-1.mp3?_=20\" \/><a href=\"https:\/\/www.radiopiu.net\/wordpress\/wp-content\/uploads\/2022\/06\/80MIN-1.mp3\">https:\/\/www.radiopiu.net\/wordpress\/wp-content\/uploads\/2022\/06\/80MIN-1.mp3<\/a><\/audio>\n<p>&nbsp;<\/p>\n<p><strong>RIASCOLTA CAMPIONATO AGORDINO SHOW &#8211; TERZA PUNTATA (LA SINTESI)<\/strong><\/p>\n<audio class=\"wp-audio-shortcode\" id=\"audio-283637-21\" preload=\"none\" style=\"width: 100%;\" controls=\"controls\"><source type=\"audio\/mpeg\" src=\"https:\/\/www.radiopiu.net\/wordpress\/wp-content\/uploads\/2022\/06\/AGOS-1.mp3?_=21\" \/><a href=\"https:\/\/www.radiopiu.net\/wordpress\/wp-content\/uploads\/2022\/06\/AGOS-1.mp3\">https:\/\/www.radiopiu.net\/wordpress\/wp-content\/uploads\/2022\/06\/AGOS-1.mp3<\/a><\/audio>\n<p>&nbsp;<\/p>\n<p>&nbsp;<\/p>\n<\/div>\n<\/div>\n<\/div>\n<\/div>\n<\/div>\n<\/div>\n<\/div>\n<\/div>\n<\/div>\n<\/div>\n<\/div>\n<\/div>\n<\/div>\n<\/div>\n<\/div>\n<\/div>\n<\/div>\n<\/div>\n<\/div>\n<\/div>\n<\/div>\n<\/div>\n<\/div>\n<\/div>\n<\/div>\n<\/div>\n<\/div>\n<\/div>\n<\/div>\n<\/div>\n<\/div>\n<\/div>\n<\/div>\n<\/div>\n<\/div>\n<\/div>\n<\/div>\n<\/div>\n<\/div>\n<\/div>\n<\/div>\n<\/div>\n<\/div>\n<\/div>\n<\/div>\n<\/div>\n<\/div>\n<\/div>\n<\/div>\n<\/div>\n<\/div>\n<\/div>\n<\/div>\n<\/div>\n<\/div>\n<\/div>\n<\/div>\n<\/div>\n<\/div>\n<\/div>\n<\/div>\n<\/div>\n<\/div>\n<\/div>\n<\/div>\n<\/div>\n<\/div>\n<\/div>\n<\/div>\n<\/div>\n<\/div>\n<\/div>\n<\/div>\n<\/div>\n<\/div>\n<\/div>\n<\/div>\n<\/div>\n<\/div>\n<\/div>\n<\/div>\n<\/div>\n<\/div>\n<\/div>\n<\/div>\n<\/div>\n<\/div>\n<\/div>\n<\/div>\n<\/div>\n<\/div>\n<\/div>\n<\/div>\n<\/div>\n<\/div>\n<\/div>\n<\/div>\n<\/div>\n<\/div>\n<\/div>\n<\/div>\n<\/div>\n<\/div>\n<\/div>\n<\/div>\n","protected":false},"excerpt":{"rendered":"<p>RADIO PIU INFORMAZIONE il canale su TELEGRAM informazione di prima\u00a0 mano e in tempo reale. iscriviti ed aiutaci a farlo conoscere\u00a0 &nbsp; &nbsp; CHE PERDITA! LA SCOMPARSA DEL &#8220;CITTADINO&#8221; DI AGORDO LEONARDO DEL VECCHIO AGORDO In una torrida giornata estiva \u00e8 sceso il gelo nella mattinata di ieri sullo stabilimento Luxottica di Agordo, il pi\u00f9&hellip;<\/p>\n","protected":false},"author":4,"featured_media":283899,"comment_status":"closed","ping_status":"closed","sticky":false,"template":"","format":"standard","meta":{"_monsterinsights_skip_tracking":false,"_monsterinsights_sitenote_active":false,"_monsterinsights_sitenote_note":"","_monsterinsights_sitenote_category":0,"footnotes":""},"categories":[51,86,49],"tags":[],"class_list":["post-283637","post","type-post","status-publish","format-standard","has-post-thumbnail","hentry","category-evidenza-top","category-gr","category-news-18","category-51","category-86","category-49","description-off"],"img_url":"https:\/\/www.radiopiu.net\/wordpress\/wp-content\/uploads\/2022\/06\/aaaa-11.jpg","_links":{"self":[{"href":"https:\/\/www.radiopiu.net\/wordpress\/wp-json\/wp\/v2\/posts\/283637","targetHints":{"allow":["GET"]}}],"collection":[{"href":"https:\/\/www.radiopiu.net\/wordpress\/wp-json\/wp\/v2\/posts"}],"about":[{"href":"https:\/\/www.radiopiu.net\/wordpress\/wp-json\/wp\/v2\/types\/post"}],"author":[{"embeddable":true,"href":"https:\/\/www.radiopiu.net\/wordpress\/wp-json\/wp\/v2\/users\/4"}],"replies":[{"embeddable":true,"href":"https:\/\/www.radiopiu.net\/wordpress\/wp-json\/wp\/v2\/comments?post=283637"}],"version-history":[{"count":0,"href":"https:\/\/www.radiopiu.net\/wordpress\/wp-json\/wp\/v2\/posts\/283637\/revisions"}],"wp:featuredmedia":[{"embeddable":true,"href":"https:\/\/www.radiopiu.net\/wordpress\/wp-json\/wp\/v2\/media\/283899"}],"wp:attachment":[{"href":"https:\/\/www.radiopiu.net\/wordpress\/wp-json\/wp\/v2\/media?parent=283637"}],"wp:term":[{"taxonomy":"category","embeddable":true,"href":"https:\/\/www.radiopiu.net\/wordpress\/wp-json\/wp\/v2\/categories?post=283637"},{"taxonomy":"post_tag","embeddable":true,"href":"https:\/\/www.radiopiu.net\/wordpress\/wp-json\/wp\/v2\/tags?post=283637"}],"curies":[{"name":"wp","href":"https:\/\/api.w.org\/{rel}","templated":true}]}}