{"id":283688,"date":"2025-06-27T12:33:22","date_gmt":"2025-06-27T10:33:22","guid":{"rendered":"https:\/\/www.radiopiu.net\/wordpress\/?p=283688"},"modified":"2025-06-27T13:25:06","modified_gmt":"2025-06-27T11:25:06","slug":"e-morto-leonardo-del-vecchio-fondatore-di-luxottica","status":"publish","type":"post","link":"https:\/\/www.radiopiu.net\/wordpress\/e-morto-leonardo-del-vecchio-fondatore-di-luxottica\/","title":{"rendered":"E&#8217; MORTO LEONARDO DEL VECCHIO, FONDATORE DI LUXOTTICA: 27 GIUGNO 2022"},"content":{"rendered":"<p><strong><img decoding=\"async\" class=\"aligncenter\" src=\"https:\/\/www.radiopiu.net\/wordpress\/wp-content\/uploads\/2020\/04\/LEONARDO-DEL-VECCHIO-GRAZIE-300x300.png\" \/> <\/strong><\/p>\n<p><strong>\u00a0<\/strong><\/p>\n<p><strong>AGORDO <\/strong>In una torrida giornata estiva \u00e8 sceso il gelo nella mattinata\u00a0 sullo stabilimento Luxottica di Agordo, il pi\u00f9 significativo per la famiglia Del Vecchio, la prima casa del Cavaliere, la prima fabbrica negli anni Sessanta, l&#8217;inizio di una storia che sar\u00e0 ricordata per sempre. Alle nove la notizia che nessuno avrebbe voluto sentire: E&#8217; morto il &#8220;nonno&#8221;, perch\u00e9 in Luxottica \u00e8 chiamato cos\u00ec il Leonardo agordino. Subito il pensiero alla fake news, ma purtroppo \u00e8 stata immediata la comunicazione ufficiale. Leonardo Del Vecchio ha smesso di vivere a 87 anni.<\/p>\n<p><strong>L&#8217;ANNUNCIO DI ESSILOR LUXOTTICA, LA PRIMA NOTA UFFICIALE<\/strong><\/p>\n<p>Charenton-le-Pont, Francia (27 giugno 2022) \u2013 EssilorLuxottica annuncia con profondo dolore la scomparsa del Presidente Leonardo Del Vecchio. La Societ\u00e0 esprime le pi\u00f9 sentite condoglianze alla Famiglia e a tutta la comunit\u00e0 di dipendenti nel mondo per questa enorme perdita. Il Consiglio si riunir\u00e0 per determinare i prossimi passi<\/p>\n<p>&nbsp;<\/p>\n<p><strong>DAL GIORNALE RADIO DELLE 10.30 IL SINDACO DI AGORDO ROBERTO CHISSALE&#8217;<\/strong><\/p>\n<audio class=\"wp-audio-shortcode\" id=\"audio-283688-1\" preload=\"none\" style=\"width: 100%;\" controls=\"controls\"><source type=\"audio\/mpeg\" src=\"https:\/\/www.radiopiu.net\/wordpress\/wp-content\/uploads\/2022\/06\/roberto.mp3?_=1\" \/><a href=\"https:\/\/www.radiopiu.net\/wordpress\/wp-content\/uploads\/2022\/06\/roberto.mp3\">https:\/\/www.radiopiu.net\/wordpress\/wp-content\/uploads\/2022\/06\/roberto.mp3<\/a><\/audio>\n<p>&nbsp;<\/p>\n<p>LA STORIA <span style=\"color: #0000ff;\"><strong><a style=\"color: #0000ff;\" href=\"https:\/\/www.luxottica.com\/it\/chi-siamo\/storia\">CLICCA QUI<\/a><\/strong><\/span><\/p>\n<p>&nbsp;<\/p>\n<hr \/>\n<p>&nbsp;<\/p>\n","protected":false},"excerpt":{"rendered":"<p>\u00a0 AGORDO In una torrida giornata estiva \u00e8 sceso il gelo nella mattinata\u00a0 sullo stabilimento Luxottica di Agordo, il pi\u00f9 significativo per la famiglia Del Vecchio, la prima casa del Cavaliere, la prima fabbrica negli anni Sessanta, l&#8217;inizio di una storia che sar\u00e0 ricordata per sempre. Alle nove la notizia che nessuno avrebbe voluto sentire:&hellip;<\/p>\n","protected":false},"author":4,"featured_media":126926,"comment_status":"closed","ping_status":"closed","sticky":false,"template":"","format":"standard","meta":{"_monsterinsights_skip_tracking":false,"_monsterinsights_sitenote_active":false,"_monsterinsights_sitenote_note":"","_monsterinsights_sitenote_category":0,"footnotes":""},"categories":[51,49],"tags":[],"class_list":["post-283688","post","type-post","status-publish","format-standard","has-post-thumbnail","hentry","category-evidenza-top","category-news-18","category-51","category-49","description-off"],"img_url":"https:\/\/www.radiopiu.net\/wordpress\/wp-content\/uploads\/2020\/04\/LEONARDO-DEL-VECCHIO-GRAZIE.png","_links":{"self":[{"href":"https:\/\/www.radiopiu.net\/wordpress\/wp-json\/wp\/v2\/posts\/283688","targetHints":{"allow":["GET"]}}],"collection":[{"href":"https:\/\/www.radiopiu.net\/wordpress\/wp-json\/wp\/v2\/posts"}],"about":[{"href":"https:\/\/www.radiopiu.net\/wordpress\/wp-json\/wp\/v2\/types\/post"}],"author":[{"embeddable":true,"href":"https:\/\/www.radiopiu.net\/wordpress\/wp-json\/wp\/v2\/users\/4"}],"replies":[{"embeddable":true,"href":"https:\/\/www.radiopiu.net\/wordpress\/wp-json\/wp\/v2\/comments?post=283688"}],"version-history":[{"count":2,"href":"https:\/\/www.radiopiu.net\/wordpress\/wp-json\/wp\/v2\/posts\/283688\/revisions"}],"predecessor-version":[{"id":456081,"href":"https:\/\/www.radiopiu.net\/wordpress\/wp-json\/wp\/v2\/posts\/283688\/revisions\/456081"}],"wp:featuredmedia":[{"embeddable":true,"href":"https:\/\/www.radiopiu.net\/wordpress\/wp-json\/wp\/v2\/media\/126926"}],"wp:attachment":[{"href":"https:\/\/www.radiopiu.net\/wordpress\/wp-json\/wp\/v2\/media?parent=283688"}],"wp:term":[{"taxonomy":"category","embeddable":true,"href":"https:\/\/www.radiopiu.net\/wordpress\/wp-json\/wp\/v2\/categories?post=283688"},{"taxonomy":"post_tag","embeddable":true,"href":"https:\/\/www.radiopiu.net\/wordpress\/wp-json\/wp\/v2\/tags?post=283688"}],"curies":[{"name":"wp","href":"https:\/\/api.w.org\/{rel}","templated":true}]}}