{"id":283703,"date":"2022-06-28T13:37:34","date_gmt":"2022-06-28T11:37:34","guid":{"rendered":"https:\/\/www.radiopiu.net\/wordpress\/?p=283703"},"modified":"2022-06-28T13:47:29","modified_gmt":"2022-06-28T11:47:29","slug":"artefici-del-riscossa-veneta-ha-creduto-nel-lavoro-e-nella-nostra-gente","status":"publish","type":"post","link":"https:\/\/www.radiopiu.net\/wordpress\/artefici-del-riscossa-veneta-ha-creduto-nel-lavoro-e-nella-nostra-gente\/","title":{"rendered":"I TANTI MESSAGGI DI CORDOGLIO, DORFMANN &#8220;Con Del Vecchio, la provincia di Belluno perde una persona che ha sempre guardato al futuro&#8221;"},"content":{"rendered":"<p>&nbsp;<\/p>\n<p><strong><a class=\"dt-pswp-item\" href=\"https:\/\/www.radiopiu.net\/wordpress\/wp-content\/uploads\/2022\/06\/Del-Vecchio.jpg\" data-dt-img-description=\"\" data-large_image_width=\"380\" data-large_image_height=\"208\"><img loading=\"lazy\" decoding=\"async\" class=\"wp-image-283735 alignleft\" src=\"https:\/\/www.radiopiu.net\/wordpress\/wp-content\/uploads\/2022\/06\/Del-Vecchio-150x150.jpg\" alt=\"\" width=\"86\" height=\"86\" \/><\/a>DAL GIORNALE RADIO DELLE 10.30 IL SINDACO DI AGORDO ROBERTO CHISSALE&#8217;<\/strong><\/p>\n<audio class=\"wp-audio-shortcode\" id=\"audio-283703-1\" preload=\"none\" style=\"width: 100%;\" controls=\"controls\"><source type=\"audio\/mpeg\" src=\"https:\/\/www.radiopiu.net\/wordpress\/wp-content\/uploads\/2022\/06\/roberto.mp3?_=1\" \/><a href=\"https:\/\/www.radiopiu.net\/wordpress\/wp-content\/uploads\/2022\/06\/roberto.mp3\">https:\/\/www.radiopiu.net\/wordpress\/wp-content\/uploads\/2022\/06\/roberto.mp3<\/a><\/audio>\n<p>&nbsp;<\/p>\n<p><strong>IL MINISTRO FEDERICO D&#8217;INCA&#8217;<\/strong><\/p>\n<audio class=\"wp-audio-shortcode\" id=\"audio-283703-2\" preload=\"none\" style=\"width: 100%;\" controls=\"controls\"><source type=\"audio\/mpeg\" src=\"https:\/\/www.radiopiu.net\/wordpress\/wp-content\/uploads\/2022\/06\/FEDERICO.mp3?_=2\" \/><a href=\"https:\/\/www.radiopiu.net\/wordpress\/wp-content\/uploads\/2022\/06\/FEDERICO.mp3\">https:\/\/www.radiopiu.net\/wordpress\/wp-content\/uploads\/2022\/06\/FEDERICO.mp3<\/a><\/audio>\n<p>&nbsp;<\/p>\n<p><strong>DALLA RSU DELLA CERAMICA DOLOMITE &#8220;GRAZIE LEONARDO DEL VECCHIO&#8221;<\/strong><\/p>\n<div align=\"left\"><em><span style=\"color: #000000; font-family: Helvetica;\"><img loading=\"lazy\" decoding=\"async\" class=\"alignleft\" src=\"https:\/\/www.radiopiu.net\/wordpress\/wp-content\/uploads\/2022\/06\/CERAMICA-DOLOMITE.jpg\" width=\"220\" height=\"108\" \/>\u201cLa nostra speranza era di poter conoscere il Cavalier Leonardo Del Vecchio insieme agli altri imprenditori che hanno formato la cordata per il salvataggio della nostra azienda, Ceramica Dolomite, per i dovuti ringraziamenti. Purtroppo la vita non sempre va come ci si immagina e lui ci ha salutato prima che questo avvenisse. Cercare di ringraziarlo ora per quello che ha fatto per noi \u00e8 riduttivo rispetto a tutto quello che ha fatto per la nostra provincia, ma anche per l\u2019Italia. In questo giorno cos\u00ec triste porgiamo le pi\u00f9 sentite condoglianze ai famigliari e tutti coloro che lo vorranno ricordare\u201d. <\/span><\/em><strong><span style=\"color: #000000; font-family: Helvetica;\"><i>RSU CERAMICA DOLOMITE\u00a0<\/i><\/span><\/strong><\/div>\n<p>&nbsp;<\/p>\n<p>&nbsp;<\/p>\n<p>&nbsp;<\/p>\n<p>&nbsp;<\/p>\n<p>&nbsp;<\/p>\n<p>&nbsp;<\/p>\n<p>L\u2019assemblea dei delegati e dei candidati di <strong>FEMCA CISL alla RSU Luxottica<\/strong> di Agordo, Sedico e Cencenighe, unitamente ai delegati FEMCA CISL di Luxottica Pederobba esprime costernazione e dolore per la scomparsa del Cavalier Leonardo Del Vecchio. A Lui dobbiamo la straordinaria crescita della nostra Azienda, l\u2019occupazione di migliaia di persone e un\u2019attenzione costante al territorio e alla vita dei \u201csuoi\u201d collaboratori. Nelle prossime ore, di intesa con le altre Rappresentanze Sindacali aziendali e territoriali troveremo il modo migliore per dare espressione ai sentimenti di commozione e sconforto di tutti i lavoratori di Luxottica<\/p>\n<p>&nbsp;<\/p>\n<p><strong>FEMCA CISL-UILTEC\u00a0<\/strong><br \/>\nIl Cavalier Del Vecchio ha avuto un ruolo fondamentale nello sviluppo dell&#8217;industria italiana negli ultimi cinquant&#8217;anni, e ha segnato un cambiamento profondo nella vita e nelle prospettive del territorio Bellunese. \u00c8 comprensibile quindi l&#8217;emozione e il sentimento di gratitudine che i lavoratori hanno nei suoi confronti e il vuoto che la sua scomparsa ha lasciato. Per rispettare i sentimenti individuali e collettivi, che stanno emergendo in questi giorni, e per rendere omaggio alla sua grande figura Femca CISL e Uiltec UIL hanno deciso di sospendere e rimandare le iniziative programmate per questa settimana per permettere a quanti lo vogliono di partecipare alle sue esequie.<\/p>\n<p>&nbsp;<\/p>\n<p class=\"p1\"><span class=\"s1\">La Segreteria Nazionale della <strong>FILCTEM-CGIL<\/strong> esprime le piu\u2019 profonde condoglianze per la scomparsa del Cavalier Del Vecchio. <\/span><span class=\"s1\">Per la Segreteria Nazionale FILCTEM-CGIL il segretario generale <\/span><span class=\"s1\">Marco Falcinelli <\/span><\/p>\n<p><strong>LUIGI DELL&#8217;ATTI, RSU LUXOTTICA_CGIL<\/strong><\/p>\n<audio class=\"wp-audio-shortcode\" id=\"audio-283703-3\" preload=\"none\" style=\"width: 100%;\" controls=\"controls\"><source type=\"audio\/mpeg\" src=\"https:\/\/www.radiopiu.net\/wordpress\/wp-content\/uploads\/2022\/06\/luigi.mp3?_=3\" \/><a href=\"https:\/\/www.radiopiu.net\/wordpress\/wp-content\/uploads\/2022\/06\/luigi.mp3\">https:\/\/www.radiopiu.net\/wordpress\/wp-content\/uploads\/2022\/06\/luigi.mp3<\/a><\/audio>\n<div align=\"left\"><\/div>\n<div align=\"left\"><\/div>\n<div align=\"left\"><\/div>\n<div align=\"left\"><\/div>\n<p><strong>DIOCESI BELLUNESE, CHIESA BELLUNO_FELTRE IL VESCOVO RENATO MARANGONI<\/strong><\/p>\n<p><em>\u00abA nome di tutta la diocesi e, in particolare, delle parrocchie di Agordo e Sedico e dei rispettivi circondari, esprimo il cordoglio, che desidera far giungere ai familiari, alle maestranze e ai dirigenti di Luxottica. In attesa delle esequie, in una comunit\u00e0 cristiana il cordoglio diventa anche suffragio e in questa preghiera non pu\u00f2 mancare un sentimento di gratitudine per quello che Leonardo Del Vecchio \u00e8 stato per le nostre vallate, nelle quali venne da migrante, avviando un\u2019industria che con il passare del tempo ha raggiunto una caratura internazionale. Cos\u00ec per tanti decenni egli ha assicurato migliaia di posti di lavoro alla nostra provincia, che negli anni precedenti aveva conosciuto il dramma dell\u2019emigrazione.<\/em><br \/>\n<em>Vogliamo esprimere gratitudine anche per l\u2019aiuto concreto con cui il cav. Del Vecchio e la sua Azienda hanno manifestato solidariet\u00e0 alle iniziative delle comunit\u00e0 parrocchiali del territorio\u00bb.\u00a0<\/em><\/p>\n<p>&nbsp;<\/p>\n<p>&nbsp;<\/p>\n<p><strong>IL PRESIDENTE DELLA REGIONE LUCA ZAIA<\/strong><\/p>\n<p class=\"western\" align=\"JUSTIFY\"><strong>VENEZIA <\/strong><em><span style=\"color: #222222;\">\u201c<span style=\"font-size: medium;\">Amo ripetere spesso che solo i pessimisti non fanno fortuna. Penso che il cavalier Del Vecchio sia stato la dimostrazione vivente di questo modo di dire; un uomo che con la sua determinazione e la sua visione del lavoro, dal nulla si \u00e8 attestato nella classifica degli imprenditori di maggior successo in tutto il mondo. Desidero ricordarlo come uno degli artefici della riscossa della nostra terra, in particolare del riscatto economico delle nostre montagne. Il Veneto gli deve molto. <\/span><\/span><\/em><em><span style=\"color: #222222;\"><span style=\"font-size: medium;\">Sono numerosissime le persone delle nostre valli dolomitiche che grazie a lui hanno trovato un lavoro segnando la via del benessere per intere famiglie. Se il Veneto \u00e8 oggi quella grande realt\u00e0 produttiva ed economica che intendiamo mantenere e accrescere \u00e8 grazie a figure come Del Vecch<\/span><\/span><\/em><em><span style=\"color: #222222;\"><span style=\"font-size: medium;\">io che hanno creduto nel nostro lavoro e nella nostra gente&#8221;.\u00a0<\/span><\/span><\/em><\/p>\n<p><strong>\u00a0<\/strong><\/p>\n<p><strong>IL PRESIDENTE DELLA PROVINCIA ROBERTO PADRIN<\/strong><\/p>\n<p><em>\u00abLeonardo Del Vecchio \u00e8 stato uno degli imprenditori pi\u00f9 lungimiranti d\u2019Italia. La sua capacit\u00e0 di visione ha dato vita a un\u2019impresa che per Belluno ha significato lavoro e welfare, oltre a export e business, garantendo quello sviluppo economico e sociale che solo i grandi personaggi sanno creare. La sua scomparsa lascia un vuoto enorme, ma affida alla politica e all\u2019amministrazione del territorio il compito di continuare ad assicurare le condizioni perch\u00e9 il Bellunese rimanga una terra in cui lavorare e produrre a livello globale non solo \u00e8 possibile, ma \u00e8 vantaggioso, per la grande professionalit\u00e0 degli addetti. Un\u2019eredit\u00e0 non facile, ma che tutti, nessuno escluso, dobbiamo raccogliere e portare avanti\u00bb.\u00a0<\/em><\/p>\n<p>&nbsp;<\/p>\n<p><strong>IL DEPUTATO DARIO BOND\u00a0<\/strong><\/p>\n<div>\n<p><em>\u201cPer decenni Luxottica \u00e8 stata un modello di sviluppo e di fare impresa. E Leonardo Del Vecchio ha costituito un esempio di imprenditore illuminato. Mancher\u00e0 al Bellunese, mancher\u00e0 soprattutto all\u2019Italia\u201d. \u00c8 quanto afferma il deputato Dario Bond, nell\u2019esprimere il cordoglio per la scomparsa di Leonardo Del Vecchio, fondatore di Luxottica. \u201cL\u2019ultimo grande esempio l\u2019ha dato con la disponibilit\u00e0 a salvare la Ceramica Dolomite, altro esempio di capacit\u00e0 imprenditoriale del territorio bellunese e del modello veneto. La sua idea di industria, che ha sempre contemperato la produttivit\u00e0 dei siti produttivi con la qualit\u00e0 di vita lavorativa dei dipendenti, ha rappresentato un paradigma che veniva dalla tradizione di Olivetti e Mattei. E che non va assolutamente disperso\u201d.\u00a0<\/em><\/p>\n<\/div>\n<p>&nbsp;<\/p>\n<p><strong>L&#8217;EURODEPUTATO HERBERT DORFMANN<\/strong><\/p>\n<p>\u00ab<em>Scompare oggi un grande imprenditore e industriale del Bellunese, un esempio di come anche tra le Dolomiti possano nascere realt\u00e0 in grado di essere punto di riferimento mondiale. Con Del Vecchio, la provincia di Belluno perde una persona che ha sempre guardato al futuro, riservando grandissima attenzione ai propri dipendenti anche in un momento in cui le difficolt\u00e0 internazionali hanno spinto molte multinazionali a concentrarsi pi\u00f9 sui propri bilanci che sul benessere dei propri lavoratori. Salutiamo oggi uno degli ultimi \u201cself-made man\u201d, una persona che \u00e8 riuscita a farsi voler bene da tutti i suoi dipendenti; alla famiglia e a tutti i collaboratori va la mia pi\u00f9 stretta vicinanza<\/em>\u00bb<\/p>\n<p>&nbsp;<\/p>\n<p><strong>L&#8217;ASSESSORE REGIONALE GIANPAOLO BOTTACIN<\/strong><\/p>\n<div>\n<p><em>\u201cUn esempio di imprenditoria per tutti. Un riferimento mondiale. Ha dimostrato che dal nulla si pu\u00f2 costruire un impero. E lo ha fatto facendo crescere la sua impresa insieme al territorio. Ha dimostrato che se un\u2019impresa cresce con il territorio, il territorio cresce con l\u2019impresa. Se ne va un grande imprenditore che ha incarnato il fare impresa insieme a tutti i suoi collaboratori. Una gravissima perdita per il territorio bellunese e veneto\u201d.<\/em><\/p>\n<\/div>\n<p>&nbsp;<\/p>\n<p><strong>L&#8217;ASSESSORE REGIONALE ELENA DONAZZAN<\/strong><\/p>\n<p><em>&#8220;Leonardo Del Vecchio, fondatore di Luxottica, ha avuto una grandissima capacit\u00e0 innovativa. \u00c8 stato capace di rigenerare un\u2019intera provincia di montagna e ha avuto la visione che i propri dipendenti sono tanti pi\u00f9 motivati quanto sentono di appartenere all\u2019azienda per cui lavorano. Con lui \u00e8 nata una nuova forma di welfare aziendale\u201d.\u00a0<\/em><\/p>\n<p>&nbsp;<\/p>\n<p><strong>IL PRESIDENTE DI CONFINDUSTRIA BELLUNO DOLOMITI LORRAINE BERTON<\/strong><\/p>\n<p><em>\u201cIl Bellunese, il Veneto, l\u2019Italia oggi perdono il numero uno; un uomo, un imprenditore, un visionario che ha fatto sempre la differenza in ogni ambito. Senza di lui, la storia di questo territorio sarebbe stata un\u2019altra. Personalmente sono commossa e costernata. Spero che il suo esempio possa rimanere il motore di questa nostra comunit\u00e0. Guardiamo ad Agordo dove tutto \u00e8 iniziato con commozione ma anche orgoglio, orgoglio per averlo potuto avere come punto di riferimento. Ci mancher\u00e0 moltissimo, non eravamo pronti a una perdita cos\u00ec grande. Come imprenditori bellunesi faremo di tutto per onorarlo non con le parole ma con i fatti, con quel silenzio laborioso che \u00e8 stato il suo tratto nei decenni. A noi il compito di preservare il suo lavoro\u201d.<\/em><\/p>\n<p>&nbsp;<\/p>\n<p><strong>CONFARTIGIANATO BELLUNO LA PRESIDENTE CLAUDIA SCARZANELLA<\/strong><\/p>\n<div>\n<p><em>\u00abLeonardo Del Vecchio \u00e8 stato per il Bellunese un modello, che ha saputo portare nella grande industria il sistema direi quasi \u201cfamiliare\u201d tipico dell\u2019artigianato\u00bb. Nomi per antonomasia dell\u2019occhialeria mondiale, Luxottica e Del Vecchio hanno garantito al territorio lavoro e sviluppo. Del Vecchio \u00e8 stato un artigiano che si \u00e8 fatto strada, richiesto per la precisione e la qualit\u00e0 delle sue incisioni. Il suo esempio di tenacia deve costituire l\u2019asticella con cui l\u2019artigianato bellunese dovr\u00e0 misurarsi per migliorare, senza accontentarsi, senza smettere di investire per affinare le proprie competenze, nella consapevolezza che l\u2019abilit\u00e0 di artigiano pu\u00f2 portare lontano. Ora il territorio dovr\u00e0 essere bravo a valorizzare quelle competenze cresciute all\u2019ombra della grande occhialeria per continuare a proporre un sistema di produzione che vede agire parallelamente industria e artigianato\u00bb.<\/em><\/p>\n<\/div>\n<p>&nbsp;<\/p>\n<p><strong>APPIA CNA DI BELLUNO IL PRESIDENTE MASSIMO SPOSATO<\/strong><\/p>\n<p><em>\u201cLe imprese artigiane\u00a0 ricordano con affetto la sua elevata statura umana e imprenditoriale, capace di coniugare una visione aziendale e sociale di eccezionale respiro con lo sviluppo costante di un territorio, che lo ha corrisposto con le sue grandi risorse e la sua bellezza\u201d.\u00a0<\/em><\/p>\n<p>&nbsp;<\/p>\n<p><strong>CISL BELLUNO TREVISO IL SEGRETARIO MASSIMILIANO PAGLINI<\/strong><\/p>\n<p><em>\u201cFigure come quella di Leonardo Del Vecchio rappresentano l\u2019essenza e il senso del lavoro e del fare impresa, la sua \u00e8 una storia fatta di laboriosit\u00e0, creativit\u00e0, intuizioni, attaccamento al territorio e di grande attenzione ai lavoratori e alle lavoratrici. La sua scomparsa ci rattrista e rischia di aprire scenari complicati. Crediamo che il suo esempio debba essere il tratto distintivo per il passaggio di testimone dentro al Gruppo industriale e per la continuit\u00e0 sui territori di Belluno e di Treviso delle aziende del Gruppo. Crediamo che si debbano tenere ben saldi i riferimenti alle sue origini e alla grande attenzione che egli ha sempre dedicato a tutti i suoi dipendenti e, in particolare, al territorio bellunese\u201d.\u00a0 \u00a0<\/em><\/p>\n<p>&nbsp;<\/p>\n<p><strong>IL DIRETTORE DELLA ULSS1 DOLOMITI, MARIA GRAZIA CARRARO<\/strong><\/p>\n<p><em>&#8220;Un pensiero di vicinanza anche a tutti i dipendenti del gruppo EssilorLuxottica della provincia di Belluno, importante parte del tessuto produttivo locale, per i quali il Cavaliere non \u00e8 stato solo un datore di lavoro lungimirante ma anche un vero padre di famiglia, che non ha mai dimenticato le sue origini e i suoi collaboratori, assicurando loro un welfare avanzato e il sostegno a diverse iniziative per la salute e il benessere non solo dei lavoratori Luxottica ma dell\u2019intera cittadinanza. L\u2019esempio che il Cavalier Del Vecchio ci ha dato sia da stimolo per tutti i giovani delle nostre montagne, per la determinazione nella realizzazione dei propri sogni, per la visione dinamica e aperta, per la generosit\u00e0 nel sostenere lo sviluppo del territorio e delle comunit\u00e0 locali a cui \u00e8 sempre rimasto legato&#8221;.\u00a0<\/em><\/p>\n<p>&nbsp;<\/p>\n<p><strong>LA SEGRETARIA MONICA LOTTO E IL DEPUTATO ROGER DE MENECH<\/strong><\/p>\n<p><em>\u00abAddio a una delle persone che hanno contribuito a far uscire il Bellunese, il Veneto e l\u2019Italia dalla miseria. Leonardo De Vecchio ha rappresentato fino a incarnarlo il sogno del boom economico. Partito dall\u2019orfanotrofio milanese dei Martinitt non si \u00e8 arreso al destino avverso e ha lottato con tutte le sue forze e la sua intelligenza per farsi strada. Abilissimo nello sviluppo fino a dimensioni globali di Luxottica, da Agordo ha conquistato il mondo senza mai lasciare indietro nessuno. \u00c8 stato Leonardo Del Vecchio a introdurre, tra i primi in Europa, il welfare aziendale negli anni Ottanta. Un modello che poi avrebbe fatto scuola e si sarebbe sviluppato e diffuso nei decenni successivi. L\u2019intera comunit\u00e0 bellunese piange oggi un suo figlio adottivo stimato, rispettato e amatissimo\u00bb. <\/em><\/p>\n<p>&nbsp;<\/p>\n<p><strong>DAL ROTARY CLUB DI BELLUNO IL PRESIDENTE GIAN MARCO ZANCHETTA<\/strong><\/p>\n<p>Dagli anni Settanta Del Vecchio era socio attivo, per poi diventare socio onorario del Club bellunese. <em>\u00abOggi il nostro Club perde un socio simbolo per l\u2019intera provincia di Belluno e per l\u2019intera Italia, non sar\u00e0 una facile eredit\u00e0. Ci ha lasciato infatti uno dei pi\u00f9 grandi imprenditori italiani e un vero benefattore. Dobbiamo trarre forza dal suo esempio. Il Cav. Del Vecchio era un bellunese di adozione e ha costruito un impero mondiale con le nostre genti\u00bb.<\/em><\/p>\n<p>&nbsp;<\/p>\n<p><strong>OSCAR DE BONA PRESIDENTE ASSOCIAZIONE BELLUNESI NEL MONDO<\/strong><\/p>\n<p><em>&#8220;L\u2019immortalit\u00e0 non \u00e8 di questo mondo. Lo sappiamo tutti, \u00e8 banale ricordarlo. Per\u00f2 a certi grandi personaggi spesso concediamo utopisticamente la facolt\u00e0 di sfiorarla. Poi, quando arriva quella notizia che non avremmo mai voluto n\u00e9 scrivere n\u00e9 leggere, torniamo tutti con i piedi per terra. Leonardo Del Vecchio va ricordato, infatti, soprattutto per la sua vicenda umana di imprenditore illuminato. Nessuna beatificazione, perch\u00e9 gli faremmo un torto. Soltanto un grazie grande quanto la sua creatura &#8211; la Luxottica &#8211; che parla agordino al mondo e che, ci piace dirlo, ha il pregio di essere partita dal basso, costruita pian piano, sviluppata sino ai vertici dell\u2019imprenditoria come un esempio di impegno, caparbiet\u00e0 e intelligenza manageriale. In queste circostanze si dice sempre che si \u00e8 subita una grave perdita, \u00e8 vero. Per\u00f2 sta a tutti noi cercare di colmarla facendo memoria di ci\u00f2 che \u00e8 stato per onorarne l\u2019autore e, assieme a lui, quelle decine di migliaia di lavoratori e lavoratrici co-artefici della fortuna di Luxottica&#8221;.\u00a0\u00a0<\/em><\/p>\n<p>&nbsp;<\/p>\n<p><strong>OSCAR DE PELLEGRIN, SINDACO DI BELLUNO<\/strong><\/p>\n<div class=\"page\" title=\"Page 1\">\n<div class=\"layoutArea\">\n<div class=\"column\">\n<p>\u201c<em>Con Leonardo Del Vecchio se ne va un autentico punto di riferimento per la provincia di Belluno. Una stella polare. Un faro che, in virtu\u0300 della sua intraprendenza, del suo coraggio e delle sue capacita\u0300 imprenditoriali, ha illuminato il territorio. E continuera\u0300 a farlo, grazie a cio\u0300 che e\u0300 riuscito a costruire. Del Vecchio ha saputo trasformare un\u2019utopia in un progetto e una piccola bottega in un modello conosciuto e apprezzato in ogni angolo del mondo. Senza mai perdere di vista la persona. Perche\u0301 nei suoi dipendenti, che chiamava collaboratori, vedeva soprattutto delle persone, degli esseri umani con le loro priorita\u0300, fragilita\u0300. E le loro esigenze, che il fondatore di Luxottica ha sempre cercato di soddisfare e di accompagnare attraverso scelte lungimiranti. Da oggi, a essere piu\u0300 povero, non e\u0300 solo il territorio bellunese, ma un intero Paese che ha guardato con ammirazione a un gigante in grado di far coincidere l\u2019alta produttivita\u0300 sul mercato con il rispetto per il lavoro e i lavoratori. E\u0300 questa l\u2019eredita\u0300 piu\u0300 importante che ci lascia. Un\u2019eredita\u0300 di cui fare tesoro<\/em>\u201d.<\/p>\n<p>&nbsp;<\/p>\n<\/div>\n<\/div>\n<\/div>\n<p><strong>CENTRO CONSORZI\u00a0<\/strong><\/p>\n<p><em><span id=\"page3R_mcid0\" class=\"markedContent\"><span dir=\"ltr\" role=\"presentation\">&#8220;Una grave perdita per tutta l\u2019imprenditoria bellunese<\/span> <span dir=\"ltr\" role=\"presentation\">\u2013<\/span> <span dir=\"ltr\" role=\"presentation\">esprime la presidente di<\/span> <span dir=\"ltr\" role=\"presentation\">Rete <\/span><span dir=\"ltr\" role=\"presentation\">Imprese,<\/span> <span dir=\"ltr\" role=\"presentation\">Casartigiani Belluno<\/span><span dir=\"ltr\" role=\"presentation\">,<\/span> <span dir=\"ltr\" role=\"presentation\">Michela Barattin<\/span> <span dir=\"ltr\" role=\"presentation\">\u2013<\/span> <span dir=\"ltr\" role=\"presentation\">ma anche una perdita umana&#8221;.\u00a0 I<\/span><\/span><span id=\"page3R_mcid2\" class=\"markedContent\"><span dir=\"ltr\" role=\"presentation\">l Presidente di Centro Consorzi Antonio Manzotti &#8220;<\/span><span dir=\"ltr\" role=\"presentation\">Leonardo, <\/span><span dir=\"ltr\" role=\"presentation\">magari senza conoscerlo, rappresentava, come spinta visionaria verso il futuro e, se <\/span><span dir=\"ltr\" role=\"presentation\">vogliamo, anche come garanzia di questo territorio&#8221;.<\/span><\/span><span id=\"page3R_mcid3\" class=\"markedContent\"><\/span><span id=\"page3R_mcid4\" class=\"markedContent\"><br role=\"presentation\" \/><span dir=\"ltr\" role=\"presentation\">Il direttore, Michele Talo &#8220;Questa provincia \u00e8<\/span> <span dir=\"ltr\" role=\"presentation\">pi\u00f9 povera perch\u00e9 viene <\/span><span dir=\"ltr\" role=\"presentation\">a mancare forse la figura pi\u00f9 rappresentativa, quella che sapeva coniugare lo spirito <\/span><span dir=\"ltr\" role=\"presentation\">dell\u2019uomo che crea e sa superare le difficolt\u00e0, mettendo in campo le sue conoscenze e la<\/span><br role=\"presentation\" \/><span dir=\"ltr\" role=\"presentation\">sua resilienza&#8221;<\/span><\/span><\/em><\/p>\n<p>&nbsp;<\/p>\n<p>&nbsp;<\/p>\n<p>&nbsp;<\/p>\n<p>&nbsp;<\/p>\n<p>&nbsp;<\/p>\n<hr \/>\n<p align=\"JUSTIFY\">\n","protected":false},"excerpt":{"rendered":"<p>&nbsp; DAL GIORNALE RADIO DELLE 10.30 IL SINDACO DI AGORDO ROBERTO CHISSALE&#8217; &nbsp; IL MINISTRO FEDERICO D&#8217;INCA&#8217; &nbsp; DALLA RSU DELLA CERAMICA DOLOMITE &#8220;GRAZIE LEONARDO DEL VECCHIO&#8221; \u201cLa nostra speranza era di poter conoscere il Cavalier Leonardo Del Vecchio insieme agli altri imprenditori che hanno formato la cordata per il salvataggio della nostra azienda, Ceramica&hellip;<\/p>\n","protected":false},"author":4,"featured_media":100030,"comment_status":"closed","ping_status":"closed","sticky":false,"template":"","format":"standard","meta":{"_monsterinsights_skip_tracking":false,"_monsterinsights_sitenote_active":false,"_monsterinsights_sitenote_note":"","_monsterinsights_sitenote_category":0,"footnotes":""},"categories":[49],"tags":[],"class_list":["post-283703","post","type-post","status-publish","format-standard","has-post-thumbnail","hentry","category-news-18","category-49","description-off"],"img_url":"https:\/\/www.radiopiu.net\/wordpress\/wp-content\/uploads\/2019\/09\/Essilor-Luxottica-483-306-px.jpg","_links":{"self":[{"href":"https:\/\/www.radiopiu.net\/wordpress\/wp-json\/wp\/v2\/posts\/283703","targetHints":{"allow":["GET"]}}],"collection":[{"href":"https:\/\/www.radiopiu.net\/wordpress\/wp-json\/wp\/v2\/posts"}],"about":[{"href":"https:\/\/www.radiopiu.net\/wordpress\/wp-json\/wp\/v2\/types\/post"}],"author":[{"embeddable":true,"href":"https:\/\/www.radiopiu.net\/wordpress\/wp-json\/wp\/v2\/users\/4"}],"replies":[{"embeddable":true,"href":"https:\/\/www.radiopiu.net\/wordpress\/wp-json\/wp\/v2\/comments?post=283703"}],"version-history":[{"count":0,"href":"https:\/\/www.radiopiu.net\/wordpress\/wp-json\/wp\/v2\/posts\/283703\/revisions"}],"wp:featuredmedia":[{"embeddable":true,"href":"https:\/\/www.radiopiu.net\/wordpress\/wp-json\/wp\/v2\/media\/100030"}],"wp:attachment":[{"href":"https:\/\/www.radiopiu.net\/wordpress\/wp-json\/wp\/v2\/media?parent=283703"}],"wp:term":[{"taxonomy":"category","embeddable":true,"href":"https:\/\/www.radiopiu.net\/wordpress\/wp-json\/wp\/v2\/categories?post=283703"},{"taxonomy":"post_tag","embeddable":true,"href":"https:\/\/www.radiopiu.net\/wordpress\/wp-json\/wp\/v2\/tags?post=283703"}],"curies":[{"name":"wp","href":"https:\/\/api.w.org\/{rel}","templated":true}]}}