{"id":283710,"date":"2022-06-27T09:57:56","date_gmt":"2022-06-27T07:57:56","guid":{"rendered":"https:\/\/www.radiopiu.net\/wordpress\/?p=283710"},"modified":"2022-06-27T11:11:42","modified_gmt":"2022-06-27T09:11:42","slug":"lannuncio-di-essilor-luxottica-la-prima-nota-ufficiale","status":"publish","type":"post","link":"https:\/\/www.radiopiu.net\/wordpress\/lannuncio-di-essilor-luxottica-la-prima-nota-ufficiale\/","title":{"rendered":"L&#8217;ANNUNCIO DI ESSILOR LUXOTTICA, LA PRIMA NOTA UFFICIALE"},"content":{"rendered":"<blockquote>\n<h3>Charenton-le-Pont, Francia (27 giugno 2022) \u2013 EssilorLuxottica annuncia con profondo dolore la scomparsa del Presidente Leonardo Del Vecchio. La Societ\u00e0 esprime le pi\u00f9 sentite condoglianze alla Famiglia e a tutta la comunit\u00e0 di dipendenti nel mondo per questa enorme perdita. Il Consiglio si riunir\u00e0 per determinare i prossimi passi<\/h3>\n<\/blockquote>\n<p><img decoding=\"async\" src=\"https:\/\/www.radiopiu.net\/wordpress\/wp-content\/uploads\/2022\/02\/EL_Logotype_black.png\" \/><\/p>\n","protected":false},"excerpt":{"rendered":"<p>Charenton-le-Pont, Francia (27 giugno 2022) \u2013 EssilorLuxottica annuncia con profondo dolore la scomparsa del Presidente Leonardo Del Vecchio. La Societ\u00e0 esprime le pi\u00f9 sentite condoglianze alla Famiglia e a tutta la comunit\u00e0 di dipendenti nel mondo per questa enorme perdita. Il Consiglio si riunir\u00e0 per determinare i prossimi passi<\/p>\n","protected":false},"author":4,"featured_media":193540,"comment_status":"closed","ping_status":"closed","sticky":false,"template":"","format":"standard","meta":{"_monsterinsights_skip_tracking":false,"_monsterinsights_sitenote_active":false,"_monsterinsights_sitenote_note":"","_monsterinsights_sitenote_category":0,"footnotes":""},"categories":[51,49],"tags":[],"class_list":["post-283710","post","type-post","status-publish","format-standard","has-post-thumbnail","hentry","category-evidenza-top","category-news-18","category-51","category-49","description-off"],"img_url":"https:\/\/www.radiopiu.net\/wordpress\/wp-content\/uploads\/2021\/02\/ESSILORLUXOTTICA.png","_links":{"self":[{"href":"https:\/\/www.radiopiu.net\/wordpress\/wp-json\/wp\/v2\/posts\/283710","targetHints":{"allow":["GET"]}}],"collection":[{"href":"https:\/\/www.radiopiu.net\/wordpress\/wp-json\/wp\/v2\/posts"}],"about":[{"href":"https:\/\/www.radiopiu.net\/wordpress\/wp-json\/wp\/v2\/types\/post"}],"author":[{"embeddable":true,"href":"https:\/\/www.radiopiu.net\/wordpress\/wp-json\/wp\/v2\/users\/4"}],"replies":[{"embeddable":true,"href":"https:\/\/www.radiopiu.net\/wordpress\/wp-json\/wp\/v2\/comments?post=283710"}],"version-history":[{"count":0,"href":"https:\/\/www.radiopiu.net\/wordpress\/wp-json\/wp\/v2\/posts\/283710\/revisions"}],"wp:featuredmedia":[{"embeddable":true,"href":"https:\/\/www.radiopiu.net\/wordpress\/wp-json\/wp\/v2\/media\/193540"}],"wp:attachment":[{"href":"https:\/\/www.radiopiu.net\/wordpress\/wp-json\/wp\/v2\/media?parent=283710"}],"wp:term":[{"taxonomy":"category","embeddable":true,"href":"https:\/\/www.radiopiu.net\/wordpress\/wp-json\/wp\/v2\/categories?post=283710"},{"taxonomy":"post_tag","embeddable":true,"href":"https:\/\/www.radiopiu.net\/wordpress\/wp-json\/wp\/v2\/tags?post=283710"}],"curies":[{"name":"wp","href":"https:\/\/api.w.org\/{rel}","templated":true}]}}