{"id":283723,"date":"2022-06-27T23:59:05","date_gmt":"2022-06-27T21:59:05","guid":{"rendered":"https:\/\/www.radiopiu.net\/wordpress\/?p=283723"},"modified":"2022-06-28T05:47:01","modified_gmt":"2022-06-28T03:47:01","slug":"la-sagra-de-san-piero-ad-agordo-domani-sul-broi","status":"publish","type":"post","link":"https:\/\/www.radiopiu.net\/wordpress\/la-sagra-de-san-piero-ad-agordo-domani-sul-broi\/","title":{"rendered":"LA SAGRA DE SAN PIERO AD AGORDO, DOMANI SUL BROI"},"content":{"rendered":"<blockquote>\n<h3><\/h3>\n<\/blockquote>\n<p><strong>AGORDO <\/strong>Ad Agordo il 29 giugno e l&#8217;1 e 2 luglio sotto il tendone sul Broi di Agordo San Piero, la sagra. Domani grande mercato, cucina aperta a mezzogiorno con il classico men\u00f9 di san Piero.\u00a0 \u00a0 Dalle 10:30 alle 14 e dalle 17 alle 21 il comitato gemellaggio organizza una vendita di crepes. Inoltre, punto vendita del libro \u201cDai ciragici all&#8217; ospedale\u201d, nel centenario dell&#8217;ospedale.\u00a0 <a class=\"dt-pswp-item\" href=\"https:\/\/www.radiopiu.net\/wordpress\/wp-content\/uploads\/2022\/06\/209897324_3964881060289548_9076927299633250027_n.jpg\" data-dt-img-description=\"\" data-large_image_width=\"960\" data-large_image_height=\"720\"><img loading=\"lazy\" decoding=\"async\" class=\"size-thumbnail wp-image-283719 alignleft\" src=\"https:\/\/www.radiopiu.net\/wordpress\/wp-content\/uploads\/2022\/06\/209897324_3964881060289548_9076927299633250027_n-150x150.jpg\" alt=\"\" width=\"150\" height=\"150\" \/><\/a>Alle 14.30 letture e attivit\u00e0 per bambini in collaborazione con la Libreria Quattrocchi. Venerd\u00ec cucina aperta alla sera con moscardini in umido e la zuppa di orzo a cura del Ristorante Da Carla. Serata in musica con All Star. Sabato 2 luglio cucina aperta alla sera con lo spiedo di Livione. serata in musica con Rock In Movie, chiusura serata con DJ Morgan. Durante tutti i servizi ci sara&#8217; un punto vendita di vino in collaborazione con oh my got. Un invito di AD Agordo Pro Loco, in collaborazione con il Comune.<\/p>\n<p>&nbsp;<\/p>\n<blockquote>\n<h3>SAN PIERO PENSANDO A LEONARDO DEL VECCHIO, MERCOLEDI LA RICORRENZA PATRONALE<\/h3>\n<\/blockquote>\n<p><span style=\"color: #ff0000;\"><strong>ANNULLATA LA SERATA DA BALLO<\/strong><\/span><\/p>\n<p><strong>AGORDO<\/strong>Ad Agordo Proloco, in accordo con \u00a0l&#8217;amministrazione comunale ha deciso di annullare la serata della sagra di mercoled\u00ec. E&#8217; stata annullata la mostra Bonsai &#8221; Miniature Agordine &#8221; programmata per la festivit\u00e0 di San Piero. Sar\u00e0 riprogrammata in seguito.<\/p>\n<p>&nbsp;<\/p>\n<blockquote>\n<h3>LO SPECIALE ALLA RADIO, DALLA &#8220;FABBRICA DELLE EMOZIONI &#8211; DERSUT GIORNALE E CAFFE&#8217; DI TAIBON&#8221;<\/h3>\n<\/blockquote>\n<p><span style=\"color: #ff0000;\"><strong>INTERVISTA DI CLAUDIO FONTANIVE, OSPITE DANIELE GALLIGANI (FOTO) PRESIDENTE AD AGORDO PROLOCO<\/strong><\/span><\/p>\n<audio class=\"wp-audio-shortcode\" id=\"audio-283723-1\" preload=\"none\" style=\"width: 100%;\" controls=\"controls\"><source type=\"audio\/mpeg\" src=\"https:\/\/www.radiopiu.net\/wordpress\/wp-content\/uploads\/2022\/06\/daniele-galligani-san-piero-27-giugno.mp3?_=1\" \/><a href=\"https:\/\/www.radiopiu.net\/wordpress\/wp-content\/uploads\/2022\/06\/daniele-galligani-san-piero-27-giugno.mp3\">https:\/\/www.radiopiu.net\/wordpress\/wp-content\/uploads\/2022\/06\/daniele-galligani-san-piero-27-giugno.mp3<\/a><\/audio>\n<p>&nbsp;<\/p>\n<p>&nbsp;<\/p>\n<hr \/>\n<p>&nbsp;<\/p>\n","protected":false},"excerpt":{"rendered":"<p>AGORDO Ad Agordo il 29 giugno e l&#8217;1 e 2 luglio sotto il tendone sul Broi di Agordo San Piero, la sagra. Domani grande mercato, cucina aperta a mezzogiorno con il classico men\u00f9 di san Piero.\u00a0 \u00a0 Dalle 10:30 alle 14 e dalle 17 alle 21 il comitato gemellaggio organizza una vendita di crepes. Inoltre,&hellip;<\/p>\n","protected":false},"author":4,"featured_media":283720,"comment_status":"closed","ping_status":"closed","sticky":false,"template":"","format":"standard","meta":{"_monsterinsights_skip_tracking":false,"_monsterinsights_sitenote_active":false,"_monsterinsights_sitenote_note":"","_monsterinsights_sitenote_category":0,"footnotes":""},"categories":[104,49],"tags":[],"class_list":["post-283723","post","type-post","status-publish","format-standard","has-post-thumbnail","hentry","category-evidenza_3","category-news-18","category-104","category-49","description-off"],"img_url":"https:\/\/www.radiopiu.net\/wordpress\/wp-content\/uploads\/2022\/06\/AAAAAA-2.jpg","_links":{"self":[{"href":"https:\/\/www.radiopiu.net\/wordpress\/wp-json\/wp\/v2\/posts\/283723","targetHints":{"allow":["GET"]}}],"collection":[{"href":"https:\/\/www.radiopiu.net\/wordpress\/wp-json\/wp\/v2\/posts"}],"about":[{"href":"https:\/\/www.radiopiu.net\/wordpress\/wp-json\/wp\/v2\/types\/post"}],"author":[{"embeddable":true,"href":"https:\/\/www.radiopiu.net\/wordpress\/wp-json\/wp\/v2\/users\/4"}],"replies":[{"embeddable":true,"href":"https:\/\/www.radiopiu.net\/wordpress\/wp-json\/wp\/v2\/comments?post=283723"}],"version-history":[{"count":0,"href":"https:\/\/www.radiopiu.net\/wordpress\/wp-json\/wp\/v2\/posts\/283723\/revisions"}],"wp:featuredmedia":[{"embeddable":true,"href":"https:\/\/www.radiopiu.net\/wordpress\/wp-json\/wp\/v2\/media\/283720"}],"wp:attachment":[{"href":"https:\/\/www.radiopiu.net\/wordpress\/wp-json\/wp\/v2\/media?parent=283723"}],"wp:term":[{"taxonomy":"category","embeddable":true,"href":"https:\/\/www.radiopiu.net\/wordpress\/wp-json\/wp\/v2\/categories?post=283723"},{"taxonomy":"post_tag","embeddable":true,"href":"https:\/\/www.radiopiu.net\/wordpress\/wp-json\/wp\/v2\/tags?post=283723"}],"curies":[{"name":"wp","href":"https:\/\/api.w.org\/{rel}","templated":true}]}}