{"id":283830,"date":"2022-06-27T20:00:42","date_gmt":"2022-06-27T18:00:42","guid":{"rendered":"https:\/\/www.radiopiu.net\/wordpress\/?p=283830"},"modified":"2022-06-27T20:00:42","modified_gmt":"2022-06-27T18:00:42","slug":"il-giuramento-del-sindaco-mauro-salvaterra-la-diretta","status":"publish","type":"post","link":"https:\/\/www.radiopiu.net\/wordpress\/il-giuramento-del-sindaco-mauro-salvaterra-la-diretta\/","title":{"rendered":"IL GIURAMENTO DEL SINDACO MAURO SALVATERRA &#8211; LA DIRETTA"},"content":{"rendered":"<p><a class=\"dt-pswp-item\" href=\"https:\/\/www.radiopiu.net\/wordpress\/wp-content\/uploads\/2022\/05\/MAURO-SALVATERRA.jpg\" data-dt-img-description=\"MAURO SALVATERRA\" data-large_image_width=\"1066\" data-large_image_height=\"1600\"><img loading=\"lazy\" decoding=\"async\" class=\"wp-image-275747 size-thumbnail alignleft\" src=\"https:\/\/www.radiopiu.net\/wordpress\/wp-content\/uploads\/2022\/05\/MAURO-SALVATERRA-150x150.jpg\" alt=\"\" width=\"150\" height=\"150\" \/><\/a><strong>FALCADE<\/strong> Mauro Salvaterra \u00e8 pronto per indossare la fascia tricolore e pronunciare il giuramento del primo cittadino. Accadr\u00e0 nel corso del consiglio comunale per la convalida degli eletti. Il sindaco render\u00e0 noti i nomi degli assessore, Alvise Luchetta (il pi\u00f9 votato) e Flavio Murer. Non mancher\u00e0 la lista degli incarichi ai consiglieri comunali. Individuati i capigruppo consiliari il consiglio sar\u00e0 chiamato alla nomina della commissione elettorale, dei rappresentanti per l\u2019Unione Montana, per la Proloco di Caviola e per il consiglio d\u2019amministrazione dello Ski College e della Impianti Falcade-Col Margherita<\/p>\n<p><strong>PER LA DIRETTA <a href=\"https:\/\/www.facebook.com\/marco.baghy.1\/videos\/2560442444087018\">CLICCA QUI<\/a><\/strong><\/p>\n<p>&nbsp;<\/p>\n<p>&nbsp;<\/p>\n<p>****<\/p>\n","protected":false},"excerpt":{"rendered":"<p>FALCADE Mauro Salvaterra \u00e8 pronto per indossare la fascia tricolore e pronunciare il giuramento del primo cittadino. Accadr\u00e0 nel corso del consiglio comunale per la convalida degli eletti. Il sindaco render\u00e0 noti i nomi degli assessore, Alvise Luchetta (il pi\u00f9 votato) e Flavio Murer. Non mancher\u00e0 la lista degli incarichi ai consiglieri comunali. Individuati i&hellip;<\/p>\n","protected":false},"author":4,"featured_media":275747,"comment_status":"closed","ping_status":"closed","sticky":false,"template":"","format":"standard","meta":{"_monsterinsights_skip_tracking":false,"_monsterinsights_sitenote_active":false,"_monsterinsights_sitenote_note":"","_monsterinsights_sitenote_category":0,"footnotes":""},"categories":[104,49],"tags":[],"class_list":["post-283830","post","type-post","status-publish","format-standard","has-post-thumbnail","hentry","category-evidenza_3","category-news-18","category-104","category-49","description-off"],"img_url":"https:\/\/www.radiopiu.net\/wordpress\/wp-content\/uploads\/2022\/05\/MAURO-SALVATERRA.jpg","_links":{"self":[{"href":"https:\/\/www.radiopiu.net\/wordpress\/wp-json\/wp\/v2\/posts\/283830","targetHints":{"allow":["GET"]}}],"collection":[{"href":"https:\/\/www.radiopiu.net\/wordpress\/wp-json\/wp\/v2\/posts"}],"about":[{"href":"https:\/\/www.radiopiu.net\/wordpress\/wp-json\/wp\/v2\/types\/post"}],"author":[{"embeddable":true,"href":"https:\/\/www.radiopiu.net\/wordpress\/wp-json\/wp\/v2\/users\/4"}],"replies":[{"embeddable":true,"href":"https:\/\/www.radiopiu.net\/wordpress\/wp-json\/wp\/v2\/comments?post=283830"}],"version-history":[{"count":0,"href":"https:\/\/www.radiopiu.net\/wordpress\/wp-json\/wp\/v2\/posts\/283830\/revisions"}],"wp:featuredmedia":[{"embeddable":true,"href":"https:\/\/www.radiopiu.net\/wordpress\/wp-json\/wp\/v2\/media\/275747"}],"wp:attachment":[{"href":"https:\/\/www.radiopiu.net\/wordpress\/wp-json\/wp\/v2\/media?parent=283830"}],"wp:term":[{"taxonomy":"category","embeddable":true,"href":"https:\/\/www.radiopiu.net\/wordpress\/wp-json\/wp\/v2\/categories?post=283830"},{"taxonomy":"post_tag","embeddable":true,"href":"https:\/\/www.radiopiu.net\/wordpress\/wp-json\/wp\/v2\/tags?post=283830"}],"curies":[{"name":"wp","href":"https:\/\/api.w.org\/{rel}","templated":true}]}}