{"id":283832,"date":"2022-06-28T05:39:13","date_gmt":"2022-06-28T03:39:13","guid":{"rendered":"https:\/\/www.radiopiu.net\/wordpress\/?p=283832"},"modified":"2022-06-28T05:50:36","modified_gmt":"2022-06-28T03:50:36","slug":"il-saluto-di-simonetta-al-paron","status":"publish","type":"post","link":"https:\/\/www.radiopiu.net\/wordpress\/il-saluto-di-simonetta-al-paron\/","title":{"rendered":"IL SALUTO DI SIMONETTA AL &#8220;PARON&#8221;"},"content":{"rendered":"<p><strong><a class=\"dt-pswp-item\" href=\"https:\/\/www.radiopiu.net\/wordpress\/wp-content\/uploads\/2022\/06\/Leonardo-Del-Vecchio.jpg\" data-dt-img-description=\"\" data-large_image_width=\"308\" data-large_image_height=\"164\"><img loading=\"lazy\" decoding=\"async\" class=\"size-thumbnail wp-image-283834 alignleft\" src=\"https:\/\/www.radiopiu.net\/wordpress\/wp-content\/uploads\/2022\/06\/Leonardo-Del-Vecchio-150x150.jpg\" alt=\"\" width=\"150\" height=\"150\" \/><\/a>REDAZIONE<\/strong> Riceviamo e volentieri pubblichiamo una lettera saluta arrivata in redazione da una dipendente Luxottica che vuole salutare il Cavalier Leonardo Del Vecchio.<\/p>\n<blockquote><p><em>Sono una dipendente Luxottica\u00a0 e scrivo questa lettera di cuore e di pancia&#8230;\u00e8 venuto a mancare il\u00a0 Cavalier Del Vecchio e tutti i giornali ne parlano.Un grande uomo ,un grande imprenditore il nostro Paron. La tristezza in fabbrica \u00e8 tanta ,\u00e8 un grande dispiacere soprattutto per quelli che lo hanno conosciuto di persona. E della sua persona voglio parlare.In dialetto veneto &#8220;paron&#8221;\u00a0 \u00e8 una figura a cui si attribuiscono doveri e poteri ,\u00e8 il Capo .Sue sono le responsabilit\u00e0 pi\u00f9 grandi&#8230;Ha il potere di dirigere, controllare, disciplinare e far crescere la sua Azienda Ma ha anche il dovere di proteggere la sua famiglia allargata, i suoi\u00a0 dipendenti. Del Vecchio era tutto questo per noi&#8230;era quello che tutti aspettavamo quando c&#8217;era un problema ,certi che avrebbe saputo risolvere a favore della sua azienda e nel rispetto dei suoi dipendenti. E&#8217; con rispetto e riconoscenza\u00a0 dico GRAZIE a quel grande uomo che \u00e8 stato Leonardo Del Vecchio.<\/em><\/p>\n<p><em>Simonetta<\/em><\/p><\/blockquote>\n<p>&nbsp;<\/p>\n<p>A Lei Cavalier Del Vecchio, a Lei \u201cmio cavaliere\u201d, a Lei grande Uomo, GRAZIE. Grazie per avermi insegnato l\u2019impegno, la passione e la tenacia .<br \/>\nGrazie per aver creato questa \u201cmagia\u201d che mi ha fatto vivere anni di serenit\u00e0 e di crescita, questa \u201cavventura\u201d che spero non finisca mai.<br \/>\nLa ricorder\u00f2 sempre nella Sua immensa eleganza.Buon viaggio Cavalier Del Vecchio e ancora infinite Grazie.<\/p>\n<p>Maruska<\/p>\n<p>&nbsp;<\/p>\n<p>*****<\/p>\n","protected":false},"excerpt":{"rendered":"<p>REDAZIONE Riceviamo e volentieri pubblichiamo una lettera saluta arrivata in redazione da una dipendente Luxottica che vuole salutare il Cavalier Leonardo Del Vecchio. Sono una dipendente Luxottica\u00a0 e scrivo questa lettera di cuore e di pancia&#8230;\u00e8 venuto a mancare il\u00a0 Cavalier Del Vecchio e tutti i giornali ne parlano.Un grande uomo ,un grande imprenditore il&hellip;<\/p>\n","protected":false},"author":4,"featured_media":283834,"comment_status":"closed","ping_status":"closed","sticky":false,"template":"","format":"standard","meta":{"_monsterinsights_skip_tracking":false,"_monsterinsights_sitenote_active":false,"_monsterinsights_sitenote_note":"","_monsterinsights_sitenote_category":0,"footnotes":""},"categories":[51,49],"tags":[],"class_list":["post-283832","post","type-post","status-publish","format-standard","has-post-thumbnail","hentry","category-evidenza-top","category-news-18","category-51","category-49","description-off"],"img_url":"https:\/\/www.radiopiu.net\/wordpress\/wp-content\/uploads\/2022\/06\/Leonardo-Del-Vecchio.jpg","_links":{"self":[{"href":"https:\/\/www.radiopiu.net\/wordpress\/wp-json\/wp\/v2\/posts\/283832","targetHints":{"allow":["GET"]}}],"collection":[{"href":"https:\/\/www.radiopiu.net\/wordpress\/wp-json\/wp\/v2\/posts"}],"about":[{"href":"https:\/\/www.radiopiu.net\/wordpress\/wp-json\/wp\/v2\/types\/post"}],"author":[{"embeddable":true,"href":"https:\/\/www.radiopiu.net\/wordpress\/wp-json\/wp\/v2\/users\/4"}],"replies":[{"embeddable":true,"href":"https:\/\/www.radiopiu.net\/wordpress\/wp-json\/wp\/v2\/comments?post=283832"}],"version-history":[{"count":0,"href":"https:\/\/www.radiopiu.net\/wordpress\/wp-json\/wp\/v2\/posts\/283832\/revisions"}],"wp:featuredmedia":[{"embeddable":true,"href":"https:\/\/www.radiopiu.net\/wordpress\/wp-json\/wp\/v2\/media\/283834"}],"wp:attachment":[{"href":"https:\/\/www.radiopiu.net\/wordpress\/wp-json\/wp\/v2\/media?parent=283832"}],"wp:term":[{"taxonomy":"category","embeddable":true,"href":"https:\/\/www.radiopiu.net\/wordpress\/wp-json\/wp\/v2\/categories?post=283832"},{"taxonomy":"post_tag","embeddable":true,"href":"https:\/\/www.radiopiu.net\/wordpress\/wp-json\/wp\/v2\/tags?post=283832"}],"curies":[{"name":"wp","href":"https:\/\/api.w.org\/{rel}","templated":true}]}}