{"id":283840,"date":"2022-06-29T05:38:33","date_gmt":"2022-06-29T03:38:33","guid":{"rendered":"https:\/\/www.radiopiu.net\/wordpress\/?p=283840"},"modified":"2022-06-29T06:00:16","modified_gmt":"2022-06-29T04:00:16","slug":"ad-agordo-proloco-annulla-la-festa-patronale","status":"publish","type":"post","link":"https:\/\/www.radiopiu.net\/wordpress\/ad-agordo-proloco-annulla-la-festa-patronale\/","title":{"rendered":"AD AGORDO PROLOCO ANNULLA LA FESTA PATRONALE"},"content":{"rendered":"<p>&nbsp;<\/p>\n<p><strong>AGORDO<\/strong> Giorno di San Pietro e Paolo, festa del Santo Patrono sottotono ad Agordo, senza alcuna voglia di festeggiare. In segno di gratitudine e rispetto verso il Cav. Leonardo Del Vecchio Ad Agordo Proloco avvisa che i servizi di pranzo e cena e tutte le attivit\u00e0 collaterali di mercoled\u00ec 29 giugno sono annullati. I servizi di venerd\u00ec e sabato sera sono invece confermati. E&#8217; stata posticipata la mostra Bonsai &#8221; Miniature Agordine &#8221; programmata per la festivit\u00e0 di San Piero. Sar\u00e0 riprogrammata in seguito.<\/p>\n<hr \/>\n<p>&nbsp;<\/p>\n","protected":false},"excerpt":{"rendered":"<p>&nbsp; AGORDO Giorno di San Pietro e Paolo, festa del Santo Patrono sottotono ad Agordo, senza alcuna voglia di festeggiare. In segno di gratitudine e rispetto verso il Cav. Leonardo Del Vecchio Ad Agordo Proloco avvisa che i servizi di pranzo e cena e tutte le attivit\u00e0 collaterali di mercoled\u00ec 29 giugno sono annullati. I&hellip;<\/p>\n","protected":false},"author":4,"featured_media":146569,"comment_status":"closed","ping_status":"closed","sticky":false,"template":"","format":"standard","meta":{"_monsterinsights_skip_tracking":false,"_monsterinsights_sitenote_active":false,"_monsterinsights_sitenote_note":"","_monsterinsights_sitenote_category":0,"footnotes":""},"categories":[51,49],"tags":[],"class_list":["post-283840","post","type-post","status-publish","format-standard","has-post-thumbnail","hentry","category-evidenza-top","category-news-18","category-51","category-49","description-off"],"img_url":"https:\/\/www.radiopiu.net\/wordpress\/wp-content\/uploads\/2020\/06\/0c7cfd94-75fc-4213-b29a-09fb02e9f978.jpg","_links":{"self":[{"href":"https:\/\/www.radiopiu.net\/wordpress\/wp-json\/wp\/v2\/posts\/283840","targetHints":{"allow":["GET"]}}],"collection":[{"href":"https:\/\/www.radiopiu.net\/wordpress\/wp-json\/wp\/v2\/posts"}],"about":[{"href":"https:\/\/www.radiopiu.net\/wordpress\/wp-json\/wp\/v2\/types\/post"}],"author":[{"embeddable":true,"href":"https:\/\/www.radiopiu.net\/wordpress\/wp-json\/wp\/v2\/users\/4"}],"replies":[{"embeddable":true,"href":"https:\/\/www.radiopiu.net\/wordpress\/wp-json\/wp\/v2\/comments?post=283840"}],"version-history":[{"count":0,"href":"https:\/\/www.radiopiu.net\/wordpress\/wp-json\/wp\/v2\/posts\/283840\/revisions"}],"wp:featuredmedia":[{"embeddable":true,"href":"https:\/\/www.radiopiu.net\/wordpress\/wp-json\/wp\/v2\/media\/146569"}],"wp:attachment":[{"href":"https:\/\/www.radiopiu.net\/wordpress\/wp-json\/wp\/v2\/media?parent=283840"}],"wp:term":[{"taxonomy":"category","embeddable":true,"href":"https:\/\/www.radiopiu.net\/wordpress\/wp-json\/wp\/v2\/categories?post=283840"},{"taxonomy":"post_tag","embeddable":true,"href":"https:\/\/www.radiopiu.net\/wordpress\/wp-json\/wp\/v2\/tags?post=283840"}],"curies":[{"name":"wp","href":"https:\/\/api.w.org\/{rel}","templated":true}]}}