{"id":283918,"date":"2022-06-28T06:54:53","date_gmt":"2022-06-28T04:54:53","guid":{"rendered":"https:\/\/www.radiopiu.net\/wordpress\/?p=283918"},"modified":"2022-06-28T06:54:53","modified_gmt":"2022-06-28T04:54:53","slug":"ciao-leonardo-il-saluto-dei-sindacati","status":"publish","type":"post","link":"https:\/\/www.radiopiu.net\/wordpress\/ciao-leonardo-il-saluto-dei-sindacati\/","title":{"rendered":"CIAO LEONARDO, IL SALUTO DEI SINDACATI"},"content":{"rendered":"<p><strong>AGORDO<\/strong>\u00a0 <span style=\"color: #ff0000;\">La Filctem Cgil di Belluno<\/span>, le Rsu di tutti gli stabilimenti si uniscono al cordoglio dell&#8217;intera comunit\u00e0 bellunese per la scomparsa di Leonardo Del Vecchio, imprenditore visionario che si \u00e8 affermato come uno degli uomini pi\u00f9 importanti e prestigiosi del panorama industriale del Paese. La normale dialettica tra impresa e sindacato non ci fa schermo nell&#8217;esprimere un profondo rispetto per la sua scomparsa. Siamo sicuri che l&#8217;azienda sapr\u00e0 continuare nell&#8217;opera innovativa e lungimirante di Leonardo Del Vecchio per assicurare un ulteriore sviluppo e rafforzare il proficuo rapporto con i lavoratori.<\/p>\n<p>La rappresentanza sindacale <span style=\"color: #ff0000;\"><strong>Uiltec Luxottica<\/strong><\/span> assieme ai candidati per le elezioni RSU degli stabilimenti di Agordo, Sedico, Cecenighe, esprime il proprio massimo cordoglio per la scompasrsa del Cavalier Leonardo Del Vecchio. A tal proposito le assemblee di presentazione dei candidati per le RSU Uiltec per Sedico Produzione, previste per le date di giovedi 30 giugno e venerdi 1 luglio saranno posticipate a data da destinarsi in segno di profondo rispetto. La Uiltec in collaborazione con le altre sigle sindacali, aziendali, territoriali, concorder\u00e0 la miglior modalit\u00e0 per onorare con massimo riguardo questa gravissima perdita.<\/p>\n<p>&nbsp;<\/p>\n<p>____<\/p>\n","protected":false},"excerpt":{"rendered":"<p>AGORDO\u00a0 La Filctem Cgil di Belluno, le Rsu di tutti gli stabilimenti si uniscono al cordoglio dell&#8217;intera comunit\u00e0 bellunese per la scomparsa di Leonardo Del Vecchio, imprenditore visionario che si \u00e8 affermato come uno degli uomini pi\u00f9 importanti e prestigiosi del panorama industriale del Paese. La normale dialettica tra impresa e sindacato non ci fa&hellip;<\/p>\n","protected":false},"author":4,"featured_media":281229,"comment_status":"closed","ping_status":"closed","sticky":false,"template":"","format":"standard","meta":{"_monsterinsights_skip_tracking":false,"_monsterinsights_sitenote_active":false,"_monsterinsights_sitenote_note":"","_monsterinsights_sitenote_category":0,"footnotes":""},"categories":[49],"tags":[],"class_list":["post-283918","post","type-post","status-publish","format-standard","has-post-thumbnail","hentry","category-news-18","category-49","description-off"],"img_url":"https:\/\/www.radiopiu.net\/wordpress\/wp-content\/uploads\/2022\/06\/Luxottica-firmato-il-contratto-aziendale-per-lo-stabilimento-di-Pederobba_articleimage.jpg","_links":{"self":[{"href":"https:\/\/www.radiopiu.net\/wordpress\/wp-json\/wp\/v2\/posts\/283918","targetHints":{"allow":["GET"]}}],"collection":[{"href":"https:\/\/www.radiopiu.net\/wordpress\/wp-json\/wp\/v2\/posts"}],"about":[{"href":"https:\/\/www.radiopiu.net\/wordpress\/wp-json\/wp\/v2\/types\/post"}],"author":[{"embeddable":true,"href":"https:\/\/www.radiopiu.net\/wordpress\/wp-json\/wp\/v2\/users\/4"}],"replies":[{"embeddable":true,"href":"https:\/\/www.radiopiu.net\/wordpress\/wp-json\/wp\/v2\/comments?post=283918"}],"version-history":[{"count":0,"href":"https:\/\/www.radiopiu.net\/wordpress\/wp-json\/wp\/v2\/posts\/283918\/revisions"}],"wp:featuredmedia":[{"embeddable":true,"href":"https:\/\/www.radiopiu.net\/wordpress\/wp-json\/wp\/v2\/media\/281229"}],"wp:attachment":[{"href":"https:\/\/www.radiopiu.net\/wordpress\/wp-json\/wp\/v2\/media?parent=283918"}],"wp:term":[{"taxonomy":"category","embeddable":true,"href":"https:\/\/www.radiopiu.net\/wordpress\/wp-json\/wp\/v2\/categories?post=283918"},{"taxonomy":"post_tag","embeddable":true,"href":"https:\/\/www.radiopiu.net\/wordpress\/wp-json\/wp\/v2\/tags?post=283918"}],"curies":[{"name":"wp","href":"https:\/\/api.w.org\/{rel}","templated":true}]}}