{"id":284100,"date":"2022-06-29T05:39:14","date_gmt":"2022-06-29T03:39:14","guid":{"rendered":"https:\/\/www.radiopiu.net\/wordpress\/?p=284100"},"modified":"2022-06-29T05:59:55","modified_gmt":"2022-06-29T03:59:55","slug":"francesco-milleri-il-nuovo-presidente-di-essilorluxottica","status":"publish","type":"post","link":"https:\/\/www.radiopiu.net\/wordpress\/francesco-milleri-il-nuovo-presidente-di-essilorluxottica\/","title":{"rendered":"FRANCESCO MILLERI IL NUOVO PRESIDENTE DI ESSILORLUXOTTICA"},"content":{"rendered":"<p><a class=\"dt-pswp-item\" href=\"https:\/\/www.radiopiu.net\/wordpress\/wp-content\/uploads\/2022\/06\/MILLERI.png\" data-dt-img-description=\"\" data-large_image_width=\"968\" data-large_image_height=\"604\"><img loading=\"lazy\" decoding=\"async\" class=\"size-thumbnail wp-image-284103 alignleft\" src=\"https:\/\/www.radiopiu.net\/wordpress\/wp-content\/uploads\/2022\/06\/MILLERI-150x150.png\" alt=\"\" width=\"150\" height=\"150\" \/><\/a>Il Consiglio di Amministrazione di EssilorLuxottica, riunitosi oggi, ha reso omaggio al Presidente Leonardo Del Vecchio, scomparso ieri mattina. Sar\u00e0 ricordato per sempre per i suoi valori, la solida leadership, la passione, il carattere eccezionale e la dedizione verso l&#8217;Azienda e i suoi dipendenti. Durante il meeting, il Consiglio di Amministrazione ha nominato Francesco Milleri nuovo Presidente per la durata residua del mandato. Francesco Milleri mantiene inoltre l\u2019attuale carica di Amministratore Delegato di EssilorLuxottica. Il Consiglio ha altres\u00ec deciso di prendere in considerazione i vantaggi di nominare un lead director tra i propri Amministratori Indipendenti. Entro la fine dell&#8217;anno verr\u00e0 presa una decisione definitiva in merito. Il Consiglio ha inoltre confermato Paul du Saillant come Vice Amministratore Delegato di EssilorLuxottica. Nella medesima riunione, il Consiglio ha anche nominato per cooptazione tra i propri membri Mario Notari. Mario Notari \u00e8 Professore Ordinario di Diritto Commerciale dell\u2019Universit\u00e0 Bocconi di Milano e membro del collegio dei docenti del Phd in Business Law della stessa Universit\u00e0. \u00c8 fondatore e socio dello studio associato \u201cZNR notai\u201d a Milano. Gi\u00e0 membro del Consiglio di Amministrazione di Luxottica Group S.p.A. dal 2015 al 2018, \u00e8 attualmente membro del Consiglio di Amministrazione di Delfin S.\u00e0 r.l. Il Prof. Notari sar\u00e0 Amministratore non Indipendente nel Consiglio di EssilorLuxottica. La sua nomina verr\u00e0 sottoposta al voto durante la prossima Assemblea Annuale degli Azionisti della Societ\u00e0.<\/p>\n<p>&nbsp;<\/p>\n<p>&nbsp;<\/p>\n<p>*****<\/p>\n","protected":false},"excerpt":{"rendered":"<p>Il Consiglio di Amministrazione di EssilorLuxottica, riunitosi oggi, ha reso omaggio al Presidente Leonardo Del Vecchio, scomparso ieri mattina. Sar\u00e0 ricordato per sempre per i suoi valori, la solida leadership, la passione, il carattere eccezionale e la dedizione verso l&#8217;Azienda e i suoi dipendenti. Durante il meeting, il Consiglio di Amministrazione ha nominato Francesco Milleri&hellip;<\/p>\n","protected":false},"author":4,"featured_media":284103,"comment_status":"closed","ping_status":"closed","sticky":false,"template":"","format":"standard","meta":{"_monsterinsights_skip_tracking":false,"_monsterinsights_sitenote_active":false,"_monsterinsights_sitenote_note":"","_monsterinsights_sitenote_category":0,"footnotes":""},"categories":[51,49],"tags":[],"class_list":["post-284100","post","type-post","status-publish","format-standard","has-post-thumbnail","hentry","category-evidenza-top","category-news-18","category-51","category-49","description-off"],"img_url":"https:\/\/www.radiopiu.net\/wordpress\/wp-content\/uploads\/2022\/06\/MILLERI.png","_links":{"self":[{"href":"https:\/\/www.radiopiu.net\/wordpress\/wp-json\/wp\/v2\/posts\/284100","targetHints":{"allow":["GET"]}}],"collection":[{"href":"https:\/\/www.radiopiu.net\/wordpress\/wp-json\/wp\/v2\/posts"}],"about":[{"href":"https:\/\/www.radiopiu.net\/wordpress\/wp-json\/wp\/v2\/types\/post"}],"author":[{"embeddable":true,"href":"https:\/\/www.radiopiu.net\/wordpress\/wp-json\/wp\/v2\/users\/4"}],"replies":[{"embeddable":true,"href":"https:\/\/www.radiopiu.net\/wordpress\/wp-json\/wp\/v2\/comments?post=284100"}],"version-history":[{"count":0,"href":"https:\/\/www.radiopiu.net\/wordpress\/wp-json\/wp\/v2\/posts\/284100\/revisions"}],"wp:featuredmedia":[{"embeddable":true,"href":"https:\/\/www.radiopiu.net\/wordpress\/wp-json\/wp\/v2\/media\/284103"}],"wp:attachment":[{"href":"https:\/\/www.radiopiu.net\/wordpress\/wp-json\/wp\/v2\/media?parent=284100"}],"wp:term":[{"taxonomy":"category","embeddable":true,"href":"https:\/\/www.radiopiu.net\/wordpress\/wp-json\/wp\/v2\/categories?post=284100"},{"taxonomy":"post_tag","embeddable":true,"href":"https:\/\/www.radiopiu.net\/wordpress\/wp-json\/wp\/v2\/tags?post=284100"}],"curies":[{"name":"wp","href":"https:\/\/api.w.org\/{rel}","templated":true}]}}