{"id":284154,"date":"2022-03-29T05:45:05","date_gmt":"2022-03-29T03:45:05","guid":{"rendered":"https:\/\/www.radiopiu.net\/wordpress\/?p=284154"},"modified":"2022-06-29T22:04:47","modified_gmt":"2022-06-29T20:04:47","slug":"muore-a-17-anni-inutili-le-cure-e-il-ricovero-a-treviso","status":"publish","type":"post","link":"https:\/\/www.radiopiu.net\/wordpress\/muore-a-17-anni-inutili-le-cure-e-il-ricovero-a-treviso\/","title":{"rendered":"MUORE A 17 ANNI, INUTILI LE CURE E IL RICOVERO A TREVISO"},"content":{"rendered":"<p><strong><img loading=\"lazy\" decoding=\"async\" class=\"alignleft\" src=\"https:\/\/www.radiopiu.net\/wordpress\/wp-content\/uploads\/2021\/10\/download-3.jpg\" width=\"186\" height=\"139\" \/>PEDAVENA<\/strong>\u00a0 17 anni ricoverata in ospedale da quindici giorni per un evento cerebrale acuto, \u00e8 morta al Ca&#8217; Foncello di Treviso nella notte di domenica. Una morte inspiegabile, aveva appena completato il quarto anno di &#8220;bio-tecnologia sanitaria&#8221;. Non c&#8217;erano state avvisaglie di sorta. L&#8217;ultimo suo regalo \u00e8 stata la donazione degli organi. L&#8217;evoluzione \u00e8 stata imprevedibile, la giovane si \u00e8 aggravata fino al ricovero in Rianimazione da dove \u00e8 stata trasferita a Treviso. Le esequie dovrebbero essere celebrate venerd\u00ec alle 16.30 nella chiesa arcipretale di Pedavena.<\/p>\n<p>&nbsp;<\/p>\n<p>&nbsp;<\/p>\n<hr \/>\n<p>&nbsp;<\/p>\n","protected":false},"excerpt":{"rendered":"<p>PEDAVENA\u00a0 17 anni ricoverata in ospedale da quindici giorni per un evento cerebrale acuto, \u00e8 morta al Ca&#8217; Foncello di Treviso nella notte di domenica. Una morte inspiegabile, aveva appena completato il quarto anno di &#8220;bio-tecnologia sanitaria&#8221;. Non c&#8217;erano state avvisaglie di sorta. L&#8217;ultimo suo regalo \u00e8 stata la donazione degli organi. L&#8217;evoluzione \u00e8 stata&hellip;<\/p>\n","protected":false},"author":4,"featured_media":240062,"comment_status":"closed","ping_status":"closed","sticky":false,"template":"","format":"standard","meta":{"_monsterinsights_skip_tracking":false,"_monsterinsights_sitenote_active":false,"_monsterinsights_sitenote_note":"","_monsterinsights_sitenote_category":0,"footnotes":""},"categories":[51,49],"tags":[],"class_list":["post-284154","post","type-post","status-publish","format-standard","has-post-thumbnail","hentry","category-evidenza-top","category-news-18","category-51","category-49","description-off"],"img_url":"https:\/\/www.radiopiu.net\/wordpress\/wp-content\/uploads\/2021\/10\/download-3.jpg","_links":{"self":[{"href":"https:\/\/www.radiopiu.net\/wordpress\/wp-json\/wp\/v2\/posts\/284154","targetHints":{"allow":["GET"]}}],"collection":[{"href":"https:\/\/www.radiopiu.net\/wordpress\/wp-json\/wp\/v2\/posts"}],"about":[{"href":"https:\/\/www.radiopiu.net\/wordpress\/wp-json\/wp\/v2\/types\/post"}],"author":[{"embeddable":true,"href":"https:\/\/www.radiopiu.net\/wordpress\/wp-json\/wp\/v2\/users\/4"}],"replies":[{"embeddable":true,"href":"https:\/\/www.radiopiu.net\/wordpress\/wp-json\/wp\/v2\/comments?post=284154"}],"version-history":[{"count":0,"href":"https:\/\/www.radiopiu.net\/wordpress\/wp-json\/wp\/v2\/posts\/284154\/revisions"}],"wp:featuredmedia":[{"embeddable":true,"href":"https:\/\/www.radiopiu.net\/wordpress\/wp-json\/wp\/v2\/media\/240062"}],"wp:attachment":[{"href":"https:\/\/www.radiopiu.net\/wordpress\/wp-json\/wp\/v2\/media?parent=284154"}],"wp:term":[{"taxonomy":"category","embeddable":true,"href":"https:\/\/www.radiopiu.net\/wordpress\/wp-json\/wp\/v2\/categories?post=284154"},{"taxonomy":"post_tag","embeddable":true,"href":"https:\/\/www.radiopiu.net\/wordpress\/wp-json\/wp\/v2\/tags?post=284154"}],"curies":[{"name":"wp","href":"https:\/\/api.w.org\/{rel}","templated":true}]}}