{"id":284167,"date":"2022-06-29T05:42:31","date_gmt":"2022-06-29T03:42:31","guid":{"rendered":"https:\/\/www.radiopiu.net\/wordpress\/?p=284167"},"modified":"2022-06-29T05:47:30","modified_gmt":"2022-06-29T03:47:30","slug":"luxottica-nata-ad-agordo-per-rimanere-ad-agordo","status":"publish","type":"post","link":"https:\/\/www.radiopiu.net\/wordpress\/luxottica-nata-ad-agordo-per-rimanere-ad-agordo\/","title":{"rendered":"LUXOTTICA NATA AD AGORDO PER RIMANERE AD AGORDO"},"content":{"rendered":"<h2><span style=\"color: #ff0000;\">IERI ALLA RADIO<\/span><\/h2>\n<blockquote>\n<h2><\/h2>\n<\/blockquote>\n<p><a class=\"dt-pswp-item\" href=\"https:\/\/www.radiopiu.net\/wordpress\/wp-content\/uploads\/2022\/06\/LUXOTTICA-8-scaled.jpg\" data-dt-img-description=\"\" data-large_image_width=\"2560\" data-large_image_height=\"1776\"><img loading=\"lazy\" decoding=\"async\" class=\"size-thumbnail wp-image-284029 alignleft\" src=\"https:\/\/www.radiopiu.net\/wordpress\/wp-content\/uploads\/2022\/06\/LUXOTTICA-8-150x150.jpg\" alt=\"\" width=\"150\" height=\"150\" \/><\/a>Nel 2015 nel corso del family day il Cavalier Leonardo Del Vecchio ribadi&#8217; a pi\u00f9 riprese un concetto fondamentale per l&#8217;Agordino. &#8220;Ad Agordo c&#8217;\u00e8 il cuore di Luxottica e non verr\u00e0 spostato&#8221;<\/p>\n<p><strong>L&#8217;INTERVISTA, ARCHIVIO RADIOPIU<\/strong><\/p>\n<audio class=\"wp-audio-shortcode\" id=\"audio-284167-1\" preload=\"none\" style=\"width: 100%;\" controls=\"controls\"><source type=\"audio\/mpeg\" src=\"https:\/\/www.radiopiu.net\/wordpress\/wp-content\/uploads\/2022\/06\/Intervista-Del-Vecchio-e-Vian.mp3?_=1\" \/><a href=\"https:\/\/www.radiopiu.net\/wordpress\/wp-content\/uploads\/2022\/06\/Intervista-Del-Vecchio-e-Vian.mp3\">https:\/\/www.radiopiu.net\/wordpress\/wp-content\/uploads\/2022\/06\/Intervista-Del-Vecchio-e-Vian.mp3<\/a><\/audio>\n<p>&nbsp;<\/p>\n<p>&nbsp;<\/p>\n<hr \/>\n<p>&nbsp;<\/p>\n","protected":false},"excerpt":{"rendered":"<p>IERI ALLA RADIO Nel 2015 nel corso del family day il Cavalier Leonardo Del Vecchio ribadi&#8217; a pi\u00f9 riprese un concetto fondamentale per l&#8217;Agordino. &#8220;Ad Agordo c&#8217;\u00e8 il cuore di Luxottica e non verr\u00e0 spostato&#8221; L&#8217;INTERVISTA, ARCHIVIO RADIOPIU &nbsp; &nbsp; &nbsp;<\/p>\n","protected":false},"author":4,"featured_media":284028,"comment_status":"closed","ping_status":"closed","sticky":false,"template":"","format":"standard","meta":{"_monsterinsights_skip_tracking":false,"_monsterinsights_sitenote_active":false,"_monsterinsights_sitenote_note":"","_monsterinsights_sitenote_category":0,"footnotes":""},"categories":[51,49],"tags":[],"class_list":["post-284167","post","type-post","status-publish","format-standard","has-post-thumbnail","hentry","category-evidenza-top","category-news-18","category-51","category-49","description-off"],"img_url":"https:\/\/www.radiopiu.net\/wordpress\/wp-content\/uploads\/2022\/06\/LUXOTTICA-7-scaled.jpg","_links":{"self":[{"href":"https:\/\/www.radiopiu.net\/wordpress\/wp-json\/wp\/v2\/posts\/284167","targetHints":{"allow":["GET"]}}],"collection":[{"href":"https:\/\/www.radiopiu.net\/wordpress\/wp-json\/wp\/v2\/posts"}],"about":[{"href":"https:\/\/www.radiopiu.net\/wordpress\/wp-json\/wp\/v2\/types\/post"}],"author":[{"embeddable":true,"href":"https:\/\/www.radiopiu.net\/wordpress\/wp-json\/wp\/v2\/users\/4"}],"replies":[{"embeddable":true,"href":"https:\/\/www.radiopiu.net\/wordpress\/wp-json\/wp\/v2\/comments?post=284167"}],"version-history":[{"count":0,"href":"https:\/\/www.radiopiu.net\/wordpress\/wp-json\/wp\/v2\/posts\/284167\/revisions"}],"wp:featuredmedia":[{"embeddable":true,"href":"https:\/\/www.radiopiu.net\/wordpress\/wp-json\/wp\/v2\/media\/284028"}],"wp:attachment":[{"href":"https:\/\/www.radiopiu.net\/wordpress\/wp-json\/wp\/v2\/media?parent=284167"}],"wp:term":[{"taxonomy":"category","embeddable":true,"href":"https:\/\/www.radiopiu.net\/wordpress\/wp-json\/wp\/v2\/categories?post=284167"},{"taxonomy":"post_tag","embeddable":true,"href":"https:\/\/www.radiopiu.net\/wordpress\/wp-json\/wp\/v2\/tags?post=284167"}],"curies":[{"name":"wp","href":"https:\/\/api.w.org\/{rel}","templated":true}]}}