{"id":284200,"date":"2022-06-29T10:02:19","date_gmt":"2022-06-29T08:02:19","guid":{"rendered":"https:\/\/www.radiopiu.net\/wordpress\/?p=284200"},"modified":"2022-06-29T10:02:19","modified_gmt":"2022-06-29T08:02:19","slug":"anche-a-cencenighe-proclamato-il-lutto-cittadino-per-domani","status":"publish","type":"post","link":"https:\/\/www.radiopiu.net\/wordpress\/anche-a-cencenighe-proclamato-il-lutto-cittadino-per-domani\/","title":{"rendered":"ANCHE A CENCENIGHE PROCLAMATO IL LUTTO CITTADINO PER DOMANI"},"content":{"rendered":"<p><strong>CENCENIGHE<\/strong> L&#8217;amministrazione comunale di Cencenighe dove ha sede uno degli\u00a0 stabilimenti Luxottica ha proclamato\u00a0 il lutto cittadino in concomitanza con la celebrazione delle esequie del Cavaliere Leonardo Del Vecchio, in segno di cordoglio per la sua scomparsa, unendosi in tal modo al dolore dei familiari tutti, del personale dipendente e dell\u2019intera Comunit\u00e0 di Cencenighe Agordino; SOSPENSIONE di tutte le manifestazioni pubbliche eventualmente programmate per il giorno di gioved\u00ec 30 giugno 2022; INVITO ai \u00a0titolari di attivit\u00e0 commerciali, le organizzazioni politiche, sociali e produttive e le associazioni locali, ad esprimere la loro partecipazione al lutto cittadino mediante la sospensione delle attivit\u00e0 o, in caso di impossibilit\u00e0, nella forma ritenuta pi\u00f9 consona a manifestare l&#8217;adesione al cordoglio della comunit\u00e0, in segno di raccoglimento e rispetto durante la celebrazione delle esequie, dalle ore 11:30 di gioved\u00ec 30 giugno 2022, fino al termine della cerimonia funebre.<\/p>\n<p>&nbsp;<\/p>\n<hr \/>\n<p>&nbsp;<\/p>\n","protected":false},"excerpt":{"rendered":"<p>CENCENIGHE L&#8217;amministrazione comunale di Cencenighe dove ha sede uno degli\u00a0 stabilimenti Luxottica ha proclamato\u00a0 il lutto cittadino in concomitanza con la celebrazione delle esequie del Cavaliere Leonardo Del Vecchio, in segno di cordoglio per la sua scomparsa, unendosi in tal modo al dolore dei familiari tutti, del personale dipendente e dell\u2019intera Comunit\u00e0 di Cencenighe Agordino;&hellip;<\/p>\n","protected":false},"author":4,"featured_media":43253,"comment_status":"closed","ping_status":"closed","sticky":false,"template":"","format":"standard","meta":{"_monsterinsights_skip_tracking":false,"_monsterinsights_sitenote_active":false,"_monsterinsights_sitenote_note":"","_monsterinsights_sitenote_category":0,"footnotes":""},"categories":[51,49],"tags":[],"class_list":["post-284200","post","type-post","status-publish","format-standard","has-post-thumbnail","hentry","category-evidenza-top","category-news-18","category-51","category-49","description-off"],"img_url":"https:\/\/www.radiopiu.net\/wordpress\/wp-content\/uploads\/2018\/02\/LUX-CENCENGIHE.jpg","_links":{"self":[{"href":"https:\/\/www.radiopiu.net\/wordpress\/wp-json\/wp\/v2\/posts\/284200","targetHints":{"allow":["GET"]}}],"collection":[{"href":"https:\/\/www.radiopiu.net\/wordpress\/wp-json\/wp\/v2\/posts"}],"about":[{"href":"https:\/\/www.radiopiu.net\/wordpress\/wp-json\/wp\/v2\/types\/post"}],"author":[{"embeddable":true,"href":"https:\/\/www.radiopiu.net\/wordpress\/wp-json\/wp\/v2\/users\/4"}],"replies":[{"embeddable":true,"href":"https:\/\/www.radiopiu.net\/wordpress\/wp-json\/wp\/v2\/comments?post=284200"}],"version-history":[{"count":0,"href":"https:\/\/www.radiopiu.net\/wordpress\/wp-json\/wp\/v2\/posts\/284200\/revisions"}],"wp:featuredmedia":[{"embeddable":true,"href":"https:\/\/www.radiopiu.net\/wordpress\/wp-json\/wp\/v2\/media\/43253"}],"wp:attachment":[{"href":"https:\/\/www.radiopiu.net\/wordpress\/wp-json\/wp\/v2\/media?parent=284200"}],"wp:term":[{"taxonomy":"category","embeddable":true,"href":"https:\/\/www.radiopiu.net\/wordpress\/wp-json\/wp\/v2\/categories?post=284200"},{"taxonomy":"post_tag","embeddable":true,"href":"https:\/\/www.radiopiu.net\/wordpress\/wp-json\/wp\/v2\/tags?post=284200"}],"curies":[{"name":"wp","href":"https:\/\/api.w.org\/{rel}","templated":true}]}}