{"id":284204,"date":"2022-06-30T05:33:43","date_gmt":"2022-06-30T03:33:43","guid":{"rendered":"https:\/\/www.radiopiu.net\/wordpress\/?p=284204"},"modified":"2022-06-30T05:45:07","modified_gmt":"2022-06-30T03:45:07","slug":"camera-ardente-e-funerali-di-leonardo-del-vecchio-tutte-le-informazioni-per-raggiungere-il-palaluxottica","status":"publish","type":"post","link":"https:\/\/www.radiopiu.net\/wordpress\/camera-ardente-e-funerali-di-leonardo-del-vecchio-tutte-le-informazioni-per-raggiungere-il-palaluxottica\/","title":{"rendered":"CAMERA ARDENTE E FUNERALI DI LEONARDO DEL VECCHIO. TUTTE LE INFORMAZIONI PER RAGGIUNGERE IL PALALUXOTTICA"},"content":{"rendered":"<p><strong><a class=\"dt-pswp-item\" href=\"https:\/\/www.radiopiu.net\/wordpress\/wp-content\/uploads\/2022\/06\/LUXOTTICA-LUTTO-1.jpg\" data-dt-img-description=\"\" data-large_image_width=\"1600\" data-large_image_height=\"901\"><img loading=\"lazy\" decoding=\"async\" class=\"size-thumbnail wp-image-284131 alignleft\" src=\"https:\/\/www.radiopiu.net\/wordpress\/wp-content\/uploads\/2022\/06\/LUXOTTICA-LUTTO-1-150x150.jpg\" alt=\"\" width=\"150\" height=\"150\" \/><\/a>AGORDO<\/strong> Sul sito di EssilorLuxottica sono state aggiornate le modalit\u00e0 per l&#8217;ultimo saluto al Presidente Leonardo Del Vecchio.<\/p>\n<p><strong>LA CAMERA ARDENTE<\/strong><\/p>\n<p>La camera ardente sar\u00e0 allestita presso il PalaLuxottica, rimarr\u00e0 aperta non-stop\u00a0<strong>da oggi alle 13:00 fino a domani alle 6:00<\/strong>. L\u2019ingresso sar\u00e0 libero e aperto a tutti. L\u2019azienda mette a disposizione delle navette per trasportare i dipendenti verso il PalaLuxottica. Per chiunque desideri tributare un ultimo omaggio al Presidente, \u00e8 possibile recarsi in uno dei parcheggi dello stabilimento di Agordo. Per il rientro, sempre con una navetta, sar\u00e0 possibile ritornare al parcheggio. Le navette saranno attive dalle 12:30 alle 00:00.<\/p>\n<p><strong>I FUNERALI AL PALALUXOTTICA<\/strong><\/p>\n<p>La cerimonia sar\u00e0 celebrata gioved\u00ec 30 giugno alle ore 11:30 presso il PalaLuxottica, con afflusso consentito tra le 8:15 e le 10:00. L\u2019azienda mette a disposizione dei transfer per trasportare i dipendenti verso il PalaLuxottica. Al PalaLuxottica saranno presenti parcheggi esclusivamente per disabili e gestanti. Si ricorda che \u00e8\u00a0obbligatorio l\u2019uso della mascherina FFP2\u00a0per l\u2019intera durata della celebrazione.<\/p>\n<p>L&#8217;azienda ricorda che le navette sono gratuite e che possono usufruire del servizio anche parenti e\/o amici dei dipendenti.<\/p>\n<p><strong>LE MAPPE PER RAGGIUNGERE IL PALALUXOTTICA<\/strong><\/p>\n<p>Per consultare la mappa\/piantina cliccare sulla scritta interessata<\/p>\n<p><a href=\"https:\/\/www.essilorluxottica.com\/sites\/default\/files\/PiantinaBL.pdf\">PIANTINA DI BELLUNO<\/a><\/p>\n<p><a href=\"https:\/\/www.essilorluxottica.com\/sites\/default\/files\/mappa_agordo.pdf\">MAPPA DI AGORDO<\/a><\/p>\n<p><a href=\"https:\/\/www.essilorluxottica.com\/sites\/default\/files\/piantina_Taibon.pdf\">PIANTINA DI TAIBON<\/a><\/p>\n<p><a href=\"https:\/\/www.essilorluxottica.com\/sites\/default\/files\/Piantina%20FELTRE.pdf\">PIANTINA DI FELTRE<\/a><\/p>\n<p><a href=\"https:\/\/www.essilorluxottica.com\/sites\/default\/files\/Fiera.pdf\">PIANTINA DI FIERA DI PRIMIERO<\/a><\/p>\n<p><a href=\"https:\/\/www.essilorluxottica.com\/sites\/default\/files\/CAPRILE_FALCADE.pdf\">PIANTINA CAPRILE\/FALCADE<\/a><\/p>\n<p>&nbsp;<\/p>\n<p>&nbsp;<\/p>\n<p>******<\/p>\n","protected":false},"excerpt":{"rendered":"<p>AGORDO Sul sito di EssilorLuxottica sono state aggiornate le modalit\u00e0 per l&#8217;ultimo saluto al Presidente Leonardo Del Vecchio. LA CAMERA ARDENTE La camera ardente sar\u00e0 allestita presso il PalaLuxottica, rimarr\u00e0 aperta non-stop\u00a0da oggi alle 13:00 fino a domani alle 6:00. L\u2019ingresso sar\u00e0 libero e aperto a tutti. L\u2019azienda mette a disposizione delle navette per trasportare&hellip;<\/p>\n","protected":false},"author":4,"featured_media":284131,"comment_status":"closed","ping_status":"closed","sticky":false,"template":"","format":"standard","meta":{"_monsterinsights_skip_tracking":false,"_monsterinsights_sitenote_active":false,"_monsterinsights_sitenote_note":"","_monsterinsights_sitenote_category":0,"footnotes":""},"categories":[51,49],"tags":[],"class_list":["post-284204","post","type-post","status-publish","format-standard","has-post-thumbnail","hentry","category-evidenza-top","category-news-18","category-51","category-49","description-off"],"img_url":"https:\/\/www.radiopiu.net\/wordpress\/wp-content\/uploads\/2022\/06\/LUXOTTICA-LUTTO-1.jpg","_links":{"self":[{"href":"https:\/\/www.radiopiu.net\/wordpress\/wp-json\/wp\/v2\/posts\/284204","targetHints":{"allow":["GET"]}}],"collection":[{"href":"https:\/\/www.radiopiu.net\/wordpress\/wp-json\/wp\/v2\/posts"}],"about":[{"href":"https:\/\/www.radiopiu.net\/wordpress\/wp-json\/wp\/v2\/types\/post"}],"author":[{"embeddable":true,"href":"https:\/\/www.radiopiu.net\/wordpress\/wp-json\/wp\/v2\/users\/4"}],"replies":[{"embeddable":true,"href":"https:\/\/www.radiopiu.net\/wordpress\/wp-json\/wp\/v2\/comments?post=284204"}],"version-history":[{"count":0,"href":"https:\/\/www.radiopiu.net\/wordpress\/wp-json\/wp\/v2\/posts\/284204\/revisions"}],"wp:featuredmedia":[{"embeddable":true,"href":"https:\/\/www.radiopiu.net\/wordpress\/wp-json\/wp\/v2\/media\/284131"}],"wp:attachment":[{"href":"https:\/\/www.radiopiu.net\/wordpress\/wp-json\/wp\/v2\/media?parent=284204"}],"wp:term":[{"taxonomy":"category","embeddable":true,"href":"https:\/\/www.radiopiu.net\/wordpress\/wp-json\/wp\/v2\/categories?post=284204"},{"taxonomy":"post_tag","embeddable":true,"href":"https:\/\/www.radiopiu.net\/wordpress\/wp-json\/wp\/v2\/tags?post=284204"}],"curies":[{"name":"wp","href":"https:\/\/api.w.org\/{rel}","templated":true}]}}