{"id":284228,"date":"2022-06-29T15:41:48","date_gmt":"2022-06-29T13:41:48","guid":{"rendered":"https:\/\/www.radiopiu.net\/wordpress\/?p=284228"},"modified":"2022-06-29T16:11:38","modified_gmt":"2022-06-29T14:11:38","slug":"applausolib","status":"publish","type":"post","link":"https:\/\/www.radiopiu.net\/wordpress\/applausolib\/","title":{"rendered":"AD AGORDO ACCOLTO DA DUE ALI DI FOLLA, L&#8217;APPLAUSO DI PIAZZA LIBERTA&#8217;"},"content":{"rendered":"<blockquote><p><em> &#8220;Se le capita lo scriva, io questa mattina mi sono svegliata con la sensazione di aver perso un angelo custode, per noi Leonardo Del Vecchio \u00e8 stato questo&#8221; <\/em>.<\/p><\/blockquote>\n<p><strong>AGORDO<\/strong>\u00a0 Gente tanta, tanta davvero. Lo hanno atteso alle 12 e tra un battito e l&#8217;altro delle campane dell&#8217;Arcidiaconale ed \u00e8 stato applauso fiume. Uomini, donne, bambini, anziani, dipendenti\u00a0 Luxottica, ex dipendenti, ma anche molto altri estranei al mondo Luxottica, che conoscono la storia, che sapranno tramandare ai loro figli la figura di Leonardo Del Vecchio. Passato il centro il carro funebre ha imboccato la strada per Tamonich, parcheggio &#8220;Peppino Impastato&#8221;, l&#8217;arteria che corre parallela allo stabilimento &#8220;madre&#8221; la sua creatura azzurra e,\u00a0 che lascia intravvedere Palazzo De Manzoni, altro angolo del Comune di Agordo,\u00a0 che il Cavaliere ha tenuto per tanto tempo nel cuore. E gi\u00f9 per la piana dei Mogn fino al PalaLuxottica, quella struttura fortemente voluta da Luigi Francavilla, necessaria per i grandi eventi dell&#8217;azienda, ma anche per la comunit\u00e0. Un altro regalo a due stelle, quelle del primo marchio che non si scorda mai. Ad attendere il feretro i parenti pi\u00f9 cari, gli amici di famiglia, i dirigenti, giovani o dai capelli bianchi. Intanto il parcheggio di Tamonich si \u00e8 riempito di gente, di magliette azzurre ovvero la &#8220;divisa&#8221; d&#8217;ordinanza e tante rose poi depositate accanto alle spoglie di Leonardo Del Vecchio. Poco dopo le 13 l&#8217;apertura della camera ardente dove domani mattina alle 11.30 si terranno i funerali. E&#8217; l&#8217;inizio di una lunga processione, uomini, donne, bambini, anziani, dipendenti Luxottica, ex dipendenti&#8230;e tutti gli altri desiderosi di sfiorare quell&#8217;uomo visionario, da leggenda, fortificatore delle speranze.\u00a0 Alle 14 Francesco Milleri scende dall&#8217;elicottero in un crescendo di commozione che lo porter\u00e0 ad omaggiare il &#8220;capo&#8221;. La camera ardente rimarr\u00e0 aperta per tutta la notte, domani l&#8217;ultimo saluto.<\/p>\n<div style=\"width: 1200px;\" class=\"wp-video\"><video class=\"wp-video-shortcode\" id=\"video-284228-1\" width=\"1200\" height=\"675\" preload=\"metadata\" controls=\"controls\"><source type=\"video\/mp4\" src=\"https:\/\/www.radiopiu.net\/wordpress\/wp-content\/uploads\/2022\/06\/del-vecchio-ad-agordo.mp4?_=1\" \/><a href=\"https:\/\/www.radiopiu.net\/wordpress\/wp-content\/uploads\/2022\/06\/del-vecchio-ad-agordo.mp4\">https:\/\/www.radiopiu.net\/wordpress\/wp-content\/uploads\/2022\/06\/del-vecchio-ad-agordo.mp4<\/a><\/video><\/div>\n<p>&nbsp;<\/p>\n<p>&nbsp;<\/p>\n<p>*****<\/p>\n","protected":false},"excerpt":{"rendered":"<p>&#8220;Se le capita lo scriva, io questa mattina mi sono svegliata con la sensazione di aver perso un angelo custode, per noi Leonardo Del Vecchio \u00e8 stato questo&#8221; . AGORDO\u00a0 Gente tanta, tanta davvero. Lo hanno atteso alle 12 e tra un battito e l&#8217;altro delle campane dell&#8217;Arcidiaconale ed \u00e8 stato applauso fiume. Uomini, donne,&hellip;<\/p>\n","protected":false},"author":4,"featured_media":284225,"comment_status":"closed","ping_status":"closed","sticky":false,"template":"","format":"standard","meta":{"_monsterinsights_skip_tracking":false,"_monsterinsights_sitenote_active":false,"_monsterinsights_sitenote_note":"","_monsterinsights_sitenote_category":0,"footnotes":""},"categories":[51,49],"tags":[],"class_list":["post-284228","post","type-post","status-publish","format-standard","has-post-thumbnail","hentry","category-evidenza-top","category-news-18","category-51","category-49","description-off"],"img_url":"https:\/\/www.radiopiu.net\/wordpress\/wp-content\/uploads\/2022\/06\/10d1de2c-a0f0-4378-b944-807f5d826039.jpg","_links":{"self":[{"href":"https:\/\/www.radiopiu.net\/wordpress\/wp-json\/wp\/v2\/posts\/284228","targetHints":{"allow":["GET"]}}],"collection":[{"href":"https:\/\/www.radiopiu.net\/wordpress\/wp-json\/wp\/v2\/posts"}],"about":[{"href":"https:\/\/www.radiopiu.net\/wordpress\/wp-json\/wp\/v2\/types\/post"}],"author":[{"embeddable":true,"href":"https:\/\/www.radiopiu.net\/wordpress\/wp-json\/wp\/v2\/users\/4"}],"replies":[{"embeddable":true,"href":"https:\/\/www.radiopiu.net\/wordpress\/wp-json\/wp\/v2\/comments?post=284228"}],"version-history":[{"count":0,"href":"https:\/\/www.radiopiu.net\/wordpress\/wp-json\/wp\/v2\/posts\/284228\/revisions"}],"wp:featuredmedia":[{"embeddable":true,"href":"https:\/\/www.radiopiu.net\/wordpress\/wp-json\/wp\/v2\/media\/284225"}],"wp:attachment":[{"href":"https:\/\/www.radiopiu.net\/wordpress\/wp-json\/wp\/v2\/media?parent=284228"}],"wp:term":[{"taxonomy":"category","embeddable":true,"href":"https:\/\/www.radiopiu.net\/wordpress\/wp-json\/wp\/v2\/categories?post=284228"},{"taxonomy":"post_tag","embeddable":true,"href":"https:\/\/www.radiopiu.net\/wordpress\/wp-json\/wp\/v2\/tags?post=284228"}],"curies":[{"name":"wp","href":"https:\/\/api.w.org\/{rel}","templated":true}]}}