{"id":284263,"date":"2022-06-29T13:22:57","date_gmt":"2022-06-29T11:22:57","guid":{"rendered":"https:\/\/www.radiopiu.net\/wordpress\/?p=284263"},"modified":"2022-06-30T05:49:18","modified_gmt":"2022-06-30T03:49:18","slug":"messa-in-sicurezza-dellabitato-di-villaga-interventi-per-un-milione-di-euro","status":"publish","type":"post","link":"https:\/\/www.radiopiu.net\/wordpress\/messa-in-sicurezza-dellabitato-di-villaga-interventi-per-un-milione-di-euro\/","title":{"rendered":"MESSA IN SICUREZZA DELL&#8217;ABITATO DI VILLAGA. INTERVENTI PER UN MILIONE DI EURO"},"content":{"rendered":"<p><strong><a class=\"dt-pswp-item\" href=\"https:\/\/www.radiopiu.net\/wordpress\/wp-content\/uploads\/2022\/06\/2b0e721d-d3d8-47b0-a9f2-7ca8e48ff823.jpg\" data-dt-img-description=\"\" data-large_image_width=\"1024\" data-large_image_height=\"768\"><img loading=\"lazy\" decoding=\"async\" class=\"size-thumbnail wp-image-284264 alignleft\" src=\"https:\/\/www.radiopiu.net\/wordpress\/wp-content\/uploads\/2022\/06\/2b0e721d-d3d8-47b0-a9f2-7ca8e48ff823-150x150.jpg\" alt=\"\" width=\"150\" height=\"150\" \/><\/a>FELTRE<\/strong> Taglio del nastro oggi, a Villaga, per il complesso di interventi di messa in sicurezza dell\u2019abitato messo in campo dalla Provincia di Belluno. Si tratta del primo stralcio, dal valore di 1 milione di euro, che ha visto la realizzazione di un canale di scarico che convoglia le acque meteoriche provenienti dal versante del Monte Tomatico, impedendo che inneschino colate di fango fino a invadere la frazione feltrina. \u00abCon questo primo stralcio, mettiamo in sicurezza le case e gli abitanti\u00bb commenta il consigliere provinciale delegato alla Difesa del Suolo, Mattia Gosetti. \u00ab\u00c8 un investimento importante che serve a garantire vivibilit\u00e0 a una delle aree che eventi meteo recenti hanno rivelato pi\u00f9 fragili\u00bb.<br \/>\n<strong>IL PROBLEMA<\/strong><br \/>\nIl dissesto di Villaga infatti ha avuto origine qualche anno fa. Nella serata del 13 ottobre 2014 si \u00e8 verificato un evento di colata rapida dalle pendici del Monte Tomatico che ha mobilitato circa 20.000 metri cubi di materiale detritico. La colata si \u00e8 riversata a valle depositandosi su prati, boschi e superfici coltivate, abitazioni e strade comunali. Massi di notevoli dimensioni si sono arrestati in prossimit\u00e0 delle case.<br \/>\nLa Provincia e il Comune hanno eseguito interventi in somma urgenza per mitigare il rischio idrogeologico. Tuttavia il 4 e 5 novembre 2014 si \u00e8 verificata una nuova colata che ha fatto capire quanto fosse importante un intervento di sistemazione definitiva del corso d&#8217;acqua, che \u00e8 in secca per tutto l&#8217;anno, ma assume un carattere torrentizio preoccupante in occasione di eventi meteorologici significativi che stanno diventando sempre pi\u00f9 frequenti. \u00c8 stato quindi redatto un progetto definitivo del valore di 3,5 milioni di euro.<br \/>\n<strong>GLI INTERVENTI<\/strong><br \/>\nI lavori fin qui realizzati riguardano il primo stralcio funzionale, di importo pari a 1 milione di euro, con lo scopo di preservare l\u2019abitato di Villaga. Sono sei le opere, tutte orientate alla realizzazione di un canale di scarico per il recapito sicuro delle acque meteoriche. L\u2019obiettivo \u00e8 quello di intercettare l\u2019acqua prima che possa erodere il terreno e convogliarla fino allo scarico naturale nel rio Aurich, a valle dell\u2019abitato:<br \/>\n1. pulizia, protezione e rivestimento con massi ciclopici di sponde e argini a monte del guado a quota 440 metri sul livello del mare;<br \/>\n2. riprofilatura del guado per ottenere un adeguato franco idraulico e realizzazione di un pennello in destra idrografica a protezione delle abitazioni sottostanti;<br \/>\n3. allargamento della vasca di accumulo realizzata in somma urgenza fino alla capienza di 5.000 metri cubi, con una briglia in testa e 4 salti trasversali da circa 2 metri di altezza realizzati con massi ciclopici squadrati. Quest&#8217;opera dovrebbe essere in grado di contenere quasi per intero la componente solida della colata;<br \/>\n4. costruzione di un canale di scarico per il recapito sicuro delle acque meteoriche nel sottostante pendio a valle di via Villaga, lasciando successivamente il libero deflusso superficiale delle acque, per un tragitto di circa 200 metri, prima del naturale compluvio nel rio Aurich;<br \/>\n5. realizzazione di una vasca di dissipazione in calcestruzzo armato con briglia selettiva;<br \/>\n6. per consentire l&#8217;attraversamento di via Barucce e della strada comunale sono stati messi in opera dei manufatti prefabbricati in cemento armato. I lavori sono stati aggiudicati all\u2019impresa Ipogeo di Seren del Grappa. Il 5 e il 6 dicembre 2020, durante la costruzione del canale, si \u00e8 innescata una nuova colata che ha investito gli scavi producendo danni ai lavori, ai quali si \u00e8 rimediato con il riutilizzo del ribasso d\u2019asta.<br \/>\n<strong>PROSSIME OPERAZIONI<\/strong><br \/>\nIl secondo stralcio, previsto nel 2024, prevede l\u2019ulteriore allargamento della vasca di accumulo e la realizzazione di una briglia selettiva.<br \/>\n\u00abL\u2019obiettivo \u00e8 sempre quello di sistemare le criticit\u00e0 di natura idrogeologica, che purtroppo sono tante\u00bb commenta il presidente della Provincia, Roberto Padrin. \u00abMettere in sicurezza il territorio, specialmente dopo le conseguenze di Vaia, rimane la priorit\u00e0\u00bb.<\/p>\n<p>&nbsp;<\/p>\n<p>&nbsp;<\/p>\n<p>******<\/p>\n","protected":false},"excerpt":{"rendered":"<p>FELTRE Taglio del nastro oggi, a Villaga, per il complesso di interventi di messa in sicurezza dell\u2019abitato messo in campo dalla Provincia di Belluno. Si tratta del primo stralcio, dal valore di 1 milione di euro, che ha visto la realizzazione di un canale di scarico che convoglia le acque meteoriche provenienti dal versante del&hellip;<\/p>\n","protected":false},"author":4,"featured_media":284264,"comment_status":"closed","ping_status":"closed","sticky":false,"template":"","format":"standard","meta":{"_monsterinsights_skip_tracking":false,"_monsterinsights_sitenote_active":false,"_monsterinsights_sitenote_note":"","_monsterinsights_sitenote_category":0,"footnotes":""},"categories":[51,49],"tags":[],"class_list":["post-284263","post","type-post","status-publish","format-standard","has-post-thumbnail","hentry","category-evidenza-top","category-news-18","category-51","category-49","description-off"],"img_url":"https:\/\/www.radiopiu.net\/wordpress\/wp-content\/uploads\/2022\/06\/2b0e721d-d3d8-47b0-a9f2-7ca8e48ff823.jpg","_links":{"self":[{"href":"https:\/\/www.radiopiu.net\/wordpress\/wp-json\/wp\/v2\/posts\/284263","targetHints":{"allow":["GET"]}}],"collection":[{"href":"https:\/\/www.radiopiu.net\/wordpress\/wp-json\/wp\/v2\/posts"}],"about":[{"href":"https:\/\/www.radiopiu.net\/wordpress\/wp-json\/wp\/v2\/types\/post"}],"author":[{"embeddable":true,"href":"https:\/\/www.radiopiu.net\/wordpress\/wp-json\/wp\/v2\/users\/4"}],"replies":[{"embeddable":true,"href":"https:\/\/www.radiopiu.net\/wordpress\/wp-json\/wp\/v2\/comments?post=284263"}],"version-history":[{"count":0,"href":"https:\/\/www.radiopiu.net\/wordpress\/wp-json\/wp\/v2\/posts\/284263\/revisions"}],"wp:featuredmedia":[{"embeddable":true,"href":"https:\/\/www.radiopiu.net\/wordpress\/wp-json\/wp\/v2\/media\/284264"}],"wp:attachment":[{"href":"https:\/\/www.radiopiu.net\/wordpress\/wp-json\/wp\/v2\/media?parent=284263"}],"wp:term":[{"taxonomy":"category","embeddable":true,"href":"https:\/\/www.radiopiu.net\/wordpress\/wp-json\/wp\/v2\/categories?post=284263"},{"taxonomy":"post_tag","embeddable":true,"href":"https:\/\/www.radiopiu.net\/wordpress\/wp-json\/wp\/v2\/tags?post=284263"}],"curies":[{"name":"wp","href":"https:\/\/api.w.org\/{rel}","templated":true}]}}