{"id":284302,"date":"2022-06-29T16:52:19","date_gmt":"2022-06-29T14:52:19","guid":{"rendered":"https:\/\/www.radiopiu.net\/wordpress\/?p=284302"},"modified":"2022-06-29T16:52:19","modified_gmt":"2022-06-29T14:52:19","slug":"quel-nome-e-cognome-sempre-per-sempre","status":"publish","type":"post","link":"https:\/\/www.radiopiu.net\/wordpress\/quel-nome-e-cognome-sempre-per-sempre\/","title":{"rendered":"QUEL NOME E COGNOME, SEMPRE PER SEMPRE"},"content":{"rendered":"<p><a class=\"dt-pswp-item\" href=\"https:\/\/www.radiopiu.net\/wordpress\/wp-content\/uploads\/2022\/06\/Del-Vecchio-Francavilla-salutano-dipendenti-e-ex-dipendenti-scaled.jpg\" data-dt-img-description=\"\" data-large_image_width=\"2560\" data-large_image_height=\"1707\"><img loading=\"lazy\" decoding=\"async\" class=\"size-thumbnail wp-image-283897 alignleft\" src=\"https:\/\/www.radiopiu.net\/wordpress\/wp-content\/uploads\/2022\/06\/Del-Vecchio-Francavilla-salutano-dipendenti-e-ex-dipendenti-150x150.jpg\" alt=\"\" width=\"150\" height=\"150\" \/><\/a><strong>REDAZIONE<\/strong> Riceviamo e volentieri pubblichiamo un pensiero di un nostro ascoltatore<\/p>\n<p><strong>di Manuel Selle<\/strong><\/p>\n<p>Leonardo Del Vecchio<br \/>\nUn nome ed un cognome che rimarranno immortali e per sempre impressi nella storia. Considerato da molti come un pap\u00e0, anzich\u00e9 come un semplice datore di lavoro, si spegne e lascia un vuoto nei cuori di molti abitanti dell\u2019Agordino. Un\u2019intera vallata, e non solo, trema e non conosce quale sar\u00e0 il suo destino. \u00c8 un momento che prima o poi sarebbe arrivato, si sa, eppure provoca un profondo dolore. Quel nome e quel cognome sono sinonimi di un lavoratore che \u00e8 partito dal basso e ha costruito un impero: ha fondato non solo un marchio prestigioso e conosciuto in tutto il mondo, bens\u00ec \u00e8 stato artefice dello sviluppo economico della nostra Vallata Agordina. Una vallata dalla quale lui \u00e8 partito, in cui ha lasciato un pezzo di cuore per poi compiere un viaggio di vita straordinario e scegliere di tornare per chiudere il proprio cerchio. Leonardo Del Vecchio non \u00e8 stato solo un grande imprenditore, bens\u00ec il Padre di tutti gli Agordini. Un nome ed un cognome che rimarranno per sempre impressi nella nostra memoria ed ai quali dobbiamo tanto.<br \/>\nGrazie Leonardo, l\u2019augurio pi\u00f9 grande \u00e8 che ora possa riposare in pace.<\/p>\n<p>&nbsp;<\/p>\n<p>&nbsp;<\/p>\n<p>*****<\/p>\n","protected":false},"excerpt":{"rendered":"<p>REDAZIONE Riceviamo e volentieri pubblichiamo un pensiero di un nostro ascoltatore di Manuel Selle Leonardo Del Vecchio Un nome ed un cognome che rimarranno immortali e per sempre impressi nella storia. Considerato da molti come un pap\u00e0, anzich\u00e9 come un semplice datore di lavoro, si spegne e lascia un vuoto nei cuori di molti abitanti&hellip;<\/p>\n","protected":false},"author":4,"featured_media":283897,"comment_status":"closed","ping_status":"closed","sticky":false,"template":"","format":"standard","meta":{"_monsterinsights_skip_tracking":false,"_monsterinsights_sitenote_active":false,"_monsterinsights_sitenote_note":"","_monsterinsights_sitenote_category":0,"footnotes":""},"categories":[49],"tags":[],"class_list":["post-284302","post","type-post","status-publish","format-standard","has-post-thumbnail","hentry","category-news-18","category-49","description-off"],"img_url":"https:\/\/www.radiopiu.net\/wordpress\/wp-content\/uploads\/2022\/06\/Del-Vecchio-Francavilla-salutano-dipendenti-e-ex-dipendenti-scaled.jpg","_links":{"self":[{"href":"https:\/\/www.radiopiu.net\/wordpress\/wp-json\/wp\/v2\/posts\/284302","targetHints":{"allow":["GET"]}}],"collection":[{"href":"https:\/\/www.radiopiu.net\/wordpress\/wp-json\/wp\/v2\/posts"}],"about":[{"href":"https:\/\/www.radiopiu.net\/wordpress\/wp-json\/wp\/v2\/types\/post"}],"author":[{"embeddable":true,"href":"https:\/\/www.radiopiu.net\/wordpress\/wp-json\/wp\/v2\/users\/4"}],"replies":[{"embeddable":true,"href":"https:\/\/www.radiopiu.net\/wordpress\/wp-json\/wp\/v2\/comments?post=284302"}],"version-history":[{"count":0,"href":"https:\/\/www.radiopiu.net\/wordpress\/wp-json\/wp\/v2\/posts\/284302\/revisions"}],"wp:featuredmedia":[{"embeddable":true,"href":"https:\/\/www.radiopiu.net\/wordpress\/wp-json\/wp\/v2\/media\/283897"}],"wp:attachment":[{"href":"https:\/\/www.radiopiu.net\/wordpress\/wp-json\/wp\/v2\/media?parent=284302"}],"wp:term":[{"taxonomy":"category","embeddable":true,"href":"https:\/\/www.radiopiu.net\/wordpress\/wp-json\/wp\/v2\/categories?post=284302"},{"taxonomy":"post_tag","embeddable":true,"href":"https:\/\/www.radiopiu.net\/wordpress\/wp-json\/wp\/v2\/tags?post=284302"}],"curies":[{"name":"wp","href":"https:\/\/api.w.org\/{rel}","templated":true}]}}